{"id":32333,"date":"2026-01-21T08:55:21","date_gmt":"2026-01-21T07:55:21","guid":{"rendered":"https:\/\/www.caudete.org\/ayuntamiento\/?p=32333"},"modified":"2026-01-21T10:32:26","modified_gmt":"2026-01-21T09:32:26","slug":"las-inhumaciones-en-2025-bajaron-hasta-las-68-la-cifra-mas-baja-de-los-ultimos-8-anos","status":"publish","type":"post","link":"https:\/\/www.caudete.org\/ayuntamiento\/las-inhumaciones-en-2025-bajaron-hasta-las-68-la-cifra-mas-baja-de-los-ultimos-8-anos\/","title":{"rendered":"Las inhumaciones en 2025 bajaron hasta las 68, la cifra m\u00e1s baja de los \u00faltimos 8 a\u00f1os"},"content":{"rendered":"<p style=\"text-align: justify;\"><span style=\"color: #000000;\">El Concejal Mois\u00e9s L\u00f3pez, responsable del servicio de Cementerio, ha dado a conocer esta ma\u00f1ana la estad\u00edstica que anualmente publica el Consistorio sobre la gesti\u00f3n del a\u00f1o 2025 realizada por el Departamento de Cementerio, mostrando la comparativa que desde 2018 se viene haciendo p\u00fablica, momento en el cual la actual Ordenanza Reguladora del recinto establece la ejecuci\u00f3n de la medici\u00f3n.<\/span><\/p>\n<p style=\"text-align: justify;\"><span style=\"color: #000000;\">Si el a\u00f1o anterior, el 2024, se cerraba con el mayor descenso de inhumaciones practicadas en los 7 a\u00f1os de registro, el reciente ejercicio cerrado de 2025 bate r\u00e9cord, y se sit\u00faa en la cifra m\u00e1s baja registrada de los \u00faltimos 8 a\u00f1os, con 68 inhumaciones, lo que supone un 24% menos que la media interanual (fijada en 90 para el periodo 2018-2025), la cual baja hasta 3 puntos (respecto al periodo 2018-2024).<\/span><\/p>\n<p style=\"text-align: justify;\"><a href=\"https:\/\/www.caudete.org\/ayuntamiento\/wp-content\/uploads\/2026\/01\/2025-TOTAL-INHUMACIONES-TABLA-e1768982104862.jpg\" rel='prettyPhoto'><img fetchpriority=\"high\" decoding=\"async\" class=\"aligncenter wp-image-32334 size-full\" src=\"https:\/\/www.caudete.org\/ayuntamiento\/wp-content\/uploads\/2026\/01\/2025-TOTAL-INHUMACIONES-TABLA-e1768982104862.jpg\" alt=\"\" width=\"983\" height=\"312\" srcset=\"https:\/\/www.caudete.org\/ayuntamiento\/wp-content\/uploads\/2026\/01\/2025-TOTAL-INHUMACIONES-TABLA-e1768982104862.jpg 983w, https:\/\/www.caudete.org\/ayuntamiento\/wp-content\/uploads\/2026\/01\/2025-TOTAL-INHUMACIONES-TABLA-e1768982104862-350x111.jpg 350w, https:\/\/www.caudete.org\/ayuntamiento\/wp-content\/uploads\/2026\/01\/2025-TOTAL-INHUMACIONES-TABLA-e1768982104862-768x244.jpg 768w\" sizes=\"(max-width: 983px) 100vw, 983px\" \/><\/a><\/p>\n<p style=\"text-align: justify;\"><a href=\"https:\/\/www.caudete.org\/ayuntamiento\/wp-content\/uploads\/2026\/01\/2025-inhumaciones-realizadas.jpg\" rel='prettyPhoto'><img decoding=\"async\" class=\"aligncenter wp-image-32336 size-full\" src=\"https:\/\/www.caudete.org\/ayuntamiento\/wp-content\/uploads\/2026\/01\/2025-inhumaciones-realizadas-e1768982298574.jpg\" alt=\"\" width=\"1000\" height=\"577\" srcset=\"https:\/\/www.caudete.org\/ayuntamiento\/wp-content\/uploads\/2026\/01\/2025-inhumaciones-realizadas-e1768982298574.jpg 1000w, https:\/\/www.caudete.org\/ayuntamiento\/wp-content\/uploads\/2026\/01\/2025-inhumaciones-realizadas-e1768982298574-350x202.jpg 350w, https:\/\/www.caudete.org\/ayuntamiento\/wp-content\/uploads\/2026\/01\/2025-inhumaciones-realizadas-e1768982298574-768x443.jpg 768w\" sizes=\"(max-width: 1000px) 100vw, 1000px\" \/><\/a><span style=\"color: #4f81bd; font-family: georgia, palatino, serif;\"><span style=\"font-size: medium;\"><b>Gr\u00e1fica Intervalo num\u00e9rico Ilustraci\u00f3n TOTAL DE INHUMACIONES REALIZADAS<\/b><\/span><\/span><\/p>\n<hr>\n<p style=\"text-align: justify;\"><span style=\"color: #000000;\">Adem\u00e1s, dicho control estad\u00edstico nos permite tambi\u00e9n conocer p\u00fablicamente a partir de este a\u00f1o tanto los hombres como mujeres difuntos del total registrado (dato no publicado con anterioridad), <\/span><\/p>\n<p style=\"text-align: justify;\"><a href=\"https:\/\/www.caudete.org\/ayuntamiento\/wp-content\/uploads\/2026\/01\/2025-DIFUNTOS-e1768982501599.jpg\" rel='prettyPhoto'><img decoding=\"async\" class=\"aligncenter wp-image-32338 size-full\" src=\"https:\/\/www.caudete.org\/ayuntamiento\/wp-content\/uploads\/2026\/01\/2025-DIFUNTOS-e1768982501599.jpg\" alt=\"\" width=\"1000\" height=\"575\" srcset=\"https:\/\/www.caudete.org\/ayuntamiento\/wp-content\/uploads\/2026\/01\/2025-DIFUNTOS-e1768982501599.jpg 1000w, https:\/\/www.caudete.org\/ayuntamiento\/wp-content\/uploads\/2026\/01\/2025-DIFUNTOS-e1768982501599-350x201.jpg 350w, https:\/\/www.caudete.org\/ayuntamiento\/wp-content\/uploads\/2026\/01\/2025-DIFUNTOS-e1768982501599-768x442.jpg 768w\" sizes=\"(max-width: 1000px) 100vw, 1000px\" \/><\/a><span style=\"color: #4f81bd; font-family: georgia, palatino, serif;\"><span style=\"font-size: medium;\"><b>Gr\u00e1fica Intervalo num\u00e9rico Ilustraci\u00f3n EVOLUCI\u00d3N DIFUNTOS<\/b><\/span><\/span><\/p>\n<hr>\n<p style=\"text-align: justify;\"><span style=\"color: #000000;\">Y como es habitual, se ofrecen los datos mediante gr\u00e1ficas de forma pormenorizada para el modo de inhumaci\u00f3n, tipolog\u00eda de unidad de enterramiento o localizaci\u00f3n en el Cementerio.<\/span><\/p>\n<p style=\"text-align: justify;\"><a href=\"https:\/\/www.caudete.org\/ayuntamiento\/wp-content\/uploads\/2026\/01\/2025-FORMULA-INHUMACION-e1768982703814.jpg\" rel='prettyPhoto'><img loading=\"lazy\" decoding=\"async\" class=\"aligncenter wp-image-32340 size-full\" src=\"https:\/\/www.caudete.org\/ayuntamiento\/wp-content\/uploads\/2026\/01\/2025-FORMULA-INHUMACION-e1768982703814.jpg\" alt=\"\" width=\"1000\" height=\"600\" srcset=\"https:\/\/www.caudete.org\/ayuntamiento\/wp-content\/uploads\/2026\/01\/2025-FORMULA-INHUMACION-e1768982703814.jpg 1000w, https:\/\/www.caudete.org\/ayuntamiento\/wp-content\/uploads\/2026\/01\/2025-FORMULA-INHUMACION-e1768982703814-350x210.jpg 350w, https:\/\/www.caudete.org\/ayuntamiento\/wp-content\/uploads\/2026\/01\/2025-FORMULA-INHUMACION-e1768982703814-768x461.jpg 768w\" sizes=\"(max-width: 1000px) 100vw, 1000px\" \/><\/a><span style=\"color: #4f81bd; font-family: georgia, palatino, serif;\"><span style=\"font-size: medium;\"><b>Gr\u00e1fica Intervalo num\u00e9rico Ilustraci\u00f3n EVOLUCI\u00d3N F\u00d3RMULA DE INHUMACI\u00d3N<\/b><\/span><\/span><\/p>\n<hr>\n<p style=\"text-align: justify;\"><a href=\"https:\/\/www.caudete.org\/ayuntamiento\/wp-content\/uploads\/2026\/01\/2025-TIPOLOGIA-INHUMACION-e1768982843397.jpg\" rel='prettyPhoto'><img loading=\"lazy\" decoding=\"async\" class=\"aligncenter wp-image-32342 size-full\" src=\"https:\/\/www.caudete.org\/ayuntamiento\/wp-content\/uploads\/2026\/01\/2025-TIPOLOGIA-INHUMACION-e1768982843397.jpg\" alt=\"\" width=\"1000\" height=\"610\" srcset=\"https:\/\/www.caudete.org\/ayuntamiento\/wp-content\/uploads\/2026\/01\/2025-TIPOLOGIA-INHUMACION-e1768982843397.jpg 1000w, https:\/\/www.caudete.org\/ayuntamiento\/wp-content\/uploads\/2026\/01\/2025-TIPOLOGIA-INHUMACION-e1768982843397-350x214.jpg 350w, https:\/\/www.caudete.org\/ayuntamiento\/wp-content\/uploads\/2026\/01\/2025-TIPOLOGIA-INHUMACION-e1768982843397-768x468.jpg 768w\" sizes=\"(max-width: 1000px) 100vw, 1000px\" \/><\/a><span style=\"color: #4f81bd; font-family: georgia, palatino, serif;\"><span style=\"font-size: medium;\"><b>Gr\u00e1fica Intervalo num\u00e9rico Ilustraci\u00f3n EVOLUCI\u00d3N TIPOLOG\u00cdA DE INHUMACI\u00d3N<br \/>\n<\/b><\/span><\/span><\/p>\n<hr>\n<p style=\"text-align: justify;\"><a href=\"https:\/\/www.caudete.org\/ayuntamiento\/wp-content\/uploads\/2026\/01\/2025-LOCALIZACION-INHUMACIONES-e1768982963941.jpg\" rel='prettyPhoto'><img loading=\"lazy\" decoding=\"async\" class=\"aligncenter wp-image-32344 size-full\" src=\"https:\/\/www.caudete.org\/ayuntamiento\/wp-content\/uploads\/2026\/01\/2025-LOCALIZACION-INHUMACIONES-e1768982963941.jpg\" alt=\"\" width=\"1000\" height=\"608\" srcset=\"https:\/\/www.caudete.org\/ayuntamiento\/wp-content\/uploads\/2026\/01\/2025-LOCALIZACION-INHUMACIONES-e1768982963941.jpg 1000w, https:\/\/www.caudete.org\/ayuntamiento\/wp-content\/uploads\/2026\/01\/2025-LOCALIZACION-INHUMACIONES-e1768982963941-350x213.jpg 350w, https:\/\/www.caudete.org\/ayuntamiento\/wp-content\/uploads\/2026\/01\/2025-LOCALIZACION-INHUMACIONES-e1768982963941-768x467.jpg 768w\" sizes=\"(max-width: 1000px) 100vw, 1000px\" \/><\/a><br \/>\n<span style=\"color: #4f81bd; font-family: georgia, palatino, serif;\"><span style=\"font-size: medium;\"><b>Ilustraci\u00f3n Intervalo num\u00e9rico Ilustraci\u00f3n LOCALIZACI\u00d3N INHUMACIONES<\/b><\/span><\/span><\/p>\n<hr>\n<p style=\"text-align: justify;\">\n<table id=\"tablepress-3\" class=\"tablepress tablepress-id-3\">\n<thead>\n<tr class=\"row-1\">\n\t<td class=\"column-1\"><\/td><td class=\"column-2\"><\/td><th class=\"column-3\">2025<\/th><th class=\"column-4\">2024<\/th><th class=\"column-5\">2023<\/th><th class=\"column-6\">2022<\/th><th class=\"column-7\">2021<\/th><th class=\"column-8\">2020<\/th><th class=\"column-9\">2019<\/th><th class=\"column-10\">2018<\/th>\n<\/tr>\n<\/thead>\n<tbody class=\"row-striping row-hover\">\n<tr class=\"row-2\">\n\t<td class=\"column-1\">DIFUNTOS<\/td><td class=\"column-2\">Hombres<\/td><td class=\"column-3\">40<\/td><td class=\"column-4\">37<\/td><td class=\"column-5\">52<\/td><td class=\"column-6\">48<\/td><td class=\"column-7\">42<\/td><td class=\"column-8\">49<\/td><td class=\"column-9\">52<\/td><td class=\"column-10\">53<\/td>\n<\/tr>\n<tr class=\"row-3\">\n\t<td class=\"column-1\"><\/td><td class=\"column-2\">Mujeres<\/td><td class=\"column-3\">28<\/td><td class=\"column-4\">41<\/td><td class=\"column-5\">46<\/td><td class=\"column-6\">57<\/td><td class=\"column-7\">37<\/td><td class=\"column-8\">40<\/td><td class=\"column-9\">45<\/td><td class=\"column-10\">58<\/td>\n<\/tr>\n<tr class=\"row-4\">\n\t<td class=\"column-1\"><\/td><td class=\"column-2\">TOTALES<\/td><td class=\"column-3\">68<\/td><td class=\"column-4\">78<\/td><td class=\"column-5\">98<\/td><td class=\"column-6\">105<\/td><td class=\"column-7\">79<\/td><td class=\"column-8\">89<\/td><td class=\"column-9\">97<\/td><td class=\"column-10\">111<\/td>\n<\/tr>\n<tr class=\"row-5\">\n\t<td class=\"column-1\"><\/td><td class=\"column-2\"><\/td><td class=\"column-3\"><\/td><td class=\"column-4\"><\/td><td class=\"column-5\"><\/td><td class=\"column-6\"><\/td><td class=\"column-7\"><\/td><td class=\"column-8\"><\/td><td class=\"column-9\"><\/td><td class=\"column-10\"><\/td>\n<\/tr>\n<tr class=\"row-6\">\n\t<td class=\"column-1\">F\u00d3RMULA<\/td><td class=\"column-2\">Tradicional<\/td><td class=\"column-3\">62<\/td><td class=\"column-4\">67<\/td><td class=\"column-5\">90<\/td><td class=\"column-6\">95<\/td><td class=\"column-7\">73<\/td><td class=\"column-8\">79<\/td><td class=\"column-9\">97<\/td><td class=\"column-10\">104<\/td>\n<\/tr>\n<tr class=\"row-7\">\n\t<td class=\"column-1\"><\/td><td class=\"column-2\">Cenizas<\/td><td class=\"column-3\">6<\/td><td class=\"column-4\">7<\/td><td class=\"column-5\">8<\/td><td class=\"column-6\">10<\/td><td class=\"column-7\">6<\/td><td class=\"column-8\">10<\/td><td class=\"column-9\">0<\/td><td class=\"column-10\">7<\/td>\n<\/tr>\n<tr class=\"row-8\">\n\t<td class=\"column-1\"><\/td><td class=\"column-2\">TOTALES<\/td><td class=\"column-3\">68<\/td><td class=\"column-4\">78<\/td><td class=\"column-5\">98<\/td><td class=\"column-6\">105<\/td><td class=\"column-7\">79<\/td><td class=\"column-8\">89<\/td><td class=\"column-9\">97<\/td><td class=\"column-10\">111<\/td>\n<\/tr>\n<tr class=\"row-9\">\n\t<td class=\"column-1\"><\/td><td class=\"column-2\"><\/td><td class=\"column-3\"><\/td><td class=\"column-4\"><\/td><td class=\"column-5\"><\/td><td class=\"column-6\"><\/td><td class=\"column-7\"><\/td><td class=\"column-8\"><\/td><td class=\"column-9\"><\/td><td class=\"column-10\"><\/td>\n<\/tr>\n<tr class=\"row-10\">\n\t<td class=\"column-1\">TIPOLOG\u00cdA<\/td><td class=\"column-2\">Columbario<\/td><td class=\"column-3\">3<\/td><td class=\"column-4\">3<\/td><td class=\"column-5\">2<\/td><td class=\"column-6\">2<\/td><td class=\"column-7\">0<\/td><td class=\"column-8\">9<\/td><td class=\"column-9\">0<\/td><td class=\"column-10\">1<\/td>\n<\/tr>\n<tr class=\"row-11\">\n\t<td class=\"column-1\"><\/td><td class=\"column-2\">Pante\u00f3n<\/td><td class=\"column-3\">0<\/td><td class=\"column-4\">1<\/td><td class=\"column-5\">1<\/td><td class=\"column-6\">0<\/td><td class=\"column-7\">0<\/td><td class=\"column-8\">2<\/td><td class=\"column-9\">2<\/td><td class=\"column-10\">2<\/td>\n<\/tr>\n<tr class=\"row-12\">\n\t<td class=\"column-1\"><\/td><td class=\"column-2\">Fosa\/Sepultura<\/td><td class=\"column-3\">9<\/td><td class=\"column-4\">9<\/td><td class=\"column-5\">8<\/td><td class=\"column-6\">16<\/td><td class=\"column-7\">14<\/td><td class=\"column-8\">12<\/td><td class=\"column-9\">15<\/td><td class=\"column-10\">15<\/td>\n<\/tr>\n<tr class=\"row-13\">\n\t<td class=\"column-1\"><\/td><td class=\"column-2\">Nicho<\/td><td class=\"column-3\">56<\/td><td class=\"column-4\">61<\/td><td class=\"column-5\">87<\/td><td class=\"column-6\">85<\/td><td class=\"column-7\">65<\/td><td class=\"column-8\">66<\/td><td class=\"column-9\">80<\/td><td class=\"column-10\">93<\/td>\n<\/tr>\n<tr class=\"row-14\">\n\t<td class=\"column-1\"><\/td><td class=\"column-2\">TOTALES<\/td><td class=\"column-3\">68<\/td><td class=\"column-4\">74<\/td><td class=\"column-5\">98<\/td><td class=\"column-6\">105<\/td><td class=\"column-7\">79<\/td><td class=\"column-8\">89<\/td><td class=\"column-9\">97<\/td><td class=\"column-10\">111<\/td>\n<\/tr>\n<tr class=\"row-15\">\n\t<td class=\"column-1\"><\/td><td class=\"column-2\"><\/td><td class=\"column-3\"><\/td><td class=\"column-4\"><\/td><td class=\"column-5\"><\/td><td class=\"column-6\"><\/td><td class=\"column-7\"><\/td><td class=\"column-8\"><\/td><td class=\"column-9\"><\/td><td class=\"column-10\"><\/td>\n<\/tr>\n<tr class=\"row-16\">\n\t<td class=\"column-1\">LOCALIZACI\u00d3N<\/td><td class=\"column-2\">Patio Antiguo<\/td><td class=\"column-3\">22<\/td><td class=\"column-4\">26<\/td><td class=\"column-5\">38<\/td><td class=\"column-6\">38<\/td><td class=\"column-7\">37<\/td><td class=\"column-8\">34<\/td><td class=\"column-9\">40<\/td><td class=\"column-10\">56<\/td>\n<\/tr>\n<tr class=\"row-17\">\n\t<td class=\"column-1\"><\/td><td class=\"column-2\">Patio Nuevo<\/td><td class=\"column-3\">46<\/td><td class=\"column-4\">48<\/td><td class=\"column-5\">60<\/td><td class=\"column-6\">67<\/td><td class=\"column-7\">42<\/td><td class=\"column-8\">55<\/td><td class=\"column-9\">57<\/td><td class=\"column-10\">55<\/td>\n<\/tr>\n<tr class=\"row-18\">\n\t<td class=\"column-1\"><\/td><td class=\"column-2\">TOTALES<\/td><td class=\"column-3\">68<\/td><td class=\"column-4\">74<\/td><td class=\"column-5\">98<\/td><td class=\"column-6\">105<\/td><td class=\"column-7\">79<\/td><td class=\"column-8\">89<\/td><td class=\"column-9\">97<\/td><td class=\"column-10\">111<\/td>\n<\/tr>\n<\/tbody>\n<\/table>\n<!-- #tablepress-3 from cache -->\n","protected":false},"excerpt":{"rendered":"<p>El Concejal Mois\u00e9s L\u00f3pez, responsable del servicio de Cementerio, ha dado a conocer esta ma\u00f1ana la estad\u00edstica que anualmente publica el Consistorio sobre la gesti\u00f3n del a\u00f1o 2025 realizada por el Departamento de Cementerio, mostrando la comparativa que desde 2018 se viene haciendo p\u00fablica, momento en el cual la actual Ordenanza Reguladora del recinto establece &hellip;<\/p>\n","protected":false},"author":6,"featured_media":16318,"comment_status":"closed","ping_status":"open","sticky":false,"template":"","format":"standard","meta":{"ngg_post_thumbnail":0,"footnotes":""},"categories":[30],"tags":[],"class_list":["post-32333","post","type-post","status-publish","format-standard","has-post-thumbnail","hentry","category-cementerio"],"yoast_head":"<!-- This site is optimized with the Yoast SEO plugin v27.4 - https:\/\/yoast.com\/product\/yoast-seo-wordpress\/ -->\n<title>Las inhumaciones en 2025 bajaron hasta las 68, la cifra m\u00e1s baja de los \u00faltimos 8 a\u00f1os - MI Ayuntamiento de Caudete<\/title>\n<meta name=\"description\" content=\"P\u00e1gina Oficial del Ayuntamiento de Caudete (Albacete)\" \/>\n<meta name=\"robots\" content=\"index, follow, max-snippet:-1, max-image-preview:large, max-video-preview:-1\" \/>\n<link rel=\"canonical\" href=\"https:\/\/www.caudete.org\/ayuntamiento\/las-inhumaciones-en-2025-bajaron-hasta-las-68-la-cifra-mas-baja-de-los-ultimos-8-anos\/\" \/>\n<meta property=\"og:locale\" content=\"es_ES\" \/>\n<meta property=\"og:type\" content=\"article\" \/>\n<meta property=\"og:title\" content=\"Las inhumaciones en 2025 bajaron hasta las 68, la cifra m\u00e1s baja de los \u00faltimos 8 a\u00f1os - MI Ayuntamiento de Caudete\" \/>\n<meta property=\"og:description\" content=\"P\u00e1gina Oficial del Ayuntamiento de Caudete (Albacete)\" \/>\n<meta property=\"og:url\" content=\"https:\/\/www.caudete.org\/ayuntamiento\/las-inhumaciones-en-2025-bajaron-hasta-las-68-la-cifra-mas-baja-de-los-ultimos-8-anos\/\" \/>\n<meta property=\"og:site_name\" content=\"MI Ayuntamiento de Caudete\" \/>\n<meta property=\"article:publisher\" content=\"https:\/\/www.facebook.com\/ayuntamientocaudete\/\" \/>\n<meta property=\"article:published_time\" content=\"2026-01-21T07:55:21+00:00\" \/>\n<meta property=\"article:modified_time\" content=\"2026-01-21T09:32:26+00:00\" \/>\n<meta property=\"og:image\" content=\"https:\/\/www.caudete.org\/ayuntamiento\/wp-content\/uploads\/2021\/09\/WhatsApp-Image-2021-09-27-at-17.00.16.jpeg\" \/>\n\t<meta property=\"og:image:width\" content=\"1600\" \/>\n\t<meta property=\"og:image:height\" content=\"900\" \/>\n\t<meta property=\"og:image:type\" content=\"image\/jpeg\" \/>\n<meta name=\"author\" content=\"informatica2\" \/>\n<meta name=\"twitter:card\" content=\"summary_large_image\" \/>\n<meta name=\"twitter:label1\" content=\"Escrito por\" \/>\n\t<meta name=\"twitter:data1\" content=\"informatica2\" \/>\n\t<meta name=\"twitter:label2\" content=\"Tiempo de lectura\" \/>\n\t<meta name=\"twitter:data2\" content=\"3 minutos\" \/>\n<script type=\"application\/ld+json\" class=\"yoast-schema-graph\">{\"@context\":\"https:\\\/\\\/schema.org\",\"@graph\":[{\"@type\":\"Article\",\"@id\":\"https:\\\/\\\/www.caudete.org\\\/ayuntamiento\\\/las-inhumaciones-en-2025-bajaron-hasta-las-68-la-cifra-mas-baja-de-los-ultimos-8-anos\\\/#article\",\"isPartOf\":{\"@id\":\"https:\\\/\\\/www.caudete.org\\\/ayuntamiento\\\/las-inhumaciones-en-2025-bajaron-hasta-las-68-la-cifra-mas-baja-de-los-ultimos-8-anos\\\/\"},\"author\":{\"name\":\"informatica2\",\"@id\":\"https:\\\/\\\/www.caudete.org\\\/ayuntamiento\\\/#\\\/schema\\\/person\\\/abfa5ffd5010a14e078c21e6e61b6291\"},\"headline\":\"Las inhumaciones en 2025 bajaron hasta las 68, la cifra m\u00e1s baja de los \u00faltimos 8 a\u00f1os\",\"datePublished\":\"2026-01-21T07:55:21+00:00\",\"dateModified\":\"2026-01-21T09:32:26+00:00\",\"mainEntityOfPage\":{\"@id\":\"https:\\\/\\\/www.caudete.org\\\/ayuntamiento\\\/las-inhumaciones-en-2025-bajaron-hasta-las-68-la-cifra-mas-baja-de-los-ultimos-8-anos\\\/\"},\"wordCount\":280,\"publisher\":{\"@id\":\"https:\\\/\\\/www.caudete.org\\\/ayuntamiento\\\/#organization\"},\"image\":{\"@id\":\"https:\\\/\\\/www.caudete.org\\\/ayuntamiento\\\/las-inhumaciones-en-2025-bajaron-hasta-las-68-la-cifra-mas-baja-de-los-ultimos-8-anos\\\/#primaryimage\"},\"thumbnailUrl\":\"https:\\\/\\\/www.caudete.org\\\/ayuntamiento\\\/wp-content\\\/uploads\\\/2021\\\/09\\\/WhatsApp-Image-2021-09-27-at-17.00.16.jpeg\",\"articleSection\":[\"Cementerio\"],\"inLanguage\":\"es\"},{\"@type\":\"WebPage\",\"@id\":\"https:\\\/\\\/www.caudete.org\\\/ayuntamiento\\\/las-inhumaciones-en-2025-bajaron-hasta-las-68-la-cifra-mas-baja-de-los-ultimos-8-anos\\\/\",\"url\":\"https:\\\/\\\/www.caudete.org\\\/ayuntamiento\\\/las-inhumaciones-en-2025-bajaron-hasta-las-68-la-cifra-mas-baja-de-los-ultimos-8-anos\\\/\",\"name\":\"Las inhumaciones en 2025 bajaron hasta las 68, la cifra m\u00e1s baja de los \u00faltimos 8 a\u00f1os - MI Ayuntamiento de Caudete\",\"isPartOf\":{\"@id\":\"https:\\\/\\\/www.caudete.org\\\/ayuntamiento\\\/#website\"},\"primaryImageOfPage\":{\"@id\":\"https:\\\/\\\/www.caudete.org\\\/ayuntamiento\\\/las-inhumaciones-en-2025-bajaron-hasta-las-68-la-cifra-mas-baja-de-los-ultimos-8-anos\\\/#primaryimage\"},\"image\":{\"@id\":\"https:\\\/\\\/www.caudete.org\\\/ayuntamiento\\\/las-inhumaciones-en-2025-bajaron-hasta-las-68-la-cifra-mas-baja-de-los-ultimos-8-anos\\\/#primaryimage\"},\"thumbnailUrl\":\"https:\\\/\\\/www.caudete.org\\\/ayuntamiento\\\/wp-content\\\/uploads\\\/2021\\\/09\\\/WhatsApp-Image-2021-09-27-at-17.00.16.jpeg\",\"datePublished\":\"2026-01-21T07:55:21+00:00\",\"dateModified\":\"2026-01-21T09:32:26+00:00\",\"description\":\"P\u00e1gina Oficial del Ayuntamiento de Caudete (Albacete)\",\"breadcrumb\":{\"@id\":\"https:\\\/\\\/www.caudete.org\\\/ayuntamiento\\\/las-inhumaciones-en-2025-bajaron-hasta-las-68-la-cifra-mas-baja-de-los-ultimos-8-anos\\\/#breadcrumb\"},\"inLanguage\":\"es\",\"potentialAction\":[{\"@type\":\"ReadAction\",\"target\":[\"https:\\\/\\\/www.caudete.org\\\/ayuntamiento\\\/las-inhumaciones-en-2025-bajaron-hasta-las-68-la-cifra-mas-baja-de-los-ultimos-8-anos\\\/\"]}]},{\"@type\":\"ImageObject\",\"inLanguage\":\"es\",\"@id\":\"https:\\\/\\\/www.caudete.org\\\/ayuntamiento\\\/las-inhumaciones-en-2025-bajaron-hasta-las-68-la-cifra-mas-baja-de-los-ultimos-8-anos\\\/#primaryimage\",\"url\":\"https:\\\/\\\/www.caudete.org\\\/ayuntamiento\\\/wp-content\\\/uploads\\\/2021\\\/09\\\/WhatsApp-Image-2021-09-27-at-17.00.16.jpeg\",\"contentUrl\":\"https:\\\/\\\/www.caudete.org\\\/ayuntamiento\\\/wp-content\\\/uploads\\\/2021\\\/09\\\/WhatsApp-Image-2021-09-27-at-17.00.16.jpeg\",\"width\":1600,\"height\":900},{\"@type\":\"BreadcrumbList\",\"@id\":\"https:\\\/\\\/www.caudete.org\\\/ayuntamiento\\\/las-inhumaciones-en-2025-bajaron-hasta-las-68-la-cifra-mas-baja-de-los-ultimos-8-anos\\\/#breadcrumb\",\"itemListElement\":[{\"@type\":\"ListItem\",\"position\":1,\"name\":\"Inicio\",\"item\":\"https:\\\/\\\/www.caudete.org\\\/ayuntamiento\\\/\"},{\"@type\":\"ListItem\",\"position\":2,\"name\":\"Las inhumaciones en 2025 bajaron hasta las 68, la cifra m\u00e1s baja de los \u00faltimos 8 a\u00f1os\"}]},{\"@type\":\"WebSite\",\"@id\":\"https:\\\/\\\/www.caudete.org\\\/ayuntamiento\\\/#website\",\"url\":\"https:\\\/\\\/www.caudete.org\\\/ayuntamiento\\\/\",\"name\":\"MI Ayuntamiento de Caudete\",\"description\":\"P\u00e1gina Oficial del MI Ayuntamiento de Caudete\",\"publisher\":{\"@id\":\"https:\\\/\\\/www.caudete.org\\\/ayuntamiento\\\/#organization\"},\"potentialAction\":[{\"@type\":\"SearchAction\",\"target\":{\"@type\":\"EntryPoint\",\"urlTemplate\":\"https:\\\/\\\/www.caudete.org\\\/ayuntamiento\\\/?s={search_term_string}\"},\"query-input\":{\"@type\":\"PropertyValueSpecification\",\"valueRequired\":true,\"valueName\":\"search_term_string\"}}],\"inLanguage\":\"es\"},{\"@type\":\"Organization\",\"@id\":\"https:\\\/\\\/www.caudete.org\\\/ayuntamiento\\\/#organization\",\"name\":\"Ayuntamiento de Caudete\",\"url\":\"https:\\\/\\\/www.caudete.org\\\/ayuntamiento\\\/\",\"logo\":{\"@type\":\"ImageObject\",\"inLanguage\":\"es\",\"@id\":\"https:\\\/\\\/www.caudete.org\\\/ayuntamiento\\\/#\\\/schema\\\/logo\\\/image\\\/\",\"url\":\"https:\\\/\\\/www.caudete.org\\\/ayuntamiento\\\/wp-content\\\/uploads\\\/2020\\\/11\\\/logo_ayuntamiento_caudete.jpg\",\"contentUrl\":\"https:\\\/\\\/www.caudete.org\\\/ayuntamiento\\\/wp-content\\\/uploads\\\/2020\\\/11\\\/logo_ayuntamiento_caudete.jpg\",\"width\":600,\"height\":150,\"caption\":\"Ayuntamiento de Caudete\"},\"image\":{\"@id\":\"https:\\\/\\\/www.caudete.org\\\/ayuntamiento\\\/#\\\/schema\\\/logo\\\/image\\\/\"},\"sameAs\":[\"https:\\\/\\\/www.facebook.com\\\/ayuntamientocaudete\\\/\",\"https:\\\/\\\/www.youtube.com\\\/channel\\\/UC6VztHaooNsGpw-tNoBEFnQ\"]},{\"@type\":\"Person\",\"@id\":\"https:\\\/\\\/www.caudete.org\\\/ayuntamiento\\\/#\\\/schema\\\/person\\\/abfa5ffd5010a14e078c21e6e61b6291\",\"name\":\"informatica2\",\"image\":{\"@type\":\"ImageObject\",\"inLanguage\":\"es\",\"@id\":\"https:\\\/\\\/secure.gravatar.com\\\/avatar\\\/b089890ff033a3e4d03eec00ecb5a14425217205c513f60ec32ebeaaeb5fa700?s=96&d=mm&r=g\",\"url\":\"https:\\\/\\\/secure.gravatar.com\\\/avatar\\\/b089890ff033a3e4d03eec00ecb5a14425217205c513f60ec32ebeaaeb5fa700?s=96&d=mm&r=g\",\"contentUrl\":\"https:\\\/\\\/secure.gravatar.com\\\/avatar\\\/b089890ff033a3e4d03eec00ecb5a14425217205c513f60ec32ebeaaeb5fa700?s=96&d=mm&r=g\",\"caption\":\"informatica2\"},\"url\":\"https:\\\/\\\/www.caudete.org\\\/ayuntamiento\\\/author\\\/informatica2\\\/\"}]}<\/script>\n<!-- \/ Yoast SEO plugin. -->","yoast_head_json":{"title":"Las inhumaciones en 2025 bajaron hasta las 68, la cifra m\u00e1s baja de los \u00faltimos 8 a\u00f1os - MI Ayuntamiento de Caudete","description":"P\u00e1gina Oficial del Ayuntamiento de Caudete (Albacete)","robots":{"index":"index","follow":"follow","max-snippet":"max-snippet:-1","max-image-preview":"max-image-preview:large","max-video-preview":"max-video-preview:-1"},"canonical":"https:\/\/www.caudete.org\/ayuntamiento\/las-inhumaciones-en-2025-bajaron-hasta-las-68-la-cifra-mas-baja-de-los-ultimos-8-anos\/","og_locale":"es_ES","og_type":"article","og_title":"Las inhumaciones en 2025 bajaron hasta las 68, la cifra m\u00e1s baja de los \u00faltimos 8 a\u00f1os - MI Ayuntamiento de Caudete","og_description":"P\u00e1gina Oficial del Ayuntamiento de Caudete (Albacete)","og_url":"https:\/\/www.caudete.org\/ayuntamiento\/las-inhumaciones-en-2025-bajaron-hasta-las-68-la-cifra-mas-baja-de-los-ultimos-8-anos\/","og_site_name":"MI Ayuntamiento de Caudete","article_publisher":"https:\/\/www.facebook.com\/ayuntamientocaudete\/","article_published_time":"2026-01-21T07:55:21+00:00","article_modified_time":"2026-01-21T09:32:26+00:00","og_image":[{"width":1600,"height":900,"url":"https:\/\/www.caudete.org\/ayuntamiento\/wp-content\/uploads\/2021\/09\/WhatsApp-Image-2021-09-27-at-17.00.16.jpeg","type":"image\/jpeg"}],"author":"informatica2","twitter_card":"summary_large_image","twitter_misc":{"Escrito por":"informatica2","Tiempo de lectura":"3 minutos"},"schema":{"@context":"https:\/\/schema.org","@graph":[{"@type":"Article","@id":"https:\/\/www.caudete.org\/ayuntamiento\/las-inhumaciones-en-2025-bajaron-hasta-las-68-la-cifra-mas-baja-de-los-ultimos-8-anos\/#article","isPartOf":{"@id":"https:\/\/www.caudete.org\/ayuntamiento\/las-inhumaciones-en-2025-bajaron-hasta-las-68-la-cifra-mas-baja-de-los-ultimos-8-anos\/"},"author":{"name":"informatica2","@id":"https:\/\/www.caudete.org\/ayuntamiento\/#\/schema\/person\/abfa5ffd5010a14e078c21e6e61b6291"},"headline":"Las inhumaciones en 2025 bajaron hasta las 68, la cifra m\u00e1s baja de los \u00faltimos 8 a\u00f1os","datePublished":"2026-01-21T07:55:21+00:00","dateModified":"2026-01-21T09:32:26+00:00","mainEntityOfPage":{"@id":"https:\/\/www.caudete.org\/ayuntamiento\/las-inhumaciones-en-2025-bajaron-hasta-las-68-la-cifra-mas-baja-de-los-ultimos-8-anos\/"},"wordCount":280,"publisher":{"@id":"https:\/\/www.caudete.org\/ayuntamiento\/#organization"},"image":{"@id":"https:\/\/www.caudete.org\/ayuntamiento\/las-inhumaciones-en-2025-bajaron-hasta-las-68-la-cifra-mas-baja-de-los-ultimos-8-anos\/#primaryimage"},"thumbnailUrl":"https:\/\/www.caudete.org\/ayuntamiento\/wp-content\/uploads\/2021\/09\/WhatsApp-Image-2021-09-27-at-17.00.16.jpeg","articleSection":["Cementerio"],"inLanguage":"es"},{"@type":"WebPage","@id":"https:\/\/www.caudete.org\/ayuntamiento\/las-inhumaciones-en-2025-bajaron-hasta-las-68-la-cifra-mas-baja-de-los-ultimos-8-anos\/","url":"https:\/\/www.caudete.org\/ayuntamiento\/las-inhumaciones-en-2025-bajaron-hasta-las-68-la-cifra-mas-baja-de-los-ultimos-8-anos\/","name":"Las inhumaciones en 2025 bajaron hasta las 68, la cifra m\u00e1s baja de los \u00faltimos 8 a\u00f1os - MI Ayuntamiento de Caudete","isPartOf":{"@id":"https:\/\/www.caudete.org\/ayuntamiento\/#website"},"primaryImageOfPage":{"@id":"https:\/\/www.caudete.org\/ayuntamiento\/las-inhumaciones-en-2025-bajaron-hasta-las-68-la-cifra-mas-baja-de-los-ultimos-8-anos\/#primaryimage"},"image":{"@id":"https:\/\/www.caudete.org\/ayuntamiento\/las-inhumaciones-en-2025-bajaron-hasta-las-68-la-cifra-mas-baja-de-los-ultimos-8-anos\/#primaryimage"},"thumbnailUrl":"https:\/\/www.caudete.org\/ayuntamiento\/wp-content\/uploads\/2021\/09\/WhatsApp-Image-2021-09-27-at-17.00.16.jpeg","datePublished":"2026-01-21T07:55:21+00:00","dateModified":"2026-01-21T09:32:26+00:00","description":"P\u00e1gina Oficial del Ayuntamiento de Caudete (Albacete)","breadcrumb":{"@id":"https:\/\/www.caudete.org\/ayuntamiento\/las-inhumaciones-en-2025-bajaron-hasta-las-68-la-cifra-mas-baja-de-los-ultimos-8-anos\/#breadcrumb"},"inLanguage":"es","potentialAction":[{"@type":"ReadAction","target":["https:\/\/www.caudete.org\/ayuntamiento\/las-inhumaciones-en-2025-bajaron-hasta-las-68-la-cifra-mas-baja-de-los-ultimos-8-anos\/"]}]},{"@type":"ImageObject","inLanguage":"es","@id":"https:\/\/www.caudete.org\/ayuntamiento\/las-inhumaciones-en-2025-bajaron-hasta-las-68-la-cifra-mas-baja-de-los-ultimos-8-anos\/#primaryimage","url":"https:\/\/www.caudete.org\/ayuntamiento\/wp-content\/uploads\/2021\/09\/WhatsApp-Image-2021-09-27-at-17.00.16.jpeg","contentUrl":"https:\/\/www.caudete.org\/ayuntamiento\/wp-content\/uploads\/2021\/09\/WhatsApp-Image-2021-09-27-at-17.00.16.jpeg","width":1600,"height":900},{"@type":"BreadcrumbList","@id":"https:\/\/www.caudete.org\/ayuntamiento\/las-inhumaciones-en-2025-bajaron-hasta-las-68-la-cifra-mas-baja-de-los-ultimos-8-anos\/#breadcrumb","itemListElement":[{"@type":"ListItem","position":1,"name":"Inicio","item":"https:\/\/www.caudete.org\/ayuntamiento\/"},{"@type":"ListItem","position":2,"name":"Las inhumaciones en 2025 bajaron hasta las 68, la cifra m\u00e1s baja de los \u00faltimos 8 a\u00f1os"}]},{"@type":"WebSite","@id":"https:\/\/www.caudete.org\/ayuntamiento\/#website","url":"https:\/\/www.caudete.org\/ayuntamiento\/","name":"MI Ayuntamiento de Caudete","description":"P\u00e1gina Oficial del MI Ayuntamiento de Caudete","publisher":{"@id":"https:\/\/www.caudete.org\/ayuntamiento\/#organization"},"potentialAction":[{"@type":"SearchAction","target":{"@type":"EntryPoint","urlTemplate":"https:\/\/www.caudete.org\/ayuntamiento\/?s={search_term_string}"},"query-input":{"@type":"PropertyValueSpecification","valueRequired":true,"valueName":"search_term_string"}}],"inLanguage":"es"},{"@type":"Organization","@id":"https:\/\/www.caudete.org\/ayuntamiento\/#organization","name":"Ayuntamiento de Caudete","url":"https:\/\/www.caudete.org\/ayuntamiento\/","logo":{"@type":"ImageObject","inLanguage":"es","@id":"https:\/\/www.caudete.org\/ayuntamiento\/#\/schema\/logo\/image\/","url":"https:\/\/www.caudete.org\/ayuntamiento\/wp-content\/uploads\/2020\/11\/logo_ayuntamiento_caudete.jpg","contentUrl":"https:\/\/www.caudete.org\/ayuntamiento\/wp-content\/uploads\/2020\/11\/logo_ayuntamiento_caudete.jpg","width":600,"height":150,"caption":"Ayuntamiento de Caudete"},"image":{"@id":"https:\/\/www.caudete.org\/ayuntamiento\/#\/schema\/logo\/image\/"},"sameAs":["https:\/\/www.facebook.com\/ayuntamientocaudete\/","https:\/\/www.youtube.com\/channel\/UC6VztHaooNsGpw-tNoBEFnQ"]},{"@type":"Person","@id":"https:\/\/www.caudete.org\/ayuntamiento\/#\/schema\/person\/abfa5ffd5010a14e078c21e6e61b6291","name":"informatica2","image":{"@type":"ImageObject","inLanguage":"es","@id":"https:\/\/secure.gravatar.com\/avatar\/b089890ff033a3e4d03eec00ecb5a14425217205c513f60ec32ebeaaeb5fa700?s=96&d=mm&r=g","url":"https:\/\/secure.gravatar.com\/avatar\/b089890ff033a3e4d03eec00ecb5a14425217205c513f60ec32ebeaaeb5fa700?s=96&d=mm&r=g","contentUrl":"https:\/\/secure.gravatar.com\/avatar\/b089890ff033a3e4d03eec00ecb5a14425217205c513f60ec32ebeaaeb5fa700?s=96&d=mm&r=g","caption":"informatica2"},"url":"https:\/\/www.caudete.org\/ayuntamiento\/author\/informatica2\/"}]}},"_links":{"self":[{"href":"https:\/\/www.caudete.org\/ayuntamiento\/wp-json\/wp\/v2\/posts\/32333","targetHints":{"allow":["GET"]}}],"collection":[{"href":"https:\/\/www.caudete.org\/ayuntamiento\/wp-json\/wp\/v2\/posts"}],"about":[{"href":"https:\/\/www.caudete.org\/ayuntamiento\/wp-json\/wp\/v2\/types\/post"}],"author":[{"embeddable":true,"href":"https:\/\/www.caudete.org\/ayuntamiento\/wp-json\/wp\/v2\/users\/6"}],"replies":[{"embeddable":true,"href":"https:\/\/www.caudete.org\/ayuntamiento\/wp-json\/wp\/v2\/comments?post=32333"}],"version-history":[{"count":13,"href":"https:\/\/www.caudete.org\/ayuntamiento\/wp-json\/wp\/v2\/posts\/32333\/revisions"}],"predecessor-version":[{"id":32337,"href":"https:\/\/www.caudete.org\/ayuntamiento\/wp-json\/wp\/v2\/posts\/32333\/revisions\/32337"}],"wp:featuredmedia":[{"embeddable":true,"href":"https:\/\/www.caudete.org\/ayuntamiento\/wp-json\/wp\/v2\/media\/16318"}],"wp:attachment":[{"href":"https:\/\/www.caudete.org\/ayuntamiento\/wp-json\/wp\/v2\/media?parent=32333"}],"wp:term":[{"taxonomy":"category","embeddable":true,"href":"https:\/\/www.caudete.org\/ayuntamiento\/wp-json\/wp\/v2\/categories?post=32333"},{"taxonomy":"post_tag","embeddable":true,"href":"https:\/\/www.caudete.org\/ayuntamiento\/wp-json\/wp\/v2\/tags?post=32333"}],"curies":[{"name":"wp","href":"https:\/\/api.w.org\/{rel}","templated":true}]}}