{"id":32381,"date":"2026-01-21T15:01:14","date_gmt":"2026-01-21T14:01:14","guid":{"rendered":"https:\/\/www.caudete.org\/ayuntamiento\/?p=32381"},"modified":"2026-01-29T14:11:40","modified_gmt":"2026-01-29T13:11:40","slug":"el-2-de-febrero-se-inicia-la-convocatoria-2026-de-las-aulas-del-plan-corresponsables","status":"publish","type":"post","link":"https:\/\/www.caudete.org\/ayuntamiento\/el-2-de-febrero-se-inicia-la-convocatoria-2026-de-las-aulas-del-plan-corresponsables\/","title":{"rendered":"El 2 de febrero se inicia la convocatoria 2026 de las aulas del Plan Corresponsables"},"content":{"rendered":"<p>La concejal de Bienestar e Igualdad Social, <strong>Mar\u00eda Mart\u00ednez Garc\u00eda<\/strong>, informa del inicio de la <strong>nueva convocatoria provisional del Plan Corresponsables para el a\u00f1o 2026<\/strong>, un servicio dirigido a favorecer la conciliaci\u00f3n de la vida familiar y laboral de las familias del municipio.<\/p>\n<p>El programa comenzar\u00e1 su actividad <strong>manteniendo los mismos horarios y modalidades que en la convocatoria anterior<\/strong>. El aula matinal funcionar\u00e1 de <strong>7:30 a 9:00 horas<\/strong>, el aula vespertina de <strong>16:00 a 18:30 horas<\/strong>, y el aula extraordinaria se desarrollar\u00e1 durante <strong>los d\u00edas no lectivos establecidos por la Consejer\u00eda de Educaci\u00f3n de Castilla-La Mancha<\/strong>.<\/p>\n<p>Esta nueva convocatoria, correspondiente al ejercicio 2026, tendr\u00e1 vigencia <strong>hasta el 31 de diciembre de 2026<\/strong>, garantizando la continuidad del servicio durante todo el periodo establecido.<\/p>\n<p>Asimismo, se informa de que <strong>las familias que ya ven\u00edan haciendo uso del servicio no deber\u00e1n realizar ning\u00fan tr\u00e1mite<\/strong>, manteni\u00e9ndose vigentes las inscripciones realizadas el pasado mes de septiembre. La <strong>fecha concreta de inicio de las aulas ser\u00e1 el pr\u00f3ximo 2 de febrero<\/strong>, informaci\u00f3n que ser\u00e1 comunicada directamente a las familias en los pr\u00f3ximos d\u00edas.<\/p>\n<p>Para cualquier duda o ampliaci\u00f3n de informaci\u00f3n, las personas interesadas pueden ponerse en contacto con el Centro de la Mujer de Caudete.<\/p>\n<p>Con esta iniciativa, el M.I. Ayuntamiento de Caudete <strong>reafirma su compromiso con la conciliaci\u00f3n, la corresponsabilidad y el apoyo a las familias del municipio<\/strong>, garantizando un servicio esencial para el bienestar y la organizaci\u00f3n familiar.<\/p>\n<p style=\"text-align: center;\"><a href=\"https:\/\/www.caudete.org\/ayuntamiento\/wp-content\/uploads\/2026\/01\/PLAN-CORRESPONSABLES-Convocatoria-2026-1.jpg\" rel='prettyPhoto'><img fetchpriority=\"high\" decoding=\"async\" class=\"alignnone wp-image-32460 size-full\" src=\"https:\/\/www.caudete.org\/ayuntamiento\/wp-content\/uploads\/2026\/01\/PLAN-CORRESPONSABLES-Convocatoria-2026-1.jpg\" alt=\"\" width=\"940\" height=\"788\" srcset=\"https:\/\/www.caudete.org\/ayuntamiento\/wp-content\/uploads\/2026\/01\/PLAN-CORRESPONSABLES-Convocatoria-2026-1.jpg 940w, https:\/\/www.caudete.org\/ayuntamiento\/wp-content\/uploads\/2026\/01\/PLAN-CORRESPONSABLES-Convocatoria-2026-1-262x220.jpg 262w, https:\/\/www.caudete.org\/ayuntamiento\/wp-content\/uploads\/2026\/01\/PLAN-CORRESPONSABLES-Convocatoria-2026-1-768x644.jpg 768w\" sizes=\"(max-width: 940px) 100vw, 940px\" \/><\/a><\/p>\n","protected":false},"excerpt":{"rendered":"<p>La concejal de Bienestar e Igualdad Social, Mar\u00eda Mart\u00ednez Garc\u00eda, informa del inicio de la nueva convocatoria provisional del Plan Corresponsables para el a\u00f1o 2026, un servicio dirigido a favorecer la conciliaci\u00f3n de la vida familiar y laboral de las familias del municipio. El programa comenzar\u00e1 su actividad manteniendo los mismos horarios y modalidades que &hellip;<\/p>\n","protected":false},"author":6,"featured_media":32384,"comment_status":"closed","ping_status":"open","sticky":false,"template":"","format":"standard","meta":{"ngg_post_thumbnail":0,"footnotes":""},"categories":[898],"tags":[],"class_list":["post-32381","post","type-post","status-publish","format-standard","has-post-thumbnail","hentry","category-bienestar-e-igualdad-social"],"yoast_head":"<!-- This site is optimized with the Yoast SEO plugin v27.5 - https:\/\/yoast.com\/product\/yoast-seo-wordpress\/ -->\n<title>El 2 de febrero se inicia la convocatoria 2026 de las aulas del Plan Corresponsables - MI Ayuntamiento de Caudete<\/title>\n<meta name=\"description\" content=\"P\u00e1gina Oficial del Ayuntamiento de Caudete (Albacete)\" \/>\n<meta name=\"robots\" content=\"index, follow, max-snippet:-1, max-image-preview:large, max-video-preview:-1\" \/>\n<link rel=\"canonical\" href=\"https:\/\/www.caudete.org\/ayuntamiento\/el-2-de-febrero-se-inicia-la-convocatoria-2026-de-las-aulas-del-plan-corresponsables\/\" \/>\n<meta property=\"og:locale\" content=\"es_ES\" \/>\n<meta property=\"og:type\" content=\"article\" \/>\n<meta property=\"og:title\" content=\"El 2 de febrero se inicia la convocatoria 2026 de las aulas del Plan Corresponsables - MI Ayuntamiento de Caudete\" \/>\n<meta property=\"og:description\" content=\"P\u00e1gina Oficial del Ayuntamiento de Caudete (Albacete)\" \/>\n<meta property=\"og:url\" content=\"https:\/\/www.caudete.org\/ayuntamiento\/el-2-de-febrero-se-inicia-la-convocatoria-2026-de-las-aulas-del-plan-corresponsables\/\" \/>\n<meta property=\"og:site_name\" content=\"MI Ayuntamiento de Caudete\" \/>\n<meta property=\"article:publisher\" content=\"https:\/\/www.facebook.com\/ayuntamientocaudete\/\" \/>\n<meta property=\"article:published_time\" content=\"2026-01-21T14:01:14+00:00\" \/>\n<meta property=\"article:modified_time\" content=\"2026-01-29T13:11:40+00:00\" \/>\n<meta property=\"og:image\" content=\"https:\/\/www.caudete.org\/ayuntamiento\/wp-content\/uploads\/2026\/01\/yiwZsMluDHUuuO8s-port.jpg\" \/>\n\t<meta property=\"og:image:width\" content=\"864\" \/>\n\t<meta property=\"og:image:height\" content=\"380\" \/>\n\t<meta property=\"og:image:type\" content=\"image\/jpeg\" \/>\n<meta name=\"author\" content=\"informatica2\" \/>\n<meta name=\"twitter:card\" content=\"summary_large_image\" \/>\n<meta name=\"twitter:label1\" content=\"Escrito por\" \/>\n\t<meta name=\"twitter:data1\" content=\"informatica2\" \/>\n\t<meta name=\"twitter:label2\" content=\"Tiempo de lectura\" \/>\n\t<meta name=\"twitter:data2\" content=\"2 minutos\" \/>\n<script type=\"application\/ld+json\" class=\"yoast-schema-graph\">{\"@context\":\"https:\\\/\\\/schema.org\",\"@graph\":[{\"@type\":\"Article\",\"@id\":\"https:\\\/\\\/www.caudete.org\\\/ayuntamiento\\\/el-2-de-febrero-se-inicia-la-convocatoria-2026-de-las-aulas-del-plan-corresponsables\\\/#article\",\"isPartOf\":{\"@id\":\"https:\\\/\\\/www.caudete.org\\\/ayuntamiento\\\/el-2-de-febrero-se-inicia-la-convocatoria-2026-de-las-aulas-del-plan-corresponsables\\\/\"},\"author\":{\"name\":\"informatica2\",\"@id\":\"https:\\\/\\\/www.caudete.org\\\/ayuntamiento\\\/#\\\/schema\\\/person\\\/abfa5ffd5010a14e078c21e6e61b6291\"},\"headline\":\"El 2 de febrero se inicia la convocatoria 2026 de las aulas del Plan Corresponsables\",\"datePublished\":\"2026-01-21T14:01:14+00:00\",\"dateModified\":\"2026-01-29T13:11:40+00:00\",\"mainEntityOfPage\":{\"@id\":\"https:\\\/\\\/www.caudete.org\\\/ayuntamiento\\\/el-2-de-febrero-se-inicia-la-convocatoria-2026-de-las-aulas-del-plan-corresponsables\\\/\"},\"wordCount\":260,\"image\":{\"@id\":\"https:\\\/\\\/www.caudete.org\\\/ayuntamiento\\\/el-2-de-febrero-se-inicia-la-convocatoria-2026-de-las-aulas-del-plan-corresponsables\\\/#primaryimage\"},\"thumbnailUrl\":\"https:\\\/\\\/www.caudete.org\\\/ayuntamiento\\\/wp-content\\\/uploads\\\/2026\\\/01\\\/yiwZsMluDHUuuO8s-port.jpg\",\"articleSection\":[\"Bienestar e Igualdad Social\"],\"inLanguage\":\"es\"},{\"@type\":\"WebPage\",\"@id\":\"https:\\\/\\\/www.caudete.org\\\/ayuntamiento\\\/el-2-de-febrero-se-inicia-la-convocatoria-2026-de-las-aulas-del-plan-corresponsables\\\/\",\"url\":\"https:\\\/\\\/www.caudete.org\\\/ayuntamiento\\\/el-2-de-febrero-se-inicia-la-convocatoria-2026-de-las-aulas-del-plan-corresponsables\\\/\",\"name\":\"El 2 de febrero se inicia la convocatoria 2026 de las aulas del Plan Corresponsables - MI Ayuntamiento de Caudete\",\"isPartOf\":{\"@id\":\"https:\\\/\\\/www.caudete.org\\\/ayuntamiento\\\/#website\"},\"primaryImageOfPage\":{\"@id\":\"https:\\\/\\\/www.caudete.org\\\/ayuntamiento\\\/el-2-de-febrero-se-inicia-la-convocatoria-2026-de-las-aulas-del-plan-corresponsables\\\/#primaryimage\"},\"image\":{\"@id\":\"https:\\\/\\\/www.caudete.org\\\/ayuntamiento\\\/el-2-de-febrero-se-inicia-la-convocatoria-2026-de-las-aulas-del-plan-corresponsables\\\/#primaryimage\"},\"thumbnailUrl\":\"https:\\\/\\\/www.caudete.org\\\/ayuntamiento\\\/wp-content\\\/uploads\\\/2026\\\/01\\\/yiwZsMluDHUuuO8s-port.jpg\",\"datePublished\":\"2026-01-21T14:01:14+00:00\",\"dateModified\":\"2026-01-29T13:11:40+00:00\",\"author\":{\"@id\":\"https:\\\/\\\/www.caudete.org\\\/ayuntamiento\\\/#\\\/schema\\\/person\\\/abfa5ffd5010a14e078c21e6e61b6291\"},\"description\":\"P\u00e1gina Oficial del Ayuntamiento de Caudete (Albacete)\",\"breadcrumb\":{\"@id\":\"https:\\\/\\\/www.caudete.org\\\/ayuntamiento\\\/el-2-de-febrero-se-inicia-la-convocatoria-2026-de-las-aulas-del-plan-corresponsables\\\/#breadcrumb\"},\"inLanguage\":\"es\",\"potentialAction\":[{\"@type\":\"ReadAction\",\"target\":[\"https:\\\/\\\/www.caudete.org\\\/ayuntamiento\\\/el-2-de-febrero-se-inicia-la-convocatoria-2026-de-las-aulas-del-plan-corresponsables\\\/\"]}]},{\"@type\":\"ImageObject\",\"inLanguage\":\"es\",\"@id\":\"https:\\\/\\\/www.caudete.org\\\/ayuntamiento\\\/el-2-de-febrero-se-inicia-la-convocatoria-2026-de-las-aulas-del-plan-corresponsables\\\/#primaryimage\",\"url\":\"https:\\\/\\\/www.caudete.org\\\/ayuntamiento\\\/wp-content\\\/uploads\\\/2026\\\/01\\\/yiwZsMluDHUuuO8s-port.jpg\",\"contentUrl\":\"https:\\\/\\\/www.caudete.org\\\/ayuntamiento\\\/wp-content\\\/uploads\\\/2026\\\/01\\\/yiwZsMluDHUuuO8s-port.jpg\",\"width\":864,\"height\":380},{\"@type\":\"BreadcrumbList\",\"@id\":\"https:\\\/\\\/www.caudete.org\\\/ayuntamiento\\\/el-2-de-febrero-se-inicia-la-convocatoria-2026-de-las-aulas-del-plan-corresponsables\\\/#breadcrumb\",\"itemListElement\":[{\"@type\":\"ListItem\",\"position\":1,\"name\":\"Inicio\",\"item\":\"https:\\\/\\\/www.caudete.org\\\/ayuntamiento\\\/\"},{\"@type\":\"ListItem\",\"position\":2,\"name\":\"El 2 de febrero se inicia la convocatoria 2026 de las aulas del Plan Corresponsables\"}]},{\"@type\":\"WebSite\",\"@id\":\"https:\\\/\\\/www.caudete.org\\\/ayuntamiento\\\/#website\",\"url\":\"https:\\\/\\\/www.caudete.org\\\/ayuntamiento\\\/\",\"name\":\"MI Ayuntamiento de Caudete\",\"description\":\"P\u00e1gina Oficial del MI Ayuntamiento de Caudete\",\"potentialAction\":[{\"@type\":\"SearchAction\",\"target\":{\"@type\":\"EntryPoint\",\"urlTemplate\":\"https:\\\/\\\/www.caudete.org\\\/ayuntamiento\\\/?s={search_term_string}\"},\"query-input\":{\"@type\":\"PropertyValueSpecification\",\"valueRequired\":true,\"valueName\":\"search_term_string\"}}],\"inLanguage\":\"es\"},{\"@type\":\"Person\",\"@id\":\"https:\\\/\\\/www.caudete.org\\\/ayuntamiento\\\/#\\\/schema\\\/person\\\/abfa5ffd5010a14e078c21e6e61b6291\",\"name\":\"informatica2\",\"image\":{\"@type\":\"ImageObject\",\"inLanguage\":\"es\",\"@id\":\"https:\\\/\\\/secure.gravatar.com\\\/avatar\\\/b089890ff033a3e4d03eec00ecb5a14425217205c513f60ec32ebeaaeb5fa700?s=96&d=mm&r=g\",\"url\":\"https:\\\/\\\/secure.gravatar.com\\\/avatar\\\/b089890ff033a3e4d03eec00ecb5a14425217205c513f60ec32ebeaaeb5fa700?s=96&d=mm&r=g\",\"contentUrl\":\"https:\\\/\\\/secure.gravatar.com\\\/avatar\\\/b089890ff033a3e4d03eec00ecb5a14425217205c513f60ec32ebeaaeb5fa700?s=96&d=mm&r=g\",\"caption\":\"informatica2\"},\"url\":\"https:\\\/\\\/www.caudete.org\\\/ayuntamiento\\\/author\\\/informatica2\\\/\"}]}<\/script>\n<!-- \/ Yoast SEO plugin. -->","yoast_head_json":{"title":"El 2 de febrero se inicia la convocatoria 2026 de las aulas del Plan Corresponsables - MI Ayuntamiento de Caudete","description":"P\u00e1gina Oficial del Ayuntamiento de Caudete (Albacete)","robots":{"index":"index","follow":"follow","max-snippet":"max-snippet:-1","max-image-preview":"max-image-preview:large","max-video-preview":"max-video-preview:-1"},"canonical":"https:\/\/www.caudete.org\/ayuntamiento\/el-2-de-febrero-se-inicia-la-convocatoria-2026-de-las-aulas-del-plan-corresponsables\/","og_locale":"es_ES","og_type":"article","og_title":"El 2 de febrero se inicia la convocatoria 2026 de las aulas del Plan Corresponsables - MI Ayuntamiento de Caudete","og_description":"P\u00e1gina Oficial del Ayuntamiento de Caudete (Albacete)","og_url":"https:\/\/www.caudete.org\/ayuntamiento\/el-2-de-febrero-se-inicia-la-convocatoria-2026-de-las-aulas-del-plan-corresponsables\/","og_site_name":"MI Ayuntamiento de Caudete","article_publisher":"https:\/\/www.facebook.com\/ayuntamientocaudete\/","article_published_time":"2026-01-21T14:01:14+00:00","article_modified_time":"2026-01-29T13:11:40+00:00","og_image":[{"width":864,"height":380,"url":"https:\/\/www.caudete.org\/ayuntamiento\/wp-content\/uploads\/2026\/01\/yiwZsMluDHUuuO8s-port.jpg","type":"image\/jpeg"}],"author":"informatica2","twitter_card":"summary_large_image","twitter_misc":{"Escrito por":"informatica2","Tiempo de lectura":"2 minutos"},"schema":{"@context":"https:\/\/schema.org","@graph":[{"@type":"Article","@id":"https:\/\/www.caudete.org\/ayuntamiento\/el-2-de-febrero-se-inicia-la-convocatoria-2026-de-las-aulas-del-plan-corresponsables\/#article","isPartOf":{"@id":"https:\/\/www.caudete.org\/ayuntamiento\/el-2-de-febrero-se-inicia-la-convocatoria-2026-de-las-aulas-del-plan-corresponsables\/"},"author":{"name":"informatica2","@id":"https:\/\/www.caudete.org\/ayuntamiento\/#\/schema\/person\/abfa5ffd5010a14e078c21e6e61b6291"},"headline":"El 2 de febrero se inicia la convocatoria 2026 de las aulas del Plan Corresponsables","datePublished":"2026-01-21T14:01:14+00:00","dateModified":"2026-01-29T13:11:40+00:00","mainEntityOfPage":{"@id":"https:\/\/www.caudete.org\/ayuntamiento\/el-2-de-febrero-se-inicia-la-convocatoria-2026-de-las-aulas-del-plan-corresponsables\/"},"wordCount":260,"image":{"@id":"https:\/\/www.caudete.org\/ayuntamiento\/el-2-de-febrero-se-inicia-la-convocatoria-2026-de-las-aulas-del-plan-corresponsables\/#primaryimage"},"thumbnailUrl":"https:\/\/www.caudete.org\/ayuntamiento\/wp-content\/uploads\/2026\/01\/yiwZsMluDHUuuO8s-port.jpg","articleSection":["Bienestar e Igualdad Social"],"inLanguage":"es"},{"@type":"WebPage","@id":"https:\/\/www.caudete.org\/ayuntamiento\/el-2-de-febrero-se-inicia-la-convocatoria-2026-de-las-aulas-del-plan-corresponsables\/","url":"https:\/\/www.caudete.org\/ayuntamiento\/el-2-de-febrero-se-inicia-la-convocatoria-2026-de-las-aulas-del-plan-corresponsables\/","name":"El 2 de febrero se inicia la convocatoria 2026 de las aulas del Plan Corresponsables - MI Ayuntamiento de Caudete","isPartOf":{"@id":"https:\/\/www.caudete.org\/ayuntamiento\/#website"},"primaryImageOfPage":{"@id":"https:\/\/www.caudete.org\/ayuntamiento\/el-2-de-febrero-se-inicia-la-convocatoria-2026-de-las-aulas-del-plan-corresponsables\/#primaryimage"},"image":{"@id":"https:\/\/www.caudete.org\/ayuntamiento\/el-2-de-febrero-se-inicia-la-convocatoria-2026-de-las-aulas-del-plan-corresponsables\/#primaryimage"},"thumbnailUrl":"https:\/\/www.caudete.org\/ayuntamiento\/wp-content\/uploads\/2026\/01\/yiwZsMluDHUuuO8s-port.jpg","datePublished":"2026-01-21T14:01:14+00:00","dateModified":"2026-01-29T13:11:40+00:00","author":{"@id":"https:\/\/www.caudete.org\/ayuntamiento\/#\/schema\/person\/abfa5ffd5010a14e078c21e6e61b6291"},"description":"P\u00e1gina Oficial del Ayuntamiento de Caudete (Albacete)","breadcrumb":{"@id":"https:\/\/www.caudete.org\/ayuntamiento\/el-2-de-febrero-se-inicia-la-convocatoria-2026-de-las-aulas-del-plan-corresponsables\/#breadcrumb"},"inLanguage":"es","potentialAction":[{"@type":"ReadAction","target":["https:\/\/www.caudete.org\/ayuntamiento\/el-2-de-febrero-se-inicia-la-convocatoria-2026-de-las-aulas-del-plan-corresponsables\/"]}]},{"@type":"ImageObject","inLanguage":"es","@id":"https:\/\/www.caudete.org\/ayuntamiento\/el-2-de-febrero-se-inicia-la-convocatoria-2026-de-las-aulas-del-plan-corresponsables\/#primaryimage","url":"https:\/\/www.caudete.org\/ayuntamiento\/wp-content\/uploads\/2026\/01\/yiwZsMluDHUuuO8s-port.jpg","contentUrl":"https:\/\/www.caudete.org\/ayuntamiento\/wp-content\/uploads\/2026\/01\/yiwZsMluDHUuuO8s-port.jpg","width":864,"height":380},{"@type":"BreadcrumbList","@id":"https:\/\/www.caudete.org\/ayuntamiento\/el-2-de-febrero-se-inicia-la-convocatoria-2026-de-las-aulas-del-plan-corresponsables\/#breadcrumb","itemListElement":[{"@type":"ListItem","position":1,"name":"Inicio","item":"https:\/\/www.caudete.org\/ayuntamiento\/"},{"@type":"ListItem","position":2,"name":"El 2 de febrero se inicia la convocatoria 2026 de las aulas del Plan Corresponsables"}]},{"@type":"WebSite","@id":"https:\/\/www.caudete.org\/ayuntamiento\/#website","url":"https:\/\/www.caudete.org\/ayuntamiento\/","name":"MI Ayuntamiento de Caudete","description":"P\u00e1gina Oficial del MI Ayuntamiento de Caudete","potentialAction":[{"@type":"SearchAction","target":{"@type":"EntryPoint","urlTemplate":"https:\/\/www.caudete.org\/ayuntamiento\/?s={search_term_string}"},"query-input":{"@type":"PropertyValueSpecification","valueRequired":true,"valueName":"search_term_string"}}],"inLanguage":"es"},{"@type":"Person","@id":"https:\/\/www.caudete.org\/ayuntamiento\/#\/schema\/person\/abfa5ffd5010a14e078c21e6e61b6291","name":"informatica2","image":{"@type":"ImageObject","inLanguage":"es","@id":"https:\/\/secure.gravatar.com\/avatar\/b089890ff033a3e4d03eec00ecb5a14425217205c513f60ec32ebeaaeb5fa700?s=96&d=mm&r=g","url":"https:\/\/secure.gravatar.com\/avatar\/b089890ff033a3e4d03eec00ecb5a14425217205c513f60ec32ebeaaeb5fa700?s=96&d=mm&r=g","contentUrl":"https:\/\/secure.gravatar.com\/avatar\/b089890ff033a3e4d03eec00ecb5a14425217205c513f60ec32ebeaaeb5fa700?s=96&d=mm&r=g","caption":"informatica2"},"url":"https:\/\/www.caudete.org\/ayuntamiento\/author\/informatica2\/"}]}},"_links":{"self":[{"href":"https:\/\/www.caudete.org\/ayuntamiento\/wp-json\/wp\/v2\/posts\/32381","targetHints":{"allow":["GET"]}}],"collection":[{"href":"https:\/\/www.caudete.org\/ayuntamiento\/wp-json\/wp\/v2\/posts"}],"about":[{"href":"https:\/\/www.caudete.org\/ayuntamiento\/wp-json\/wp\/v2\/types\/post"}],"author":[{"embeddable":true,"href":"https:\/\/www.caudete.org\/ayuntamiento\/wp-json\/wp\/v2\/users\/6"}],"replies":[{"embeddable":true,"href":"https:\/\/www.caudete.org\/ayuntamiento\/wp-json\/wp\/v2\/comments?post=32381"}],"version-history":[{"count":4,"href":"https:\/\/www.caudete.org\/ayuntamiento\/wp-json\/wp\/v2\/posts\/32381\/revisions"}],"predecessor-version":[{"id":32462,"href":"https:\/\/www.caudete.org\/ayuntamiento\/wp-json\/wp\/v2\/posts\/32381\/revisions\/32462"}],"wp:featuredmedia":[{"embeddable":true,"href":"https:\/\/www.caudete.org\/ayuntamiento\/wp-json\/wp\/v2\/media\/32384"}],"wp:attachment":[{"href":"https:\/\/www.caudete.org\/ayuntamiento\/wp-json\/wp\/v2\/media?parent=32381"}],"wp:term":[{"taxonomy":"category","embeddable":true,"href":"https:\/\/www.caudete.org\/ayuntamiento\/wp-json\/wp\/v2\/categories?post=32381"},{"taxonomy":"post_tag","embeddable":true,"href":"https:\/\/www.caudete.org\/ayuntamiento\/wp-json\/wp\/v2\/tags?post=32381"}],"curies":[{"name":"wp","href":"https:\/\/api.w.org\/{rel}","templated":true}]}}