{"id":32414,"date":"2026-01-26T14:25:31","date_gmt":"2026-01-26T13:25:31","guid":{"rendered":"https:\/\/www.caudete.org\/ayuntamiento\/?p=32414"},"modified":"2026-02-09T12:29:42","modified_gmt":"2026-02-09T11:29:42","slug":"caudete-se-prepara-para-recibir-la-ruta-senderista-circular-sierra-alacera-toconera-en-el-marco-del-circuito-provincial","status":"publish","type":"post","link":"https:\/\/www.caudete.org\/ayuntamiento\/caudete-se-prepara-para-recibir-la-ruta-senderista-circular-sierra-alacera-toconera-en-el-marco-del-circuito-provincial\/","title":{"rendered":"Caudete se prepara para recibir la ruta senderista &#8220;Circular Sierra Al\u00e1cera &#8211; Toconera&#8221; en el marco del circuito provincial"},"content":{"rendered":"<p style=\"text-align: justify;\">La prueba, que tendr\u00e1 lugar el pr\u00f3ximo 8 de febrero de 2026, combina el reto deportivo con una inmersi\u00f3n cultural por el patrimonio hist\u00f3rico de la Villa.<\/p>\n<p style=\"text-align: justify;\">El Ayuntamiento de Caudete, a trav\u00e9s de sus Concejal\u00edas de Deportes y Turismo, ha presentado oficialmente la ruta de senderismo <strong>&#8220;Circular Sierra Al\u00e1cera &#8211; Toconera&#8221;<\/strong>. Esta cita, que se integra en el prestigioso <strong>XIII Circuito de Rutas de Senderismo de la Diputaci\u00f3n Provincial de Albacete<\/strong>, promete ser una jornada de convivencia, deporte y puesta en valor del entorno natural caudetano.<\/p>\n<p style=\"text-align: justify;\">La jornada comenzar\u00e1 el pr\u00f3ximo <strong>domingo 8 de febrero a las 9:00 horas<\/strong>, teniendo como punto de encuentro y salida la <strong>Ciudad Deportiva Antonio Amor\u00f3s<\/strong>. Con un nivel de dificultad calificado como <strong>moderado<\/strong>, la ruta discurrir\u00e1 por senderos, caminos y pistas forestales de los parajes naturales de Toconera y Sierra Al\u00e1cera.<\/p>\n<p style=\"text-align: justify;\">El gran atractivo t\u00e9cnico de la jornada ser\u00e1 el ascenso a la cumbre de la <strong>Sierra Al\u00e1cera<\/strong>, situada a <strong>866 metros de altitud<\/strong>. Los senderistas afrontar\u00e1n un <strong>desnivel positivo acumulado de 320 metros<\/strong>, disfrutando de unas vistas privilegiadas de la zona.<\/p>\n<p style=\"text-align: justify;\"><strong>Pilar Egea, Concejal de Deportes<\/strong>, ha destacado la importancia de este evento para el calendario local: <em>&#8220;Estamos orgullosos de formar parte un a\u00f1o m\u00e1s del circuito provincial. Es una oportunidad de oro para fomentar h\u00e1bitos de vida saludables mientras mostramos la belleza de nuestra Sierra Al\u00e1cera. Gracias a la colaboraci\u00f3n del Club de Trail Caudete y Protecci\u00f3n Civil, garantizamos una experiencia segura y de calidad para todos los participantes&#8221;<\/em>.<\/p>\n<p style=\"text-align: justify;\">Tras el esfuerzo f\u00edsico, la hospitalidad de Caudete cobrar\u00e1 protagonismo con una comida de hermandad para todos los participantes, la jornada dar\u00e1 un giro cultural.<\/p>\n<p style=\"text-align: justify;\"><strong>Diego Cuenca, Concejal de Turismo<\/strong>, ha subrayado el valor promocional de la iniciativa: <em>&#8220;Queremos que el senderista no solo se lleve una buena sensaci\u00f3n deportiva, sino que se enamore de nuestro patrimonio. Por ello, hemos organizado una visita guiada por el centro de la Villa, recorriendo la emblem\u00e1tica calle Abad\u00eda, el castillo medieval y nuestras plazas de la Iglesia y el Carmen&#8221;<\/em>.<\/p>\n<p style=\"text-align: justify;\">La visita incluir\u00e1 paradas imprescindibles como:<\/p>\n<ul style=\"text-align: justify;\">\n<li><strong>La Casa de Miguel Mart\u00ednez:<\/strong> actual sede de la Oficina de Turismo.<\/li>\n<li><strong>El Museo de la Acuarela &#8220;Rafael Requena&#8221;:<\/strong> Un referente art\u00edstico a nivel nacional.<\/li>\n<\/ul>\n<p style=\"text-align: justify;\">Con esta programaci\u00f3n, el Ayuntamiento de Caudete reafirma su apuesta por el <strong>turismo activo<\/strong>, fusionando el deporte de monta\u00f1a con la riqueza hist\u00f3rica y art\u00edstica del municipio.<\/p>\n<p style=\"text-align: justify;\"><a href=\"https:\/\/www.caudete.org\/ayuntamiento\/wp-content\/uploads\/2026\/01\/FOLLETO-RUTA-PROVINCIAL-2026-DEFINITIVOr.pdf\" class=\"mtli_attachment mtli_pdf\">FOLLETO RUTA PROVINCIAL 2026<\/a><\/p>\n<p style=\"text-align: justify;\"><style type=\"text\/css\">\n#foogallery-gallery-32415.fg-masonry .fg-item { width: 250px; }\n#foogallery-gallery-32415.fg-masonry { --fg-gutter: 10px; }<\/style>\n\t\t\t<div class=\"foogallery foogallery-container foogallery-masonry foogallery-lightbox-foogallery fg-center fg-masonry fg-ready fg-light fg-border-medium fg-round-small fg-shadow-outline fg-loading-default fg-loaded-fade-in fg-hover-semi-zoomed fg-captions-bottom fg-hover-fade fg-hover-zoom4 fg-fixed\" id=\"foogallery-gallery-32415\" data-foogallery=\"{&quot;item&quot;:{&quot;showCaptionTitle&quot;:true,&quot;showCaptionDescription&quot;:true},&quot;lazy&quot;:true,&quot;paging&quot;:{&quot;type&quot;:&quot;dots&quot;,&quot;size&quot;:20,&quot;position&quot;:&quot;bottom&quot;,&quot;scrollToTop&quot;:false,&quot;output&quot;:&quot;html&quot;,&quot;theme&quot;:&quot;fg-light&quot;},&quot;template&quot;:{&quot;columnWidth&quot;:250,&quot;gutter&quot;:10}}\" data-foogallery-lightbox=\"{&quot;thumbs&quot;:&quot;bottom&quot;,&quot;thumbsCaptions&quot;:false,&quot;thumbsBestFit&quot;:false,&quot;thumbsSmall&quot;:false,&quot;thumbsCaptionsAlign&quot;:&quot;default&quot;,&quot;info&quot;:&quot;bottom&quot;,&quot;infoVisible&quot;:true,&quot;infoOverlay&quot;:true,&quot;infoAlign&quot;:&quot;default&quot;,&quot;transition&quot;:&quot;fade&quot;,&quot;hoverButtons&quot;:false,&quot;fitMedia&quot;:false,&quot;noScrollbars&quot;:true,&quot;preserveButtonSpace&quot;:true,&quot;buttons&quot;:{&quot;fullscreen&quot;:true,&quot;info&quot;:true,&quot;thumbs&quot;:false},&quot;video&quot;:{&quot;autoPlay&quot;:true}}\" style=\"--fg-title-line-clamp: 1; --fg-description-line-clamp: 2;\" >\n\t\t<div class=\"fg-item fg-type-image fg-idle\"><figure class=\"fg-item-inner\"><a href=\"https:\/\/www.caudete.org\/ayuntamiento\/wp-content\/uploads\/2026\/01\/image1.jpg\" data-attachment-id=\"32416\" data-e-disable-page-transition=\"true\" data-type=\"image\" class=\"fg-thumb\"><span class=\"fg-image-wrap\"><img fetchpriority=\"high\" decoding=\"async\" width=\"250\" height=\"333\" class=\"skip-lazy fg-image\" data-src-fg=\"https:\/\/www.caudete.org\/ayuntamiento\/wp-content\/uploads\/cache\/2026\/01\/image1\/2571692042.jpg\" src=\"data:image\/svg+xml,%3Csvg%20xmlns%3D%22http%3A%2F%2Fwww.w3.org%2F2000%2Fsvg%22%20width%3D%22250%22%20height%3D%22333%22%20viewBox%3D%220%200%20250%20333%22%3E%3C%2Fsvg%3E\" loading=\"eager\"><\/span><span class=\"fg-image-overlay\"><\/span><\/a><\/figure><div class=\"fg-loader\"><\/div><\/div><div class=\"fg-item fg-type-image fg-idle\"><figure class=\"fg-item-inner\"><a href=\"https:\/\/www.caudete.org\/ayuntamiento\/wp-content\/uploads\/2026\/01\/image2.jpg\" data-attachment-id=\"32417\" data-e-disable-page-transition=\"true\" data-type=\"image\" class=\"fg-thumb\"><span class=\"fg-image-wrap\"><img decoding=\"async\" width=\"250\" height=\"333\" class=\"skip-lazy fg-image\" data-src-fg=\"https:\/\/www.caudete.org\/ayuntamiento\/wp-content\/uploads\/cache\/2026\/01\/image2\/3380000246.jpg\" src=\"data:image\/svg+xml,%3Csvg%20xmlns%3D%22http%3A%2F%2Fwww.w3.org%2F2000%2Fsvg%22%20width%3D%22250%22%20height%3D%22333%22%20viewBox%3D%220%200%20250%20333%22%3E%3C%2Fsvg%3E\" loading=\"eager\"><\/span><span class=\"fg-image-overlay\"><\/span><\/a><\/figure><div class=\"fg-loader\"><\/div><\/div><div class=\"fg-item fg-type-image fg-idle\"><figure class=\"fg-item-inner\"><a href=\"https:\/\/www.caudete.org\/ayuntamiento\/wp-content\/uploads\/2026\/01\/image3.jpg\" data-attachment-id=\"32418\" data-e-disable-page-transition=\"true\" data-type=\"image\" class=\"fg-thumb\"><span class=\"fg-image-wrap\"><img decoding=\"async\" width=\"250\" height=\"333\" class=\"skip-lazy fg-image\" data-src-fg=\"https:\/\/www.caudete.org\/ayuntamiento\/wp-content\/uploads\/cache\/2026\/01\/image3\/845608523.jpg\" src=\"data:image\/svg+xml,%3Csvg%20xmlns%3D%22http%3A%2F%2Fwww.w3.org%2F2000%2Fsvg%22%20width%3D%22250%22%20height%3D%22333%22%20viewBox%3D%220%200%20250%20333%22%3E%3C%2Fsvg%3E\" loading=\"eager\"><\/span><span class=\"fg-image-overlay\"><\/span><\/a><\/figure><div class=\"fg-loader\"><\/div><\/div><div class=\"fg-item fg-type-image fg-idle\"><figure class=\"fg-item-inner\"><a href=\"https:\/\/www.caudete.org\/ayuntamiento\/wp-content\/uploads\/2026\/01\/image4.jpg\" data-attachment-id=\"32419\" data-e-disable-page-transition=\"true\" data-type=\"image\" class=\"fg-thumb\"><span class=\"fg-image-wrap\"><img decoding=\"async\" width=\"250\" height=\"333\" class=\"skip-lazy fg-image\" data-src-fg=\"https:\/\/www.caudete.org\/ayuntamiento\/wp-content\/uploads\/cache\/2026\/01\/image4\/3859981645.jpg\" src=\"data:image\/svg+xml,%3Csvg%20xmlns%3D%22http%3A%2F%2Fwww.w3.org%2F2000%2Fsvg%22%20width%3D%22250%22%20height%3D%22333%22%20viewBox%3D%220%200%20250%20333%22%3E%3C%2Fsvg%3E\" loading=\"eager\"><\/span><span class=\"fg-image-overlay\"><\/span><\/a><\/figure><div class=\"fg-loader\"><\/div><\/div><div class=\"fg-item fg-type-image fg-idle\"><figure class=\"fg-item-inner\"><a href=\"https:\/\/www.caudete.org\/ayuntamiento\/wp-content\/uploads\/2026\/01\/WhatsApp-Image-2026-01-22-at-18.09.02-1.jpg\" data-attachment-id=\"32420\" data-e-disable-page-transition=\"true\" data-type=\"image\" class=\"fg-thumb\"><span class=\"fg-image-wrap\"><img decoding=\"async\" width=\"250\" height=\"333\" class=\"skip-lazy fg-image\" data-src-fg=\"https:\/\/www.caudete.org\/ayuntamiento\/wp-content\/uploads\/cache\/2026\/01\/WhatsApp-Image-2026-01-22-at-18_09_02-1\/343355378.jpg\" src=\"data:image\/svg+xml,%3Csvg%20xmlns%3D%22http%3A%2F%2Fwww.w3.org%2F2000%2Fsvg%22%20width%3D%22250%22%20height%3D%22333%22%20viewBox%3D%220%200%20250%20333%22%3E%3C%2Fsvg%3E\" loading=\"eager\"><\/span><span class=\"fg-image-overlay\"><\/span><\/a><\/figure><div class=\"fg-loader\"><\/div><\/div><div class=\"fg-item fg-type-image fg-idle\"><figure class=\"fg-item-inner\"><a href=\"https:\/\/www.caudete.org\/ayuntamiento\/wp-content\/uploads\/2026\/01\/WhatsApp-Image-2026-01-22-at-18.09.02.jpg\" data-attachment-id=\"32421\" data-e-disable-page-transition=\"true\" data-type=\"image\" class=\"fg-thumb\"><span class=\"fg-image-wrap\"><img decoding=\"async\" width=\"250\" height=\"333\" class=\"skip-lazy fg-image\" data-src-fg=\"https:\/\/www.caudete.org\/ayuntamiento\/wp-content\/uploads\/cache\/2026\/01\/WhatsApp-Image-2026-01-22-at-18_09_02\/484851617.jpg\" src=\"data:image\/svg+xml,%3Csvg%20xmlns%3D%22http%3A%2F%2Fwww.w3.org%2F2000%2Fsvg%22%20width%3D%22250%22%20height%3D%22333%22%20viewBox%3D%220%200%20250%20333%22%3E%3C%2Fsvg%3E\" loading=\"eager\"><\/span><span class=\"fg-image-overlay\"><\/span><\/a><\/figure><div class=\"fg-loader\"><\/div><\/div><\/div>\n","protected":false},"excerpt":{"rendered":"<p>La prueba, que tendr\u00e1 lugar el pr\u00f3ximo 8 de febrero de 2026, combina el reto deportivo con una inmersi\u00f3n cultural por el patrimonio hist\u00f3rico de la Villa. El Ayuntamiento de Caudete, a trav\u00e9s de sus Concejal\u00edas de Deportes y Turismo, ha presentado oficialmente la ruta de senderismo &#8220;Circular Sierra Al\u00e1cera &#8211; Toconera&#8221;. Esta cita, que &hellip;<\/p>\n","protected":false},"author":6,"featured_media":32423,"comment_status":"closed","ping_status":"open","sticky":false,"template":"","format":"standard","meta":{"ngg_post_thumbnail":0,"footnotes":""},"categories":[875],"tags":[],"class_list":["post-32414","post","type-post","status-publish","format-standard","has-post-thumbnail","hentry","category-deportes-y-turismo"],"yoast_head":"<!-- This site is optimized with the Yoast SEO plugin v27.5 - https:\/\/yoast.com\/product\/yoast-seo-wordpress\/ -->\n<title>Caudete se prepara para recibir la ruta senderista &quot;Circular Sierra Al\u00e1cera - Toconera&quot; en el marco del circuito provincial - MI Ayuntamiento de Caudete<\/title>\n<meta name=\"description\" content=\"P\u00e1gina Oficial del Ayuntamiento de Caudete (Albacete)\" \/>\n<meta name=\"robots\" content=\"index, follow, max-snippet:-1, max-image-preview:large, max-video-preview:-1\" \/>\n<link rel=\"canonical\" href=\"https:\/\/www.caudete.org\/ayuntamiento\/caudete-se-prepara-para-recibir-la-ruta-senderista-circular-sierra-alacera-toconera-en-el-marco-del-circuito-provincial\/\" \/>\n<meta property=\"og:locale\" content=\"es_ES\" \/>\n<meta property=\"og:type\" content=\"article\" \/>\n<meta property=\"og:title\" content=\"Caudete se prepara para recibir la ruta senderista &quot;Circular Sierra Al\u00e1cera - Toconera&quot; en el marco del circuito provincial - MI Ayuntamiento de Caudete\" \/>\n<meta property=\"og:description\" content=\"P\u00e1gina Oficial del Ayuntamiento de Caudete (Albacete)\" \/>\n<meta property=\"og:url\" content=\"https:\/\/www.caudete.org\/ayuntamiento\/caudete-se-prepara-para-recibir-la-ruta-senderista-circular-sierra-alacera-toconera-en-el-marco-del-circuito-provincial\/\" \/>\n<meta property=\"og:site_name\" content=\"MI Ayuntamiento de Caudete\" \/>\n<meta property=\"article:publisher\" content=\"https:\/\/www.facebook.com\/ayuntamientocaudete\/\" \/>\n<meta property=\"article:published_time\" content=\"2026-01-26T13:25:31+00:00\" \/>\n<meta property=\"article:modified_time\" content=\"2026-02-09T11:29:42+00:00\" \/>\n<meta property=\"og:image\" content=\"https:\/\/www.caudete.org\/ayuntamiento\/wp-content\/uploads\/2026\/01\/Portada-1.jpg\" \/>\n\t<meta property=\"og:image:width\" content=\"864\" \/>\n\t<meta property=\"og:image:height\" content=\"380\" \/>\n\t<meta property=\"og:image:type\" content=\"image\/jpeg\" \/>\n<meta name=\"author\" content=\"informatica2\" \/>\n<meta name=\"twitter:card\" content=\"summary_large_image\" \/>\n<meta name=\"twitter:label1\" content=\"Escrito por\" \/>\n\t<meta name=\"twitter:data1\" content=\"informatica2\" \/>\n\t<meta name=\"twitter:label2\" content=\"Tiempo de lectura\" \/>\n\t<meta name=\"twitter:data2\" content=\"3 minutos\" \/>\n<script type=\"application\/ld+json\" class=\"yoast-schema-graph\">{\"@context\":\"https:\\\/\\\/schema.org\",\"@graph\":[{\"@type\":\"Article\",\"@id\":\"https:\\\/\\\/www.caudete.org\\\/ayuntamiento\\\/caudete-se-prepara-para-recibir-la-ruta-senderista-circular-sierra-alacera-toconera-en-el-marco-del-circuito-provincial\\\/#article\",\"isPartOf\":{\"@id\":\"https:\\\/\\\/www.caudete.org\\\/ayuntamiento\\\/caudete-se-prepara-para-recibir-la-ruta-senderista-circular-sierra-alacera-toconera-en-el-marco-del-circuito-provincial\\\/\"},\"author\":{\"name\":\"informatica2\",\"@id\":\"https:\\\/\\\/www.caudete.org\\\/ayuntamiento\\\/#\\\/schema\\\/person\\\/abfa5ffd5010a14e078c21e6e61b6291\"},\"headline\":\"Caudete se prepara para recibir la ruta senderista &#8220;Circular Sierra Al\u00e1cera &#8211; Toconera&#8221; en el marco del circuito provincial\",\"datePublished\":\"2026-01-26T13:25:31+00:00\",\"dateModified\":\"2026-02-09T11:29:42+00:00\",\"mainEntityOfPage\":{\"@id\":\"https:\\\/\\\/www.caudete.org\\\/ayuntamiento\\\/caudete-se-prepara-para-recibir-la-ruta-senderista-circular-sierra-alacera-toconera-en-el-marco-del-circuito-provincial\\\/\"},\"wordCount\":441,\"image\":{\"@id\":\"https:\\\/\\\/www.caudete.org\\\/ayuntamiento\\\/caudete-se-prepara-para-recibir-la-ruta-senderista-circular-sierra-alacera-toconera-en-el-marco-del-circuito-provincial\\\/#primaryimage\"},\"thumbnailUrl\":\"https:\\\/\\\/www.caudete.org\\\/ayuntamiento\\\/wp-content\\\/uploads\\\/2026\\\/01\\\/Portada-1.jpg\",\"articleSection\":[\"Deportes y Turismo\"],\"inLanguage\":\"es\"},{\"@type\":\"WebPage\",\"@id\":\"https:\\\/\\\/www.caudete.org\\\/ayuntamiento\\\/caudete-se-prepara-para-recibir-la-ruta-senderista-circular-sierra-alacera-toconera-en-el-marco-del-circuito-provincial\\\/\",\"url\":\"https:\\\/\\\/www.caudete.org\\\/ayuntamiento\\\/caudete-se-prepara-para-recibir-la-ruta-senderista-circular-sierra-alacera-toconera-en-el-marco-del-circuito-provincial\\\/\",\"name\":\"Caudete se prepara para recibir la ruta senderista \\\"Circular Sierra Al\u00e1cera - Toconera\\\" en el marco del circuito provincial - MI Ayuntamiento de Caudete\",\"isPartOf\":{\"@id\":\"https:\\\/\\\/www.caudete.org\\\/ayuntamiento\\\/#website\"},\"primaryImageOfPage\":{\"@id\":\"https:\\\/\\\/www.caudete.org\\\/ayuntamiento\\\/caudete-se-prepara-para-recibir-la-ruta-senderista-circular-sierra-alacera-toconera-en-el-marco-del-circuito-provincial\\\/#primaryimage\"},\"image\":{\"@id\":\"https:\\\/\\\/www.caudete.org\\\/ayuntamiento\\\/caudete-se-prepara-para-recibir-la-ruta-senderista-circular-sierra-alacera-toconera-en-el-marco-del-circuito-provincial\\\/#primaryimage\"},\"thumbnailUrl\":\"https:\\\/\\\/www.caudete.org\\\/ayuntamiento\\\/wp-content\\\/uploads\\\/2026\\\/01\\\/Portada-1.jpg\",\"datePublished\":\"2026-01-26T13:25:31+00:00\",\"dateModified\":\"2026-02-09T11:29:42+00:00\",\"author\":{\"@id\":\"https:\\\/\\\/www.caudete.org\\\/ayuntamiento\\\/#\\\/schema\\\/person\\\/abfa5ffd5010a14e078c21e6e61b6291\"},\"description\":\"P\u00e1gina Oficial del Ayuntamiento de Caudete (Albacete)\",\"breadcrumb\":{\"@id\":\"https:\\\/\\\/www.caudete.org\\\/ayuntamiento\\\/caudete-se-prepara-para-recibir-la-ruta-senderista-circular-sierra-alacera-toconera-en-el-marco-del-circuito-provincial\\\/#breadcrumb\"},\"inLanguage\":\"es\",\"potentialAction\":[{\"@type\":\"ReadAction\",\"target\":[\"https:\\\/\\\/www.caudete.org\\\/ayuntamiento\\\/caudete-se-prepara-para-recibir-la-ruta-senderista-circular-sierra-alacera-toconera-en-el-marco-del-circuito-provincial\\\/\"]}]},{\"@type\":\"ImageObject\",\"inLanguage\":\"es\",\"@id\":\"https:\\\/\\\/www.caudete.org\\\/ayuntamiento\\\/caudete-se-prepara-para-recibir-la-ruta-senderista-circular-sierra-alacera-toconera-en-el-marco-del-circuito-provincial\\\/#primaryimage\",\"url\":\"https:\\\/\\\/www.caudete.org\\\/ayuntamiento\\\/wp-content\\\/uploads\\\/2026\\\/01\\\/Portada-1.jpg\",\"contentUrl\":\"https:\\\/\\\/www.caudete.org\\\/ayuntamiento\\\/wp-content\\\/uploads\\\/2026\\\/01\\\/Portada-1.jpg\",\"width\":864,\"height\":380},{\"@type\":\"BreadcrumbList\",\"@id\":\"https:\\\/\\\/www.caudete.org\\\/ayuntamiento\\\/caudete-se-prepara-para-recibir-la-ruta-senderista-circular-sierra-alacera-toconera-en-el-marco-del-circuito-provincial\\\/#breadcrumb\",\"itemListElement\":[{\"@type\":\"ListItem\",\"position\":1,\"name\":\"Inicio\",\"item\":\"https:\\\/\\\/www.caudete.org\\\/ayuntamiento\\\/\"},{\"@type\":\"ListItem\",\"position\":2,\"name\":\"Caudete se prepara para recibir la ruta senderista &#8220;Circular Sierra Al\u00e1cera &#8211; Toconera&#8221; en el marco del circuito provincial\"}]},{\"@type\":\"WebSite\",\"@id\":\"https:\\\/\\\/www.caudete.org\\\/ayuntamiento\\\/#website\",\"url\":\"https:\\\/\\\/www.caudete.org\\\/ayuntamiento\\\/\",\"name\":\"MI Ayuntamiento de Caudete\",\"description\":\"P\u00e1gina Oficial del MI Ayuntamiento de Caudete\",\"potentialAction\":[{\"@type\":\"SearchAction\",\"target\":{\"@type\":\"EntryPoint\",\"urlTemplate\":\"https:\\\/\\\/www.caudete.org\\\/ayuntamiento\\\/?s={search_term_string}\"},\"query-input\":{\"@type\":\"PropertyValueSpecification\",\"valueRequired\":true,\"valueName\":\"search_term_string\"}}],\"inLanguage\":\"es\"},{\"@type\":\"Person\",\"@id\":\"https:\\\/\\\/www.caudete.org\\\/ayuntamiento\\\/#\\\/schema\\\/person\\\/abfa5ffd5010a14e078c21e6e61b6291\",\"name\":\"informatica2\",\"image\":{\"@type\":\"ImageObject\",\"inLanguage\":\"es\",\"@id\":\"https:\\\/\\\/secure.gravatar.com\\\/avatar\\\/b089890ff033a3e4d03eec00ecb5a14425217205c513f60ec32ebeaaeb5fa700?s=96&d=mm&r=g\",\"url\":\"https:\\\/\\\/secure.gravatar.com\\\/avatar\\\/b089890ff033a3e4d03eec00ecb5a14425217205c513f60ec32ebeaaeb5fa700?s=96&d=mm&r=g\",\"contentUrl\":\"https:\\\/\\\/secure.gravatar.com\\\/avatar\\\/b089890ff033a3e4d03eec00ecb5a14425217205c513f60ec32ebeaaeb5fa700?s=96&d=mm&r=g\",\"caption\":\"informatica2\"},\"url\":\"https:\\\/\\\/www.caudete.org\\\/ayuntamiento\\\/author\\\/informatica2\\\/\"}]}<\/script>\n<!-- \/ Yoast SEO plugin. -->","yoast_head_json":{"title":"Caudete se prepara para recibir la ruta senderista \"Circular Sierra Al\u00e1cera - Toconera\" en el marco del circuito provincial - MI Ayuntamiento de Caudete","description":"P\u00e1gina Oficial del Ayuntamiento de Caudete (Albacete)","robots":{"index":"index","follow":"follow","max-snippet":"max-snippet:-1","max-image-preview":"max-image-preview:large","max-video-preview":"max-video-preview:-1"},"canonical":"https:\/\/www.caudete.org\/ayuntamiento\/caudete-se-prepara-para-recibir-la-ruta-senderista-circular-sierra-alacera-toconera-en-el-marco-del-circuito-provincial\/","og_locale":"es_ES","og_type":"article","og_title":"Caudete se prepara para recibir la ruta senderista \"Circular Sierra Al\u00e1cera - Toconera\" en el marco del circuito provincial - MI Ayuntamiento de Caudete","og_description":"P\u00e1gina Oficial del Ayuntamiento de Caudete (Albacete)","og_url":"https:\/\/www.caudete.org\/ayuntamiento\/caudete-se-prepara-para-recibir-la-ruta-senderista-circular-sierra-alacera-toconera-en-el-marco-del-circuito-provincial\/","og_site_name":"MI Ayuntamiento de Caudete","article_publisher":"https:\/\/www.facebook.com\/ayuntamientocaudete\/","article_published_time":"2026-01-26T13:25:31+00:00","article_modified_time":"2026-02-09T11:29:42+00:00","og_image":[{"width":864,"height":380,"url":"https:\/\/www.caudete.org\/ayuntamiento\/wp-content\/uploads\/2026\/01\/Portada-1.jpg","type":"image\/jpeg"}],"author":"informatica2","twitter_card":"summary_large_image","twitter_misc":{"Escrito por":"informatica2","Tiempo de lectura":"3 minutos"},"schema":{"@context":"https:\/\/schema.org","@graph":[{"@type":"Article","@id":"https:\/\/www.caudete.org\/ayuntamiento\/caudete-se-prepara-para-recibir-la-ruta-senderista-circular-sierra-alacera-toconera-en-el-marco-del-circuito-provincial\/#article","isPartOf":{"@id":"https:\/\/www.caudete.org\/ayuntamiento\/caudete-se-prepara-para-recibir-la-ruta-senderista-circular-sierra-alacera-toconera-en-el-marco-del-circuito-provincial\/"},"author":{"name":"informatica2","@id":"https:\/\/www.caudete.org\/ayuntamiento\/#\/schema\/person\/abfa5ffd5010a14e078c21e6e61b6291"},"headline":"Caudete se prepara para recibir la ruta senderista &#8220;Circular Sierra Al\u00e1cera &#8211; Toconera&#8221; en el marco del circuito provincial","datePublished":"2026-01-26T13:25:31+00:00","dateModified":"2026-02-09T11:29:42+00:00","mainEntityOfPage":{"@id":"https:\/\/www.caudete.org\/ayuntamiento\/caudete-se-prepara-para-recibir-la-ruta-senderista-circular-sierra-alacera-toconera-en-el-marco-del-circuito-provincial\/"},"wordCount":441,"image":{"@id":"https:\/\/www.caudete.org\/ayuntamiento\/caudete-se-prepara-para-recibir-la-ruta-senderista-circular-sierra-alacera-toconera-en-el-marco-del-circuito-provincial\/#primaryimage"},"thumbnailUrl":"https:\/\/www.caudete.org\/ayuntamiento\/wp-content\/uploads\/2026\/01\/Portada-1.jpg","articleSection":["Deportes y Turismo"],"inLanguage":"es"},{"@type":"WebPage","@id":"https:\/\/www.caudete.org\/ayuntamiento\/caudete-se-prepara-para-recibir-la-ruta-senderista-circular-sierra-alacera-toconera-en-el-marco-del-circuito-provincial\/","url":"https:\/\/www.caudete.org\/ayuntamiento\/caudete-se-prepara-para-recibir-la-ruta-senderista-circular-sierra-alacera-toconera-en-el-marco-del-circuito-provincial\/","name":"Caudete se prepara para recibir la ruta senderista \"Circular Sierra Al\u00e1cera - Toconera\" en el marco del circuito provincial - MI Ayuntamiento de Caudete","isPartOf":{"@id":"https:\/\/www.caudete.org\/ayuntamiento\/#website"},"primaryImageOfPage":{"@id":"https:\/\/www.caudete.org\/ayuntamiento\/caudete-se-prepara-para-recibir-la-ruta-senderista-circular-sierra-alacera-toconera-en-el-marco-del-circuito-provincial\/#primaryimage"},"image":{"@id":"https:\/\/www.caudete.org\/ayuntamiento\/caudete-se-prepara-para-recibir-la-ruta-senderista-circular-sierra-alacera-toconera-en-el-marco-del-circuito-provincial\/#primaryimage"},"thumbnailUrl":"https:\/\/www.caudete.org\/ayuntamiento\/wp-content\/uploads\/2026\/01\/Portada-1.jpg","datePublished":"2026-01-26T13:25:31+00:00","dateModified":"2026-02-09T11:29:42+00:00","author":{"@id":"https:\/\/www.caudete.org\/ayuntamiento\/#\/schema\/person\/abfa5ffd5010a14e078c21e6e61b6291"},"description":"P\u00e1gina Oficial del Ayuntamiento de Caudete (Albacete)","breadcrumb":{"@id":"https:\/\/www.caudete.org\/ayuntamiento\/caudete-se-prepara-para-recibir-la-ruta-senderista-circular-sierra-alacera-toconera-en-el-marco-del-circuito-provincial\/#breadcrumb"},"inLanguage":"es","potentialAction":[{"@type":"ReadAction","target":["https:\/\/www.caudete.org\/ayuntamiento\/caudete-se-prepara-para-recibir-la-ruta-senderista-circular-sierra-alacera-toconera-en-el-marco-del-circuito-provincial\/"]}]},{"@type":"ImageObject","inLanguage":"es","@id":"https:\/\/www.caudete.org\/ayuntamiento\/caudete-se-prepara-para-recibir-la-ruta-senderista-circular-sierra-alacera-toconera-en-el-marco-del-circuito-provincial\/#primaryimage","url":"https:\/\/www.caudete.org\/ayuntamiento\/wp-content\/uploads\/2026\/01\/Portada-1.jpg","contentUrl":"https:\/\/www.caudete.org\/ayuntamiento\/wp-content\/uploads\/2026\/01\/Portada-1.jpg","width":864,"height":380},{"@type":"BreadcrumbList","@id":"https:\/\/www.caudete.org\/ayuntamiento\/caudete-se-prepara-para-recibir-la-ruta-senderista-circular-sierra-alacera-toconera-en-el-marco-del-circuito-provincial\/#breadcrumb","itemListElement":[{"@type":"ListItem","position":1,"name":"Inicio","item":"https:\/\/www.caudete.org\/ayuntamiento\/"},{"@type":"ListItem","position":2,"name":"Caudete se prepara para recibir la ruta senderista &#8220;Circular Sierra Al\u00e1cera &#8211; Toconera&#8221; en el marco del circuito provincial"}]},{"@type":"WebSite","@id":"https:\/\/www.caudete.org\/ayuntamiento\/#website","url":"https:\/\/www.caudete.org\/ayuntamiento\/","name":"MI Ayuntamiento de Caudete","description":"P\u00e1gina Oficial del MI Ayuntamiento de Caudete","potentialAction":[{"@type":"SearchAction","target":{"@type":"EntryPoint","urlTemplate":"https:\/\/www.caudete.org\/ayuntamiento\/?s={search_term_string}"},"query-input":{"@type":"PropertyValueSpecification","valueRequired":true,"valueName":"search_term_string"}}],"inLanguage":"es"},{"@type":"Person","@id":"https:\/\/www.caudete.org\/ayuntamiento\/#\/schema\/person\/abfa5ffd5010a14e078c21e6e61b6291","name":"informatica2","image":{"@type":"ImageObject","inLanguage":"es","@id":"https:\/\/secure.gravatar.com\/avatar\/b089890ff033a3e4d03eec00ecb5a14425217205c513f60ec32ebeaaeb5fa700?s=96&d=mm&r=g","url":"https:\/\/secure.gravatar.com\/avatar\/b089890ff033a3e4d03eec00ecb5a14425217205c513f60ec32ebeaaeb5fa700?s=96&d=mm&r=g","contentUrl":"https:\/\/secure.gravatar.com\/avatar\/b089890ff033a3e4d03eec00ecb5a14425217205c513f60ec32ebeaaeb5fa700?s=96&d=mm&r=g","caption":"informatica2"},"url":"https:\/\/www.caudete.org\/ayuntamiento\/author\/informatica2\/"}]}},"_links":{"self":[{"href":"https:\/\/www.caudete.org\/ayuntamiento\/wp-json\/wp\/v2\/posts\/32414","targetHints":{"allow":["GET"]}}],"collection":[{"href":"https:\/\/www.caudete.org\/ayuntamiento\/wp-json\/wp\/v2\/posts"}],"about":[{"href":"https:\/\/www.caudete.org\/ayuntamiento\/wp-json\/wp\/v2\/types\/post"}],"author":[{"embeddable":true,"href":"https:\/\/www.caudete.org\/ayuntamiento\/wp-json\/wp\/v2\/users\/6"}],"replies":[{"embeddable":true,"href":"https:\/\/www.caudete.org\/ayuntamiento\/wp-json\/wp\/v2\/comments?post=32414"}],"version-history":[{"count":4,"href":"https:\/\/www.caudete.org\/ayuntamiento\/wp-json\/wp\/v2\/posts\/32414\/revisions"}],"predecessor-version":[{"id":32427,"href":"https:\/\/www.caudete.org\/ayuntamiento\/wp-json\/wp\/v2\/posts\/32414\/revisions\/32427"}],"wp:featuredmedia":[{"embeddable":true,"href":"https:\/\/www.caudete.org\/ayuntamiento\/wp-json\/wp\/v2\/media\/32423"}],"wp:attachment":[{"href":"https:\/\/www.caudete.org\/ayuntamiento\/wp-json\/wp\/v2\/media?parent=32414"}],"wp:term":[{"taxonomy":"category","embeddable":true,"href":"https:\/\/www.caudete.org\/ayuntamiento\/wp-json\/wp\/v2\/categories?post=32414"},{"taxonomy":"post_tag","embeddable":true,"href":"https:\/\/www.caudete.org\/ayuntamiento\/wp-json\/wp\/v2\/tags?post=32414"}],"curies":[{"name":"wp","href":"https:\/\/api.w.org\/{rel}","templated":true}]}}