{"id":32428,"date":"2026-01-27T10:39:19","date_gmt":"2026-01-27T09:39:19","guid":{"rendered":"https:\/\/www.caudete.org\/ayuntamiento\/?p=32428"},"modified":"2026-01-27T10:39:31","modified_gmt":"2026-01-27T09:39:31","slug":"el-caudetano-sergio-medina-gana-el-primer-premio-de-la-nit-de-la-imatge-subterrania-2026","status":"publish","type":"post","link":"https:\/\/www.caudete.org\/ayuntamiento\/el-caudetano-sergio-medina-gana-el-primer-premio-de-la-nit-de-la-imatge-subterrania-2026\/","title":{"rendered":"El caudetano Sergio Medina gana el Primer Premio de la Nit de la Imatge Subterr\u00e0nia 2026"},"content":{"rendered":"<p style=\"text-align: justify;\">El deportista de Caudete&nbsp;<strong>Sergio Medina Solera<\/strong>&nbsp;ha sido galardonado con el&nbsp;<strong>Primer Premio<\/strong>&nbsp;en la&nbsp;<strong>9\u00aa Nit de la Imatge Subterr\u00e0nia<\/strong>, un concurso de pel\u00edculas con tem\u00e1tica de espeleolog\u00eda y descenso de ca\u00f1ones organizado por el&nbsp;<strong>Espeleo Club Montanyenc Barcelon\u00e8s<\/strong>.<\/p>\n<p style=\"text-align: justify;\"><strong>Sergio Medina<\/strong>&nbsp;ha ganado este premio por la pel\u00edcula&nbsp;<a href=\"https:\/\/caudetedigital.com\/miembros-del-centro-excursionista-de-caudete-pasan-diez-horas-en-la-cueva-del-sistema-alba-huesca\/\" target=\"_blank\" rel=\"noopener nofollow\">Sistema Alba<\/a>, una expedici\u00f3n en la que, aparte de Sergio, tambi\u00e9n participaron Jon\u00e1s Tecles, Eli U\u00f1a, David Arredondo y Sandra Fern\u00e1ndez.<\/p>\n<p style=\"text-align: justify;\">La Traves\u00eda del Sistema del Alba es, sin duda, una de las traves\u00edas m\u00e1s impactantes del Valle de Benasque y de todo el Pirineo de Huesca. El recorrido presenta un desnivel de aproximadamente -550\u202fm y un desarrollo cercano a los 2 Km, combinando grandes pozos, r\u00edos subterr\u00e1neos, galer\u00edas f\u00f3siles y sectores repletos de belleza geol\u00f3gica como los pasillos cebreados con vetas de m\u00e1rmol blanco tan caracter\u00edsticos del Sistema del Alba.<\/p>\n<p style=\"text-align: justify;\">Cabe recordar que el pasado a\u00f1o Sergio Medina recibi\u00f3 el tercer premio en este mismo certamen catal\u00e1n.<\/p>\n<p style=\"text-align: justify;\"><img fetchpriority=\"high\" decoding=\"async\" class=\"alignnone size-full wp-image-32429\" src=\"https:\/\/www.caudete.org\/ayuntamiento\/wp-content\/uploads\/2026\/01\/sergio-medina-barcelona-caudete-digital.jpg\" alt=\"\" width=\"1000\" height=\"563\" srcset=\"https:\/\/www.caudete.org\/ayuntamiento\/wp-content\/uploads\/2026\/01\/sergio-medina-barcelona-caudete-digital.jpg 1000w, https:\/\/www.caudete.org\/ayuntamiento\/wp-content\/uploads\/2026\/01\/sergio-medina-barcelona-caudete-digital-350x197.jpg 350w, https:\/\/www.caudete.org\/ayuntamiento\/wp-content\/uploads\/2026\/01\/sergio-medina-barcelona-caudete-digital-768x432.jpg 768w\" sizes=\"(max-width: 1000px) 100vw, 1000px\" \/><\/p>\n<p style=\"text-align: justify;\">Fuente: <a href=\"https:\/\/caudetedigital.com\/el-caudetano-sergio-medina-gana-el-primer-premio-de-la-nit-de-la-imatge-subterrania-2026\/\" target=\"_blank\" rel=\"nofollow\">https:\/\/caudetedigital.com\/el-caudetano-sergio-medina-gana-el-primer-premio-de-la-nit-de-la-imatge-subterrania-2026\/<\/a><\/p>\n","protected":false},"excerpt":{"rendered":"<p>El deportista de Caudete&nbsp;Sergio Medina Solera&nbsp;ha sido galardonado con el&nbsp;Primer Premio&nbsp;en la&nbsp;9\u00aa Nit de la Imatge Subterr\u00e0nia, un concurso de pel\u00edculas con tem\u00e1tica de espeleolog\u00eda y descenso de ca\u00f1ones organizado por el&nbsp;Espeleo Club Montanyenc Barcelon\u00e8s. Sergio Medina&nbsp;ha ganado este premio por la pel\u00edcula&nbsp;Sistema Alba, una expedici\u00f3n en la que, aparte de Sergio, tambi\u00e9n participaron Jon\u00e1s &hellip;<\/p>\n","protected":false},"author":6,"featured_media":32429,"comment_status":"closed","ping_status":"open","sticky":false,"template":"","format":"standard","meta":{"ngg_post_thumbnail":0,"footnotes":""},"categories":[20],"tags":[],"class_list":["post-32428","post","type-post","status-publish","format-standard","has-post-thumbnail","hentry","category-ayuntamiento"],"yoast_head":"<!-- This site is optimized with the Yoast SEO plugin v27.5 - https:\/\/yoast.com\/product\/yoast-seo-wordpress\/ -->\n<title>El caudetano Sergio Medina gana el Primer Premio de la Nit de la Imatge Subterr\u00e0nia 2026 - MI Ayuntamiento de Caudete<\/title>\n<meta name=\"description\" content=\"P\u00e1gina Oficial del Ayuntamiento de Caudete (Albacete)\" \/>\n<meta name=\"robots\" content=\"index, follow, max-snippet:-1, max-image-preview:large, max-video-preview:-1\" \/>\n<link rel=\"canonical\" href=\"https:\/\/www.caudete.org\/ayuntamiento\/el-caudetano-sergio-medina-gana-el-primer-premio-de-la-nit-de-la-imatge-subterrania-2026\/\" \/>\n<meta property=\"og:locale\" content=\"es_ES\" \/>\n<meta property=\"og:type\" content=\"article\" \/>\n<meta property=\"og:title\" content=\"El caudetano Sergio Medina gana el Primer Premio de la Nit de la Imatge Subterr\u00e0nia 2026 - MI Ayuntamiento de Caudete\" \/>\n<meta property=\"og:description\" content=\"P\u00e1gina Oficial del Ayuntamiento de Caudete (Albacete)\" \/>\n<meta property=\"og:url\" content=\"https:\/\/www.caudete.org\/ayuntamiento\/el-caudetano-sergio-medina-gana-el-primer-premio-de-la-nit-de-la-imatge-subterrania-2026\/\" \/>\n<meta property=\"og:site_name\" content=\"MI Ayuntamiento de Caudete\" \/>\n<meta property=\"article:publisher\" content=\"https:\/\/www.facebook.com\/ayuntamientocaudete\/\" \/>\n<meta property=\"article:published_time\" content=\"2026-01-27T09:39:19+00:00\" \/>\n<meta property=\"article:modified_time\" content=\"2026-01-27T09:39:31+00:00\" \/>\n<meta property=\"og:image\" content=\"https:\/\/www.caudete.org\/ayuntamiento\/wp-content\/uploads\/2026\/01\/sergio-medina-barcelona-caudete-digital.jpg\" \/>\n\t<meta property=\"og:image:width\" content=\"1000\" \/>\n\t<meta property=\"og:image:height\" content=\"563\" \/>\n\t<meta property=\"og:image:type\" content=\"image\/jpeg\" \/>\n<meta name=\"author\" content=\"informatica2\" \/>\n<meta name=\"twitter:card\" content=\"summary_large_image\" \/>\n<meta name=\"twitter:label1\" content=\"Escrito por\" \/>\n\t<meta name=\"twitter:data1\" content=\"informatica2\" \/>\n\t<meta name=\"twitter:label2\" content=\"Tiempo de lectura\" \/>\n\t<meta name=\"twitter:data2\" content=\"2 minutos\" \/>\n<script type=\"application\/ld+json\" class=\"yoast-schema-graph\">{\"@context\":\"https:\\\/\\\/schema.org\",\"@graph\":[{\"@type\":\"Article\",\"@id\":\"https:\\\/\\\/www.caudete.org\\\/ayuntamiento\\\/el-caudetano-sergio-medina-gana-el-primer-premio-de-la-nit-de-la-imatge-subterrania-2026\\\/#article\",\"isPartOf\":{\"@id\":\"https:\\\/\\\/www.caudete.org\\\/ayuntamiento\\\/el-caudetano-sergio-medina-gana-el-primer-premio-de-la-nit-de-la-imatge-subterrania-2026\\\/\"},\"author\":{\"name\":\"informatica2\",\"@id\":\"https:\\\/\\\/www.caudete.org\\\/ayuntamiento\\\/#\\\/schema\\\/person\\\/abfa5ffd5010a14e078c21e6e61b6291\"},\"headline\":\"El caudetano Sergio Medina gana el Primer Premio de la Nit de la Imatge Subterr\u00e0nia 2026\",\"datePublished\":\"2026-01-27T09:39:19+00:00\",\"dateModified\":\"2026-01-27T09:39:31+00:00\",\"mainEntityOfPage\":{\"@id\":\"https:\\\/\\\/www.caudete.org\\\/ayuntamiento\\\/el-caudetano-sergio-medina-gana-el-primer-premio-de-la-nit-de-la-imatge-subterrania-2026\\\/\"},\"wordCount\":210,\"image\":{\"@id\":\"https:\\\/\\\/www.caudete.org\\\/ayuntamiento\\\/el-caudetano-sergio-medina-gana-el-primer-premio-de-la-nit-de-la-imatge-subterrania-2026\\\/#primaryimage\"},\"thumbnailUrl\":\"https:\\\/\\\/www.caudete.org\\\/ayuntamiento\\\/wp-content\\\/uploads\\\/2026\\\/01\\\/sergio-medina-barcelona-caudete-digital.jpg\",\"articleSection\":[\"Ayuntamiento\"],\"inLanguage\":\"es\"},{\"@type\":\"WebPage\",\"@id\":\"https:\\\/\\\/www.caudete.org\\\/ayuntamiento\\\/el-caudetano-sergio-medina-gana-el-primer-premio-de-la-nit-de-la-imatge-subterrania-2026\\\/\",\"url\":\"https:\\\/\\\/www.caudete.org\\\/ayuntamiento\\\/el-caudetano-sergio-medina-gana-el-primer-premio-de-la-nit-de-la-imatge-subterrania-2026\\\/\",\"name\":\"El caudetano Sergio Medina gana el Primer Premio de la Nit de la Imatge Subterr\u00e0nia 2026 - MI Ayuntamiento de Caudete\",\"isPartOf\":{\"@id\":\"https:\\\/\\\/www.caudete.org\\\/ayuntamiento\\\/#website\"},\"primaryImageOfPage\":{\"@id\":\"https:\\\/\\\/www.caudete.org\\\/ayuntamiento\\\/el-caudetano-sergio-medina-gana-el-primer-premio-de-la-nit-de-la-imatge-subterrania-2026\\\/#primaryimage\"},\"image\":{\"@id\":\"https:\\\/\\\/www.caudete.org\\\/ayuntamiento\\\/el-caudetano-sergio-medina-gana-el-primer-premio-de-la-nit-de-la-imatge-subterrania-2026\\\/#primaryimage\"},\"thumbnailUrl\":\"https:\\\/\\\/www.caudete.org\\\/ayuntamiento\\\/wp-content\\\/uploads\\\/2026\\\/01\\\/sergio-medina-barcelona-caudete-digital.jpg\",\"datePublished\":\"2026-01-27T09:39:19+00:00\",\"dateModified\":\"2026-01-27T09:39:31+00:00\",\"author\":{\"@id\":\"https:\\\/\\\/www.caudete.org\\\/ayuntamiento\\\/#\\\/schema\\\/person\\\/abfa5ffd5010a14e078c21e6e61b6291\"},\"description\":\"P\u00e1gina Oficial del Ayuntamiento de Caudete (Albacete)\",\"breadcrumb\":{\"@id\":\"https:\\\/\\\/www.caudete.org\\\/ayuntamiento\\\/el-caudetano-sergio-medina-gana-el-primer-premio-de-la-nit-de-la-imatge-subterrania-2026\\\/#breadcrumb\"},\"inLanguage\":\"es\",\"potentialAction\":[{\"@type\":\"ReadAction\",\"target\":[\"https:\\\/\\\/www.caudete.org\\\/ayuntamiento\\\/el-caudetano-sergio-medina-gana-el-primer-premio-de-la-nit-de-la-imatge-subterrania-2026\\\/\"]}]},{\"@type\":\"ImageObject\",\"inLanguage\":\"es\",\"@id\":\"https:\\\/\\\/www.caudete.org\\\/ayuntamiento\\\/el-caudetano-sergio-medina-gana-el-primer-premio-de-la-nit-de-la-imatge-subterrania-2026\\\/#primaryimage\",\"url\":\"https:\\\/\\\/www.caudete.org\\\/ayuntamiento\\\/wp-content\\\/uploads\\\/2026\\\/01\\\/sergio-medina-barcelona-caudete-digital.jpg\",\"contentUrl\":\"https:\\\/\\\/www.caudete.org\\\/ayuntamiento\\\/wp-content\\\/uploads\\\/2026\\\/01\\\/sergio-medina-barcelona-caudete-digital.jpg\",\"width\":1000,\"height\":563},{\"@type\":\"BreadcrumbList\",\"@id\":\"https:\\\/\\\/www.caudete.org\\\/ayuntamiento\\\/el-caudetano-sergio-medina-gana-el-primer-premio-de-la-nit-de-la-imatge-subterrania-2026\\\/#breadcrumb\",\"itemListElement\":[{\"@type\":\"ListItem\",\"position\":1,\"name\":\"Inicio\",\"item\":\"https:\\\/\\\/www.caudete.org\\\/ayuntamiento\\\/\"},{\"@type\":\"ListItem\",\"position\":2,\"name\":\"El caudetano Sergio Medina gana el Primer Premio de la Nit de la Imatge Subterr\u00e0nia 2026\"}]},{\"@type\":\"WebSite\",\"@id\":\"https:\\\/\\\/www.caudete.org\\\/ayuntamiento\\\/#website\",\"url\":\"https:\\\/\\\/www.caudete.org\\\/ayuntamiento\\\/\",\"name\":\"MI Ayuntamiento de Caudete\",\"description\":\"P\u00e1gina Oficial del MI Ayuntamiento de Caudete\",\"potentialAction\":[{\"@type\":\"SearchAction\",\"target\":{\"@type\":\"EntryPoint\",\"urlTemplate\":\"https:\\\/\\\/www.caudete.org\\\/ayuntamiento\\\/?s={search_term_string}\"},\"query-input\":{\"@type\":\"PropertyValueSpecification\",\"valueRequired\":true,\"valueName\":\"search_term_string\"}}],\"inLanguage\":\"es\"},{\"@type\":\"Person\",\"@id\":\"https:\\\/\\\/www.caudete.org\\\/ayuntamiento\\\/#\\\/schema\\\/person\\\/abfa5ffd5010a14e078c21e6e61b6291\",\"name\":\"informatica2\",\"image\":{\"@type\":\"ImageObject\",\"inLanguage\":\"es\",\"@id\":\"https:\\\/\\\/secure.gravatar.com\\\/avatar\\\/b089890ff033a3e4d03eec00ecb5a14425217205c513f60ec32ebeaaeb5fa700?s=96&d=mm&r=g\",\"url\":\"https:\\\/\\\/secure.gravatar.com\\\/avatar\\\/b089890ff033a3e4d03eec00ecb5a14425217205c513f60ec32ebeaaeb5fa700?s=96&d=mm&r=g\",\"contentUrl\":\"https:\\\/\\\/secure.gravatar.com\\\/avatar\\\/b089890ff033a3e4d03eec00ecb5a14425217205c513f60ec32ebeaaeb5fa700?s=96&d=mm&r=g\",\"caption\":\"informatica2\"},\"url\":\"https:\\\/\\\/www.caudete.org\\\/ayuntamiento\\\/author\\\/informatica2\\\/\"}]}<\/script>\n<!-- \/ Yoast SEO plugin. -->","yoast_head_json":{"title":"El caudetano Sergio Medina gana el Primer Premio de la Nit de la Imatge Subterr\u00e0nia 2026 - MI Ayuntamiento de Caudete","description":"P\u00e1gina Oficial del Ayuntamiento de Caudete (Albacete)","robots":{"index":"index","follow":"follow","max-snippet":"max-snippet:-1","max-image-preview":"max-image-preview:large","max-video-preview":"max-video-preview:-1"},"canonical":"https:\/\/www.caudete.org\/ayuntamiento\/el-caudetano-sergio-medina-gana-el-primer-premio-de-la-nit-de-la-imatge-subterrania-2026\/","og_locale":"es_ES","og_type":"article","og_title":"El caudetano Sergio Medina gana el Primer Premio de la Nit de la Imatge Subterr\u00e0nia 2026 - MI Ayuntamiento de Caudete","og_description":"P\u00e1gina Oficial del Ayuntamiento de Caudete (Albacete)","og_url":"https:\/\/www.caudete.org\/ayuntamiento\/el-caudetano-sergio-medina-gana-el-primer-premio-de-la-nit-de-la-imatge-subterrania-2026\/","og_site_name":"MI Ayuntamiento de Caudete","article_publisher":"https:\/\/www.facebook.com\/ayuntamientocaudete\/","article_published_time":"2026-01-27T09:39:19+00:00","article_modified_time":"2026-01-27T09:39:31+00:00","og_image":[{"width":1000,"height":563,"url":"https:\/\/www.caudete.org\/ayuntamiento\/wp-content\/uploads\/2026\/01\/sergio-medina-barcelona-caudete-digital.jpg","type":"image\/jpeg"}],"author":"informatica2","twitter_card":"summary_large_image","twitter_misc":{"Escrito por":"informatica2","Tiempo de lectura":"2 minutos"},"schema":{"@context":"https:\/\/schema.org","@graph":[{"@type":"Article","@id":"https:\/\/www.caudete.org\/ayuntamiento\/el-caudetano-sergio-medina-gana-el-primer-premio-de-la-nit-de-la-imatge-subterrania-2026\/#article","isPartOf":{"@id":"https:\/\/www.caudete.org\/ayuntamiento\/el-caudetano-sergio-medina-gana-el-primer-premio-de-la-nit-de-la-imatge-subterrania-2026\/"},"author":{"name":"informatica2","@id":"https:\/\/www.caudete.org\/ayuntamiento\/#\/schema\/person\/abfa5ffd5010a14e078c21e6e61b6291"},"headline":"El caudetano Sergio Medina gana el Primer Premio de la Nit de la Imatge Subterr\u00e0nia 2026","datePublished":"2026-01-27T09:39:19+00:00","dateModified":"2026-01-27T09:39:31+00:00","mainEntityOfPage":{"@id":"https:\/\/www.caudete.org\/ayuntamiento\/el-caudetano-sergio-medina-gana-el-primer-premio-de-la-nit-de-la-imatge-subterrania-2026\/"},"wordCount":210,"image":{"@id":"https:\/\/www.caudete.org\/ayuntamiento\/el-caudetano-sergio-medina-gana-el-primer-premio-de-la-nit-de-la-imatge-subterrania-2026\/#primaryimage"},"thumbnailUrl":"https:\/\/www.caudete.org\/ayuntamiento\/wp-content\/uploads\/2026\/01\/sergio-medina-barcelona-caudete-digital.jpg","articleSection":["Ayuntamiento"],"inLanguage":"es"},{"@type":"WebPage","@id":"https:\/\/www.caudete.org\/ayuntamiento\/el-caudetano-sergio-medina-gana-el-primer-premio-de-la-nit-de-la-imatge-subterrania-2026\/","url":"https:\/\/www.caudete.org\/ayuntamiento\/el-caudetano-sergio-medina-gana-el-primer-premio-de-la-nit-de-la-imatge-subterrania-2026\/","name":"El caudetano Sergio Medina gana el Primer Premio de la Nit de la Imatge Subterr\u00e0nia 2026 - MI Ayuntamiento de Caudete","isPartOf":{"@id":"https:\/\/www.caudete.org\/ayuntamiento\/#website"},"primaryImageOfPage":{"@id":"https:\/\/www.caudete.org\/ayuntamiento\/el-caudetano-sergio-medina-gana-el-primer-premio-de-la-nit-de-la-imatge-subterrania-2026\/#primaryimage"},"image":{"@id":"https:\/\/www.caudete.org\/ayuntamiento\/el-caudetano-sergio-medina-gana-el-primer-premio-de-la-nit-de-la-imatge-subterrania-2026\/#primaryimage"},"thumbnailUrl":"https:\/\/www.caudete.org\/ayuntamiento\/wp-content\/uploads\/2026\/01\/sergio-medina-barcelona-caudete-digital.jpg","datePublished":"2026-01-27T09:39:19+00:00","dateModified":"2026-01-27T09:39:31+00:00","author":{"@id":"https:\/\/www.caudete.org\/ayuntamiento\/#\/schema\/person\/abfa5ffd5010a14e078c21e6e61b6291"},"description":"P\u00e1gina Oficial del Ayuntamiento de Caudete (Albacete)","breadcrumb":{"@id":"https:\/\/www.caudete.org\/ayuntamiento\/el-caudetano-sergio-medina-gana-el-primer-premio-de-la-nit-de-la-imatge-subterrania-2026\/#breadcrumb"},"inLanguage":"es","potentialAction":[{"@type":"ReadAction","target":["https:\/\/www.caudete.org\/ayuntamiento\/el-caudetano-sergio-medina-gana-el-primer-premio-de-la-nit-de-la-imatge-subterrania-2026\/"]}]},{"@type":"ImageObject","inLanguage":"es","@id":"https:\/\/www.caudete.org\/ayuntamiento\/el-caudetano-sergio-medina-gana-el-primer-premio-de-la-nit-de-la-imatge-subterrania-2026\/#primaryimage","url":"https:\/\/www.caudete.org\/ayuntamiento\/wp-content\/uploads\/2026\/01\/sergio-medina-barcelona-caudete-digital.jpg","contentUrl":"https:\/\/www.caudete.org\/ayuntamiento\/wp-content\/uploads\/2026\/01\/sergio-medina-barcelona-caudete-digital.jpg","width":1000,"height":563},{"@type":"BreadcrumbList","@id":"https:\/\/www.caudete.org\/ayuntamiento\/el-caudetano-sergio-medina-gana-el-primer-premio-de-la-nit-de-la-imatge-subterrania-2026\/#breadcrumb","itemListElement":[{"@type":"ListItem","position":1,"name":"Inicio","item":"https:\/\/www.caudete.org\/ayuntamiento\/"},{"@type":"ListItem","position":2,"name":"El caudetano Sergio Medina gana el Primer Premio de la Nit de la Imatge Subterr\u00e0nia 2026"}]},{"@type":"WebSite","@id":"https:\/\/www.caudete.org\/ayuntamiento\/#website","url":"https:\/\/www.caudete.org\/ayuntamiento\/","name":"MI Ayuntamiento de Caudete","description":"P\u00e1gina Oficial del MI Ayuntamiento de Caudete","potentialAction":[{"@type":"SearchAction","target":{"@type":"EntryPoint","urlTemplate":"https:\/\/www.caudete.org\/ayuntamiento\/?s={search_term_string}"},"query-input":{"@type":"PropertyValueSpecification","valueRequired":true,"valueName":"search_term_string"}}],"inLanguage":"es"},{"@type":"Person","@id":"https:\/\/www.caudete.org\/ayuntamiento\/#\/schema\/person\/abfa5ffd5010a14e078c21e6e61b6291","name":"informatica2","image":{"@type":"ImageObject","inLanguage":"es","@id":"https:\/\/secure.gravatar.com\/avatar\/b089890ff033a3e4d03eec00ecb5a14425217205c513f60ec32ebeaaeb5fa700?s=96&d=mm&r=g","url":"https:\/\/secure.gravatar.com\/avatar\/b089890ff033a3e4d03eec00ecb5a14425217205c513f60ec32ebeaaeb5fa700?s=96&d=mm&r=g","contentUrl":"https:\/\/secure.gravatar.com\/avatar\/b089890ff033a3e4d03eec00ecb5a14425217205c513f60ec32ebeaaeb5fa700?s=96&d=mm&r=g","caption":"informatica2"},"url":"https:\/\/www.caudete.org\/ayuntamiento\/author\/informatica2\/"}]}},"_links":{"self":[{"href":"https:\/\/www.caudete.org\/ayuntamiento\/wp-json\/wp\/v2\/posts\/32428","targetHints":{"allow":["GET"]}}],"collection":[{"href":"https:\/\/www.caudete.org\/ayuntamiento\/wp-json\/wp\/v2\/posts"}],"about":[{"href":"https:\/\/www.caudete.org\/ayuntamiento\/wp-json\/wp\/v2\/types\/post"}],"author":[{"embeddable":true,"href":"https:\/\/www.caudete.org\/ayuntamiento\/wp-json\/wp\/v2\/users\/6"}],"replies":[{"embeddable":true,"href":"https:\/\/www.caudete.org\/ayuntamiento\/wp-json\/wp\/v2\/comments?post=32428"}],"version-history":[{"count":2,"href":"https:\/\/www.caudete.org\/ayuntamiento\/wp-json\/wp\/v2\/posts\/32428\/revisions"}],"predecessor-version":[{"id":32431,"href":"https:\/\/www.caudete.org\/ayuntamiento\/wp-json\/wp\/v2\/posts\/32428\/revisions\/32431"}],"wp:featuredmedia":[{"embeddable":true,"href":"https:\/\/www.caudete.org\/ayuntamiento\/wp-json\/wp\/v2\/media\/32429"}],"wp:attachment":[{"href":"https:\/\/www.caudete.org\/ayuntamiento\/wp-json\/wp\/v2\/media?parent=32428"}],"wp:term":[{"taxonomy":"category","embeddable":true,"href":"https:\/\/www.caudete.org\/ayuntamiento\/wp-json\/wp\/v2\/categories?post=32428"},{"taxonomy":"post_tag","embeddable":true,"href":"https:\/\/www.caudete.org\/ayuntamiento\/wp-json\/wp\/v2\/tags?post=32428"}],"curies":[{"name":"wp","href":"https:\/\/api.w.org\/{rel}","templated":true}]}}