{"id":32833,"date":"2026-03-03T09:31:04","date_gmt":"2026-03-03T08:31:04","guid":{"rendered":"https:\/\/www.caudete.org\/ayuntamiento\/?p=32833"},"modified":"2026-03-31T09:42:52","modified_gmt":"2026-03-31T07:42:52","slug":"juventud-presenta-una-variada-agenda-de-actividades-para-el-mes-de-marzo","status":"publish","type":"post","link":"https:\/\/www.caudete.org\/ayuntamiento\/juventud-presenta-una-variada-agenda-de-actividades-para-el-mes-de-marzo\/","title":{"rendered":"Juventud presenta una variada agenda de actividades para el mes de marzo"},"content":{"rendered":"<p style=\"text-align: justify;\"><em>La programaci\u00f3n incluye el aniversario de la Sala Joven, cortometrajes educativos, la Feria del Estudiante y un taller intergeneracional durante Semana Santa.<\/em><\/p>\n<p style=\"text-align: justify;\">La Concejal\u00eda de Juventud presenta la programaci\u00f3n prevista para el mes de marzo, que contempla propuestas culturales, educativas y de ocio dirigidas a distintos sectores de la poblaci\u00f3n.<\/p>\n<p>La primera cita destacada ser\u00e1 el pr\u00f3ximo <strong>17 de marzo<\/strong>, con la celebraci\u00f3n del <strong>Aniversario de la Sala Joven<\/strong>, en horario de 16:30 a 20:30 horas. Todos los j\u00f3venes que se acerquen a la Sala Joven podr\u00e1n disfrutar de una tarde especial con actividades creativas dise\u00f1adas para sorprender a los asistentes y fomentar la participaci\u00f3n.<\/p>\n<p>Dentro del \u00e1mbito educativo, y junto con la Concejal\u00eda de Cultura, los d\u00edas <strong>24 y 25 de marzo<\/strong> se celebrar\u00e1n en el Auditorio Municipal de Caudete las sesiones de <strong>Abycinitos<\/strong> y <strong>Mi primer Abycine<\/strong>.<\/p>\n<p>Se trata de una iniciativa que busca fomentar la cultura cinematogr\u00e1fica entre la poblaci\u00f3n m\u00e1s joven, combinando el descubrimiento de narrativas del cortometraje con el tratamiento de valores y tem\u00e1ticas propias del universo juvenil. Estas secciones nacieron en 2006 fruto de la apuesta de Abycine y la Diputaci\u00f3n Provincial de Albacete por educar la mirada de nuevos p\u00fablicos, apoy\u00e1ndose en la formaci\u00f3n audiovisual y en el cortometraje internacional.<\/p>\n<p>El programa incluye pases especiales matinales concertados para alumnado de Educaci\u00f3n Primaria y Secundaria, dirigidos a edades comprendidas entre los 4 y los 16 a\u00f1os<\/p>\n<p style=\"text-align: justify;\">El <strong>26 de marzo<\/strong>, en horario de 9:30 a 14:00 horas, tendr\u00e1 lugar la <strong>Feria del Estudiante \u2013 Aula Caudete<\/strong> en \u201cLa Sala\u201d, un evento abierto a toda la ciudadan\u00eda.<\/p>\n<p>La iniciativa organizada por las Concejal\u00edas de Juventud y Educaci\u00f3n reunir\u00e1 estands informativos de universidades, ciclos formativos, academias, cuerpos de seguridad y empresas locales, con el objetivo de orientar a estudiantes y familias sobre las distintas opciones acad\u00e9micas y profesionales, facilitando as\u00ed la toma de decisiones sobre su futuro formativo y laboral.<\/p>\n<p>La programaci\u00f3n concluir\u00e1 el <strong>30 de marzo<\/strong>, coincidiendo con el periodo vacacional de Semana Santa, con el Taller Intergeneracional <strong>\u201cQueso, tradici\u00f3n y diversi\u00f3n\u201d<\/strong>.<\/p>\n<p>La actividad, dirigida a j\u00f3venes a partir de 10 a\u00f1os junto a abuel@s, se celebrar\u00e1 a las 11:30 horas en la Sala Joven y consistir\u00e1 en la elaboraci\u00f3n de queso fresco, combinando aprendizaje, tradici\u00f3n y convivencia entre generaciones.<\/p>\n<p>Las inscripciones podr\u00e1n formalizarse en la Sala Joven hasta el <strong>20 de marzo<\/strong>.<\/p>\n<p>Con esta agenda, la Concejal\u00eda de Juventud contin\u00faa promoviendo iniciativas que fomentan la participaci\u00f3n, la formaci\u00f3n y el ocio saludable en el municipio, consolidando espacios de encuentro y aprendizaje para la juventud de Caudete.<\/p>\n<p style=\"text-align: justify;\"><a href=\"https:\/\/www.caudete.org\/ayuntamiento\/wp-content\/uploads\/2026\/03\/ACTIVIDADES-SALA-JOVEN-MARZO-\u00b426-2.jpg\" rel='prettyPhoto'><img fetchpriority=\"high\" decoding=\"async\" class=\"alignnone wp-image-32836 size-full\" src=\"https:\/\/www.caudete.org\/ayuntamiento\/wp-content\/uploads\/2026\/03\/ACTIVIDADES-SALA-JOVEN-MARZO-\u00b426-2.jpg\" alt=\"\" width=\"1000\" height=\"1414\" srcset=\"https:\/\/www.caudete.org\/ayuntamiento\/wp-content\/uploads\/2026\/03\/ACTIVIDADES-SALA-JOVEN-MARZO-\u00b426-2.jpg 1000w, https:\/\/www.caudete.org\/ayuntamiento\/wp-content\/uploads\/2026\/03\/ACTIVIDADES-SALA-JOVEN-MARZO-\u00b426-2-566x800.jpg 566w, https:\/\/www.caudete.org\/ayuntamiento\/wp-content\/uploads\/2026\/03\/ACTIVIDADES-SALA-JOVEN-MARZO-\u00b426-2-636x900.jpg 636w, https:\/\/www.caudete.org\/ayuntamiento\/wp-content\/uploads\/2026\/03\/ACTIVIDADES-SALA-JOVEN-MARZO-\u00b426-2-156x220.jpg 156w, https:\/\/www.caudete.org\/ayuntamiento\/wp-content\/uploads\/2026\/03\/ACTIVIDADES-SALA-JOVEN-MARZO-\u00b426-2-768x1086.jpg 768w\" sizes=\"(max-width: 1000px) 100vw, 1000px\" \/><\/a><\/p>\n","protected":false},"excerpt":{"rendered":"<p>La programaci\u00f3n incluye el aniversario de la Sala Joven, cortometrajes educativos, la Feria del Estudiante y un taller intergeneracional durante Semana Santa. La Concejal\u00eda de Juventud presenta la programaci\u00f3n prevista para el mes de marzo, que contempla propuestas culturales, educativas y de ocio dirigidas a distintos sectores de la poblaci\u00f3n. La primera cita destacada ser\u00e1 &hellip;<\/p>\n","protected":false},"author":6,"featured_media":27627,"comment_status":"closed","ping_status":"open","sticky":false,"template":"","format":"standard","meta":{"ngg_post_thumbnail":0,"footnotes":""},"categories":[121],"tags":[],"class_list":["post-32833","post","type-post","status-publish","format-standard","has-post-thumbnail","hentry","category-juventud-2"],"yoast_head":"<!-- This site is optimized with the Yoast SEO plugin v27.4 - https:\/\/yoast.com\/product\/yoast-seo-wordpress\/ -->\n<title>Juventud presenta una variada agenda de actividades para el mes de marzo - MI Ayuntamiento de Caudete<\/title>\n<meta name=\"description\" content=\"P\u00e1gina Oficial del Ayuntamiento de Caudete (Albacete)\" \/>\n<meta name=\"robots\" content=\"index, follow, max-snippet:-1, max-image-preview:large, max-video-preview:-1\" \/>\n<link rel=\"canonical\" href=\"https:\/\/www.caudete.org\/ayuntamiento\/juventud-presenta-una-variada-agenda-de-actividades-para-el-mes-de-marzo\/\" \/>\n<meta property=\"og:locale\" content=\"es_ES\" \/>\n<meta property=\"og:type\" content=\"article\" \/>\n<meta property=\"og:title\" content=\"Juventud presenta una variada agenda de actividades para el mes de marzo - MI Ayuntamiento de Caudete\" \/>\n<meta property=\"og:description\" content=\"P\u00e1gina Oficial del Ayuntamiento de Caudete (Albacete)\" \/>\n<meta property=\"og:url\" content=\"https:\/\/www.caudete.org\/ayuntamiento\/juventud-presenta-una-variada-agenda-de-actividades-para-el-mes-de-marzo\/\" \/>\n<meta property=\"og:site_name\" content=\"MI Ayuntamiento de Caudete\" \/>\n<meta property=\"article:publisher\" content=\"https:\/\/www.facebook.com\/ayuntamientocaudete\/\" \/>\n<meta property=\"article:published_time\" content=\"2026-03-03T08:31:04+00:00\" \/>\n<meta property=\"article:modified_time\" content=\"2026-03-31T07:42:52+00:00\" \/>\n<meta property=\"og:image\" content=\"https:\/\/www.caudete.org\/ayuntamiento\/wp-content\/uploads\/2025\/02\/SALA-JOVEN-Logo-portada.jpg\" \/>\n\t<meta property=\"og:image:width\" content=\"1000\" \/>\n\t<meta property=\"og:image:height\" content=\"372\" \/>\n\t<meta property=\"og:image:type\" content=\"image\/jpeg\" \/>\n<meta name=\"author\" content=\"informatica2\" \/>\n<meta name=\"twitter:card\" content=\"summary_large_image\" \/>\n<meta name=\"twitter:label1\" content=\"Escrito por\" \/>\n\t<meta name=\"twitter:data1\" content=\"informatica2\" \/>\n\t<meta name=\"twitter:label2\" content=\"Tiempo de lectura\" \/>\n\t<meta name=\"twitter:data2\" content=\"3 minutos\" \/>\n<script type=\"application\/ld+json\" class=\"yoast-schema-graph\">{\"@context\":\"https:\\\/\\\/schema.org\",\"@graph\":[{\"@type\":\"Article\",\"@id\":\"https:\\\/\\\/www.caudete.org\\\/ayuntamiento\\\/juventud-presenta-una-variada-agenda-de-actividades-para-el-mes-de-marzo\\\/#article\",\"isPartOf\":{\"@id\":\"https:\\\/\\\/www.caudete.org\\\/ayuntamiento\\\/juventud-presenta-una-variada-agenda-de-actividades-para-el-mes-de-marzo\\\/\"},\"author\":{\"name\":\"informatica2\",\"@id\":\"https:\\\/\\\/www.caudete.org\\\/ayuntamiento\\\/#\\\/schema\\\/person\\\/abfa5ffd5010a14e078c21e6e61b6291\"},\"headline\":\"Juventud presenta una variada agenda de actividades para el mes de marzo\",\"datePublished\":\"2026-03-03T08:31:04+00:00\",\"dateModified\":\"2026-03-31T07:42:52+00:00\",\"mainEntityOfPage\":{\"@id\":\"https:\\\/\\\/www.caudete.org\\\/ayuntamiento\\\/juventud-presenta-una-variada-agenda-de-actividades-para-el-mes-de-marzo\\\/\"},\"wordCount\":458,\"publisher\":{\"@id\":\"https:\\\/\\\/www.caudete.org\\\/ayuntamiento\\\/#organization\"},\"image\":{\"@id\":\"https:\\\/\\\/www.caudete.org\\\/ayuntamiento\\\/juventud-presenta-una-variada-agenda-de-actividades-para-el-mes-de-marzo\\\/#primaryimage\"},\"thumbnailUrl\":\"https:\\\/\\\/www.caudete.org\\\/ayuntamiento\\\/wp-content\\\/uploads\\\/2025\\\/02\\\/SALA-JOVEN-Logo-portada.jpg\",\"articleSection\":[\"Juventud\"],\"inLanguage\":\"es\"},{\"@type\":\"WebPage\",\"@id\":\"https:\\\/\\\/www.caudete.org\\\/ayuntamiento\\\/juventud-presenta-una-variada-agenda-de-actividades-para-el-mes-de-marzo\\\/\",\"url\":\"https:\\\/\\\/www.caudete.org\\\/ayuntamiento\\\/juventud-presenta-una-variada-agenda-de-actividades-para-el-mes-de-marzo\\\/\",\"name\":\"Juventud presenta una variada agenda de actividades para el mes de marzo - MI Ayuntamiento de Caudete\",\"isPartOf\":{\"@id\":\"https:\\\/\\\/www.caudete.org\\\/ayuntamiento\\\/#website\"},\"primaryImageOfPage\":{\"@id\":\"https:\\\/\\\/www.caudete.org\\\/ayuntamiento\\\/juventud-presenta-una-variada-agenda-de-actividades-para-el-mes-de-marzo\\\/#primaryimage\"},\"image\":{\"@id\":\"https:\\\/\\\/www.caudete.org\\\/ayuntamiento\\\/juventud-presenta-una-variada-agenda-de-actividades-para-el-mes-de-marzo\\\/#primaryimage\"},\"thumbnailUrl\":\"https:\\\/\\\/www.caudete.org\\\/ayuntamiento\\\/wp-content\\\/uploads\\\/2025\\\/02\\\/SALA-JOVEN-Logo-portada.jpg\",\"datePublished\":\"2026-03-03T08:31:04+00:00\",\"dateModified\":\"2026-03-31T07:42:52+00:00\",\"description\":\"P\u00e1gina Oficial del Ayuntamiento de Caudete (Albacete)\",\"breadcrumb\":{\"@id\":\"https:\\\/\\\/www.caudete.org\\\/ayuntamiento\\\/juventud-presenta-una-variada-agenda-de-actividades-para-el-mes-de-marzo\\\/#breadcrumb\"},\"inLanguage\":\"es\",\"potentialAction\":[{\"@type\":\"ReadAction\",\"target\":[\"https:\\\/\\\/www.caudete.org\\\/ayuntamiento\\\/juventud-presenta-una-variada-agenda-de-actividades-para-el-mes-de-marzo\\\/\"]}]},{\"@type\":\"ImageObject\",\"inLanguage\":\"es\",\"@id\":\"https:\\\/\\\/www.caudete.org\\\/ayuntamiento\\\/juventud-presenta-una-variada-agenda-de-actividades-para-el-mes-de-marzo\\\/#primaryimage\",\"url\":\"https:\\\/\\\/www.caudete.org\\\/ayuntamiento\\\/wp-content\\\/uploads\\\/2025\\\/02\\\/SALA-JOVEN-Logo-portada.jpg\",\"contentUrl\":\"https:\\\/\\\/www.caudete.org\\\/ayuntamiento\\\/wp-content\\\/uploads\\\/2025\\\/02\\\/SALA-JOVEN-Logo-portada.jpg\",\"width\":1000,\"height\":372},{\"@type\":\"BreadcrumbList\",\"@id\":\"https:\\\/\\\/www.caudete.org\\\/ayuntamiento\\\/juventud-presenta-una-variada-agenda-de-actividades-para-el-mes-de-marzo\\\/#breadcrumb\",\"itemListElement\":[{\"@type\":\"ListItem\",\"position\":1,\"name\":\"Inicio\",\"item\":\"https:\\\/\\\/www.caudete.org\\\/ayuntamiento\\\/\"},{\"@type\":\"ListItem\",\"position\":2,\"name\":\"Juventud presenta una variada agenda de actividades para el mes de marzo\"}]},{\"@type\":\"WebSite\",\"@id\":\"https:\\\/\\\/www.caudete.org\\\/ayuntamiento\\\/#website\",\"url\":\"https:\\\/\\\/www.caudete.org\\\/ayuntamiento\\\/\",\"name\":\"MI Ayuntamiento de Caudete\",\"description\":\"P\u00e1gina Oficial del MI Ayuntamiento de Caudete\",\"publisher\":{\"@id\":\"https:\\\/\\\/www.caudete.org\\\/ayuntamiento\\\/#organization\"},\"potentialAction\":[{\"@type\":\"SearchAction\",\"target\":{\"@type\":\"EntryPoint\",\"urlTemplate\":\"https:\\\/\\\/www.caudete.org\\\/ayuntamiento\\\/?s={search_term_string}\"},\"query-input\":{\"@type\":\"PropertyValueSpecification\",\"valueRequired\":true,\"valueName\":\"search_term_string\"}}],\"inLanguage\":\"es\"},{\"@type\":\"Organization\",\"@id\":\"https:\\\/\\\/www.caudete.org\\\/ayuntamiento\\\/#organization\",\"name\":\"Ayuntamiento de Caudete\",\"url\":\"https:\\\/\\\/www.caudete.org\\\/ayuntamiento\\\/\",\"logo\":{\"@type\":\"ImageObject\",\"inLanguage\":\"es\",\"@id\":\"https:\\\/\\\/www.caudete.org\\\/ayuntamiento\\\/#\\\/schema\\\/logo\\\/image\\\/\",\"url\":\"https:\\\/\\\/www.caudete.org\\\/ayuntamiento\\\/wp-content\\\/uploads\\\/2020\\\/11\\\/logo_ayuntamiento_caudete.jpg\",\"contentUrl\":\"https:\\\/\\\/www.caudete.org\\\/ayuntamiento\\\/wp-content\\\/uploads\\\/2020\\\/11\\\/logo_ayuntamiento_caudete.jpg\",\"width\":600,\"height\":150,\"caption\":\"Ayuntamiento de Caudete\"},\"image\":{\"@id\":\"https:\\\/\\\/www.caudete.org\\\/ayuntamiento\\\/#\\\/schema\\\/logo\\\/image\\\/\"},\"sameAs\":[\"https:\\\/\\\/www.facebook.com\\\/ayuntamientocaudete\\\/\",\"https:\\\/\\\/www.youtube.com\\\/channel\\\/UC6VztHaooNsGpw-tNoBEFnQ\"]},{\"@type\":\"Person\",\"@id\":\"https:\\\/\\\/www.caudete.org\\\/ayuntamiento\\\/#\\\/schema\\\/person\\\/abfa5ffd5010a14e078c21e6e61b6291\",\"name\":\"informatica2\",\"image\":{\"@type\":\"ImageObject\",\"inLanguage\":\"es\",\"@id\":\"https:\\\/\\\/secure.gravatar.com\\\/avatar\\\/b089890ff033a3e4d03eec00ecb5a14425217205c513f60ec32ebeaaeb5fa700?s=96&d=mm&r=g\",\"url\":\"https:\\\/\\\/secure.gravatar.com\\\/avatar\\\/b089890ff033a3e4d03eec00ecb5a14425217205c513f60ec32ebeaaeb5fa700?s=96&d=mm&r=g\",\"contentUrl\":\"https:\\\/\\\/secure.gravatar.com\\\/avatar\\\/b089890ff033a3e4d03eec00ecb5a14425217205c513f60ec32ebeaaeb5fa700?s=96&d=mm&r=g\",\"caption\":\"informatica2\"},\"url\":\"https:\\\/\\\/www.caudete.org\\\/ayuntamiento\\\/author\\\/informatica2\\\/\"}]}<\/script>\n<!-- \/ Yoast SEO plugin. -->","yoast_head_json":{"title":"Juventud presenta una variada agenda de actividades para el mes de marzo - MI Ayuntamiento de Caudete","description":"P\u00e1gina Oficial del Ayuntamiento de Caudete (Albacete)","robots":{"index":"index","follow":"follow","max-snippet":"max-snippet:-1","max-image-preview":"max-image-preview:large","max-video-preview":"max-video-preview:-1"},"canonical":"https:\/\/www.caudete.org\/ayuntamiento\/juventud-presenta-una-variada-agenda-de-actividades-para-el-mes-de-marzo\/","og_locale":"es_ES","og_type":"article","og_title":"Juventud presenta una variada agenda de actividades para el mes de marzo - MI Ayuntamiento de Caudete","og_description":"P\u00e1gina Oficial del Ayuntamiento de Caudete (Albacete)","og_url":"https:\/\/www.caudete.org\/ayuntamiento\/juventud-presenta-una-variada-agenda-de-actividades-para-el-mes-de-marzo\/","og_site_name":"MI Ayuntamiento de Caudete","article_publisher":"https:\/\/www.facebook.com\/ayuntamientocaudete\/","article_published_time":"2026-03-03T08:31:04+00:00","article_modified_time":"2026-03-31T07:42:52+00:00","og_image":[{"width":1000,"height":372,"url":"https:\/\/www.caudete.org\/ayuntamiento\/wp-content\/uploads\/2025\/02\/SALA-JOVEN-Logo-portada.jpg","type":"image\/jpeg"}],"author":"informatica2","twitter_card":"summary_large_image","twitter_misc":{"Escrito por":"informatica2","Tiempo de lectura":"3 minutos"},"schema":{"@context":"https:\/\/schema.org","@graph":[{"@type":"Article","@id":"https:\/\/www.caudete.org\/ayuntamiento\/juventud-presenta-una-variada-agenda-de-actividades-para-el-mes-de-marzo\/#article","isPartOf":{"@id":"https:\/\/www.caudete.org\/ayuntamiento\/juventud-presenta-una-variada-agenda-de-actividades-para-el-mes-de-marzo\/"},"author":{"name":"informatica2","@id":"https:\/\/www.caudete.org\/ayuntamiento\/#\/schema\/person\/abfa5ffd5010a14e078c21e6e61b6291"},"headline":"Juventud presenta una variada agenda de actividades para el mes de marzo","datePublished":"2026-03-03T08:31:04+00:00","dateModified":"2026-03-31T07:42:52+00:00","mainEntityOfPage":{"@id":"https:\/\/www.caudete.org\/ayuntamiento\/juventud-presenta-una-variada-agenda-de-actividades-para-el-mes-de-marzo\/"},"wordCount":458,"publisher":{"@id":"https:\/\/www.caudete.org\/ayuntamiento\/#organization"},"image":{"@id":"https:\/\/www.caudete.org\/ayuntamiento\/juventud-presenta-una-variada-agenda-de-actividades-para-el-mes-de-marzo\/#primaryimage"},"thumbnailUrl":"https:\/\/www.caudete.org\/ayuntamiento\/wp-content\/uploads\/2025\/02\/SALA-JOVEN-Logo-portada.jpg","articleSection":["Juventud"],"inLanguage":"es"},{"@type":"WebPage","@id":"https:\/\/www.caudete.org\/ayuntamiento\/juventud-presenta-una-variada-agenda-de-actividades-para-el-mes-de-marzo\/","url":"https:\/\/www.caudete.org\/ayuntamiento\/juventud-presenta-una-variada-agenda-de-actividades-para-el-mes-de-marzo\/","name":"Juventud presenta una variada agenda de actividades para el mes de marzo - MI Ayuntamiento de Caudete","isPartOf":{"@id":"https:\/\/www.caudete.org\/ayuntamiento\/#website"},"primaryImageOfPage":{"@id":"https:\/\/www.caudete.org\/ayuntamiento\/juventud-presenta-una-variada-agenda-de-actividades-para-el-mes-de-marzo\/#primaryimage"},"image":{"@id":"https:\/\/www.caudete.org\/ayuntamiento\/juventud-presenta-una-variada-agenda-de-actividades-para-el-mes-de-marzo\/#primaryimage"},"thumbnailUrl":"https:\/\/www.caudete.org\/ayuntamiento\/wp-content\/uploads\/2025\/02\/SALA-JOVEN-Logo-portada.jpg","datePublished":"2026-03-03T08:31:04+00:00","dateModified":"2026-03-31T07:42:52+00:00","description":"P\u00e1gina Oficial del Ayuntamiento de Caudete (Albacete)","breadcrumb":{"@id":"https:\/\/www.caudete.org\/ayuntamiento\/juventud-presenta-una-variada-agenda-de-actividades-para-el-mes-de-marzo\/#breadcrumb"},"inLanguage":"es","potentialAction":[{"@type":"ReadAction","target":["https:\/\/www.caudete.org\/ayuntamiento\/juventud-presenta-una-variada-agenda-de-actividades-para-el-mes-de-marzo\/"]}]},{"@type":"ImageObject","inLanguage":"es","@id":"https:\/\/www.caudete.org\/ayuntamiento\/juventud-presenta-una-variada-agenda-de-actividades-para-el-mes-de-marzo\/#primaryimage","url":"https:\/\/www.caudete.org\/ayuntamiento\/wp-content\/uploads\/2025\/02\/SALA-JOVEN-Logo-portada.jpg","contentUrl":"https:\/\/www.caudete.org\/ayuntamiento\/wp-content\/uploads\/2025\/02\/SALA-JOVEN-Logo-portada.jpg","width":1000,"height":372},{"@type":"BreadcrumbList","@id":"https:\/\/www.caudete.org\/ayuntamiento\/juventud-presenta-una-variada-agenda-de-actividades-para-el-mes-de-marzo\/#breadcrumb","itemListElement":[{"@type":"ListItem","position":1,"name":"Inicio","item":"https:\/\/www.caudete.org\/ayuntamiento\/"},{"@type":"ListItem","position":2,"name":"Juventud presenta una variada agenda de actividades para el mes de marzo"}]},{"@type":"WebSite","@id":"https:\/\/www.caudete.org\/ayuntamiento\/#website","url":"https:\/\/www.caudete.org\/ayuntamiento\/","name":"MI Ayuntamiento de Caudete","description":"P\u00e1gina Oficial del MI Ayuntamiento de Caudete","publisher":{"@id":"https:\/\/www.caudete.org\/ayuntamiento\/#organization"},"potentialAction":[{"@type":"SearchAction","target":{"@type":"EntryPoint","urlTemplate":"https:\/\/www.caudete.org\/ayuntamiento\/?s={search_term_string}"},"query-input":{"@type":"PropertyValueSpecification","valueRequired":true,"valueName":"search_term_string"}}],"inLanguage":"es"},{"@type":"Organization","@id":"https:\/\/www.caudete.org\/ayuntamiento\/#organization","name":"Ayuntamiento de Caudete","url":"https:\/\/www.caudete.org\/ayuntamiento\/","logo":{"@type":"ImageObject","inLanguage":"es","@id":"https:\/\/www.caudete.org\/ayuntamiento\/#\/schema\/logo\/image\/","url":"https:\/\/www.caudete.org\/ayuntamiento\/wp-content\/uploads\/2020\/11\/logo_ayuntamiento_caudete.jpg","contentUrl":"https:\/\/www.caudete.org\/ayuntamiento\/wp-content\/uploads\/2020\/11\/logo_ayuntamiento_caudete.jpg","width":600,"height":150,"caption":"Ayuntamiento de Caudete"},"image":{"@id":"https:\/\/www.caudete.org\/ayuntamiento\/#\/schema\/logo\/image\/"},"sameAs":["https:\/\/www.facebook.com\/ayuntamientocaudete\/","https:\/\/www.youtube.com\/channel\/UC6VztHaooNsGpw-tNoBEFnQ"]},{"@type":"Person","@id":"https:\/\/www.caudete.org\/ayuntamiento\/#\/schema\/person\/abfa5ffd5010a14e078c21e6e61b6291","name":"informatica2","image":{"@type":"ImageObject","inLanguage":"es","@id":"https:\/\/secure.gravatar.com\/avatar\/b089890ff033a3e4d03eec00ecb5a14425217205c513f60ec32ebeaaeb5fa700?s=96&d=mm&r=g","url":"https:\/\/secure.gravatar.com\/avatar\/b089890ff033a3e4d03eec00ecb5a14425217205c513f60ec32ebeaaeb5fa700?s=96&d=mm&r=g","contentUrl":"https:\/\/secure.gravatar.com\/avatar\/b089890ff033a3e4d03eec00ecb5a14425217205c513f60ec32ebeaaeb5fa700?s=96&d=mm&r=g","caption":"informatica2"},"url":"https:\/\/www.caudete.org\/ayuntamiento\/author\/informatica2\/"}]}},"_links":{"self":[{"href":"https:\/\/www.caudete.org\/ayuntamiento\/wp-json\/wp\/v2\/posts\/32833","targetHints":{"allow":["GET"]}}],"collection":[{"href":"https:\/\/www.caudete.org\/ayuntamiento\/wp-json\/wp\/v2\/posts"}],"about":[{"href":"https:\/\/www.caudete.org\/ayuntamiento\/wp-json\/wp\/v2\/types\/post"}],"author":[{"embeddable":true,"href":"https:\/\/www.caudete.org\/ayuntamiento\/wp-json\/wp\/v2\/users\/6"}],"replies":[{"embeddable":true,"href":"https:\/\/www.caudete.org\/ayuntamiento\/wp-json\/wp\/v2\/comments?post=32833"}],"version-history":[{"count":7,"href":"https:\/\/www.caudete.org\/ayuntamiento\/wp-json\/wp\/v2\/posts\/32833\/revisions"}],"predecessor-version":[{"id":32843,"href":"https:\/\/www.caudete.org\/ayuntamiento\/wp-json\/wp\/v2\/posts\/32833\/revisions\/32843"}],"wp:featuredmedia":[{"embeddable":true,"href":"https:\/\/www.caudete.org\/ayuntamiento\/wp-json\/wp\/v2\/media\/27627"}],"wp:attachment":[{"href":"https:\/\/www.caudete.org\/ayuntamiento\/wp-json\/wp\/v2\/media?parent=32833"}],"wp:term":[{"taxonomy":"category","embeddable":true,"href":"https:\/\/www.caudete.org\/ayuntamiento\/wp-json\/wp\/v2\/categories?post=32833"},{"taxonomy":"post_tag","embeddable":true,"href":"https:\/\/www.caudete.org\/ayuntamiento\/wp-json\/wp\/v2\/tags?post=32833"}],"curies":[{"name":"wp","href":"https:\/\/api.w.org\/{rel}","templated":true}]}}