{"id":32847,"date":"2026-03-04T14:12:32","date_gmt":"2026-03-04T13:12:32","guid":{"rendered":"https:\/\/www.caudete.org\/ayuntamiento\/?p=32847"},"modified":"2026-03-11T09:03:51","modified_gmt":"2026-03-11T08:03:51","slug":"caudete-recupera-la-estabilidad-con-un-presupuesto-2026-equilibrado-y-orientado-al-crecimiento","status":"publish","type":"post","link":"https:\/\/www.caudete.org\/ayuntamiento\/caudete-recupera-la-estabilidad-con-un-presupuesto-2026-equilibrado-y-orientado-al-crecimiento\/","title":{"rendered":"Caudete recupera la estabilidad con un Presupuesto 2026 equilibrado y orientado al crecimiento"},"content":{"rendered":"<p><strong>Desde la Concejal\u00eda de Hacienda del M.I. Ayuntamiento de <\/strong><strong>Caudete<\/strong><strong>, Mar\u00eda Mart\u00ednez Garc\u00eda ha destacado que el<\/strong> <strong>Presupuesto Municipal 2026 inicia ahora su periodo de exposici\u00f3n p\u00fablica<\/strong>, confiando en que no se presenten alegaciones para que pueda quedar aprobado definitivamente en las pr\u00f3ximas semanas y comenzar su ejecuci\u00f3n plena cuanto antes.<\/p>\n<p>La concejal ha querido subrayar que este documento es <strong>fruto del trabajo coordinado y del entendimiento dentro del Equipo de Gobierno<\/strong>, bajo el liderazgo del alcalde <strong>Jos\u00e9 Miguel Moll\u00e1 Nieto<\/strong> (VOX) y del primer teniente de alcalde <strong>Mois\u00e9s L\u00f3pez Mart\u00ednez<\/strong> (PP), cuya colaboraci\u00f3n constante ha permitido consolidar estabilidad financiera.<\/p>\n<p>Este equipo de gobierno ha corregido un importante desequilibrio econ\u00f3mico y ahora el Ayuntamiento de Caudete cumple con la <strong>estabilidad, autonom\u00eda financiera y capacidad real de inversi\u00f3n.<\/strong><\/p>\n<p><strong>Caudete escribe una nueva etapa de estabilidad, inversi\u00f3n y responsabilidad.<\/strong><\/p>\n<p>Hay presupuestos que son n\u00fameros.<br \/>\nY hay presupuestos que cuentan una historia.<\/p>\n<p>El Presupuesto Municipal 2026 de Caudete no es solo una cifra \u2014<strong>12,8 millones de euros equilibrados<\/strong>\u2014.<strong> Se corrige un desajuste de m\u00e1s de un mill\u00f3n de euros<\/strong>, recupera estabilidad financiera y vuelve a tener margen para decidir su futuro.<\/p>\n<p>Venimos de a\u00f1os complicados. De reglas fiscales suspendidas, de una estructura econ\u00f3mica que necesitaba ajustes y de decisiones que hab\u00eda que tomar con valent\u00eda. Fue necesario aprobar un <strong>Plan Econ\u00f3mico Financiero a dos a\u00f1os 2025-2026, para corregir el rumbo. Hoy, ese plan est\u00e1 cancelado antes de tiempo.<\/strong><\/p>\n<ul>\n<li>Eso significa algo muy sencillo:<\/li>\n<\/ul>\n<p><strong>Las cuentas est\u00e1n ordenadas.<br \/>\nEl Ayuntamiento tiene autonom\u00eda.<br \/>\nY Caudete puede avanzar con seguridad.<\/strong><\/p>\n<h3><strong>Un presupuesto pensado para el d\u00eda a d\u00eda de las personas<\/strong><\/h3>\n<p>M\u00e1s de la mitad del presupuesto se destina a<strong> mantener los servicios p\u00fablicos y garantizar el funcionamiento del Ayuntamiento<\/strong>: trabajadores municipales, atenci\u00f3n directa, mantenimiento.<\/p>\n<p>No se ampl\u00eda plantilla.<br \/>\n<strong>Se reorganiza y se optimiza.<\/strong><\/p>\n<p>Porque gestionar bien tambi\u00e9n es saber ajustar.<\/p>\n<p>Se refuerzan <strong>servicios esenciales como:<\/strong><\/p>\n<ul>\n<li><strong>Recogida de basura<\/strong><\/li>\n<li><strong>Limpieza viaria<\/strong><\/li>\n<li><strong>Servicio Integral recogida de animales y gesti\u00f3n de albergue animal.<\/strong><\/li>\n<li><strong>Seguridad y equipamiento<\/strong><\/li>\n<li><strong>Mantenimiento urbano<\/strong><\/li>\n<\/ul>\n<p><strong>No se trata de gastar m\u00e1s por gastar, se trata de que los servicios que usamos cada d\u00eda funcione mejor.<\/strong><\/p>\n<p><strong>El presupuesto m\u00e1s inversor en a\u00f1os con fondos propios<\/strong><\/p>\n<p>2026 es un a\u00f1o inversor, con financiaci\u00f3n propia, <strong>m\u00e1s de 640.000 euros de fondos municipales, es decir los fondos propios, <\/strong> a los que se sumar\u00e1n remanentes afectados.<\/p>\n<p>\u00bfD\u00f3nde se invierte?<\/p>\n<p><strong>Agua e infraestructuras hidr\u00e1ulicas<\/strong><br \/>\nPorque el agua no es ideolog\u00eda. Es una obligaci\u00f3n.<\/p>\n<p><strong>Mejora urbana y parques<\/strong><br \/>\nPorque el espacio p\u00fablico es de todos.<\/p>\n<p><strong>Servicios sociales y mayores<\/strong><br \/>\nPorque una sociedad se mide por c\u00f3mo cuida a los suyos.<\/p>\n<p><strong>Seguridad<\/strong><br \/>\nPorque la tranquilidad no tiene color pol\u00edtico.<\/p>\n<p><strong>Deporte, cultura y educaci\u00f3n<\/strong><br \/>\nPorque un pueblo vivo necesita oportunidades y actividad.<\/p>\n<p>Adem\u00e1s, <strong>la venta de solares municipales no financia gasto corriente. Se destina exclusivamente a inversi\u00f3n. <\/strong>Es decir: se transforma patrimonio en desarrollo y prosperidad para Caudete y los caudetanos.<\/p>\n<p>No estamos gastando,<strong> estamos invirtiendo en desarrollo y prosperidad.<\/strong><\/p>\n<p><strong>Un presupuesto solidario<\/strong><\/p>\n<p>M\u00e1s de <strong>114.000 euros se destinan directamente al tejido asociativo de Caudete<\/strong>: asociaciones sociales, culturales, deportivas, educativas y de ayuda humanitaria.<\/p>\n<p>Porque <strong>Caudete no lo hace solo el Ayuntamiento<\/strong>.<br \/>\n<strong>Lo hacen sus asociaciones.<br \/>\nLo hacen sus voluntarios.<br \/>\nLo hace su gente.<\/strong><\/p>\n<p><strong>Ingresos prudentes, sin inflar cifras<\/strong><\/p>\n<p><strong>No hay subidas de tipos impositivos.<\/strong><\/p>\n<p>Algunos <strong>impuestos incluso se ajustan a la baja <\/strong>en previsi\u00f3n realista.<br \/>\n<strong>Las tasas se actualizan para cubrir el coste real de los servicios, sin generar d\u00e9ficit.<\/strong><\/p>\n<p><strong>El Ayuntamiento es como en cualquier casa<\/strong>: si la luz cuesta m\u00e1s, hay que ajustar el presupuesto para poder seguir encendiendo las luces sin quitar dinero de otras necesidades.&nbsp;<strong>Cada euro se calcula desde la prudencia.<\/strong><\/p>\n<h3><strong>M\u00e1s all\u00e1 de la pol\u00edtica<\/strong><\/h3>\n<p><strong>Este presupuesto ha sido consensuado por el Equipo de Gobierno (PPVOX)<\/strong>. Pero m\u00e1s all\u00e1 de siglas, <strong>es un documento que afecta a todos.<\/strong><\/p>\n<ul>\n<li>A quien pasea por el parque.<\/li>\n<li>A quien lleva a su hijo al colegio.<\/li>\n<li>A quien abre un negocio.<\/li>\n<li>A quien utiliza la piscina.<\/li>\n<li>A quien necesita ayuda social.<\/li>\n<li>A quien quiere un pueblo seguro y con futuro.<\/li>\n<\/ul>\n<p><strong>Caudete es plural, y su presupuesto tambi\u00e9n piensa en esa pluralidad.<\/strong><\/p>\n<p><strong> \u201cEl Equipo de Gobierno (PPVOX) mira al futuro con estabilidad, inversi\u00f3n y responsabilidad\u201d<\/strong><\/p>\n<h3><strong>Un mensaje claro para 2026 <\/strong><\/h3>\n<h3><strong>Tranquilidad.<br \/>\nEstabilidad.<br \/>\nInversi\u00f3n responsable.<\/strong><\/h3>\n<p>Lo f\u00e1cil habr\u00eda sido no tocar nada y dejar el problema para ma\u00f1ana.<br \/>\n<strong>Lo responsable ha sido ordenar las cuentas hoy para garantizar el futuro de ma\u00f1ana.<\/strong><\/p>\n<p>&nbsp;<\/p>\n<p><strong>Cada decisi\u00f3n est\u00e1 pensada para que nuestros hijo<\/strong>s hereden un pueblo m\u00e1s s\u00f3lido, m\u00e1s cuidado y <strong>con m\u00e1s oportunidades personales y laborales. <\/strong><\/p>\n<p>&nbsp;<\/p>\n<h3><em><strong>\u201cCaudete, se construye paso a paso, y 2026 ser\u00e1 un paso firme hacia adelante\u201d<\/strong><\/em><\/h3>\n<p style=\"text-align: center;\"><em><strong>Jos\u00e9 Miguel Moll\u00e1 Nieto&nbsp;<\/strong><br \/>\n<\/em><em>Alcalde de Caudete&nbsp;<\/em><\/p>\n<p style=\"text-align: center;\"><em><strong>Mois\u00e9s L\u00f3pez Mart\u00ednez<\/strong><br \/>\n<\/em><em>Primer Teniente de Alcalde<\/em><\/p>\n<p style=\"text-align: center;\"><em><strong>Mar\u00eda Mart\u00ednez Garc\u00eda<\/strong><br \/>\n<\/em><em>Concejal de Econom\u00eda y Hacienda del M.I. Ayuntamiento de Caudete<\/em><\/p>\n","protected":false},"excerpt":{"rendered":"<p>Desde la Concejal\u00eda de Hacienda del M.I. Ayuntamiento de Caudete, Mar\u00eda Mart\u00ednez Garc\u00eda ha destacado que el Presupuesto Municipal 2026 inicia ahora su periodo de exposici\u00f3n p\u00fablica, confiando en que no se presenten alegaciones para que pueda quedar aprobado definitivamente en las pr\u00f3ximas semanas y comenzar su ejecuci\u00f3n plena cuanto antes. La concejal ha querido &hellip;<\/p>\n","protected":false},"author":5,"featured_media":32849,"comment_status":"closed","ping_status":"open","sticky":false,"template":"","format":"standard","meta":{"ngg_post_thumbnail":0,"footnotes":""},"categories":[28],"tags":[],"class_list":["post-32847","post","type-post","status-publish","format-standard","has-post-thumbnail","hentry","category-economia"],"yoast_head":"<!-- This site is optimized with the Yoast SEO plugin v27.5 - https:\/\/yoast.com\/product\/yoast-seo-wordpress\/ -->\n<title>Caudete recupera la estabilidad con un Presupuesto 2026 equilibrado y orientado al crecimiento - MI Ayuntamiento de Caudete<\/title>\n<meta name=\"description\" content=\"P\u00e1gina Oficial del Ayuntamiento de Caudete (Albacete)\" \/>\n<meta name=\"robots\" content=\"index, follow, max-snippet:-1, max-image-preview:large, max-video-preview:-1\" \/>\n<link rel=\"canonical\" href=\"https:\/\/www.caudete.org\/ayuntamiento\/caudete-recupera-la-estabilidad-con-un-presupuesto-2026-equilibrado-y-orientado-al-crecimiento\/\" \/>\n<meta property=\"og:locale\" content=\"es_ES\" \/>\n<meta property=\"og:type\" content=\"article\" \/>\n<meta property=\"og:title\" content=\"Caudete recupera la estabilidad con un Presupuesto 2026 equilibrado y orientado al crecimiento - MI Ayuntamiento de Caudete\" \/>\n<meta property=\"og:description\" content=\"P\u00e1gina Oficial del Ayuntamiento de Caudete (Albacete)\" \/>\n<meta property=\"og:url\" content=\"https:\/\/www.caudete.org\/ayuntamiento\/caudete-recupera-la-estabilidad-con-un-presupuesto-2026-equilibrado-y-orientado-al-crecimiento\/\" \/>\n<meta property=\"og:site_name\" content=\"MI Ayuntamiento de Caudete\" \/>\n<meta property=\"article:publisher\" content=\"https:\/\/www.facebook.com\/ayuntamientocaudete\/\" \/>\n<meta property=\"article:published_time\" content=\"2026-03-04T13:12:32+00:00\" \/>\n<meta property=\"article:modified_time\" content=\"2026-03-11T08:03:51+00:00\" \/>\n<meta property=\"og:image\" content=\"https:\/\/www.caudete.org\/ayuntamiento\/wp-content\/uploads\/2026\/03\/Presupuestos2026.jpg\" \/>\n\t<meta property=\"og:image:width\" content=\"1000\" \/>\n\t<meta property=\"og:image:height\" content=\"421\" \/>\n\t<meta property=\"og:image:type\" content=\"image\/jpeg\" \/>\n<meta name=\"author\" content=\"Dpto Informatica MI Ayuntamiento de Caudete\" \/>\n<meta name=\"twitter:card\" content=\"summary_large_image\" \/>\n<meta name=\"twitter:label1\" content=\"Escrito por\" \/>\n\t<meta name=\"twitter:data1\" content=\"Dpto Informatica MI Ayuntamiento de Caudete\" \/>\n\t<meta name=\"twitter:label2\" content=\"Tiempo de lectura\" \/>\n\t<meta name=\"twitter:data2\" content=\"4 minutos\" \/>\n<script type=\"application\/ld+json\" class=\"yoast-schema-graph\">{\"@context\":\"https:\\\/\\\/schema.org\",\"@graph\":[{\"@type\":\"Article\",\"@id\":\"https:\\\/\\\/www.caudete.org\\\/ayuntamiento\\\/caudete-recupera-la-estabilidad-con-un-presupuesto-2026-equilibrado-y-orientado-al-crecimiento\\\/#article\",\"isPartOf\":{\"@id\":\"https:\\\/\\\/www.caudete.org\\\/ayuntamiento\\\/caudete-recupera-la-estabilidad-con-un-presupuesto-2026-equilibrado-y-orientado-al-crecimiento\\\/\"},\"author\":{\"name\":\"Dpto Informatica MI Ayuntamiento de Caudete\",\"@id\":\"https:\\\/\\\/www.caudete.org\\\/ayuntamiento\\\/#\\\/schema\\\/person\\\/4b9eab41761957db9b1bf9c418d1ef46\"},\"headline\":\"Caudete recupera la estabilidad con un Presupuesto 2026 equilibrado y orientado al crecimiento\",\"datePublished\":\"2026-03-04T13:12:32+00:00\",\"dateModified\":\"2026-03-11T08:03:51+00:00\",\"mainEntityOfPage\":{\"@id\":\"https:\\\/\\\/www.caudete.org\\\/ayuntamiento\\\/caudete-recupera-la-estabilidad-con-un-presupuesto-2026-equilibrado-y-orientado-al-crecimiento\\\/\"},\"wordCount\":882,\"publisher\":{\"@id\":\"https:\\\/\\\/www.caudete.org\\\/ayuntamiento\\\/#organization\"},\"image\":{\"@id\":\"https:\\\/\\\/www.caudete.org\\\/ayuntamiento\\\/caudete-recupera-la-estabilidad-con-un-presupuesto-2026-equilibrado-y-orientado-al-crecimiento\\\/#primaryimage\"},\"thumbnailUrl\":\"https:\\\/\\\/www.caudete.org\\\/ayuntamiento\\\/wp-content\\\/uploads\\\/2026\\\/03\\\/Presupuestos2026.jpg\",\"articleSection\":[\"Econom\u00eda\"],\"inLanguage\":\"es\"},{\"@type\":\"WebPage\",\"@id\":\"https:\\\/\\\/www.caudete.org\\\/ayuntamiento\\\/caudete-recupera-la-estabilidad-con-un-presupuesto-2026-equilibrado-y-orientado-al-crecimiento\\\/\",\"url\":\"https:\\\/\\\/www.caudete.org\\\/ayuntamiento\\\/caudete-recupera-la-estabilidad-con-un-presupuesto-2026-equilibrado-y-orientado-al-crecimiento\\\/\",\"name\":\"Caudete recupera la estabilidad con un Presupuesto 2026 equilibrado y orientado al crecimiento - MI Ayuntamiento de Caudete\",\"isPartOf\":{\"@id\":\"https:\\\/\\\/www.caudete.org\\\/ayuntamiento\\\/#website\"},\"primaryImageOfPage\":{\"@id\":\"https:\\\/\\\/www.caudete.org\\\/ayuntamiento\\\/caudete-recupera-la-estabilidad-con-un-presupuesto-2026-equilibrado-y-orientado-al-crecimiento\\\/#primaryimage\"},\"image\":{\"@id\":\"https:\\\/\\\/www.caudete.org\\\/ayuntamiento\\\/caudete-recupera-la-estabilidad-con-un-presupuesto-2026-equilibrado-y-orientado-al-crecimiento\\\/#primaryimage\"},\"thumbnailUrl\":\"https:\\\/\\\/www.caudete.org\\\/ayuntamiento\\\/wp-content\\\/uploads\\\/2026\\\/03\\\/Presupuestos2026.jpg\",\"datePublished\":\"2026-03-04T13:12:32+00:00\",\"dateModified\":\"2026-03-11T08:03:51+00:00\",\"description\":\"P\u00e1gina Oficial del Ayuntamiento de Caudete (Albacete)\",\"breadcrumb\":{\"@id\":\"https:\\\/\\\/www.caudete.org\\\/ayuntamiento\\\/caudete-recupera-la-estabilidad-con-un-presupuesto-2026-equilibrado-y-orientado-al-crecimiento\\\/#breadcrumb\"},\"inLanguage\":\"es\",\"potentialAction\":[{\"@type\":\"ReadAction\",\"target\":[\"https:\\\/\\\/www.caudete.org\\\/ayuntamiento\\\/caudete-recupera-la-estabilidad-con-un-presupuesto-2026-equilibrado-y-orientado-al-crecimiento\\\/\"]}]},{\"@type\":\"ImageObject\",\"inLanguage\":\"es\",\"@id\":\"https:\\\/\\\/www.caudete.org\\\/ayuntamiento\\\/caudete-recupera-la-estabilidad-con-un-presupuesto-2026-equilibrado-y-orientado-al-crecimiento\\\/#primaryimage\",\"url\":\"https:\\\/\\\/www.caudete.org\\\/ayuntamiento\\\/wp-content\\\/uploads\\\/2026\\\/03\\\/Presupuestos2026.jpg\",\"contentUrl\":\"https:\\\/\\\/www.caudete.org\\\/ayuntamiento\\\/wp-content\\\/uploads\\\/2026\\\/03\\\/Presupuestos2026.jpg\",\"width\":1000,\"height\":421},{\"@type\":\"BreadcrumbList\",\"@id\":\"https:\\\/\\\/www.caudete.org\\\/ayuntamiento\\\/caudete-recupera-la-estabilidad-con-un-presupuesto-2026-equilibrado-y-orientado-al-crecimiento\\\/#breadcrumb\",\"itemListElement\":[{\"@type\":\"ListItem\",\"position\":1,\"name\":\"Inicio\",\"item\":\"https:\\\/\\\/www.caudete.org\\\/ayuntamiento\\\/\"},{\"@type\":\"ListItem\",\"position\":2,\"name\":\"Caudete recupera la estabilidad con un Presupuesto 2026 equilibrado y orientado al crecimiento\"}]},{\"@type\":\"WebSite\",\"@id\":\"https:\\\/\\\/www.caudete.org\\\/ayuntamiento\\\/#website\",\"url\":\"https:\\\/\\\/www.caudete.org\\\/ayuntamiento\\\/\",\"name\":\"MI Ayuntamiento de Caudete\",\"description\":\"P\u00e1gina Oficial del MI Ayuntamiento de Caudete\",\"publisher\":{\"@id\":\"https:\\\/\\\/www.caudete.org\\\/ayuntamiento\\\/#organization\"},\"potentialAction\":[{\"@type\":\"SearchAction\",\"target\":{\"@type\":\"EntryPoint\",\"urlTemplate\":\"https:\\\/\\\/www.caudete.org\\\/ayuntamiento\\\/?s={search_term_string}\"},\"query-input\":{\"@type\":\"PropertyValueSpecification\",\"valueRequired\":true,\"valueName\":\"search_term_string\"}}],\"inLanguage\":\"es\"},{\"@type\":\"Organization\",\"@id\":\"https:\\\/\\\/www.caudete.org\\\/ayuntamiento\\\/#organization\",\"name\":\"Ayuntamiento de Caudete\",\"url\":\"https:\\\/\\\/www.caudete.org\\\/ayuntamiento\\\/\",\"logo\":{\"@type\":\"ImageObject\",\"inLanguage\":\"es\",\"@id\":\"https:\\\/\\\/www.caudete.org\\\/ayuntamiento\\\/#\\\/schema\\\/logo\\\/image\\\/\",\"url\":\"https:\\\/\\\/www.caudete.org\\\/ayuntamiento\\\/wp-content\\\/uploads\\\/2020\\\/11\\\/logo_ayuntamiento_caudete.jpg\",\"contentUrl\":\"https:\\\/\\\/www.caudete.org\\\/ayuntamiento\\\/wp-content\\\/uploads\\\/2020\\\/11\\\/logo_ayuntamiento_caudete.jpg\",\"width\":600,\"height\":150,\"caption\":\"Ayuntamiento de Caudete\"},\"image\":{\"@id\":\"https:\\\/\\\/www.caudete.org\\\/ayuntamiento\\\/#\\\/schema\\\/logo\\\/image\\\/\"},\"sameAs\":[\"https:\\\/\\\/www.facebook.com\\\/ayuntamientocaudete\\\/\",\"https:\\\/\\\/www.youtube.com\\\/channel\\\/UC6VztHaooNsGpw-tNoBEFnQ\"]},{\"@type\":\"Person\",\"@id\":\"https:\\\/\\\/www.caudete.org\\\/ayuntamiento\\\/#\\\/schema\\\/person\\\/4b9eab41761957db9b1bf9c418d1ef46\",\"name\":\"Dpto Informatica MI Ayuntamiento de Caudete\",\"image\":{\"@type\":\"ImageObject\",\"inLanguage\":\"es\",\"@id\":\"https:\\\/\\\/secure.gravatar.com\\\/avatar\\\/ac0321ee4a0a83e82a253e7b2d348ef539e2c8fe16d06b600bde04de1b364fa7?s=96&d=mm&r=g\",\"url\":\"https:\\\/\\\/secure.gravatar.com\\\/avatar\\\/ac0321ee4a0a83e82a253e7b2d348ef539e2c8fe16d06b600bde04de1b364fa7?s=96&d=mm&r=g\",\"contentUrl\":\"https:\\\/\\\/secure.gravatar.com\\\/avatar\\\/ac0321ee4a0a83e82a253e7b2d348ef539e2c8fe16d06b600bde04de1b364fa7?s=96&d=mm&r=g\",\"caption\":\"Dpto Informatica MI Ayuntamiento de Caudete\"},\"url\":\"https:\\\/\\\/www.caudete.org\\\/ayuntamiento\\\/author\\\/informatica\\\/\"}]}<\/script>\n<!-- \/ Yoast SEO plugin. -->","yoast_head_json":{"title":"Caudete recupera la estabilidad con un Presupuesto 2026 equilibrado y orientado al crecimiento - MI Ayuntamiento de Caudete","description":"P\u00e1gina Oficial del Ayuntamiento de Caudete (Albacete)","robots":{"index":"index","follow":"follow","max-snippet":"max-snippet:-1","max-image-preview":"max-image-preview:large","max-video-preview":"max-video-preview:-1"},"canonical":"https:\/\/www.caudete.org\/ayuntamiento\/caudete-recupera-la-estabilidad-con-un-presupuesto-2026-equilibrado-y-orientado-al-crecimiento\/","og_locale":"es_ES","og_type":"article","og_title":"Caudete recupera la estabilidad con un Presupuesto 2026 equilibrado y orientado al crecimiento - MI Ayuntamiento de Caudete","og_description":"P\u00e1gina Oficial del Ayuntamiento de Caudete (Albacete)","og_url":"https:\/\/www.caudete.org\/ayuntamiento\/caudete-recupera-la-estabilidad-con-un-presupuesto-2026-equilibrado-y-orientado-al-crecimiento\/","og_site_name":"MI Ayuntamiento de Caudete","article_publisher":"https:\/\/www.facebook.com\/ayuntamientocaudete\/","article_published_time":"2026-03-04T13:12:32+00:00","article_modified_time":"2026-03-11T08:03:51+00:00","og_image":[{"width":1000,"height":421,"url":"https:\/\/www.caudete.org\/ayuntamiento\/wp-content\/uploads\/2026\/03\/Presupuestos2026.jpg","type":"image\/jpeg"}],"author":"Dpto Informatica MI Ayuntamiento de Caudete","twitter_card":"summary_large_image","twitter_misc":{"Escrito por":"Dpto Informatica MI Ayuntamiento de Caudete","Tiempo de lectura":"4 minutos"},"schema":{"@context":"https:\/\/schema.org","@graph":[{"@type":"Article","@id":"https:\/\/www.caudete.org\/ayuntamiento\/caudete-recupera-la-estabilidad-con-un-presupuesto-2026-equilibrado-y-orientado-al-crecimiento\/#article","isPartOf":{"@id":"https:\/\/www.caudete.org\/ayuntamiento\/caudete-recupera-la-estabilidad-con-un-presupuesto-2026-equilibrado-y-orientado-al-crecimiento\/"},"author":{"name":"Dpto Informatica MI Ayuntamiento de Caudete","@id":"https:\/\/www.caudete.org\/ayuntamiento\/#\/schema\/person\/4b9eab41761957db9b1bf9c418d1ef46"},"headline":"Caudete recupera la estabilidad con un Presupuesto 2026 equilibrado y orientado al crecimiento","datePublished":"2026-03-04T13:12:32+00:00","dateModified":"2026-03-11T08:03:51+00:00","mainEntityOfPage":{"@id":"https:\/\/www.caudete.org\/ayuntamiento\/caudete-recupera-la-estabilidad-con-un-presupuesto-2026-equilibrado-y-orientado-al-crecimiento\/"},"wordCount":882,"publisher":{"@id":"https:\/\/www.caudete.org\/ayuntamiento\/#organization"},"image":{"@id":"https:\/\/www.caudete.org\/ayuntamiento\/caudete-recupera-la-estabilidad-con-un-presupuesto-2026-equilibrado-y-orientado-al-crecimiento\/#primaryimage"},"thumbnailUrl":"https:\/\/www.caudete.org\/ayuntamiento\/wp-content\/uploads\/2026\/03\/Presupuestos2026.jpg","articleSection":["Econom\u00eda"],"inLanguage":"es"},{"@type":"WebPage","@id":"https:\/\/www.caudete.org\/ayuntamiento\/caudete-recupera-la-estabilidad-con-un-presupuesto-2026-equilibrado-y-orientado-al-crecimiento\/","url":"https:\/\/www.caudete.org\/ayuntamiento\/caudete-recupera-la-estabilidad-con-un-presupuesto-2026-equilibrado-y-orientado-al-crecimiento\/","name":"Caudete recupera la estabilidad con un Presupuesto 2026 equilibrado y orientado al crecimiento - MI Ayuntamiento de Caudete","isPartOf":{"@id":"https:\/\/www.caudete.org\/ayuntamiento\/#website"},"primaryImageOfPage":{"@id":"https:\/\/www.caudete.org\/ayuntamiento\/caudete-recupera-la-estabilidad-con-un-presupuesto-2026-equilibrado-y-orientado-al-crecimiento\/#primaryimage"},"image":{"@id":"https:\/\/www.caudete.org\/ayuntamiento\/caudete-recupera-la-estabilidad-con-un-presupuesto-2026-equilibrado-y-orientado-al-crecimiento\/#primaryimage"},"thumbnailUrl":"https:\/\/www.caudete.org\/ayuntamiento\/wp-content\/uploads\/2026\/03\/Presupuestos2026.jpg","datePublished":"2026-03-04T13:12:32+00:00","dateModified":"2026-03-11T08:03:51+00:00","description":"P\u00e1gina Oficial del Ayuntamiento de Caudete (Albacete)","breadcrumb":{"@id":"https:\/\/www.caudete.org\/ayuntamiento\/caudete-recupera-la-estabilidad-con-un-presupuesto-2026-equilibrado-y-orientado-al-crecimiento\/#breadcrumb"},"inLanguage":"es","potentialAction":[{"@type":"ReadAction","target":["https:\/\/www.caudete.org\/ayuntamiento\/caudete-recupera-la-estabilidad-con-un-presupuesto-2026-equilibrado-y-orientado-al-crecimiento\/"]}]},{"@type":"ImageObject","inLanguage":"es","@id":"https:\/\/www.caudete.org\/ayuntamiento\/caudete-recupera-la-estabilidad-con-un-presupuesto-2026-equilibrado-y-orientado-al-crecimiento\/#primaryimage","url":"https:\/\/www.caudete.org\/ayuntamiento\/wp-content\/uploads\/2026\/03\/Presupuestos2026.jpg","contentUrl":"https:\/\/www.caudete.org\/ayuntamiento\/wp-content\/uploads\/2026\/03\/Presupuestos2026.jpg","width":1000,"height":421},{"@type":"BreadcrumbList","@id":"https:\/\/www.caudete.org\/ayuntamiento\/caudete-recupera-la-estabilidad-con-un-presupuesto-2026-equilibrado-y-orientado-al-crecimiento\/#breadcrumb","itemListElement":[{"@type":"ListItem","position":1,"name":"Inicio","item":"https:\/\/www.caudete.org\/ayuntamiento\/"},{"@type":"ListItem","position":2,"name":"Caudete recupera la estabilidad con un Presupuesto 2026 equilibrado y orientado al crecimiento"}]},{"@type":"WebSite","@id":"https:\/\/www.caudete.org\/ayuntamiento\/#website","url":"https:\/\/www.caudete.org\/ayuntamiento\/","name":"MI Ayuntamiento de Caudete","description":"P\u00e1gina Oficial del MI Ayuntamiento de Caudete","publisher":{"@id":"https:\/\/www.caudete.org\/ayuntamiento\/#organization"},"potentialAction":[{"@type":"SearchAction","target":{"@type":"EntryPoint","urlTemplate":"https:\/\/www.caudete.org\/ayuntamiento\/?s={search_term_string}"},"query-input":{"@type":"PropertyValueSpecification","valueRequired":true,"valueName":"search_term_string"}}],"inLanguage":"es"},{"@type":"Organization","@id":"https:\/\/www.caudete.org\/ayuntamiento\/#organization","name":"Ayuntamiento de Caudete","url":"https:\/\/www.caudete.org\/ayuntamiento\/","logo":{"@type":"ImageObject","inLanguage":"es","@id":"https:\/\/www.caudete.org\/ayuntamiento\/#\/schema\/logo\/image\/","url":"https:\/\/www.caudete.org\/ayuntamiento\/wp-content\/uploads\/2020\/11\/logo_ayuntamiento_caudete.jpg","contentUrl":"https:\/\/www.caudete.org\/ayuntamiento\/wp-content\/uploads\/2020\/11\/logo_ayuntamiento_caudete.jpg","width":600,"height":150,"caption":"Ayuntamiento de Caudete"},"image":{"@id":"https:\/\/www.caudete.org\/ayuntamiento\/#\/schema\/logo\/image\/"},"sameAs":["https:\/\/www.facebook.com\/ayuntamientocaudete\/","https:\/\/www.youtube.com\/channel\/UC6VztHaooNsGpw-tNoBEFnQ"]},{"@type":"Person","@id":"https:\/\/www.caudete.org\/ayuntamiento\/#\/schema\/person\/4b9eab41761957db9b1bf9c418d1ef46","name":"Dpto Informatica MI Ayuntamiento de Caudete","image":{"@type":"ImageObject","inLanguage":"es","@id":"https:\/\/secure.gravatar.com\/avatar\/ac0321ee4a0a83e82a253e7b2d348ef539e2c8fe16d06b600bde04de1b364fa7?s=96&d=mm&r=g","url":"https:\/\/secure.gravatar.com\/avatar\/ac0321ee4a0a83e82a253e7b2d348ef539e2c8fe16d06b600bde04de1b364fa7?s=96&d=mm&r=g","contentUrl":"https:\/\/secure.gravatar.com\/avatar\/ac0321ee4a0a83e82a253e7b2d348ef539e2c8fe16d06b600bde04de1b364fa7?s=96&d=mm&r=g","caption":"Dpto Informatica MI Ayuntamiento de Caudete"},"url":"https:\/\/www.caudete.org\/ayuntamiento\/author\/informatica\/"}]}},"_links":{"self":[{"href":"https:\/\/www.caudete.org\/ayuntamiento\/wp-json\/wp\/v2\/posts\/32847","targetHints":{"allow":["GET"]}}],"collection":[{"href":"https:\/\/www.caudete.org\/ayuntamiento\/wp-json\/wp\/v2\/posts"}],"about":[{"href":"https:\/\/www.caudete.org\/ayuntamiento\/wp-json\/wp\/v2\/types\/post"}],"author":[{"embeddable":true,"href":"https:\/\/www.caudete.org\/ayuntamiento\/wp-json\/wp\/v2\/users\/5"}],"replies":[{"embeddable":true,"href":"https:\/\/www.caudete.org\/ayuntamiento\/wp-json\/wp\/v2\/comments?post=32847"}],"version-history":[{"count":7,"href":"https:\/\/www.caudete.org\/ayuntamiento\/wp-json\/wp\/v2\/posts\/32847\/revisions"}],"predecessor-version":[{"id":32877,"href":"https:\/\/www.caudete.org\/ayuntamiento\/wp-json\/wp\/v2\/posts\/32847\/revisions\/32877"}],"wp:featuredmedia":[{"embeddable":true,"href":"https:\/\/www.caudete.org\/ayuntamiento\/wp-json\/wp\/v2\/media\/32849"}],"wp:attachment":[{"href":"https:\/\/www.caudete.org\/ayuntamiento\/wp-json\/wp\/v2\/media?parent=32847"}],"wp:term":[{"taxonomy":"category","embeddable":true,"href":"https:\/\/www.caudete.org\/ayuntamiento\/wp-json\/wp\/v2\/categories?post=32847"},{"taxonomy":"post_tag","embeddable":true,"href":"https:\/\/www.caudete.org\/ayuntamiento\/wp-json\/wp\/v2\/tags?post=32847"}],"curies":[{"name":"wp","href":"https:\/\/api.w.org\/{rel}","templated":true}]}}