{"id":32852,"date":"2026-03-09T12:10:35","date_gmt":"2026-03-09T11:10:35","guid":{"rendered":"https:\/\/www.caudete.org\/ayuntamiento\/?p=32852"},"modified":"2026-03-09T12:14:48","modified_gmt":"2026-03-09T11:14:48","slug":"acogida-erasmus-fp-de-alumnado-y-profesorado-del-centro-youthreach-de-carrickmacross-irlanda","status":"publish","type":"post","link":"https:\/\/www.caudete.org\/ayuntamiento\/acogida-erasmus-fp-de-alumnado-y-profesorado-del-centro-youthreach-de-carrickmacross-irlanda\/","title":{"rendered":"Acogida Erasmus+ FP de alumnado y profesorado del centro YouthReach de Carrickmacross (Irlanda)"},"content":{"rendered":"<p style=\"text-align: justify;\" align=\"justify\">Mar\u00eda Dolores Requena Azor\u00edn, concejal de proyectos europeos del Ayuntamiento de Caudete informa de la enriquecedora acogida de un grupo de alumnado y profesorado del centro socio YouthReach Carrickmacross, del municipio de Carrickmacross, en Irlanda durante los d\u00edas 24 y 25 de febrero.<\/p>\n<p style=\"text-align: justify;\" align=\"justify\">El alumnado y profesorado acompa\u00f1ante fue recibido en el IES Pintor Rafael Requena con un desayuno preparado por las alumnas del Ciclo de Atenci\u00f3n a Personas en Situaci\u00f3n de Dependencia, tras el cual los visitantes participaron, junto con alumnado de Formaci\u00f3n Profesional B\u00e1sica del centro, en un taller en el aula de mecatr\u00f3nica, preparado por el profesor Daniel Lara Morales.<\/p>\n<p style=\"text-align: justify;\" align=\"justify\">El alumnado de Formaci\u00f3n Profesional B\u00e1sica realiz\u00f3 asimismo una presentaci\u00f3n sobre Caudete, sus comidas y tradiciones, en el Aula de Emprendimiento.<\/p>\n<p style=\"text-align: justify;\" align=\"justify\">La ma\u00f1ana del primer d\u00eda concluy\u00f3 con una visita a Arcabucer\u00eda El Rojo, para conocer la artesan\u00eda local de armas de avancarga vinculada a las fiestas de Moros y Cristianos en la que participaron diversos grupos del centro educativo de Caudete, adem\u00e1s de los visitantes.<\/p>\n<p style=\"text-align: justify;\" align=\"justify\">Por la tarde, el grupo asisti\u00f3 en la Escuela Municipal de M\u00fasica y Danza a algunas de las clases, pudiendo apreciar la amplia participaci\u00f3n infantil y juvenil y los excelentes espacios con que cuenta el centro.<\/p>\n<p style=\"text-align: justify;\" align=\"justify\">El segundo d\u00eda de actividades comenz\u00f3 con una visita al Centro de Formaci\u00f3n Albertina Garc\u00eda Llorens, que ofreci\u00f3 a los participantes un taller de maquillaje festero.<\/p>\n<p style=\"text-align: justify;\" align=\"justify\">A continuaci\u00f3n el grupo realiz\u00f3 un taller sobre Libros de Artista organizado por la Asociaci\u00f3n Taller de Arte Villa de Caudete y dirigido por Antonio Requena Solera, y pudo conocer el taller textil de Gala Requena.<\/p>\n<p style=\"text-align: justify;\" align=\"justify\">Un visita a la Plaza de Toros y una comida t\u00edpica con paella y gachamiga pusieron fin a esta experiencia intercultural, que tuvo una amplia aceptaci\u00f3n entre el alumnado visitante y de acogida y que nos permiti\u00f3 compartir con nuestros socios parte de nuestra cultura y tradiciones.<\/p>\n<p style=\"text-align: justify;\" align=\"justify\">YouthReach Carrickmacross dependiente de Cavan and Monaghan Education Training Board, el Ayuntamiento de Caudete, el IES Pintor Rafael Requena y el resto de entidades socias del consorcio Erasmus+ Formaci\u00f3n Profesional del municipio continuar\u00e1n colaborando en futuras actividades de formaci\u00f3n en beneficio de ambas comunidades educativas, en el marco de las estrategias de internacionalizaci\u00f3n con que cuentan gracias el programa Erasmus+ de la Uni\u00f3n Europea.<\/p>\n<p style=\"text-align: justify;\"><style type=\"text\/css\">\n#foogallery-gallery-32853.fg-justified .fg-item { margin-right: 2px; margin-bottom: 2px; }\n#foogallery-gallery-32853.fg-justified .fg-image { height: 200px; }<\/style>\n\t\t\t<div class=\"foogallery foogallery-container foogallery-justified foogallery-lightbox-none fg-justified fg-ready fg-light fg-shadow-outline fg-loading-default fg-loaded-fade-in fg-caption-always fg-hover-fade fg-hover-zoom2\" id=\"foogallery-gallery-32853\" data-foogallery=\"{&quot;item&quot;:{&quot;showCaptionTitle&quot;:true,&quot;showCaptionDescription&quot;:false},&quot;lazy&quot;:true,&quot;paging&quot;:{&quot;type&quot;:&quot;dots&quot;,&quot;size&quot;:20,&quot;position&quot;:&quot;bottom&quot;,&quot;scrollToTop&quot;:false,&quot;output&quot;:&quot;html&quot;,&quot;theme&quot;:&quot;fg-light&quot;},&quot;template&quot;:{&quot;rowHeight&quot;:200,&quot;maxRowHeight&quot;:250,&quot;margins&quot;:2,&quot;align&quot;:&quot;center&quot;,&quot;lastRow&quot;:&quot;smart&quot;}}\" style=\"--fg-title-line-clamp: 0; --fg-description-line-clamp: 0;\" >\n\t<div class=\"fg-item fg-type-image fg-idle\"><figure class=\"fg-item-inner\"><a href=\"https:\/\/www.caudete.org\/ayuntamiento\/wp-content\/uploads\/2026\/03\/PHOTO-2026-02-25-13-21-11.jpg\" data-attachment-id=\"32857\" data-e-disable-page-transition=\"true\" data-type=\"image\" class=\"fg-thumb\"><span class=\"fg-image-wrap\"><img fetchpriority=\"high\" decoding=\"async\" height=\"250\" width=\"333\" class=\"skip-lazy fg-image\" data-src-fg=\"https:\/\/www.caudete.org\/ayuntamiento\/wp-content\/uploads\/cache\/2026\/03\/PHOTO-2026-02-25-13-21-11\/483853208.jpg\" src=\"data:image\/svg+xml,%3Csvg%20xmlns%3D%22http%3A%2F%2Fwww.w3.org%2F2000%2Fsvg%22%20width%3D%22333%22%20height%3D%22250%22%20viewBox%3D%220%200%20333%20250%22%3E%3C%2Fsvg%3E\" loading=\"eager\"><\/span><span class=\"fg-image-overlay\"><\/span><\/a><\/figure><div class=\"fg-loader\"><\/div><\/div><div class=\"fg-item fg-type-image fg-idle\"><figure class=\"fg-item-inner\"><a href=\"https:\/\/www.caudete.org\/ayuntamiento\/wp-content\/uploads\/2026\/03\/PHOTO-2026-02-24-13-09-54.jpg\" data-attachment-id=\"32856\" data-e-disable-page-transition=\"true\" data-type=\"image\" class=\"fg-thumb\"><span class=\"fg-image-wrap\"><img decoding=\"async\" height=\"250\" width=\"188\" class=\"skip-lazy fg-image\" data-src-fg=\"https:\/\/www.caudete.org\/ayuntamiento\/wp-content\/uploads\/cache\/2026\/03\/PHOTO-2026-02-24-13-09-54\/3188577357.jpg\" src=\"data:image\/svg+xml,%3Csvg%20xmlns%3D%22http%3A%2F%2Fwww.w3.org%2F2000%2Fsvg%22%20width%3D%22188%22%20height%3D%22250%22%20viewBox%3D%220%200%20188%20250%22%3E%3C%2Fsvg%3E\" loading=\"eager\"><\/span><span class=\"fg-image-overlay\"><\/span><\/a><\/figure><div class=\"fg-loader\"><\/div><\/div><div class=\"fg-item fg-type-image fg-idle\"><figure class=\"fg-item-inner\"><a href=\"https:\/\/www.caudete.org\/ayuntamiento\/wp-content\/uploads\/2026\/03\/PHOTO-2026-02-25-17-11-23.jpg\" data-attachment-id=\"32858\" data-e-disable-page-transition=\"true\" data-type=\"image\" class=\"fg-thumb\"><span class=\"fg-image-wrap\"><img decoding=\"async\" height=\"250\" width=\"188\" class=\"skip-lazy fg-image\" data-src-fg=\"https:\/\/www.caudete.org\/ayuntamiento\/wp-content\/uploads\/cache\/2026\/03\/PHOTO-2026-02-25-17-11-23\/1629960916.jpg\" src=\"data:image\/svg+xml,%3Csvg%20xmlns%3D%22http%3A%2F%2Fwww.w3.org%2F2000%2Fsvg%22%20width%3D%22188%22%20height%3D%22250%22%20viewBox%3D%220%200%20188%20250%22%3E%3C%2Fsvg%3E\" loading=\"eager\"><\/span><span class=\"fg-image-overlay\"><\/span><\/a><\/figure><div class=\"fg-loader\"><\/div><\/div><div class=\"fg-item fg-type-image fg-idle\"><figure class=\"fg-item-inner\"><a href=\"https:\/\/www.caudete.org\/ayuntamiento\/wp-content\/uploads\/2026\/03\/PHOTO-2026-03-05-11-26-06.jpg\" data-attachment-id=\"32860\" data-e-disable-page-transition=\"true\" data-type=\"image\" class=\"fg-thumb\"><span class=\"fg-image-wrap\"><img decoding=\"async\" height=\"250\" width=\"333\" class=\"skip-lazy fg-image\" data-src-fg=\"https:\/\/www.caudete.org\/ayuntamiento\/wp-content\/uploads\/cache\/2026\/03\/PHOTO-2026-03-05-11-26-06\/132749475.jpg\" src=\"data:image\/svg+xml,%3Csvg%20xmlns%3D%22http%3A%2F%2Fwww.w3.org%2F2000%2Fsvg%22%20width%3D%22333%22%20height%3D%22250%22%20viewBox%3D%220%200%20333%20250%22%3E%3C%2Fsvg%3E\" loading=\"eager\"><\/span><span class=\"fg-image-overlay\"><\/span><\/a><\/figure><div class=\"fg-loader\"><\/div><\/div><div class=\"fg-item fg-type-image fg-idle\"><figure class=\"fg-item-inner\"><a href=\"https:\/\/www.caudete.org\/ayuntamiento\/wp-content\/uploads\/2026\/03\/PHOTO-2026-03-05-11-23-02.jpg\" data-attachment-id=\"32859\" data-e-disable-page-transition=\"true\" data-type=\"image\" class=\"fg-thumb\"><span class=\"fg-image-wrap\"><img decoding=\"async\" height=\"250\" width=\"541\" class=\"skip-lazy fg-image\" data-src-fg=\"https:\/\/www.caudete.org\/ayuntamiento\/wp-content\/uploads\/cache\/2026\/03\/PHOTO-2026-03-05-11-23-02\/1383095978.jpg\" src=\"data:image\/svg+xml,%3Csvg%20xmlns%3D%22http%3A%2F%2Fwww.w3.org%2F2000%2Fsvg%22%20width%3D%22541%22%20height%3D%22250%22%20viewBox%3D%220%200%20541%20250%22%3E%3C%2Fsvg%3E\" loading=\"eager\"><\/span><span class=\"fg-image-overlay\"><\/span><\/a><\/figure><div class=\"fg-loader\"><\/div><\/div><\/div>\n\n","protected":false},"excerpt":{"rendered":"<p>Mar\u00eda Dolores Requena Azor\u00edn, concejal de proyectos europeos del Ayuntamiento de Caudete informa de la enriquecedora acogida de un grupo de alumnado y profesorado del centro socio YouthReach Carrickmacross, del municipio de Carrickmacross, en Irlanda durante los d\u00edas 24 y 25 de febrero. El alumnado y profesorado acompa\u00f1ante fue recibido en el IES Pintor Rafael &hellip;<\/p>\n","protected":false},"author":6,"featured_media":32861,"comment_status":"closed","ping_status":"open","sticky":false,"template":"","format":"standard","meta":{"ngg_post_thumbnail":0,"footnotes":""},"categories":[87],"tags":[],"class_list":["post-32852","post","type-post","status-publish","format-standard","has-post-thumbnail","hentry","category-desarrollo-local"],"yoast_head":"<!-- This site is optimized with the Yoast SEO plugin v27.4 - https:\/\/yoast.com\/product\/yoast-seo-wordpress\/ -->\n<title>Acogida Erasmus+ FP de alumnado y profesorado del centro YouthReach de Carrickmacross (Irlanda) - MI Ayuntamiento de Caudete<\/title>\n<meta name=\"description\" content=\"P\u00e1gina Oficial del Ayuntamiento de Caudete (Albacete)\" \/>\n<meta name=\"robots\" content=\"index, follow, max-snippet:-1, max-image-preview:large, max-video-preview:-1\" \/>\n<link rel=\"canonical\" href=\"https:\/\/www.caudete.org\/ayuntamiento\/acogida-erasmus-fp-de-alumnado-y-profesorado-del-centro-youthreach-de-carrickmacross-irlanda\/\" \/>\n<meta property=\"og:locale\" content=\"es_ES\" \/>\n<meta property=\"og:type\" content=\"article\" \/>\n<meta property=\"og:title\" content=\"Acogida Erasmus+ FP de alumnado y profesorado del centro YouthReach de Carrickmacross (Irlanda) - MI Ayuntamiento de Caudete\" \/>\n<meta property=\"og:description\" content=\"P\u00e1gina Oficial del Ayuntamiento de Caudete (Albacete)\" \/>\n<meta property=\"og:url\" content=\"https:\/\/www.caudete.org\/ayuntamiento\/acogida-erasmus-fp-de-alumnado-y-profesorado-del-centro-youthreach-de-carrickmacross-irlanda\/\" \/>\n<meta property=\"og:site_name\" content=\"MI Ayuntamiento de Caudete\" \/>\n<meta property=\"article:publisher\" content=\"https:\/\/www.facebook.com\/ayuntamientocaudete\/\" \/>\n<meta property=\"article:published_time\" content=\"2026-03-09T11:10:35+00:00\" \/>\n<meta property=\"article:modified_time\" content=\"2026-03-09T11:14:48+00:00\" \/>\n<meta property=\"og:image\" content=\"https:\/\/www.caudete.org\/ayuntamiento\/wp-content\/uploads\/2026\/03\/PHOTO-2026-02-25-13-21-11-port.jpg\" \/>\n\t<meta property=\"og:image:width\" content=\"999\" \/>\n\t<meta property=\"og:image:height\" content=\"665\" \/>\n\t<meta property=\"og:image:type\" content=\"image\/jpeg\" \/>\n<meta name=\"author\" content=\"informatica2\" \/>\n<meta name=\"twitter:card\" content=\"summary_large_image\" \/>\n<meta name=\"twitter:label1\" content=\"Escrito por\" \/>\n\t<meta name=\"twitter:data1\" content=\"informatica2\" \/>\n\t<meta name=\"twitter:label2\" content=\"Tiempo de lectura\" \/>\n\t<meta name=\"twitter:data2\" content=\"2 minutos\" \/>\n<script type=\"application\/ld+json\" class=\"yoast-schema-graph\">{\"@context\":\"https:\\\/\\\/schema.org\",\"@graph\":[{\"@type\":\"Article\",\"@id\":\"https:\\\/\\\/www.caudete.org\\\/ayuntamiento\\\/acogida-erasmus-fp-de-alumnado-y-profesorado-del-centro-youthreach-de-carrickmacross-irlanda\\\/#article\",\"isPartOf\":{\"@id\":\"https:\\\/\\\/www.caudete.org\\\/ayuntamiento\\\/acogida-erasmus-fp-de-alumnado-y-profesorado-del-centro-youthreach-de-carrickmacross-irlanda\\\/\"},\"author\":{\"name\":\"informatica2\",\"@id\":\"https:\\\/\\\/www.caudete.org\\\/ayuntamiento\\\/#\\\/schema\\\/person\\\/abfa5ffd5010a14e078c21e6e61b6291\"},\"headline\":\"Acogida Erasmus+ FP de alumnado y profesorado del centro YouthReach de Carrickmacross (Irlanda)\",\"datePublished\":\"2026-03-09T11:10:35+00:00\",\"dateModified\":\"2026-03-09T11:14:48+00:00\",\"mainEntityOfPage\":{\"@id\":\"https:\\\/\\\/www.caudete.org\\\/ayuntamiento\\\/acogida-erasmus-fp-de-alumnado-y-profesorado-del-centro-youthreach-de-carrickmacross-irlanda\\\/\"},\"wordCount\":422,\"publisher\":{\"@id\":\"https:\\\/\\\/www.caudete.org\\\/ayuntamiento\\\/#organization\"},\"image\":{\"@id\":\"https:\\\/\\\/www.caudete.org\\\/ayuntamiento\\\/acogida-erasmus-fp-de-alumnado-y-profesorado-del-centro-youthreach-de-carrickmacross-irlanda\\\/#primaryimage\"},\"thumbnailUrl\":\"https:\\\/\\\/www.caudete.org\\\/ayuntamiento\\\/wp-content\\\/uploads\\\/2026\\\/03\\\/PHOTO-2026-02-25-13-21-11-port.jpg\",\"articleSection\":[\"Desarrollo Local\"],\"inLanguage\":\"es\"},{\"@type\":\"WebPage\",\"@id\":\"https:\\\/\\\/www.caudete.org\\\/ayuntamiento\\\/acogida-erasmus-fp-de-alumnado-y-profesorado-del-centro-youthreach-de-carrickmacross-irlanda\\\/\",\"url\":\"https:\\\/\\\/www.caudete.org\\\/ayuntamiento\\\/acogida-erasmus-fp-de-alumnado-y-profesorado-del-centro-youthreach-de-carrickmacross-irlanda\\\/\",\"name\":\"Acogida Erasmus+ FP de alumnado y profesorado del centro YouthReach de Carrickmacross (Irlanda) - MI Ayuntamiento de Caudete\",\"isPartOf\":{\"@id\":\"https:\\\/\\\/www.caudete.org\\\/ayuntamiento\\\/#website\"},\"primaryImageOfPage\":{\"@id\":\"https:\\\/\\\/www.caudete.org\\\/ayuntamiento\\\/acogida-erasmus-fp-de-alumnado-y-profesorado-del-centro-youthreach-de-carrickmacross-irlanda\\\/#primaryimage\"},\"image\":{\"@id\":\"https:\\\/\\\/www.caudete.org\\\/ayuntamiento\\\/acogida-erasmus-fp-de-alumnado-y-profesorado-del-centro-youthreach-de-carrickmacross-irlanda\\\/#primaryimage\"},\"thumbnailUrl\":\"https:\\\/\\\/www.caudete.org\\\/ayuntamiento\\\/wp-content\\\/uploads\\\/2026\\\/03\\\/PHOTO-2026-02-25-13-21-11-port.jpg\",\"datePublished\":\"2026-03-09T11:10:35+00:00\",\"dateModified\":\"2026-03-09T11:14:48+00:00\",\"description\":\"P\u00e1gina Oficial del Ayuntamiento de Caudete (Albacete)\",\"breadcrumb\":{\"@id\":\"https:\\\/\\\/www.caudete.org\\\/ayuntamiento\\\/acogida-erasmus-fp-de-alumnado-y-profesorado-del-centro-youthreach-de-carrickmacross-irlanda\\\/#breadcrumb\"},\"inLanguage\":\"es\",\"potentialAction\":[{\"@type\":\"ReadAction\",\"target\":[\"https:\\\/\\\/www.caudete.org\\\/ayuntamiento\\\/acogida-erasmus-fp-de-alumnado-y-profesorado-del-centro-youthreach-de-carrickmacross-irlanda\\\/\"]}]},{\"@type\":\"ImageObject\",\"inLanguage\":\"es\",\"@id\":\"https:\\\/\\\/www.caudete.org\\\/ayuntamiento\\\/acogida-erasmus-fp-de-alumnado-y-profesorado-del-centro-youthreach-de-carrickmacross-irlanda\\\/#primaryimage\",\"url\":\"https:\\\/\\\/www.caudete.org\\\/ayuntamiento\\\/wp-content\\\/uploads\\\/2026\\\/03\\\/PHOTO-2026-02-25-13-21-11-port.jpg\",\"contentUrl\":\"https:\\\/\\\/www.caudete.org\\\/ayuntamiento\\\/wp-content\\\/uploads\\\/2026\\\/03\\\/PHOTO-2026-02-25-13-21-11-port.jpg\",\"width\":999,\"height\":665},{\"@type\":\"BreadcrumbList\",\"@id\":\"https:\\\/\\\/www.caudete.org\\\/ayuntamiento\\\/acogida-erasmus-fp-de-alumnado-y-profesorado-del-centro-youthreach-de-carrickmacross-irlanda\\\/#breadcrumb\",\"itemListElement\":[{\"@type\":\"ListItem\",\"position\":1,\"name\":\"Inicio\",\"item\":\"https:\\\/\\\/www.caudete.org\\\/ayuntamiento\\\/\"},{\"@type\":\"ListItem\",\"position\":2,\"name\":\"Acogida Erasmus+ FP de alumnado y profesorado del centro YouthReach de Carrickmacross (Irlanda)\"}]},{\"@type\":\"WebSite\",\"@id\":\"https:\\\/\\\/www.caudete.org\\\/ayuntamiento\\\/#website\",\"url\":\"https:\\\/\\\/www.caudete.org\\\/ayuntamiento\\\/\",\"name\":\"MI Ayuntamiento de Caudete\",\"description\":\"P\u00e1gina Oficial del MI Ayuntamiento de Caudete\",\"publisher\":{\"@id\":\"https:\\\/\\\/www.caudete.org\\\/ayuntamiento\\\/#organization\"},\"potentialAction\":[{\"@type\":\"SearchAction\",\"target\":{\"@type\":\"EntryPoint\",\"urlTemplate\":\"https:\\\/\\\/www.caudete.org\\\/ayuntamiento\\\/?s={search_term_string}\"},\"query-input\":{\"@type\":\"PropertyValueSpecification\",\"valueRequired\":true,\"valueName\":\"search_term_string\"}}],\"inLanguage\":\"es\"},{\"@type\":\"Organization\",\"@id\":\"https:\\\/\\\/www.caudete.org\\\/ayuntamiento\\\/#organization\",\"name\":\"Ayuntamiento de Caudete\",\"url\":\"https:\\\/\\\/www.caudete.org\\\/ayuntamiento\\\/\",\"logo\":{\"@type\":\"ImageObject\",\"inLanguage\":\"es\",\"@id\":\"https:\\\/\\\/www.caudete.org\\\/ayuntamiento\\\/#\\\/schema\\\/logo\\\/image\\\/\",\"url\":\"https:\\\/\\\/www.caudete.org\\\/ayuntamiento\\\/wp-content\\\/uploads\\\/2020\\\/11\\\/logo_ayuntamiento_caudete.jpg\",\"contentUrl\":\"https:\\\/\\\/www.caudete.org\\\/ayuntamiento\\\/wp-content\\\/uploads\\\/2020\\\/11\\\/logo_ayuntamiento_caudete.jpg\",\"width\":600,\"height\":150,\"caption\":\"Ayuntamiento de Caudete\"},\"image\":{\"@id\":\"https:\\\/\\\/www.caudete.org\\\/ayuntamiento\\\/#\\\/schema\\\/logo\\\/image\\\/\"},\"sameAs\":[\"https:\\\/\\\/www.facebook.com\\\/ayuntamientocaudete\\\/\",\"https:\\\/\\\/www.youtube.com\\\/channel\\\/UC6VztHaooNsGpw-tNoBEFnQ\"]},{\"@type\":\"Person\",\"@id\":\"https:\\\/\\\/www.caudete.org\\\/ayuntamiento\\\/#\\\/schema\\\/person\\\/abfa5ffd5010a14e078c21e6e61b6291\",\"name\":\"informatica2\",\"image\":{\"@type\":\"ImageObject\",\"inLanguage\":\"es\",\"@id\":\"https:\\\/\\\/secure.gravatar.com\\\/avatar\\\/b089890ff033a3e4d03eec00ecb5a14425217205c513f60ec32ebeaaeb5fa700?s=96&d=mm&r=g\",\"url\":\"https:\\\/\\\/secure.gravatar.com\\\/avatar\\\/b089890ff033a3e4d03eec00ecb5a14425217205c513f60ec32ebeaaeb5fa700?s=96&d=mm&r=g\",\"contentUrl\":\"https:\\\/\\\/secure.gravatar.com\\\/avatar\\\/b089890ff033a3e4d03eec00ecb5a14425217205c513f60ec32ebeaaeb5fa700?s=96&d=mm&r=g\",\"caption\":\"informatica2\"},\"url\":\"https:\\\/\\\/www.caudete.org\\\/ayuntamiento\\\/author\\\/informatica2\\\/\"}]}<\/script>\n<!-- \/ Yoast SEO plugin. -->","yoast_head_json":{"title":"Acogida Erasmus+ FP de alumnado y profesorado del centro YouthReach de Carrickmacross (Irlanda) - MI Ayuntamiento de Caudete","description":"P\u00e1gina Oficial del Ayuntamiento de Caudete (Albacete)","robots":{"index":"index","follow":"follow","max-snippet":"max-snippet:-1","max-image-preview":"max-image-preview:large","max-video-preview":"max-video-preview:-1"},"canonical":"https:\/\/www.caudete.org\/ayuntamiento\/acogida-erasmus-fp-de-alumnado-y-profesorado-del-centro-youthreach-de-carrickmacross-irlanda\/","og_locale":"es_ES","og_type":"article","og_title":"Acogida Erasmus+ FP de alumnado y profesorado del centro YouthReach de Carrickmacross (Irlanda) - MI Ayuntamiento de Caudete","og_description":"P\u00e1gina Oficial del Ayuntamiento de Caudete (Albacete)","og_url":"https:\/\/www.caudete.org\/ayuntamiento\/acogida-erasmus-fp-de-alumnado-y-profesorado-del-centro-youthreach-de-carrickmacross-irlanda\/","og_site_name":"MI Ayuntamiento de Caudete","article_publisher":"https:\/\/www.facebook.com\/ayuntamientocaudete\/","article_published_time":"2026-03-09T11:10:35+00:00","article_modified_time":"2026-03-09T11:14:48+00:00","og_image":[{"width":999,"height":665,"url":"https:\/\/www.caudete.org\/ayuntamiento\/wp-content\/uploads\/2026\/03\/PHOTO-2026-02-25-13-21-11-port.jpg","type":"image\/jpeg"}],"author":"informatica2","twitter_card":"summary_large_image","twitter_misc":{"Escrito por":"informatica2","Tiempo de lectura":"2 minutos"},"schema":{"@context":"https:\/\/schema.org","@graph":[{"@type":"Article","@id":"https:\/\/www.caudete.org\/ayuntamiento\/acogida-erasmus-fp-de-alumnado-y-profesorado-del-centro-youthreach-de-carrickmacross-irlanda\/#article","isPartOf":{"@id":"https:\/\/www.caudete.org\/ayuntamiento\/acogida-erasmus-fp-de-alumnado-y-profesorado-del-centro-youthreach-de-carrickmacross-irlanda\/"},"author":{"name":"informatica2","@id":"https:\/\/www.caudete.org\/ayuntamiento\/#\/schema\/person\/abfa5ffd5010a14e078c21e6e61b6291"},"headline":"Acogida Erasmus+ FP de alumnado y profesorado del centro YouthReach de Carrickmacross (Irlanda)","datePublished":"2026-03-09T11:10:35+00:00","dateModified":"2026-03-09T11:14:48+00:00","mainEntityOfPage":{"@id":"https:\/\/www.caudete.org\/ayuntamiento\/acogida-erasmus-fp-de-alumnado-y-profesorado-del-centro-youthreach-de-carrickmacross-irlanda\/"},"wordCount":422,"publisher":{"@id":"https:\/\/www.caudete.org\/ayuntamiento\/#organization"},"image":{"@id":"https:\/\/www.caudete.org\/ayuntamiento\/acogida-erasmus-fp-de-alumnado-y-profesorado-del-centro-youthreach-de-carrickmacross-irlanda\/#primaryimage"},"thumbnailUrl":"https:\/\/www.caudete.org\/ayuntamiento\/wp-content\/uploads\/2026\/03\/PHOTO-2026-02-25-13-21-11-port.jpg","articleSection":["Desarrollo Local"],"inLanguage":"es"},{"@type":"WebPage","@id":"https:\/\/www.caudete.org\/ayuntamiento\/acogida-erasmus-fp-de-alumnado-y-profesorado-del-centro-youthreach-de-carrickmacross-irlanda\/","url":"https:\/\/www.caudete.org\/ayuntamiento\/acogida-erasmus-fp-de-alumnado-y-profesorado-del-centro-youthreach-de-carrickmacross-irlanda\/","name":"Acogida Erasmus+ FP de alumnado y profesorado del centro YouthReach de Carrickmacross (Irlanda) - MI Ayuntamiento de Caudete","isPartOf":{"@id":"https:\/\/www.caudete.org\/ayuntamiento\/#website"},"primaryImageOfPage":{"@id":"https:\/\/www.caudete.org\/ayuntamiento\/acogida-erasmus-fp-de-alumnado-y-profesorado-del-centro-youthreach-de-carrickmacross-irlanda\/#primaryimage"},"image":{"@id":"https:\/\/www.caudete.org\/ayuntamiento\/acogida-erasmus-fp-de-alumnado-y-profesorado-del-centro-youthreach-de-carrickmacross-irlanda\/#primaryimage"},"thumbnailUrl":"https:\/\/www.caudete.org\/ayuntamiento\/wp-content\/uploads\/2026\/03\/PHOTO-2026-02-25-13-21-11-port.jpg","datePublished":"2026-03-09T11:10:35+00:00","dateModified":"2026-03-09T11:14:48+00:00","description":"P\u00e1gina Oficial del Ayuntamiento de Caudete (Albacete)","breadcrumb":{"@id":"https:\/\/www.caudete.org\/ayuntamiento\/acogida-erasmus-fp-de-alumnado-y-profesorado-del-centro-youthreach-de-carrickmacross-irlanda\/#breadcrumb"},"inLanguage":"es","potentialAction":[{"@type":"ReadAction","target":["https:\/\/www.caudete.org\/ayuntamiento\/acogida-erasmus-fp-de-alumnado-y-profesorado-del-centro-youthreach-de-carrickmacross-irlanda\/"]}]},{"@type":"ImageObject","inLanguage":"es","@id":"https:\/\/www.caudete.org\/ayuntamiento\/acogida-erasmus-fp-de-alumnado-y-profesorado-del-centro-youthreach-de-carrickmacross-irlanda\/#primaryimage","url":"https:\/\/www.caudete.org\/ayuntamiento\/wp-content\/uploads\/2026\/03\/PHOTO-2026-02-25-13-21-11-port.jpg","contentUrl":"https:\/\/www.caudete.org\/ayuntamiento\/wp-content\/uploads\/2026\/03\/PHOTO-2026-02-25-13-21-11-port.jpg","width":999,"height":665},{"@type":"BreadcrumbList","@id":"https:\/\/www.caudete.org\/ayuntamiento\/acogida-erasmus-fp-de-alumnado-y-profesorado-del-centro-youthreach-de-carrickmacross-irlanda\/#breadcrumb","itemListElement":[{"@type":"ListItem","position":1,"name":"Inicio","item":"https:\/\/www.caudete.org\/ayuntamiento\/"},{"@type":"ListItem","position":2,"name":"Acogida Erasmus+ FP de alumnado y profesorado del centro YouthReach de Carrickmacross (Irlanda)"}]},{"@type":"WebSite","@id":"https:\/\/www.caudete.org\/ayuntamiento\/#website","url":"https:\/\/www.caudete.org\/ayuntamiento\/","name":"MI Ayuntamiento de Caudete","description":"P\u00e1gina Oficial del MI Ayuntamiento de Caudete","publisher":{"@id":"https:\/\/www.caudete.org\/ayuntamiento\/#organization"},"potentialAction":[{"@type":"SearchAction","target":{"@type":"EntryPoint","urlTemplate":"https:\/\/www.caudete.org\/ayuntamiento\/?s={search_term_string}"},"query-input":{"@type":"PropertyValueSpecification","valueRequired":true,"valueName":"search_term_string"}}],"inLanguage":"es"},{"@type":"Organization","@id":"https:\/\/www.caudete.org\/ayuntamiento\/#organization","name":"Ayuntamiento de Caudete","url":"https:\/\/www.caudete.org\/ayuntamiento\/","logo":{"@type":"ImageObject","inLanguage":"es","@id":"https:\/\/www.caudete.org\/ayuntamiento\/#\/schema\/logo\/image\/","url":"https:\/\/www.caudete.org\/ayuntamiento\/wp-content\/uploads\/2020\/11\/logo_ayuntamiento_caudete.jpg","contentUrl":"https:\/\/www.caudete.org\/ayuntamiento\/wp-content\/uploads\/2020\/11\/logo_ayuntamiento_caudete.jpg","width":600,"height":150,"caption":"Ayuntamiento de Caudete"},"image":{"@id":"https:\/\/www.caudete.org\/ayuntamiento\/#\/schema\/logo\/image\/"},"sameAs":["https:\/\/www.facebook.com\/ayuntamientocaudete\/","https:\/\/www.youtube.com\/channel\/UC6VztHaooNsGpw-tNoBEFnQ"]},{"@type":"Person","@id":"https:\/\/www.caudete.org\/ayuntamiento\/#\/schema\/person\/abfa5ffd5010a14e078c21e6e61b6291","name":"informatica2","image":{"@type":"ImageObject","inLanguage":"es","@id":"https:\/\/secure.gravatar.com\/avatar\/b089890ff033a3e4d03eec00ecb5a14425217205c513f60ec32ebeaaeb5fa700?s=96&d=mm&r=g","url":"https:\/\/secure.gravatar.com\/avatar\/b089890ff033a3e4d03eec00ecb5a14425217205c513f60ec32ebeaaeb5fa700?s=96&d=mm&r=g","contentUrl":"https:\/\/secure.gravatar.com\/avatar\/b089890ff033a3e4d03eec00ecb5a14425217205c513f60ec32ebeaaeb5fa700?s=96&d=mm&r=g","caption":"informatica2"},"url":"https:\/\/www.caudete.org\/ayuntamiento\/author\/informatica2\/"}]}},"_links":{"self":[{"href":"https:\/\/www.caudete.org\/ayuntamiento\/wp-json\/wp\/v2\/posts\/32852","targetHints":{"allow":["GET"]}}],"collection":[{"href":"https:\/\/www.caudete.org\/ayuntamiento\/wp-json\/wp\/v2\/posts"}],"about":[{"href":"https:\/\/www.caudete.org\/ayuntamiento\/wp-json\/wp\/v2\/types\/post"}],"author":[{"embeddable":true,"href":"https:\/\/www.caudete.org\/ayuntamiento\/wp-json\/wp\/v2\/users\/6"}],"replies":[{"embeddable":true,"href":"https:\/\/www.caudete.org\/ayuntamiento\/wp-json\/wp\/v2\/comments?post=32852"}],"version-history":[{"count":4,"href":"https:\/\/www.caudete.org\/ayuntamiento\/wp-json\/wp\/v2\/posts\/32852\/revisions"}],"predecessor-version":[{"id":32915,"href":"https:\/\/www.caudete.org\/ayuntamiento\/wp-json\/wp\/v2\/posts\/32852\/revisions\/32915"}],"wp:featuredmedia":[{"embeddable":true,"href":"https:\/\/www.caudete.org\/ayuntamiento\/wp-json\/wp\/v2\/media\/32861"}],"wp:attachment":[{"href":"https:\/\/www.caudete.org\/ayuntamiento\/wp-json\/wp\/v2\/media?parent=32852"}],"wp:term":[{"taxonomy":"category","embeddable":true,"href":"https:\/\/www.caudete.org\/ayuntamiento\/wp-json\/wp\/v2\/categories?post=32852"},{"taxonomy":"post_tag","embeddable":true,"href":"https:\/\/www.caudete.org\/ayuntamiento\/wp-json\/wp\/v2\/tags?post=32852"}],"curies":[{"name":"wp","href":"https:\/\/api.w.org\/{rel}","templated":true}]}}