{"id":32864,"date":"2026-03-05T13:36:33","date_gmt":"2026-03-05T12:36:33","guid":{"rendered":"https:\/\/www.caudete.org\/ayuntamiento\/?p=32864"},"modified":"2026-03-11T08:59:19","modified_gmt":"2026-03-11T07:59:19","slug":"reunion-informativa-para-informacion-clara-sobre-el-futuro-del-servicio-de-agua-en-caudete","status":"publish","type":"post","link":"https:\/\/www.caudete.org\/ayuntamiento\/reunion-informativa-para-informacion-clara-sobre-el-futuro-del-servicio-de-agua-en-caudete\/","title":{"rendered":"Reuni\u00f3n informativa: una explicaci\u00f3n clara sobre el futuro del SERVICIO de AGUA en Caudete"},"content":{"rendered":"<p style=\"text-align: justify;\" data-start=\"254\" data-end=\"500\">El Ayuntamiento de Caudete informa a todos los vecinos sobre la situaci\u00f3n actual y las alternativas que se est\u00e1n estudiando para la gesti\u00f3n del servicio de agua, con el objetivo de garantizar su calidad, eficiencia y sostenibilidad a largo plazo.<\/p>\n<h3 style=\"text-align: justify;\" data-start=\"502\" data-end=\"568\"><strong data-start=\"506\" data-end=\"568\">\u00bfPor qu\u00e9 se est\u00e1 estudiando el modelo de gesti\u00f3n del agua?<\/strong><\/h3>\n<p style=\"text-align: justify;\" data-start=\"569\" data-end=\"765\">El servicio de agua necesita afrontar inversiones estructurales cercanas a 6 millones de euros para garantizar el suministro, modernizar infraestructuras y renovar parte de la red de distribuci\u00f3n.<\/p>\n<h3 style=\"text-align: justify;\" data-start=\"767\" data-end=\"791\"><strong data-start=\"771\" data-end=\"791\">Situaci\u00f3n actual<\/strong><\/h3>\n<p style=\"padding-left: 40px;\" data-start=\"794\" data-end=\"840\"><strong data-start=\"2015\" data-end=\"2025\">\u2022 <\/strong>Hasta 2013, el servicio estuvo concesionado.<br \/>\n<strong data-start=\"2015\" data-end=\"2025\">\u2022 <\/strong>Desde 2013, el servicio es gestionado directamente por el Ayuntamiento.<br \/>\n<strong data-start=\"2015\" data-end=\"2025\">\u2022 <\/strong>Las tarifas solo se modificaron en 2017 y se actualizan las tasas en 2024, la dos veces con el actual alcalde Jos\u00e9 Miguel Moll\u00e1 Nieto.<br \/>\n<strong data-start=\"2015\" data-end=\"2025\">\u2022 <\/strong>En los \u00faltimos a\u00f1os se han realizado mejoras en sondeos, contadores de telelectura, red y se est\u00e1 ultimando la puesta en marcha del pozo que se ha comprado en el 2025.<\/p>\n<h3 style=\"text-align: justify;\" data-start=\"1088\" data-end=\"1139\"><strong data-start=\"1092\" data-end=\"1139\">Opciones de gesti\u00f3n que se est\u00e1n estudiando<\/strong><\/h3>\n<p style=\"text-align: justify;\" data-start=\"1140\" data-end=\"1240\"><strong data-start=\"1140\" data-end=\"1160\">Gesti\u00f3n directa:<\/strong><br data-start=\"1160\" data-end=\"1163\">El Ayuntamiento asume todas las inversiones, riesgos y costes del servicio, adem\u00e1s de todo los gastos del mantenimiento de la red de agua.<\/p>\n<p style=\"text-align: justify;\" data-start=\"1242\" data-end=\"1405\"><strong data-start=\"1242\" data-end=\"1264\">Gesti\u00f3n indirecta:<\/strong><br data-start=\"1264\" data-end=\"1267\">Una empresa especializada presta el servicio mediante contrato, pero el agua, las infraestructuras y el control siguen siendo municipales.<\/p>\n<h3 style=\"text-align: justify;\" data-start=\"1407\" data-end=\"1444\"><strong data-start=\"1411\" data-end=\"1444\">Impacto estimado en el recibo<\/strong><\/h3>\n<div class=\"TyagGW_tableContainer\" style=\"text-align: justify;\">\n<div class=\"group TyagGW_tableWrapper flex flex-col-reverse w-fit\" tabindex=\"-1\">\n<table class=\"w-fit min-w-(--thread-content-width)\" width=\"973\" data-start=\"1445\" data-end=\"1659\">\n<thead data-start=\"1445\" data-end=\"1485\">\n<tr data-start=\"1445\" data-end=\"1485\">\n<th class=\"\" data-start=\"1445\" data-end=\"1465\" data-col-size=\"sm\">Modelo de gesti\u00f3n<\/th>\n<th class=\"\" data-start=\"1465\" data-end=\"1485\" data-col-size=\"md\">Impacto estimado<\/th>\n<\/tr>\n<\/thead>\n<tbody data-start=\"1523\" data-end=\"1659\">\n<tr data-start=\"1523\" data-end=\"1594\">\n<td data-start=\"1523\" data-end=\"1541\" data-col-size=\"sm\">Gesti\u00f3n directa<\/td>\n<td data-col-size=\"md\" data-start=\"1541\" data-end=\"1594\">Subida cercana al 200% para financiar inversiones adem\u00e1s de los gastos de mantenimiento de la red de agua.<\/td>\n<\/tr>\n<tr data-start=\"1595\" data-end=\"1659\">\n<td data-start=\"1595\" data-end=\"1615\" data-col-size=\"sm\">Gesti\u00f3n indirecta<\/td>\n<td data-col-size=\"md\" data-start=\"1615\" data-end=\"1659\">Subida aproximada del 12,5% para hacer frente a las inversiones + 4 \u20ac al mes para canon finalista para mejora de calles.<\/td>\n<\/tr>\n<\/tbody>\n<\/table>\n<\/div>\n<\/div>\n<h3 style=\"text-align: justify;\" data-start=\"1661\" data-end=\"1691\"><strong data-start=\"1665\" data-end=\"1691\">\u00bfSe privatiza el agua?<\/strong><\/h3>\n<p style=\"text-align: justify;\" data-start=\"1692\" data-end=\"1844\"><span style=\"font-size: xx-large;\"><b>\u00a1No!<\/b>&nbsp;<\/span>El agua siempre seguir\u00e1 siendo p\u00fablica. El Ayuntamiento mantiene la titularidad de las infraestructuras, aprueba las tarifas y controla el servicio.<\/p>\n<h3 style=\"text-align: justify;\" data-start=\"1846\" data-end=\"1886\"><strong data-start=\"1850\" data-end=\"1886\">Reuni\u00f3n informativa para vecinos<\/strong><\/h3>\n<p style=\"text-align: justify;\" data-start=\"1887\" data-end=\"2011\">El alcalde, <strong data-start=\"1899\" data-end=\"1926\">Jos\u00e9 Miguel Moll\u00e1 Nieto<\/strong>, convoca a todos los caudetanos a la charla informativa donde se presentar\u00e1 los datos t\u00e9cnicos, se debatir\u00e1 y responder\u00e1 todas las preguntas de los ciudadanos.<\/p>\n<p style=\"padding-left: 40px;\" data-start=\"2015\" data-end=\"2046\"><strong data-start=\"2015\" data-end=\"2025\">\u2022 Fecha:<\/strong> Martes 10 de marzo<br \/>\n<strong data-start=\"2015\" data-end=\"2025\">\u2022 <\/strong><strong data-start=\"2049\" data-end=\"2058\">Hora:<\/strong> 20:30<br \/>\n<strong data-start=\"2015\" data-end=\"2025\">\u2022 <\/strong><strong data-start=\"2069\" data-end=\"2079\">Lugar:<\/strong> Auditorio de la Casa de Cultura de Caudete<\/p>\n<p style=\"text-align: justify;\" data-start=\"2126\" data-end=\"2249\"><b>\u201c\u00a1Todos los vecinos est\u00e1n invitados a asistir y conocer de primera mano, de manera transparente y con datos oficiales fiables, el futuro del servicio de agua en nuestro municipio!\u201d<\/b><\/p>\n<p data-start=\"2126\" data-end=\"2249\"><a href=\"https:\/\/www.caudete.org\/ayuntamiento\/wp-content\/uploads\/2026\/03\/Cartel-convocatoria-agua.jpg\" rel='prettyPhoto'><img fetchpriority=\"high\" decoding=\"async\" class=\"alignnone wp-image-32868 size-large\" src=\"https:\/\/www.caudete.org\/ayuntamiento\/wp-content\/uploads\/2026\/03\/Cartel-convocatoria-agua-731x900.jpg\" alt=\"\" width=\"731\" height=\"900\" srcset=\"https:\/\/www.caudete.org\/ayuntamiento\/wp-content\/uploads\/2026\/03\/Cartel-convocatoria-agua-731x900.jpg 731w, https:\/\/www.caudete.org\/ayuntamiento\/wp-content\/uploads\/2026\/03\/Cartel-convocatoria-agua-650x800.jpg 650w, https:\/\/www.caudete.org\/ayuntamiento\/wp-content\/uploads\/2026\/03\/Cartel-convocatoria-agua-179x220.jpg 179w, https:\/\/www.caudete.org\/ayuntamiento\/wp-content\/uploads\/2026\/03\/Cartel-convocatoria-agua-768x946.jpg 768w, https:\/\/www.caudete.org\/ayuntamiento\/wp-content\/uploads\/2026\/03\/Cartel-convocatoria-agua.jpg 1024w\" sizes=\"(max-width: 731px) 100vw, 731px\" \/><\/a><\/p>\n","protected":false},"excerpt":{"rendered":"<p>El Ayuntamiento de Caudete informa a todos los vecinos sobre la situaci\u00f3n actual y las alternativas que se est\u00e1n estudiando para la gesti\u00f3n del servicio de agua, con el objetivo de garantizar su calidad, eficiencia y sostenibilidad a largo plazo. \u00bfPor qu\u00e9 se est\u00e1 estudiando el modelo de gesti\u00f3n del agua? El servicio de agua &hellip;<\/p>\n","protected":false},"author":6,"featured_media":23089,"comment_status":"closed","ping_status":"open","sticky":false,"template":"","format":"standard","meta":{"ngg_post_thumbnail":0,"footnotes":""},"categories":[49],"tags":[],"class_list":["post-32864","post","type-post","status-publish","format-standard","has-post-thumbnail","hentry","category-ciclo-integral-del-agua"],"yoast_head":"<!-- This site is optimized with the Yoast SEO plugin v27.5 - https:\/\/yoast.com\/product\/yoast-seo-wordpress\/ -->\n<title>Reuni\u00f3n informativa: una explicaci\u00f3n clara sobre el futuro del SERVICIO de AGUA en Caudete - MI Ayuntamiento de Caudete<\/title>\n<meta name=\"description\" content=\"P\u00e1gina Oficial del Ayuntamiento de Caudete (Albacete)\" \/>\n<meta name=\"robots\" content=\"index, follow, max-snippet:-1, max-image-preview:large, max-video-preview:-1\" \/>\n<link rel=\"canonical\" href=\"https:\/\/www.caudete.org\/ayuntamiento\/reunion-informativa-para-informacion-clara-sobre-el-futuro-del-servicio-de-agua-en-caudete\/\" \/>\n<meta property=\"og:locale\" content=\"es_ES\" \/>\n<meta property=\"og:type\" content=\"article\" \/>\n<meta property=\"og:title\" content=\"Reuni\u00f3n informativa: una explicaci\u00f3n clara sobre el futuro del SERVICIO de AGUA en Caudete - MI Ayuntamiento de Caudete\" \/>\n<meta property=\"og:description\" content=\"P\u00e1gina Oficial del Ayuntamiento de Caudete (Albacete)\" \/>\n<meta property=\"og:url\" content=\"https:\/\/www.caudete.org\/ayuntamiento\/reunion-informativa-para-informacion-clara-sobre-el-futuro-del-servicio-de-agua-en-caudete\/\" \/>\n<meta property=\"og:site_name\" content=\"MI Ayuntamiento de Caudete\" \/>\n<meta property=\"article:publisher\" content=\"https:\/\/www.facebook.com\/ayuntamientocaudete\/\" \/>\n<meta property=\"article:published_time\" content=\"2026-03-05T12:36:33+00:00\" \/>\n<meta property=\"article:modified_time\" content=\"2026-03-11T07:59:19+00:00\" \/>\n<meta property=\"og:image\" content=\"https:\/\/www.caudete.org\/ayuntamiento\/wp-content\/uploads\/2023\/08\/ayuntamiento_2020_caudete_digital.jpg\" \/>\n\t<meta property=\"og:image:width\" content=\"700\" \/>\n\t<meta property=\"og:image:height\" content=\"344\" \/>\n\t<meta property=\"og:image:type\" content=\"image\/jpeg\" \/>\n<meta name=\"author\" content=\"informatica2\" \/>\n<meta name=\"twitter:card\" content=\"summary_large_image\" \/>\n<meta name=\"twitter:label1\" content=\"Escrito por\" \/>\n\t<meta name=\"twitter:data1\" content=\"informatica2\" \/>\n\t<meta name=\"twitter:label2\" content=\"Tiempo de lectura\" \/>\n\t<meta name=\"twitter:data2\" content=\"3 minutos\" \/>\n<script type=\"application\/ld+json\" class=\"yoast-schema-graph\">{\"@context\":\"https:\\\/\\\/schema.org\",\"@graph\":[{\"@type\":\"Article\",\"@id\":\"https:\\\/\\\/www.caudete.org\\\/ayuntamiento\\\/reunion-informativa-para-informacion-clara-sobre-el-futuro-del-servicio-de-agua-en-caudete\\\/#article\",\"isPartOf\":{\"@id\":\"https:\\\/\\\/www.caudete.org\\\/ayuntamiento\\\/reunion-informativa-para-informacion-clara-sobre-el-futuro-del-servicio-de-agua-en-caudete\\\/\"},\"author\":{\"name\":\"informatica2\",\"@id\":\"https:\\\/\\\/www.caudete.org\\\/ayuntamiento\\\/#\\\/schema\\\/person\\\/abfa5ffd5010a14e078c21e6e61b6291\"},\"headline\":\"Reuni\u00f3n informativa: una explicaci\u00f3n clara sobre el futuro del SERVICIO de AGUA en Caudete\",\"datePublished\":\"2026-03-05T12:36:33+00:00\",\"dateModified\":\"2026-03-11T07:59:19+00:00\",\"mainEntityOfPage\":{\"@id\":\"https:\\\/\\\/www.caudete.org\\\/ayuntamiento\\\/reunion-informativa-para-informacion-clara-sobre-el-futuro-del-servicio-de-agua-en-caudete\\\/\"},\"wordCount\":390,\"image\":{\"@id\":\"https:\\\/\\\/www.caudete.org\\\/ayuntamiento\\\/reunion-informativa-para-informacion-clara-sobre-el-futuro-del-servicio-de-agua-en-caudete\\\/#primaryimage\"},\"thumbnailUrl\":\"https:\\\/\\\/www.caudete.org\\\/ayuntamiento\\\/wp-content\\\/uploads\\\/2023\\\/08\\\/ayuntamiento_2020_caudete_digital.jpg\",\"articleSection\":[\"Ciclo Integral del Agua\"],\"inLanguage\":\"es\"},{\"@type\":\"WebPage\",\"@id\":\"https:\\\/\\\/www.caudete.org\\\/ayuntamiento\\\/reunion-informativa-para-informacion-clara-sobre-el-futuro-del-servicio-de-agua-en-caudete\\\/\",\"url\":\"https:\\\/\\\/www.caudete.org\\\/ayuntamiento\\\/reunion-informativa-para-informacion-clara-sobre-el-futuro-del-servicio-de-agua-en-caudete\\\/\",\"name\":\"Reuni\u00f3n informativa: una explicaci\u00f3n clara sobre el futuro del SERVICIO de AGUA en Caudete - MI Ayuntamiento de Caudete\",\"isPartOf\":{\"@id\":\"https:\\\/\\\/www.caudete.org\\\/ayuntamiento\\\/#website\"},\"primaryImageOfPage\":{\"@id\":\"https:\\\/\\\/www.caudete.org\\\/ayuntamiento\\\/reunion-informativa-para-informacion-clara-sobre-el-futuro-del-servicio-de-agua-en-caudete\\\/#primaryimage\"},\"image\":{\"@id\":\"https:\\\/\\\/www.caudete.org\\\/ayuntamiento\\\/reunion-informativa-para-informacion-clara-sobre-el-futuro-del-servicio-de-agua-en-caudete\\\/#primaryimage\"},\"thumbnailUrl\":\"https:\\\/\\\/www.caudete.org\\\/ayuntamiento\\\/wp-content\\\/uploads\\\/2023\\\/08\\\/ayuntamiento_2020_caudete_digital.jpg\",\"datePublished\":\"2026-03-05T12:36:33+00:00\",\"dateModified\":\"2026-03-11T07:59:19+00:00\",\"author\":{\"@id\":\"https:\\\/\\\/www.caudete.org\\\/ayuntamiento\\\/#\\\/schema\\\/person\\\/abfa5ffd5010a14e078c21e6e61b6291\"},\"description\":\"P\u00e1gina Oficial del Ayuntamiento de Caudete (Albacete)\",\"breadcrumb\":{\"@id\":\"https:\\\/\\\/www.caudete.org\\\/ayuntamiento\\\/reunion-informativa-para-informacion-clara-sobre-el-futuro-del-servicio-de-agua-en-caudete\\\/#breadcrumb\"},\"inLanguage\":\"es\",\"potentialAction\":[{\"@type\":\"ReadAction\",\"target\":[\"https:\\\/\\\/www.caudete.org\\\/ayuntamiento\\\/reunion-informativa-para-informacion-clara-sobre-el-futuro-del-servicio-de-agua-en-caudete\\\/\"]}]},{\"@type\":\"ImageObject\",\"inLanguage\":\"es\",\"@id\":\"https:\\\/\\\/www.caudete.org\\\/ayuntamiento\\\/reunion-informativa-para-informacion-clara-sobre-el-futuro-del-servicio-de-agua-en-caudete\\\/#primaryimage\",\"url\":\"https:\\\/\\\/www.caudete.org\\\/ayuntamiento\\\/wp-content\\\/uploads\\\/2023\\\/08\\\/ayuntamiento_2020_caudete_digital.jpg\",\"contentUrl\":\"https:\\\/\\\/www.caudete.org\\\/ayuntamiento\\\/wp-content\\\/uploads\\\/2023\\\/08\\\/ayuntamiento_2020_caudete_digital.jpg\",\"width\":700,\"height\":344},{\"@type\":\"BreadcrumbList\",\"@id\":\"https:\\\/\\\/www.caudete.org\\\/ayuntamiento\\\/reunion-informativa-para-informacion-clara-sobre-el-futuro-del-servicio-de-agua-en-caudete\\\/#breadcrumb\",\"itemListElement\":[{\"@type\":\"ListItem\",\"position\":1,\"name\":\"Inicio\",\"item\":\"https:\\\/\\\/www.caudete.org\\\/ayuntamiento\\\/\"},{\"@type\":\"ListItem\",\"position\":2,\"name\":\"Reuni\u00f3n informativa: una explicaci\u00f3n clara sobre el futuro del SERVICIO de AGUA en Caudete\"}]},{\"@type\":\"WebSite\",\"@id\":\"https:\\\/\\\/www.caudete.org\\\/ayuntamiento\\\/#website\",\"url\":\"https:\\\/\\\/www.caudete.org\\\/ayuntamiento\\\/\",\"name\":\"MI Ayuntamiento de Caudete\",\"description\":\"P\u00e1gina Oficial del MI Ayuntamiento de Caudete\",\"potentialAction\":[{\"@type\":\"SearchAction\",\"target\":{\"@type\":\"EntryPoint\",\"urlTemplate\":\"https:\\\/\\\/www.caudete.org\\\/ayuntamiento\\\/?s={search_term_string}\"},\"query-input\":{\"@type\":\"PropertyValueSpecification\",\"valueRequired\":true,\"valueName\":\"search_term_string\"}}],\"inLanguage\":\"es\"},{\"@type\":\"Person\",\"@id\":\"https:\\\/\\\/www.caudete.org\\\/ayuntamiento\\\/#\\\/schema\\\/person\\\/abfa5ffd5010a14e078c21e6e61b6291\",\"name\":\"informatica2\",\"image\":{\"@type\":\"ImageObject\",\"inLanguage\":\"es\",\"@id\":\"https:\\\/\\\/secure.gravatar.com\\\/avatar\\\/b089890ff033a3e4d03eec00ecb5a14425217205c513f60ec32ebeaaeb5fa700?s=96&d=mm&r=g\",\"url\":\"https:\\\/\\\/secure.gravatar.com\\\/avatar\\\/b089890ff033a3e4d03eec00ecb5a14425217205c513f60ec32ebeaaeb5fa700?s=96&d=mm&r=g\",\"contentUrl\":\"https:\\\/\\\/secure.gravatar.com\\\/avatar\\\/b089890ff033a3e4d03eec00ecb5a14425217205c513f60ec32ebeaaeb5fa700?s=96&d=mm&r=g\",\"caption\":\"informatica2\"},\"url\":\"https:\\\/\\\/www.caudete.org\\\/ayuntamiento\\\/author\\\/informatica2\\\/\"}]}<\/script>\n<!-- \/ Yoast SEO plugin. -->","yoast_head_json":{"title":"Reuni\u00f3n informativa: una explicaci\u00f3n clara sobre el futuro del SERVICIO de AGUA en Caudete - MI Ayuntamiento de Caudete","description":"P\u00e1gina Oficial del Ayuntamiento de Caudete (Albacete)","robots":{"index":"index","follow":"follow","max-snippet":"max-snippet:-1","max-image-preview":"max-image-preview:large","max-video-preview":"max-video-preview:-1"},"canonical":"https:\/\/www.caudete.org\/ayuntamiento\/reunion-informativa-para-informacion-clara-sobre-el-futuro-del-servicio-de-agua-en-caudete\/","og_locale":"es_ES","og_type":"article","og_title":"Reuni\u00f3n informativa: una explicaci\u00f3n clara sobre el futuro del SERVICIO de AGUA en Caudete - MI Ayuntamiento de Caudete","og_description":"P\u00e1gina Oficial del Ayuntamiento de Caudete (Albacete)","og_url":"https:\/\/www.caudete.org\/ayuntamiento\/reunion-informativa-para-informacion-clara-sobre-el-futuro-del-servicio-de-agua-en-caudete\/","og_site_name":"MI Ayuntamiento de Caudete","article_publisher":"https:\/\/www.facebook.com\/ayuntamientocaudete\/","article_published_time":"2026-03-05T12:36:33+00:00","article_modified_time":"2026-03-11T07:59:19+00:00","og_image":[{"width":700,"height":344,"url":"https:\/\/www.caudete.org\/ayuntamiento\/wp-content\/uploads\/2023\/08\/ayuntamiento_2020_caudete_digital.jpg","type":"image\/jpeg"}],"author":"informatica2","twitter_card":"summary_large_image","twitter_misc":{"Escrito por":"informatica2","Tiempo de lectura":"3 minutos"},"schema":{"@context":"https:\/\/schema.org","@graph":[{"@type":"Article","@id":"https:\/\/www.caudete.org\/ayuntamiento\/reunion-informativa-para-informacion-clara-sobre-el-futuro-del-servicio-de-agua-en-caudete\/#article","isPartOf":{"@id":"https:\/\/www.caudete.org\/ayuntamiento\/reunion-informativa-para-informacion-clara-sobre-el-futuro-del-servicio-de-agua-en-caudete\/"},"author":{"name":"informatica2","@id":"https:\/\/www.caudete.org\/ayuntamiento\/#\/schema\/person\/abfa5ffd5010a14e078c21e6e61b6291"},"headline":"Reuni\u00f3n informativa: una explicaci\u00f3n clara sobre el futuro del SERVICIO de AGUA en Caudete","datePublished":"2026-03-05T12:36:33+00:00","dateModified":"2026-03-11T07:59:19+00:00","mainEntityOfPage":{"@id":"https:\/\/www.caudete.org\/ayuntamiento\/reunion-informativa-para-informacion-clara-sobre-el-futuro-del-servicio-de-agua-en-caudete\/"},"wordCount":390,"image":{"@id":"https:\/\/www.caudete.org\/ayuntamiento\/reunion-informativa-para-informacion-clara-sobre-el-futuro-del-servicio-de-agua-en-caudete\/#primaryimage"},"thumbnailUrl":"https:\/\/www.caudete.org\/ayuntamiento\/wp-content\/uploads\/2023\/08\/ayuntamiento_2020_caudete_digital.jpg","articleSection":["Ciclo Integral del Agua"],"inLanguage":"es"},{"@type":"WebPage","@id":"https:\/\/www.caudete.org\/ayuntamiento\/reunion-informativa-para-informacion-clara-sobre-el-futuro-del-servicio-de-agua-en-caudete\/","url":"https:\/\/www.caudete.org\/ayuntamiento\/reunion-informativa-para-informacion-clara-sobre-el-futuro-del-servicio-de-agua-en-caudete\/","name":"Reuni\u00f3n informativa: una explicaci\u00f3n clara sobre el futuro del SERVICIO de AGUA en Caudete - MI Ayuntamiento de Caudete","isPartOf":{"@id":"https:\/\/www.caudete.org\/ayuntamiento\/#website"},"primaryImageOfPage":{"@id":"https:\/\/www.caudete.org\/ayuntamiento\/reunion-informativa-para-informacion-clara-sobre-el-futuro-del-servicio-de-agua-en-caudete\/#primaryimage"},"image":{"@id":"https:\/\/www.caudete.org\/ayuntamiento\/reunion-informativa-para-informacion-clara-sobre-el-futuro-del-servicio-de-agua-en-caudete\/#primaryimage"},"thumbnailUrl":"https:\/\/www.caudete.org\/ayuntamiento\/wp-content\/uploads\/2023\/08\/ayuntamiento_2020_caudete_digital.jpg","datePublished":"2026-03-05T12:36:33+00:00","dateModified":"2026-03-11T07:59:19+00:00","author":{"@id":"https:\/\/www.caudete.org\/ayuntamiento\/#\/schema\/person\/abfa5ffd5010a14e078c21e6e61b6291"},"description":"P\u00e1gina Oficial del Ayuntamiento de Caudete (Albacete)","breadcrumb":{"@id":"https:\/\/www.caudete.org\/ayuntamiento\/reunion-informativa-para-informacion-clara-sobre-el-futuro-del-servicio-de-agua-en-caudete\/#breadcrumb"},"inLanguage":"es","potentialAction":[{"@type":"ReadAction","target":["https:\/\/www.caudete.org\/ayuntamiento\/reunion-informativa-para-informacion-clara-sobre-el-futuro-del-servicio-de-agua-en-caudete\/"]}]},{"@type":"ImageObject","inLanguage":"es","@id":"https:\/\/www.caudete.org\/ayuntamiento\/reunion-informativa-para-informacion-clara-sobre-el-futuro-del-servicio-de-agua-en-caudete\/#primaryimage","url":"https:\/\/www.caudete.org\/ayuntamiento\/wp-content\/uploads\/2023\/08\/ayuntamiento_2020_caudete_digital.jpg","contentUrl":"https:\/\/www.caudete.org\/ayuntamiento\/wp-content\/uploads\/2023\/08\/ayuntamiento_2020_caudete_digital.jpg","width":700,"height":344},{"@type":"BreadcrumbList","@id":"https:\/\/www.caudete.org\/ayuntamiento\/reunion-informativa-para-informacion-clara-sobre-el-futuro-del-servicio-de-agua-en-caudete\/#breadcrumb","itemListElement":[{"@type":"ListItem","position":1,"name":"Inicio","item":"https:\/\/www.caudete.org\/ayuntamiento\/"},{"@type":"ListItem","position":2,"name":"Reuni\u00f3n informativa: una explicaci\u00f3n clara sobre el futuro del SERVICIO de AGUA en Caudete"}]},{"@type":"WebSite","@id":"https:\/\/www.caudete.org\/ayuntamiento\/#website","url":"https:\/\/www.caudete.org\/ayuntamiento\/","name":"MI Ayuntamiento de Caudete","description":"P\u00e1gina Oficial del MI Ayuntamiento de Caudete","potentialAction":[{"@type":"SearchAction","target":{"@type":"EntryPoint","urlTemplate":"https:\/\/www.caudete.org\/ayuntamiento\/?s={search_term_string}"},"query-input":{"@type":"PropertyValueSpecification","valueRequired":true,"valueName":"search_term_string"}}],"inLanguage":"es"},{"@type":"Person","@id":"https:\/\/www.caudete.org\/ayuntamiento\/#\/schema\/person\/abfa5ffd5010a14e078c21e6e61b6291","name":"informatica2","image":{"@type":"ImageObject","inLanguage":"es","@id":"https:\/\/secure.gravatar.com\/avatar\/b089890ff033a3e4d03eec00ecb5a14425217205c513f60ec32ebeaaeb5fa700?s=96&d=mm&r=g","url":"https:\/\/secure.gravatar.com\/avatar\/b089890ff033a3e4d03eec00ecb5a14425217205c513f60ec32ebeaaeb5fa700?s=96&d=mm&r=g","contentUrl":"https:\/\/secure.gravatar.com\/avatar\/b089890ff033a3e4d03eec00ecb5a14425217205c513f60ec32ebeaaeb5fa700?s=96&d=mm&r=g","caption":"informatica2"},"url":"https:\/\/www.caudete.org\/ayuntamiento\/author\/informatica2\/"}]}},"_links":{"self":[{"href":"https:\/\/www.caudete.org\/ayuntamiento\/wp-json\/wp\/v2\/posts\/32864","targetHints":{"allow":["GET"]}}],"collection":[{"href":"https:\/\/www.caudete.org\/ayuntamiento\/wp-json\/wp\/v2\/posts"}],"about":[{"href":"https:\/\/www.caudete.org\/ayuntamiento\/wp-json\/wp\/v2\/types\/post"}],"author":[{"embeddable":true,"href":"https:\/\/www.caudete.org\/ayuntamiento\/wp-json\/wp\/v2\/users\/6"}],"replies":[{"embeddable":true,"href":"https:\/\/www.caudete.org\/ayuntamiento\/wp-json\/wp\/v2\/comments?post=32864"}],"version-history":[{"count":11,"href":"https:\/\/www.caudete.org\/ayuntamiento\/wp-json\/wp\/v2\/posts\/32864\/revisions"}],"predecessor-version":[{"id":32913,"href":"https:\/\/www.caudete.org\/ayuntamiento\/wp-json\/wp\/v2\/posts\/32864\/revisions\/32913"}],"wp:featuredmedia":[{"embeddable":true,"href":"https:\/\/www.caudete.org\/ayuntamiento\/wp-json\/wp\/v2\/media\/23089"}],"wp:attachment":[{"href":"https:\/\/www.caudete.org\/ayuntamiento\/wp-json\/wp\/v2\/media?parent=32864"}],"wp:term":[{"taxonomy":"category","embeddable":true,"href":"https:\/\/www.caudete.org\/ayuntamiento\/wp-json\/wp\/v2\/categories?post=32864"},{"taxonomy":"post_tag","embeddable":true,"href":"https:\/\/www.caudete.org\/ayuntamiento\/wp-json\/wp\/v2\/tags?post=32864"}],"curies":[{"name":"wp","href":"https:\/\/api.w.org\/{rel}","templated":true}]}}