{"id":32886,"date":"2026-03-06T13:51:37","date_gmt":"2026-03-06T12:51:37","guid":{"rendered":"https:\/\/www.caudete.org\/ayuntamiento\/?p=32886"},"modified":"2026-03-06T13:56:15","modified_gmt":"2026-03-06T12:56:15","slug":"corte-de-trafico-programado-en-el-camino-de-los-vinales","status":"publish","type":"post","link":"https:\/\/www.caudete.org\/ayuntamiento\/corte-de-trafico-programado-en-el-camino-de-los-vinales\/","title":{"rendered":"Corte de Tr\u00e1fico programado en el Camino de Los Vi\u00f1ales"},"content":{"rendered":"<p data-path-to-node=\"3\">Se informa a todos los vecinos y usuarios que, debido a los trabajos programados para el <b data-path-to-node=\"3\" data-index-in-node=\"89\">aforo del pozo<\/b>, el acceso por el <b data-path-to-node=\"3\" data-index-in-node=\"122\">Camino de los Vi\u00f1ales<\/b> permanecer\u00e1 cerrado al tr\u00e1fico.<\/p>\n<ul data-path-to-node=\"4\">\n<li>\n<p data-path-to-node=\"4,0,0\"><b data-path-to-node=\"4,0,0\" data-index-in-node=\"0\">Duraci\u00f3n del corte:<\/b> Desde el pr\u00f3ximo lunes 9 a las 08:00h hasta el martes 10 a las 19:00h.<\/p>\n<\/li>\n<li>\n<p data-path-to-node=\"4,1,0\"><b data-path-to-node=\"4,1,0\" data-index-in-node=\"0\">Motivo:<\/b> Labores t\u00e9cnicas de medici\u00f3n y comprobaci\u00f3n del caudal del pozo (aforo).<\/p>\n<\/li>\n<li>\n<p data-path-to-node=\"4,2,0\"><b data-path-to-node=\"4,2,0\" data-index-in-node=\"0\">Afectaci\u00f3n:<\/b> El paso quedar\u00e1 restringido para todo tipo de veh\u00edculos durante ambas jornadas.<\/p>\n<\/li>\n<\/ul>\n<p data-path-to-node=\"5\">Rogamos a los propietarios de fincas colindantes y conductores habituales que planifiquen sus desplazamientos con antelaci\u00f3n y utilicen rutas alternativas mientras duren los trabajos.<\/p>\n<p data-path-to-node=\"6\">Agradecemos de antemano su comprensi\u00f3n y lamentamos las molestias que esta actuaci\u00f3n necesaria pueda ocasionar.<\/p>\n","protected":false},"excerpt":{"rendered":"<p>Se informa a todos los vecinos y usuarios que, debido a los trabajos programados para el aforo del pozo, el acceso por el Camino de los Vi\u00f1ales permanecer\u00e1 cerrado al tr\u00e1fico. Duraci\u00f3n del corte: Desde el pr\u00f3ximo lunes 9 a las 08:00h hasta el martes 10 a las 19:00h. Motivo: Labores t\u00e9cnicas de medici\u00f3n y &hellip;<\/p>\n","protected":false},"author":6,"featured_media":23089,"comment_status":"closed","ping_status":"open","sticky":false,"template":"","format":"standard","meta":{"ngg_post_thumbnail":0,"footnotes":""},"categories":[49],"tags":[],"class_list":["post-32886","post","type-post","status-publish","format-standard","has-post-thumbnail","hentry","category-ciclo-integral-del-agua"],"yoast_head":"<!-- This site is optimized with the Yoast SEO plugin v27.5 - https:\/\/yoast.com\/product\/yoast-seo-wordpress\/ -->\n<title>Corte de Tr\u00e1fico programado en el Camino de Los Vi\u00f1ales - MI Ayuntamiento de Caudete<\/title>\n<meta name=\"description\" content=\"P\u00e1gina Oficial del Ayuntamiento de Caudete (Albacete)\" \/>\n<meta name=\"robots\" content=\"index, follow, max-snippet:-1, max-image-preview:large, max-video-preview:-1\" \/>\n<link rel=\"canonical\" href=\"https:\/\/www.caudete.org\/ayuntamiento\/corte-de-trafico-programado-en-el-camino-de-los-vinales\/\" \/>\n<meta property=\"og:locale\" content=\"es_ES\" \/>\n<meta property=\"og:type\" content=\"article\" \/>\n<meta property=\"og:title\" content=\"Corte de Tr\u00e1fico programado en el Camino de Los Vi\u00f1ales - MI Ayuntamiento de Caudete\" \/>\n<meta property=\"og:description\" content=\"P\u00e1gina Oficial del Ayuntamiento de Caudete (Albacete)\" \/>\n<meta property=\"og:url\" content=\"https:\/\/www.caudete.org\/ayuntamiento\/corte-de-trafico-programado-en-el-camino-de-los-vinales\/\" \/>\n<meta property=\"og:site_name\" content=\"MI Ayuntamiento de Caudete\" \/>\n<meta property=\"article:publisher\" content=\"https:\/\/www.facebook.com\/ayuntamientocaudete\/\" \/>\n<meta property=\"article:published_time\" content=\"2026-03-06T12:51:37+00:00\" \/>\n<meta property=\"article:modified_time\" content=\"2026-03-06T12:56:15+00:00\" \/>\n<meta property=\"og:image\" content=\"https:\/\/www.caudete.org\/ayuntamiento\/wp-content\/uploads\/2023\/08\/ayuntamiento_2020_caudete_digital.jpg\" \/>\n\t<meta property=\"og:image:width\" content=\"700\" \/>\n\t<meta property=\"og:image:height\" content=\"344\" \/>\n\t<meta property=\"og:image:type\" content=\"image\/jpeg\" \/>\n<meta name=\"author\" content=\"informatica2\" \/>\n<meta name=\"twitter:card\" content=\"summary_large_image\" \/>\n<meta name=\"twitter:label1\" content=\"Escrito por\" \/>\n\t<meta name=\"twitter:data1\" content=\"informatica2\" \/>\n\t<meta name=\"twitter:label2\" content=\"Tiempo de lectura\" \/>\n\t<meta name=\"twitter:data2\" content=\"1 minuto\" \/>\n<script type=\"application\/ld+json\" class=\"yoast-schema-graph\">{\"@context\":\"https:\\\/\\\/schema.org\",\"@graph\":[{\"@type\":\"Article\",\"@id\":\"https:\\\/\\\/www.caudete.org\\\/ayuntamiento\\\/corte-de-trafico-programado-en-el-camino-de-los-vinales\\\/#article\",\"isPartOf\":{\"@id\":\"https:\\\/\\\/www.caudete.org\\\/ayuntamiento\\\/corte-de-trafico-programado-en-el-camino-de-los-vinales\\\/\"},\"author\":{\"name\":\"informatica2\",\"@id\":\"https:\\\/\\\/www.caudete.org\\\/ayuntamiento\\\/#\\\/schema\\\/person\\\/abfa5ffd5010a14e078c21e6e61b6291\"},\"headline\":\"Corte de Tr\u00e1fico programado en el Camino de Los Vi\u00f1ales\",\"datePublished\":\"2026-03-06T12:51:37+00:00\",\"dateModified\":\"2026-03-06T12:56:15+00:00\",\"mainEntityOfPage\":{\"@id\":\"https:\\\/\\\/www.caudete.org\\\/ayuntamiento\\\/corte-de-trafico-programado-en-el-camino-de-los-vinales\\\/\"},\"wordCount\":135,\"image\":{\"@id\":\"https:\\\/\\\/www.caudete.org\\\/ayuntamiento\\\/corte-de-trafico-programado-en-el-camino-de-los-vinales\\\/#primaryimage\"},\"thumbnailUrl\":\"https:\\\/\\\/www.caudete.org\\\/ayuntamiento\\\/wp-content\\\/uploads\\\/2023\\\/08\\\/ayuntamiento_2020_caudete_digital.jpg\",\"articleSection\":[\"Ciclo Integral del Agua\"],\"inLanguage\":\"es\"},{\"@type\":\"WebPage\",\"@id\":\"https:\\\/\\\/www.caudete.org\\\/ayuntamiento\\\/corte-de-trafico-programado-en-el-camino-de-los-vinales\\\/\",\"url\":\"https:\\\/\\\/www.caudete.org\\\/ayuntamiento\\\/corte-de-trafico-programado-en-el-camino-de-los-vinales\\\/\",\"name\":\"Corte de Tr\u00e1fico programado en el Camino de Los Vi\u00f1ales - MI Ayuntamiento de Caudete\",\"isPartOf\":{\"@id\":\"https:\\\/\\\/www.caudete.org\\\/ayuntamiento\\\/#website\"},\"primaryImageOfPage\":{\"@id\":\"https:\\\/\\\/www.caudete.org\\\/ayuntamiento\\\/corte-de-trafico-programado-en-el-camino-de-los-vinales\\\/#primaryimage\"},\"image\":{\"@id\":\"https:\\\/\\\/www.caudete.org\\\/ayuntamiento\\\/corte-de-trafico-programado-en-el-camino-de-los-vinales\\\/#primaryimage\"},\"thumbnailUrl\":\"https:\\\/\\\/www.caudete.org\\\/ayuntamiento\\\/wp-content\\\/uploads\\\/2023\\\/08\\\/ayuntamiento_2020_caudete_digital.jpg\",\"datePublished\":\"2026-03-06T12:51:37+00:00\",\"dateModified\":\"2026-03-06T12:56:15+00:00\",\"author\":{\"@id\":\"https:\\\/\\\/www.caudete.org\\\/ayuntamiento\\\/#\\\/schema\\\/person\\\/abfa5ffd5010a14e078c21e6e61b6291\"},\"description\":\"P\u00e1gina Oficial del Ayuntamiento de Caudete (Albacete)\",\"breadcrumb\":{\"@id\":\"https:\\\/\\\/www.caudete.org\\\/ayuntamiento\\\/corte-de-trafico-programado-en-el-camino-de-los-vinales\\\/#breadcrumb\"},\"inLanguage\":\"es\",\"potentialAction\":[{\"@type\":\"ReadAction\",\"target\":[\"https:\\\/\\\/www.caudete.org\\\/ayuntamiento\\\/corte-de-trafico-programado-en-el-camino-de-los-vinales\\\/\"]}]},{\"@type\":\"ImageObject\",\"inLanguage\":\"es\",\"@id\":\"https:\\\/\\\/www.caudete.org\\\/ayuntamiento\\\/corte-de-trafico-programado-en-el-camino-de-los-vinales\\\/#primaryimage\",\"url\":\"https:\\\/\\\/www.caudete.org\\\/ayuntamiento\\\/wp-content\\\/uploads\\\/2023\\\/08\\\/ayuntamiento_2020_caudete_digital.jpg\",\"contentUrl\":\"https:\\\/\\\/www.caudete.org\\\/ayuntamiento\\\/wp-content\\\/uploads\\\/2023\\\/08\\\/ayuntamiento_2020_caudete_digital.jpg\",\"width\":700,\"height\":344},{\"@type\":\"BreadcrumbList\",\"@id\":\"https:\\\/\\\/www.caudete.org\\\/ayuntamiento\\\/corte-de-trafico-programado-en-el-camino-de-los-vinales\\\/#breadcrumb\",\"itemListElement\":[{\"@type\":\"ListItem\",\"position\":1,\"name\":\"Inicio\",\"item\":\"https:\\\/\\\/www.caudete.org\\\/ayuntamiento\\\/\"},{\"@type\":\"ListItem\",\"position\":2,\"name\":\"Corte de Tr\u00e1fico programado en el Camino de Los Vi\u00f1ales\"}]},{\"@type\":\"WebSite\",\"@id\":\"https:\\\/\\\/www.caudete.org\\\/ayuntamiento\\\/#website\",\"url\":\"https:\\\/\\\/www.caudete.org\\\/ayuntamiento\\\/\",\"name\":\"MI Ayuntamiento de Caudete\",\"description\":\"P\u00e1gina Oficial del MI Ayuntamiento de Caudete\",\"potentialAction\":[{\"@type\":\"SearchAction\",\"target\":{\"@type\":\"EntryPoint\",\"urlTemplate\":\"https:\\\/\\\/www.caudete.org\\\/ayuntamiento\\\/?s={search_term_string}\"},\"query-input\":{\"@type\":\"PropertyValueSpecification\",\"valueRequired\":true,\"valueName\":\"search_term_string\"}}],\"inLanguage\":\"es\"},{\"@type\":\"Person\",\"@id\":\"https:\\\/\\\/www.caudete.org\\\/ayuntamiento\\\/#\\\/schema\\\/person\\\/abfa5ffd5010a14e078c21e6e61b6291\",\"name\":\"informatica2\",\"image\":{\"@type\":\"ImageObject\",\"inLanguage\":\"es\",\"@id\":\"https:\\\/\\\/secure.gravatar.com\\\/avatar\\\/b089890ff033a3e4d03eec00ecb5a14425217205c513f60ec32ebeaaeb5fa700?s=96&d=mm&r=g\",\"url\":\"https:\\\/\\\/secure.gravatar.com\\\/avatar\\\/b089890ff033a3e4d03eec00ecb5a14425217205c513f60ec32ebeaaeb5fa700?s=96&d=mm&r=g\",\"contentUrl\":\"https:\\\/\\\/secure.gravatar.com\\\/avatar\\\/b089890ff033a3e4d03eec00ecb5a14425217205c513f60ec32ebeaaeb5fa700?s=96&d=mm&r=g\",\"caption\":\"informatica2\"},\"url\":\"https:\\\/\\\/www.caudete.org\\\/ayuntamiento\\\/author\\\/informatica2\\\/\"}]}<\/script>\n<!-- \/ Yoast SEO plugin. -->","yoast_head_json":{"title":"Corte de Tr\u00e1fico programado en el Camino de Los Vi\u00f1ales - MI Ayuntamiento de Caudete","description":"P\u00e1gina Oficial del Ayuntamiento de Caudete (Albacete)","robots":{"index":"index","follow":"follow","max-snippet":"max-snippet:-1","max-image-preview":"max-image-preview:large","max-video-preview":"max-video-preview:-1"},"canonical":"https:\/\/www.caudete.org\/ayuntamiento\/corte-de-trafico-programado-en-el-camino-de-los-vinales\/","og_locale":"es_ES","og_type":"article","og_title":"Corte de Tr\u00e1fico programado en el Camino de Los Vi\u00f1ales - MI Ayuntamiento de Caudete","og_description":"P\u00e1gina Oficial del Ayuntamiento de Caudete (Albacete)","og_url":"https:\/\/www.caudete.org\/ayuntamiento\/corte-de-trafico-programado-en-el-camino-de-los-vinales\/","og_site_name":"MI Ayuntamiento de Caudete","article_publisher":"https:\/\/www.facebook.com\/ayuntamientocaudete\/","article_published_time":"2026-03-06T12:51:37+00:00","article_modified_time":"2026-03-06T12:56:15+00:00","og_image":[{"width":700,"height":344,"url":"https:\/\/www.caudete.org\/ayuntamiento\/wp-content\/uploads\/2023\/08\/ayuntamiento_2020_caudete_digital.jpg","type":"image\/jpeg"}],"author":"informatica2","twitter_card":"summary_large_image","twitter_misc":{"Escrito por":"informatica2","Tiempo de lectura":"1 minuto"},"schema":{"@context":"https:\/\/schema.org","@graph":[{"@type":"Article","@id":"https:\/\/www.caudete.org\/ayuntamiento\/corte-de-trafico-programado-en-el-camino-de-los-vinales\/#article","isPartOf":{"@id":"https:\/\/www.caudete.org\/ayuntamiento\/corte-de-trafico-programado-en-el-camino-de-los-vinales\/"},"author":{"name":"informatica2","@id":"https:\/\/www.caudete.org\/ayuntamiento\/#\/schema\/person\/abfa5ffd5010a14e078c21e6e61b6291"},"headline":"Corte de Tr\u00e1fico programado en el Camino de Los Vi\u00f1ales","datePublished":"2026-03-06T12:51:37+00:00","dateModified":"2026-03-06T12:56:15+00:00","mainEntityOfPage":{"@id":"https:\/\/www.caudete.org\/ayuntamiento\/corte-de-trafico-programado-en-el-camino-de-los-vinales\/"},"wordCount":135,"image":{"@id":"https:\/\/www.caudete.org\/ayuntamiento\/corte-de-trafico-programado-en-el-camino-de-los-vinales\/#primaryimage"},"thumbnailUrl":"https:\/\/www.caudete.org\/ayuntamiento\/wp-content\/uploads\/2023\/08\/ayuntamiento_2020_caudete_digital.jpg","articleSection":["Ciclo Integral del Agua"],"inLanguage":"es"},{"@type":"WebPage","@id":"https:\/\/www.caudete.org\/ayuntamiento\/corte-de-trafico-programado-en-el-camino-de-los-vinales\/","url":"https:\/\/www.caudete.org\/ayuntamiento\/corte-de-trafico-programado-en-el-camino-de-los-vinales\/","name":"Corte de Tr\u00e1fico programado en el Camino de Los Vi\u00f1ales - MI Ayuntamiento de Caudete","isPartOf":{"@id":"https:\/\/www.caudete.org\/ayuntamiento\/#website"},"primaryImageOfPage":{"@id":"https:\/\/www.caudete.org\/ayuntamiento\/corte-de-trafico-programado-en-el-camino-de-los-vinales\/#primaryimage"},"image":{"@id":"https:\/\/www.caudete.org\/ayuntamiento\/corte-de-trafico-programado-en-el-camino-de-los-vinales\/#primaryimage"},"thumbnailUrl":"https:\/\/www.caudete.org\/ayuntamiento\/wp-content\/uploads\/2023\/08\/ayuntamiento_2020_caudete_digital.jpg","datePublished":"2026-03-06T12:51:37+00:00","dateModified":"2026-03-06T12:56:15+00:00","author":{"@id":"https:\/\/www.caudete.org\/ayuntamiento\/#\/schema\/person\/abfa5ffd5010a14e078c21e6e61b6291"},"description":"P\u00e1gina Oficial del Ayuntamiento de Caudete (Albacete)","breadcrumb":{"@id":"https:\/\/www.caudete.org\/ayuntamiento\/corte-de-trafico-programado-en-el-camino-de-los-vinales\/#breadcrumb"},"inLanguage":"es","potentialAction":[{"@type":"ReadAction","target":["https:\/\/www.caudete.org\/ayuntamiento\/corte-de-trafico-programado-en-el-camino-de-los-vinales\/"]}]},{"@type":"ImageObject","inLanguage":"es","@id":"https:\/\/www.caudete.org\/ayuntamiento\/corte-de-trafico-programado-en-el-camino-de-los-vinales\/#primaryimage","url":"https:\/\/www.caudete.org\/ayuntamiento\/wp-content\/uploads\/2023\/08\/ayuntamiento_2020_caudete_digital.jpg","contentUrl":"https:\/\/www.caudete.org\/ayuntamiento\/wp-content\/uploads\/2023\/08\/ayuntamiento_2020_caudete_digital.jpg","width":700,"height":344},{"@type":"BreadcrumbList","@id":"https:\/\/www.caudete.org\/ayuntamiento\/corte-de-trafico-programado-en-el-camino-de-los-vinales\/#breadcrumb","itemListElement":[{"@type":"ListItem","position":1,"name":"Inicio","item":"https:\/\/www.caudete.org\/ayuntamiento\/"},{"@type":"ListItem","position":2,"name":"Corte de Tr\u00e1fico programado en el Camino de Los Vi\u00f1ales"}]},{"@type":"WebSite","@id":"https:\/\/www.caudete.org\/ayuntamiento\/#website","url":"https:\/\/www.caudete.org\/ayuntamiento\/","name":"MI Ayuntamiento de Caudete","description":"P\u00e1gina Oficial del MI Ayuntamiento de Caudete","potentialAction":[{"@type":"SearchAction","target":{"@type":"EntryPoint","urlTemplate":"https:\/\/www.caudete.org\/ayuntamiento\/?s={search_term_string}"},"query-input":{"@type":"PropertyValueSpecification","valueRequired":true,"valueName":"search_term_string"}}],"inLanguage":"es"},{"@type":"Person","@id":"https:\/\/www.caudete.org\/ayuntamiento\/#\/schema\/person\/abfa5ffd5010a14e078c21e6e61b6291","name":"informatica2","image":{"@type":"ImageObject","inLanguage":"es","@id":"https:\/\/secure.gravatar.com\/avatar\/b089890ff033a3e4d03eec00ecb5a14425217205c513f60ec32ebeaaeb5fa700?s=96&d=mm&r=g","url":"https:\/\/secure.gravatar.com\/avatar\/b089890ff033a3e4d03eec00ecb5a14425217205c513f60ec32ebeaaeb5fa700?s=96&d=mm&r=g","contentUrl":"https:\/\/secure.gravatar.com\/avatar\/b089890ff033a3e4d03eec00ecb5a14425217205c513f60ec32ebeaaeb5fa700?s=96&d=mm&r=g","caption":"informatica2"},"url":"https:\/\/www.caudete.org\/ayuntamiento\/author\/informatica2\/"}]}},"_links":{"self":[{"href":"https:\/\/www.caudete.org\/ayuntamiento\/wp-json\/wp\/v2\/posts\/32886","targetHints":{"allow":["GET"]}}],"collection":[{"href":"https:\/\/www.caudete.org\/ayuntamiento\/wp-json\/wp\/v2\/posts"}],"about":[{"href":"https:\/\/www.caudete.org\/ayuntamiento\/wp-json\/wp\/v2\/types\/post"}],"author":[{"embeddable":true,"href":"https:\/\/www.caudete.org\/ayuntamiento\/wp-json\/wp\/v2\/users\/6"}],"replies":[{"embeddable":true,"href":"https:\/\/www.caudete.org\/ayuntamiento\/wp-json\/wp\/v2\/comments?post=32886"}],"version-history":[{"count":1,"href":"https:\/\/www.caudete.org\/ayuntamiento\/wp-json\/wp\/v2\/posts\/32886\/revisions"}],"predecessor-version":[{"id":32887,"href":"https:\/\/www.caudete.org\/ayuntamiento\/wp-json\/wp\/v2\/posts\/32886\/revisions\/32887"}],"wp:featuredmedia":[{"embeddable":true,"href":"https:\/\/www.caudete.org\/ayuntamiento\/wp-json\/wp\/v2\/media\/23089"}],"wp:attachment":[{"href":"https:\/\/www.caudete.org\/ayuntamiento\/wp-json\/wp\/v2\/media?parent=32886"}],"wp:term":[{"taxonomy":"category","embeddable":true,"href":"https:\/\/www.caudete.org\/ayuntamiento\/wp-json\/wp\/v2\/categories?post=32886"},{"taxonomy":"post_tag","embeddable":true,"href":"https:\/\/www.caudete.org\/ayuntamiento\/wp-json\/wp\/v2\/tags?post=32886"}],"curies":[{"name":"wp","href":"https:\/\/api.w.org\/{rel}","templated":true}]}}