{"id":32888,"date":"2026-03-06T14:30:49","date_gmt":"2026-03-06T13:30:49","guid":{"rendered":"https:\/\/www.caudete.org\/ayuntamiento\/?p=32888"},"modified":"2026-03-06T14:55:58","modified_gmt":"2026-03-06T13:55:58","slug":"la-sala-de-exposiciones-jose-perezgil-acoge-una-conmovedora-exposicion-fotografica-sobre-la-realidad-de-la-fibromialgia","status":"publish","type":"post","link":"https:\/\/www.caudete.org\/ayuntamiento\/la-sala-de-exposiciones-jose-perezgil-acoge-una-conmovedora-exposicion-fotografica-sobre-la-realidad-de-la-fibromialgia\/","title":{"rendered":"La Sala de Exposiciones Jos\u00e9 P\u00e9rezgil acoge una conmovedora exposici\u00f3n fotogr\u00e1fica sobre la realidad de la fibromialgia"},"content":{"rendered":"<p style=\"text-align: justify;\">En la tarde del jueves 5 de marzo a las 20:30h, la Sala de Exposiciones Jos\u00e9 P\u00e9rezgil de Caudete abri\u00f3 sus puertas a la muestra fotogr\u00e1fica \u201cArte y Dolor: pintando las enfermedades invisibles\u201d. Este evento inaugural marc\u00f3 el inicio de una estancia que permitir\u00e1 a los vecinos de la localidad acercarse a una realidad que afecta a miles de personas, pero que a menudo permanece oculta a la vista.<\/p>\n<p style=\"text-align: justify;\">La exposici\u00f3n, organizada por la Asociaci\u00f3n AVANCE y FibroReal, cuenta con la colaboraci\u00f3n del Ayuntamiento de Caudete y la Casa de Cultura. Se trata de una iniciativa que utiliza el arte como veh\u00edculo de empat\u00eda y comprensi\u00f3n hacia quienes conviven con enfermedades invisibles, como la fibromialgia.<\/p>\n<p style=\"text-align: justify;\">La exposici\u00f3n se compone de 36 fotograf\u00edas de gran formato. Cada una de ellas es una ventana abierta a la experiencia personal de pacientes que, con gran valent\u00eda, han compartido sus historias para romper el silencio. Las im\u00e1genes no solo capturan momentos, sino que van acompa\u00f1adas de textos que act\u00faan como susurros para ayudar al espectador a comprender que no todo dolor es visible, pero s\u00ed profundamente sentido.<\/p>\n<p style=\"text-align: justify;\">Lo que comenz\u00f3 como un proyecto local se ha consolidado como una muestra itinerante de \u00e9xito, tras recorrer diversos pueblos de las provincias de Ciudad Real y Albacete, sembrando conciencia y respeto en cada una de sus paradas.<\/p>\n<p style=\"text-align: justify;\">La exposici\u00f3n permanecer\u00e1 abierta en la Sala de Exposiciones Jos\u00e9 P\u00e9rezgil hasta el pr\u00f3ximo 26 de marzo de 2026, de lunes a viernes de 10:00 a 13:30h y de 18:00 a 21:00h. Desde la organizaci\u00f3n y la Concejal\u00eda se invita a toda la ciudadan\u00eda a visitar la sala &#8220;con el coraz\u00f3n abierto&#8221; y a dejarse interpelar por estas potentes im\u00e1genes.<\/p>\n<p><a href=\"https:\/\/www.caudete.org\/ayuntamiento\/wp-content\/uploads\/2026\/03\/CARTEL-EXPO-FIBROMIALGIA.png\" rel='prettyPhoto'><img fetchpriority=\"high\" decoding=\"async\" class=\"alignnone wp-image-32890 size-full\" src=\"https:\/\/www.caudete.org\/ayuntamiento\/wp-content\/uploads\/2026\/03\/CARTEL-EXPO-FIBROMIALGIA.png\" alt=\"\" width=\"1000\" height=\"1414\" srcset=\"https:\/\/www.caudete.org\/ayuntamiento\/wp-content\/uploads\/2026\/03\/CARTEL-EXPO-FIBROMIALGIA.png 1000w, https:\/\/www.caudete.org\/ayuntamiento\/wp-content\/uploads\/2026\/03\/CARTEL-EXPO-FIBROMIALGIA-566x800.png 566w, https:\/\/www.caudete.org\/ayuntamiento\/wp-content\/uploads\/2026\/03\/CARTEL-EXPO-FIBROMIALGIA-636x900.png 636w, https:\/\/www.caudete.org\/ayuntamiento\/wp-content\/uploads\/2026\/03\/CARTEL-EXPO-FIBROMIALGIA-156x220.png 156w, https:\/\/www.caudete.org\/ayuntamiento\/wp-content\/uploads\/2026\/03\/CARTEL-EXPO-FIBROMIALGIA-768x1086.png 768w\" sizes=\"(max-width: 1000px) 100vw, 1000px\" \/><\/a> <a href=\"https:\/\/www.caudete.org\/ayuntamiento\/wp-content\/uploads\/2026\/03\/WhatsApp-Image-2026-03-06-at-12.51.13-2.jpg\" rel='prettyPhoto'><img decoding=\"async\" class=\"alignnone wp-image-32891 size-full\" src=\"https:\/\/www.caudete.org\/ayuntamiento\/wp-content\/uploads\/2026\/03\/WhatsApp-Image-2026-03-06-at-12.51.13-2.jpg\" alt=\"\" width=\"1000\" height=\"563\" srcset=\"https:\/\/www.caudete.org\/ayuntamiento\/wp-content\/uploads\/2026\/03\/WhatsApp-Image-2026-03-06-at-12.51.13-2.jpg 1000w, https:\/\/www.caudete.org\/ayuntamiento\/wp-content\/uploads\/2026\/03\/WhatsApp-Image-2026-03-06-at-12.51.13-2-350x197.jpg 350w, https:\/\/www.caudete.org\/ayuntamiento\/wp-content\/uploads\/2026\/03\/WhatsApp-Image-2026-03-06-at-12.51.13-2-768x432.jpg 768w\" sizes=\"(max-width: 1000px) 100vw, 1000px\" \/><\/a> <a href=\"https:\/\/www.caudete.org\/ayuntamiento\/wp-content\/uploads\/2026\/03\/WhatsApp-Image-2026-03-06-at-12.51.13.jpg\" rel='prettyPhoto'><img decoding=\"async\" class=\"alignnone wp-image-32892 size-full\" src=\"https:\/\/www.caudete.org\/ayuntamiento\/wp-content\/uploads\/2026\/03\/WhatsApp-Image-2026-03-06-at-12.51.13.jpg\" alt=\"\" width=\"1000\" height=\"563\" srcset=\"https:\/\/www.caudete.org\/ayuntamiento\/wp-content\/uploads\/2026\/03\/WhatsApp-Image-2026-03-06-at-12.51.13.jpg 1000w, https:\/\/www.caudete.org\/ayuntamiento\/wp-content\/uploads\/2026\/03\/WhatsApp-Image-2026-03-06-at-12.51.13-350x197.jpg 350w, https:\/\/www.caudete.org\/ayuntamiento\/wp-content\/uploads\/2026\/03\/WhatsApp-Image-2026-03-06-at-12.51.13-768x432.jpg 768w\" sizes=\"(max-width: 1000px) 100vw, 1000px\" \/><\/a><\/p>\n","protected":false},"excerpt":{"rendered":"<p>En la tarde del jueves 5 de marzo a las 20:30h, la Sala de Exposiciones Jos\u00e9 P\u00e9rezgil de Caudete abri\u00f3 sus puertas a la muestra fotogr\u00e1fica \u201cArte y Dolor: pintando las enfermedades invisibles\u201d. Este evento inaugural marc\u00f3 el inicio de una estancia que permitir\u00e1 a los vecinos de la localidad acercarse a una realidad que &hellip;<\/p>\n","protected":false},"author":6,"featured_media":32889,"comment_status":"closed","ping_status":"open","sticky":false,"template":"","format":"standard","meta":{"ngg_post_thumbnail":0,"footnotes":""},"categories":[14],"tags":[],"class_list":["post-32888","post","type-post","status-publish","format-standard","has-post-thumbnail","hentry","category-cultura"],"yoast_head":"<!-- This site is optimized with the Yoast SEO plugin v27.5 - https:\/\/yoast.com\/product\/yoast-seo-wordpress\/ -->\n<title>La Sala de Exposiciones Jos\u00e9 P\u00e9rezgil acoge una conmovedora exposici\u00f3n fotogr\u00e1fica sobre la realidad de la fibromialgia - MI Ayuntamiento de Caudete<\/title>\n<meta name=\"description\" content=\"P\u00e1gina Oficial del Ayuntamiento de Caudete (Albacete)\" \/>\n<meta name=\"robots\" content=\"index, follow, max-snippet:-1, max-image-preview:large, max-video-preview:-1\" \/>\n<link rel=\"canonical\" href=\"https:\/\/www.caudete.org\/ayuntamiento\/la-sala-de-exposiciones-jose-perezgil-acoge-una-conmovedora-exposicion-fotografica-sobre-la-realidad-de-la-fibromialgia\/\" \/>\n<meta property=\"og:locale\" content=\"es_ES\" \/>\n<meta property=\"og:type\" content=\"article\" \/>\n<meta property=\"og:title\" content=\"La Sala de Exposiciones Jos\u00e9 P\u00e9rezgil acoge una conmovedora exposici\u00f3n fotogr\u00e1fica sobre la realidad de la fibromialgia - MI Ayuntamiento de Caudete\" \/>\n<meta property=\"og:description\" content=\"P\u00e1gina Oficial del Ayuntamiento de Caudete (Albacete)\" \/>\n<meta property=\"og:url\" content=\"https:\/\/www.caudete.org\/ayuntamiento\/la-sala-de-exposiciones-jose-perezgil-acoge-una-conmovedora-exposicion-fotografica-sobre-la-realidad-de-la-fibromialgia\/\" \/>\n<meta property=\"og:site_name\" content=\"MI Ayuntamiento de Caudete\" \/>\n<meta property=\"article:publisher\" content=\"https:\/\/www.facebook.com\/ayuntamientocaudete\/\" \/>\n<meta property=\"article:published_time\" content=\"2026-03-06T13:30:49+00:00\" \/>\n<meta property=\"article:modified_time\" content=\"2026-03-06T13:55:58+00:00\" \/>\n<meta property=\"og:image\" content=\"https:\/\/www.caudete.org\/ayuntamiento\/wp-content\/uploads\/2026\/03\/CARTEL-EXPO-FIBROMIALGIA-port.png\" \/>\n\t<meta property=\"og:image:width\" content=\"1000\" \/>\n\t<meta property=\"og:image:height\" content=\"327\" \/>\n\t<meta property=\"og:image:type\" content=\"image\/png\" \/>\n<meta name=\"author\" content=\"informatica2\" \/>\n<meta name=\"twitter:card\" content=\"summary_large_image\" \/>\n<meta name=\"twitter:label1\" content=\"Escrito por\" \/>\n\t<meta name=\"twitter:data1\" content=\"informatica2\" \/>\n\t<meta name=\"twitter:label2\" content=\"Tiempo de lectura\" \/>\n\t<meta name=\"twitter:data2\" content=\"3 minutos\" \/>\n<script type=\"application\/ld+json\" class=\"yoast-schema-graph\">{\"@context\":\"https:\\\/\\\/schema.org\",\"@graph\":[{\"@type\":\"Article\",\"@id\":\"https:\\\/\\\/www.caudete.org\\\/ayuntamiento\\\/la-sala-de-exposiciones-jose-perezgil-acoge-una-conmovedora-exposicion-fotografica-sobre-la-realidad-de-la-fibromialgia\\\/#article\",\"isPartOf\":{\"@id\":\"https:\\\/\\\/www.caudete.org\\\/ayuntamiento\\\/la-sala-de-exposiciones-jose-perezgil-acoge-una-conmovedora-exposicion-fotografica-sobre-la-realidad-de-la-fibromialgia\\\/\"},\"author\":{\"name\":\"informatica2\",\"@id\":\"https:\\\/\\\/www.caudete.org\\\/ayuntamiento\\\/#\\\/schema\\\/person\\\/abfa5ffd5010a14e078c21e6e61b6291\"},\"headline\":\"La Sala de Exposiciones Jos\u00e9 P\u00e9rezgil acoge una conmovedora exposici\u00f3n fotogr\u00e1fica sobre la realidad de la fibromialgia\",\"datePublished\":\"2026-03-06T13:30:49+00:00\",\"dateModified\":\"2026-03-06T13:55:58+00:00\",\"mainEntityOfPage\":{\"@id\":\"https:\\\/\\\/www.caudete.org\\\/ayuntamiento\\\/la-sala-de-exposiciones-jose-perezgil-acoge-una-conmovedora-exposicion-fotografica-sobre-la-realidad-de-la-fibromialgia\\\/\"},\"wordCount\":317,\"image\":{\"@id\":\"https:\\\/\\\/www.caudete.org\\\/ayuntamiento\\\/la-sala-de-exposiciones-jose-perezgil-acoge-una-conmovedora-exposicion-fotografica-sobre-la-realidad-de-la-fibromialgia\\\/#primaryimage\"},\"thumbnailUrl\":\"https:\\\/\\\/www.caudete.org\\\/ayuntamiento\\\/wp-content\\\/uploads\\\/2026\\\/03\\\/CARTEL-EXPO-FIBROMIALGIA-port.png\",\"articleSection\":[\"Cultura\"],\"inLanguage\":\"es\"},{\"@type\":\"WebPage\",\"@id\":\"https:\\\/\\\/www.caudete.org\\\/ayuntamiento\\\/la-sala-de-exposiciones-jose-perezgil-acoge-una-conmovedora-exposicion-fotografica-sobre-la-realidad-de-la-fibromialgia\\\/\",\"url\":\"https:\\\/\\\/www.caudete.org\\\/ayuntamiento\\\/la-sala-de-exposiciones-jose-perezgil-acoge-una-conmovedora-exposicion-fotografica-sobre-la-realidad-de-la-fibromialgia\\\/\",\"name\":\"La Sala de Exposiciones Jos\u00e9 P\u00e9rezgil acoge una conmovedora exposici\u00f3n fotogr\u00e1fica sobre la realidad de la fibromialgia - MI Ayuntamiento de Caudete\",\"isPartOf\":{\"@id\":\"https:\\\/\\\/www.caudete.org\\\/ayuntamiento\\\/#website\"},\"primaryImageOfPage\":{\"@id\":\"https:\\\/\\\/www.caudete.org\\\/ayuntamiento\\\/la-sala-de-exposiciones-jose-perezgil-acoge-una-conmovedora-exposicion-fotografica-sobre-la-realidad-de-la-fibromialgia\\\/#primaryimage\"},\"image\":{\"@id\":\"https:\\\/\\\/www.caudete.org\\\/ayuntamiento\\\/la-sala-de-exposiciones-jose-perezgil-acoge-una-conmovedora-exposicion-fotografica-sobre-la-realidad-de-la-fibromialgia\\\/#primaryimage\"},\"thumbnailUrl\":\"https:\\\/\\\/www.caudete.org\\\/ayuntamiento\\\/wp-content\\\/uploads\\\/2026\\\/03\\\/CARTEL-EXPO-FIBROMIALGIA-port.png\",\"datePublished\":\"2026-03-06T13:30:49+00:00\",\"dateModified\":\"2026-03-06T13:55:58+00:00\",\"author\":{\"@id\":\"https:\\\/\\\/www.caudete.org\\\/ayuntamiento\\\/#\\\/schema\\\/person\\\/abfa5ffd5010a14e078c21e6e61b6291\"},\"description\":\"P\u00e1gina Oficial del Ayuntamiento de Caudete (Albacete)\",\"breadcrumb\":{\"@id\":\"https:\\\/\\\/www.caudete.org\\\/ayuntamiento\\\/la-sala-de-exposiciones-jose-perezgil-acoge-una-conmovedora-exposicion-fotografica-sobre-la-realidad-de-la-fibromialgia\\\/#breadcrumb\"},\"inLanguage\":\"es\",\"potentialAction\":[{\"@type\":\"ReadAction\",\"target\":[\"https:\\\/\\\/www.caudete.org\\\/ayuntamiento\\\/la-sala-de-exposiciones-jose-perezgil-acoge-una-conmovedora-exposicion-fotografica-sobre-la-realidad-de-la-fibromialgia\\\/\"]}]},{\"@type\":\"ImageObject\",\"inLanguage\":\"es\",\"@id\":\"https:\\\/\\\/www.caudete.org\\\/ayuntamiento\\\/la-sala-de-exposiciones-jose-perezgil-acoge-una-conmovedora-exposicion-fotografica-sobre-la-realidad-de-la-fibromialgia\\\/#primaryimage\",\"url\":\"https:\\\/\\\/www.caudete.org\\\/ayuntamiento\\\/wp-content\\\/uploads\\\/2026\\\/03\\\/CARTEL-EXPO-FIBROMIALGIA-port.png\",\"contentUrl\":\"https:\\\/\\\/www.caudete.org\\\/ayuntamiento\\\/wp-content\\\/uploads\\\/2026\\\/03\\\/CARTEL-EXPO-FIBROMIALGIA-port.png\",\"width\":1000,\"height\":327},{\"@type\":\"BreadcrumbList\",\"@id\":\"https:\\\/\\\/www.caudete.org\\\/ayuntamiento\\\/la-sala-de-exposiciones-jose-perezgil-acoge-una-conmovedora-exposicion-fotografica-sobre-la-realidad-de-la-fibromialgia\\\/#breadcrumb\",\"itemListElement\":[{\"@type\":\"ListItem\",\"position\":1,\"name\":\"Inicio\",\"item\":\"https:\\\/\\\/www.caudete.org\\\/ayuntamiento\\\/\"},{\"@type\":\"ListItem\",\"position\":2,\"name\":\"La Sala de Exposiciones Jos\u00e9 P\u00e9rezgil acoge una conmovedora exposici\u00f3n fotogr\u00e1fica sobre la realidad de la fibromialgia\"}]},{\"@type\":\"WebSite\",\"@id\":\"https:\\\/\\\/www.caudete.org\\\/ayuntamiento\\\/#website\",\"url\":\"https:\\\/\\\/www.caudete.org\\\/ayuntamiento\\\/\",\"name\":\"MI Ayuntamiento de Caudete\",\"description\":\"P\u00e1gina Oficial del MI Ayuntamiento de Caudete\",\"potentialAction\":[{\"@type\":\"SearchAction\",\"target\":{\"@type\":\"EntryPoint\",\"urlTemplate\":\"https:\\\/\\\/www.caudete.org\\\/ayuntamiento\\\/?s={search_term_string}\"},\"query-input\":{\"@type\":\"PropertyValueSpecification\",\"valueRequired\":true,\"valueName\":\"search_term_string\"}}],\"inLanguage\":\"es\"},{\"@type\":\"Person\",\"@id\":\"https:\\\/\\\/www.caudete.org\\\/ayuntamiento\\\/#\\\/schema\\\/person\\\/abfa5ffd5010a14e078c21e6e61b6291\",\"name\":\"informatica2\",\"image\":{\"@type\":\"ImageObject\",\"inLanguage\":\"es\",\"@id\":\"https:\\\/\\\/secure.gravatar.com\\\/avatar\\\/b089890ff033a3e4d03eec00ecb5a14425217205c513f60ec32ebeaaeb5fa700?s=96&d=mm&r=g\",\"url\":\"https:\\\/\\\/secure.gravatar.com\\\/avatar\\\/b089890ff033a3e4d03eec00ecb5a14425217205c513f60ec32ebeaaeb5fa700?s=96&d=mm&r=g\",\"contentUrl\":\"https:\\\/\\\/secure.gravatar.com\\\/avatar\\\/b089890ff033a3e4d03eec00ecb5a14425217205c513f60ec32ebeaaeb5fa700?s=96&d=mm&r=g\",\"caption\":\"informatica2\"},\"url\":\"https:\\\/\\\/www.caudete.org\\\/ayuntamiento\\\/author\\\/informatica2\\\/\"}]}<\/script>\n<!-- \/ Yoast SEO plugin. -->","yoast_head_json":{"title":"La Sala de Exposiciones Jos\u00e9 P\u00e9rezgil acoge una conmovedora exposici\u00f3n fotogr\u00e1fica sobre la realidad de la fibromialgia - MI Ayuntamiento de Caudete","description":"P\u00e1gina Oficial del Ayuntamiento de Caudete (Albacete)","robots":{"index":"index","follow":"follow","max-snippet":"max-snippet:-1","max-image-preview":"max-image-preview:large","max-video-preview":"max-video-preview:-1"},"canonical":"https:\/\/www.caudete.org\/ayuntamiento\/la-sala-de-exposiciones-jose-perezgil-acoge-una-conmovedora-exposicion-fotografica-sobre-la-realidad-de-la-fibromialgia\/","og_locale":"es_ES","og_type":"article","og_title":"La Sala de Exposiciones Jos\u00e9 P\u00e9rezgil acoge una conmovedora exposici\u00f3n fotogr\u00e1fica sobre la realidad de la fibromialgia - MI Ayuntamiento de Caudete","og_description":"P\u00e1gina Oficial del Ayuntamiento de Caudete (Albacete)","og_url":"https:\/\/www.caudete.org\/ayuntamiento\/la-sala-de-exposiciones-jose-perezgil-acoge-una-conmovedora-exposicion-fotografica-sobre-la-realidad-de-la-fibromialgia\/","og_site_name":"MI Ayuntamiento de Caudete","article_publisher":"https:\/\/www.facebook.com\/ayuntamientocaudete\/","article_published_time":"2026-03-06T13:30:49+00:00","article_modified_time":"2026-03-06T13:55:58+00:00","og_image":[{"width":1000,"height":327,"url":"https:\/\/www.caudete.org\/ayuntamiento\/wp-content\/uploads\/2026\/03\/CARTEL-EXPO-FIBROMIALGIA-port.png","type":"image\/png"}],"author":"informatica2","twitter_card":"summary_large_image","twitter_misc":{"Escrito por":"informatica2","Tiempo de lectura":"3 minutos"},"schema":{"@context":"https:\/\/schema.org","@graph":[{"@type":"Article","@id":"https:\/\/www.caudete.org\/ayuntamiento\/la-sala-de-exposiciones-jose-perezgil-acoge-una-conmovedora-exposicion-fotografica-sobre-la-realidad-de-la-fibromialgia\/#article","isPartOf":{"@id":"https:\/\/www.caudete.org\/ayuntamiento\/la-sala-de-exposiciones-jose-perezgil-acoge-una-conmovedora-exposicion-fotografica-sobre-la-realidad-de-la-fibromialgia\/"},"author":{"name":"informatica2","@id":"https:\/\/www.caudete.org\/ayuntamiento\/#\/schema\/person\/abfa5ffd5010a14e078c21e6e61b6291"},"headline":"La Sala de Exposiciones Jos\u00e9 P\u00e9rezgil acoge una conmovedora exposici\u00f3n fotogr\u00e1fica sobre la realidad de la fibromialgia","datePublished":"2026-03-06T13:30:49+00:00","dateModified":"2026-03-06T13:55:58+00:00","mainEntityOfPage":{"@id":"https:\/\/www.caudete.org\/ayuntamiento\/la-sala-de-exposiciones-jose-perezgil-acoge-una-conmovedora-exposicion-fotografica-sobre-la-realidad-de-la-fibromialgia\/"},"wordCount":317,"image":{"@id":"https:\/\/www.caudete.org\/ayuntamiento\/la-sala-de-exposiciones-jose-perezgil-acoge-una-conmovedora-exposicion-fotografica-sobre-la-realidad-de-la-fibromialgia\/#primaryimage"},"thumbnailUrl":"https:\/\/www.caudete.org\/ayuntamiento\/wp-content\/uploads\/2026\/03\/CARTEL-EXPO-FIBROMIALGIA-port.png","articleSection":["Cultura"],"inLanguage":"es"},{"@type":"WebPage","@id":"https:\/\/www.caudete.org\/ayuntamiento\/la-sala-de-exposiciones-jose-perezgil-acoge-una-conmovedora-exposicion-fotografica-sobre-la-realidad-de-la-fibromialgia\/","url":"https:\/\/www.caudete.org\/ayuntamiento\/la-sala-de-exposiciones-jose-perezgil-acoge-una-conmovedora-exposicion-fotografica-sobre-la-realidad-de-la-fibromialgia\/","name":"La Sala de Exposiciones Jos\u00e9 P\u00e9rezgil acoge una conmovedora exposici\u00f3n fotogr\u00e1fica sobre la realidad de la fibromialgia - MI Ayuntamiento de Caudete","isPartOf":{"@id":"https:\/\/www.caudete.org\/ayuntamiento\/#website"},"primaryImageOfPage":{"@id":"https:\/\/www.caudete.org\/ayuntamiento\/la-sala-de-exposiciones-jose-perezgil-acoge-una-conmovedora-exposicion-fotografica-sobre-la-realidad-de-la-fibromialgia\/#primaryimage"},"image":{"@id":"https:\/\/www.caudete.org\/ayuntamiento\/la-sala-de-exposiciones-jose-perezgil-acoge-una-conmovedora-exposicion-fotografica-sobre-la-realidad-de-la-fibromialgia\/#primaryimage"},"thumbnailUrl":"https:\/\/www.caudete.org\/ayuntamiento\/wp-content\/uploads\/2026\/03\/CARTEL-EXPO-FIBROMIALGIA-port.png","datePublished":"2026-03-06T13:30:49+00:00","dateModified":"2026-03-06T13:55:58+00:00","author":{"@id":"https:\/\/www.caudete.org\/ayuntamiento\/#\/schema\/person\/abfa5ffd5010a14e078c21e6e61b6291"},"description":"P\u00e1gina Oficial del Ayuntamiento de Caudete (Albacete)","breadcrumb":{"@id":"https:\/\/www.caudete.org\/ayuntamiento\/la-sala-de-exposiciones-jose-perezgil-acoge-una-conmovedora-exposicion-fotografica-sobre-la-realidad-de-la-fibromialgia\/#breadcrumb"},"inLanguage":"es","potentialAction":[{"@type":"ReadAction","target":["https:\/\/www.caudete.org\/ayuntamiento\/la-sala-de-exposiciones-jose-perezgil-acoge-una-conmovedora-exposicion-fotografica-sobre-la-realidad-de-la-fibromialgia\/"]}]},{"@type":"ImageObject","inLanguage":"es","@id":"https:\/\/www.caudete.org\/ayuntamiento\/la-sala-de-exposiciones-jose-perezgil-acoge-una-conmovedora-exposicion-fotografica-sobre-la-realidad-de-la-fibromialgia\/#primaryimage","url":"https:\/\/www.caudete.org\/ayuntamiento\/wp-content\/uploads\/2026\/03\/CARTEL-EXPO-FIBROMIALGIA-port.png","contentUrl":"https:\/\/www.caudete.org\/ayuntamiento\/wp-content\/uploads\/2026\/03\/CARTEL-EXPO-FIBROMIALGIA-port.png","width":1000,"height":327},{"@type":"BreadcrumbList","@id":"https:\/\/www.caudete.org\/ayuntamiento\/la-sala-de-exposiciones-jose-perezgil-acoge-una-conmovedora-exposicion-fotografica-sobre-la-realidad-de-la-fibromialgia\/#breadcrumb","itemListElement":[{"@type":"ListItem","position":1,"name":"Inicio","item":"https:\/\/www.caudete.org\/ayuntamiento\/"},{"@type":"ListItem","position":2,"name":"La Sala de Exposiciones Jos\u00e9 P\u00e9rezgil acoge una conmovedora exposici\u00f3n fotogr\u00e1fica sobre la realidad de la fibromialgia"}]},{"@type":"WebSite","@id":"https:\/\/www.caudete.org\/ayuntamiento\/#website","url":"https:\/\/www.caudete.org\/ayuntamiento\/","name":"MI Ayuntamiento de Caudete","description":"P\u00e1gina Oficial del MI Ayuntamiento de Caudete","potentialAction":[{"@type":"SearchAction","target":{"@type":"EntryPoint","urlTemplate":"https:\/\/www.caudete.org\/ayuntamiento\/?s={search_term_string}"},"query-input":{"@type":"PropertyValueSpecification","valueRequired":true,"valueName":"search_term_string"}}],"inLanguage":"es"},{"@type":"Person","@id":"https:\/\/www.caudete.org\/ayuntamiento\/#\/schema\/person\/abfa5ffd5010a14e078c21e6e61b6291","name":"informatica2","image":{"@type":"ImageObject","inLanguage":"es","@id":"https:\/\/secure.gravatar.com\/avatar\/b089890ff033a3e4d03eec00ecb5a14425217205c513f60ec32ebeaaeb5fa700?s=96&d=mm&r=g","url":"https:\/\/secure.gravatar.com\/avatar\/b089890ff033a3e4d03eec00ecb5a14425217205c513f60ec32ebeaaeb5fa700?s=96&d=mm&r=g","contentUrl":"https:\/\/secure.gravatar.com\/avatar\/b089890ff033a3e4d03eec00ecb5a14425217205c513f60ec32ebeaaeb5fa700?s=96&d=mm&r=g","caption":"informatica2"},"url":"https:\/\/www.caudete.org\/ayuntamiento\/author\/informatica2\/"}]}},"_links":{"self":[{"href":"https:\/\/www.caudete.org\/ayuntamiento\/wp-json\/wp\/v2\/posts\/32888","targetHints":{"allow":["GET"]}}],"collection":[{"href":"https:\/\/www.caudete.org\/ayuntamiento\/wp-json\/wp\/v2\/posts"}],"about":[{"href":"https:\/\/www.caudete.org\/ayuntamiento\/wp-json\/wp\/v2\/types\/post"}],"author":[{"embeddable":true,"href":"https:\/\/www.caudete.org\/ayuntamiento\/wp-json\/wp\/v2\/users\/6"}],"replies":[{"embeddable":true,"href":"https:\/\/www.caudete.org\/ayuntamiento\/wp-json\/wp\/v2\/comments?post=32888"}],"version-history":[{"count":2,"href":"https:\/\/www.caudete.org\/ayuntamiento\/wp-json\/wp\/v2\/posts\/32888\/revisions"}],"predecessor-version":[{"id":32901,"href":"https:\/\/www.caudete.org\/ayuntamiento\/wp-json\/wp\/v2\/posts\/32888\/revisions\/32901"}],"wp:featuredmedia":[{"embeddable":true,"href":"https:\/\/www.caudete.org\/ayuntamiento\/wp-json\/wp\/v2\/media\/32889"}],"wp:attachment":[{"href":"https:\/\/www.caudete.org\/ayuntamiento\/wp-json\/wp\/v2\/media?parent=32888"}],"wp:term":[{"taxonomy":"category","embeddable":true,"href":"https:\/\/www.caudete.org\/ayuntamiento\/wp-json\/wp\/v2\/categories?post=32888"},{"taxonomy":"post_tag","embeddable":true,"href":"https:\/\/www.caudete.org\/ayuntamiento\/wp-json\/wp\/v2\/tags?post=32888"}],"curies":[{"name":"wp","href":"https:\/\/api.w.org\/{rel}","templated":true}]}}