{"id":32895,"date":"2026-03-09T08:00:05","date_gmt":"2026-03-09T07:00:05","guid":{"rendered":"https:\/\/www.caudete.org\/ayuntamiento\/?p=32895"},"modified":"2026-03-16T07:59:49","modified_gmt":"2026-03-16T06:59:49","slug":"la-magia-de-las-artes-escenicas-se-abre-a-los-mas-pequenos-con-la-selva-de-la-compania-teloncillo","status":"publish","type":"post","link":"https:\/\/www.caudete.org\/ayuntamiento\/la-magia-de-las-artes-escenicas-se-abre-a-los-mas-pequenos-con-la-selva-de-la-compania-teloncillo\/","title":{"rendered":"La magia de las artes esc\u00e9nicas se abre a los m\u00e1s peque\u00f1os con \u201cLa Selva\u201d de la Compa\u00f1\u00eda Teloncillo"},"content":{"rendered":"<p style=\"text-align: justify;\">La Concejal\u00eda de Cultura presenta \u201cLa Selva\u201d un teatro recomendado para ni\u00f1os y ni\u00f1as a partir de 6 meses hasta 5 a\u00f1os que podr\u00e1 disfrutarse en el Auditorio Municipal el pr\u00f3ximo s\u00e1bado 14 de marzo de 2026 a las 18:00h. Este espect\u00e1culo se encuentra dentro de la Programaci\u00f3n Cultural de Primavera 2026 del programa de Red Artes Esc\u00e9nicas y M\u00fasica de la JCCM, Cultural Albacete y realizado en coproducci\u00f3n con el teatro Calder\u00f3n de Valladolid.<\/p>\n<p style=\"text-align: justify;\">Como en el sombrero del Principito levantemos su ala y descubramos juntos, todos los animales que podamos imaginar.&nbsp;Viajemos juntos a \u00c1frica, Asia o Am\u00e9rica, buscando una cebra que sea negra con las rayas blancas o blanca con las rayas negras, o a una jirafa esbelta y hermosa que de peque\u00f1a era curiosa, o a un cocodrilo que en el agua es peligroso y en la tierra es muy tranquilo. En nuestra selva \u00bfadmitimos a una mariquita y a un rat\u00f3n? \u00bfPor qu\u00e9 no?<br \/>\n\u00bfViajaremos a todos estos sitios? Y los animales&#8230; \u00bfsaldr\u00e1n de una chistera o quiz\u00e1 de un caj\u00f3n?<\/p>\n<p style=\"text-align: justify;\">Teloncillo es una compa\u00f1\u00eda vallisoletana, Premio Nacional de Artes Esc\u00e9nicas para la Infancia y la Juventud 2013, que en 2018 cumpli\u00f3 50 a\u00f1os de actividad teatral. Desde hace 30 a\u00f1os, sus proyectos art\u00edsticos est\u00e1n dedicados en exclusiva a los ni\u00f1os y ni\u00f1as. Cuenta con tres equipos art\u00edsticos multidisciplinares que trabajan para diferentes edades, con tem\u00e1ticas y tratamientos novedosos. La poes\u00eda, las canciones y la m\u00fasica en directo, unidas al cuidado y la magia de sus propuestas y a la colaboraci\u00f3n de grandes artistas y creativos, constituyen su sello de identidad.<\/p>\n<p style=\"text-align: justify;\">Duraci\u00f3n 35 minutos<br \/>\nEdad recomendada de 6 meses a 5 a\u00f1os<\/p>\n<p style=\"text-align: justify;\">Entradas disponibles en Casa de Cultura.<\/p>\n<p><a href=\"https:\/\/www.caudete.org\/ayuntamiento\/wp-content\/uploads\/2026\/03\/5.jpg\" rel='prettyPhoto'><img fetchpriority=\"high\" decoding=\"async\" class=\"alignnone wp-image-32897 size-full\" src=\"https:\/\/www.caudete.org\/ayuntamiento\/wp-content\/uploads\/2026\/03\/5.jpg\" alt=\"\" width=\"1000\" height=\"1418\" srcset=\"https:\/\/www.caudete.org\/ayuntamiento\/wp-content\/uploads\/2026\/03\/5.jpg 1000w, https:\/\/www.caudete.org\/ayuntamiento\/wp-content\/uploads\/2026\/03\/5-564x800.jpg 564w, https:\/\/www.caudete.org\/ayuntamiento\/wp-content\/uploads\/2026\/03\/5-635x900.jpg 635w, https:\/\/www.caudete.org\/ayuntamiento\/wp-content\/uploads\/2026\/03\/5-155x220.jpg 155w, https:\/\/www.caudete.org\/ayuntamiento\/wp-content\/uploads\/2026\/03\/5-768x1089.jpg 768w\" sizes=\"(max-width: 1000px) 100vw, 1000px\" \/><\/a> <a href=\"https:\/\/www.caudete.org\/ayuntamiento\/wp-content\/uploads\/2026\/03\/foto-2.jpg\" rel='prettyPhoto'><img decoding=\"async\" class=\"alignnone wp-image-32898 size-full\" src=\"https:\/\/www.caudete.org\/ayuntamiento\/wp-content\/uploads\/2026\/03\/foto-2.jpg\" alt=\"\" width=\"731\" height=\"470\" srcset=\"https:\/\/www.caudete.org\/ayuntamiento\/wp-content\/uploads\/2026\/03\/foto-2.jpg 731w, https:\/\/www.caudete.org\/ayuntamiento\/wp-content\/uploads\/2026\/03\/foto-2-342x220.jpg 342w\" sizes=\"(max-width: 731px) 100vw, 731px\" \/><\/a><\/p>\n","protected":false},"excerpt":{"rendered":"<p>La Concejal\u00eda de Cultura presenta \u201cLa Selva\u201d un teatro recomendado para ni\u00f1os y ni\u00f1as a partir de 6 meses hasta 5 a\u00f1os que podr\u00e1 disfrutarse en el Auditorio Municipal el pr\u00f3ximo s\u00e1bado 14 de marzo de 2026 a las 18:00h. Este espect\u00e1culo se encuentra dentro de la Programaci\u00f3n Cultural de Primavera 2026 del programa de &hellip;<\/p>\n","protected":false},"author":6,"featured_media":32896,"comment_status":"closed","ping_status":"open","sticky":false,"template":"","format":"standard","meta":{"ngg_post_thumbnail":0,"footnotes":""},"categories":[14],"tags":[],"class_list":["post-32895","post","type-post","status-publish","format-standard","has-post-thumbnail","hentry","category-cultura"],"yoast_head":"<!-- This site is optimized with the Yoast SEO plugin v27.5 - https:\/\/yoast.com\/product\/yoast-seo-wordpress\/ -->\n<title>La magia de las artes esc\u00e9nicas se abre a los m\u00e1s peque\u00f1os con \u201cLa Selva\u201d de la Compa\u00f1\u00eda Teloncillo - MI Ayuntamiento de Caudete<\/title>\n<meta name=\"description\" content=\"P\u00e1gina Oficial del Ayuntamiento de Caudete (Albacete)\" \/>\n<meta name=\"robots\" content=\"index, follow, max-snippet:-1, max-image-preview:large, max-video-preview:-1\" \/>\n<link rel=\"canonical\" href=\"https:\/\/www.caudete.org\/ayuntamiento\/la-magia-de-las-artes-escenicas-se-abre-a-los-mas-pequenos-con-la-selva-de-la-compania-teloncillo\/\" \/>\n<meta property=\"og:locale\" content=\"es_ES\" \/>\n<meta property=\"og:type\" content=\"article\" \/>\n<meta property=\"og:title\" content=\"La magia de las artes esc\u00e9nicas se abre a los m\u00e1s peque\u00f1os con \u201cLa Selva\u201d de la Compa\u00f1\u00eda Teloncillo - MI Ayuntamiento de Caudete\" \/>\n<meta property=\"og:description\" content=\"P\u00e1gina Oficial del Ayuntamiento de Caudete (Albacete)\" \/>\n<meta property=\"og:url\" content=\"https:\/\/www.caudete.org\/ayuntamiento\/la-magia-de-las-artes-escenicas-se-abre-a-los-mas-pequenos-con-la-selva-de-la-compania-teloncillo\/\" \/>\n<meta property=\"og:site_name\" content=\"MI Ayuntamiento de Caudete\" \/>\n<meta property=\"article:publisher\" content=\"https:\/\/www.facebook.com\/ayuntamientocaudete\/\" \/>\n<meta property=\"article:published_time\" content=\"2026-03-09T07:00:05+00:00\" \/>\n<meta property=\"article:modified_time\" content=\"2026-03-16T06:59:49+00:00\" \/>\n<meta property=\"og:image\" content=\"https:\/\/www.caudete.org\/ayuntamiento\/wp-content\/uploads\/2026\/03\/5-port.png\" \/>\n\t<meta property=\"og:image:width\" content=\"837\" \/>\n\t<meta property=\"og:image:height\" content=\"430\" \/>\n\t<meta property=\"og:image:type\" content=\"image\/png\" \/>\n<meta name=\"author\" content=\"informatica2\" \/>\n<meta name=\"twitter:card\" content=\"summary_large_image\" \/>\n<meta name=\"twitter:label1\" content=\"Escrito por\" \/>\n\t<meta name=\"twitter:data1\" content=\"informatica2\" \/>\n\t<meta name=\"twitter:label2\" content=\"Tiempo de lectura\" \/>\n\t<meta name=\"twitter:data2\" content=\"2 minutos\" \/>\n<script type=\"application\/ld+json\" class=\"yoast-schema-graph\">{\"@context\":\"https:\\\/\\\/schema.org\",\"@graph\":[{\"@type\":\"Article\",\"@id\":\"https:\\\/\\\/www.caudete.org\\\/ayuntamiento\\\/la-magia-de-las-artes-escenicas-se-abre-a-los-mas-pequenos-con-la-selva-de-la-compania-teloncillo\\\/#article\",\"isPartOf\":{\"@id\":\"https:\\\/\\\/www.caudete.org\\\/ayuntamiento\\\/la-magia-de-las-artes-escenicas-se-abre-a-los-mas-pequenos-con-la-selva-de-la-compania-teloncillo\\\/\"},\"author\":{\"name\":\"informatica2\",\"@id\":\"https:\\\/\\\/www.caudete.org\\\/ayuntamiento\\\/#\\\/schema\\\/person\\\/abfa5ffd5010a14e078c21e6e61b6291\"},\"headline\":\"La magia de las artes esc\u00e9nicas se abre a los m\u00e1s peque\u00f1os con \u201cLa Selva\u201d de la Compa\u00f1\u00eda Teloncillo\",\"datePublished\":\"2026-03-09T07:00:05+00:00\",\"dateModified\":\"2026-03-16T06:59:49+00:00\",\"mainEntityOfPage\":{\"@id\":\"https:\\\/\\\/www.caudete.org\\\/ayuntamiento\\\/la-magia-de-las-artes-escenicas-se-abre-a-los-mas-pequenos-con-la-selva-de-la-compania-teloncillo\\\/\"},\"wordCount\":327,\"image\":{\"@id\":\"https:\\\/\\\/www.caudete.org\\\/ayuntamiento\\\/la-magia-de-las-artes-escenicas-se-abre-a-los-mas-pequenos-con-la-selva-de-la-compania-teloncillo\\\/#primaryimage\"},\"thumbnailUrl\":\"https:\\\/\\\/www.caudete.org\\\/ayuntamiento\\\/wp-content\\\/uploads\\\/2026\\\/03\\\/5-port.png\",\"articleSection\":[\"Cultura\"],\"inLanguage\":\"es\"},{\"@type\":\"WebPage\",\"@id\":\"https:\\\/\\\/www.caudete.org\\\/ayuntamiento\\\/la-magia-de-las-artes-escenicas-se-abre-a-los-mas-pequenos-con-la-selva-de-la-compania-teloncillo\\\/\",\"url\":\"https:\\\/\\\/www.caudete.org\\\/ayuntamiento\\\/la-magia-de-las-artes-escenicas-se-abre-a-los-mas-pequenos-con-la-selva-de-la-compania-teloncillo\\\/\",\"name\":\"La magia de las artes esc\u00e9nicas se abre a los m\u00e1s peque\u00f1os con \u201cLa Selva\u201d de la Compa\u00f1\u00eda Teloncillo - MI Ayuntamiento de Caudete\",\"isPartOf\":{\"@id\":\"https:\\\/\\\/www.caudete.org\\\/ayuntamiento\\\/#website\"},\"primaryImageOfPage\":{\"@id\":\"https:\\\/\\\/www.caudete.org\\\/ayuntamiento\\\/la-magia-de-las-artes-escenicas-se-abre-a-los-mas-pequenos-con-la-selva-de-la-compania-teloncillo\\\/#primaryimage\"},\"image\":{\"@id\":\"https:\\\/\\\/www.caudete.org\\\/ayuntamiento\\\/la-magia-de-las-artes-escenicas-se-abre-a-los-mas-pequenos-con-la-selva-de-la-compania-teloncillo\\\/#primaryimage\"},\"thumbnailUrl\":\"https:\\\/\\\/www.caudete.org\\\/ayuntamiento\\\/wp-content\\\/uploads\\\/2026\\\/03\\\/5-port.png\",\"datePublished\":\"2026-03-09T07:00:05+00:00\",\"dateModified\":\"2026-03-16T06:59:49+00:00\",\"author\":{\"@id\":\"https:\\\/\\\/www.caudete.org\\\/ayuntamiento\\\/#\\\/schema\\\/person\\\/abfa5ffd5010a14e078c21e6e61b6291\"},\"description\":\"P\u00e1gina Oficial del Ayuntamiento de Caudete (Albacete)\",\"breadcrumb\":{\"@id\":\"https:\\\/\\\/www.caudete.org\\\/ayuntamiento\\\/la-magia-de-las-artes-escenicas-se-abre-a-los-mas-pequenos-con-la-selva-de-la-compania-teloncillo\\\/#breadcrumb\"},\"inLanguage\":\"es\",\"potentialAction\":[{\"@type\":\"ReadAction\",\"target\":[\"https:\\\/\\\/www.caudete.org\\\/ayuntamiento\\\/la-magia-de-las-artes-escenicas-se-abre-a-los-mas-pequenos-con-la-selva-de-la-compania-teloncillo\\\/\"]}]},{\"@type\":\"ImageObject\",\"inLanguage\":\"es\",\"@id\":\"https:\\\/\\\/www.caudete.org\\\/ayuntamiento\\\/la-magia-de-las-artes-escenicas-se-abre-a-los-mas-pequenos-con-la-selva-de-la-compania-teloncillo\\\/#primaryimage\",\"url\":\"https:\\\/\\\/www.caudete.org\\\/ayuntamiento\\\/wp-content\\\/uploads\\\/2026\\\/03\\\/5-port.png\",\"contentUrl\":\"https:\\\/\\\/www.caudete.org\\\/ayuntamiento\\\/wp-content\\\/uploads\\\/2026\\\/03\\\/5-port.png\",\"width\":837,\"height\":430},{\"@type\":\"BreadcrumbList\",\"@id\":\"https:\\\/\\\/www.caudete.org\\\/ayuntamiento\\\/la-magia-de-las-artes-escenicas-se-abre-a-los-mas-pequenos-con-la-selva-de-la-compania-teloncillo\\\/#breadcrumb\",\"itemListElement\":[{\"@type\":\"ListItem\",\"position\":1,\"name\":\"Inicio\",\"item\":\"https:\\\/\\\/www.caudete.org\\\/ayuntamiento\\\/\"},{\"@type\":\"ListItem\",\"position\":2,\"name\":\"La magia de las artes esc\u00e9nicas se abre a los m\u00e1s peque\u00f1os con \u201cLa Selva\u201d de la Compa\u00f1\u00eda Teloncillo\"}]},{\"@type\":\"WebSite\",\"@id\":\"https:\\\/\\\/www.caudete.org\\\/ayuntamiento\\\/#website\",\"url\":\"https:\\\/\\\/www.caudete.org\\\/ayuntamiento\\\/\",\"name\":\"MI Ayuntamiento de Caudete\",\"description\":\"P\u00e1gina Oficial del MI Ayuntamiento de Caudete\",\"potentialAction\":[{\"@type\":\"SearchAction\",\"target\":{\"@type\":\"EntryPoint\",\"urlTemplate\":\"https:\\\/\\\/www.caudete.org\\\/ayuntamiento\\\/?s={search_term_string}\"},\"query-input\":{\"@type\":\"PropertyValueSpecification\",\"valueRequired\":true,\"valueName\":\"search_term_string\"}}],\"inLanguage\":\"es\"},{\"@type\":\"Person\",\"@id\":\"https:\\\/\\\/www.caudete.org\\\/ayuntamiento\\\/#\\\/schema\\\/person\\\/abfa5ffd5010a14e078c21e6e61b6291\",\"name\":\"informatica2\",\"image\":{\"@type\":\"ImageObject\",\"inLanguage\":\"es\",\"@id\":\"https:\\\/\\\/secure.gravatar.com\\\/avatar\\\/b089890ff033a3e4d03eec00ecb5a14425217205c513f60ec32ebeaaeb5fa700?s=96&d=mm&r=g\",\"url\":\"https:\\\/\\\/secure.gravatar.com\\\/avatar\\\/b089890ff033a3e4d03eec00ecb5a14425217205c513f60ec32ebeaaeb5fa700?s=96&d=mm&r=g\",\"contentUrl\":\"https:\\\/\\\/secure.gravatar.com\\\/avatar\\\/b089890ff033a3e4d03eec00ecb5a14425217205c513f60ec32ebeaaeb5fa700?s=96&d=mm&r=g\",\"caption\":\"informatica2\"},\"url\":\"https:\\\/\\\/www.caudete.org\\\/ayuntamiento\\\/author\\\/informatica2\\\/\"}]}<\/script>\n<!-- \/ Yoast SEO plugin. -->","yoast_head_json":{"title":"La magia de las artes esc\u00e9nicas se abre a los m\u00e1s peque\u00f1os con \u201cLa Selva\u201d de la Compa\u00f1\u00eda Teloncillo - MI Ayuntamiento de Caudete","description":"P\u00e1gina Oficial del Ayuntamiento de Caudete (Albacete)","robots":{"index":"index","follow":"follow","max-snippet":"max-snippet:-1","max-image-preview":"max-image-preview:large","max-video-preview":"max-video-preview:-1"},"canonical":"https:\/\/www.caudete.org\/ayuntamiento\/la-magia-de-las-artes-escenicas-se-abre-a-los-mas-pequenos-con-la-selva-de-la-compania-teloncillo\/","og_locale":"es_ES","og_type":"article","og_title":"La magia de las artes esc\u00e9nicas se abre a los m\u00e1s peque\u00f1os con \u201cLa Selva\u201d de la Compa\u00f1\u00eda Teloncillo - MI Ayuntamiento de Caudete","og_description":"P\u00e1gina Oficial del Ayuntamiento de Caudete (Albacete)","og_url":"https:\/\/www.caudete.org\/ayuntamiento\/la-magia-de-las-artes-escenicas-se-abre-a-los-mas-pequenos-con-la-selva-de-la-compania-teloncillo\/","og_site_name":"MI Ayuntamiento de Caudete","article_publisher":"https:\/\/www.facebook.com\/ayuntamientocaudete\/","article_published_time":"2026-03-09T07:00:05+00:00","article_modified_time":"2026-03-16T06:59:49+00:00","og_image":[{"width":837,"height":430,"url":"https:\/\/www.caudete.org\/ayuntamiento\/wp-content\/uploads\/2026\/03\/5-port.png","type":"image\/png"}],"author":"informatica2","twitter_card":"summary_large_image","twitter_misc":{"Escrito por":"informatica2","Tiempo de lectura":"2 minutos"},"schema":{"@context":"https:\/\/schema.org","@graph":[{"@type":"Article","@id":"https:\/\/www.caudete.org\/ayuntamiento\/la-magia-de-las-artes-escenicas-se-abre-a-los-mas-pequenos-con-la-selva-de-la-compania-teloncillo\/#article","isPartOf":{"@id":"https:\/\/www.caudete.org\/ayuntamiento\/la-magia-de-las-artes-escenicas-se-abre-a-los-mas-pequenos-con-la-selva-de-la-compania-teloncillo\/"},"author":{"name":"informatica2","@id":"https:\/\/www.caudete.org\/ayuntamiento\/#\/schema\/person\/abfa5ffd5010a14e078c21e6e61b6291"},"headline":"La magia de las artes esc\u00e9nicas se abre a los m\u00e1s peque\u00f1os con \u201cLa Selva\u201d de la Compa\u00f1\u00eda Teloncillo","datePublished":"2026-03-09T07:00:05+00:00","dateModified":"2026-03-16T06:59:49+00:00","mainEntityOfPage":{"@id":"https:\/\/www.caudete.org\/ayuntamiento\/la-magia-de-las-artes-escenicas-se-abre-a-los-mas-pequenos-con-la-selva-de-la-compania-teloncillo\/"},"wordCount":327,"image":{"@id":"https:\/\/www.caudete.org\/ayuntamiento\/la-magia-de-las-artes-escenicas-se-abre-a-los-mas-pequenos-con-la-selva-de-la-compania-teloncillo\/#primaryimage"},"thumbnailUrl":"https:\/\/www.caudete.org\/ayuntamiento\/wp-content\/uploads\/2026\/03\/5-port.png","articleSection":["Cultura"],"inLanguage":"es"},{"@type":"WebPage","@id":"https:\/\/www.caudete.org\/ayuntamiento\/la-magia-de-las-artes-escenicas-se-abre-a-los-mas-pequenos-con-la-selva-de-la-compania-teloncillo\/","url":"https:\/\/www.caudete.org\/ayuntamiento\/la-magia-de-las-artes-escenicas-se-abre-a-los-mas-pequenos-con-la-selva-de-la-compania-teloncillo\/","name":"La magia de las artes esc\u00e9nicas se abre a los m\u00e1s peque\u00f1os con \u201cLa Selva\u201d de la Compa\u00f1\u00eda Teloncillo - MI Ayuntamiento de Caudete","isPartOf":{"@id":"https:\/\/www.caudete.org\/ayuntamiento\/#website"},"primaryImageOfPage":{"@id":"https:\/\/www.caudete.org\/ayuntamiento\/la-magia-de-las-artes-escenicas-se-abre-a-los-mas-pequenos-con-la-selva-de-la-compania-teloncillo\/#primaryimage"},"image":{"@id":"https:\/\/www.caudete.org\/ayuntamiento\/la-magia-de-las-artes-escenicas-se-abre-a-los-mas-pequenos-con-la-selva-de-la-compania-teloncillo\/#primaryimage"},"thumbnailUrl":"https:\/\/www.caudete.org\/ayuntamiento\/wp-content\/uploads\/2026\/03\/5-port.png","datePublished":"2026-03-09T07:00:05+00:00","dateModified":"2026-03-16T06:59:49+00:00","author":{"@id":"https:\/\/www.caudete.org\/ayuntamiento\/#\/schema\/person\/abfa5ffd5010a14e078c21e6e61b6291"},"description":"P\u00e1gina Oficial del Ayuntamiento de Caudete (Albacete)","breadcrumb":{"@id":"https:\/\/www.caudete.org\/ayuntamiento\/la-magia-de-las-artes-escenicas-se-abre-a-los-mas-pequenos-con-la-selva-de-la-compania-teloncillo\/#breadcrumb"},"inLanguage":"es","potentialAction":[{"@type":"ReadAction","target":["https:\/\/www.caudete.org\/ayuntamiento\/la-magia-de-las-artes-escenicas-se-abre-a-los-mas-pequenos-con-la-selva-de-la-compania-teloncillo\/"]}]},{"@type":"ImageObject","inLanguage":"es","@id":"https:\/\/www.caudete.org\/ayuntamiento\/la-magia-de-las-artes-escenicas-se-abre-a-los-mas-pequenos-con-la-selva-de-la-compania-teloncillo\/#primaryimage","url":"https:\/\/www.caudete.org\/ayuntamiento\/wp-content\/uploads\/2026\/03\/5-port.png","contentUrl":"https:\/\/www.caudete.org\/ayuntamiento\/wp-content\/uploads\/2026\/03\/5-port.png","width":837,"height":430},{"@type":"BreadcrumbList","@id":"https:\/\/www.caudete.org\/ayuntamiento\/la-magia-de-las-artes-escenicas-se-abre-a-los-mas-pequenos-con-la-selva-de-la-compania-teloncillo\/#breadcrumb","itemListElement":[{"@type":"ListItem","position":1,"name":"Inicio","item":"https:\/\/www.caudete.org\/ayuntamiento\/"},{"@type":"ListItem","position":2,"name":"La magia de las artes esc\u00e9nicas se abre a los m\u00e1s peque\u00f1os con \u201cLa Selva\u201d de la Compa\u00f1\u00eda Teloncillo"}]},{"@type":"WebSite","@id":"https:\/\/www.caudete.org\/ayuntamiento\/#website","url":"https:\/\/www.caudete.org\/ayuntamiento\/","name":"MI Ayuntamiento de Caudete","description":"P\u00e1gina Oficial del MI Ayuntamiento de Caudete","potentialAction":[{"@type":"SearchAction","target":{"@type":"EntryPoint","urlTemplate":"https:\/\/www.caudete.org\/ayuntamiento\/?s={search_term_string}"},"query-input":{"@type":"PropertyValueSpecification","valueRequired":true,"valueName":"search_term_string"}}],"inLanguage":"es"},{"@type":"Person","@id":"https:\/\/www.caudete.org\/ayuntamiento\/#\/schema\/person\/abfa5ffd5010a14e078c21e6e61b6291","name":"informatica2","image":{"@type":"ImageObject","inLanguage":"es","@id":"https:\/\/secure.gravatar.com\/avatar\/b089890ff033a3e4d03eec00ecb5a14425217205c513f60ec32ebeaaeb5fa700?s=96&d=mm&r=g","url":"https:\/\/secure.gravatar.com\/avatar\/b089890ff033a3e4d03eec00ecb5a14425217205c513f60ec32ebeaaeb5fa700?s=96&d=mm&r=g","contentUrl":"https:\/\/secure.gravatar.com\/avatar\/b089890ff033a3e4d03eec00ecb5a14425217205c513f60ec32ebeaaeb5fa700?s=96&d=mm&r=g","caption":"informatica2"},"url":"https:\/\/www.caudete.org\/ayuntamiento\/author\/informatica2\/"}]}},"_links":{"self":[{"href":"https:\/\/www.caudete.org\/ayuntamiento\/wp-json\/wp\/v2\/posts\/32895","targetHints":{"allow":["GET"]}}],"collection":[{"href":"https:\/\/www.caudete.org\/ayuntamiento\/wp-json\/wp\/v2\/posts"}],"about":[{"href":"https:\/\/www.caudete.org\/ayuntamiento\/wp-json\/wp\/v2\/types\/post"}],"author":[{"embeddable":true,"href":"https:\/\/www.caudete.org\/ayuntamiento\/wp-json\/wp\/v2\/users\/6"}],"replies":[{"embeddable":true,"href":"https:\/\/www.caudete.org\/ayuntamiento\/wp-json\/wp\/v2\/comments?post=32895"}],"version-history":[{"count":3,"href":"https:\/\/www.caudete.org\/ayuntamiento\/wp-json\/wp\/v2\/posts\/32895\/revisions"}],"predecessor-version":[{"id":32914,"href":"https:\/\/www.caudete.org\/ayuntamiento\/wp-json\/wp\/v2\/posts\/32895\/revisions\/32914"}],"wp:featuredmedia":[{"embeddable":true,"href":"https:\/\/www.caudete.org\/ayuntamiento\/wp-json\/wp\/v2\/media\/32896"}],"wp:attachment":[{"href":"https:\/\/www.caudete.org\/ayuntamiento\/wp-json\/wp\/v2\/media?parent=32895"}],"wp:term":[{"taxonomy":"category","embeddable":true,"href":"https:\/\/www.caudete.org\/ayuntamiento\/wp-json\/wp\/v2\/categories?post=32895"},{"taxonomy":"post_tag","embeddable":true,"href":"https:\/\/www.caudete.org\/ayuntamiento\/wp-json\/wp\/v2\/tags?post=32895"}],"curies":[{"name":"wp","href":"https:\/\/api.w.org\/{rel}","templated":true}]}}