{"id":32916,"date":"2026-03-09T13:59:17","date_gmt":"2026-03-09T12:59:17","guid":{"rendered":"https:\/\/www.caudete.org\/ayuntamiento\/?p=32916"},"modified":"2026-03-10T11:52:24","modified_gmt":"2026-03-10T10:52:24","slug":"gabriel-ibanez-gimenez-se-alza-con-el-subcampeonato-provincial-de-tenis-de-mesa-y-representara-a-la-provincia-de-albacete-en-el-campeonato-de-castilla-la-mancha","status":"publish","type":"post","link":"https:\/\/www.caudete.org\/ayuntamiento\/gabriel-ibanez-gimenez-se-alza-con-el-subcampeonato-provincial-de-tenis-de-mesa-y-representara-a-la-provincia-de-albacete-en-el-campeonato-de-castilla-la-mancha\/","title":{"rendered":"Gabriel Ib\u00e1\u00f1ez Gim\u00e9nez se alza con el subcampeonato provincial de tenis de mesa y representar\u00e1 a la provincia de Albacete en el Campeonato de Castilla-La Mancha"},"content":{"rendered":"<p style=\"text-align: justify;\"><span style=\"font-family: Google Sans, Arial, sans-serif;\"><span style=\"font-size: medium;\">La Concejal de Deportes del M.I. Ayuntamiento de Caudete, <\/span><\/span><strong><span style=\"font-family: Google Sans, Arial, sans-serif;\"><span style=\"font-size: medium;\"><b>Pilar Egea<\/b><\/span><\/span><\/strong><span style=\"font-family: Google Sans, Arial, sans-serif;\"><span style=\"font-size: medium;\">, ha comparecido hoy para informar de los sobresalientes resultados obtenidos por los alumnos de las Escuelas Deportivas Municipales (EDM) de Tenis de Mesa en los recientes campeonatos provinciales celebrados en Albacete.<\/span><\/span><\/p>\n<p style=\"text-align: justify;\"><span style=\"font-family: Google Sans, Arial, sans-serif;\"><span style=\"font-size: medium;\">Egea ha querido destacar de manera especial la actuaci\u00f3n de <\/span><\/span><strong><span style=\"font-family: Google Sans, Arial, sans-serif;\"><span style=\"font-size: medium;\"><b>Gabriel Ib\u00e1\u00f1ez Gim\u00e9nez<\/b><\/span><\/span><\/strong><span style=\"font-family: Google Sans, Arial, sans-serif;\"><span style=\"font-size: medium;\">, quien se ha proclamado <\/span><\/span><strong><span style=\"font-family: Google Sans, Arial, sans-serif;\"><span style=\"font-size: medium;\"><b>subcampe\u00f3n provincial en la categor\u00eda infantil<\/b><\/span><\/span><\/strong><span style=\"font-family: Google Sans, Arial, sans-serif;\"><span style=\"font-size: medium;\">. Gracias a este excelente resultado, el joven <\/span><\/span><span style=\"font-family: Google Sans, Arial, sans-serif;\"><span style=\"font-size: medium;\">jugador<\/span><\/span><span style=\"font-family: Google Sans, Arial, sans-serif;\"><span style=\"font-size: medium;\"> ha logrado su clasificaci\u00f3n directa para formar parte de la <\/span><\/span><strong><span style=\"font-family: Google Sans, Arial, sans-serif;\"><span style=\"font-size: medium;\"><b>Selecci\u00f3n Provincial de Albacete<\/b><\/span><\/span><\/strong><span style=\"font-family: Google Sans, Arial, sans-serif;\"><span style=\"font-size: medium;\">. Con ella, participar\u00e1 en el pr\u00f3ximo<\/span><\/span><b> <\/b><a href=\"https:\/\/deportes.castillalamancha.es\/sites\/default\/files\/2025-11\/CIRCULAR_9_25-26_TENIS%20DE%20MESA.pdf\" class=\"mtli_attachment mtli_pdf\" target=\"_blank\" rel=\"noopener nofollow\"><span style=\"font-family: Google Sans, Arial, sans-serif;\"><span style=\"font-size: medium;\"><b>Campeonato de Castilla-La Mancha Escolar<\/b><\/span><\/span><\/a><span style=\"font-family: Google Sans, Arial, sans-serif;\"><span style=\"font-size: medium;\">, que tendr\u00e1 lugar el <\/span><\/span><strong><span style=\"font-family: Google Sans, Arial, sans-serif;\"><span style=\"font-size: medium;\">s\u00e1bado 14 de marzo en Taranc\u00f3n (Cuenca)<\/span><\/span><\/strong><span style=\"font-family: Google Sans, Arial, sans-serif;\"><span style=\"font-size: medium;\">.<\/span><\/span><\/p>\n<blockquote>\n<p style=\"text-align: justify;\"><span style=\"font-family: Google Sans, Arial, sans-serif;\"><span style=\"font-size: medium;\"><i>&#8220;Es un orgullo ver c\u00f3mo el trabajo diario en nuestras Escuelas Deportivas da sus frutos en competiciones de este nivel. Gabriel ha demostrado una progresi\u00f3n t\u00e9cnica y una madurez competitiva envidiables&#8221;<\/i>, ha se\u00f1alado la concejal.<\/span><\/span><\/p>\n<\/blockquote>\n<p style=\"text-align: justify;\"><span style=\"font-family: Google Sans, Arial, sans-serif;\"><span style=\"font-size: medium;\">Adem\u00e1s del podio de Gabriel, la concejal ha puesto en valor el papel desempe\u00f1ado por el resto de la expedici\u00f3n caudetana, que ha competido a un gran nivel frente a los mejores clubes de la provincia:<\/span><\/span><\/p>\n<ul style=\"text-align: justify;\">\n<li><strong><span style=\"font-family: Google Sans, Arial, sans-serif;\"><span style=\"font-size: medium;\"><b>Categor\u00eda Infantil: <\/b><\/span><\/span><\/strong><span style=\"font-family: Google Sans, Arial, sans-serif;\"><span style=\"font-size: medium;\">Junto al subcampe\u00f3n, participaron con notables actuaciones <\/span><\/span><strong><span style=\"font-family: Google Sans, Arial, sans-serif;\"><span style=\"font-size: medium;\"><b>Asier Abad N\u00fa\u00f1ez <\/b><\/span><\/span><\/strong><span style=\"font-family: Google Sans, Arial, sans-serif;\"><span style=\"font-size: medium;\">y <\/span><\/span><strong><span style=\"font-family: Google Sans, Arial, sans-serif;\"><span style=\"font-size: medium;\"><b>Aar\u00f3n S\u00e1nchez Cunha<\/b><\/span><\/span><\/strong><span style=\"font-family: Google Sans, Arial, sans-serif;\"><span style=\"font-size: medium;\">, quienes rozaron los puestos de honor.<\/span><\/span><\/li>\n<li><strong><span style=\"font-family: Google Sans, Arial, sans-serif;\"><span style=\"font-size: medium;\"><b>Categor\u00eda Alev\u00edn: <\/b><\/span><\/span><\/strong><span style=\"font-family: Google Sans, Arial, sans-serif;\"><span style=\"font-size: medium;\">Representando a Caudete estuvo <\/span><\/span><strong><span style=\"font-family: Google Sans, Arial, sans-serif;\"><span style=\"font-size: medium;\"><b>Sergio Amor\u00f3s Lucas<\/b><\/span><\/span><\/strong><span style=\"font-family: Google Sans, Arial, sans-serif;\"><span style=\"font-size: medium;\">, obteniendo resultados muy positivos que confirman su evoluci\u00f3n en el deporte escolar.<\/span><\/span><\/li>\n<li><strong><span style=\"font-family: Google Sans, Arial, sans-serif;\"><span style=\"font-size: medium;\"><b>Categor\u00eda Benjam\u00edn: <\/b><\/span><\/span><\/strong><span style=\"font-family: Google Sans, Arial, sans-serif;\"><span style=\"font-size: medium;\">El m\u00e1s joven de la expedici\u00f3n, <\/span><\/span><strong><span style=\"font-family: Google Sans, Arial, sans-serif;\"><span style=\"font-size: medium;\"><b>Iv\u00e1n Albertos Rodr\u00edguez<\/b><\/span><\/span><\/strong><span style=\"font-family: Google Sans, Arial, sans-serif;\"><span style=\"font-size: medium;\">, firm\u00f3 una gran competici\u00f3n, asegurando el futuro de esta disciplina en el municipio.<\/span><\/span><\/li>\n<\/ul>\n<p style=\"text-align: justify;\"><span style=\"font-family: Google Sans, Arial, sans-serif;\"><span style=\"font-size: medium;\">Pilar Egea ha concluido su intervenci\u00f3n reiterando el compromiso del consistorio con el <\/span><\/span><strong><span style=\"font-family: Google Sans, Arial, sans-serif;\"><span style=\"font-size: medium;\"><b>deporte base <\/b><\/span><\/span><\/strong><span style=\"font-family: Google Sans, Arial, sans-serif;\"><span style=\"font-size: medium;\">y ha animado a todos los deportistas locales a seguir entrenando con la misma ilusi\u00f3n. Asimismo, ha deseado <\/span><\/span><span style=\"font-family: Google Sans, Arial, sans-serif;\"><span style=\"font-size: medium;\"><i>&#8220;toda la suerte del mundo&#8221;<\/i><\/span><\/span><span style=\"font-family: Google Sans, Arial, sans-serif;\"><span style=\"font-size: medium;\"> a Gabriel Ib\u00e1\u00f1ez en su pr\u00f3xima cita regional en tierras conquenses.<\/span><\/span><\/p>\n<p><a href=\"https:\/\/www.caudete.org\/ayuntamiento\/wp-content\/uploads\/2026\/03\/IMG-20260306-WA0005.jpg\" rel='prettyPhoto'><img fetchpriority=\"high\" decoding=\"async\" class=\"alignnone wp-image-32917 size-full\" src=\"https:\/\/www.caudete.org\/ayuntamiento\/wp-content\/uploads\/2026\/03\/IMG-20260306-WA0005.jpg\" alt=\"\" width=\"1000\" height=\"750\" srcset=\"https:\/\/www.caudete.org\/ayuntamiento\/wp-content\/uploads\/2026\/03\/IMG-20260306-WA0005.jpg 1000w, https:\/\/www.caudete.org\/ayuntamiento\/wp-content\/uploads\/2026\/03\/IMG-20260306-WA0005-293x220.jpg 293w, https:\/\/www.caudete.org\/ayuntamiento\/wp-content\/uploads\/2026\/03\/IMG-20260306-WA0005-768x576.jpg 768w\" sizes=\"(max-width: 1000px) 100vw, 1000px\" \/><\/a> <a href=\"https:\/\/www.caudete.org\/ayuntamiento\/wp-content\/uploads\/2026\/03\/1000263244.jpg\" rel='prettyPhoto'><img decoding=\"async\" class=\"alignnone wp-image-32919 size-full\" src=\"https:\/\/www.caudete.org\/ayuntamiento\/wp-content\/uploads\/2026\/03\/1000263244.jpg\" alt=\"\" width=\"1000\" height=\"750\" srcset=\"https:\/\/www.caudete.org\/ayuntamiento\/wp-content\/uploads\/2026\/03\/1000263244.jpg 1000w, https:\/\/www.caudete.org\/ayuntamiento\/wp-content\/uploads\/2026\/03\/1000263244-293x220.jpg 293w, https:\/\/www.caudete.org\/ayuntamiento\/wp-content\/uploads\/2026\/03\/1000263244-768x576.jpg 768w\" sizes=\"(max-width: 1000px) 100vw, 1000px\" \/><\/a><\/p>\n","protected":false},"excerpt":{"rendered":"<p>La Concejal de Deportes del M.I. Ayuntamiento de Caudete, Pilar Egea, ha comparecido hoy para informar de los sobresalientes resultados obtenidos por los alumnos de las Escuelas Deportivas Municipales (EDM) de Tenis de Mesa en los recientes campeonatos provinciales celebrados en Albacete. Egea ha querido destacar de manera especial la actuaci\u00f3n de Gabriel Ib\u00e1\u00f1ez Gim\u00e9nez, &hellip;<\/p>\n","protected":false},"author":6,"featured_media":32917,"comment_status":"closed","ping_status":"open","sticky":false,"template":"","format":"standard","meta":{"ngg_post_thumbnail":0,"footnotes":""},"categories":[23],"tags":[],"class_list":["post-32916","post","type-post","status-publish","format-standard","has-post-thumbnail","hentry","category-deportes"],"yoast_head":"<!-- This site is optimized with the Yoast SEO plugin v27.5 - https:\/\/yoast.com\/product\/yoast-seo-wordpress\/ -->\n<title>Gabriel Ib\u00e1\u00f1ez Gim\u00e9nez se alza con el subcampeonato provincial de tenis de mesa y representar\u00e1 a la provincia de Albacete en el Campeonato de Castilla-La Mancha - MI Ayuntamiento de Caudete<\/title>\n<meta name=\"description\" content=\"P\u00e1gina Oficial del Ayuntamiento de Caudete (Albacete)\" \/>\n<meta name=\"robots\" content=\"index, follow, max-snippet:-1, max-image-preview:large, max-video-preview:-1\" \/>\n<link rel=\"canonical\" href=\"https:\/\/www.caudete.org\/ayuntamiento\/gabriel-ibanez-gimenez-se-alza-con-el-subcampeonato-provincial-de-tenis-de-mesa-y-representara-a-la-provincia-de-albacete-en-el-campeonato-de-castilla-la-mancha\/\" \/>\n<meta property=\"og:locale\" content=\"es_ES\" \/>\n<meta property=\"og:type\" content=\"article\" \/>\n<meta property=\"og:title\" content=\"Gabriel Ib\u00e1\u00f1ez Gim\u00e9nez se alza con el subcampeonato provincial de tenis de mesa y representar\u00e1 a la provincia de Albacete en el Campeonato de Castilla-La Mancha - MI Ayuntamiento de Caudete\" \/>\n<meta property=\"og:description\" content=\"P\u00e1gina Oficial del Ayuntamiento de Caudete (Albacete)\" \/>\n<meta property=\"og:url\" content=\"https:\/\/www.caudete.org\/ayuntamiento\/gabriel-ibanez-gimenez-se-alza-con-el-subcampeonato-provincial-de-tenis-de-mesa-y-representara-a-la-provincia-de-albacete-en-el-campeonato-de-castilla-la-mancha\/\" \/>\n<meta property=\"og:site_name\" content=\"MI Ayuntamiento de Caudete\" \/>\n<meta property=\"article:publisher\" content=\"https:\/\/www.facebook.com\/ayuntamientocaudete\/\" \/>\n<meta property=\"article:published_time\" content=\"2026-03-09T12:59:17+00:00\" \/>\n<meta property=\"article:modified_time\" content=\"2026-03-10T10:52:24+00:00\" \/>\n<meta property=\"og:image\" content=\"https:\/\/www.caudete.org\/ayuntamiento\/wp-content\/uploads\/2026\/03\/IMG-20260306-WA0005.jpg\" \/>\n\t<meta property=\"og:image:width\" content=\"1000\" \/>\n\t<meta property=\"og:image:height\" content=\"750\" \/>\n\t<meta property=\"og:image:type\" content=\"image\/jpeg\" \/>\n<meta name=\"author\" content=\"informatica2\" \/>\n<meta name=\"twitter:card\" content=\"summary_large_image\" \/>\n<meta name=\"twitter:label1\" content=\"Escrito por\" \/>\n\t<meta name=\"twitter:data1\" content=\"informatica2\" \/>\n\t<meta name=\"twitter:label2\" content=\"Tiempo de lectura\" \/>\n\t<meta name=\"twitter:data2\" content=\"2 minutos\" \/>\n<script type=\"application\/ld+json\" class=\"yoast-schema-graph\">{\"@context\":\"https:\\\/\\\/schema.org\",\"@graph\":[{\"@type\":\"Article\",\"@id\":\"https:\\\/\\\/www.caudete.org\\\/ayuntamiento\\\/gabriel-ibanez-gimenez-se-alza-con-el-subcampeonato-provincial-de-tenis-de-mesa-y-representara-a-la-provincia-de-albacete-en-el-campeonato-de-castilla-la-mancha\\\/#article\",\"isPartOf\":{\"@id\":\"https:\\\/\\\/www.caudete.org\\\/ayuntamiento\\\/gabriel-ibanez-gimenez-se-alza-con-el-subcampeonato-provincial-de-tenis-de-mesa-y-representara-a-la-provincia-de-albacete-en-el-campeonato-de-castilla-la-mancha\\\/\"},\"author\":{\"name\":\"informatica2\",\"@id\":\"https:\\\/\\\/www.caudete.org\\\/ayuntamiento\\\/#\\\/schema\\\/person\\\/abfa5ffd5010a14e078c21e6e61b6291\"},\"headline\":\"Gabriel Ib\u00e1\u00f1ez Gim\u00e9nez se alza con el subcampeonato provincial de tenis de mesa y representar\u00e1 a la provincia de Albacete en el Campeonato de Castilla-La Mancha\",\"datePublished\":\"2026-03-09T12:59:17+00:00\",\"dateModified\":\"2026-03-10T10:52:24+00:00\",\"mainEntityOfPage\":{\"@id\":\"https:\\\/\\\/www.caudete.org\\\/ayuntamiento\\\/gabriel-ibanez-gimenez-se-alza-con-el-subcampeonato-provincial-de-tenis-de-mesa-y-representara-a-la-provincia-de-albacete-en-el-campeonato-de-castilla-la-mancha\\\/\"},\"wordCount\":361,\"image\":{\"@id\":\"https:\\\/\\\/www.caudete.org\\\/ayuntamiento\\\/gabriel-ibanez-gimenez-se-alza-con-el-subcampeonato-provincial-de-tenis-de-mesa-y-representara-a-la-provincia-de-albacete-en-el-campeonato-de-castilla-la-mancha\\\/#primaryimage\"},\"thumbnailUrl\":\"https:\\\/\\\/www.caudete.org\\\/ayuntamiento\\\/wp-content\\\/uploads\\\/2026\\\/03\\\/IMG-20260306-WA0005.jpg\",\"articleSection\":[\"Deportes\"],\"inLanguage\":\"es\"},{\"@type\":\"WebPage\",\"@id\":\"https:\\\/\\\/www.caudete.org\\\/ayuntamiento\\\/gabriel-ibanez-gimenez-se-alza-con-el-subcampeonato-provincial-de-tenis-de-mesa-y-representara-a-la-provincia-de-albacete-en-el-campeonato-de-castilla-la-mancha\\\/\",\"url\":\"https:\\\/\\\/www.caudete.org\\\/ayuntamiento\\\/gabriel-ibanez-gimenez-se-alza-con-el-subcampeonato-provincial-de-tenis-de-mesa-y-representara-a-la-provincia-de-albacete-en-el-campeonato-de-castilla-la-mancha\\\/\",\"name\":\"Gabriel Ib\u00e1\u00f1ez Gim\u00e9nez se alza con el subcampeonato provincial de tenis de mesa y representar\u00e1 a la provincia de Albacete en el Campeonato de Castilla-La Mancha - MI Ayuntamiento de Caudete\",\"isPartOf\":{\"@id\":\"https:\\\/\\\/www.caudete.org\\\/ayuntamiento\\\/#website\"},\"primaryImageOfPage\":{\"@id\":\"https:\\\/\\\/www.caudete.org\\\/ayuntamiento\\\/gabriel-ibanez-gimenez-se-alza-con-el-subcampeonato-provincial-de-tenis-de-mesa-y-representara-a-la-provincia-de-albacete-en-el-campeonato-de-castilla-la-mancha\\\/#primaryimage\"},\"image\":{\"@id\":\"https:\\\/\\\/www.caudete.org\\\/ayuntamiento\\\/gabriel-ibanez-gimenez-se-alza-con-el-subcampeonato-provincial-de-tenis-de-mesa-y-representara-a-la-provincia-de-albacete-en-el-campeonato-de-castilla-la-mancha\\\/#primaryimage\"},\"thumbnailUrl\":\"https:\\\/\\\/www.caudete.org\\\/ayuntamiento\\\/wp-content\\\/uploads\\\/2026\\\/03\\\/IMG-20260306-WA0005.jpg\",\"datePublished\":\"2026-03-09T12:59:17+00:00\",\"dateModified\":\"2026-03-10T10:52:24+00:00\",\"author\":{\"@id\":\"https:\\\/\\\/www.caudete.org\\\/ayuntamiento\\\/#\\\/schema\\\/person\\\/abfa5ffd5010a14e078c21e6e61b6291\"},\"description\":\"P\u00e1gina Oficial del Ayuntamiento de Caudete (Albacete)\",\"breadcrumb\":{\"@id\":\"https:\\\/\\\/www.caudete.org\\\/ayuntamiento\\\/gabriel-ibanez-gimenez-se-alza-con-el-subcampeonato-provincial-de-tenis-de-mesa-y-representara-a-la-provincia-de-albacete-en-el-campeonato-de-castilla-la-mancha\\\/#breadcrumb\"},\"inLanguage\":\"es\",\"potentialAction\":[{\"@type\":\"ReadAction\",\"target\":[\"https:\\\/\\\/www.caudete.org\\\/ayuntamiento\\\/gabriel-ibanez-gimenez-se-alza-con-el-subcampeonato-provincial-de-tenis-de-mesa-y-representara-a-la-provincia-de-albacete-en-el-campeonato-de-castilla-la-mancha\\\/\"]}]},{\"@type\":\"ImageObject\",\"inLanguage\":\"es\",\"@id\":\"https:\\\/\\\/www.caudete.org\\\/ayuntamiento\\\/gabriel-ibanez-gimenez-se-alza-con-el-subcampeonato-provincial-de-tenis-de-mesa-y-representara-a-la-provincia-de-albacete-en-el-campeonato-de-castilla-la-mancha\\\/#primaryimage\",\"url\":\"https:\\\/\\\/www.caudete.org\\\/ayuntamiento\\\/wp-content\\\/uploads\\\/2026\\\/03\\\/IMG-20260306-WA0005.jpg\",\"contentUrl\":\"https:\\\/\\\/www.caudete.org\\\/ayuntamiento\\\/wp-content\\\/uploads\\\/2026\\\/03\\\/IMG-20260306-WA0005.jpg\",\"width\":1000,\"height\":750},{\"@type\":\"BreadcrumbList\",\"@id\":\"https:\\\/\\\/www.caudete.org\\\/ayuntamiento\\\/gabriel-ibanez-gimenez-se-alza-con-el-subcampeonato-provincial-de-tenis-de-mesa-y-representara-a-la-provincia-de-albacete-en-el-campeonato-de-castilla-la-mancha\\\/#breadcrumb\",\"itemListElement\":[{\"@type\":\"ListItem\",\"position\":1,\"name\":\"Inicio\",\"item\":\"https:\\\/\\\/www.caudete.org\\\/ayuntamiento\\\/\"},{\"@type\":\"ListItem\",\"position\":2,\"name\":\"Gabriel Ib\u00e1\u00f1ez Gim\u00e9nez se alza con el subcampeonato provincial de tenis de mesa y representar\u00e1 a la provincia de Albacete en el Campeonato de Castilla-La Mancha\"}]},{\"@type\":\"WebSite\",\"@id\":\"https:\\\/\\\/www.caudete.org\\\/ayuntamiento\\\/#website\",\"url\":\"https:\\\/\\\/www.caudete.org\\\/ayuntamiento\\\/\",\"name\":\"MI Ayuntamiento de Caudete\",\"description\":\"P\u00e1gina Oficial del MI Ayuntamiento de Caudete\",\"potentialAction\":[{\"@type\":\"SearchAction\",\"target\":{\"@type\":\"EntryPoint\",\"urlTemplate\":\"https:\\\/\\\/www.caudete.org\\\/ayuntamiento\\\/?s={search_term_string}\"},\"query-input\":{\"@type\":\"PropertyValueSpecification\",\"valueRequired\":true,\"valueName\":\"search_term_string\"}}],\"inLanguage\":\"es\"},{\"@type\":\"Person\",\"@id\":\"https:\\\/\\\/www.caudete.org\\\/ayuntamiento\\\/#\\\/schema\\\/person\\\/abfa5ffd5010a14e078c21e6e61b6291\",\"name\":\"informatica2\",\"image\":{\"@type\":\"ImageObject\",\"inLanguage\":\"es\",\"@id\":\"https:\\\/\\\/secure.gravatar.com\\\/avatar\\\/b089890ff033a3e4d03eec00ecb5a14425217205c513f60ec32ebeaaeb5fa700?s=96&d=mm&r=g\",\"url\":\"https:\\\/\\\/secure.gravatar.com\\\/avatar\\\/b089890ff033a3e4d03eec00ecb5a14425217205c513f60ec32ebeaaeb5fa700?s=96&d=mm&r=g\",\"contentUrl\":\"https:\\\/\\\/secure.gravatar.com\\\/avatar\\\/b089890ff033a3e4d03eec00ecb5a14425217205c513f60ec32ebeaaeb5fa700?s=96&d=mm&r=g\",\"caption\":\"informatica2\"},\"url\":\"https:\\\/\\\/www.caudete.org\\\/ayuntamiento\\\/author\\\/informatica2\\\/\"}]}<\/script>\n<!-- \/ Yoast SEO plugin. -->","yoast_head_json":{"title":"Gabriel Ib\u00e1\u00f1ez Gim\u00e9nez se alza con el subcampeonato provincial de tenis de mesa y representar\u00e1 a la provincia de Albacete en el Campeonato de Castilla-La Mancha - MI Ayuntamiento de Caudete","description":"P\u00e1gina Oficial del Ayuntamiento de Caudete (Albacete)","robots":{"index":"index","follow":"follow","max-snippet":"max-snippet:-1","max-image-preview":"max-image-preview:large","max-video-preview":"max-video-preview:-1"},"canonical":"https:\/\/www.caudete.org\/ayuntamiento\/gabriel-ibanez-gimenez-se-alza-con-el-subcampeonato-provincial-de-tenis-de-mesa-y-representara-a-la-provincia-de-albacete-en-el-campeonato-de-castilla-la-mancha\/","og_locale":"es_ES","og_type":"article","og_title":"Gabriel Ib\u00e1\u00f1ez Gim\u00e9nez se alza con el subcampeonato provincial de tenis de mesa y representar\u00e1 a la provincia de Albacete en el Campeonato de Castilla-La Mancha - MI Ayuntamiento de Caudete","og_description":"P\u00e1gina Oficial del Ayuntamiento de Caudete (Albacete)","og_url":"https:\/\/www.caudete.org\/ayuntamiento\/gabriel-ibanez-gimenez-se-alza-con-el-subcampeonato-provincial-de-tenis-de-mesa-y-representara-a-la-provincia-de-albacete-en-el-campeonato-de-castilla-la-mancha\/","og_site_name":"MI Ayuntamiento de Caudete","article_publisher":"https:\/\/www.facebook.com\/ayuntamientocaudete\/","article_published_time":"2026-03-09T12:59:17+00:00","article_modified_time":"2026-03-10T10:52:24+00:00","og_image":[{"width":1000,"height":750,"url":"https:\/\/www.caudete.org\/ayuntamiento\/wp-content\/uploads\/2026\/03\/IMG-20260306-WA0005.jpg","type":"image\/jpeg"}],"author":"informatica2","twitter_card":"summary_large_image","twitter_misc":{"Escrito por":"informatica2","Tiempo de lectura":"2 minutos"},"schema":{"@context":"https:\/\/schema.org","@graph":[{"@type":"Article","@id":"https:\/\/www.caudete.org\/ayuntamiento\/gabriel-ibanez-gimenez-se-alza-con-el-subcampeonato-provincial-de-tenis-de-mesa-y-representara-a-la-provincia-de-albacete-en-el-campeonato-de-castilla-la-mancha\/#article","isPartOf":{"@id":"https:\/\/www.caudete.org\/ayuntamiento\/gabriel-ibanez-gimenez-se-alza-con-el-subcampeonato-provincial-de-tenis-de-mesa-y-representara-a-la-provincia-de-albacete-en-el-campeonato-de-castilla-la-mancha\/"},"author":{"name":"informatica2","@id":"https:\/\/www.caudete.org\/ayuntamiento\/#\/schema\/person\/abfa5ffd5010a14e078c21e6e61b6291"},"headline":"Gabriel Ib\u00e1\u00f1ez Gim\u00e9nez se alza con el subcampeonato provincial de tenis de mesa y representar\u00e1 a la provincia de Albacete en el Campeonato de Castilla-La Mancha","datePublished":"2026-03-09T12:59:17+00:00","dateModified":"2026-03-10T10:52:24+00:00","mainEntityOfPage":{"@id":"https:\/\/www.caudete.org\/ayuntamiento\/gabriel-ibanez-gimenez-se-alza-con-el-subcampeonato-provincial-de-tenis-de-mesa-y-representara-a-la-provincia-de-albacete-en-el-campeonato-de-castilla-la-mancha\/"},"wordCount":361,"image":{"@id":"https:\/\/www.caudete.org\/ayuntamiento\/gabriel-ibanez-gimenez-se-alza-con-el-subcampeonato-provincial-de-tenis-de-mesa-y-representara-a-la-provincia-de-albacete-en-el-campeonato-de-castilla-la-mancha\/#primaryimage"},"thumbnailUrl":"https:\/\/www.caudete.org\/ayuntamiento\/wp-content\/uploads\/2026\/03\/IMG-20260306-WA0005.jpg","articleSection":["Deportes"],"inLanguage":"es"},{"@type":"WebPage","@id":"https:\/\/www.caudete.org\/ayuntamiento\/gabriel-ibanez-gimenez-se-alza-con-el-subcampeonato-provincial-de-tenis-de-mesa-y-representara-a-la-provincia-de-albacete-en-el-campeonato-de-castilla-la-mancha\/","url":"https:\/\/www.caudete.org\/ayuntamiento\/gabriel-ibanez-gimenez-se-alza-con-el-subcampeonato-provincial-de-tenis-de-mesa-y-representara-a-la-provincia-de-albacete-en-el-campeonato-de-castilla-la-mancha\/","name":"Gabriel Ib\u00e1\u00f1ez Gim\u00e9nez se alza con el subcampeonato provincial de tenis de mesa y representar\u00e1 a la provincia de Albacete en el Campeonato de Castilla-La Mancha - MI Ayuntamiento de Caudete","isPartOf":{"@id":"https:\/\/www.caudete.org\/ayuntamiento\/#website"},"primaryImageOfPage":{"@id":"https:\/\/www.caudete.org\/ayuntamiento\/gabriel-ibanez-gimenez-se-alza-con-el-subcampeonato-provincial-de-tenis-de-mesa-y-representara-a-la-provincia-de-albacete-en-el-campeonato-de-castilla-la-mancha\/#primaryimage"},"image":{"@id":"https:\/\/www.caudete.org\/ayuntamiento\/gabriel-ibanez-gimenez-se-alza-con-el-subcampeonato-provincial-de-tenis-de-mesa-y-representara-a-la-provincia-de-albacete-en-el-campeonato-de-castilla-la-mancha\/#primaryimage"},"thumbnailUrl":"https:\/\/www.caudete.org\/ayuntamiento\/wp-content\/uploads\/2026\/03\/IMG-20260306-WA0005.jpg","datePublished":"2026-03-09T12:59:17+00:00","dateModified":"2026-03-10T10:52:24+00:00","author":{"@id":"https:\/\/www.caudete.org\/ayuntamiento\/#\/schema\/person\/abfa5ffd5010a14e078c21e6e61b6291"},"description":"P\u00e1gina Oficial del Ayuntamiento de Caudete (Albacete)","breadcrumb":{"@id":"https:\/\/www.caudete.org\/ayuntamiento\/gabriel-ibanez-gimenez-se-alza-con-el-subcampeonato-provincial-de-tenis-de-mesa-y-representara-a-la-provincia-de-albacete-en-el-campeonato-de-castilla-la-mancha\/#breadcrumb"},"inLanguage":"es","potentialAction":[{"@type":"ReadAction","target":["https:\/\/www.caudete.org\/ayuntamiento\/gabriel-ibanez-gimenez-se-alza-con-el-subcampeonato-provincial-de-tenis-de-mesa-y-representara-a-la-provincia-de-albacete-en-el-campeonato-de-castilla-la-mancha\/"]}]},{"@type":"ImageObject","inLanguage":"es","@id":"https:\/\/www.caudete.org\/ayuntamiento\/gabriel-ibanez-gimenez-se-alza-con-el-subcampeonato-provincial-de-tenis-de-mesa-y-representara-a-la-provincia-de-albacete-en-el-campeonato-de-castilla-la-mancha\/#primaryimage","url":"https:\/\/www.caudete.org\/ayuntamiento\/wp-content\/uploads\/2026\/03\/IMG-20260306-WA0005.jpg","contentUrl":"https:\/\/www.caudete.org\/ayuntamiento\/wp-content\/uploads\/2026\/03\/IMG-20260306-WA0005.jpg","width":1000,"height":750},{"@type":"BreadcrumbList","@id":"https:\/\/www.caudete.org\/ayuntamiento\/gabriel-ibanez-gimenez-se-alza-con-el-subcampeonato-provincial-de-tenis-de-mesa-y-representara-a-la-provincia-de-albacete-en-el-campeonato-de-castilla-la-mancha\/#breadcrumb","itemListElement":[{"@type":"ListItem","position":1,"name":"Inicio","item":"https:\/\/www.caudete.org\/ayuntamiento\/"},{"@type":"ListItem","position":2,"name":"Gabriel Ib\u00e1\u00f1ez Gim\u00e9nez se alza con el subcampeonato provincial de tenis de mesa y representar\u00e1 a la provincia de Albacete en el Campeonato de Castilla-La Mancha"}]},{"@type":"WebSite","@id":"https:\/\/www.caudete.org\/ayuntamiento\/#website","url":"https:\/\/www.caudete.org\/ayuntamiento\/","name":"MI Ayuntamiento de Caudete","description":"P\u00e1gina Oficial del MI Ayuntamiento de Caudete","potentialAction":[{"@type":"SearchAction","target":{"@type":"EntryPoint","urlTemplate":"https:\/\/www.caudete.org\/ayuntamiento\/?s={search_term_string}"},"query-input":{"@type":"PropertyValueSpecification","valueRequired":true,"valueName":"search_term_string"}}],"inLanguage":"es"},{"@type":"Person","@id":"https:\/\/www.caudete.org\/ayuntamiento\/#\/schema\/person\/abfa5ffd5010a14e078c21e6e61b6291","name":"informatica2","image":{"@type":"ImageObject","inLanguage":"es","@id":"https:\/\/secure.gravatar.com\/avatar\/b089890ff033a3e4d03eec00ecb5a14425217205c513f60ec32ebeaaeb5fa700?s=96&d=mm&r=g","url":"https:\/\/secure.gravatar.com\/avatar\/b089890ff033a3e4d03eec00ecb5a14425217205c513f60ec32ebeaaeb5fa700?s=96&d=mm&r=g","contentUrl":"https:\/\/secure.gravatar.com\/avatar\/b089890ff033a3e4d03eec00ecb5a14425217205c513f60ec32ebeaaeb5fa700?s=96&d=mm&r=g","caption":"informatica2"},"url":"https:\/\/www.caudete.org\/ayuntamiento\/author\/informatica2\/"}]}},"_links":{"self":[{"href":"https:\/\/www.caudete.org\/ayuntamiento\/wp-json\/wp\/v2\/posts\/32916","targetHints":{"allow":["GET"]}}],"collection":[{"href":"https:\/\/www.caudete.org\/ayuntamiento\/wp-json\/wp\/v2\/posts"}],"about":[{"href":"https:\/\/www.caudete.org\/ayuntamiento\/wp-json\/wp\/v2\/types\/post"}],"author":[{"embeddable":true,"href":"https:\/\/www.caudete.org\/ayuntamiento\/wp-json\/wp\/v2\/users\/6"}],"replies":[{"embeddable":true,"href":"https:\/\/www.caudete.org\/ayuntamiento\/wp-json\/wp\/v2\/comments?post=32916"}],"version-history":[{"count":3,"href":"https:\/\/www.caudete.org\/ayuntamiento\/wp-json\/wp\/v2\/posts\/32916\/revisions"}],"predecessor-version":[{"id":32950,"href":"https:\/\/www.caudete.org\/ayuntamiento\/wp-json\/wp\/v2\/posts\/32916\/revisions\/32950"}],"wp:featuredmedia":[{"embeddable":true,"href":"https:\/\/www.caudete.org\/ayuntamiento\/wp-json\/wp\/v2\/media\/32917"}],"wp:attachment":[{"href":"https:\/\/www.caudete.org\/ayuntamiento\/wp-json\/wp\/v2\/media?parent=32916"}],"wp:term":[{"taxonomy":"category","embeddable":true,"href":"https:\/\/www.caudete.org\/ayuntamiento\/wp-json\/wp\/v2\/categories?post=32916"},{"taxonomy":"post_tag","embeddable":true,"href":"https:\/\/www.caudete.org\/ayuntamiento\/wp-json\/wp\/v2\/tags?post=32916"}],"curies":[{"name":"wp","href":"https:\/\/api.w.org\/{rel}","templated":true}]}}