{"id":32924,"date":"2026-03-09T14:31:58","date_gmt":"2026-03-09T13:31:58","guid":{"rendered":"https:\/\/www.caudete.org\/ayuntamiento\/?p=32924"},"modified":"2026-03-16T07:59:41","modified_gmt":"2026-03-16T06:59:41","slug":"caudete-retoma-la-carrera-de-orientacion-villa-de-caudete-el-proximo-domingo-15-de-marzo","status":"publish","type":"post","link":"https:\/\/www.caudete.org\/ayuntamiento\/caudete-retoma-la-carrera-de-orientacion-villa-de-caudete-el-proximo-domingo-15-de-marzo\/","title":{"rendered":"Caudete retoma la Carrera de Orientaci\u00f3n \u201cVilla de Caudete\u201d el pr\u00f3ximo domingo 15 de marzo"},"content":{"rendered":"<p>Tras el aplazamiento por inclemencias meteorol\u00f3gicas, el municipio vuelve a citar a los deportistas para retomar el Campeonato de Deporte en Edad Escolar y el Circuito Provincial de Orientaci\u00f3n.<\/p>\n<p>El Ayuntamiento de Caudete, a trav\u00e9s de su Concejal\u00eda de Deportes, confirma que la <strong>Carrera de Orientaci\u00f3n Villa de Caudete<\/strong> se celebrar\u00e1 finalmente el pr\u00f3ximo <strong>domingo 15 de marzo<\/strong>. La prueba, que tuvo que ser suspendida en su fecha original debido a las malas condiciones meteorol\u00f3gicas, mantiene todo su despliegue organizativo de la mano del Club Godih Albacete y el Club Caudete Orientaci\u00f3n.<\/p>\n<p>La competici\u00f3n se desarrollar\u00e1 en la modalidad de <strong>distancia media urbana<\/strong>, utilizando el mapa cartografiado en julio de 2025 por Antonio D\u00edaz Marco. La concejal de Deportes, Pilar Egea, ha querido animar a los inscritos que ya esperaban la prueba:<\/p>\n<p>\u201cLas ganas de ver a los orientadores en nuestras calles se mantienen intactas. Nuestro trazado medieval, con su entramado de calles y los desniveles del noroeste, est\u00e1 listo para poner a prueba la agilidad mental y f\u00edsica de todos los participantes\u201d.<\/p>\n<p>La organizaci\u00f3n recuerda que el <strong>Paseo Luis Golf<\/strong> seguir\u00e1 siendo el centro neur\u00e1lgico de la competici\u00f3n, albergando la meta y la zona de trofeos.<\/p>\n<ul>\n<li><strong>Horarios:<\/strong> La primera salida de corredores se efectuar\u00e1 a las <strong>10:30 horas<\/strong>.<\/li>\n<li><strong>Entrega de premios:<\/strong> Prevista a partir de las <strong>13:30 horas<\/strong>.<\/li>\n<li><strong>Seguridad vial:<\/strong> Al transcurrir por el casco urbano, el tr\u00e1fico permanecer\u00e1 activo. Es obligatorio que todos los participantes respeten estrictamente las normas de circulaci\u00f3n.<\/li>\n<\/ul>\n<p>La carrera mantiene todas sus categor\u00edas, desde las escolares (alev\u00edn, infantil, cadete y juvenil) hasta los niveles absolutos (Naranja, Rojo y Negro). Asimismo, se potencia la categor\u00eda <strong>Familiar\/Amarillo<\/strong>, dise\u00f1ada para que los vecinos y visitantes puedan iniciarse en este deporte de forma l\u00fadica, descubriendo el patrimonio de Caudete mientras localizan las balizas.<\/p>\n<p><a href=\"https:\/\/www.caudete.org\/ayuntamiento\/wp-content\/uploads\/2026\/03\/CARTEL-CARRERA-URBANA-ORIENTACION-15-marzo.jpg\" rel='prettyPhoto'><img fetchpriority=\"high\" decoding=\"async\" class=\"alignnone wp-image-32926 size-full\" src=\"https:\/\/www.caudete.org\/ayuntamiento\/wp-content\/uploads\/2026\/03\/CARTEL-CARRERA-URBANA-ORIENTACION-15-marzo.jpg\" alt=\"\" width=\"1000\" height=\"1415\" srcset=\"https:\/\/www.caudete.org\/ayuntamiento\/wp-content\/uploads\/2026\/03\/CARTEL-CARRERA-URBANA-ORIENTACION-15-marzo.jpg 1000w, https:\/\/www.caudete.org\/ayuntamiento\/wp-content\/uploads\/2026\/03\/CARTEL-CARRERA-URBANA-ORIENTACION-15-marzo-565x800.jpg 565w, https:\/\/www.caudete.org\/ayuntamiento\/wp-content\/uploads\/2026\/03\/CARTEL-CARRERA-URBANA-ORIENTACION-15-marzo-636x900.jpg 636w, https:\/\/www.caudete.org\/ayuntamiento\/wp-content\/uploads\/2026\/03\/CARTEL-CARRERA-URBANA-ORIENTACION-15-marzo-155x220.jpg 155w, https:\/\/www.caudete.org\/ayuntamiento\/wp-content\/uploads\/2026\/03\/CARTEL-CARRERA-URBANA-ORIENTACION-15-marzo-768x1087.jpg 768w\" sizes=\"(max-width: 1000px) 100vw, 1000px\" \/><\/a><\/p>\n","protected":false},"excerpt":{"rendered":"<p>Tras el aplazamiento por inclemencias meteorol\u00f3gicas, el municipio vuelve a citar a los deportistas para retomar el Campeonato de Deporte en Edad Escolar y el Circuito Provincial de Orientaci\u00f3n. El Ayuntamiento de Caudete, a trav\u00e9s de su Concejal\u00eda de Deportes, confirma que la Carrera de Orientaci\u00f3n Villa de Caudete se celebrar\u00e1 finalmente el pr\u00f3ximo domingo &hellip;<\/p>\n","protected":false},"author":6,"featured_media":32925,"comment_status":"closed","ping_status":"open","sticky":false,"template":"","format":"standard","meta":{"ngg_post_thumbnail":0,"footnotes":""},"categories":[23],"tags":[],"class_list":["post-32924","post","type-post","status-publish","format-standard","has-post-thumbnail","hentry","category-deportes"],"yoast_head":"<!-- This site is optimized with the Yoast SEO plugin v27.5 - https:\/\/yoast.com\/product\/yoast-seo-wordpress\/ -->\n<title>Caudete retoma la Carrera de Orientaci\u00f3n \u201cVilla de Caudete\u201d el pr\u00f3ximo domingo 15 de marzo - MI Ayuntamiento de Caudete<\/title>\n<meta name=\"description\" content=\"P\u00e1gina Oficial del Ayuntamiento de Caudete (Albacete)\" \/>\n<meta name=\"robots\" content=\"index, follow, max-snippet:-1, max-image-preview:large, max-video-preview:-1\" \/>\n<link rel=\"canonical\" href=\"https:\/\/www.caudete.org\/ayuntamiento\/caudete-retoma-la-carrera-de-orientacion-villa-de-caudete-el-proximo-domingo-15-de-marzo\/\" \/>\n<meta property=\"og:locale\" content=\"es_ES\" \/>\n<meta property=\"og:type\" content=\"article\" \/>\n<meta property=\"og:title\" content=\"Caudete retoma la Carrera de Orientaci\u00f3n \u201cVilla de Caudete\u201d el pr\u00f3ximo domingo 15 de marzo - MI Ayuntamiento de Caudete\" \/>\n<meta property=\"og:description\" content=\"P\u00e1gina Oficial del Ayuntamiento de Caudete (Albacete)\" \/>\n<meta property=\"og:url\" content=\"https:\/\/www.caudete.org\/ayuntamiento\/caudete-retoma-la-carrera-de-orientacion-villa-de-caudete-el-proximo-domingo-15-de-marzo\/\" \/>\n<meta property=\"og:site_name\" content=\"MI Ayuntamiento de Caudete\" \/>\n<meta property=\"article:publisher\" content=\"https:\/\/www.facebook.com\/ayuntamientocaudete\/\" \/>\n<meta property=\"article:published_time\" content=\"2026-03-09T13:31:58+00:00\" \/>\n<meta property=\"article:modified_time\" content=\"2026-03-16T06:59:41+00:00\" \/>\n<meta property=\"og:image\" content=\"https:\/\/www.caudete.org\/ayuntamiento\/wp-content\/uploads\/2026\/03\/CARTEL-CARRERA-URBANA-ORIENTACION-15-marzo-PORT.jpg\" \/>\n\t<meta property=\"og:image:width\" content=\"1000\" \/>\n\t<meta property=\"og:image:height\" content=\"441\" \/>\n\t<meta property=\"og:image:type\" content=\"image\/jpeg\" \/>\n<meta name=\"author\" content=\"informatica2\" \/>\n<meta name=\"twitter:card\" content=\"summary_large_image\" \/>\n<meta name=\"twitter:label1\" content=\"Escrito por\" \/>\n\t<meta name=\"twitter:data1\" content=\"informatica2\" \/>\n\t<meta name=\"twitter:label2\" content=\"Tiempo de lectura\" \/>\n\t<meta name=\"twitter:data2\" content=\"2 minutos\" \/>\n<script type=\"application\/ld+json\" class=\"yoast-schema-graph\">{\"@context\":\"https:\\\/\\\/schema.org\",\"@graph\":[{\"@type\":\"Article\",\"@id\":\"https:\\\/\\\/www.caudete.org\\\/ayuntamiento\\\/caudete-retoma-la-carrera-de-orientacion-villa-de-caudete-el-proximo-domingo-15-de-marzo\\\/#article\",\"isPartOf\":{\"@id\":\"https:\\\/\\\/www.caudete.org\\\/ayuntamiento\\\/caudete-retoma-la-carrera-de-orientacion-villa-de-caudete-el-proximo-domingo-15-de-marzo\\\/\"},\"author\":{\"name\":\"informatica2\",\"@id\":\"https:\\\/\\\/www.caudete.org\\\/ayuntamiento\\\/#\\\/schema\\\/person\\\/abfa5ffd5010a14e078c21e6e61b6291\"},\"headline\":\"Caudete retoma la Carrera de Orientaci\u00f3n \u201cVilla de Caudete\u201d el pr\u00f3ximo domingo 15 de marzo\",\"datePublished\":\"2026-03-09T13:31:58+00:00\",\"dateModified\":\"2026-03-16T06:59:41+00:00\",\"mainEntityOfPage\":{\"@id\":\"https:\\\/\\\/www.caudete.org\\\/ayuntamiento\\\/caudete-retoma-la-carrera-de-orientacion-villa-de-caudete-el-proximo-domingo-15-de-marzo\\\/\"},\"wordCount\":329,\"image\":{\"@id\":\"https:\\\/\\\/www.caudete.org\\\/ayuntamiento\\\/caudete-retoma-la-carrera-de-orientacion-villa-de-caudete-el-proximo-domingo-15-de-marzo\\\/#primaryimage\"},\"thumbnailUrl\":\"https:\\\/\\\/www.caudete.org\\\/ayuntamiento\\\/wp-content\\\/uploads\\\/2026\\\/03\\\/CARTEL-CARRERA-URBANA-ORIENTACION-15-marzo-PORT.jpg\",\"articleSection\":[\"Deportes\"],\"inLanguage\":\"es\"},{\"@type\":\"WebPage\",\"@id\":\"https:\\\/\\\/www.caudete.org\\\/ayuntamiento\\\/caudete-retoma-la-carrera-de-orientacion-villa-de-caudete-el-proximo-domingo-15-de-marzo\\\/\",\"url\":\"https:\\\/\\\/www.caudete.org\\\/ayuntamiento\\\/caudete-retoma-la-carrera-de-orientacion-villa-de-caudete-el-proximo-domingo-15-de-marzo\\\/\",\"name\":\"Caudete retoma la Carrera de Orientaci\u00f3n \u201cVilla de Caudete\u201d el pr\u00f3ximo domingo 15 de marzo - MI Ayuntamiento de Caudete\",\"isPartOf\":{\"@id\":\"https:\\\/\\\/www.caudete.org\\\/ayuntamiento\\\/#website\"},\"primaryImageOfPage\":{\"@id\":\"https:\\\/\\\/www.caudete.org\\\/ayuntamiento\\\/caudete-retoma-la-carrera-de-orientacion-villa-de-caudete-el-proximo-domingo-15-de-marzo\\\/#primaryimage\"},\"image\":{\"@id\":\"https:\\\/\\\/www.caudete.org\\\/ayuntamiento\\\/caudete-retoma-la-carrera-de-orientacion-villa-de-caudete-el-proximo-domingo-15-de-marzo\\\/#primaryimage\"},\"thumbnailUrl\":\"https:\\\/\\\/www.caudete.org\\\/ayuntamiento\\\/wp-content\\\/uploads\\\/2026\\\/03\\\/CARTEL-CARRERA-URBANA-ORIENTACION-15-marzo-PORT.jpg\",\"datePublished\":\"2026-03-09T13:31:58+00:00\",\"dateModified\":\"2026-03-16T06:59:41+00:00\",\"author\":{\"@id\":\"https:\\\/\\\/www.caudete.org\\\/ayuntamiento\\\/#\\\/schema\\\/person\\\/abfa5ffd5010a14e078c21e6e61b6291\"},\"description\":\"P\u00e1gina Oficial del Ayuntamiento de Caudete (Albacete)\",\"breadcrumb\":{\"@id\":\"https:\\\/\\\/www.caudete.org\\\/ayuntamiento\\\/caudete-retoma-la-carrera-de-orientacion-villa-de-caudete-el-proximo-domingo-15-de-marzo\\\/#breadcrumb\"},\"inLanguage\":\"es\",\"potentialAction\":[{\"@type\":\"ReadAction\",\"target\":[\"https:\\\/\\\/www.caudete.org\\\/ayuntamiento\\\/caudete-retoma-la-carrera-de-orientacion-villa-de-caudete-el-proximo-domingo-15-de-marzo\\\/\"]}]},{\"@type\":\"ImageObject\",\"inLanguage\":\"es\",\"@id\":\"https:\\\/\\\/www.caudete.org\\\/ayuntamiento\\\/caudete-retoma-la-carrera-de-orientacion-villa-de-caudete-el-proximo-domingo-15-de-marzo\\\/#primaryimage\",\"url\":\"https:\\\/\\\/www.caudete.org\\\/ayuntamiento\\\/wp-content\\\/uploads\\\/2026\\\/03\\\/CARTEL-CARRERA-URBANA-ORIENTACION-15-marzo-PORT.jpg\",\"contentUrl\":\"https:\\\/\\\/www.caudete.org\\\/ayuntamiento\\\/wp-content\\\/uploads\\\/2026\\\/03\\\/CARTEL-CARRERA-URBANA-ORIENTACION-15-marzo-PORT.jpg\",\"width\":1000,\"height\":441},{\"@type\":\"BreadcrumbList\",\"@id\":\"https:\\\/\\\/www.caudete.org\\\/ayuntamiento\\\/caudete-retoma-la-carrera-de-orientacion-villa-de-caudete-el-proximo-domingo-15-de-marzo\\\/#breadcrumb\",\"itemListElement\":[{\"@type\":\"ListItem\",\"position\":1,\"name\":\"Inicio\",\"item\":\"https:\\\/\\\/www.caudete.org\\\/ayuntamiento\\\/\"},{\"@type\":\"ListItem\",\"position\":2,\"name\":\"Caudete retoma la Carrera de Orientaci\u00f3n \u201cVilla de Caudete\u201d el pr\u00f3ximo domingo 15 de marzo\"}]},{\"@type\":\"WebSite\",\"@id\":\"https:\\\/\\\/www.caudete.org\\\/ayuntamiento\\\/#website\",\"url\":\"https:\\\/\\\/www.caudete.org\\\/ayuntamiento\\\/\",\"name\":\"MI Ayuntamiento de Caudete\",\"description\":\"P\u00e1gina Oficial del MI Ayuntamiento de Caudete\",\"potentialAction\":[{\"@type\":\"SearchAction\",\"target\":{\"@type\":\"EntryPoint\",\"urlTemplate\":\"https:\\\/\\\/www.caudete.org\\\/ayuntamiento\\\/?s={search_term_string}\"},\"query-input\":{\"@type\":\"PropertyValueSpecification\",\"valueRequired\":true,\"valueName\":\"search_term_string\"}}],\"inLanguage\":\"es\"},{\"@type\":\"Person\",\"@id\":\"https:\\\/\\\/www.caudete.org\\\/ayuntamiento\\\/#\\\/schema\\\/person\\\/abfa5ffd5010a14e078c21e6e61b6291\",\"name\":\"informatica2\",\"image\":{\"@type\":\"ImageObject\",\"inLanguage\":\"es\",\"@id\":\"https:\\\/\\\/secure.gravatar.com\\\/avatar\\\/b089890ff033a3e4d03eec00ecb5a14425217205c513f60ec32ebeaaeb5fa700?s=96&d=mm&r=g\",\"url\":\"https:\\\/\\\/secure.gravatar.com\\\/avatar\\\/b089890ff033a3e4d03eec00ecb5a14425217205c513f60ec32ebeaaeb5fa700?s=96&d=mm&r=g\",\"contentUrl\":\"https:\\\/\\\/secure.gravatar.com\\\/avatar\\\/b089890ff033a3e4d03eec00ecb5a14425217205c513f60ec32ebeaaeb5fa700?s=96&d=mm&r=g\",\"caption\":\"informatica2\"},\"url\":\"https:\\\/\\\/www.caudete.org\\\/ayuntamiento\\\/author\\\/informatica2\\\/\"}]}<\/script>\n<!-- \/ Yoast SEO plugin. -->","yoast_head_json":{"title":"Caudete retoma la Carrera de Orientaci\u00f3n \u201cVilla de Caudete\u201d el pr\u00f3ximo domingo 15 de marzo - MI Ayuntamiento de Caudete","description":"P\u00e1gina Oficial del Ayuntamiento de Caudete (Albacete)","robots":{"index":"index","follow":"follow","max-snippet":"max-snippet:-1","max-image-preview":"max-image-preview:large","max-video-preview":"max-video-preview:-1"},"canonical":"https:\/\/www.caudete.org\/ayuntamiento\/caudete-retoma-la-carrera-de-orientacion-villa-de-caudete-el-proximo-domingo-15-de-marzo\/","og_locale":"es_ES","og_type":"article","og_title":"Caudete retoma la Carrera de Orientaci\u00f3n \u201cVilla de Caudete\u201d el pr\u00f3ximo domingo 15 de marzo - MI Ayuntamiento de Caudete","og_description":"P\u00e1gina Oficial del Ayuntamiento de Caudete (Albacete)","og_url":"https:\/\/www.caudete.org\/ayuntamiento\/caudete-retoma-la-carrera-de-orientacion-villa-de-caudete-el-proximo-domingo-15-de-marzo\/","og_site_name":"MI Ayuntamiento de Caudete","article_publisher":"https:\/\/www.facebook.com\/ayuntamientocaudete\/","article_published_time":"2026-03-09T13:31:58+00:00","article_modified_time":"2026-03-16T06:59:41+00:00","og_image":[{"width":1000,"height":441,"url":"https:\/\/www.caudete.org\/ayuntamiento\/wp-content\/uploads\/2026\/03\/CARTEL-CARRERA-URBANA-ORIENTACION-15-marzo-PORT.jpg","type":"image\/jpeg"}],"author":"informatica2","twitter_card":"summary_large_image","twitter_misc":{"Escrito por":"informatica2","Tiempo de lectura":"2 minutos"},"schema":{"@context":"https:\/\/schema.org","@graph":[{"@type":"Article","@id":"https:\/\/www.caudete.org\/ayuntamiento\/caudete-retoma-la-carrera-de-orientacion-villa-de-caudete-el-proximo-domingo-15-de-marzo\/#article","isPartOf":{"@id":"https:\/\/www.caudete.org\/ayuntamiento\/caudete-retoma-la-carrera-de-orientacion-villa-de-caudete-el-proximo-domingo-15-de-marzo\/"},"author":{"name":"informatica2","@id":"https:\/\/www.caudete.org\/ayuntamiento\/#\/schema\/person\/abfa5ffd5010a14e078c21e6e61b6291"},"headline":"Caudete retoma la Carrera de Orientaci\u00f3n \u201cVilla de Caudete\u201d el pr\u00f3ximo domingo 15 de marzo","datePublished":"2026-03-09T13:31:58+00:00","dateModified":"2026-03-16T06:59:41+00:00","mainEntityOfPage":{"@id":"https:\/\/www.caudete.org\/ayuntamiento\/caudete-retoma-la-carrera-de-orientacion-villa-de-caudete-el-proximo-domingo-15-de-marzo\/"},"wordCount":329,"image":{"@id":"https:\/\/www.caudete.org\/ayuntamiento\/caudete-retoma-la-carrera-de-orientacion-villa-de-caudete-el-proximo-domingo-15-de-marzo\/#primaryimage"},"thumbnailUrl":"https:\/\/www.caudete.org\/ayuntamiento\/wp-content\/uploads\/2026\/03\/CARTEL-CARRERA-URBANA-ORIENTACION-15-marzo-PORT.jpg","articleSection":["Deportes"],"inLanguage":"es"},{"@type":"WebPage","@id":"https:\/\/www.caudete.org\/ayuntamiento\/caudete-retoma-la-carrera-de-orientacion-villa-de-caudete-el-proximo-domingo-15-de-marzo\/","url":"https:\/\/www.caudete.org\/ayuntamiento\/caudete-retoma-la-carrera-de-orientacion-villa-de-caudete-el-proximo-domingo-15-de-marzo\/","name":"Caudete retoma la Carrera de Orientaci\u00f3n \u201cVilla de Caudete\u201d el pr\u00f3ximo domingo 15 de marzo - MI Ayuntamiento de Caudete","isPartOf":{"@id":"https:\/\/www.caudete.org\/ayuntamiento\/#website"},"primaryImageOfPage":{"@id":"https:\/\/www.caudete.org\/ayuntamiento\/caudete-retoma-la-carrera-de-orientacion-villa-de-caudete-el-proximo-domingo-15-de-marzo\/#primaryimage"},"image":{"@id":"https:\/\/www.caudete.org\/ayuntamiento\/caudete-retoma-la-carrera-de-orientacion-villa-de-caudete-el-proximo-domingo-15-de-marzo\/#primaryimage"},"thumbnailUrl":"https:\/\/www.caudete.org\/ayuntamiento\/wp-content\/uploads\/2026\/03\/CARTEL-CARRERA-URBANA-ORIENTACION-15-marzo-PORT.jpg","datePublished":"2026-03-09T13:31:58+00:00","dateModified":"2026-03-16T06:59:41+00:00","author":{"@id":"https:\/\/www.caudete.org\/ayuntamiento\/#\/schema\/person\/abfa5ffd5010a14e078c21e6e61b6291"},"description":"P\u00e1gina Oficial del Ayuntamiento de Caudete (Albacete)","breadcrumb":{"@id":"https:\/\/www.caudete.org\/ayuntamiento\/caudete-retoma-la-carrera-de-orientacion-villa-de-caudete-el-proximo-domingo-15-de-marzo\/#breadcrumb"},"inLanguage":"es","potentialAction":[{"@type":"ReadAction","target":["https:\/\/www.caudete.org\/ayuntamiento\/caudete-retoma-la-carrera-de-orientacion-villa-de-caudete-el-proximo-domingo-15-de-marzo\/"]}]},{"@type":"ImageObject","inLanguage":"es","@id":"https:\/\/www.caudete.org\/ayuntamiento\/caudete-retoma-la-carrera-de-orientacion-villa-de-caudete-el-proximo-domingo-15-de-marzo\/#primaryimage","url":"https:\/\/www.caudete.org\/ayuntamiento\/wp-content\/uploads\/2026\/03\/CARTEL-CARRERA-URBANA-ORIENTACION-15-marzo-PORT.jpg","contentUrl":"https:\/\/www.caudete.org\/ayuntamiento\/wp-content\/uploads\/2026\/03\/CARTEL-CARRERA-URBANA-ORIENTACION-15-marzo-PORT.jpg","width":1000,"height":441},{"@type":"BreadcrumbList","@id":"https:\/\/www.caudete.org\/ayuntamiento\/caudete-retoma-la-carrera-de-orientacion-villa-de-caudete-el-proximo-domingo-15-de-marzo\/#breadcrumb","itemListElement":[{"@type":"ListItem","position":1,"name":"Inicio","item":"https:\/\/www.caudete.org\/ayuntamiento\/"},{"@type":"ListItem","position":2,"name":"Caudete retoma la Carrera de Orientaci\u00f3n \u201cVilla de Caudete\u201d el pr\u00f3ximo domingo 15 de marzo"}]},{"@type":"WebSite","@id":"https:\/\/www.caudete.org\/ayuntamiento\/#website","url":"https:\/\/www.caudete.org\/ayuntamiento\/","name":"MI Ayuntamiento de Caudete","description":"P\u00e1gina Oficial del MI Ayuntamiento de Caudete","potentialAction":[{"@type":"SearchAction","target":{"@type":"EntryPoint","urlTemplate":"https:\/\/www.caudete.org\/ayuntamiento\/?s={search_term_string}"},"query-input":{"@type":"PropertyValueSpecification","valueRequired":true,"valueName":"search_term_string"}}],"inLanguage":"es"},{"@type":"Person","@id":"https:\/\/www.caudete.org\/ayuntamiento\/#\/schema\/person\/abfa5ffd5010a14e078c21e6e61b6291","name":"informatica2","image":{"@type":"ImageObject","inLanguage":"es","@id":"https:\/\/secure.gravatar.com\/avatar\/b089890ff033a3e4d03eec00ecb5a14425217205c513f60ec32ebeaaeb5fa700?s=96&d=mm&r=g","url":"https:\/\/secure.gravatar.com\/avatar\/b089890ff033a3e4d03eec00ecb5a14425217205c513f60ec32ebeaaeb5fa700?s=96&d=mm&r=g","contentUrl":"https:\/\/secure.gravatar.com\/avatar\/b089890ff033a3e4d03eec00ecb5a14425217205c513f60ec32ebeaaeb5fa700?s=96&d=mm&r=g","caption":"informatica2"},"url":"https:\/\/www.caudete.org\/ayuntamiento\/author\/informatica2\/"}]}},"_links":{"self":[{"href":"https:\/\/www.caudete.org\/ayuntamiento\/wp-json\/wp\/v2\/posts\/32924","targetHints":{"allow":["GET"]}}],"collection":[{"href":"https:\/\/www.caudete.org\/ayuntamiento\/wp-json\/wp\/v2\/posts"}],"about":[{"href":"https:\/\/www.caudete.org\/ayuntamiento\/wp-json\/wp\/v2\/types\/post"}],"author":[{"embeddable":true,"href":"https:\/\/www.caudete.org\/ayuntamiento\/wp-json\/wp\/v2\/users\/6"}],"replies":[{"embeddable":true,"href":"https:\/\/www.caudete.org\/ayuntamiento\/wp-json\/wp\/v2\/comments?post=32924"}],"version-history":[{"count":2,"href":"https:\/\/www.caudete.org\/ayuntamiento\/wp-json\/wp\/v2\/posts\/32924\/revisions"}],"predecessor-version":[{"id":32951,"href":"https:\/\/www.caudete.org\/ayuntamiento\/wp-json\/wp\/v2\/posts\/32924\/revisions\/32951"}],"wp:featuredmedia":[{"embeddable":true,"href":"https:\/\/www.caudete.org\/ayuntamiento\/wp-json\/wp\/v2\/media\/32925"}],"wp:attachment":[{"href":"https:\/\/www.caudete.org\/ayuntamiento\/wp-json\/wp\/v2\/media?parent=32924"}],"wp:term":[{"taxonomy":"category","embeddable":true,"href":"https:\/\/www.caudete.org\/ayuntamiento\/wp-json\/wp\/v2\/categories?post=32924"},{"taxonomy":"post_tag","embeddable":true,"href":"https:\/\/www.caudete.org\/ayuntamiento\/wp-json\/wp\/v2\/tags?post=32924"}],"curies":[{"name":"wp","href":"https:\/\/api.w.org\/{rel}","templated":true}]}}