{"id":32952,"date":"2026-03-10T12:33:43","date_gmt":"2026-03-10T11:33:43","guid":{"rendered":"https:\/\/www.caudete.org\/ayuntamiento\/?p=32952"},"modified":"2026-03-10T14:32:34","modified_gmt":"2026-03-10T13:32:34","slug":"comunicado-de-la-concejalia-de-igualdad-m-i-ayuntamiento-de-caudete","status":"publish","type":"post","link":"https:\/\/www.caudete.org\/ayuntamiento\/comunicado-de-la-concejalia-de-igualdad-m-i-ayuntamiento-de-caudete\/","title":{"rendered":"Comunicado de la Concejal\u00eda de Igualdad M.I. Ayuntamiento de Caudete"},"content":{"rendered":"<p style=\"text-align: justify;\" data-start=\"317\" data-end=\"636\">Ante la pol\u00e9mica generada en los \u00faltimos d\u00edas en redes sociales con motivo de una publicaci\u00f3n difundida el pasado 8 de marzo, desde la Concejal\u00eda de Igualdad del Ayuntamiento de Caudete consideramos necesario trasladar a los vecinos una aclaraci\u00f3n serena de los hechos y de la posici\u00f3n institucional del Ayuntamiento.<\/p>\n<ol style=\"text-align: justify;\">\n<li data-start=\"638\" data-end=\"1144\"><strong data-start=\"638\" data-end=\"675\"> Sobre la publicaci\u00f3n difundida<\/strong><br data-start=\"675\" data-end=\"678\">La imagen publicada utilizada en redes sociales personales ten\u00eda un car\u00e1cter sat\u00edrico, es decir, utilizaba el humor o la iron\u00eda en relaci\u00f3n con la actualidad pol\u00edtica, y no hac\u00eda referencia directa a ninguna mujer en concreto ni a ninguna vecina de nuestro municipio, por parte del alcalde.<br data-start=\"924\" data-end=\"927\">No obstante, algunas personas y colectivos interpretaron dicha publicaci\u00f3n como ofensiva, gener\u00e1ndose un debate p\u00fablico en redes sociales y una reacci\u00f3n formal por parte de la asociaci\u00f3n Miradas Violetas de Caudete.<\/li>\n<li data-start=\"1146\" data-end=\"1585\"><strong data-start=\"1146\" data-end=\"1178\"> Rectificaci\u00f3n del alcalde<\/strong><br data-start=\"1178\" data-end=\"1181\">Ante las interpretaciones producidas, el alcalde de Caudete, D. Jos\u00e9 Miguel Moll\u00e1 Nieto, realiz\u00f3 una rectificaci\u00f3n p\u00fablica y pidi\u00f3 disculpas si dicha publicaci\u00f3n pudo resultar ofensiva para algunas personas.<br data-start=\"1398\" data-end=\"1401\">Con esta rectificaci\u00f3n se atendi\u00f3 a la principal petici\u00f3n formulada p\u00fablicamente, que era la solicitud de una disculpa p\u00fablica por parte de la asociaci\u00f3n Miradas Violetas de Caudete.<\/li>\n<li data-start=\"1587\" data-end=\"2022\"><strong data-start=\"1587\" data-end=\"1631\"> Sobre el respeto en el debate p\u00fablico<\/strong><br data-start=\"1631\" data-end=\"1634\">En los d\u00edas posteriores se produjeron numerosos comentarios en redes sociales que, en algunos casos, derivaron en insultos, descalificaciones personales y ataques hacia la figura del alcalde.<br data-start=\"1825\" data-end=\"1828\">Desde esta concejal\u00eda consideramos que el debate p\u00fablico debe desarrollarse siempre desde el respeto, evitando ataques personales que no contribuyen a la convivencia ni al di\u00e1logo democr\u00e1tico.<\/li>\n<li data-start=\"2024\" data-end=\"2134\"><strong data-start=\"2024\" data-end=\"2062\"> Sobre las peticiones planteadas<\/strong><br data-start=\"2062\" data-end=\"2065\">La asociaci\u00f3n Miradas Violetas plante\u00f3 p\u00fablicamente dos exigencias:<\/li>\n<\/ol>\n<ul style=\"text-align: justify;\">\n<li data-start=\"2137\" data-end=\"2177\">Una rectificaci\u00f3n p\u00fablica del alcalde.<\/li>\n<li data-start=\"2180\" data-end=\"2249\">Un compromiso institucional por parte de la Concejal\u00eda de Igualdad.<\/li>\n<\/ul>\n<p style=\"text-align: justify;\" data-start=\"2251\" data-end=\"2286\">En relaci\u00f3n con estas cuestiones:<\/p>\n<ul style=\"text-align: justify;\">\n<li data-start=\"2289\" data-end=\"2383\">La rectificaci\u00f3n p\u00fablica ya se ha producido mediante la disculpa manifestada por el alcalde.<\/li>\n<li data-start=\"2386\" data-end=\"2676\">La Concejal\u00eda de Igualdad reitera su compromiso firme con la promoci\u00f3n de la igualdad real entre hombres y mujeres, siempre desde el respeto a la dignidad de todas las personas y conforme a los principios recogidos en la Constituci\u00f3n Espa\u00f1ola, especialmente en sus art\u00edculos 9.2, 10 y 14.<\/li>\n<\/ul>\n<p style=\"text-align: justify;\" data-start=\"2678\" data-end=\"2907\">Asimismo, conviene recordar que, si un gobierno nacional no puede garantizar ni controlar el comportamiento personal de los cargos p\u00fablicos fuera del \u00e1mbito institucional, menos a\u00fan puede hacerlo una concejal\u00eda de \u00e1mbito local.<\/p>\n<ol style=\"text-align: justify;\" start=\"5\">\n<li data-start=\"2909\" data-end=\"3030\"><strong data-start=\"2909\" data-end=\"2969\"> Un principio claro: la misma vara de medir para todos<\/strong><br data-start=\"2969\" data-end=\"2972\">Desde esta concejal\u00eda queremos dejar una idea muy clara:<\/li>\n<\/ol>\n<ul style=\"text-align: justify;\">\n<li data-start=\"3033\" data-end=\"3184\">El respeto hacia las mujeres debe exigirse siempre y a todos por igual, independientemente de su ideolog\u00eda o del partido pol\u00edtico al que pertenezcan.<\/li>\n<li data-start=\"3187\" data-end=\"3317\">La defensa de la dignidad de las mujeres no puede utilizarse como herramienta de confrontaci\u00f3n pol\u00edtica ni de crispaci\u00f3n social.<\/li>\n<\/ul>\n<p style=\"text-align: justify;\" data-start=\"3319\" data-end=\"3596\">Actualmente, los representantes municipales del PSOE han acusado al alcalde Jos\u00e9 Miguel Moll\u00e1 Nieto de \u201cmachismo\u201d en sus redes sociales y, como grupo municipal, solicitar\u00e1n su reprobaci\u00f3n en el pr\u00f3ximo pleno. De nuevo se observa c\u00f3mo se utiliza a la mujer como arma pol\u00edtica.<\/p>\n<p style=\"text-align: justify;\" data-start=\"3598\" data-end=\"3889\">Considero, como Concejal de Igualdad, que cuando se producen disculpas p\u00fablicas corresponde a la responsabilidad colectiva de los representantes y cargos p\u00fablicos saber aceptarlas y contribuir a rebajar la tensi\u00f3n social, evitando prolongar debates que solo generan divisi\u00f3n entre vecinos.<\/p>\n<p style=\"text-align: justify;\" data-start=\"3893\" data-end=\"4131\">\u201cDesde esta Concejal\u00eda respetamos todas las opiniones, pero consideramos que algunas cr\u00edticas recientes buscan m\u00e1s confrontaci\u00f3n que contribuir al di\u00e1logo por la igualdad.\u201d<br data-start=\"4065\" data-end=\"4068\">\u201cBasta ya de utilizar a las mujeres con fines partidistas.\u201d<\/p>\n<ol start=\"6\">\n<li style=\"text-align: justify;\" data-start=\"4133\" data-end=\"4606\"><strong data-start=\"4133\" data-end=\"4164\"> Compromiso institucional<\/strong><br data-start=\"4164\" data-end=\"4167\">Desde el Ayuntamiento de Caudete reafirmamos nuestro compromiso con las pol\u00edticas de igualdad y con el respeto institucional hacia mujeres y hombres por igual.<br data-start=\"4326\" data-end=\"4329\">Nuestro objetivo es seguir trabajando en pol\u00edticas que mejoren la vida real de las mujeres, que es lo que el ciudadano demanda, prestando especial atenci\u00f3n a cuestiones como la conciliaci\u00f3n, las oportunidades laborales, el apoyo a las familias y la igualdad de oportunidades.<\/li>\n<\/ol>\n<p data-start=\"4608\" data-end=\"4682\"><img decoding=\"async\" class=\"alignleft wp-image-27864 \" src=\"https:\/\/www.caudete.org\/ayuntamiento\/wp-content\/uploads\/2025\/03\/Foto-Maria-Martinez-Garcia.jpg\" alt=\"\" width=\"131\" height=\"187\" srcset=\"https:\/\/www.caudete.org\/ayuntamiento\/wp-content\/uploads\/2025\/03\/Foto-Maria-Martinez-Garcia.jpg 350w, https:\/\/www.caudete.org\/ayuntamiento\/wp-content\/uploads\/2025\/03\/Foto-Maria-Martinez-Garcia-280x400.jpg 280w\" sizes=\"(max-width: 131px) 100vw, 131px\" \/><\/p>\n<p data-start=\"4608\" data-end=\"4682\"><strong>Mar\u00eda Mart\u00ednez Garc\u00eda<\/strong><br data-start=\"4629\" data-end=\"4632\">Concejal\u00eda de Igualdad<br data-start=\"4654\" data-end=\"4657\">Ayuntamiento de Caudete<\/p>\n<p data-start=\"4608\" data-end=\"4682\">&nbsp;<\/p>\n","protected":false},"excerpt":{"rendered":"<p>Ante la pol\u00e9mica generada en los \u00faltimos d\u00edas en redes sociales con motivo de una publicaci\u00f3n difundida el pasado 8 de marzo, desde la Concejal\u00eda de Igualdad del Ayuntamiento de Caudete consideramos necesario trasladar a los vecinos una aclaraci\u00f3n serena de los hechos y de la posici\u00f3n institucional del Ayuntamiento. Sobre la publicaci\u00f3n difundidaLa imagen &hellip;<\/p>\n","protected":false},"author":6,"featured_media":23089,"comment_status":"closed","ping_status":"open","sticky":false,"template":"","format":"standard","meta":{"ngg_post_thumbnail":0,"footnotes":""},"categories":[522],"tags":[],"class_list":["post-32952","post","type-post","status-publish","format-standard","has-post-thumbnail","hentry","category-igualdad"],"yoast_head":"<!-- This site is optimized with the Yoast SEO plugin v27.4 - https:\/\/yoast.com\/product\/yoast-seo-wordpress\/ -->\n<title>Comunicado de la Concejal\u00eda de Igualdad M.I. Ayuntamiento de Caudete - MI Ayuntamiento de Caudete<\/title>\n<meta name=\"description\" content=\"P\u00e1gina Oficial del Ayuntamiento de Caudete (Albacete)\" \/>\n<meta name=\"robots\" content=\"index, follow, max-snippet:-1, max-image-preview:large, max-video-preview:-1\" \/>\n<link rel=\"canonical\" href=\"https:\/\/www.caudete.org\/ayuntamiento\/comunicado-de-la-concejalia-de-igualdad-m-i-ayuntamiento-de-caudete\/\" \/>\n<meta property=\"og:locale\" content=\"es_ES\" \/>\n<meta property=\"og:type\" content=\"article\" \/>\n<meta property=\"og:title\" content=\"Comunicado de la Concejal\u00eda de Igualdad M.I. Ayuntamiento de Caudete - MI Ayuntamiento de Caudete\" \/>\n<meta property=\"og:description\" content=\"P\u00e1gina Oficial del Ayuntamiento de Caudete (Albacete)\" \/>\n<meta property=\"og:url\" content=\"https:\/\/www.caudete.org\/ayuntamiento\/comunicado-de-la-concejalia-de-igualdad-m-i-ayuntamiento-de-caudete\/\" \/>\n<meta property=\"og:site_name\" content=\"MI Ayuntamiento de Caudete\" \/>\n<meta property=\"article:publisher\" content=\"https:\/\/www.facebook.com\/ayuntamientocaudete\/\" \/>\n<meta property=\"article:published_time\" content=\"2026-03-10T11:33:43+00:00\" \/>\n<meta property=\"article:modified_time\" content=\"2026-03-10T13:32:34+00:00\" \/>\n<meta property=\"og:image\" content=\"https:\/\/www.caudete.org\/ayuntamiento\/wp-content\/uploads\/2023\/08\/ayuntamiento_2020_caudete_digital.jpg\" \/>\n\t<meta property=\"og:image:width\" content=\"700\" \/>\n\t<meta property=\"og:image:height\" content=\"344\" \/>\n\t<meta property=\"og:image:type\" content=\"image\/jpeg\" \/>\n<meta name=\"author\" content=\"informatica2\" \/>\n<meta name=\"twitter:card\" content=\"summary_large_image\" \/>\n<meta name=\"twitter:label1\" content=\"Escrito por\" \/>\n\t<meta name=\"twitter:data1\" content=\"informatica2\" \/>\n\t<meta name=\"twitter:label2\" content=\"Tiempo de lectura\" \/>\n\t<meta name=\"twitter:data2\" content=\"4 minutos\" \/>\n<script type=\"application\/ld+json\" class=\"yoast-schema-graph\">{\"@context\":\"https:\\\/\\\/schema.org\",\"@graph\":[{\"@type\":\"Article\",\"@id\":\"https:\\\/\\\/www.caudete.org\\\/ayuntamiento\\\/comunicado-de-la-concejalia-de-igualdad-m-i-ayuntamiento-de-caudete\\\/#article\",\"isPartOf\":{\"@id\":\"https:\\\/\\\/www.caudete.org\\\/ayuntamiento\\\/comunicado-de-la-concejalia-de-igualdad-m-i-ayuntamiento-de-caudete\\\/\"},\"author\":{\"name\":\"informatica2\",\"@id\":\"https:\\\/\\\/www.caudete.org\\\/ayuntamiento\\\/#\\\/schema\\\/person\\\/abfa5ffd5010a14e078c21e6e61b6291\"},\"headline\":\"Comunicado de la Concejal\u00eda de Igualdad M.I. Ayuntamiento de Caudete\",\"datePublished\":\"2026-03-10T11:33:43+00:00\",\"dateModified\":\"2026-03-10T13:32:34+00:00\",\"mainEntityOfPage\":{\"@id\":\"https:\\\/\\\/www.caudete.org\\\/ayuntamiento\\\/comunicado-de-la-concejalia-de-igualdad-m-i-ayuntamiento-de-caudete\\\/\"},\"wordCount\":724,\"publisher\":{\"@id\":\"https:\\\/\\\/www.caudete.org\\\/ayuntamiento\\\/#organization\"},\"image\":{\"@id\":\"https:\\\/\\\/www.caudete.org\\\/ayuntamiento\\\/comunicado-de-la-concejalia-de-igualdad-m-i-ayuntamiento-de-caudete\\\/#primaryimage\"},\"thumbnailUrl\":\"https:\\\/\\\/www.caudete.org\\\/ayuntamiento\\\/wp-content\\\/uploads\\\/2023\\\/08\\\/ayuntamiento_2020_caudete_digital.jpg\",\"articleSection\":[\"Igualdad\"],\"inLanguage\":\"es\"},{\"@type\":\"WebPage\",\"@id\":\"https:\\\/\\\/www.caudete.org\\\/ayuntamiento\\\/comunicado-de-la-concejalia-de-igualdad-m-i-ayuntamiento-de-caudete\\\/\",\"url\":\"https:\\\/\\\/www.caudete.org\\\/ayuntamiento\\\/comunicado-de-la-concejalia-de-igualdad-m-i-ayuntamiento-de-caudete\\\/\",\"name\":\"Comunicado de la Concejal\u00eda de Igualdad M.I. Ayuntamiento de Caudete - MI Ayuntamiento de Caudete\",\"isPartOf\":{\"@id\":\"https:\\\/\\\/www.caudete.org\\\/ayuntamiento\\\/#website\"},\"primaryImageOfPage\":{\"@id\":\"https:\\\/\\\/www.caudete.org\\\/ayuntamiento\\\/comunicado-de-la-concejalia-de-igualdad-m-i-ayuntamiento-de-caudete\\\/#primaryimage\"},\"image\":{\"@id\":\"https:\\\/\\\/www.caudete.org\\\/ayuntamiento\\\/comunicado-de-la-concejalia-de-igualdad-m-i-ayuntamiento-de-caudete\\\/#primaryimage\"},\"thumbnailUrl\":\"https:\\\/\\\/www.caudete.org\\\/ayuntamiento\\\/wp-content\\\/uploads\\\/2023\\\/08\\\/ayuntamiento_2020_caudete_digital.jpg\",\"datePublished\":\"2026-03-10T11:33:43+00:00\",\"dateModified\":\"2026-03-10T13:32:34+00:00\",\"description\":\"P\u00e1gina Oficial del Ayuntamiento de Caudete (Albacete)\",\"breadcrumb\":{\"@id\":\"https:\\\/\\\/www.caudete.org\\\/ayuntamiento\\\/comunicado-de-la-concejalia-de-igualdad-m-i-ayuntamiento-de-caudete\\\/#breadcrumb\"},\"inLanguage\":\"es\",\"potentialAction\":[{\"@type\":\"ReadAction\",\"target\":[\"https:\\\/\\\/www.caudete.org\\\/ayuntamiento\\\/comunicado-de-la-concejalia-de-igualdad-m-i-ayuntamiento-de-caudete\\\/\"]}]},{\"@type\":\"ImageObject\",\"inLanguage\":\"es\",\"@id\":\"https:\\\/\\\/www.caudete.org\\\/ayuntamiento\\\/comunicado-de-la-concejalia-de-igualdad-m-i-ayuntamiento-de-caudete\\\/#primaryimage\",\"url\":\"https:\\\/\\\/www.caudete.org\\\/ayuntamiento\\\/wp-content\\\/uploads\\\/2023\\\/08\\\/ayuntamiento_2020_caudete_digital.jpg\",\"contentUrl\":\"https:\\\/\\\/www.caudete.org\\\/ayuntamiento\\\/wp-content\\\/uploads\\\/2023\\\/08\\\/ayuntamiento_2020_caudete_digital.jpg\",\"width\":700,\"height\":344},{\"@type\":\"BreadcrumbList\",\"@id\":\"https:\\\/\\\/www.caudete.org\\\/ayuntamiento\\\/comunicado-de-la-concejalia-de-igualdad-m-i-ayuntamiento-de-caudete\\\/#breadcrumb\",\"itemListElement\":[{\"@type\":\"ListItem\",\"position\":1,\"name\":\"Inicio\",\"item\":\"https:\\\/\\\/www.caudete.org\\\/ayuntamiento\\\/\"},{\"@type\":\"ListItem\",\"position\":2,\"name\":\"Comunicado de la Concejal\u00eda de Igualdad M.I. Ayuntamiento de Caudete\"}]},{\"@type\":\"WebSite\",\"@id\":\"https:\\\/\\\/www.caudete.org\\\/ayuntamiento\\\/#website\",\"url\":\"https:\\\/\\\/www.caudete.org\\\/ayuntamiento\\\/\",\"name\":\"MI Ayuntamiento de Caudete\",\"description\":\"P\u00e1gina Oficial del MI Ayuntamiento de Caudete\",\"publisher\":{\"@id\":\"https:\\\/\\\/www.caudete.org\\\/ayuntamiento\\\/#organization\"},\"potentialAction\":[{\"@type\":\"SearchAction\",\"target\":{\"@type\":\"EntryPoint\",\"urlTemplate\":\"https:\\\/\\\/www.caudete.org\\\/ayuntamiento\\\/?s={search_term_string}\"},\"query-input\":{\"@type\":\"PropertyValueSpecification\",\"valueRequired\":true,\"valueName\":\"search_term_string\"}}],\"inLanguage\":\"es\"},{\"@type\":\"Organization\",\"@id\":\"https:\\\/\\\/www.caudete.org\\\/ayuntamiento\\\/#organization\",\"name\":\"Ayuntamiento de Caudete\",\"url\":\"https:\\\/\\\/www.caudete.org\\\/ayuntamiento\\\/\",\"logo\":{\"@type\":\"ImageObject\",\"inLanguage\":\"es\",\"@id\":\"https:\\\/\\\/www.caudete.org\\\/ayuntamiento\\\/#\\\/schema\\\/logo\\\/image\\\/\",\"url\":\"https:\\\/\\\/www.caudete.org\\\/ayuntamiento\\\/wp-content\\\/uploads\\\/2020\\\/11\\\/logo_ayuntamiento_caudete.jpg\",\"contentUrl\":\"https:\\\/\\\/www.caudete.org\\\/ayuntamiento\\\/wp-content\\\/uploads\\\/2020\\\/11\\\/logo_ayuntamiento_caudete.jpg\",\"width\":600,\"height\":150,\"caption\":\"Ayuntamiento de Caudete\"},\"image\":{\"@id\":\"https:\\\/\\\/www.caudete.org\\\/ayuntamiento\\\/#\\\/schema\\\/logo\\\/image\\\/\"},\"sameAs\":[\"https:\\\/\\\/www.facebook.com\\\/ayuntamientocaudete\\\/\",\"https:\\\/\\\/www.youtube.com\\\/channel\\\/UC6VztHaooNsGpw-tNoBEFnQ\"]},{\"@type\":\"Person\",\"@id\":\"https:\\\/\\\/www.caudete.org\\\/ayuntamiento\\\/#\\\/schema\\\/person\\\/abfa5ffd5010a14e078c21e6e61b6291\",\"name\":\"informatica2\",\"image\":{\"@type\":\"ImageObject\",\"inLanguage\":\"es\",\"@id\":\"https:\\\/\\\/secure.gravatar.com\\\/avatar\\\/b089890ff033a3e4d03eec00ecb5a14425217205c513f60ec32ebeaaeb5fa700?s=96&d=mm&r=g\",\"url\":\"https:\\\/\\\/secure.gravatar.com\\\/avatar\\\/b089890ff033a3e4d03eec00ecb5a14425217205c513f60ec32ebeaaeb5fa700?s=96&d=mm&r=g\",\"contentUrl\":\"https:\\\/\\\/secure.gravatar.com\\\/avatar\\\/b089890ff033a3e4d03eec00ecb5a14425217205c513f60ec32ebeaaeb5fa700?s=96&d=mm&r=g\",\"caption\":\"informatica2\"},\"url\":\"https:\\\/\\\/www.caudete.org\\\/ayuntamiento\\\/author\\\/informatica2\\\/\"}]}<\/script>\n<!-- \/ Yoast SEO plugin. -->","yoast_head_json":{"title":"Comunicado de la Concejal\u00eda de Igualdad M.I. Ayuntamiento de Caudete - MI Ayuntamiento de Caudete","description":"P\u00e1gina Oficial del Ayuntamiento de Caudete (Albacete)","robots":{"index":"index","follow":"follow","max-snippet":"max-snippet:-1","max-image-preview":"max-image-preview:large","max-video-preview":"max-video-preview:-1"},"canonical":"https:\/\/www.caudete.org\/ayuntamiento\/comunicado-de-la-concejalia-de-igualdad-m-i-ayuntamiento-de-caudete\/","og_locale":"es_ES","og_type":"article","og_title":"Comunicado de la Concejal\u00eda de Igualdad M.I. Ayuntamiento de Caudete - MI Ayuntamiento de Caudete","og_description":"P\u00e1gina Oficial del Ayuntamiento de Caudete (Albacete)","og_url":"https:\/\/www.caudete.org\/ayuntamiento\/comunicado-de-la-concejalia-de-igualdad-m-i-ayuntamiento-de-caudete\/","og_site_name":"MI Ayuntamiento de Caudete","article_publisher":"https:\/\/www.facebook.com\/ayuntamientocaudete\/","article_published_time":"2026-03-10T11:33:43+00:00","article_modified_time":"2026-03-10T13:32:34+00:00","og_image":[{"width":700,"height":344,"url":"https:\/\/www.caudete.org\/ayuntamiento\/wp-content\/uploads\/2023\/08\/ayuntamiento_2020_caudete_digital.jpg","type":"image\/jpeg"}],"author":"informatica2","twitter_card":"summary_large_image","twitter_misc":{"Escrito por":"informatica2","Tiempo de lectura":"4 minutos"},"schema":{"@context":"https:\/\/schema.org","@graph":[{"@type":"Article","@id":"https:\/\/www.caudete.org\/ayuntamiento\/comunicado-de-la-concejalia-de-igualdad-m-i-ayuntamiento-de-caudete\/#article","isPartOf":{"@id":"https:\/\/www.caudete.org\/ayuntamiento\/comunicado-de-la-concejalia-de-igualdad-m-i-ayuntamiento-de-caudete\/"},"author":{"name":"informatica2","@id":"https:\/\/www.caudete.org\/ayuntamiento\/#\/schema\/person\/abfa5ffd5010a14e078c21e6e61b6291"},"headline":"Comunicado de la Concejal\u00eda de Igualdad M.I. Ayuntamiento de Caudete","datePublished":"2026-03-10T11:33:43+00:00","dateModified":"2026-03-10T13:32:34+00:00","mainEntityOfPage":{"@id":"https:\/\/www.caudete.org\/ayuntamiento\/comunicado-de-la-concejalia-de-igualdad-m-i-ayuntamiento-de-caudete\/"},"wordCount":724,"publisher":{"@id":"https:\/\/www.caudete.org\/ayuntamiento\/#organization"},"image":{"@id":"https:\/\/www.caudete.org\/ayuntamiento\/comunicado-de-la-concejalia-de-igualdad-m-i-ayuntamiento-de-caudete\/#primaryimage"},"thumbnailUrl":"https:\/\/www.caudete.org\/ayuntamiento\/wp-content\/uploads\/2023\/08\/ayuntamiento_2020_caudete_digital.jpg","articleSection":["Igualdad"],"inLanguage":"es"},{"@type":"WebPage","@id":"https:\/\/www.caudete.org\/ayuntamiento\/comunicado-de-la-concejalia-de-igualdad-m-i-ayuntamiento-de-caudete\/","url":"https:\/\/www.caudete.org\/ayuntamiento\/comunicado-de-la-concejalia-de-igualdad-m-i-ayuntamiento-de-caudete\/","name":"Comunicado de la Concejal\u00eda de Igualdad M.I. Ayuntamiento de Caudete - MI Ayuntamiento de Caudete","isPartOf":{"@id":"https:\/\/www.caudete.org\/ayuntamiento\/#website"},"primaryImageOfPage":{"@id":"https:\/\/www.caudete.org\/ayuntamiento\/comunicado-de-la-concejalia-de-igualdad-m-i-ayuntamiento-de-caudete\/#primaryimage"},"image":{"@id":"https:\/\/www.caudete.org\/ayuntamiento\/comunicado-de-la-concejalia-de-igualdad-m-i-ayuntamiento-de-caudete\/#primaryimage"},"thumbnailUrl":"https:\/\/www.caudete.org\/ayuntamiento\/wp-content\/uploads\/2023\/08\/ayuntamiento_2020_caudete_digital.jpg","datePublished":"2026-03-10T11:33:43+00:00","dateModified":"2026-03-10T13:32:34+00:00","description":"P\u00e1gina Oficial del Ayuntamiento de Caudete (Albacete)","breadcrumb":{"@id":"https:\/\/www.caudete.org\/ayuntamiento\/comunicado-de-la-concejalia-de-igualdad-m-i-ayuntamiento-de-caudete\/#breadcrumb"},"inLanguage":"es","potentialAction":[{"@type":"ReadAction","target":["https:\/\/www.caudete.org\/ayuntamiento\/comunicado-de-la-concejalia-de-igualdad-m-i-ayuntamiento-de-caudete\/"]}]},{"@type":"ImageObject","inLanguage":"es","@id":"https:\/\/www.caudete.org\/ayuntamiento\/comunicado-de-la-concejalia-de-igualdad-m-i-ayuntamiento-de-caudete\/#primaryimage","url":"https:\/\/www.caudete.org\/ayuntamiento\/wp-content\/uploads\/2023\/08\/ayuntamiento_2020_caudete_digital.jpg","contentUrl":"https:\/\/www.caudete.org\/ayuntamiento\/wp-content\/uploads\/2023\/08\/ayuntamiento_2020_caudete_digital.jpg","width":700,"height":344},{"@type":"BreadcrumbList","@id":"https:\/\/www.caudete.org\/ayuntamiento\/comunicado-de-la-concejalia-de-igualdad-m-i-ayuntamiento-de-caudete\/#breadcrumb","itemListElement":[{"@type":"ListItem","position":1,"name":"Inicio","item":"https:\/\/www.caudete.org\/ayuntamiento\/"},{"@type":"ListItem","position":2,"name":"Comunicado de la Concejal\u00eda de Igualdad M.I. Ayuntamiento de Caudete"}]},{"@type":"WebSite","@id":"https:\/\/www.caudete.org\/ayuntamiento\/#website","url":"https:\/\/www.caudete.org\/ayuntamiento\/","name":"MI Ayuntamiento de Caudete","description":"P\u00e1gina Oficial del MI Ayuntamiento de Caudete","publisher":{"@id":"https:\/\/www.caudete.org\/ayuntamiento\/#organization"},"potentialAction":[{"@type":"SearchAction","target":{"@type":"EntryPoint","urlTemplate":"https:\/\/www.caudete.org\/ayuntamiento\/?s={search_term_string}"},"query-input":{"@type":"PropertyValueSpecification","valueRequired":true,"valueName":"search_term_string"}}],"inLanguage":"es"},{"@type":"Organization","@id":"https:\/\/www.caudete.org\/ayuntamiento\/#organization","name":"Ayuntamiento de Caudete","url":"https:\/\/www.caudete.org\/ayuntamiento\/","logo":{"@type":"ImageObject","inLanguage":"es","@id":"https:\/\/www.caudete.org\/ayuntamiento\/#\/schema\/logo\/image\/","url":"https:\/\/www.caudete.org\/ayuntamiento\/wp-content\/uploads\/2020\/11\/logo_ayuntamiento_caudete.jpg","contentUrl":"https:\/\/www.caudete.org\/ayuntamiento\/wp-content\/uploads\/2020\/11\/logo_ayuntamiento_caudete.jpg","width":600,"height":150,"caption":"Ayuntamiento de Caudete"},"image":{"@id":"https:\/\/www.caudete.org\/ayuntamiento\/#\/schema\/logo\/image\/"},"sameAs":["https:\/\/www.facebook.com\/ayuntamientocaudete\/","https:\/\/www.youtube.com\/channel\/UC6VztHaooNsGpw-tNoBEFnQ"]},{"@type":"Person","@id":"https:\/\/www.caudete.org\/ayuntamiento\/#\/schema\/person\/abfa5ffd5010a14e078c21e6e61b6291","name":"informatica2","image":{"@type":"ImageObject","inLanguage":"es","@id":"https:\/\/secure.gravatar.com\/avatar\/b089890ff033a3e4d03eec00ecb5a14425217205c513f60ec32ebeaaeb5fa700?s=96&d=mm&r=g","url":"https:\/\/secure.gravatar.com\/avatar\/b089890ff033a3e4d03eec00ecb5a14425217205c513f60ec32ebeaaeb5fa700?s=96&d=mm&r=g","contentUrl":"https:\/\/secure.gravatar.com\/avatar\/b089890ff033a3e4d03eec00ecb5a14425217205c513f60ec32ebeaaeb5fa700?s=96&d=mm&r=g","caption":"informatica2"},"url":"https:\/\/www.caudete.org\/ayuntamiento\/author\/informatica2\/"}]}},"_links":{"self":[{"href":"https:\/\/www.caudete.org\/ayuntamiento\/wp-json\/wp\/v2\/posts\/32952","targetHints":{"allow":["GET"]}}],"collection":[{"href":"https:\/\/www.caudete.org\/ayuntamiento\/wp-json\/wp\/v2\/posts"}],"about":[{"href":"https:\/\/www.caudete.org\/ayuntamiento\/wp-json\/wp\/v2\/types\/post"}],"author":[{"embeddable":true,"href":"https:\/\/www.caudete.org\/ayuntamiento\/wp-json\/wp\/v2\/users\/6"}],"replies":[{"embeddable":true,"href":"https:\/\/www.caudete.org\/ayuntamiento\/wp-json\/wp\/v2\/comments?post=32952"}],"version-history":[{"count":4,"href":"https:\/\/www.caudete.org\/ayuntamiento\/wp-json\/wp\/v2\/posts\/32952\/revisions"}],"predecessor-version":[{"id":32956,"href":"https:\/\/www.caudete.org\/ayuntamiento\/wp-json\/wp\/v2\/posts\/32952\/revisions\/32956"}],"wp:featuredmedia":[{"embeddable":true,"href":"https:\/\/www.caudete.org\/ayuntamiento\/wp-json\/wp\/v2\/media\/23089"}],"wp:attachment":[{"href":"https:\/\/www.caudete.org\/ayuntamiento\/wp-json\/wp\/v2\/media?parent=32952"}],"wp:term":[{"taxonomy":"category","embeddable":true,"href":"https:\/\/www.caudete.org\/ayuntamiento\/wp-json\/wp\/v2\/categories?post=32952"},{"taxonomy":"post_tag","embeddable":true,"href":"https:\/\/www.caudete.org\/ayuntamiento\/wp-json\/wp\/v2\/tags?post=32952"}],"curies":[{"name":"wp","href":"https:\/\/api.w.org\/{rel}","templated":true}]}}