{"id":32957,"date":"2026-03-10T13:59:19","date_gmt":"2026-03-10T12:59:19","guid":{"rendered":"https:\/\/www.caudete.org\/ayuntamiento\/?p=32957"},"modified":"2026-03-13T15:11:26","modified_gmt":"2026-03-13T14:11:26","slug":"activa-talento-clm-una-iniciativa-para-impulsar-la-insercion-laboral-de-los-jovenes","status":"publish","type":"post","link":"https:\/\/www.caudete.org\/ayuntamiento\/activa-talento-clm-una-iniciativa-para-impulsar-la-insercion-laboral-de-los-jovenes\/","title":{"rendered":"Activa Talento CLM, una iniciativa para impulsar la inserci\u00f3n laboral de los j\u00f3venes"},"content":{"rendered":"<div class=\"elementToProof\" style=\"text-align: justify;\">\n<p>La Concejal\u00eda de Promoci\u00f3n y Desarrollo Econ\u00f3mico informa, sobre el programa&nbsp;<strong>Activa Talento CLM<\/strong>, una iniciativa impulsada por la Fundaci\u00f3n General de la Universidad de Castilla-La Mancha y financiada por el Fondo Social Europeo, cuyo objetivo es&nbsp;<strong>impulsar la inserci\u00f3n laboral de los j\u00f3venes y facilitar su acceso al mercado laboral<\/strong>.<\/p>\n<p>El programa ofrece&nbsp;<strong>orientaci\u00f3n profesional personalizada, desarrollo de competencias profesionales (a cargo de Enrique Fuentes), formaci\u00f3n en habilidades digitales y formaci\u00f3n en idiomas<\/strong>, as\u00ed como&nbsp;<strong>contacto directo con empresas y participaci\u00f3n en actividades de networking<\/strong>, con el fin de acercar a los j\u00f3venes a oportunidades reales de empleo.<\/p>\n<p>Uno de los aspectos destacados del programa es la&nbsp;<strong>formaci\u00f3n en ingl\u00e9s orientada a mejorar el nivel hasta B2 o C1<\/strong>, una competencia cada vez m\u00e1s demandada por las empresas y que puede marcar una diferencia importante en la empleabilidad de los participantes.<\/p>\n<p>Adem\u00e1s,&nbsp;<strong>gran parte de la formaci\u00f3n se desarrolla en modalidad online<\/strong>, lo que facilita la participaci\u00f3n de j\u00f3venes de toda la regi\u00f3n. Para las&nbsp;<strong>sesiones presenciales<\/strong>, el programa contempla&nbsp;<strong>becas de desplazamiento para apoyar a los participantes<\/strong>.<\/p>\n<p>Est\u00e1 dirigido a&nbsp;<strong>j\u00f3venes menores de 30 a\u00f1os, titulados en Grado Universitario o Formaci\u00f3n Profesional de Grado Superior, inscritos en el Sistema Nacional de Garant\u00eda Juvenil y residentes en Castilla-La Mancha<\/strong>.<\/p>\n<p>Pod\u00e9is encontrar m\u00e1s informaci\u00f3n e inscribirse en el siguiente enlace:<br \/>\n<a id=\"OWA28165600-9efc-b604-1a45-f71f63d7214d\" class=\"OWAAutoLink moz-txt-link-freetext\" title=\"https:\/\/activatalentoclm.es\/formulario\/\" href=\"https:\/\/activatalentoclm.es\/formulario\/\" data-linkindex=\"0\" data-auth=\"NotApplicable\" target=\"_blank\" rel=\"nofollow\">https:\/\/activatalentoclm.es\/formulario\/<\/a><\/p>\n<\/div>\n<div>\n<p><a href=\"https:\/\/www.uclm.es\/es\/global\/promotores\/facultades-y-escuelas\/toledo\/to-juridicas\/novedades\/-\/media\/49DCB36ED86E49C6AE29B8D673C7A709.ashx\" target=\"_blank\" rel=\"nofollow\">Diptico programa ACTIVA TALENTO CLM<\/a><\/p>\n<\/div>\n<p style=\"text-align: justify;\"><a href=\"https:\/\/www.caudete.org\/ayuntamiento\/wp-content\/uploads\/2026\/03\/DIPTICO-ACTIVA-TALENTO-FUNDACION-UCLM-1.jpg\" rel='prettyPhoto'><img fetchpriority=\"high\" decoding=\"async\" class=\"alignnone wp-image-32962 size-full\" src=\"https:\/\/www.caudete.org\/ayuntamiento\/wp-content\/uploads\/2026\/03\/DIPTICO-ACTIVA-TALENTO-FUNDACION-UCLM-1.jpg\" alt=\"\" width=\"1000\" height=\"500\" srcset=\"https:\/\/www.caudete.org\/ayuntamiento\/wp-content\/uploads\/2026\/03\/DIPTICO-ACTIVA-TALENTO-FUNDACION-UCLM-1.jpg 1000w, https:\/\/www.caudete.org\/ayuntamiento\/wp-content\/uploads\/2026\/03\/DIPTICO-ACTIVA-TALENTO-FUNDACION-UCLM-1-350x175.jpg 350w, https:\/\/www.caudete.org\/ayuntamiento\/wp-content\/uploads\/2026\/03\/DIPTICO-ACTIVA-TALENTO-FUNDACION-UCLM-1-768x384.jpg 768w\" sizes=\"(max-width: 1000px) 100vw, 1000px\" \/><\/a><a href=\"https:\/\/www.caudete.org\/ayuntamiento\/wp-content\/uploads\/2026\/03\/DIPTICO-ACTIVA-TALENTO-FUNDACION-UCLM-2.jpg\" rel='prettyPhoto'><img decoding=\"async\" class=\"alignnone wp-image-32961 size-full\" src=\"https:\/\/www.caudete.org\/ayuntamiento\/wp-content\/uploads\/2026\/03\/DIPTICO-ACTIVA-TALENTO-FUNDACION-UCLM-2.jpg\" alt=\"\" width=\"1000\" height=\"500\" srcset=\"https:\/\/www.caudete.org\/ayuntamiento\/wp-content\/uploads\/2026\/03\/DIPTICO-ACTIVA-TALENTO-FUNDACION-UCLM-2.jpg 1000w, https:\/\/www.caudete.org\/ayuntamiento\/wp-content\/uploads\/2026\/03\/DIPTICO-ACTIVA-TALENTO-FUNDACION-UCLM-2-350x175.jpg 350w, https:\/\/www.caudete.org\/ayuntamiento\/wp-content\/uploads\/2026\/03\/DIPTICO-ACTIVA-TALENTO-FUNDACION-UCLM-2-768x384.jpg 768w\" sizes=\"(max-width: 1000px) 100vw, 1000px\" \/><\/a><\/p>\n<p>&nbsp;<\/p>\n","protected":false},"excerpt":{"rendered":"<p>La Concejal\u00eda de Promoci\u00f3n y Desarrollo Econ\u00f3mico informa, sobre el programa&nbsp;Activa Talento CLM, una iniciativa impulsada por la Fundaci\u00f3n General de la Universidad de Castilla-La Mancha y financiada por el Fondo Social Europeo, cuyo objetivo es&nbsp;impulsar la inserci\u00f3n laboral de los j\u00f3venes y facilitar su acceso al mercado laboral. El programa ofrece&nbsp;orientaci\u00f3n profesional personalizada, desarrollo &hellip;<\/p>\n","protected":false},"author":6,"featured_media":32963,"comment_status":"closed","ping_status":"open","sticky":false,"template":"","format":"standard","meta":{"ngg_post_thumbnail":0,"footnotes":""},"categories":[90],"tags":[],"class_list":["post-32957","post","type-post","status-publish","format-standard","has-post-thumbnail","hentry","category-tablon-informativo-desarrollo-local"],"yoast_head":"<!-- This site is optimized with the Yoast SEO plugin v27.4 - https:\/\/yoast.com\/product\/yoast-seo-wordpress\/ -->\n<title>Activa Talento CLM, una iniciativa para impulsar la inserci\u00f3n laboral de los j\u00f3venes - MI Ayuntamiento de Caudete<\/title>\n<meta name=\"description\" content=\"P\u00e1gina Oficial del Ayuntamiento de Caudete (Albacete)\" \/>\n<meta name=\"robots\" content=\"index, follow, max-snippet:-1, max-image-preview:large, max-video-preview:-1\" \/>\n<link rel=\"canonical\" href=\"https:\/\/www.caudete.org\/ayuntamiento\/activa-talento-clm-una-iniciativa-para-impulsar-la-insercion-laboral-de-los-jovenes\/\" \/>\n<meta property=\"og:locale\" content=\"es_ES\" \/>\n<meta property=\"og:type\" content=\"article\" \/>\n<meta property=\"og:title\" content=\"Activa Talento CLM, una iniciativa para impulsar la inserci\u00f3n laboral de los j\u00f3venes - MI Ayuntamiento de Caudete\" \/>\n<meta property=\"og:description\" content=\"P\u00e1gina Oficial del Ayuntamiento de Caudete (Albacete)\" \/>\n<meta property=\"og:url\" content=\"https:\/\/www.caudete.org\/ayuntamiento\/activa-talento-clm-una-iniciativa-para-impulsar-la-insercion-laboral-de-los-jovenes\/\" \/>\n<meta property=\"og:site_name\" content=\"MI Ayuntamiento de Caudete\" \/>\n<meta property=\"article:publisher\" content=\"https:\/\/www.facebook.com\/ayuntamientocaudete\/\" \/>\n<meta property=\"article:published_time\" content=\"2026-03-10T12:59:19+00:00\" \/>\n<meta property=\"article:modified_time\" content=\"2026-03-13T14:11:26+00:00\" \/>\n<meta property=\"og:image\" content=\"https:\/\/www.caudete.org\/ayuntamiento\/wp-content\/uploads\/2026\/03\/CARTEL-A3-PORT-e1773235050405.jpg\" \/>\n\t<meta property=\"og:image:width\" content=\"968\" \/>\n\t<meta property=\"og:image:height\" content=\"416\" \/>\n\t<meta property=\"og:image:type\" content=\"image\/jpeg\" \/>\n<meta name=\"author\" content=\"informatica2\" \/>\n<meta name=\"twitter:card\" content=\"summary_large_image\" \/>\n<meta name=\"twitter:label1\" content=\"Escrito por\" \/>\n\t<meta name=\"twitter:data1\" content=\"informatica2\" \/>\n\t<meta name=\"twitter:label2\" content=\"Tiempo de lectura\" \/>\n\t<meta name=\"twitter:data2\" content=\"2 minutos\" \/>\n<script type=\"application\/ld+json\" class=\"yoast-schema-graph\">{\"@context\":\"https:\\\/\\\/schema.org\",\"@graph\":[{\"@type\":\"Article\",\"@id\":\"https:\\\/\\\/www.caudete.org\\\/ayuntamiento\\\/activa-talento-clm-una-iniciativa-para-impulsar-la-insercion-laboral-de-los-jovenes\\\/#article\",\"isPartOf\":{\"@id\":\"https:\\\/\\\/www.caudete.org\\\/ayuntamiento\\\/activa-talento-clm-una-iniciativa-para-impulsar-la-insercion-laboral-de-los-jovenes\\\/\"},\"author\":{\"name\":\"informatica2\",\"@id\":\"https:\\\/\\\/www.caudete.org\\\/ayuntamiento\\\/#\\\/schema\\\/person\\\/abfa5ffd5010a14e078c21e6e61b6291\"},\"headline\":\"Activa Talento CLM, una iniciativa para impulsar la inserci\u00f3n laboral de los j\u00f3venes\",\"datePublished\":\"2026-03-10T12:59:19+00:00\",\"dateModified\":\"2026-03-13T14:11:26+00:00\",\"mainEntityOfPage\":{\"@id\":\"https:\\\/\\\/www.caudete.org\\\/ayuntamiento\\\/activa-talento-clm-una-iniciativa-para-impulsar-la-insercion-laboral-de-los-jovenes\\\/\"},\"wordCount\":279,\"publisher\":{\"@id\":\"https:\\\/\\\/www.caudete.org\\\/ayuntamiento\\\/#organization\"},\"image\":{\"@id\":\"https:\\\/\\\/www.caudete.org\\\/ayuntamiento\\\/activa-talento-clm-una-iniciativa-para-impulsar-la-insercion-laboral-de-los-jovenes\\\/#primaryimage\"},\"thumbnailUrl\":\"https:\\\/\\\/www.caudete.org\\\/ayuntamiento\\\/wp-content\\\/uploads\\\/2026\\\/03\\\/CARTEL-A3-PORT-e1773235050405.jpg\",\"articleSection\":[\"Tabl\u00f3n informativo (Desarrollo local)\"],\"inLanguage\":\"es\"},{\"@type\":\"WebPage\",\"@id\":\"https:\\\/\\\/www.caudete.org\\\/ayuntamiento\\\/activa-talento-clm-una-iniciativa-para-impulsar-la-insercion-laboral-de-los-jovenes\\\/\",\"url\":\"https:\\\/\\\/www.caudete.org\\\/ayuntamiento\\\/activa-talento-clm-una-iniciativa-para-impulsar-la-insercion-laboral-de-los-jovenes\\\/\",\"name\":\"Activa Talento CLM, una iniciativa para impulsar la inserci\u00f3n laboral de los j\u00f3venes - MI Ayuntamiento de Caudete\",\"isPartOf\":{\"@id\":\"https:\\\/\\\/www.caudete.org\\\/ayuntamiento\\\/#website\"},\"primaryImageOfPage\":{\"@id\":\"https:\\\/\\\/www.caudete.org\\\/ayuntamiento\\\/activa-talento-clm-una-iniciativa-para-impulsar-la-insercion-laboral-de-los-jovenes\\\/#primaryimage\"},\"image\":{\"@id\":\"https:\\\/\\\/www.caudete.org\\\/ayuntamiento\\\/activa-talento-clm-una-iniciativa-para-impulsar-la-insercion-laboral-de-los-jovenes\\\/#primaryimage\"},\"thumbnailUrl\":\"https:\\\/\\\/www.caudete.org\\\/ayuntamiento\\\/wp-content\\\/uploads\\\/2026\\\/03\\\/CARTEL-A3-PORT-e1773235050405.jpg\",\"datePublished\":\"2026-03-10T12:59:19+00:00\",\"dateModified\":\"2026-03-13T14:11:26+00:00\",\"description\":\"P\u00e1gina Oficial del Ayuntamiento de Caudete (Albacete)\",\"breadcrumb\":{\"@id\":\"https:\\\/\\\/www.caudete.org\\\/ayuntamiento\\\/activa-talento-clm-una-iniciativa-para-impulsar-la-insercion-laboral-de-los-jovenes\\\/#breadcrumb\"},\"inLanguage\":\"es\",\"potentialAction\":[{\"@type\":\"ReadAction\",\"target\":[\"https:\\\/\\\/www.caudete.org\\\/ayuntamiento\\\/activa-talento-clm-una-iniciativa-para-impulsar-la-insercion-laboral-de-los-jovenes\\\/\"]}]},{\"@type\":\"ImageObject\",\"inLanguage\":\"es\",\"@id\":\"https:\\\/\\\/www.caudete.org\\\/ayuntamiento\\\/activa-talento-clm-una-iniciativa-para-impulsar-la-insercion-laboral-de-los-jovenes\\\/#primaryimage\",\"url\":\"https:\\\/\\\/www.caudete.org\\\/ayuntamiento\\\/wp-content\\\/uploads\\\/2026\\\/03\\\/CARTEL-A3-PORT-e1773235050405.jpg\",\"contentUrl\":\"https:\\\/\\\/www.caudete.org\\\/ayuntamiento\\\/wp-content\\\/uploads\\\/2026\\\/03\\\/CARTEL-A3-PORT-e1773235050405.jpg\",\"width\":968,\"height\":416},{\"@type\":\"BreadcrumbList\",\"@id\":\"https:\\\/\\\/www.caudete.org\\\/ayuntamiento\\\/activa-talento-clm-una-iniciativa-para-impulsar-la-insercion-laboral-de-los-jovenes\\\/#breadcrumb\",\"itemListElement\":[{\"@type\":\"ListItem\",\"position\":1,\"name\":\"Inicio\",\"item\":\"https:\\\/\\\/www.caudete.org\\\/ayuntamiento\\\/\"},{\"@type\":\"ListItem\",\"position\":2,\"name\":\"Activa Talento CLM, una iniciativa para impulsar la inserci\u00f3n laboral de los j\u00f3venes\"}]},{\"@type\":\"WebSite\",\"@id\":\"https:\\\/\\\/www.caudete.org\\\/ayuntamiento\\\/#website\",\"url\":\"https:\\\/\\\/www.caudete.org\\\/ayuntamiento\\\/\",\"name\":\"MI Ayuntamiento de Caudete\",\"description\":\"P\u00e1gina Oficial del MI Ayuntamiento de Caudete\",\"publisher\":{\"@id\":\"https:\\\/\\\/www.caudete.org\\\/ayuntamiento\\\/#organization\"},\"potentialAction\":[{\"@type\":\"SearchAction\",\"target\":{\"@type\":\"EntryPoint\",\"urlTemplate\":\"https:\\\/\\\/www.caudete.org\\\/ayuntamiento\\\/?s={search_term_string}\"},\"query-input\":{\"@type\":\"PropertyValueSpecification\",\"valueRequired\":true,\"valueName\":\"search_term_string\"}}],\"inLanguage\":\"es\"},{\"@type\":\"Organization\",\"@id\":\"https:\\\/\\\/www.caudete.org\\\/ayuntamiento\\\/#organization\",\"name\":\"Ayuntamiento de Caudete\",\"url\":\"https:\\\/\\\/www.caudete.org\\\/ayuntamiento\\\/\",\"logo\":{\"@type\":\"ImageObject\",\"inLanguage\":\"es\",\"@id\":\"https:\\\/\\\/www.caudete.org\\\/ayuntamiento\\\/#\\\/schema\\\/logo\\\/image\\\/\",\"url\":\"https:\\\/\\\/www.caudete.org\\\/ayuntamiento\\\/wp-content\\\/uploads\\\/2020\\\/11\\\/logo_ayuntamiento_caudete.jpg\",\"contentUrl\":\"https:\\\/\\\/www.caudete.org\\\/ayuntamiento\\\/wp-content\\\/uploads\\\/2020\\\/11\\\/logo_ayuntamiento_caudete.jpg\",\"width\":600,\"height\":150,\"caption\":\"Ayuntamiento de Caudete\"},\"image\":{\"@id\":\"https:\\\/\\\/www.caudete.org\\\/ayuntamiento\\\/#\\\/schema\\\/logo\\\/image\\\/\"},\"sameAs\":[\"https:\\\/\\\/www.facebook.com\\\/ayuntamientocaudete\\\/\",\"https:\\\/\\\/www.youtube.com\\\/channel\\\/UC6VztHaooNsGpw-tNoBEFnQ\"]},{\"@type\":\"Person\",\"@id\":\"https:\\\/\\\/www.caudete.org\\\/ayuntamiento\\\/#\\\/schema\\\/person\\\/abfa5ffd5010a14e078c21e6e61b6291\",\"name\":\"informatica2\",\"image\":{\"@type\":\"ImageObject\",\"inLanguage\":\"es\",\"@id\":\"https:\\\/\\\/secure.gravatar.com\\\/avatar\\\/b089890ff033a3e4d03eec00ecb5a14425217205c513f60ec32ebeaaeb5fa700?s=96&d=mm&r=g\",\"url\":\"https:\\\/\\\/secure.gravatar.com\\\/avatar\\\/b089890ff033a3e4d03eec00ecb5a14425217205c513f60ec32ebeaaeb5fa700?s=96&d=mm&r=g\",\"contentUrl\":\"https:\\\/\\\/secure.gravatar.com\\\/avatar\\\/b089890ff033a3e4d03eec00ecb5a14425217205c513f60ec32ebeaaeb5fa700?s=96&d=mm&r=g\",\"caption\":\"informatica2\"},\"url\":\"https:\\\/\\\/www.caudete.org\\\/ayuntamiento\\\/author\\\/informatica2\\\/\"}]}<\/script>\n<!-- \/ Yoast SEO plugin. -->","yoast_head_json":{"title":"Activa Talento CLM, una iniciativa para impulsar la inserci\u00f3n laboral de los j\u00f3venes - MI Ayuntamiento de Caudete","description":"P\u00e1gina Oficial del Ayuntamiento de Caudete (Albacete)","robots":{"index":"index","follow":"follow","max-snippet":"max-snippet:-1","max-image-preview":"max-image-preview:large","max-video-preview":"max-video-preview:-1"},"canonical":"https:\/\/www.caudete.org\/ayuntamiento\/activa-talento-clm-una-iniciativa-para-impulsar-la-insercion-laboral-de-los-jovenes\/","og_locale":"es_ES","og_type":"article","og_title":"Activa Talento CLM, una iniciativa para impulsar la inserci\u00f3n laboral de los j\u00f3venes - MI Ayuntamiento de Caudete","og_description":"P\u00e1gina Oficial del Ayuntamiento de Caudete (Albacete)","og_url":"https:\/\/www.caudete.org\/ayuntamiento\/activa-talento-clm-una-iniciativa-para-impulsar-la-insercion-laboral-de-los-jovenes\/","og_site_name":"MI Ayuntamiento de Caudete","article_publisher":"https:\/\/www.facebook.com\/ayuntamientocaudete\/","article_published_time":"2026-03-10T12:59:19+00:00","article_modified_time":"2026-03-13T14:11:26+00:00","og_image":[{"width":968,"height":416,"url":"https:\/\/www.caudete.org\/ayuntamiento\/wp-content\/uploads\/2026\/03\/CARTEL-A3-PORT-e1773235050405.jpg","type":"image\/jpeg"}],"author":"informatica2","twitter_card":"summary_large_image","twitter_misc":{"Escrito por":"informatica2","Tiempo de lectura":"2 minutos"},"schema":{"@context":"https:\/\/schema.org","@graph":[{"@type":"Article","@id":"https:\/\/www.caudete.org\/ayuntamiento\/activa-talento-clm-una-iniciativa-para-impulsar-la-insercion-laboral-de-los-jovenes\/#article","isPartOf":{"@id":"https:\/\/www.caudete.org\/ayuntamiento\/activa-talento-clm-una-iniciativa-para-impulsar-la-insercion-laboral-de-los-jovenes\/"},"author":{"name":"informatica2","@id":"https:\/\/www.caudete.org\/ayuntamiento\/#\/schema\/person\/abfa5ffd5010a14e078c21e6e61b6291"},"headline":"Activa Talento CLM, una iniciativa para impulsar la inserci\u00f3n laboral de los j\u00f3venes","datePublished":"2026-03-10T12:59:19+00:00","dateModified":"2026-03-13T14:11:26+00:00","mainEntityOfPage":{"@id":"https:\/\/www.caudete.org\/ayuntamiento\/activa-talento-clm-una-iniciativa-para-impulsar-la-insercion-laboral-de-los-jovenes\/"},"wordCount":279,"publisher":{"@id":"https:\/\/www.caudete.org\/ayuntamiento\/#organization"},"image":{"@id":"https:\/\/www.caudete.org\/ayuntamiento\/activa-talento-clm-una-iniciativa-para-impulsar-la-insercion-laboral-de-los-jovenes\/#primaryimage"},"thumbnailUrl":"https:\/\/www.caudete.org\/ayuntamiento\/wp-content\/uploads\/2026\/03\/CARTEL-A3-PORT-e1773235050405.jpg","articleSection":["Tabl\u00f3n informativo (Desarrollo local)"],"inLanguage":"es"},{"@type":"WebPage","@id":"https:\/\/www.caudete.org\/ayuntamiento\/activa-talento-clm-una-iniciativa-para-impulsar-la-insercion-laboral-de-los-jovenes\/","url":"https:\/\/www.caudete.org\/ayuntamiento\/activa-talento-clm-una-iniciativa-para-impulsar-la-insercion-laboral-de-los-jovenes\/","name":"Activa Talento CLM, una iniciativa para impulsar la inserci\u00f3n laboral de los j\u00f3venes - MI Ayuntamiento de Caudete","isPartOf":{"@id":"https:\/\/www.caudete.org\/ayuntamiento\/#website"},"primaryImageOfPage":{"@id":"https:\/\/www.caudete.org\/ayuntamiento\/activa-talento-clm-una-iniciativa-para-impulsar-la-insercion-laboral-de-los-jovenes\/#primaryimage"},"image":{"@id":"https:\/\/www.caudete.org\/ayuntamiento\/activa-talento-clm-una-iniciativa-para-impulsar-la-insercion-laboral-de-los-jovenes\/#primaryimage"},"thumbnailUrl":"https:\/\/www.caudete.org\/ayuntamiento\/wp-content\/uploads\/2026\/03\/CARTEL-A3-PORT-e1773235050405.jpg","datePublished":"2026-03-10T12:59:19+00:00","dateModified":"2026-03-13T14:11:26+00:00","description":"P\u00e1gina Oficial del Ayuntamiento de Caudete (Albacete)","breadcrumb":{"@id":"https:\/\/www.caudete.org\/ayuntamiento\/activa-talento-clm-una-iniciativa-para-impulsar-la-insercion-laboral-de-los-jovenes\/#breadcrumb"},"inLanguage":"es","potentialAction":[{"@type":"ReadAction","target":["https:\/\/www.caudete.org\/ayuntamiento\/activa-talento-clm-una-iniciativa-para-impulsar-la-insercion-laboral-de-los-jovenes\/"]}]},{"@type":"ImageObject","inLanguage":"es","@id":"https:\/\/www.caudete.org\/ayuntamiento\/activa-talento-clm-una-iniciativa-para-impulsar-la-insercion-laboral-de-los-jovenes\/#primaryimage","url":"https:\/\/www.caudete.org\/ayuntamiento\/wp-content\/uploads\/2026\/03\/CARTEL-A3-PORT-e1773235050405.jpg","contentUrl":"https:\/\/www.caudete.org\/ayuntamiento\/wp-content\/uploads\/2026\/03\/CARTEL-A3-PORT-e1773235050405.jpg","width":968,"height":416},{"@type":"BreadcrumbList","@id":"https:\/\/www.caudete.org\/ayuntamiento\/activa-talento-clm-una-iniciativa-para-impulsar-la-insercion-laboral-de-los-jovenes\/#breadcrumb","itemListElement":[{"@type":"ListItem","position":1,"name":"Inicio","item":"https:\/\/www.caudete.org\/ayuntamiento\/"},{"@type":"ListItem","position":2,"name":"Activa Talento CLM, una iniciativa para impulsar la inserci\u00f3n laboral de los j\u00f3venes"}]},{"@type":"WebSite","@id":"https:\/\/www.caudete.org\/ayuntamiento\/#website","url":"https:\/\/www.caudete.org\/ayuntamiento\/","name":"MI Ayuntamiento de Caudete","description":"P\u00e1gina Oficial del MI Ayuntamiento de Caudete","publisher":{"@id":"https:\/\/www.caudete.org\/ayuntamiento\/#organization"},"potentialAction":[{"@type":"SearchAction","target":{"@type":"EntryPoint","urlTemplate":"https:\/\/www.caudete.org\/ayuntamiento\/?s={search_term_string}"},"query-input":{"@type":"PropertyValueSpecification","valueRequired":true,"valueName":"search_term_string"}}],"inLanguage":"es"},{"@type":"Organization","@id":"https:\/\/www.caudete.org\/ayuntamiento\/#organization","name":"Ayuntamiento de Caudete","url":"https:\/\/www.caudete.org\/ayuntamiento\/","logo":{"@type":"ImageObject","inLanguage":"es","@id":"https:\/\/www.caudete.org\/ayuntamiento\/#\/schema\/logo\/image\/","url":"https:\/\/www.caudete.org\/ayuntamiento\/wp-content\/uploads\/2020\/11\/logo_ayuntamiento_caudete.jpg","contentUrl":"https:\/\/www.caudete.org\/ayuntamiento\/wp-content\/uploads\/2020\/11\/logo_ayuntamiento_caudete.jpg","width":600,"height":150,"caption":"Ayuntamiento de Caudete"},"image":{"@id":"https:\/\/www.caudete.org\/ayuntamiento\/#\/schema\/logo\/image\/"},"sameAs":["https:\/\/www.facebook.com\/ayuntamientocaudete\/","https:\/\/www.youtube.com\/channel\/UC6VztHaooNsGpw-tNoBEFnQ"]},{"@type":"Person","@id":"https:\/\/www.caudete.org\/ayuntamiento\/#\/schema\/person\/abfa5ffd5010a14e078c21e6e61b6291","name":"informatica2","image":{"@type":"ImageObject","inLanguage":"es","@id":"https:\/\/secure.gravatar.com\/avatar\/b089890ff033a3e4d03eec00ecb5a14425217205c513f60ec32ebeaaeb5fa700?s=96&d=mm&r=g","url":"https:\/\/secure.gravatar.com\/avatar\/b089890ff033a3e4d03eec00ecb5a14425217205c513f60ec32ebeaaeb5fa700?s=96&d=mm&r=g","contentUrl":"https:\/\/secure.gravatar.com\/avatar\/b089890ff033a3e4d03eec00ecb5a14425217205c513f60ec32ebeaaeb5fa700?s=96&d=mm&r=g","caption":"informatica2"},"url":"https:\/\/www.caudete.org\/ayuntamiento\/author\/informatica2\/"}]}},"_links":{"self":[{"href":"https:\/\/www.caudete.org\/ayuntamiento\/wp-json\/wp\/v2\/posts\/32957","targetHints":{"allow":["GET"]}}],"collection":[{"href":"https:\/\/www.caudete.org\/ayuntamiento\/wp-json\/wp\/v2\/posts"}],"about":[{"href":"https:\/\/www.caudete.org\/ayuntamiento\/wp-json\/wp\/v2\/types\/post"}],"author":[{"embeddable":true,"href":"https:\/\/www.caudete.org\/ayuntamiento\/wp-json\/wp\/v2\/users\/6"}],"replies":[{"embeddable":true,"href":"https:\/\/www.caudete.org\/ayuntamiento\/wp-json\/wp\/v2\/comments?post=32957"}],"version-history":[{"count":4,"href":"https:\/\/www.caudete.org\/ayuntamiento\/wp-json\/wp\/v2\/posts\/32957\/revisions"}],"predecessor-version":[{"id":32991,"href":"https:\/\/www.caudete.org\/ayuntamiento\/wp-json\/wp\/v2\/posts\/32957\/revisions\/32991"}],"wp:featuredmedia":[{"embeddable":true,"href":"https:\/\/www.caudete.org\/ayuntamiento\/wp-json\/wp\/v2\/media\/32963"}],"wp:attachment":[{"href":"https:\/\/www.caudete.org\/ayuntamiento\/wp-json\/wp\/v2\/media?parent=32957"}],"wp:term":[{"taxonomy":"category","embeddable":true,"href":"https:\/\/www.caudete.org\/ayuntamiento\/wp-json\/wp\/v2\/categories?post=32957"},{"taxonomy":"post_tag","embeddable":true,"href":"https:\/\/www.caudete.org\/ayuntamiento\/wp-json\/wp\/v2\/tags?post=32957"}],"curies":[{"name":"wp","href":"https:\/\/api.w.org\/{rel}","templated":true}]}}