{"id":32968,"date":"2026-03-12T10:32:14","date_gmt":"2026-03-12T09:32:14","guid":{"rendered":"https:\/\/www.caudete.org\/ayuntamiento\/?p=32968"},"modified":"2026-03-26T09:06:40","modified_gmt":"2026-03-26T08:06:40","slug":"caudete-potencia-su-atractivo-natural-con-una-jornada-de-multiaventura-en-la-sierra-de-santa-barbara","status":"publish","type":"post","link":"https:\/\/www.caudete.org\/ayuntamiento\/caudete-potencia-su-atractivo-natural-con-una-jornada-de-multiaventura-en-la-sierra-de-santa-barbara\/","title":{"rendered":"Caudete potencia su atractivo natural con una jornada de Multiaventura en la Sierra de Santa B\u00e1rbara"},"content":{"rendered":"<p style=\"text-align: justify;\" align=\"justify\"><span style=\"font-family: georgia, palatino, serif; font-size: 12pt;\">Las Concejal\u00edas de Turismo y Deportes, organizan este evento el 28 de marzo para consolidar el municipio como referente del turismo de aventura activo.<\/span><\/p>\n<p style=\"text-align: justify;\" align=\"justify\"><span style=\"font-family: georgia, palatino, serif; font-size: 12pt;\">El M.I. Ayuntamiento de Caudete, a trav\u00e9s de su Concejal\u00eda de Turismo con su edil Diego Cuenca Olivares y Deportes con su edil Pilar Egea Serrano , presentan la jornada \u201c<b>Turismo Multiaventura\u201d<\/b>, que se desarrollar\u00e1 el pr\u00f3ximo <b>28 de marzo<\/b> en el entorno de la <b>Sierra de Santa B\u00e1rbara<\/b>. Esta iniciativa, coorganizada con el <b>Centro Excursionista de Caudete<\/b> y la empresa <b>Akawi<\/b>, nace con el objetivo de promocionar Caudete como un destino clave para el turismo de aventura activo.<\/span><\/p>\n<p style=\"text-align: justify;\" align=\"justify\"><span style=\"font-family: georgia, palatino, serif;\"><span style=\"font-size: medium;\"><span style=\"font-size: 12pt;\">Esta jornada no es solo un evento deportivo, sino una apuesta estrat\u00e9gica de la <b>Concejal\u00eda de Turismo del M.I. Ayuntamiento de Caudete<\/b> por diversificar la oferta tur\u00edstica del municipio. Al potenciar el <b>turismo activo y de aventura<\/b>, la localidad no solo atrae a un perfil de visitante din\u00e1mico y respetuoso con el entorno, sino que tambi\u00e9n pone en valor la riqueza paisaj\u00edstica de la Sierra de Santa B\u00e1rbara como un activo econ\u00f3mico y social de primer orden.<\/span> <\/span><\/span><\/p>\n<h2><span style=\"font-size: 14pt;\">Escalada y V\u00eda Ferrata: Ubicaciones y Modalidades<\/span><\/h2>\n<p style=\"text-align: justify;\" align=\"justify\"><span style=\"font-family: georgia, palatino, serif; font-size: 12pt;\">Para optimizar la experiencia y seguridad de los participantes, la organizaci\u00f3n ha distribuido las zonas de actividad de la siguiente manera:<\/span><\/p>\n<ul style=\"text-align: justify;\">\n<li>\n<p align=\"justify\"><span style=\"font-family: georgia, palatino, serif; font-size: 12pt;\"><b>Escalada de Iniciaci\u00f3n:<\/b> Se llevar\u00e1 a cabo en la zona de <b>La Cantera<\/b>, un espacio ideal para los primeros contactos con la roca. A partir de 6 a\u00f1os.<\/span><\/p>\n<\/li>\n<\/ul>\n<p style=\"text-align: justify;\" align=\"justify\"><span style=\"font-family: georgia, palatino, serif; font-size: 12pt;\"><b>Inscripci\u00f3n<\/b> : <a href=\"https:\/\/forms.gle\/qTyFE1Jw1mqX1TrZ8\" target=\"_blank\" rel=\"nofollow\">https:\/\/forms.gle\/qTyFE1Jw1mqX1TrZ8<\/a><\/span><\/p>\n<ul style=\"text-align: justify;\">\n<li>\n<p align=\"justify\"><span style=\"font-family: georgia, palatino, serif; font-size: 12pt;\"><b>Escalada Libre (Profesionales Federados):<\/b> Tendr\u00e1 lugar en el sector de <b>Los Almendros<\/b>.<\/span><\/p>\n<\/li>\n<\/ul>\n<p style=\"text-align: justify;\" align=\"justify\"><span style=\"font-family: georgia, palatino, serif; font-size: 12pt;\"><b>Inscripci\u00f3n<\/b>: <a href=\"https:\/\/forms.gle\/syGSVqT1nz1aR1PP9\" target=\"_blank\" rel=\"nofollow\">https:\/\/forms.gle\/syGSVqT1nz1aR1PP9<\/a><\/span><\/p>\n<ul style=\"text-align: justify;\">\n<li>\n<p align=\"justify\"><span style=\"font-family: georgia, palatino, serif; font-size: 12pt;\"><b>V\u00eda Ferrata (Akawi):<\/b> Contar\u00e1 con turnos de iniciaci\u00f3n guiada y acceso libre para deportistas federados. A partir de 10 a\u00f1os.<\/span><\/p>\n<\/li>\n<\/ul>\n<p style=\"text-align: justify;\" align=\"justify\"><span style=\"font-family: georgia, palatino, serif; font-size: 12pt;\"><b>Inscripci\u00f3n iniciaci\u00f3n<\/b>: <a href=\"https:\/\/forms.gle\/ifmLsrKndnAah46x7\" target=\"_blank\" rel=\"nofollow\"><span style=\"color: #000000;\">https:\/\/forms.gle\/ifmLsrKndnAah46x7<\/span><\/a><\/span><\/p>\n<p style=\"text-align: justify;\" align=\"justify\"><span style=\"font-family: georgia, palatino, serif; font-size: 12pt;\"><b>Inscripci\u00f3n libre:<\/b> <a href=\"https:\/\/turismo.caudete.org\/via-ferrata\/\" target=\"_blank\" rel=\"nofollow\">ht<span style=\"color: #000000;\">tps:\/\/turismo.caudete.org\/via-ferrata\/<\/span> <\/a><\/span><\/p>\n<h2 style=\"text-align: justify;\" align=\"justify\"><span style=\"font-family: georgia, palatino, serif; font-size: 14pt;\"><b>E<\/b><b>l \u00faltimo d\u00eda de inscripci\u00f3n <\/b><b>para ambas actividades<\/b><b> ser\u00e1 el 24 de marzo <\/b><b>de 2026<\/b><b>.<\/b><\/span><\/h2>\n<p style=\"text-align: justify;\" align=\"justify\"><span style=\"font-family: georgia, palatino, serif; font-size: 12pt;\">Aquellas personas que se inscriban en las modalidades de <b>iniciaci\u00f3n, <\/b>disponibles a partir de los<b> 10 a\u00f1os <\/b><b>para la v\u00eda ferrata y 6 a\u00f1os para escalada<\/b>, contar\u00e1n con todas las garant\u00edas para disfrutar de la monta\u00f1a:<\/span><\/p>\n<ul style=\"text-align: justify;\">\n<li>\n<p align=\"justify\"><span style=\"font-family: georgia, palatino, serif; font-size: 12pt;\"><b>Seguro de actividad<\/b> incluido para cada participante.<\/span><\/p>\n<\/li>\n<li>\n<p align=\"justify\"><span style=\"font-family: georgia, palatino, serif; font-size: 12pt;\"><b>Material t\u00e9cnico necesario<\/b> (cascos, arneses, etc.) proporcionado \u00edntegramente por la organizaci\u00f3n.<\/span><\/p>\n<\/li>\n<li>\n<p align=\"justify\"><span style=\"font-family: georgia, palatino, serif; font-size: 12pt;\">Acompa\u00f1amiento y supervisi\u00f3n constante de un <b>gu\u00eda cualificado<\/b>.<\/span><\/p>\n<\/li>\n<\/ul>\n<p style=\"text-align: justify;\" align=\"justify\"><span style=\"font-family: georgia, palatino, serif; font-size: 12pt;\"><b>El registro previo tanto si es iniciaci\u00f3n como libre es obligatorio y debe realizarse a trav\u00e9s de los enlaces publicados y los c\u00f3digos QR que figuran en el cartel oficial.<\/b><\/span><\/p>\n<p style=\"text-align: justify;\" align=\"justify\"><span style=\"font-family: georgia, palatino, serif; font-size: 12pt;\">Es importante destacar que <b>el pago de las inscripciones se realizar\u00e1 <\/b><i><b>in situ<\/b><\/i> el mismo d\u00eda de la actividad, directamente en el lugar de realizaci\u00f3n de cada deporte. Los abonos se efectuar\u00e1n a los responsables del <b>Centro Excursionista de Caudete<\/b> (para escalada) o de <b>Akawi <\/b> (para v\u00eda ferrata).<\/span><\/p>\n<h2 class=\"western\" style=\"text-align: justify;\" align=\"justify\"><span style=\"font-family: georgia, palatino, serif; font-size: 14pt;\"><b>Concurso de Fotograf\u00eda en Instagram<\/b><\/span><\/h2>\n<p style=\"text-align: justify;\" align=\"justify\"><span style=\"font-family: georgia, palatino, serif; font-size: 12pt;\">La jornada contar\u00e1 con un aliciente creativo. Las im\u00e1genes que participar\u00e1n en el concurso de fotograf\u00eda ser\u00e1n aquellas <b>publicadas ese mismo d\u00eda en la red social Instagram<\/b> utilizando el hashtag oficial <b>#caudetemultiaventura<\/b>. El premio consistir\u00e1 en un lote de productos y la utilizaci\u00f3n de la fotograf\u00eda ganadora para la web municipal y futuras publicaciones.<\/span><\/p>\n<p style=\"text-align: justify;\" align=\"justify\"><span style=\"font-family: georgia, palatino, serif; font-size: 12pt;\">Como broche de oro, a las 16:00 horas se celebrar\u00e1 una <b>comida de convivencia<\/b> en La Sala para todos los inscritos, donde se proceder\u00e1 a la entrega de premios.<\/span><\/p>\n<p style=\"text-align: justify;\" align=\"justify\"><span style=\"font-family: georgia, palatino, serif; font-size: 12pt;\">Con este tipo de iniciativas, el Ayuntamiento reafirma su compromiso de seguir promoviendo actividades que fomenten un estilo de vida saludable, el respeto por la naturaleza y el posicionamiento de <b>Caudete como un destino de interior vibrante y lleno de posibilidades<\/b> para los amantes de la aventura.<\/span><\/p>\n<p align=\"justify\"><img fetchpriority=\"high\" decoding=\"async\" class=\"alignnone wp-image-32971 size-full\" src=\"https:\/\/www.caudete.org\/ayuntamiento\/wp-content\/uploads\/2026\/03\/foto-articulo.jpg\" alt=\"\" width=\"1000\" height=\"764\" srcset=\"https:\/\/www.caudete.org\/ayuntamiento\/wp-content\/uploads\/2026\/03\/foto-articulo.jpg 1000w, https:\/\/www.caudete.org\/ayuntamiento\/wp-content\/uploads\/2026\/03\/foto-articulo-288x220.jpg 288w, https:\/\/www.caudete.org\/ayuntamiento\/wp-content\/uploads\/2026\/03\/foto-articulo-768x587.jpg 768w\" sizes=\"(max-width: 1000px) 100vw, 1000px\" \/><a href=\"https:\/\/www.caudete.org\/ayuntamiento\/wp-content\/uploads\/2026\/03\/cartel-final-multiaventura.jpg\" rel='prettyPhoto'><img decoding=\"async\" class=\"alignnone wp-image-32970 size-full\" src=\"https:\/\/www.caudete.org\/ayuntamiento\/wp-content\/uploads\/2026\/03\/cartel-final-multiaventura.jpg\" alt=\"\" width=\"1000\" height=\"1415\" srcset=\"https:\/\/www.caudete.org\/ayuntamiento\/wp-content\/uploads\/2026\/03\/cartel-final-multiaventura.jpg 1000w, https:\/\/www.caudete.org\/ayuntamiento\/wp-content\/uploads\/2026\/03\/cartel-final-multiaventura-565x800.jpg 565w, https:\/\/www.caudete.org\/ayuntamiento\/wp-content\/uploads\/2026\/03\/cartel-final-multiaventura-636x900.jpg 636w, https:\/\/www.caudete.org\/ayuntamiento\/wp-content\/uploads\/2026\/03\/cartel-final-multiaventura-155x220.jpg 155w, https:\/\/www.caudete.org\/ayuntamiento\/wp-content\/uploads\/2026\/03\/cartel-final-multiaventura-768x1087.jpg 768w\" sizes=\"(max-width: 1000px) 100vw, 1000px\" \/><\/a><\/p>\n","protected":false},"excerpt":{"rendered":"<p>Las Concejal\u00edas de Turismo y Deportes, organizan este evento el 28 de marzo para consolidar el municipio como referente del turismo de aventura activo. El M.I. Ayuntamiento de Caudete, a trav\u00e9s de su Concejal\u00eda de Turismo con su edil Diego Cuenca Olivares y Deportes con su edil Pilar Egea Serrano , presentan la jornada \u201cTurismo &hellip;<\/p>\n","protected":false},"author":6,"featured_media":32982,"comment_status":"closed","ping_status":"open","sticky":false,"template":"","format":"standard","meta":{"ngg_post_thumbnail":0,"footnotes":""},"categories":[875],"tags":[],"class_list":["post-32968","post","type-post","status-publish","format-standard","has-post-thumbnail","hentry","category-deportes-y-turismo"],"yoast_head":"<!-- This site is optimized with the Yoast SEO plugin v27.4 - https:\/\/yoast.com\/product\/yoast-seo-wordpress\/ -->\n<title>Caudete potencia su atractivo natural con una jornada de Multiaventura en la Sierra de Santa B\u00e1rbara - MI Ayuntamiento de Caudete<\/title>\n<meta name=\"description\" content=\"P\u00e1gina Oficial del Ayuntamiento de Caudete (Albacete)\" \/>\n<meta name=\"robots\" content=\"index, follow, max-snippet:-1, max-image-preview:large, max-video-preview:-1\" \/>\n<link rel=\"canonical\" href=\"https:\/\/www.caudete.org\/ayuntamiento\/caudete-potencia-su-atractivo-natural-con-una-jornada-de-multiaventura-en-la-sierra-de-santa-barbara\/\" \/>\n<meta property=\"og:locale\" content=\"es_ES\" \/>\n<meta property=\"og:type\" content=\"article\" \/>\n<meta property=\"og:title\" content=\"Caudete potencia su atractivo natural con una jornada de Multiaventura en la Sierra de Santa B\u00e1rbara - MI Ayuntamiento de Caudete\" \/>\n<meta property=\"og:description\" content=\"P\u00e1gina Oficial del Ayuntamiento de Caudete (Albacete)\" \/>\n<meta property=\"og:url\" content=\"https:\/\/www.caudete.org\/ayuntamiento\/caudete-potencia-su-atractivo-natural-con-una-jornada-de-multiaventura-en-la-sierra-de-santa-barbara\/\" \/>\n<meta property=\"og:site_name\" content=\"MI Ayuntamiento de Caudete\" \/>\n<meta property=\"article:publisher\" content=\"https:\/\/www.facebook.com\/ayuntamientocaudete\/\" \/>\n<meta property=\"article:published_time\" content=\"2026-03-12T09:32:14+00:00\" \/>\n<meta property=\"article:modified_time\" content=\"2026-03-26T08:06:40+00:00\" \/>\n<meta property=\"og:image\" content=\"https:\/\/www.caudete.org\/ayuntamiento\/wp-content\/uploads\/2026\/03\/cartel-final-multiaventura-PORT2.jpg\" \/>\n\t<meta property=\"og:image:width\" content=\"864\" \/>\n\t<meta property=\"og:image:height\" content=\"380\" \/>\n\t<meta property=\"og:image:type\" content=\"image\/jpeg\" \/>\n<meta name=\"author\" content=\"informatica2\" \/>\n<meta name=\"twitter:card\" content=\"summary_large_image\" \/>\n<meta name=\"twitter:label1\" content=\"Escrito por\" \/>\n\t<meta name=\"twitter:data1\" content=\"informatica2\" \/>\n\t<meta name=\"twitter:label2\" content=\"Tiempo de lectura\" \/>\n\t<meta name=\"twitter:data2\" content=\"4 minutos\" \/>\n<script type=\"application\/ld+json\" class=\"yoast-schema-graph\">{\"@context\":\"https:\\\/\\\/schema.org\",\"@graph\":[{\"@type\":\"Article\",\"@id\":\"https:\\\/\\\/www.caudete.org\\\/ayuntamiento\\\/caudete-potencia-su-atractivo-natural-con-una-jornada-de-multiaventura-en-la-sierra-de-santa-barbara\\\/#article\",\"isPartOf\":{\"@id\":\"https:\\\/\\\/www.caudete.org\\\/ayuntamiento\\\/caudete-potencia-su-atractivo-natural-con-una-jornada-de-multiaventura-en-la-sierra-de-santa-barbara\\\/\"},\"author\":{\"name\":\"informatica2\",\"@id\":\"https:\\\/\\\/www.caudete.org\\\/ayuntamiento\\\/#\\\/schema\\\/person\\\/abfa5ffd5010a14e078c21e6e61b6291\"},\"headline\":\"Caudete potencia su atractivo natural con una jornada de Multiaventura en la Sierra de Santa B\u00e1rbara\",\"datePublished\":\"2026-03-12T09:32:14+00:00\",\"dateModified\":\"2026-03-26T08:06:40+00:00\",\"mainEntityOfPage\":{\"@id\":\"https:\\\/\\\/www.caudete.org\\\/ayuntamiento\\\/caudete-potencia-su-atractivo-natural-con-una-jornada-de-multiaventura-en-la-sierra-de-santa-barbara\\\/\"},\"wordCount\":652,\"publisher\":{\"@id\":\"https:\\\/\\\/www.caudete.org\\\/ayuntamiento\\\/#organization\"},\"image\":{\"@id\":\"https:\\\/\\\/www.caudete.org\\\/ayuntamiento\\\/caudete-potencia-su-atractivo-natural-con-una-jornada-de-multiaventura-en-la-sierra-de-santa-barbara\\\/#primaryimage\"},\"thumbnailUrl\":\"https:\\\/\\\/www.caudete.org\\\/ayuntamiento\\\/wp-content\\\/uploads\\\/2026\\\/03\\\/cartel-final-multiaventura-PORT2.jpg\",\"articleSection\":[\"Deportes y Turismo\"],\"inLanguage\":\"es\"},{\"@type\":\"WebPage\",\"@id\":\"https:\\\/\\\/www.caudete.org\\\/ayuntamiento\\\/caudete-potencia-su-atractivo-natural-con-una-jornada-de-multiaventura-en-la-sierra-de-santa-barbara\\\/\",\"url\":\"https:\\\/\\\/www.caudete.org\\\/ayuntamiento\\\/caudete-potencia-su-atractivo-natural-con-una-jornada-de-multiaventura-en-la-sierra-de-santa-barbara\\\/\",\"name\":\"Caudete potencia su atractivo natural con una jornada de Multiaventura en la Sierra de Santa B\u00e1rbara - MI Ayuntamiento de Caudete\",\"isPartOf\":{\"@id\":\"https:\\\/\\\/www.caudete.org\\\/ayuntamiento\\\/#website\"},\"primaryImageOfPage\":{\"@id\":\"https:\\\/\\\/www.caudete.org\\\/ayuntamiento\\\/caudete-potencia-su-atractivo-natural-con-una-jornada-de-multiaventura-en-la-sierra-de-santa-barbara\\\/#primaryimage\"},\"image\":{\"@id\":\"https:\\\/\\\/www.caudete.org\\\/ayuntamiento\\\/caudete-potencia-su-atractivo-natural-con-una-jornada-de-multiaventura-en-la-sierra-de-santa-barbara\\\/#primaryimage\"},\"thumbnailUrl\":\"https:\\\/\\\/www.caudete.org\\\/ayuntamiento\\\/wp-content\\\/uploads\\\/2026\\\/03\\\/cartel-final-multiaventura-PORT2.jpg\",\"datePublished\":\"2026-03-12T09:32:14+00:00\",\"dateModified\":\"2026-03-26T08:06:40+00:00\",\"description\":\"P\u00e1gina Oficial del Ayuntamiento de Caudete (Albacete)\",\"breadcrumb\":{\"@id\":\"https:\\\/\\\/www.caudete.org\\\/ayuntamiento\\\/caudete-potencia-su-atractivo-natural-con-una-jornada-de-multiaventura-en-la-sierra-de-santa-barbara\\\/#breadcrumb\"},\"inLanguage\":\"es\",\"potentialAction\":[{\"@type\":\"ReadAction\",\"target\":[\"https:\\\/\\\/www.caudete.org\\\/ayuntamiento\\\/caudete-potencia-su-atractivo-natural-con-una-jornada-de-multiaventura-en-la-sierra-de-santa-barbara\\\/\"]}]},{\"@type\":\"ImageObject\",\"inLanguage\":\"es\",\"@id\":\"https:\\\/\\\/www.caudete.org\\\/ayuntamiento\\\/caudete-potencia-su-atractivo-natural-con-una-jornada-de-multiaventura-en-la-sierra-de-santa-barbara\\\/#primaryimage\",\"url\":\"https:\\\/\\\/www.caudete.org\\\/ayuntamiento\\\/wp-content\\\/uploads\\\/2026\\\/03\\\/cartel-final-multiaventura-PORT2.jpg\",\"contentUrl\":\"https:\\\/\\\/www.caudete.org\\\/ayuntamiento\\\/wp-content\\\/uploads\\\/2026\\\/03\\\/cartel-final-multiaventura-PORT2.jpg\",\"width\":864,\"height\":380},{\"@type\":\"BreadcrumbList\",\"@id\":\"https:\\\/\\\/www.caudete.org\\\/ayuntamiento\\\/caudete-potencia-su-atractivo-natural-con-una-jornada-de-multiaventura-en-la-sierra-de-santa-barbara\\\/#breadcrumb\",\"itemListElement\":[{\"@type\":\"ListItem\",\"position\":1,\"name\":\"Inicio\",\"item\":\"https:\\\/\\\/www.caudete.org\\\/ayuntamiento\\\/\"},{\"@type\":\"ListItem\",\"position\":2,\"name\":\"Caudete potencia su atractivo natural con una jornada de Multiaventura en la Sierra de Santa B\u00e1rbara\"}]},{\"@type\":\"WebSite\",\"@id\":\"https:\\\/\\\/www.caudete.org\\\/ayuntamiento\\\/#website\",\"url\":\"https:\\\/\\\/www.caudete.org\\\/ayuntamiento\\\/\",\"name\":\"MI Ayuntamiento de Caudete\",\"description\":\"P\u00e1gina Oficial del MI Ayuntamiento de Caudete\",\"publisher\":{\"@id\":\"https:\\\/\\\/www.caudete.org\\\/ayuntamiento\\\/#organization\"},\"potentialAction\":[{\"@type\":\"SearchAction\",\"target\":{\"@type\":\"EntryPoint\",\"urlTemplate\":\"https:\\\/\\\/www.caudete.org\\\/ayuntamiento\\\/?s={search_term_string}\"},\"query-input\":{\"@type\":\"PropertyValueSpecification\",\"valueRequired\":true,\"valueName\":\"search_term_string\"}}],\"inLanguage\":\"es\"},{\"@type\":\"Organization\",\"@id\":\"https:\\\/\\\/www.caudete.org\\\/ayuntamiento\\\/#organization\",\"name\":\"Ayuntamiento de Caudete\",\"url\":\"https:\\\/\\\/www.caudete.org\\\/ayuntamiento\\\/\",\"logo\":{\"@type\":\"ImageObject\",\"inLanguage\":\"es\",\"@id\":\"https:\\\/\\\/www.caudete.org\\\/ayuntamiento\\\/#\\\/schema\\\/logo\\\/image\\\/\",\"url\":\"https:\\\/\\\/www.caudete.org\\\/ayuntamiento\\\/wp-content\\\/uploads\\\/2020\\\/11\\\/logo_ayuntamiento_caudete.jpg\",\"contentUrl\":\"https:\\\/\\\/www.caudete.org\\\/ayuntamiento\\\/wp-content\\\/uploads\\\/2020\\\/11\\\/logo_ayuntamiento_caudete.jpg\",\"width\":600,\"height\":150,\"caption\":\"Ayuntamiento de Caudete\"},\"image\":{\"@id\":\"https:\\\/\\\/www.caudete.org\\\/ayuntamiento\\\/#\\\/schema\\\/logo\\\/image\\\/\"},\"sameAs\":[\"https:\\\/\\\/www.facebook.com\\\/ayuntamientocaudete\\\/\",\"https:\\\/\\\/www.youtube.com\\\/channel\\\/UC6VztHaooNsGpw-tNoBEFnQ\"]},{\"@type\":\"Person\",\"@id\":\"https:\\\/\\\/www.caudete.org\\\/ayuntamiento\\\/#\\\/schema\\\/person\\\/abfa5ffd5010a14e078c21e6e61b6291\",\"name\":\"informatica2\",\"image\":{\"@type\":\"ImageObject\",\"inLanguage\":\"es\",\"@id\":\"https:\\\/\\\/secure.gravatar.com\\\/avatar\\\/b089890ff033a3e4d03eec00ecb5a14425217205c513f60ec32ebeaaeb5fa700?s=96&d=mm&r=g\",\"url\":\"https:\\\/\\\/secure.gravatar.com\\\/avatar\\\/b089890ff033a3e4d03eec00ecb5a14425217205c513f60ec32ebeaaeb5fa700?s=96&d=mm&r=g\",\"contentUrl\":\"https:\\\/\\\/secure.gravatar.com\\\/avatar\\\/b089890ff033a3e4d03eec00ecb5a14425217205c513f60ec32ebeaaeb5fa700?s=96&d=mm&r=g\",\"caption\":\"informatica2\"},\"url\":\"https:\\\/\\\/www.caudete.org\\\/ayuntamiento\\\/author\\\/informatica2\\\/\"}]}<\/script>\n<!-- \/ Yoast SEO plugin. -->","yoast_head_json":{"title":"Caudete potencia su atractivo natural con una jornada de Multiaventura en la Sierra de Santa B\u00e1rbara - MI Ayuntamiento de Caudete","description":"P\u00e1gina Oficial del Ayuntamiento de Caudete (Albacete)","robots":{"index":"index","follow":"follow","max-snippet":"max-snippet:-1","max-image-preview":"max-image-preview:large","max-video-preview":"max-video-preview:-1"},"canonical":"https:\/\/www.caudete.org\/ayuntamiento\/caudete-potencia-su-atractivo-natural-con-una-jornada-de-multiaventura-en-la-sierra-de-santa-barbara\/","og_locale":"es_ES","og_type":"article","og_title":"Caudete potencia su atractivo natural con una jornada de Multiaventura en la Sierra de Santa B\u00e1rbara - MI Ayuntamiento de Caudete","og_description":"P\u00e1gina Oficial del Ayuntamiento de Caudete (Albacete)","og_url":"https:\/\/www.caudete.org\/ayuntamiento\/caudete-potencia-su-atractivo-natural-con-una-jornada-de-multiaventura-en-la-sierra-de-santa-barbara\/","og_site_name":"MI Ayuntamiento de Caudete","article_publisher":"https:\/\/www.facebook.com\/ayuntamientocaudete\/","article_published_time":"2026-03-12T09:32:14+00:00","article_modified_time":"2026-03-26T08:06:40+00:00","og_image":[{"width":864,"height":380,"url":"https:\/\/www.caudete.org\/ayuntamiento\/wp-content\/uploads\/2026\/03\/cartel-final-multiaventura-PORT2.jpg","type":"image\/jpeg"}],"author":"informatica2","twitter_card":"summary_large_image","twitter_misc":{"Escrito por":"informatica2","Tiempo de lectura":"4 minutos"},"schema":{"@context":"https:\/\/schema.org","@graph":[{"@type":"Article","@id":"https:\/\/www.caudete.org\/ayuntamiento\/caudete-potencia-su-atractivo-natural-con-una-jornada-de-multiaventura-en-la-sierra-de-santa-barbara\/#article","isPartOf":{"@id":"https:\/\/www.caudete.org\/ayuntamiento\/caudete-potencia-su-atractivo-natural-con-una-jornada-de-multiaventura-en-la-sierra-de-santa-barbara\/"},"author":{"name":"informatica2","@id":"https:\/\/www.caudete.org\/ayuntamiento\/#\/schema\/person\/abfa5ffd5010a14e078c21e6e61b6291"},"headline":"Caudete potencia su atractivo natural con una jornada de Multiaventura en la Sierra de Santa B\u00e1rbara","datePublished":"2026-03-12T09:32:14+00:00","dateModified":"2026-03-26T08:06:40+00:00","mainEntityOfPage":{"@id":"https:\/\/www.caudete.org\/ayuntamiento\/caudete-potencia-su-atractivo-natural-con-una-jornada-de-multiaventura-en-la-sierra-de-santa-barbara\/"},"wordCount":652,"publisher":{"@id":"https:\/\/www.caudete.org\/ayuntamiento\/#organization"},"image":{"@id":"https:\/\/www.caudete.org\/ayuntamiento\/caudete-potencia-su-atractivo-natural-con-una-jornada-de-multiaventura-en-la-sierra-de-santa-barbara\/#primaryimage"},"thumbnailUrl":"https:\/\/www.caudete.org\/ayuntamiento\/wp-content\/uploads\/2026\/03\/cartel-final-multiaventura-PORT2.jpg","articleSection":["Deportes y Turismo"],"inLanguage":"es"},{"@type":"WebPage","@id":"https:\/\/www.caudete.org\/ayuntamiento\/caudete-potencia-su-atractivo-natural-con-una-jornada-de-multiaventura-en-la-sierra-de-santa-barbara\/","url":"https:\/\/www.caudete.org\/ayuntamiento\/caudete-potencia-su-atractivo-natural-con-una-jornada-de-multiaventura-en-la-sierra-de-santa-barbara\/","name":"Caudete potencia su atractivo natural con una jornada de Multiaventura en la Sierra de Santa B\u00e1rbara - MI Ayuntamiento de Caudete","isPartOf":{"@id":"https:\/\/www.caudete.org\/ayuntamiento\/#website"},"primaryImageOfPage":{"@id":"https:\/\/www.caudete.org\/ayuntamiento\/caudete-potencia-su-atractivo-natural-con-una-jornada-de-multiaventura-en-la-sierra-de-santa-barbara\/#primaryimage"},"image":{"@id":"https:\/\/www.caudete.org\/ayuntamiento\/caudete-potencia-su-atractivo-natural-con-una-jornada-de-multiaventura-en-la-sierra-de-santa-barbara\/#primaryimage"},"thumbnailUrl":"https:\/\/www.caudete.org\/ayuntamiento\/wp-content\/uploads\/2026\/03\/cartel-final-multiaventura-PORT2.jpg","datePublished":"2026-03-12T09:32:14+00:00","dateModified":"2026-03-26T08:06:40+00:00","description":"P\u00e1gina Oficial del Ayuntamiento de Caudete (Albacete)","breadcrumb":{"@id":"https:\/\/www.caudete.org\/ayuntamiento\/caudete-potencia-su-atractivo-natural-con-una-jornada-de-multiaventura-en-la-sierra-de-santa-barbara\/#breadcrumb"},"inLanguage":"es","potentialAction":[{"@type":"ReadAction","target":["https:\/\/www.caudete.org\/ayuntamiento\/caudete-potencia-su-atractivo-natural-con-una-jornada-de-multiaventura-en-la-sierra-de-santa-barbara\/"]}]},{"@type":"ImageObject","inLanguage":"es","@id":"https:\/\/www.caudete.org\/ayuntamiento\/caudete-potencia-su-atractivo-natural-con-una-jornada-de-multiaventura-en-la-sierra-de-santa-barbara\/#primaryimage","url":"https:\/\/www.caudete.org\/ayuntamiento\/wp-content\/uploads\/2026\/03\/cartel-final-multiaventura-PORT2.jpg","contentUrl":"https:\/\/www.caudete.org\/ayuntamiento\/wp-content\/uploads\/2026\/03\/cartel-final-multiaventura-PORT2.jpg","width":864,"height":380},{"@type":"BreadcrumbList","@id":"https:\/\/www.caudete.org\/ayuntamiento\/caudete-potencia-su-atractivo-natural-con-una-jornada-de-multiaventura-en-la-sierra-de-santa-barbara\/#breadcrumb","itemListElement":[{"@type":"ListItem","position":1,"name":"Inicio","item":"https:\/\/www.caudete.org\/ayuntamiento\/"},{"@type":"ListItem","position":2,"name":"Caudete potencia su atractivo natural con una jornada de Multiaventura en la Sierra de Santa B\u00e1rbara"}]},{"@type":"WebSite","@id":"https:\/\/www.caudete.org\/ayuntamiento\/#website","url":"https:\/\/www.caudete.org\/ayuntamiento\/","name":"MI Ayuntamiento de Caudete","description":"P\u00e1gina Oficial del MI Ayuntamiento de Caudete","publisher":{"@id":"https:\/\/www.caudete.org\/ayuntamiento\/#organization"},"potentialAction":[{"@type":"SearchAction","target":{"@type":"EntryPoint","urlTemplate":"https:\/\/www.caudete.org\/ayuntamiento\/?s={search_term_string}"},"query-input":{"@type":"PropertyValueSpecification","valueRequired":true,"valueName":"search_term_string"}}],"inLanguage":"es"},{"@type":"Organization","@id":"https:\/\/www.caudete.org\/ayuntamiento\/#organization","name":"Ayuntamiento de Caudete","url":"https:\/\/www.caudete.org\/ayuntamiento\/","logo":{"@type":"ImageObject","inLanguage":"es","@id":"https:\/\/www.caudete.org\/ayuntamiento\/#\/schema\/logo\/image\/","url":"https:\/\/www.caudete.org\/ayuntamiento\/wp-content\/uploads\/2020\/11\/logo_ayuntamiento_caudete.jpg","contentUrl":"https:\/\/www.caudete.org\/ayuntamiento\/wp-content\/uploads\/2020\/11\/logo_ayuntamiento_caudete.jpg","width":600,"height":150,"caption":"Ayuntamiento de Caudete"},"image":{"@id":"https:\/\/www.caudete.org\/ayuntamiento\/#\/schema\/logo\/image\/"},"sameAs":["https:\/\/www.facebook.com\/ayuntamientocaudete\/","https:\/\/www.youtube.com\/channel\/UC6VztHaooNsGpw-tNoBEFnQ"]},{"@type":"Person","@id":"https:\/\/www.caudete.org\/ayuntamiento\/#\/schema\/person\/abfa5ffd5010a14e078c21e6e61b6291","name":"informatica2","image":{"@type":"ImageObject","inLanguage":"es","@id":"https:\/\/secure.gravatar.com\/avatar\/b089890ff033a3e4d03eec00ecb5a14425217205c513f60ec32ebeaaeb5fa700?s=96&d=mm&r=g","url":"https:\/\/secure.gravatar.com\/avatar\/b089890ff033a3e4d03eec00ecb5a14425217205c513f60ec32ebeaaeb5fa700?s=96&d=mm&r=g","contentUrl":"https:\/\/secure.gravatar.com\/avatar\/b089890ff033a3e4d03eec00ecb5a14425217205c513f60ec32ebeaaeb5fa700?s=96&d=mm&r=g","caption":"informatica2"},"url":"https:\/\/www.caudete.org\/ayuntamiento\/author\/informatica2\/"}]}},"_links":{"self":[{"href":"https:\/\/www.caudete.org\/ayuntamiento\/wp-json\/wp\/v2\/posts\/32968","targetHints":{"allow":["GET"]}}],"collection":[{"href":"https:\/\/www.caudete.org\/ayuntamiento\/wp-json\/wp\/v2\/posts"}],"about":[{"href":"https:\/\/www.caudete.org\/ayuntamiento\/wp-json\/wp\/v2\/types\/post"}],"author":[{"embeddable":true,"href":"https:\/\/www.caudete.org\/ayuntamiento\/wp-json\/wp\/v2\/users\/6"}],"replies":[{"embeddable":true,"href":"https:\/\/www.caudete.org\/ayuntamiento\/wp-json\/wp\/v2\/comments?post=32968"}],"version-history":[{"count":10,"href":"https:\/\/www.caudete.org\/ayuntamiento\/wp-json\/wp\/v2\/posts\/32968\/revisions"}],"predecessor-version":[{"id":32983,"href":"https:\/\/www.caudete.org\/ayuntamiento\/wp-json\/wp\/v2\/posts\/32968\/revisions\/32983"}],"wp:featuredmedia":[{"embeddable":true,"href":"https:\/\/www.caudete.org\/ayuntamiento\/wp-json\/wp\/v2\/media\/32982"}],"wp:attachment":[{"href":"https:\/\/www.caudete.org\/ayuntamiento\/wp-json\/wp\/v2\/media?parent=32968"}],"wp:term":[{"taxonomy":"category","embeddable":true,"href":"https:\/\/www.caudete.org\/ayuntamiento\/wp-json\/wp\/v2\/categories?post=32968"},{"taxonomy":"post_tag","embeddable":true,"href":"https:\/\/www.caudete.org\/ayuntamiento\/wp-json\/wp\/v2\/tags?post=32968"}],"curies":[{"name":"wp","href":"https:\/\/api.w.org\/{rel}","templated":true}]}}