{"id":32999,"date":"2026-03-16T09:23:46","date_gmt":"2026-03-16T08:23:46","guid":{"rendered":"https:\/\/www.caudete.org\/ayuntamiento\/?p=32999"},"modified":"2026-03-23T09:08:43","modified_gmt":"2026-03-23T08:08:43","slug":"cine-en-el-auditorio-municipal-los-dias-21-y-22-de-marzo-torrente-presidente","status":"publish","type":"post","link":"https:\/\/www.caudete.org\/ayuntamiento\/cine-en-el-auditorio-municipal-los-dias-21-y-22-de-marzo-torrente-presidente\/","title":{"rendered":"Cine en el Auditorio Municipal los d\u00edas 21 y 22 de marzo: Torrente, Presidente"},"content":{"rendered":"<p style=\"text-align: justify;\">El s\u00e9ptimo arte contin\u00faa siendo uno de los pilares de la <strong>Programaci\u00f3n Cultural de Primavera 2026<\/strong>, ofreciendo en esta ocasi\u00f3n una de las comedias m\u00e1s esperadas del a\u00f1o. El regreso \u201cdel brazo tonto de la ley\u201d, llega al Auditorio Municipal de Caudete este fin de semana.<\/p>\n<p style=\"text-align: justify;\">Los pr\u00f3ximos d\u00edas 21 y 22 de marzo de 2026, los espectadores podr\u00e1n disfrutar en la gran pantalla de la nueva entrega de la saga creada por Santiago Segura: &#8220;Torrente, Presidente&#8221;. Bajo el ir\u00f3nico lema &#8220;Una pel\u00edcula sin inteligencia artificial (ni de la otra&#8230;)&#8221;, la cinta promete no dejar indiferente a nadie.<\/p>\n<p style=\"text-align: justify;\">Los amantes del cine tendr\u00e1n doble oportunidad de disfrutar de este estreno:<\/p>\n<p style=\"text-align: justify;\"><strong>\u2022 S\u00e1bado 21\/03\/26: a las 17:30h y a las 19:30h.<\/strong><br \/>\n<strong>\u2022 Domingo 22\/03\/26: a las 17:30h y a las 19:30h.<\/strong><\/p>\n<p style=\"text-align: justify;\">Sinopsis: En esta nueva aventura, Jos\u00e9 Luis Torrente se lanza a la arena pol\u00edtica con el objetivo de alcanzar la presidencia. Como reza su cartel publicitario: &#8220;Est\u00e1is avisados&#8221;. Una cita imprescindible para los seguidores del humor m\u00e1s irreverente de la comedia espa\u00f1ola.<\/p>\n<p style=\"text-align: justify;\">No recomendada para menores de 16 a\u00f1os (+16).<\/p>\n<p style=\"text-align: justify;\">Las entradas para cada sesi\u00f3n se podr\u00e1n adquirir en la taquilla 40 minutos antes de cada funci\u00f3n con un precio \u00fanico de 5\u20ac.<\/p>\n<p><a href=\"https:\/\/www.caudete.org\/ayuntamiento\/wp-content\/uploads\/2026\/03\/cine-torrente.jpg\" rel='prettyPhoto'><img fetchpriority=\"high\" decoding=\"async\" class=\"alignnone wp-image-33000 size-full\" src=\"https:\/\/www.caudete.org\/ayuntamiento\/wp-content\/uploads\/2026\/03\/cine-torrente.jpg\" alt=\"\" width=\"1000\" height=\"1414\" srcset=\"https:\/\/www.caudete.org\/ayuntamiento\/wp-content\/uploads\/2026\/03\/cine-torrente.jpg 1000w, https:\/\/www.caudete.org\/ayuntamiento\/wp-content\/uploads\/2026\/03\/cine-torrente-566x800.jpg 566w, https:\/\/www.caudete.org\/ayuntamiento\/wp-content\/uploads\/2026\/03\/cine-torrente-636x900.jpg 636w, https:\/\/www.caudete.org\/ayuntamiento\/wp-content\/uploads\/2026\/03\/cine-torrente-156x220.jpg 156w, https:\/\/www.caudete.org\/ayuntamiento\/wp-content\/uploads\/2026\/03\/cine-torrente-768x1086.jpg 768w\" sizes=\"(max-width: 1000px) 100vw, 1000px\" \/><\/a><\/p>\n<p><img decoding=\"async\" class=\"alignnone wp-image-33002 size-full\" src=\"https:\/\/www.caudete.org\/ayuntamiento\/wp-content\/uploads\/2026\/03\/Torrente-Presidente.jpg\" alt=\"\" width=\"1000\" height=\"600\" srcset=\"https:\/\/www.caudete.org\/ayuntamiento\/wp-content\/uploads\/2026\/03\/Torrente-Presidente.jpg 1000w, https:\/\/www.caudete.org\/ayuntamiento\/wp-content\/uploads\/2026\/03\/Torrente-Presidente-350x210.jpg 350w, https:\/\/www.caudete.org\/ayuntamiento\/wp-content\/uploads\/2026\/03\/Torrente-Presidente-768x461.jpg 768w\" sizes=\"(max-width: 1000px) 100vw, 1000px\" \/><\/p>\n","protected":false},"excerpt":{"rendered":"<p>El s\u00e9ptimo arte contin\u00faa siendo uno de los pilares de la Programaci\u00f3n Cultural de Primavera 2026, ofreciendo en esta ocasi\u00f3n una de las comedias m\u00e1s esperadas del a\u00f1o. El regreso \u201cdel brazo tonto de la ley\u201d, llega al Auditorio Municipal de Caudete este fin de semana. Los pr\u00f3ximos d\u00edas 21 y 22 de marzo de &hellip;<\/p>\n","protected":false},"author":6,"featured_media":33002,"comment_status":"closed","ping_status":"open","sticky":false,"template":"","format":"standard","meta":{"ngg_post_thumbnail":0,"footnotes":""},"categories":[14],"tags":[],"class_list":["post-32999","post","type-post","status-publish","format-standard","has-post-thumbnail","hentry","category-cultura"],"yoast_head":"<!-- This site is optimized with the Yoast SEO plugin v27.5 - https:\/\/yoast.com\/product\/yoast-seo-wordpress\/ -->\n<title>Cine en el Auditorio Municipal los d\u00edas 21 y 22 de marzo: Torrente, Presidente - MI Ayuntamiento de Caudete<\/title>\n<meta name=\"description\" content=\"P\u00e1gina Oficial del Ayuntamiento de Caudete (Albacete)\" \/>\n<meta name=\"robots\" content=\"index, follow, max-snippet:-1, max-image-preview:large, max-video-preview:-1\" \/>\n<link rel=\"canonical\" href=\"https:\/\/www.caudete.org\/ayuntamiento\/cine-en-el-auditorio-municipal-los-dias-21-y-22-de-marzo-torrente-presidente\/\" \/>\n<meta property=\"og:locale\" content=\"es_ES\" \/>\n<meta property=\"og:type\" content=\"article\" \/>\n<meta property=\"og:title\" content=\"Cine en el Auditorio Municipal los d\u00edas 21 y 22 de marzo: Torrente, Presidente - MI Ayuntamiento de Caudete\" \/>\n<meta property=\"og:description\" content=\"P\u00e1gina Oficial del Ayuntamiento de Caudete (Albacete)\" \/>\n<meta property=\"og:url\" content=\"https:\/\/www.caudete.org\/ayuntamiento\/cine-en-el-auditorio-municipal-los-dias-21-y-22-de-marzo-torrente-presidente\/\" \/>\n<meta property=\"og:site_name\" content=\"MI Ayuntamiento de Caudete\" \/>\n<meta property=\"article:publisher\" content=\"https:\/\/www.facebook.com\/ayuntamientocaudete\/\" \/>\n<meta property=\"article:published_time\" content=\"2026-03-16T08:23:46+00:00\" \/>\n<meta property=\"article:modified_time\" content=\"2026-03-23T08:08:43+00:00\" \/>\n<meta property=\"og:image\" content=\"https:\/\/www.caudete.org\/ayuntamiento\/wp-content\/uploads\/2026\/03\/Torrente-Presidente.jpg\" \/>\n\t<meta property=\"og:image:width\" content=\"1000\" \/>\n\t<meta property=\"og:image:height\" content=\"600\" \/>\n\t<meta property=\"og:image:type\" content=\"image\/jpeg\" \/>\n<meta name=\"author\" content=\"informatica2\" \/>\n<meta name=\"twitter:card\" content=\"summary_large_image\" \/>\n<meta name=\"twitter:label1\" content=\"Escrito por\" \/>\n\t<meta name=\"twitter:data1\" content=\"informatica2\" \/>\n\t<meta name=\"twitter:label2\" content=\"Tiempo de lectura\" \/>\n\t<meta name=\"twitter:data2\" content=\"2 minutos\" \/>\n<script type=\"application\/ld+json\" class=\"yoast-schema-graph\">{\"@context\":\"https:\\\/\\\/schema.org\",\"@graph\":[{\"@type\":\"Article\",\"@id\":\"https:\\\/\\\/www.caudete.org\\\/ayuntamiento\\\/cine-en-el-auditorio-municipal-los-dias-21-y-22-de-marzo-torrente-presidente\\\/#article\",\"isPartOf\":{\"@id\":\"https:\\\/\\\/www.caudete.org\\\/ayuntamiento\\\/cine-en-el-auditorio-municipal-los-dias-21-y-22-de-marzo-torrente-presidente\\\/\"},\"author\":{\"name\":\"informatica2\",\"@id\":\"https:\\\/\\\/www.caudete.org\\\/ayuntamiento\\\/#\\\/schema\\\/person\\\/abfa5ffd5010a14e078c21e6e61b6291\"},\"headline\":\"Cine en el Auditorio Municipal los d\u00edas 21 y 22 de marzo: Torrente, Presidente\",\"datePublished\":\"2026-03-16T08:23:46+00:00\",\"dateModified\":\"2026-03-23T08:08:43+00:00\",\"mainEntityOfPage\":{\"@id\":\"https:\\\/\\\/www.caudete.org\\\/ayuntamiento\\\/cine-en-el-auditorio-municipal-los-dias-21-y-22-de-marzo-torrente-presidente\\\/\"},\"wordCount\":225,\"image\":{\"@id\":\"https:\\\/\\\/www.caudete.org\\\/ayuntamiento\\\/cine-en-el-auditorio-municipal-los-dias-21-y-22-de-marzo-torrente-presidente\\\/#primaryimage\"},\"thumbnailUrl\":\"https:\\\/\\\/www.caudete.org\\\/ayuntamiento\\\/wp-content\\\/uploads\\\/2026\\\/03\\\/Torrente-Presidente.jpg\",\"articleSection\":[\"Cultura\"],\"inLanguage\":\"es\"},{\"@type\":\"WebPage\",\"@id\":\"https:\\\/\\\/www.caudete.org\\\/ayuntamiento\\\/cine-en-el-auditorio-municipal-los-dias-21-y-22-de-marzo-torrente-presidente\\\/\",\"url\":\"https:\\\/\\\/www.caudete.org\\\/ayuntamiento\\\/cine-en-el-auditorio-municipal-los-dias-21-y-22-de-marzo-torrente-presidente\\\/\",\"name\":\"Cine en el Auditorio Municipal los d\u00edas 21 y 22 de marzo: Torrente, Presidente - MI Ayuntamiento de Caudete\",\"isPartOf\":{\"@id\":\"https:\\\/\\\/www.caudete.org\\\/ayuntamiento\\\/#website\"},\"primaryImageOfPage\":{\"@id\":\"https:\\\/\\\/www.caudete.org\\\/ayuntamiento\\\/cine-en-el-auditorio-municipal-los-dias-21-y-22-de-marzo-torrente-presidente\\\/#primaryimage\"},\"image\":{\"@id\":\"https:\\\/\\\/www.caudete.org\\\/ayuntamiento\\\/cine-en-el-auditorio-municipal-los-dias-21-y-22-de-marzo-torrente-presidente\\\/#primaryimage\"},\"thumbnailUrl\":\"https:\\\/\\\/www.caudete.org\\\/ayuntamiento\\\/wp-content\\\/uploads\\\/2026\\\/03\\\/Torrente-Presidente.jpg\",\"datePublished\":\"2026-03-16T08:23:46+00:00\",\"dateModified\":\"2026-03-23T08:08:43+00:00\",\"author\":{\"@id\":\"https:\\\/\\\/www.caudete.org\\\/ayuntamiento\\\/#\\\/schema\\\/person\\\/abfa5ffd5010a14e078c21e6e61b6291\"},\"description\":\"P\u00e1gina Oficial del Ayuntamiento de Caudete (Albacete)\",\"breadcrumb\":{\"@id\":\"https:\\\/\\\/www.caudete.org\\\/ayuntamiento\\\/cine-en-el-auditorio-municipal-los-dias-21-y-22-de-marzo-torrente-presidente\\\/#breadcrumb\"},\"inLanguage\":\"es\",\"potentialAction\":[{\"@type\":\"ReadAction\",\"target\":[\"https:\\\/\\\/www.caudete.org\\\/ayuntamiento\\\/cine-en-el-auditorio-municipal-los-dias-21-y-22-de-marzo-torrente-presidente\\\/\"]}]},{\"@type\":\"ImageObject\",\"inLanguage\":\"es\",\"@id\":\"https:\\\/\\\/www.caudete.org\\\/ayuntamiento\\\/cine-en-el-auditorio-municipal-los-dias-21-y-22-de-marzo-torrente-presidente\\\/#primaryimage\",\"url\":\"https:\\\/\\\/www.caudete.org\\\/ayuntamiento\\\/wp-content\\\/uploads\\\/2026\\\/03\\\/Torrente-Presidente.jpg\",\"contentUrl\":\"https:\\\/\\\/www.caudete.org\\\/ayuntamiento\\\/wp-content\\\/uploads\\\/2026\\\/03\\\/Torrente-Presidente.jpg\",\"width\":1000,\"height\":600},{\"@type\":\"BreadcrumbList\",\"@id\":\"https:\\\/\\\/www.caudete.org\\\/ayuntamiento\\\/cine-en-el-auditorio-municipal-los-dias-21-y-22-de-marzo-torrente-presidente\\\/#breadcrumb\",\"itemListElement\":[{\"@type\":\"ListItem\",\"position\":1,\"name\":\"Inicio\",\"item\":\"https:\\\/\\\/www.caudete.org\\\/ayuntamiento\\\/\"},{\"@type\":\"ListItem\",\"position\":2,\"name\":\"Cine en el Auditorio Municipal los d\u00edas 21 y 22 de marzo: Torrente, Presidente\"}]},{\"@type\":\"WebSite\",\"@id\":\"https:\\\/\\\/www.caudete.org\\\/ayuntamiento\\\/#website\",\"url\":\"https:\\\/\\\/www.caudete.org\\\/ayuntamiento\\\/\",\"name\":\"MI Ayuntamiento de Caudete\",\"description\":\"P\u00e1gina Oficial del MI Ayuntamiento de Caudete\",\"potentialAction\":[{\"@type\":\"SearchAction\",\"target\":{\"@type\":\"EntryPoint\",\"urlTemplate\":\"https:\\\/\\\/www.caudete.org\\\/ayuntamiento\\\/?s={search_term_string}\"},\"query-input\":{\"@type\":\"PropertyValueSpecification\",\"valueRequired\":true,\"valueName\":\"search_term_string\"}}],\"inLanguage\":\"es\"},{\"@type\":\"Person\",\"@id\":\"https:\\\/\\\/www.caudete.org\\\/ayuntamiento\\\/#\\\/schema\\\/person\\\/abfa5ffd5010a14e078c21e6e61b6291\",\"name\":\"informatica2\",\"image\":{\"@type\":\"ImageObject\",\"inLanguage\":\"es\",\"@id\":\"https:\\\/\\\/secure.gravatar.com\\\/avatar\\\/b089890ff033a3e4d03eec00ecb5a14425217205c513f60ec32ebeaaeb5fa700?s=96&d=mm&r=g\",\"url\":\"https:\\\/\\\/secure.gravatar.com\\\/avatar\\\/b089890ff033a3e4d03eec00ecb5a14425217205c513f60ec32ebeaaeb5fa700?s=96&d=mm&r=g\",\"contentUrl\":\"https:\\\/\\\/secure.gravatar.com\\\/avatar\\\/b089890ff033a3e4d03eec00ecb5a14425217205c513f60ec32ebeaaeb5fa700?s=96&d=mm&r=g\",\"caption\":\"informatica2\"},\"url\":\"https:\\\/\\\/www.caudete.org\\\/ayuntamiento\\\/author\\\/informatica2\\\/\"}]}<\/script>\n<!-- \/ Yoast SEO plugin. -->","yoast_head_json":{"title":"Cine en el Auditorio Municipal los d\u00edas 21 y 22 de marzo: Torrente, Presidente - MI Ayuntamiento de Caudete","description":"P\u00e1gina Oficial del Ayuntamiento de Caudete (Albacete)","robots":{"index":"index","follow":"follow","max-snippet":"max-snippet:-1","max-image-preview":"max-image-preview:large","max-video-preview":"max-video-preview:-1"},"canonical":"https:\/\/www.caudete.org\/ayuntamiento\/cine-en-el-auditorio-municipal-los-dias-21-y-22-de-marzo-torrente-presidente\/","og_locale":"es_ES","og_type":"article","og_title":"Cine en el Auditorio Municipal los d\u00edas 21 y 22 de marzo: Torrente, Presidente - MI Ayuntamiento de Caudete","og_description":"P\u00e1gina Oficial del Ayuntamiento de Caudete (Albacete)","og_url":"https:\/\/www.caudete.org\/ayuntamiento\/cine-en-el-auditorio-municipal-los-dias-21-y-22-de-marzo-torrente-presidente\/","og_site_name":"MI Ayuntamiento de Caudete","article_publisher":"https:\/\/www.facebook.com\/ayuntamientocaudete\/","article_published_time":"2026-03-16T08:23:46+00:00","article_modified_time":"2026-03-23T08:08:43+00:00","og_image":[{"width":1000,"height":600,"url":"https:\/\/www.caudete.org\/ayuntamiento\/wp-content\/uploads\/2026\/03\/Torrente-Presidente.jpg","type":"image\/jpeg"}],"author":"informatica2","twitter_card":"summary_large_image","twitter_misc":{"Escrito por":"informatica2","Tiempo de lectura":"2 minutos"},"schema":{"@context":"https:\/\/schema.org","@graph":[{"@type":"Article","@id":"https:\/\/www.caudete.org\/ayuntamiento\/cine-en-el-auditorio-municipal-los-dias-21-y-22-de-marzo-torrente-presidente\/#article","isPartOf":{"@id":"https:\/\/www.caudete.org\/ayuntamiento\/cine-en-el-auditorio-municipal-los-dias-21-y-22-de-marzo-torrente-presidente\/"},"author":{"name":"informatica2","@id":"https:\/\/www.caudete.org\/ayuntamiento\/#\/schema\/person\/abfa5ffd5010a14e078c21e6e61b6291"},"headline":"Cine en el Auditorio Municipal los d\u00edas 21 y 22 de marzo: Torrente, Presidente","datePublished":"2026-03-16T08:23:46+00:00","dateModified":"2026-03-23T08:08:43+00:00","mainEntityOfPage":{"@id":"https:\/\/www.caudete.org\/ayuntamiento\/cine-en-el-auditorio-municipal-los-dias-21-y-22-de-marzo-torrente-presidente\/"},"wordCount":225,"image":{"@id":"https:\/\/www.caudete.org\/ayuntamiento\/cine-en-el-auditorio-municipal-los-dias-21-y-22-de-marzo-torrente-presidente\/#primaryimage"},"thumbnailUrl":"https:\/\/www.caudete.org\/ayuntamiento\/wp-content\/uploads\/2026\/03\/Torrente-Presidente.jpg","articleSection":["Cultura"],"inLanguage":"es"},{"@type":"WebPage","@id":"https:\/\/www.caudete.org\/ayuntamiento\/cine-en-el-auditorio-municipal-los-dias-21-y-22-de-marzo-torrente-presidente\/","url":"https:\/\/www.caudete.org\/ayuntamiento\/cine-en-el-auditorio-municipal-los-dias-21-y-22-de-marzo-torrente-presidente\/","name":"Cine en el Auditorio Municipal los d\u00edas 21 y 22 de marzo: Torrente, Presidente - MI Ayuntamiento de Caudete","isPartOf":{"@id":"https:\/\/www.caudete.org\/ayuntamiento\/#website"},"primaryImageOfPage":{"@id":"https:\/\/www.caudete.org\/ayuntamiento\/cine-en-el-auditorio-municipal-los-dias-21-y-22-de-marzo-torrente-presidente\/#primaryimage"},"image":{"@id":"https:\/\/www.caudete.org\/ayuntamiento\/cine-en-el-auditorio-municipal-los-dias-21-y-22-de-marzo-torrente-presidente\/#primaryimage"},"thumbnailUrl":"https:\/\/www.caudete.org\/ayuntamiento\/wp-content\/uploads\/2026\/03\/Torrente-Presidente.jpg","datePublished":"2026-03-16T08:23:46+00:00","dateModified":"2026-03-23T08:08:43+00:00","author":{"@id":"https:\/\/www.caudete.org\/ayuntamiento\/#\/schema\/person\/abfa5ffd5010a14e078c21e6e61b6291"},"description":"P\u00e1gina Oficial del Ayuntamiento de Caudete (Albacete)","breadcrumb":{"@id":"https:\/\/www.caudete.org\/ayuntamiento\/cine-en-el-auditorio-municipal-los-dias-21-y-22-de-marzo-torrente-presidente\/#breadcrumb"},"inLanguage":"es","potentialAction":[{"@type":"ReadAction","target":["https:\/\/www.caudete.org\/ayuntamiento\/cine-en-el-auditorio-municipal-los-dias-21-y-22-de-marzo-torrente-presidente\/"]}]},{"@type":"ImageObject","inLanguage":"es","@id":"https:\/\/www.caudete.org\/ayuntamiento\/cine-en-el-auditorio-municipal-los-dias-21-y-22-de-marzo-torrente-presidente\/#primaryimage","url":"https:\/\/www.caudete.org\/ayuntamiento\/wp-content\/uploads\/2026\/03\/Torrente-Presidente.jpg","contentUrl":"https:\/\/www.caudete.org\/ayuntamiento\/wp-content\/uploads\/2026\/03\/Torrente-Presidente.jpg","width":1000,"height":600},{"@type":"BreadcrumbList","@id":"https:\/\/www.caudete.org\/ayuntamiento\/cine-en-el-auditorio-municipal-los-dias-21-y-22-de-marzo-torrente-presidente\/#breadcrumb","itemListElement":[{"@type":"ListItem","position":1,"name":"Inicio","item":"https:\/\/www.caudete.org\/ayuntamiento\/"},{"@type":"ListItem","position":2,"name":"Cine en el Auditorio Municipal los d\u00edas 21 y 22 de marzo: Torrente, Presidente"}]},{"@type":"WebSite","@id":"https:\/\/www.caudete.org\/ayuntamiento\/#website","url":"https:\/\/www.caudete.org\/ayuntamiento\/","name":"MI Ayuntamiento de Caudete","description":"P\u00e1gina Oficial del MI Ayuntamiento de Caudete","potentialAction":[{"@type":"SearchAction","target":{"@type":"EntryPoint","urlTemplate":"https:\/\/www.caudete.org\/ayuntamiento\/?s={search_term_string}"},"query-input":{"@type":"PropertyValueSpecification","valueRequired":true,"valueName":"search_term_string"}}],"inLanguage":"es"},{"@type":"Person","@id":"https:\/\/www.caudete.org\/ayuntamiento\/#\/schema\/person\/abfa5ffd5010a14e078c21e6e61b6291","name":"informatica2","image":{"@type":"ImageObject","inLanguage":"es","@id":"https:\/\/secure.gravatar.com\/avatar\/b089890ff033a3e4d03eec00ecb5a14425217205c513f60ec32ebeaaeb5fa700?s=96&d=mm&r=g","url":"https:\/\/secure.gravatar.com\/avatar\/b089890ff033a3e4d03eec00ecb5a14425217205c513f60ec32ebeaaeb5fa700?s=96&d=mm&r=g","contentUrl":"https:\/\/secure.gravatar.com\/avatar\/b089890ff033a3e4d03eec00ecb5a14425217205c513f60ec32ebeaaeb5fa700?s=96&d=mm&r=g","caption":"informatica2"},"url":"https:\/\/www.caudete.org\/ayuntamiento\/author\/informatica2\/"}]}},"_links":{"self":[{"href":"https:\/\/www.caudete.org\/ayuntamiento\/wp-json\/wp\/v2\/posts\/32999","targetHints":{"allow":["GET"]}}],"collection":[{"href":"https:\/\/www.caudete.org\/ayuntamiento\/wp-json\/wp\/v2\/posts"}],"about":[{"href":"https:\/\/www.caudete.org\/ayuntamiento\/wp-json\/wp\/v2\/types\/post"}],"author":[{"embeddable":true,"href":"https:\/\/www.caudete.org\/ayuntamiento\/wp-json\/wp\/v2\/users\/6"}],"replies":[{"embeddable":true,"href":"https:\/\/www.caudete.org\/ayuntamiento\/wp-json\/wp\/v2\/comments?post=32999"}],"version-history":[{"count":5,"href":"https:\/\/www.caudete.org\/ayuntamiento\/wp-json\/wp\/v2\/posts\/32999\/revisions"}],"predecessor-version":[{"id":33018,"href":"https:\/\/www.caudete.org\/ayuntamiento\/wp-json\/wp\/v2\/posts\/32999\/revisions\/33018"}],"wp:featuredmedia":[{"embeddable":true,"href":"https:\/\/www.caudete.org\/ayuntamiento\/wp-json\/wp\/v2\/media\/33002"}],"wp:attachment":[{"href":"https:\/\/www.caudete.org\/ayuntamiento\/wp-json\/wp\/v2\/media?parent=32999"}],"wp:term":[{"taxonomy":"category","embeddable":true,"href":"https:\/\/www.caudete.org\/ayuntamiento\/wp-json\/wp\/v2\/categories?post=32999"},{"taxonomy":"post_tag","embeddable":true,"href":"https:\/\/www.caudete.org\/ayuntamiento\/wp-json\/wp\/v2\/tags?post=32999"}],"curies":[{"name":"wp","href":"https:\/\/api.w.org\/{rel}","templated":true}]}}