{"id":33048,"date":"2026-03-18T08:44:50","date_gmt":"2026-03-18T07:44:50","guid":{"rendered":"https:\/\/www.caudete.org\/ayuntamiento\/?p=33048"},"modified":"2026-04-27T08:56:14","modified_gmt":"2026-04-27T06:56:14","slug":"abierto-el-plazo-de-inscripcion-para-la-viii-bienal-internacional-de-caudete-2026","status":"publish","type":"post","link":"https:\/\/www.caudete.org\/ayuntamiento\/abierto-el-plazo-de-inscripcion-para-la-viii-bienal-internacional-de-caudete-2026\/","title":{"rendered":"Abierto el plazo de inscripci\u00f3n para la VIII Bienal Internacional de Caudete 2026"},"content":{"rendered":"<p class=\"western\" style=\"text-align: justify;\" align=\"left\"><span style=\"font-family: georgia; font-size: 12pt;\">Manuela Gonz\u00e1lez Solera, Concejala de Cultura del M.I. Ayuntamiento de Caudete, junto con Antonio Requena Solera, Presidente del Taller de Arte \u201cVilla de Caudete\u201d, informan que, tras la publicaci\u00f3n oficial en el Bolet\u00edn Oficial de la Provincia (B.O.P.) de Albacete el pasado 9 de marzo de 2026, anuncia que ya se encuentra abierto el plazo para que artistas de todo el mundo presenten sus propuestas.<\/span><\/p>\n<p class=\"western\" style=\"text-align: justify;\" align=\"left\"><span style=\"font-family: georgia; font-size: 12pt;\">Esta edici\u00f3n contin\u00faa su labor de fomentar la acuarela contempor\u00e1nea y la investigaci\u00f3n en este medio, impulsando el uso de t\u00e9cnicas mixtas, soportes innovadores y nuevos conceptos art\u00edsticos.<br \/>\n<\/span><\/p>\n<p class=\"western\" style=\"text-align: justify;\" align=\"left\"><span style=\"font-family: georgia; font-size: 12pt;\">Los artistas interesados podr\u00e1n formalizar su participaci\u00f3n hasta el 3 de mayo de 2026 inclusive. La convocatoria est\u00e1 abierta a cualquier artista pl\u00e1stico tanto de \u00e1mbito nacional como internacional. Cada autor podr\u00e1 presentar un m\u00e1ximo de dos obras. La base principal de los trabajos debe ser la acuarela, permiti\u00e9ndose cualquier variante en soporte y tratamiento. El proceso se realizar\u00e1 exclusivamente de forma online a trav\u00e9s del formulario disponible en la web oficial: <span style=\"color: #0000ff;\"><u><a href=\"https:\/\/bienalinternacionalcaudete.com\/\" target=\"_blank\" rel=\"noopener nofollow\">bienalinternacionalcaudete.com<\/a><\/u><\/span><\/span><\/p>\n<p class=\"western\" style=\"text-align: justify;\" align=\"left\"><span style=\"font-family: georgia; font-size: 12pt;\">La Bienal se divide en dos grandes categor\u00edas que buscan explorar las Nuevas T\u00e9cnicas, Conceptos y Desarrollos en Acuarela:<\/span><\/p>\n<ul style=\"text-align: justify;\">\n<li>\n<p class=\"western\" align=\"left\"><span style=\"font-family: georgia; font-size: 12pt;\"><b>VIII Bienal Internacional de Caudete 2026<\/b>: Centrada en formatos de pliego entero (56&#215;76 cm), medio (38&#215;56 cm) o cuarto de pliego (38&#215;28 cm). La cuota de inscripci\u00f3n para esta fase de preselecci\u00f3n es de 40 \u20ac.<\/span><\/p>\n<\/li>\n<li>\n<p class=\"western\" align=\"left\"><span style=\"font-family: georgia; font-size: 12pt;\"><b>V Concurso de Acuarelibros:<\/b> Una iniciativa espec\u00edfica para impulsar la creaci\u00f3n de libros de artista. Las obras pueden tener tema y tama\u00f1o libres, siempre que utilicen la acuarela como base principal. La cuota de inscripci\u00f3n para este certamen es de 20 \u20ac.<\/span><\/p>\n<\/li>\n<\/ul>\n<p class=\"western\" style=\"text-align: justify;\" align=\"left\"><span style=\"font-family: georgia; font-size: 12pt;\">Un jurado cualificado seleccionar\u00e1 las obras que formar\u00e1n parte de la gran exposici\u00f3n en la Casa de Cultura de Caudete, que tendr\u00e1 lugar del 2 al 25 de octubre de 2026.<\/span><\/p>\n<p class=\"western\" style=\"text-align: justify;\" align=\"left\"><span style=\"font-family: georgia; font-size: 12pt;\">Los ganadores de la BIC, recibir\u00e1n medallas de Oro, Plata y Bronce, de la Bienal y las obras premiadas pasar\u00e1n a formar parte de los fondos de la Bienal Internacional Caudete.<\/span><\/p>\n<p class=\"western\" style=\"text-align: justify;\" align=\"left\"><span style=\"font-family: georgia; font-size: 12pt;\">Para m\u00e1s informaci\u00f3n sobre las bases completas y el proceso de env\u00edo de obras seleccionadas, los interesados pueden consultar el sitio web oficial o contactar con la Casa de Cultura de Caudete al tel\u00e9fono +34 965 82 81 30.<\/span><\/p>\n<p style=\"text-align: justify;\" align=\"left\">\u2022 <a href=\"https:\/\/www.caudete.org\/ayuntamiento\/wp-content\/uploads\/2026\/03\/Bases-Acuarelibros-2026-Castellano.pdf\" class=\"mtli_attachment mtli_pdf\">Bases Acuarelibros 2026 Castellano<\/a><\/p>\n<p style=\"text-align: justify;\" align=\"left\">\u2022 <a href=\"https:\/\/www.caudete.org\/ayuntamiento\/wp-content\/uploads\/2026\/03\/Bases-VIII-BIC-2026-Castellano.pdf\" class=\"mtli_attachment mtli_pdf\">Bases VIII BIC 2026 Castellano<\/a><\/p>\n<p align=\"left\"><img fetchpriority=\"high\" decoding=\"async\" class=\"alignnone wp-image-33080 size-full\" src=\"https:\/\/www.caudete.org\/ayuntamiento\/wp-content\/uploads\/2026\/03\/noticia.jpg\" alt=\"\" width=\"1000\" height=\"563\" srcset=\"https:\/\/www.caudete.org\/ayuntamiento\/wp-content\/uploads\/2026\/03\/noticia.jpg 1000w, https:\/\/www.caudete.org\/ayuntamiento\/wp-content\/uploads\/2026\/03\/noticia-350x197.jpg 350w, https:\/\/www.caudete.org\/ayuntamiento\/wp-content\/uploads\/2026\/03\/noticia-768x432.jpg 768w\" sizes=\"(max-width: 1000px) 100vw, 1000px\" \/><\/p>\n<p style=\"text-align: justify;\" align=\"left\"><a href=\"https:\/\/www.caudete.org\/ayuntamiento\/wp-content\/uploads\/2026\/03\/logo-bic-def-web.jpg\" rel='prettyPhoto'><img decoding=\"async\" class=\"alignleft wp-image-33050 size-full\" src=\"https:\/\/www.caudete.org\/ayuntamiento\/wp-content\/uploads\/2026\/03\/logo-bic-def-web.jpg\" alt=\"\" width=\"993\" height=\"885\" srcset=\"https:\/\/www.caudete.org\/ayuntamiento\/wp-content\/uploads\/2026\/03\/logo-bic-def-web.jpg 993w, https:\/\/www.caudete.org\/ayuntamiento\/wp-content\/uploads\/2026\/03\/logo-bic-def-web-898x800.jpg 898w, https:\/\/www.caudete.org\/ayuntamiento\/wp-content\/uploads\/2026\/03\/logo-bic-def-web-247x220.jpg 247w, https:\/\/www.caudete.org\/ayuntamiento\/wp-content\/uploads\/2026\/03\/logo-bic-def-web-768x684.jpg 768w\" sizes=\"(max-width: 993px) 100vw, 993px\" \/><\/a><\/p>\n","protected":false},"excerpt":{"rendered":"<p>Manuela Gonz\u00e1lez Solera, Concejala de Cultura del M.I. Ayuntamiento de Caudete, junto con Antonio Requena Solera, Presidente del Taller de Arte \u201cVilla de Caudete\u201d, informan que, tras la publicaci\u00f3n oficial en el Bolet\u00edn Oficial de la Provincia (B.O.P.) de Albacete el pasado 9 de marzo de 2026, anuncia que ya se encuentra abierto el plazo &hellip;<\/p>\n","protected":false},"author":6,"featured_media":33049,"comment_status":"closed","ping_status":"open","sticky":false,"template":"","format":"standard","meta":{"ngg_post_thumbnail":0,"footnotes":""},"categories":[14],"tags":[],"class_list":["post-33048","post","type-post","status-publish","format-standard","has-post-thumbnail","hentry","category-cultura"],"yoast_head":"<!-- This site is optimized with the Yoast SEO plugin v27.5 - https:\/\/yoast.com\/product\/yoast-seo-wordpress\/ -->\n<title>Abierto el plazo de inscripci\u00f3n para la VIII Bienal Internacional de Caudete 2026 - MI Ayuntamiento de Caudete<\/title>\n<meta name=\"description\" content=\"P\u00e1gina Oficial del Ayuntamiento de Caudete (Albacete)\" \/>\n<meta name=\"robots\" content=\"index, follow, max-snippet:-1, max-image-preview:large, max-video-preview:-1\" \/>\n<link rel=\"canonical\" href=\"https:\/\/www.caudete.org\/ayuntamiento\/abierto-el-plazo-de-inscripcion-para-la-viii-bienal-internacional-de-caudete-2026\/\" \/>\n<meta property=\"og:locale\" content=\"es_ES\" \/>\n<meta property=\"og:type\" content=\"article\" \/>\n<meta property=\"og:title\" content=\"Abierto el plazo de inscripci\u00f3n para la VIII Bienal Internacional de Caudete 2026 - MI Ayuntamiento de Caudete\" \/>\n<meta property=\"og:description\" content=\"P\u00e1gina Oficial del Ayuntamiento de Caudete (Albacete)\" \/>\n<meta property=\"og:url\" content=\"https:\/\/www.caudete.org\/ayuntamiento\/abierto-el-plazo-de-inscripcion-para-la-viii-bienal-internacional-de-caudete-2026\/\" \/>\n<meta property=\"og:site_name\" content=\"MI Ayuntamiento de Caudete\" \/>\n<meta property=\"article:publisher\" content=\"https:\/\/www.facebook.com\/ayuntamientocaudete\/\" \/>\n<meta property=\"article:published_time\" content=\"2026-03-18T07:44:50+00:00\" \/>\n<meta property=\"article:modified_time\" content=\"2026-04-27T06:56:14+00:00\" \/>\n<meta property=\"og:image\" content=\"https:\/\/www.caudete.org\/ayuntamiento\/wp-content\/uploads\/2026\/03\/logo-bic-def-port.jpg\" \/>\n\t<meta property=\"og:image:width\" content=\"864\" \/>\n\t<meta property=\"og:image:height\" content=\"380\" \/>\n\t<meta property=\"og:image:type\" content=\"image\/jpeg\" \/>\n<meta name=\"author\" content=\"informatica2\" \/>\n<meta name=\"twitter:card\" content=\"summary_large_image\" \/>\n<meta name=\"twitter:label1\" content=\"Escrito por\" \/>\n\t<meta name=\"twitter:data1\" content=\"informatica2\" \/>\n\t<meta name=\"twitter:label2\" content=\"Tiempo de lectura\" \/>\n\t<meta name=\"twitter:data2\" content=\"3 minutos\" \/>\n<script type=\"application\/ld+json\" class=\"yoast-schema-graph\">{\"@context\":\"https:\\\/\\\/schema.org\",\"@graph\":[{\"@type\":\"Article\",\"@id\":\"https:\\\/\\\/www.caudete.org\\\/ayuntamiento\\\/abierto-el-plazo-de-inscripcion-para-la-viii-bienal-internacional-de-caudete-2026\\\/#article\",\"isPartOf\":{\"@id\":\"https:\\\/\\\/www.caudete.org\\\/ayuntamiento\\\/abierto-el-plazo-de-inscripcion-para-la-viii-bienal-internacional-de-caudete-2026\\\/\"},\"author\":{\"name\":\"informatica2\",\"@id\":\"https:\\\/\\\/www.caudete.org\\\/ayuntamiento\\\/#\\\/schema\\\/person\\\/abfa5ffd5010a14e078c21e6e61b6291\"},\"headline\":\"Abierto el plazo de inscripci\u00f3n para la VIII Bienal Internacional de Caudete 2026\",\"datePublished\":\"2026-03-18T07:44:50+00:00\",\"dateModified\":\"2026-04-27T06:56:14+00:00\",\"mainEntityOfPage\":{\"@id\":\"https:\\\/\\\/www.caudete.org\\\/ayuntamiento\\\/abierto-el-plazo-de-inscripcion-para-la-viii-bienal-internacional-de-caudete-2026\\\/\"},\"wordCount\":402,\"image\":{\"@id\":\"https:\\\/\\\/www.caudete.org\\\/ayuntamiento\\\/abierto-el-plazo-de-inscripcion-para-la-viii-bienal-internacional-de-caudete-2026\\\/#primaryimage\"},\"thumbnailUrl\":\"https:\\\/\\\/www.caudete.org\\\/ayuntamiento\\\/wp-content\\\/uploads\\\/2026\\\/03\\\/logo-bic-def-port.jpg\",\"articleSection\":[\"Cultura\"],\"inLanguage\":\"es\"},{\"@type\":\"WebPage\",\"@id\":\"https:\\\/\\\/www.caudete.org\\\/ayuntamiento\\\/abierto-el-plazo-de-inscripcion-para-la-viii-bienal-internacional-de-caudete-2026\\\/\",\"url\":\"https:\\\/\\\/www.caudete.org\\\/ayuntamiento\\\/abierto-el-plazo-de-inscripcion-para-la-viii-bienal-internacional-de-caudete-2026\\\/\",\"name\":\"Abierto el plazo de inscripci\u00f3n para la VIII Bienal Internacional de Caudete 2026 - MI Ayuntamiento de Caudete\",\"isPartOf\":{\"@id\":\"https:\\\/\\\/www.caudete.org\\\/ayuntamiento\\\/#website\"},\"primaryImageOfPage\":{\"@id\":\"https:\\\/\\\/www.caudete.org\\\/ayuntamiento\\\/abierto-el-plazo-de-inscripcion-para-la-viii-bienal-internacional-de-caudete-2026\\\/#primaryimage\"},\"image\":{\"@id\":\"https:\\\/\\\/www.caudete.org\\\/ayuntamiento\\\/abierto-el-plazo-de-inscripcion-para-la-viii-bienal-internacional-de-caudete-2026\\\/#primaryimage\"},\"thumbnailUrl\":\"https:\\\/\\\/www.caudete.org\\\/ayuntamiento\\\/wp-content\\\/uploads\\\/2026\\\/03\\\/logo-bic-def-port.jpg\",\"datePublished\":\"2026-03-18T07:44:50+00:00\",\"dateModified\":\"2026-04-27T06:56:14+00:00\",\"author\":{\"@id\":\"https:\\\/\\\/www.caudete.org\\\/ayuntamiento\\\/#\\\/schema\\\/person\\\/abfa5ffd5010a14e078c21e6e61b6291\"},\"description\":\"P\u00e1gina Oficial del Ayuntamiento de Caudete (Albacete)\",\"breadcrumb\":{\"@id\":\"https:\\\/\\\/www.caudete.org\\\/ayuntamiento\\\/abierto-el-plazo-de-inscripcion-para-la-viii-bienal-internacional-de-caudete-2026\\\/#breadcrumb\"},\"inLanguage\":\"es\",\"potentialAction\":[{\"@type\":\"ReadAction\",\"target\":[\"https:\\\/\\\/www.caudete.org\\\/ayuntamiento\\\/abierto-el-plazo-de-inscripcion-para-la-viii-bienal-internacional-de-caudete-2026\\\/\"]}]},{\"@type\":\"ImageObject\",\"inLanguage\":\"es\",\"@id\":\"https:\\\/\\\/www.caudete.org\\\/ayuntamiento\\\/abierto-el-plazo-de-inscripcion-para-la-viii-bienal-internacional-de-caudete-2026\\\/#primaryimage\",\"url\":\"https:\\\/\\\/www.caudete.org\\\/ayuntamiento\\\/wp-content\\\/uploads\\\/2026\\\/03\\\/logo-bic-def-port.jpg\",\"contentUrl\":\"https:\\\/\\\/www.caudete.org\\\/ayuntamiento\\\/wp-content\\\/uploads\\\/2026\\\/03\\\/logo-bic-def-port.jpg\",\"width\":864,\"height\":380},{\"@type\":\"BreadcrumbList\",\"@id\":\"https:\\\/\\\/www.caudete.org\\\/ayuntamiento\\\/abierto-el-plazo-de-inscripcion-para-la-viii-bienal-internacional-de-caudete-2026\\\/#breadcrumb\",\"itemListElement\":[{\"@type\":\"ListItem\",\"position\":1,\"name\":\"Inicio\",\"item\":\"https:\\\/\\\/www.caudete.org\\\/ayuntamiento\\\/\"},{\"@type\":\"ListItem\",\"position\":2,\"name\":\"Abierto el plazo de inscripci\u00f3n para la VIII Bienal Internacional de Caudete 2026\"}]},{\"@type\":\"WebSite\",\"@id\":\"https:\\\/\\\/www.caudete.org\\\/ayuntamiento\\\/#website\",\"url\":\"https:\\\/\\\/www.caudete.org\\\/ayuntamiento\\\/\",\"name\":\"MI Ayuntamiento de Caudete\",\"description\":\"P\u00e1gina Oficial del MI Ayuntamiento de Caudete\",\"potentialAction\":[{\"@type\":\"SearchAction\",\"target\":{\"@type\":\"EntryPoint\",\"urlTemplate\":\"https:\\\/\\\/www.caudete.org\\\/ayuntamiento\\\/?s={search_term_string}\"},\"query-input\":{\"@type\":\"PropertyValueSpecification\",\"valueRequired\":true,\"valueName\":\"search_term_string\"}}],\"inLanguage\":\"es\"},{\"@type\":\"Person\",\"@id\":\"https:\\\/\\\/www.caudete.org\\\/ayuntamiento\\\/#\\\/schema\\\/person\\\/abfa5ffd5010a14e078c21e6e61b6291\",\"name\":\"informatica2\",\"image\":{\"@type\":\"ImageObject\",\"inLanguage\":\"es\",\"@id\":\"https:\\\/\\\/secure.gravatar.com\\\/avatar\\\/b089890ff033a3e4d03eec00ecb5a14425217205c513f60ec32ebeaaeb5fa700?s=96&d=mm&r=g\",\"url\":\"https:\\\/\\\/secure.gravatar.com\\\/avatar\\\/b089890ff033a3e4d03eec00ecb5a14425217205c513f60ec32ebeaaeb5fa700?s=96&d=mm&r=g\",\"contentUrl\":\"https:\\\/\\\/secure.gravatar.com\\\/avatar\\\/b089890ff033a3e4d03eec00ecb5a14425217205c513f60ec32ebeaaeb5fa700?s=96&d=mm&r=g\",\"caption\":\"informatica2\"},\"url\":\"https:\\\/\\\/www.caudete.org\\\/ayuntamiento\\\/author\\\/informatica2\\\/\"}]}<\/script>\n<!-- \/ Yoast SEO plugin. -->","yoast_head_json":{"title":"Abierto el plazo de inscripci\u00f3n para la VIII Bienal Internacional de Caudete 2026 - MI Ayuntamiento de Caudete","description":"P\u00e1gina Oficial del Ayuntamiento de Caudete (Albacete)","robots":{"index":"index","follow":"follow","max-snippet":"max-snippet:-1","max-image-preview":"max-image-preview:large","max-video-preview":"max-video-preview:-1"},"canonical":"https:\/\/www.caudete.org\/ayuntamiento\/abierto-el-plazo-de-inscripcion-para-la-viii-bienal-internacional-de-caudete-2026\/","og_locale":"es_ES","og_type":"article","og_title":"Abierto el plazo de inscripci\u00f3n para la VIII Bienal Internacional de Caudete 2026 - MI Ayuntamiento de Caudete","og_description":"P\u00e1gina Oficial del Ayuntamiento de Caudete (Albacete)","og_url":"https:\/\/www.caudete.org\/ayuntamiento\/abierto-el-plazo-de-inscripcion-para-la-viii-bienal-internacional-de-caudete-2026\/","og_site_name":"MI Ayuntamiento de Caudete","article_publisher":"https:\/\/www.facebook.com\/ayuntamientocaudete\/","article_published_time":"2026-03-18T07:44:50+00:00","article_modified_time":"2026-04-27T06:56:14+00:00","og_image":[{"width":864,"height":380,"url":"https:\/\/www.caudete.org\/ayuntamiento\/wp-content\/uploads\/2026\/03\/logo-bic-def-port.jpg","type":"image\/jpeg"}],"author":"informatica2","twitter_card":"summary_large_image","twitter_misc":{"Escrito por":"informatica2","Tiempo de lectura":"3 minutos"},"schema":{"@context":"https:\/\/schema.org","@graph":[{"@type":"Article","@id":"https:\/\/www.caudete.org\/ayuntamiento\/abierto-el-plazo-de-inscripcion-para-la-viii-bienal-internacional-de-caudete-2026\/#article","isPartOf":{"@id":"https:\/\/www.caudete.org\/ayuntamiento\/abierto-el-plazo-de-inscripcion-para-la-viii-bienal-internacional-de-caudete-2026\/"},"author":{"name":"informatica2","@id":"https:\/\/www.caudete.org\/ayuntamiento\/#\/schema\/person\/abfa5ffd5010a14e078c21e6e61b6291"},"headline":"Abierto el plazo de inscripci\u00f3n para la VIII Bienal Internacional de Caudete 2026","datePublished":"2026-03-18T07:44:50+00:00","dateModified":"2026-04-27T06:56:14+00:00","mainEntityOfPage":{"@id":"https:\/\/www.caudete.org\/ayuntamiento\/abierto-el-plazo-de-inscripcion-para-la-viii-bienal-internacional-de-caudete-2026\/"},"wordCount":402,"image":{"@id":"https:\/\/www.caudete.org\/ayuntamiento\/abierto-el-plazo-de-inscripcion-para-la-viii-bienal-internacional-de-caudete-2026\/#primaryimage"},"thumbnailUrl":"https:\/\/www.caudete.org\/ayuntamiento\/wp-content\/uploads\/2026\/03\/logo-bic-def-port.jpg","articleSection":["Cultura"],"inLanguage":"es"},{"@type":"WebPage","@id":"https:\/\/www.caudete.org\/ayuntamiento\/abierto-el-plazo-de-inscripcion-para-la-viii-bienal-internacional-de-caudete-2026\/","url":"https:\/\/www.caudete.org\/ayuntamiento\/abierto-el-plazo-de-inscripcion-para-la-viii-bienal-internacional-de-caudete-2026\/","name":"Abierto el plazo de inscripci\u00f3n para la VIII Bienal Internacional de Caudete 2026 - MI Ayuntamiento de Caudete","isPartOf":{"@id":"https:\/\/www.caudete.org\/ayuntamiento\/#website"},"primaryImageOfPage":{"@id":"https:\/\/www.caudete.org\/ayuntamiento\/abierto-el-plazo-de-inscripcion-para-la-viii-bienal-internacional-de-caudete-2026\/#primaryimage"},"image":{"@id":"https:\/\/www.caudete.org\/ayuntamiento\/abierto-el-plazo-de-inscripcion-para-la-viii-bienal-internacional-de-caudete-2026\/#primaryimage"},"thumbnailUrl":"https:\/\/www.caudete.org\/ayuntamiento\/wp-content\/uploads\/2026\/03\/logo-bic-def-port.jpg","datePublished":"2026-03-18T07:44:50+00:00","dateModified":"2026-04-27T06:56:14+00:00","author":{"@id":"https:\/\/www.caudete.org\/ayuntamiento\/#\/schema\/person\/abfa5ffd5010a14e078c21e6e61b6291"},"description":"P\u00e1gina Oficial del Ayuntamiento de Caudete (Albacete)","breadcrumb":{"@id":"https:\/\/www.caudete.org\/ayuntamiento\/abierto-el-plazo-de-inscripcion-para-la-viii-bienal-internacional-de-caudete-2026\/#breadcrumb"},"inLanguage":"es","potentialAction":[{"@type":"ReadAction","target":["https:\/\/www.caudete.org\/ayuntamiento\/abierto-el-plazo-de-inscripcion-para-la-viii-bienal-internacional-de-caudete-2026\/"]}]},{"@type":"ImageObject","inLanguage":"es","@id":"https:\/\/www.caudete.org\/ayuntamiento\/abierto-el-plazo-de-inscripcion-para-la-viii-bienal-internacional-de-caudete-2026\/#primaryimage","url":"https:\/\/www.caudete.org\/ayuntamiento\/wp-content\/uploads\/2026\/03\/logo-bic-def-port.jpg","contentUrl":"https:\/\/www.caudete.org\/ayuntamiento\/wp-content\/uploads\/2026\/03\/logo-bic-def-port.jpg","width":864,"height":380},{"@type":"BreadcrumbList","@id":"https:\/\/www.caudete.org\/ayuntamiento\/abierto-el-plazo-de-inscripcion-para-la-viii-bienal-internacional-de-caudete-2026\/#breadcrumb","itemListElement":[{"@type":"ListItem","position":1,"name":"Inicio","item":"https:\/\/www.caudete.org\/ayuntamiento\/"},{"@type":"ListItem","position":2,"name":"Abierto el plazo de inscripci\u00f3n para la VIII Bienal Internacional de Caudete 2026"}]},{"@type":"WebSite","@id":"https:\/\/www.caudete.org\/ayuntamiento\/#website","url":"https:\/\/www.caudete.org\/ayuntamiento\/","name":"MI Ayuntamiento de Caudete","description":"P\u00e1gina Oficial del MI Ayuntamiento de Caudete","potentialAction":[{"@type":"SearchAction","target":{"@type":"EntryPoint","urlTemplate":"https:\/\/www.caudete.org\/ayuntamiento\/?s={search_term_string}"},"query-input":{"@type":"PropertyValueSpecification","valueRequired":true,"valueName":"search_term_string"}}],"inLanguage":"es"},{"@type":"Person","@id":"https:\/\/www.caudete.org\/ayuntamiento\/#\/schema\/person\/abfa5ffd5010a14e078c21e6e61b6291","name":"informatica2","image":{"@type":"ImageObject","inLanguage":"es","@id":"https:\/\/secure.gravatar.com\/avatar\/b089890ff033a3e4d03eec00ecb5a14425217205c513f60ec32ebeaaeb5fa700?s=96&d=mm&r=g","url":"https:\/\/secure.gravatar.com\/avatar\/b089890ff033a3e4d03eec00ecb5a14425217205c513f60ec32ebeaaeb5fa700?s=96&d=mm&r=g","contentUrl":"https:\/\/secure.gravatar.com\/avatar\/b089890ff033a3e4d03eec00ecb5a14425217205c513f60ec32ebeaaeb5fa700?s=96&d=mm&r=g","caption":"informatica2"},"url":"https:\/\/www.caudete.org\/ayuntamiento\/author\/informatica2\/"}]}},"_links":{"self":[{"href":"https:\/\/www.caudete.org\/ayuntamiento\/wp-json\/wp\/v2\/posts\/33048","targetHints":{"allow":["GET"]}}],"collection":[{"href":"https:\/\/www.caudete.org\/ayuntamiento\/wp-json\/wp\/v2\/posts"}],"about":[{"href":"https:\/\/www.caudete.org\/ayuntamiento\/wp-json\/wp\/v2\/types\/post"}],"author":[{"embeddable":true,"href":"https:\/\/www.caudete.org\/ayuntamiento\/wp-json\/wp\/v2\/users\/6"}],"replies":[{"embeddable":true,"href":"https:\/\/www.caudete.org\/ayuntamiento\/wp-json\/wp\/v2\/comments?post=33048"}],"version-history":[{"count":5,"href":"https:\/\/www.caudete.org\/ayuntamiento\/wp-json\/wp\/v2\/posts\/33048\/revisions"}],"predecessor-version":[{"id":33082,"href":"https:\/\/www.caudete.org\/ayuntamiento\/wp-json\/wp\/v2\/posts\/33048\/revisions\/33082"}],"wp:featuredmedia":[{"embeddable":true,"href":"https:\/\/www.caudete.org\/ayuntamiento\/wp-json\/wp\/v2\/media\/33049"}],"wp:attachment":[{"href":"https:\/\/www.caudete.org\/ayuntamiento\/wp-json\/wp\/v2\/media?parent=33048"}],"wp:term":[{"taxonomy":"category","embeddable":true,"href":"https:\/\/www.caudete.org\/ayuntamiento\/wp-json\/wp\/v2\/categories?post=33048"},{"taxonomy":"post_tag","embeddable":true,"href":"https:\/\/www.caudete.org\/ayuntamiento\/wp-json\/wp\/v2\/tags?post=33048"}],"curies":[{"name":"wp","href":"https:\/\/api.w.org\/{rel}","templated":true}]}}