{"id":33576,"date":"2026-04-16T14:30:58","date_gmt":"2026-04-16T12:30:58","guid":{"rendered":"https:\/\/www.caudete.org\/ayuntamiento\/?p=33576"},"modified":"2026-04-17T09:56:12","modified_gmt":"2026-04-17T07:56:12","slug":"presentacion-de-la-nueva-gerencia-del-bar-del-club-de-tenis-verde-oliva","status":"publish","type":"post","link":"https:\/\/www.caudete.org\/ayuntamiento\/presentacion-de-la-nueva-gerencia-del-bar-del-club-de-tenis-verde-oliva\/","title":{"rendered":"Presentaci\u00f3n de la nueva gerencia del Bar del Club de Tenis \u201cVerde Oliva\u201d"},"content":{"rendered":"<p style=\"text-align: justify;\">La Concejal\u00eda de Comercio, con su concejal Diego Cuenca Olivares, contin\u00faa apoyando la iniciativa empresarial local a trav\u00e9s de la campa\u00f1a Caudete Emprende, con la que se da visibilidad a los nuevos comercios y emprendedores de la localidad.<\/p>\n<p style=\"text-align: justify;\">En esta ocasi\u00f3n, nos presenta el restaurante del Club de Tenis \u201cVerde Oliva\u201d, regentado por Carol y Sandra. Quienes nos cuentan en primera persona los motivos que les han llevado a abrir este restaurante y lo que ofrecen en \u00e9l:<\/p>\n<p style=\"text-align: justify;\">Somos Sandra y Carol, profesionales con una amplia trayectoria en el sector de la hosteler\u00eda en Pamplona, donde durante a\u00f1os hemos gestionado nuestro propio restaurante. Ahora iniciamos una nueva etapa al frente de la gerencia del Club de Tenis de Caudete, un proyecto que afrontamos con mucha ilusi\u00f3n y compromiso.<\/p>\n<p style=\"text-align: justify;\">Hace aproximadamente un mes que comenzamos esta andadura, ofreciendo una carta variada, din\u00e1mica y pensada para todos los p\u00fablicos, que est\u00e1 teniendo una muy buena acogida entre nuestros clientes. Adem\u00e1s, contamos con un men\u00fa especial de fin de semana, disponible s\u00e1bados y domingos por 25 euros, que incluye dos bebidas, postre, caf\u00e9, dos entrantes para compartir al centro de la mesa y un plato principal a elegir. Tambi\u00e9n hemos querido apostar por un detalle atractivo como es el primer combinado a 4 euros.<\/p>\n<p style=\"text-align: justify;\">Otra de nuestras propuestas es el JUEPINCHO, que celebramos todos los jueves de 19:00 a 21:00 horas. En este espacio ofrecemos bebida y pincho por 2,50 euros, con la idea de crear un ambiente cercano donde la gente pueda encontrarse, desconectar despu\u00e9s del trabajo y compartir un buen rato.<\/p>\n<p style=\"text-align: justify;\">De cara a los pr\u00f3ximos meses, tenemos previsto incorporar nuevas iniciativas como catas de vino y cenas tem\u00e1ticas, aunque poco a poco, ya que acabamos de empezar y estamos centradas en consolidar esta primera etapa.<\/p>\n<p style=\"text-align: justify;\">Tambi\u00e9n ofrecemos men\u00fas personalizados para eventos, que dise\u00f1amos junto a cada cliente, adapt\u00e1ndonos a sus gustos y necesidades. Nos gusta trabajar de manera conjunta para crear tanto el men\u00fa como el ambiente perfecto, con la posibilidad de celebrar estos encuentros en la terraza o en el interior.<\/p>\n<p style=\"text-align: justify;\">Uno de los pilares fundamentales de nuestro proyecto es el compromiso con el comercio local. Trabajamos principalmente con proveedores de Caudete para productos como verduras y carnes, apostando por la calidad y por apoyar a las tiendas de la zona, aunque tambi\u00e9n contamos con otros proveedores.<\/p>\n<p style=\"text-align: justify;\">Nuestro horario actual es de jueves a domingo, desde las 9:00 de la ma\u00f1ana hasta el cierre, y a partir del mes de junio ampliaremos la apertura a todos los d\u00edas de la semana.<\/p>\n<p style=\"text-align: justify;\">Queremos agradecer especialmente al Club de Tenis de Caudete por la confianza depositada en nosotras, as\u00ed como a la directiva y los socios del club por toda la ayuda que nos han brindado en este inicio.<\/p>\n<p style=\"text-align: justify;\">Empezamos este camino con muchas ganas y con el objetivo de crear un espacio donde la gente disfrute, se sienta a gusto y quiera volver.<\/p>\n<p style=\"text-align: justify;\">Desde la Concejal\u00eda de Comercio se destaca que la campa\u00f1a Caudete Emprende tiene como objetivo dar a conocer los nuevos comercios y emprendedores del municipio, apoyando su consolidaci\u00f3n y fomentando el comercio local como motor econ\u00f3mico y social de Caudete.<\/p>\n<p style=\"text-align: justify;\">Desde el M.I. Ayuntamiento de Caudete se invita a la poblaci\u00f3n a apoyar el comercio local y a visitar Verde Oliva.<\/p>\n<p><a href=\"https:\/\/verdeolivacaudete.com\/\" target=\"_blank\" rel=\"nofollow\"><img fetchpriority=\"high\" decoding=\"async\" class=\"aligncenter wp-image-33607 size-full\" src=\"https:\/\/www.caudete.org\/ayuntamiento\/wp-content\/uploads\/2026\/04\/654475306.jpg\" rel='prettyPhoto' alt=\"\" width=\"448\" height=\"306\" srcset=\"https:\/\/www.caudete.org\/ayuntamiento\/wp-content\/uploads\/2026\/04\/654475306.jpg 448w, https:\/\/www.caudete.org\/ayuntamiento\/wp-content\/uploads\/2026\/04\/654475306-322x220.jpg 322w\" sizes=\"(max-width: 448px) 100vw, 448px\" \/><\/a><\/p>\n","protected":false},"excerpt":{"rendered":"<p>La Concejal\u00eda de Comercio, con su concejal Diego Cuenca Olivares, contin\u00faa apoyando la iniciativa empresarial local a trav\u00e9s de la campa\u00f1a Caudete Emprende, con la que se da visibilidad a los nuevos comercios y emprendedores de la localidad. En esta ocasi\u00f3n, nos presenta el restaurante del Club de Tenis \u201cVerde Oliva\u201d, regentado por Carol y &hellip;<\/p>\n","protected":false},"author":6,"featured_media":33606,"comment_status":"closed","ping_status":"open","sticky":false,"template":"","format":"standard","meta":{"ngg_post_thumbnail":0,"footnotes":""},"categories":[42],"tags":[],"class_list":["post-33576","post","type-post","status-publish","format-standard","has-post-thumbnail","hentry","category-comercio"],"yoast_head":"<!-- This site is optimized with the Yoast SEO plugin v27.4 - https:\/\/yoast.com\/product\/yoast-seo-wordpress\/ -->\n<title>Presentaci\u00f3n de la nueva gerencia del Bar del Club de Tenis \u201cVerde Oliva\u201d - MI Ayuntamiento de Caudete<\/title>\n<meta name=\"description\" content=\"P\u00e1gina Oficial del Ayuntamiento de Caudete (Albacete)\" \/>\n<meta name=\"robots\" content=\"index, follow, max-snippet:-1, max-image-preview:large, max-video-preview:-1\" \/>\n<link rel=\"canonical\" href=\"https:\/\/www.caudete.org\/ayuntamiento\/presentacion-de-la-nueva-gerencia-del-bar-del-club-de-tenis-verde-oliva\/\" \/>\n<meta property=\"og:locale\" content=\"es_ES\" \/>\n<meta property=\"og:type\" content=\"article\" \/>\n<meta property=\"og:title\" content=\"Presentaci\u00f3n de la nueva gerencia del Bar del Club de Tenis \u201cVerde Oliva\u201d - MI Ayuntamiento de Caudete\" \/>\n<meta property=\"og:description\" content=\"P\u00e1gina Oficial del Ayuntamiento de Caudete (Albacete)\" \/>\n<meta property=\"og:url\" content=\"https:\/\/www.caudete.org\/ayuntamiento\/presentacion-de-la-nueva-gerencia-del-bar-del-club-de-tenis-verde-oliva\/\" \/>\n<meta property=\"og:site_name\" content=\"MI Ayuntamiento de Caudete\" \/>\n<meta property=\"article:publisher\" content=\"https:\/\/www.facebook.com\/ayuntamientocaudete\/\" \/>\n<meta property=\"article:published_time\" content=\"2026-04-16T12:30:58+00:00\" \/>\n<meta property=\"article:modified_time\" content=\"2026-04-17T07:56:12+00:00\" \/>\n<meta property=\"og:image\" content=\"https:\/\/www.caudete.org\/ayuntamiento\/wp-content\/uploads\/2026\/04\/foto.jpg\" \/>\n\t<meta property=\"og:image:width\" content=\"1000\" \/>\n\t<meta property=\"og:image:height\" content=\"451\" \/>\n\t<meta property=\"og:image:type\" content=\"image\/jpeg\" \/>\n<meta name=\"author\" content=\"informatica2\" \/>\n<meta name=\"twitter:card\" content=\"summary_large_image\" \/>\n<meta name=\"twitter:label1\" content=\"Escrito por\" \/>\n\t<meta name=\"twitter:data1\" content=\"informatica2\" \/>\n\t<meta name=\"twitter:label2\" content=\"Tiempo de lectura\" \/>\n\t<meta name=\"twitter:data2\" content=\"3 minutos\" \/>\n<script type=\"application\/ld+json\" class=\"yoast-schema-graph\">{\"@context\":\"https:\\\/\\\/schema.org\",\"@graph\":[{\"@type\":\"Article\",\"@id\":\"https:\\\/\\\/www.caudete.org\\\/ayuntamiento\\\/presentacion-de-la-nueva-gerencia-del-bar-del-club-de-tenis-verde-oliva\\\/#article\",\"isPartOf\":{\"@id\":\"https:\\\/\\\/www.caudete.org\\\/ayuntamiento\\\/presentacion-de-la-nueva-gerencia-del-bar-del-club-de-tenis-verde-oliva\\\/\"},\"author\":{\"name\":\"informatica2\",\"@id\":\"https:\\\/\\\/www.caudete.org\\\/ayuntamiento\\\/#\\\/schema\\\/person\\\/abfa5ffd5010a14e078c21e6e61b6291\"},\"headline\":\"Presentaci\u00f3n de la nueva gerencia del Bar del Club de Tenis \u201cVerde Oliva\u201d\",\"datePublished\":\"2026-04-16T12:30:58+00:00\",\"dateModified\":\"2026-04-17T07:56:12+00:00\",\"mainEntityOfPage\":{\"@id\":\"https:\\\/\\\/www.caudete.org\\\/ayuntamiento\\\/presentacion-de-la-nueva-gerencia-del-bar-del-club-de-tenis-verde-oliva\\\/\"},\"wordCount\":581,\"publisher\":{\"@id\":\"https:\\\/\\\/www.caudete.org\\\/ayuntamiento\\\/#organization\"},\"image\":{\"@id\":\"https:\\\/\\\/www.caudete.org\\\/ayuntamiento\\\/presentacion-de-la-nueva-gerencia-del-bar-del-club-de-tenis-verde-oliva\\\/#primaryimage\"},\"thumbnailUrl\":\"https:\\\/\\\/www.caudete.org\\\/ayuntamiento\\\/wp-content\\\/uploads\\\/2026\\\/04\\\/foto.jpg\",\"articleSection\":[\"Comercio\"],\"inLanguage\":\"es\"},{\"@type\":\"WebPage\",\"@id\":\"https:\\\/\\\/www.caudete.org\\\/ayuntamiento\\\/presentacion-de-la-nueva-gerencia-del-bar-del-club-de-tenis-verde-oliva\\\/\",\"url\":\"https:\\\/\\\/www.caudete.org\\\/ayuntamiento\\\/presentacion-de-la-nueva-gerencia-del-bar-del-club-de-tenis-verde-oliva\\\/\",\"name\":\"Presentaci\u00f3n de la nueva gerencia del Bar del Club de Tenis \u201cVerde Oliva\u201d - MI Ayuntamiento de Caudete\",\"isPartOf\":{\"@id\":\"https:\\\/\\\/www.caudete.org\\\/ayuntamiento\\\/#website\"},\"primaryImageOfPage\":{\"@id\":\"https:\\\/\\\/www.caudete.org\\\/ayuntamiento\\\/presentacion-de-la-nueva-gerencia-del-bar-del-club-de-tenis-verde-oliva\\\/#primaryimage\"},\"image\":{\"@id\":\"https:\\\/\\\/www.caudete.org\\\/ayuntamiento\\\/presentacion-de-la-nueva-gerencia-del-bar-del-club-de-tenis-verde-oliva\\\/#primaryimage\"},\"thumbnailUrl\":\"https:\\\/\\\/www.caudete.org\\\/ayuntamiento\\\/wp-content\\\/uploads\\\/2026\\\/04\\\/foto.jpg\",\"datePublished\":\"2026-04-16T12:30:58+00:00\",\"dateModified\":\"2026-04-17T07:56:12+00:00\",\"description\":\"P\u00e1gina Oficial del Ayuntamiento de Caudete (Albacete)\",\"breadcrumb\":{\"@id\":\"https:\\\/\\\/www.caudete.org\\\/ayuntamiento\\\/presentacion-de-la-nueva-gerencia-del-bar-del-club-de-tenis-verde-oliva\\\/#breadcrumb\"},\"inLanguage\":\"es\",\"potentialAction\":[{\"@type\":\"ReadAction\",\"target\":[\"https:\\\/\\\/www.caudete.org\\\/ayuntamiento\\\/presentacion-de-la-nueva-gerencia-del-bar-del-club-de-tenis-verde-oliva\\\/\"]}]},{\"@type\":\"ImageObject\",\"inLanguage\":\"es\",\"@id\":\"https:\\\/\\\/www.caudete.org\\\/ayuntamiento\\\/presentacion-de-la-nueva-gerencia-del-bar-del-club-de-tenis-verde-oliva\\\/#primaryimage\",\"url\":\"https:\\\/\\\/www.caudete.org\\\/ayuntamiento\\\/wp-content\\\/uploads\\\/2026\\\/04\\\/foto.jpg\",\"contentUrl\":\"https:\\\/\\\/www.caudete.org\\\/ayuntamiento\\\/wp-content\\\/uploads\\\/2026\\\/04\\\/foto.jpg\",\"width\":1000,\"height\":451},{\"@type\":\"BreadcrumbList\",\"@id\":\"https:\\\/\\\/www.caudete.org\\\/ayuntamiento\\\/presentacion-de-la-nueva-gerencia-del-bar-del-club-de-tenis-verde-oliva\\\/#breadcrumb\",\"itemListElement\":[{\"@type\":\"ListItem\",\"position\":1,\"name\":\"Inicio\",\"item\":\"https:\\\/\\\/www.caudete.org\\\/ayuntamiento\\\/\"},{\"@type\":\"ListItem\",\"position\":2,\"name\":\"Presentaci\u00f3n de la nueva gerencia del Bar del Club de Tenis \u201cVerde Oliva\u201d\"}]},{\"@type\":\"WebSite\",\"@id\":\"https:\\\/\\\/www.caudete.org\\\/ayuntamiento\\\/#website\",\"url\":\"https:\\\/\\\/www.caudete.org\\\/ayuntamiento\\\/\",\"name\":\"MI Ayuntamiento de Caudete\",\"description\":\"P\u00e1gina Oficial del MI Ayuntamiento de Caudete\",\"publisher\":{\"@id\":\"https:\\\/\\\/www.caudete.org\\\/ayuntamiento\\\/#organization\"},\"potentialAction\":[{\"@type\":\"SearchAction\",\"target\":{\"@type\":\"EntryPoint\",\"urlTemplate\":\"https:\\\/\\\/www.caudete.org\\\/ayuntamiento\\\/?s={search_term_string}\"},\"query-input\":{\"@type\":\"PropertyValueSpecification\",\"valueRequired\":true,\"valueName\":\"search_term_string\"}}],\"inLanguage\":\"es\"},{\"@type\":\"Organization\",\"@id\":\"https:\\\/\\\/www.caudete.org\\\/ayuntamiento\\\/#organization\",\"name\":\"Ayuntamiento de Caudete\",\"url\":\"https:\\\/\\\/www.caudete.org\\\/ayuntamiento\\\/\",\"logo\":{\"@type\":\"ImageObject\",\"inLanguage\":\"es\",\"@id\":\"https:\\\/\\\/www.caudete.org\\\/ayuntamiento\\\/#\\\/schema\\\/logo\\\/image\\\/\",\"url\":\"https:\\\/\\\/www.caudete.org\\\/ayuntamiento\\\/wp-content\\\/uploads\\\/2020\\\/11\\\/logo_ayuntamiento_caudete.jpg\",\"contentUrl\":\"https:\\\/\\\/www.caudete.org\\\/ayuntamiento\\\/wp-content\\\/uploads\\\/2020\\\/11\\\/logo_ayuntamiento_caudete.jpg\",\"width\":600,\"height\":150,\"caption\":\"Ayuntamiento de Caudete\"},\"image\":{\"@id\":\"https:\\\/\\\/www.caudete.org\\\/ayuntamiento\\\/#\\\/schema\\\/logo\\\/image\\\/\"},\"sameAs\":[\"https:\\\/\\\/www.facebook.com\\\/ayuntamientocaudete\\\/\",\"https:\\\/\\\/www.youtube.com\\\/channel\\\/UC6VztHaooNsGpw-tNoBEFnQ\"]},{\"@type\":\"Person\",\"@id\":\"https:\\\/\\\/www.caudete.org\\\/ayuntamiento\\\/#\\\/schema\\\/person\\\/abfa5ffd5010a14e078c21e6e61b6291\",\"name\":\"informatica2\",\"image\":{\"@type\":\"ImageObject\",\"inLanguage\":\"es\",\"@id\":\"https:\\\/\\\/secure.gravatar.com\\\/avatar\\\/b089890ff033a3e4d03eec00ecb5a14425217205c513f60ec32ebeaaeb5fa700?s=96&d=mm&r=g\",\"url\":\"https:\\\/\\\/secure.gravatar.com\\\/avatar\\\/b089890ff033a3e4d03eec00ecb5a14425217205c513f60ec32ebeaaeb5fa700?s=96&d=mm&r=g\",\"contentUrl\":\"https:\\\/\\\/secure.gravatar.com\\\/avatar\\\/b089890ff033a3e4d03eec00ecb5a14425217205c513f60ec32ebeaaeb5fa700?s=96&d=mm&r=g\",\"caption\":\"informatica2\"},\"url\":\"https:\\\/\\\/www.caudete.org\\\/ayuntamiento\\\/author\\\/informatica2\\\/\"}]}<\/script>\n<!-- \/ Yoast SEO plugin. -->","yoast_head_json":{"title":"Presentaci\u00f3n de la nueva gerencia del Bar del Club de Tenis \u201cVerde Oliva\u201d - MI Ayuntamiento de Caudete","description":"P\u00e1gina Oficial del Ayuntamiento de Caudete (Albacete)","robots":{"index":"index","follow":"follow","max-snippet":"max-snippet:-1","max-image-preview":"max-image-preview:large","max-video-preview":"max-video-preview:-1"},"canonical":"https:\/\/www.caudete.org\/ayuntamiento\/presentacion-de-la-nueva-gerencia-del-bar-del-club-de-tenis-verde-oliva\/","og_locale":"es_ES","og_type":"article","og_title":"Presentaci\u00f3n de la nueva gerencia del Bar del Club de Tenis \u201cVerde Oliva\u201d - MI Ayuntamiento de Caudete","og_description":"P\u00e1gina Oficial del Ayuntamiento de Caudete (Albacete)","og_url":"https:\/\/www.caudete.org\/ayuntamiento\/presentacion-de-la-nueva-gerencia-del-bar-del-club-de-tenis-verde-oliva\/","og_site_name":"MI Ayuntamiento de Caudete","article_publisher":"https:\/\/www.facebook.com\/ayuntamientocaudete\/","article_published_time":"2026-04-16T12:30:58+00:00","article_modified_time":"2026-04-17T07:56:12+00:00","og_image":[{"width":1000,"height":451,"url":"https:\/\/www.caudete.org\/ayuntamiento\/wp-content\/uploads\/2026\/04\/foto.jpg","type":"image\/jpeg"}],"author":"informatica2","twitter_card":"summary_large_image","twitter_misc":{"Escrito por":"informatica2","Tiempo de lectura":"3 minutos"},"schema":{"@context":"https:\/\/schema.org","@graph":[{"@type":"Article","@id":"https:\/\/www.caudete.org\/ayuntamiento\/presentacion-de-la-nueva-gerencia-del-bar-del-club-de-tenis-verde-oliva\/#article","isPartOf":{"@id":"https:\/\/www.caudete.org\/ayuntamiento\/presentacion-de-la-nueva-gerencia-del-bar-del-club-de-tenis-verde-oliva\/"},"author":{"name":"informatica2","@id":"https:\/\/www.caudete.org\/ayuntamiento\/#\/schema\/person\/abfa5ffd5010a14e078c21e6e61b6291"},"headline":"Presentaci\u00f3n de la nueva gerencia del Bar del Club de Tenis \u201cVerde Oliva\u201d","datePublished":"2026-04-16T12:30:58+00:00","dateModified":"2026-04-17T07:56:12+00:00","mainEntityOfPage":{"@id":"https:\/\/www.caudete.org\/ayuntamiento\/presentacion-de-la-nueva-gerencia-del-bar-del-club-de-tenis-verde-oliva\/"},"wordCount":581,"publisher":{"@id":"https:\/\/www.caudete.org\/ayuntamiento\/#organization"},"image":{"@id":"https:\/\/www.caudete.org\/ayuntamiento\/presentacion-de-la-nueva-gerencia-del-bar-del-club-de-tenis-verde-oliva\/#primaryimage"},"thumbnailUrl":"https:\/\/www.caudete.org\/ayuntamiento\/wp-content\/uploads\/2026\/04\/foto.jpg","articleSection":["Comercio"],"inLanguage":"es"},{"@type":"WebPage","@id":"https:\/\/www.caudete.org\/ayuntamiento\/presentacion-de-la-nueva-gerencia-del-bar-del-club-de-tenis-verde-oliva\/","url":"https:\/\/www.caudete.org\/ayuntamiento\/presentacion-de-la-nueva-gerencia-del-bar-del-club-de-tenis-verde-oliva\/","name":"Presentaci\u00f3n de la nueva gerencia del Bar del Club de Tenis \u201cVerde Oliva\u201d - MI Ayuntamiento de Caudete","isPartOf":{"@id":"https:\/\/www.caudete.org\/ayuntamiento\/#website"},"primaryImageOfPage":{"@id":"https:\/\/www.caudete.org\/ayuntamiento\/presentacion-de-la-nueva-gerencia-del-bar-del-club-de-tenis-verde-oliva\/#primaryimage"},"image":{"@id":"https:\/\/www.caudete.org\/ayuntamiento\/presentacion-de-la-nueva-gerencia-del-bar-del-club-de-tenis-verde-oliva\/#primaryimage"},"thumbnailUrl":"https:\/\/www.caudete.org\/ayuntamiento\/wp-content\/uploads\/2026\/04\/foto.jpg","datePublished":"2026-04-16T12:30:58+00:00","dateModified":"2026-04-17T07:56:12+00:00","description":"P\u00e1gina Oficial del Ayuntamiento de Caudete (Albacete)","breadcrumb":{"@id":"https:\/\/www.caudete.org\/ayuntamiento\/presentacion-de-la-nueva-gerencia-del-bar-del-club-de-tenis-verde-oliva\/#breadcrumb"},"inLanguage":"es","potentialAction":[{"@type":"ReadAction","target":["https:\/\/www.caudete.org\/ayuntamiento\/presentacion-de-la-nueva-gerencia-del-bar-del-club-de-tenis-verde-oliva\/"]}]},{"@type":"ImageObject","inLanguage":"es","@id":"https:\/\/www.caudete.org\/ayuntamiento\/presentacion-de-la-nueva-gerencia-del-bar-del-club-de-tenis-verde-oliva\/#primaryimage","url":"https:\/\/www.caudete.org\/ayuntamiento\/wp-content\/uploads\/2026\/04\/foto.jpg","contentUrl":"https:\/\/www.caudete.org\/ayuntamiento\/wp-content\/uploads\/2026\/04\/foto.jpg","width":1000,"height":451},{"@type":"BreadcrumbList","@id":"https:\/\/www.caudete.org\/ayuntamiento\/presentacion-de-la-nueva-gerencia-del-bar-del-club-de-tenis-verde-oliva\/#breadcrumb","itemListElement":[{"@type":"ListItem","position":1,"name":"Inicio","item":"https:\/\/www.caudete.org\/ayuntamiento\/"},{"@type":"ListItem","position":2,"name":"Presentaci\u00f3n de la nueva gerencia del Bar del Club de Tenis \u201cVerde Oliva\u201d"}]},{"@type":"WebSite","@id":"https:\/\/www.caudete.org\/ayuntamiento\/#website","url":"https:\/\/www.caudete.org\/ayuntamiento\/","name":"MI Ayuntamiento de Caudete","description":"P\u00e1gina Oficial del MI Ayuntamiento de Caudete","publisher":{"@id":"https:\/\/www.caudete.org\/ayuntamiento\/#organization"},"potentialAction":[{"@type":"SearchAction","target":{"@type":"EntryPoint","urlTemplate":"https:\/\/www.caudete.org\/ayuntamiento\/?s={search_term_string}"},"query-input":{"@type":"PropertyValueSpecification","valueRequired":true,"valueName":"search_term_string"}}],"inLanguage":"es"},{"@type":"Organization","@id":"https:\/\/www.caudete.org\/ayuntamiento\/#organization","name":"Ayuntamiento de Caudete","url":"https:\/\/www.caudete.org\/ayuntamiento\/","logo":{"@type":"ImageObject","inLanguage":"es","@id":"https:\/\/www.caudete.org\/ayuntamiento\/#\/schema\/logo\/image\/","url":"https:\/\/www.caudete.org\/ayuntamiento\/wp-content\/uploads\/2020\/11\/logo_ayuntamiento_caudete.jpg","contentUrl":"https:\/\/www.caudete.org\/ayuntamiento\/wp-content\/uploads\/2020\/11\/logo_ayuntamiento_caudete.jpg","width":600,"height":150,"caption":"Ayuntamiento de Caudete"},"image":{"@id":"https:\/\/www.caudete.org\/ayuntamiento\/#\/schema\/logo\/image\/"},"sameAs":["https:\/\/www.facebook.com\/ayuntamientocaudete\/","https:\/\/www.youtube.com\/channel\/UC6VztHaooNsGpw-tNoBEFnQ"]},{"@type":"Person","@id":"https:\/\/www.caudete.org\/ayuntamiento\/#\/schema\/person\/abfa5ffd5010a14e078c21e6e61b6291","name":"informatica2","image":{"@type":"ImageObject","inLanguage":"es","@id":"https:\/\/secure.gravatar.com\/avatar\/b089890ff033a3e4d03eec00ecb5a14425217205c513f60ec32ebeaaeb5fa700?s=96&d=mm&r=g","url":"https:\/\/secure.gravatar.com\/avatar\/b089890ff033a3e4d03eec00ecb5a14425217205c513f60ec32ebeaaeb5fa700?s=96&d=mm&r=g","contentUrl":"https:\/\/secure.gravatar.com\/avatar\/b089890ff033a3e4d03eec00ecb5a14425217205c513f60ec32ebeaaeb5fa700?s=96&d=mm&r=g","caption":"informatica2"},"url":"https:\/\/www.caudete.org\/ayuntamiento\/author\/informatica2\/"}]}},"_links":{"self":[{"href":"https:\/\/www.caudete.org\/ayuntamiento\/wp-json\/wp\/v2\/posts\/33576","targetHints":{"allow":["GET"]}}],"collection":[{"href":"https:\/\/www.caudete.org\/ayuntamiento\/wp-json\/wp\/v2\/posts"}],"about":[{"href":"https:\/\/www.caudete.org\/ayuntamiento\/wp-json\/wp\/v2\/types\/post"}],"author":[{"embeddable":true,"href":"https:\/\/www.caudete.org\/ayuntamiento\/wp-json\/wp\/v2\/users\/6"}],"replies":[{"embeddable":true,"href":"https:\/\/www.caudete.org\/ayuntamiento\/wp-json\/wp\/v2\/comments?post=33576"}],"version-history":[{"count":4,"href":"https:\/\/www.caudete.org\/ayuntamiento\/wp-json\/wp\/v2\/posts\/33576\/revisions"}],"predecessor-version":[{"id":33611,"href":"https:\/\/www.caudete.org\/ayuntamiento\/wp-json\/wp\/v2\/posts\/33576\/revisions\/33611"}],"wp:featuredmedia":[{"embeddable":true,"href":"https:\/\/www.caudete.org\/ayuntamiento\/wp-json\/wp\/v2\/media\/33606"}],"wp:attachment":[{"href":"https:\/\/www.caudete.org\/ayuntamiento\/wp-json\/wp\/v2\/media?parent=33576"}],"wp:term":[{"taxonomy":"category","embeddable":true,"href":"https:\/\/www.caudete.org\/ayuntamiento\/wp-json\/wp\/v2\/categories?post=33576"},{"taxonomy":"post_tag","embeddable":true,"href":"https:\/\/www.caudete.org\/ayuntamiento\/wp-json\/wp\/v2\/tags?post=33576"}],"curies":[{"name":"wp","href":"https:\/\/api.w.org\/{rel}","templated":true}]}}