{"id":33882,"date":"2026-04-25T08:00:27","date_gmt":"2026-04-25T06:00:27","guid":{"rendered":"https:\/\/www.caudete.org\/ayuntamiento\/?p=33882"},"modified":"2026-04-24T15:19:12","modified_gmt":"2026-04-24T13:19:12","slug":"convocada-la-v-edicion-del-premio-de-investigacion-francisco-jose-domenech-mira","status":"publish","type":"post","link":"https:\/\/www.caudete.org\/ayuntamiento\/convocada-la-v-edicion-del-premio-de-investigacion-francisco-jose-domenech-mira\/","title":{"rendered":"Convocada la V Edici\u00f3n del Premio de Investigaci\u00f3n \u201cFrancisco Jos\u00e9 Dom\u00e9nech Mira\u201d"},"content":{"rendered":"<p style=\"text-align: justify;\">La Concejal de Educaci\u00f3n y Cultura, Manuela Gonz\u00e1lez, anuncia la publicaci\u00f3n de las Bases y apertura de la Convocatoria de la V Edici\u00f3n del Premio de Investigaci\u00f3n \u201cFrancisco Jos\u00e9 Domenech Mira\u201d para el presente ejercicio 2026.<\/p>\n<p style=\"text-align: justify;\">El Premio busca profundizar en el conocimiento de la Villa, promoviendo con ello la labor de investigaci\u00f3n, estudio, difusi\u00f3n y puesta en valor de la historia y tiempos.<\/p>\n<p style=\"text-align: justify;\">Dos categor\u00edas, con premio \u00fanico a cada una de ellas son las posibles. El Premio de Iniciaci\u00f3n a la Investigaci\u00f3n, dotado con 250\u20ac y Diploma acreditativo; y el Premio de Investigaci\u00f3n, como categor\u00eda general, cuyo premio es la publicaci\u00f3n del trabajo ganador.<\/p>\n<p style=\"text-align: justify;\">El plazo para presentar los trabajos queda fijado hasta el viernes 29 de Mayo, siguiendo los cauces que recogen las Bases Reguladoras as\u00ed como a la solicitud de Inscripci\u00f3n, a los que se pueden acceder desde los siguientes enlaces:<\/p>\n<p style=\"text-align: justify;\">\u2022 <a href=\"https:\/\/caudete.sedipualba.es\/tablondeanuncios\/anuncio.aspx?id=69468\" target=\"_blank\" rel=\"nofollow\">Bases y Convocatoria V Edici\u00f3n Premio de Investigaci\u00f3n &#8220;Francisco Jos\u00e9 Dom\u00e9nech Mira&#8221;<\/a><br \/>\n\u2022 <a href=\"https:\/\/caudete.sedipualba.es\/sefycu\/documento.aspx?app=segra&amp;id=341336&amp;tipo=anexo&amp;modo=abrir\" target=\"_blank\" rel=\"nofollow\">Solicitud Inscripci\u00f3n V Edici\u00f3n Premio de Investigaci\u00f3n &#8220;Franciso Jos\u00e9 Dom\u00e9nech Mira&#8221; &#8211; Rellenable<\/a><\/p>\n","protected":false},"excerpt":{"rendered":"<p>La Concejal de Educaci\u00f3n y Cultura, Manuela Gonz\u00e1lez, anuncia la publicaci\u00f3n de las Bases y apertura de la Convocatoria de la V Edici\u00f3n del Premio de Investigaci\u00f3n \u201cFrancisco Jos\u00e9 Domenech Mira\u201d para el presente ejercicio 2026. El Premio busca profundizar en el conocimiento de la Villa, promoviendo con ello la labor de investigaci\u00f3n, estudio, difusi\u00f3n &hellip;<\/p>\n","protected":false},"author":6,"featured_media":33894,"comment_status":"closed","ping_status":"open","sticky":false,"template":"","format":"standard","meta":{"ngg_post_thumbnail":0,"footnotes":""},"categories":[738],"tags":[],"class_list":["post-33882","post","type-post","status-publish","format-standard","has-post-thumbnail","hentry","category-educacion-y-cultura"],"yoast_head":"<!-- This site is optimized with the Yoast SEO plugin v27.4 - https:\/\/yoast.com\/product\/yoast-seo-wordpress\/ -->\n<title>Convocada la V Edici\u00f3n del Premio de Investigaci\u00f3n \u201cFrancisco Jos\u00e9 Dom\u00e9nech Mira\u201d - MI Ayuntamiento de Caudete<\/title>\n<meta name=\"description\" content=\"P\u00e1gina Oficial del Ayuntamiento de Caudete (Albacete)\" \/>\n<meta name=\"robots\" content=\"index, follow, max-snippet:-1, max-image-preview:large, max-video-preview:-1\" \/>\n<link rel=\"canonical\" href=\"https:\/\/www.caudete.org\/ayuntamiento\/convocada-la-v-edicion-del-premio-de-investigacion-francisco-jose-domenech-mira\/\" \/>\n<meta property=\"og:locale\" content=\"es_ES\" \/>\n<meta property=\"og:type\" content=\"article\" \/>\n<meta property=\"og:title\" content=\"Convocada la V Edici\u00f3n del Premio de Investigaci\u00f3n \u201cFrancisco Jos\u00e9 Dom\u00e9nech Mira\u201d - MI Ayuntamiento de Caudete\" \/>\n<meta property=\"og:description\" content=\"P\u00e1gina Oficial del Ayuntamiento de Caudete (Albacete)\" \/>\n<meta property=\"og:url\" content=\"https:\/\/www.caudete.org\/ayuntamiento\/convocada-la-v-edicion-del-premio-de-investigacion-francisco-jose-domenech-mira\/\" \/>\n<meta property=\"og:site_name\" content=\"MI Ayuntamiento de Caudete\" \/>\n<meta property=\"article:publisher\" content=\"https:\/\/www.facebook.com\/ayuntamientocaudete\/\" \/>\n<meta property=\"article:published_time\" content=\"2026-04-25T06:00:27+00:00\" \/>\n<meta property=\"og:image\" content=\"https:\/\/www.caudete.org\/ayuntamiento\/wp-content\/uploads\/2026\/04\/FranciscoDomenechMiraVEdicion-2.jpg\" \/>\n\t<meta property=\"og:image:width\" content=\"795\" \/>\n\t<meta property=\"og:image:height\" content=\"350\" \/>\n\t<meta property=\"og:image:type\" content=\"image\/jpeg\" \/>\n<meta name=\"author\" content=\"informatica2\" \/>\n<meta name=\"twitter:card\" content=\"summary_large_image\" \/>\n<meta name=\"twitter:label1\" content=\"Escrito por\" \/>\n\t<meta name=\"twitter:data1\" content=\"informatica2\" \/>\n\t<meta name=\"twitter:label2\" content=\"Tiempo de lectura\" \/>\n\t<meta name=\"twitter:data2\" content=\"1 minuto\" \/>\n<script type=\"application\/ld+json\" class=\"yoast-schema-graph\">{\"@context\":\"https:\\\/\\\/schema.org\",\"@graph\":[{\"@type\":\"Article\",\"@id\":\"https:\\\/\\\/www.caudete.org\\\/ayuntamiento\\\/convocada-la-v-edicion-del-premio-de-investigacion-francisco-jose-domenech-mira\\\/#article\",\"isPartOf\":{\"@id\":\"https:\\\/\\\/www.caudete.org\\\/ayuntamiento\\\/convocada-la-v-edicion-del-premio-de-investigacion-francisco-jose-domenech-mira\\\/\"},\"author\":{\"name\":\"informatica2\",\"@id\":\"https:\\\/\\\/www.caudete.org\\\/ayuntamiento\\\/#\\\/schema\\\/person\\\/abfa5ffd5010a14e078c21e6e61b6291\"},\"headline\":\"Convocada la V Edici\u00f3n del Premio de Investigaci\u00f3n \u201cFrancisco Jos\u00e9 Dom\u00e9nech Mira\u201d\",\"datePublished\":\"2026-04-25T06:00:27+00:00\",\"mainEntityOfPage\":{\"@id\":\"https:\\\/\\\/www.caudete.org\\\/ayuntamiento\\\/convocada-la-v-edicion-del-premio-de-investigacion-francisco-jose-domenech-mira\\\/\"},\"wordCount\":203,\"publisher\":{\"@id\":\"https:\\\/\\\/www.caudete.org\\\/ayuntamiento\\\/#organization\"},\"image\":{\"@id\":\"https:\\\/\\\/www.caudete.org\\\/ayuntamiento\\\/convocada-la-v-edicion-del-premio-de-investigacion-francisco-jose-domenech-mira\\\/#primaryimage\"},\"thumbnailUrl\":\"https:\\\/\\\/www.caudete.org\\\/ayuntamiento\\\/wp-content\\\/uploads\\\/2026\\\/04\\\/FranciscoDomenechMiraVEdicion-2.jpg\",\"articleSection\":[\"Educaci\u00f3n y Cultura\"],\"inLanguage\":\"es\"},{\"@type\":\"WebPage\",\"@id\":\"https:\\\/\\\/www.caudete.org\\\/ayuntamiento\\\/convocada-la-v-edicion-del-premio-de-investigacion-francisco-jose-domenech-mira\\\/\",\"url\":\"https:\\\/\\\/www.caudete.org\\\/ayuntamiento\\\/convocada-la-v-edicion-del-premio-de-investigacion-francisco-jose-domenech-mira\\\/\",\"name\":\"Convocada la V Edici\u00f3n del Premio de Investigaci\u00f3n \u201cFrancisco Jos\u00e9 Dom\u00e9nech Mira\u201d - MI Ayuntamiento de Caudete\",\"isPartOf\":{\"@id\":\"https:\\\/\\\/www.caudete.org\\\/ayuntamiento\\\/#website\"},\"primaryImageOfPage\":{\"@id\":\"https:\\\/\\\/www.caudete.org\\\/ayuntamiento\\\/convocada-la-v-edicion-del-premio-de-investigacion-francisco-jose-domenech-mira\\\/#primaryimage\"},\"image\":{\"@id\":\"https:\\\/\\\/www.caudete.org\\\/ayuntamiento\\\/convocada-la-v-edicion-del-premio-de-investigacion-francisco-jose-domenech-mira\\\/#primaryimage\"},\"thumbnailUrl\":\"https:\\\/\\\/www.caudete.org\\\/ayuntamiento\\\/wp-content\\\/uploads\\\/2026\\\/04\\\/FranciscoDomenechMiraVEdicion-2.jpg\",\"datePublished\":\"2026-04-25T06:00:27+00:00\",\"description\":\"P\u00e1gina Oficial del Ayuntamiento de Caudete (Albacete)\",\"breadcrumb\":{\"@id\":\"https:\\\/\\\/www.caudete.org\\\/ayuntamiento\\\/convocada-la-v-edicion-del-premio-de-investigacion-francisco-jose-domenech-mira\\\/#breadcrumb\"},\"inLanguage\":\"es\",\"potentialAction\":[{\"@type\":\"ReadAction\",\"target\":[\"https:\\\/\\\/www.caudete.org\\\/ayuntamiento\\\/convocada-la-v-edicion-del-premio-de-investigacion-francisco-jose-domenech-mira\\\/\"]}]},{\"@type\":\"ImageObject\",\"inLanguage\":\"es\",\"@id\":\"https:\\\/\\\/www.caudete.org\\\/ayuntamiento\\\/convocada-la-v-edicion-del-premio-de-investigacion-francisco-jose-domenech-mira\\\/#primaryimage\",\"url\":\"https:\\\/\\\/www.caudete.org\\\/ayuntamiento\\\/wp-content\\\/uploads\\\/2026\\\/04\\\/FranciscoDomenechMiraVEdicion-2.jpg\",\"contentUrl\":\"https:\\\/\\\/www.caudete.org\\\/ayuntamiento\\\/wp-content\\\/uploads\\\/2026\\\/04\\\/FranciscoDomenechMiraVEdicion-2.jpg\",\"width\":795,\"height\":350},{\"@type\":\"BreadcrumbList\",\"@id\":\"https:\\\/\\\/www.caudete.org\\\/ayuntamiento\\\/convocada-la-v-edicion-del-premio-de-investigacion-francisco-jose-domenech-mira\\\/#breadcrumb\",\"itemListElement\":[{\"@type\":\"ListItem\",\"position\":1,\"name\":\"Inicio\",\"item\":\"https:\\\/\\\/www.caudete.org\\\/ayuntamiento\\\/\"},{\"@type\":\"ListItem\",\"position\":2,\"name\":\"Convocada la V Edici\u00f3n del Premio de Investigaci\u00f3n \u201cFrancisco Jos\u00e9 Dom\u00e9nech Mira\u201d\"}]},{\"@type\":\"WebSite\",\"@id\":\"https:\\\/\\\/www.caudete.org\\\/ayuntamiento\\\/#website\",\"url\":\"https:\\\/\\\/www.caudete.org\\\/ayuntamiento\\\/\",\"name\":\"MI Ayuntamiento de Caudete\",\"description\":\"P\u00e1gina Oficial del MI Ayuntamiento de Caudete\",\"publisher\":{\"@id\":\"https:\\\/\\\/www.caudete.org\\\/ayuntamiento\\\/#organization\"},\"potentialAction\":[{\"@type\":\"SearchAction\",\"target\":{\"@type\":\"EntryPoint\",\"urlTemplate\":\"https:\\\/\\\/www.caudete.org\\\/ayuntamiento\\\/?s={search_term_string}\"},\"query-input\":{\"@type\":\"PropertyValueSpecification\",\"valueRequired\":true,\"valueName\":\"search_term_string\"}}],\"inLanguage\":\"es\"},{\"@type\":\"Organization\",\"@id\":\"https:\\\/\\\/www.caudete.org\\\/ayuntamiento\\\/#organization\",\"name\":\"Ayuntamiento de Caudete\",\"url\":\"https:\\\/\\\/www.caudete.org\\\/ayuntamiento\\\/\",\"logo\":{\"@type\":\"ImageObject\",\"inLanguage\":\"es\",\"@id\":\"https:\\\/\\\/www.caudete.org\\\/ayuntamiento\\\/#\\\/schema\\\/logo\\\/image\\\/\",\"url\":\"https:\\\/\\\/www.caudete.org\\\/ayuntamiento\\\/wp-content\\\/uploads\\\/2020\\\/11\\\/logo_ayuntamiento_caudete.jpg\",\"contentUrl\":\"https:\\\/\\\/www.caudete.org\\\/ayuntamiento\\\/wp-content\\\/uploads\\\/2020\\\/11\\\/logo_ayuntamiento_caudete.jpg\",\"width\":600,\"height\":150,\"caption\":\"Ayuntamiento de Caudete\"},\"image\":{\"@id\":\"https:\\\/\\\/www.caudete.org\\\/ayuntamiento\\\/#\\\/schema\\\/logo\\\/image\\\/\"},\"sameAs\":[\"https:\\\/\\\/www.facebook.com\\\/ayuntamientocaudete\\\/\",\"https:\\\/\\\/www.youtube.com\\\/channel\\\/UC6VztHaooNsGpw-tNoBEFnQ\"]},{\"@type\":\"Person\",\"@id\":\"https:\\\/\\\/www.caudete.org\\\/ayuntamiento\\\/#\\\/schema\\\/person\\\/abfa5ffd5010a14e078c21e6e61b6291\",\"name\":\"informatica2\",\"image\":{\"@type\":\"ImageObject\",\"inLanguage\":\"es\",\"@id\":\"https:\\\/\\\/secure.gravatar.com\\\/avatar\\\/b089890ff033a3e4d03eec00ecb5a14425217205c513f60ec32ebeaaeb5fa700?s=96&d=mm&r=g\",\"url\":\"https:\\\/\\\/secure.gravatar.com\\\/avatar\\\/b089890ff033a3e4d03eec00ecb5a14425217205c513f60ec32ebeaaeb5fa700?s=96&d=mm&r=g\",\"contentUrl\":\"https:\\\/\\\/secure.gravatar.com\\\/avatar\\\/b089890ff033a3e4d03eec00ecb5a14425217205c513f60ec32ebeaaeb5fa700?s=96&d=mm&r=g\",\"caption\":\"informatica2\"},\"url\":\"https:\\\/\\\/www.caudete.org\\\/ayuntamiento\\\/author\\\/informatica2\\\/\"}]}<\/script>\n<!-- \/ Yoast SEO plugin. -->","yoast_head_json":{"title":"Convocada la V Edici\u00f3n del Premio de Investigaci\u00f3n \u201cFrancisco Jos\u00e9 Dom\u00e9nech Mira\u201d - MI Ayuntamiento de Caudete","description":"P\u00e1gina Oficial del Ayuntamiento de Caudete (Albacete)","robots":{"index":"index","follow":"follow","max-snippet":"max-snippet:-1","max-image-preview":"max-image-preview:large","max-video-preview":"max-video-preview:-1"},"canonical":"https:\/\/www.caudete.org\/ayuntamiento\/convocada-la-v-edicion-del-premio-de-investigacion-francisco-jose-domenech-mira\/","og_locale":"es_ES","og_type":"article","og_title":"Convocada la V Edici\u00f3n del Premio de Investigaci\u00f3n \u201cFrancisco Jos\u00e9 Dom\u00e9nech Mira\u201d - MI Ayuntamiento de Caudete","og_description":"P\u00e1gina Oficial del Ayuntamiento de Caudete (Albacete)","og_url":"https:\/\/www.caudete.org\/ayuntamiento\/convocada-la-v-edicion-del-premio-de-investigacion-francisco-jose-domenech-mira\/","og_site_name":"MI Ayuntamiento de Caudete","article_publisher":"https:\/\/www.facebook.com\/ayuntamientocaudete\/","article_published_time":"2026-04-25T06:00:27+00:00","og_image":[{"width":795,"height":350,"url":"https:\/\/www.caudete.org\/ayuntamiento\/wp-content\/uploads\/2026\/04\/FranciscoDomenechMiraVEdicion-2.jpg","type":"image\/jpeg"}],"author":"informatica2","twitter_card":"summary_large_image","twitter_misc":{"Escrito por":"informatica2","Tiempo de lectura":"1 minuto"},"schema":{"@context":"https:\/\/schema.org","@graph":[{"@type":"Article","@id":"https:\/\/www.caudete.org\/ayuntamiento\/convocada-la-v-edicion-del-premio-de-investigacion-francisco-jose-domenech-mira\/#article","isPartOf":{"@id":"https:\/\/www.caudete.org\/ayuntamiento\/convocada-la-v-edicion-del-premio-de-investigacion-francisco-jose-domenech-mira\/"},"author":{"name":"informatica2","@id":"https:\/\/www.caudete.org\/ayuntamiento\/#\/schema\/person\/abfa5ffd5010a14e078c21e6e61b6291"},"headline":"Convocada la V Edici\u00f3n del Premio de Investigaci\u00f3n \u201cFrancisco Jos\u00e9 Dom\u00e9nech Mira\u201d","datePublished":"2026-04-25T06:00:27+00:00","mainEntityOfPage":{"@id":"https:\/\/www.caudete.org\/ayuntamiento\/convocada-la-v-edicion-del-premio-de-investigacion-francisco-jose-domenech-mira\/"},"wordCount":203,"publisher":{"@id":"https:\/\/www.caudete.org\/ayuntamiento\/#organization"},"image":{"@id":"https:\/\/www.caudete.org\/ayuntamiento\/convocada-la-v-edicion-del-premio-de-investigacion-francisco-jose-domenech-mira\/#primaryimage"},"thumbnailUrl":"https:\/\/www.caudete.org\/ayuntamiento\/wp-content\/uploads\/2026\/04\/FranciscoDomenechMiraVEdicion-2.jpg","articleSection":["Educaci\u00f3n y Cultura"],"inLanguage":"es"},{"@type":"WebPage","@id":"https:\/\/www.caudete.org\/ayuntamiento\/convocada-la-v-edicion-del-premio-de-investigacion-francisco-jose-domenech-mira\/","url":"https:\/\/www.caudete.org\/ayuntamiento\/convocada-la-v-edicion-del-premio-de-investigacion-francisco-jose-domenech-mira\/","name":"Convocada la V Edici\u00f3n del Premio de Investigaci\u00f3n \u201cFrancisco Jos\u00e9 Dom\u00e9nech Mira\u201d - MI Ayuntamiento de Caudete","isPartOf":{"@id":"https:\/\/www.caudete.org\/ayuntamiento\/#website"},"primaryImageOfPage":{"@id":"https:\/\/www.caudete.org\/ayuntamiento\/convocada-la-v-edicion-del-premio-de-investigacion-francisco-jose-domenech-mira\/#primaryimage"},"image":{"@id":"https:\/\/www.caudete.org\/ayuntamiento\/convocada-la-v-edicion-del-premio-de-investigacion-francisco-jose-domenech-mira\/#primaryimage"},"thumbnailUrl":"https:\/\/www.caudete.org\/ayuntamiento\/wp-content\/uploads\/2026\/04\/FranciscoDomenechMiraVEdicion-2.jpg","datePublished":"2026-04-25T06:00:27+00:00","description":"P\u00e1gina Oficial del Ayuntamiento de Caudete (Albacete)","breadcrumb":{"@id":"https:\/\/www.caudete.org\/ayuntamiento\/convocada-la-v-edicion-del-premio-de-investigacion-francisco-jose-domenech-mira\/#breadcrumb"},"inLanguage":"es","potentialAction":[{"@type":"ReadAction","target":["https:\/\/www.caudete.org\/ayuntamiento\/convocada-la-v-edicion-del-premio-de-investigacion-francisco-jose-domenech-mira\/"]}]},{"@type":"ImageObject","inLanguage":"es","@id":"https:\/\/www.caudete.org\/ayuntamiento\/convocada-la-v-edicion-del-premio-de-investigacion-francisco-jose-domenech-mira\/#primaryimage","url":"https:\/\/www.caudete.org\/ayuntamiento\/wp-content\/uploads\/2026\/04\/FranciscoDomenechMiraVEdicion-2.jpg","contentUrl":"https:\/\/www.caudete.org\/ayuntamiento\/wp-content\/uploads\/2026\/04\/FranciscoDomenechMiraVEdicion-2.jpg","width":795,"height":350},{"@type":"BreadcrumbList","@id":"https:\/\/www.caudete.org\/ayuntamiento\/convocada-la-v-edicion-del-premio-de-investigacion-francisco-jose-domenech-mira\/#breadcrumb","itemListElement":[{"@type":"ListItem","position":1,"name":"Inicio","item":"https:\/\/www.caudete.org\/ayuntamiento\/"},{"@type":"ListItem","position":2,"name":"Convocada la V Edici\u00f3n del Premio de Investigaci\u00f3n \u201cFrancisco Jos\u00e9 Dom\u00e9nech Mira\u201d"}]},{"@type":"WebSite","@id":"https:\/\/www.caudete.org\/ayuntamiento\/#website","url":"https:\/\/www.caudete.org\/ayuntamiento\/","name":"MI Ayuntamiento de Caudete","description":"P\u00e1gina Oficial del MI Ayuntamiento de Caudete","publisher":{"@id":"https:\/\/www.caudete.org\/ayuntamiento\/#organization"},"potentialAction":[{"@type":"SearchAction","target":{"@type":"EntryPoint","urlTemplate":"https:\/\/www.caudete.org\/ayuntamiento\/?s={search_term_string}"},"query-input":{"@type":"PropertyValueSpecification","valueRequired":true,"valueName":"search_term_string"}}],"inLanguage":"es"},{"@type":"Organization","@id":"https:\/\/www.caudete.org\/ayuntamiento\/#organization","name":"Ayuntamiento de Caudete","url":"https:\/\/www.caudete.org\/ayuntamiento\/","logo":{"@type":"ImageObject","inLanguage":"es","@id":"https:\/\/www.caudete.org\/ayuntamiento\/#\/schema\/logo\/image\/","url":"https:\/\/www.caudete.org\/ayuntamiento\/wp-content\/uploads\/2020\/11\/logo_ayuntamiento_caudete.jpg","contentUrl":"https:\/\/www.caudete.org\/ayuntamiento\/wp-content\/uploads\/2020\/11\/logo_ayuntamiento_caudete.jpg","width":600,"height":150,"caption":"Ayuntamiento de Caudete"},"image":{"@id":"https:\/\/www.caudete.org\/ayuntamiento\/#\/schema\/logo\/image\/"},"sameAs":["https:\/\/www.facebook.com\/ayuntamientocaudete\/","https:\/\/www.youtube.com\/channel\/UC6VztHaooNsGpw-tNoBEFnQ"]},{"@type":"Person","@id":"https:\/\/www.caudete.org\/ayuntamiento\/#\/schema\/person\/abfa5ffd5010a14e078c21e6e61b6291","name":"informatica2","image":{"@type":"ImageObject","inLanguage":"es","@id":"https:\/\/secure.gravatar.com\/avatar\/b089890ff033a3e4d03eec00ecb5a14425217205c513f60ec32ebeaaeb5fa700?s=96&d=mm&r=g","url":"https:\/\/secure.gravatar.com\/avatar\/b089890ff033a3e4d03eec00ecb5a14425217205c513f60ec32ebeaaeb5fa700?s=96&d=mm&r=g","contentUrl":"https:\/\/secure.gravatar.com\/avatar\/b089890ff033a3e4d03eec00ecb5a14425217205c513f60ec32ebeaaeb5fa700?s=96&d=mm&r=g","caption":"informatica2"},"url":"https:\/\/www.caudete.org\/ayuntamiento\/author\/informatica2\/"}]}},"_links":{"self":[{"href":"https:\/\/www.caudete.org\/ayuntamiento\/wp-json\/wp\/v2\/posts\/33882","targetHints":{"allow":["GET"]}}],"collection":[{"href":"https:\/\/www.caudete.org\/ayuntamiento\/wp-json\/wp\/v2\/posts"}],"about":[{"href":"https:\/\/www.caudete.org\/ayuntamiento\/wp-json\/wp\/v2\/types\/post"}],"author":[{"embeddable":true,"href":"https:\/\/www.caudete.org\/ayuntamiento\/wp-json\/wp\/v2\/users\/6"}],"replies":[{"embeddable":true,"href":"https:\/\/www.caudete.org\/ayuntamiento\/wp-json\/wp\/v2\/comments?post=33882"}],"version-history":[{"count":3,"href":"https:\/\/www.caudete.org\/ayuntamiento\/wp-json\/wp\/v2\/posts\/33882\/revisions"}],"predecessor-version":[{"id":33895,"href":"https:\/\/www.caudete.org\/ayuntamiento\/wp-json\/wp\/v2\/posts\/33882\/revisions\/33895"}],"wp:featuredmedia":[{"embeddable":true,"href":"https:\/\/www.caudete.org\/ayuntamiento\/wp-json\/wp\/v2\/media\/33894"}],"wp:attachment":[{"href":"https:\/\/www.caudete.org\/ayuntamiento\/wp-json\/wp\/v2\/media?parent=33882"}],"wp:term":[{"taxonomy":"category","embeddable":true,"href":"https:\/\/www.caudete.org\/ayuntamiento\/wp-json\/wp\/v2\/categories?post=33882"},{"taxonomy":"post_tag","embeddable":true,"href":"https:\/\/www.caudete.org\/ayuntamiento\/wp-json\/wp\/v2\/tags?post=33882"}],"curies":[{"name":"wp","href":"https:\/\/api.w.org\/{rel}","templated":true}]}}