{"id":33949,"date":"2026-04-29T12:05:58","date_gmt":"2026-04-29T10:05:58","guid":{"rendered":"https:\/\/www.caudete.org\/ayuntamiento\/?p=33949"},"modified":"2026-04-29T12:44:52","modified_gmt":"2026-04-29T10:44:52","slug":"caudete-celebra-la-gala-de-entrega-de-premios-del-xxix-certamen-literario-evaristo-banon","status":"publish","type":"post","link":"https:\/\/www.caudete.org\/ayuntamiento\/caudete-celebra-la-gala-de-entrega-de-premios-del-xxix-certamen-literario-evaristo-banon\/","title":{"rendered":"Caudete celebra la gala de entrega de premios del XXIX Certamen Literario \u201cEvaristo Ba\u00f1\u00f3n\u201d"},"content":{"rendered":"<p style=\"text-align: justify;\">El Ayuntamiento de Caudete ha celebrado la gala de entrega de premios del <strong>XXIX Certamen Literario \u201cEvaristo Ba\u00f1\u00f3n\u201d<\/strong>, un consolidado encuentro cultural que promueve la creatividad literaria entre la poblaci\u00f3n escolar y adulta del municipio.<\/p>\n<p style=\"text-align: justify;\">El acto, que cont\u00f3 con una destacada participaci\u00f3n y un ambiente cultural muy cuidado, se complet\u00f3 con la representaci\u00f3n teatral <em>Alicia en el Pa\u00eds de las Maravillas<\/em>, de la compa\u00f1\u00eda de teatro Narea, aportando un componente esc\u00e9nico que enriqueci\u00f3 la experiencia del p\u00fablico asistente.<\/p>\n<p style=\"text-align: justify;\">El certamen ha vuelto a poner de manifiesto el talento literario local, con una amplia participaci\u00f3n en todas las categor\u00edas convocadas. A continuaci\u00f3n, se detallan los galardonados:<\/p>\n<h3 class=\"western\" style=\"text-align: justify;\"><strong>Relaci\u00f3n de premiados<\/strong><\/h3>\n<h4 class=\"western\" style=\"text-align: justify;\"><strong>Categor\u00eda A (1\u00ba y 2\u00ba de Primaria)<\/strong><\/h4>\n<ul style=\"text-align: justify;\">\n<li><strong>I Premio Narrativa:<\/strong> Izan S\u00e1nchez D. \u2013 <em>El ni\u00f1o futbolista.<\/em><\/li>\n<li><strong>II Premio Narrativa:<\/strong> Andr\u00e9s Beltr\u00e1n L. \u2013 <em>El perro travieso.<\/em><\/li>\n<li><strong>Premio Poes\u00eda:<\/strong> Roc\u00edo S\u00e1nchez G. \u2013 <em>Arenita de la playa.<\/em><\/li>\n<\/ul>\n<h4 class=\"western\" style=\"text-align: justify;\"><strong>Categor\u00eda B (3\u00ba y 4\u00ba de Primaria)<\/strong><\/h4>\n<ul style=\"text-align: justify;\">\n<li><strong>I Premio Narrativa:<\/strong> Luc\u00eda Boluda S. \u2013 <em>El hechizo del castillo.<\/em><\/li>\n<li><strong>II Premio Narrativa:<\/strong> Nikol Nikolaeva T. \u2013 <em>El mando del tiempo.<\/em><\/li>\n<li><strong>Premio Poes\u00eda:<\/strong> Daniel Libreros M. \u2013 <em>Luz de luna.<\/em><\/li>\n<\/ul>\n<h4 class=\"western\" style=\"text-align: justify;\"><strong>Categor\u00eda C (5\u00ba y 6\u00ba de Primaria)<\/strong><\/h4>\n<ul style=\"text-align: justify;\">\n<li><strong>I Premio Narrativa:<\/strong> Tamara Rodas S. \u2013 <em>El dragil\u00e1n dorado.<\/em><\/li>\n<li><strong>II Premio Narrativa:<\/strong> Luc\u00eda Camarasa \u00c1. \u2013 <em>La escama del drag\u00f3n.<\/em><\/li>\n<li><strong>I Premio Poes\u00eda:<\/strong> Martina Amor\u00f3s A. \u2013 <em>Antes de despertar.<\/em><\/li>\n<\/ul>\n<h4 class=\"western\" style=\"text-align: justify;\"><strong>Categor\u00eda D (1\u00ba y 2\u00ba de ESO)<\/strong><\/h4>\n<ul style=\"text-align: justify;\">\n<li><strong>I Premio Narrativa:<\/strong> Allegra Pag\u00e1n M. \u2013 <em>Un curso diferente.<\/em><\/li>\n<li><strong>II Premio Narrativa:<\/strong> Luc\u00eda Alc\u00e1ntara G. \u2013 <em>Por un cambio de destino.<\/em><\/li>\n<li><strong>I Premio Poes\u00eda:<\/strong> Olimpia Isabel Amor\u00f3s A. \u2013 <em>Sol y paz.<\/em><\/li>\n<\/ul>\n<h4 class=\"western\" style=\"text-align: justify;\"><strong>Categor\u00eda E (3\u00ba y 4\u00ba de ESO)<\/strong><\/h4>\n<ul style=\"text-align: justify;\">\n<li><strong>I Premio Narrativa:<\/strong> Miriam Albertos C. \u2013 <em>Cuatro cartas: <\/em><em>dos enviadas, una no enviada y otra en el cielo. <\/em><\/li>\n<li><strong>II Premio Narrativa:<\/strong> Noa Conejero T. \u2013 <em>Salir a la superficie.<\/em><\/li>\n<li><strong>I Premio Poes\u00eda:<\/strong> Bruno L\u00f3pez C. \u2013 <em>\u00bfEl amor es para ti?.<\/em><\/li>\n<\/ul>\n<h4 class=\"western\" style=\"text-align: justify;\"><strong>Categor\u00eda Clase<\/strong><\/h4>\n<ul style=\"text-align: justify;\">\n<li><strong>I Premio:<\/strong> 4\u00baC del Colegio Alc\u00e1zar y Serrano \u2013 <em>Los sombreros locos del Pa\u00eds de las Maravillas <\/em><em>cuya tutora es Mercedes Carri\u00f3n A. <\/em><\/li>\n<\/ul>\n<h4 class=\"western\" style=\"text-align: justify;\"><strong>Categor\u00eda Marcap\u00e1ginas<\/strong><\/h4>\n<ul style=\"text-align: justify;\">\n<li><strong>Infantil I:<\/strong> Sa\u00fal Mart\u00ednez P.<\/li>\n<li><strong>Infantil II:<\/strong> Lizberh Valentina Hern\u00e1ndez B.<\/li>\n<\/ul>\n<h4 class=\"western\" style=\"text-align: justify;\"><strong>Categor\u00eda Especial<\/strong><\/h4>\n<ul style=\"text-align: justify;\">\n<li><strong>I Premio Narrativa:<\/strong> Joaco Alegre A. \u2013 <em>Una jornada cultural.<\/em><\/li>\n<li><strong>I Premio Poes\u00eda:<\/strong> Valent\u00edn Garc\u00eda V. \u2013 <em>Verbum Hominis.<\/em><\/li>\n<\/ul>\n<p style=\"text-align: justify;\">El certamen contin\u00faa consolid\u00e1ndose como una herramienta fundamental para el fomento de la lectura y la escritura creativa, implicando a centros educativos, familias y ciudadan\u00eda en general.<\/p>\n<p style=\"text-align: justify;\">Desde la organizaci\u00f3n se ha destacado la alta calidad de los trabajos presentados, as\u00ed como la importancia de seguir impulsando iniciativas que favorezcan la expresi\u00f3n literaria desde edades tempranas. Asimismo, se desea expresar un especial agradecimiento al profesorado y a las AMPAS de los centros educativos por su implicaci\u00f3n, apoyo y colaboraci\u00f3n, fundamentales para el \u00e9xito de esta convocatoria.<\/p>\n<p style=\"text-align: justify;\">Los marcap\u00e1ginas y trabajo de clase se podr\u00e1n ver durante un mes en la biblioteca.<br \/>\nLos trabajos no premiados podr\u00e1n retirarse a partir del 4 de mayo de 2026.<\/p>\n<p><a href=\"https:\/\/www.caudete.org\/ayuntamiento\/wp-content\/uploads\/2026\/04\/evaristopremiados.jpg\" rel='prettyPhoto'><img fetchpriority=\"high\" decoding=\"async\" class=\"aligncenter wp-image-33950 size-full\" src=\"https:\/\/www.caudete.org\/ayuntamiento\/wp-content\/uploads\/2026\/04\/evaristopremiados.jpg\" alt=\"\" width=\"1000\" height=\"563\" srcset=\"https:\/\/www.caudete.org\/ayuntamiento\/wp-content\/uploads\/2026\/04\/evaristopremiados.jpg 1000w, https:\/\/www.caudete.org\/ayuntamiento\/wp-content\/uploads\/2026\/04\/evaristopremiados-350x197.jpg 350w, https:\/\/www.caudete.org\/ayuntamiento\/wp-content\/uploads\/2026\/04\/evaristopremiados-768x432.jpg 768w\" sizes=\"(max-width: 1000px) 100vw, 1000px\" \/><\/a><\/p>\n","protected":false},"excerpt":{"rendered":"<p>El Ayuntamiento de Caudete ha celebrado la gala de entrega de premios del XXIX Certamen Literario \u201cEvaristo Ba\u00f1\u00f3n\u201d, un consolidado encuentro cultural que promueve la creatividad literaria entre la poblaci\u00f3n escolar y adulta del municipio. El acto, que cont\u00f3 con una destacada participaci\u00f3n y un ambiente cultural muy cuidado, se complet\u00f3 con la representaci\u00f3n teatral &hellip;<\/p>\n","protected":false},"author":6,"featured_media":24486,"comment_status":"closed","ping_status":"open","sticky":false,"template":"","format":"standard","meta":{"ngg_post_thumbnail":0,"footnotes":""},"categories":[14],"tags":[],"class_list":["post-33949","post","type-post","status-publish","format-standard","has-post-thumbnail","hentry","category-cultura"],"yoast_head":"<!-- This site is optimized with the Yoast SEO plugin v27.5 - https:\/\/yoast.com\/product\/yoast-seo-wordpress\/ -->\n<title>Caudete celebra la gala de entrega de premios del XXIX Certamen Literario \u201cEvaristo Ba\u00f1\u00f3n\u201d - MI Ayuntamiento de Caudete<\/title>\n<meta name=\"description\" content=\"P\u00e1gina Oficial del Ayuntamiento de Caudete (Albacete)\" \/>\n<meta name=\"robots\" content=\"index, follow, max-snippet:-1, max-image-preview:large, max-video-preview:-1\" \/>\n<link rel=\"canonical\" href=\"https:\/\/www.caudete.org\/ayuntamiento\/caudete-celebra-la-gala-de-entrega-de-premios-del-xxix-certamen-literario-evaristo-banon\/\" \/>\n<meta property=\"og:locale\" content=\"es_ES\" \/>\n<meta property=\"og:type\" content=\"article\" \/>\n<meta property=\"og:title\" content=\"Caudete celebra la gala de entrega de premios del XXIX Certamen Literario \u201cEvaristo Ba\u00f1\u00f3n\u201d - MI Ayuntamiento de Caudete\" \/>\n<meta property=\"og:description\" content=\"P\u00e1gina Oficial del Ayuntamiento de Caudete (Albacete)\" \/>\n<meta property=\"og:url\" content=\"https:\/\/www.caudete.org\/ayuntamiento\/caudete-celebra-la-gala-de-entrega-de-premios-del-xxix-certamen-literario-evaristo-banon\/\" \/>\n<meta property=\"og:site_name\" content=\"MI Ayuntamiento de Caudete\" \/>\n<meta property=\"article:publisher\" content=\"https:\/\/www.facebook.com\/ayuntamientocaudete\/\" \/>\n<meta property=\"article:published_time\" content=\"2026-04-29T10:05:58+00:00\" \/>\n<meta property=\"article:modified_time\" content=\"2026-04-29T10:44:52+00:00\" \/>\n<meta property=\"og:image\" content=\"https:\/\/www.caudete.org\/ayuntamiento\/wp-content\/uploads\/2024\/03\/Logo-Evaristo-Banon-4.jpg\" \/>\n\t<meta property=\"og:image:width\" content=\"800\" \/>\n\t<meta property=\"og:image:height\" content=\"566\" \/>\n\t<meta property=\"og:image:type\" content=\"image\/jpeg\" \/>\n<meta name=\"author\" content=\"informatica2\" \/>\n<meta name=\"twitter:card\" content=\"summary_large_image\" \/>\n<meta name=\"twitter:label1\" content=\"Escrito por\" \/>\n\t<meta name=\"twitter:data1\" content=\"informatica2\" \/>\n\t<meta name=\"twitter:label2\" content=\"Tiempo de lectura\" \/>\n\t<meta name=\"twitter:data2\" content=\"3 minutos\" \/>\n<script type=\"application\/ld+json\" class=\"yoast-schema-graph\">{\"@context\":\"https:\\\/\\\/schema.org\",\"@graph\":[{\"@type\":\"Article\",\"@id\":\"https:\\\/\\\/www.caudete.org\\\/ayuntamiento\\\/caudete-celebra-la-gala-de-entrega-de-premios-del-xxix-certamen-literario-evaristo-banon\\\/#article\",\"isPartOf\":{\"@id\":\"https:\\\/\\\/www.caudete.org\\\/ayuntamiento\\\/caudete-celebra-la-gala-de-entrega-de-premios-del-xxix-certamen-literario-evaristo-banon\\\/\"},\"author\":{\"name\":\"informatica2\",\"@id\":\"https:\\\/\\\/www.caudete.org\\\/ayuntamiento\\\/#\\\/schema\\\/person\\\/abfa5ffd5010a14e078c21e6e61b6291\"},\"headline\":\"Caudete celebra la gala de entrega de premios del XXIX Certamen Literario \u201cEvaristo Ba\u00f1\u00f3n\u201d\",\"datePublished\":\"2026-04-29T10:05:58+00:00\",\"dateModified\":\"2026-04-29T10:44:52+00:00\",\"mainEntityOfPage\":{\"@id\":\"https:\\\/\\\/www.caudete.org\\\/ayuntamiento\\\/caudete-celebra-la-gala-de-entrega-de-premios-del-xxix-certamen-literario-evaristo-banon\\\/\"},\"wordCount\":530,\"image\":{\"@id\":\"https:\\\/\\\/www.caudete.org\\\/ayuntamiento\\\/caudete-celebra-la-gala-de-entrega-de-premios-del-xxix-certamen-literario-evaristo-banon\\\/#primaryimage\"},\"thumbnailUrl\":\"https:\\\/\\\/www.caudete.org\\\/ayuntamiento\\\/wp-content\\\/uploads\\\/2024\\\/03\\\/Logo-Evaristo-Banon-4.jpg\",\"articleSection\":[\"Cultura\"],\"inLanguage\":\"es\"},{\"@type\":\"WebPage\",\"@id\":\"https:\\\/\\\/www.caudete.org\\\/ayuntamiento\\\/caudete-celebra-la-gala-de-entrega-de-premios-del-xxix-certamen-literario-evaristo-banon\\\/\",\"url\":\"https:\\\/\\\/www.caudete.org\\\/ayuntamiento\\\/caudete-celebra-la-gala-de-entrega-de-premios-del-xxix-certamen-literario-evaristo-banon\\\/\",\"name\":\"Caudete celebra la gala de entrega de premios del XXIX Certamen Literario \u201cEvaristo Ba\u00f1\u00f3n\u201d - MI Ayuntamiento de Caudete\",\"isPartOf\":{\"@id\":\"https:\\\/\\\/www.caudete.org\\\/ayuntamiento\\\/#website\"},\"primaryImageOfPage\":{\"@id\":\"https:\\\/\\\/www.caudete.org\\\/ayuntamiento\\\/caudete-celebra-la-gala-de-entrega-de-premios-del-xxix-certamen-literario-evaristo-banon\\\/#primaryimage\"},\"image\":{\"@id\":\"https:\\\/\\\/www.caudete.org\\\/ayuntamiento\\\/caudete-celebra-la-gala-de-entrega-de-premios-del-xxix-certamen-literario-evaristo-banon\\\/#primaryimage\"},\"thumbnailUrl\":\"https:\\\/\\\/www.caudete.org\\\/ayuntamiento\\\/wp-content\\\/uploads\\\/2024\\\/03\\\/Logo-Evaristo-Banon-4.jpg\",\"datePublished\":\"2026-04-29T10:05:58+00:00\",\"dateModified\":\"2026-04-29T10:44:52+00:00\",\"author\":{\"@id\":\"https:\\\/\\\/www.caudete.org\\\/ayuntamiento\\\/#\\\/schema\\\/person\\\/abfa5ffd5010a14e078c21e6e61b6291\"},\"description\":\"P\u00e1gina Oficial del Ayuntamiento de Caudete (Albacete)\",\"breadcrumb\":{\"@id\":\"https:\\\/\\\/www.caudete.org\\\/ayuntamiento\\\/caudete-celebra-la-gala-de-entrega-de-premios-del-xxix-certamen-literario-evaristo-banon\\\/#breadcrumb\"},\"inLanguage\":\"es\",\"potentialAction\":[{\"@type\":\"ReadAction\",\"target\":[\"https:\\\/\\\/www.caudete.org\\\/ayuntamiento\\\/caudete-celebra-la-gala-de-entrega-de-premios-del-xxix-certamen-literario-evaristo-banon\\\/\"]}]},{\"@type\":\"ImageObject\",\"inLanguage\":\"es\",\"@id\":\"https:\\\/\\\/www.caudete.org\\\/ayuntamiento\\\/caudete-celebra-la-gala-de-entrega-de-premios-del-xxix-certamen-literario-evaristo-banon\\\/#primaryimage\",\"url\":\"https:\\\/\\\/www.caudete.org\\\/ayuntamiento\\\/wp-content\\\/uploads\\\/2024\\\/03\\\/Logo-Evaristo-Banon-4.jpg\",\"contentUrl\":\"https:\\\/\\\/www.caudete.org\\\/ayuntamiento\\\/wp-content\\\/uploads\\\/2024\\\/03\\\/Logo-Evaristo-Banon-4.jpg\",\"width\":800,\"height\":566},{\"@type\":\"BreadcrumbList\",\"@id\":\"https:\\\/\\\/www.caudete.org\\\/ayuntamiento\\\/caudete-celebra-la-gala-de-entrega-de-premios-del-xxix-certamen-literario-evaristo-banon\\\/#breadcrumb\",\"itemListElement\":[{\"@type\":\"ListItem\",\"position\":1,\"name\":\"Inicio\",\"item\":\"https:\\\/\\\/www.caudete.org\\\/ayuntamiento\\\/\"},{\"@type\":\"ListItem\",\"position\":2,\"name\":\"Caudete celebra la gala de entrega de premios del XXIX Certamen Literario \u201cEvaristo Ba\u00f1\u00f3n\u201d\"}]},{\"@type\":\"WebSite\",\"@id\":\"https:\\\/\\\/www.caudete.org\\\/ayuntamiento\\\/#website\",\"url\":\"https:\\\/\\\/www.caudete.org\\\/ayuntamiento\\\/\",\"name\":\"MI Ayuntamiento de Caudete\",\"description\":\"P\u00e1gina Oficial del MI Ayuntamiento de Caudete\",\"potentialAction\":[{\"@type\":\"SearchAction\",\"target\":{\"@type\":\"EntryPoint\",\"urlTemplate\":\"https:\\\/\\\/www.caudete.org\\\/ayuntamiento\\\/?s={search_term_string}\"},\"query-input\":{\"@type\":\"PropertyValueSpecification\",\"valueRequired\":true,\"valueName\":\"search_term_string\"}}],\"inLanguage\":\"es\"},{\"@type\":\"Person\",\"@id\":\"https:\\\/\\\/www.caudete.org\\\/ayuntamiento\\\/#\\\/schema\\\/person\\\/abfa5ffd5010a14e078c21e6e61b6291\",\"name\":\"informatica2\",\"image\":{\"@type\":\"ImageObject\",\"inLanguage\":\"es\",\"@id\":\"https:\\\/\\\/secure.gravatar.com\\\/avatar\\\/b089890ff033a3e4d03eec00ecb5a14425217205c513f60ec32ebeaaeb5fa700?s=96&d=mm&r=g\",\"url\":\"https:\\\/\\\/secure.gravatar.com\\\/avatar\\\/b089890ff033a3e4d03eec00ecb5a14425217205c513f60ec32ebeaaeb5fa700?s=96&d=mm&r=g\",\"contentUrl\":\"https:\\\/\\\/secure.gravatar.com\\\/avatar\\\/b089890ff033a3e4d03eec00ecb5a14425217205c513f60ec32ebeaaeb5fa700?s=96&d=mm&r=g\",\"caption\":\"informatica2\"},\"url\":\"https:\\\/\\\/www.caudete.org\\\/ayuntamiento\\\/author\\\/informatica2\\\/\"}]}<\/script>\n<!-- \/ Yoast SEO plugin. -->","yoast_head_json":{"title":"Caudete celebra la gala de entrega de premios del XXIX Certamen Literario \u201cEvaristo Ba\u00f1\u00f3n\u201d - MI Ayuntamiento de Caudete","description":"P\u00e1gina Oficial del Ayuntamiento de Caudete (Albacete)","robots":{"index":"index","follow":"follow","max-snippet":"max-snippet:-1","max-image-preview":"max-image-preview:large","max-video-preview":"max-video-preview:-1"},"canonical":"https:\/\/www.caudete.org\/ayuntamiento\/caudete-celebra-la-gala-de-entrega-de-premios-del-xxix-certamen-literario-evaristo-banon\/","og_locale":"es_ES","og_type":"article","og_title":"Caudete celebra la gala de entrega de premios del XXIX Certamen Literario \u201cEvaristo Ba\u00f1\u00f3n\u201d - MI Ayuntamiento de Caudete","og_description":"P\u00e1gina Oficial del Ayuntamiento de Caudete (Albacete)","og_url":"https:\/\/www.caudete.org\/ayuntamiento\/caudete-celebra-la-gala-de-entrega-de-premios-del-xxix-certamen-literario-evaristo-banon\/","og_site_name":"MI Ayuntamiento de Caudete","article_publisher":"https:\/\/www.facebook.com\/ayuntamientocaudete\/","article_published_time":"2026-04-29T10:05:58+00:00","article_modified_time":"2026-04-29T10:44:52+00:00","og_image":[{"width":800,"height":566,"url":"https:\/\/www.caudete.org\/ayuntamiento\/wp-content\/uploads\/2024\/03\/Logo-Evaristo-Banon-4.jpg","type":"image\/jpeg"}],"author":"informatica2","twitter_card":"summary_large_image","twitter_misc":{"Escrito por":"informatica2","Tiempo de lectura":"3 minutos"},"schema":{"@context":"https:\/\/schema.org","@graph":[{"@type":"Article","@id":"https:\/\/www.caudete.org\/ayuntamiento\/caudete-celebra-la-gala-de-entrega-de-premios-del-xxix-certamen-literario-evaristo-banon\/#article","isPartOf":{"@id":"https:\/\/www.caudete.org\/ayuntamiento\/caudete-celebra-la-gala-de-entrega-de-premios-del-xxix-certamen-literario-evaristo-banon\/"},"author":{"name":"informatica2","@id":"https:\/\/www.caudete.org\/ayuntamiento\/#\/schema\/person\/abfa5ffd5010a14e078c21e6e61b6291"},"headline":"Caudete celebra la gala de entrega de premios del XXIX Certamen Literario \u201cEvaristo Ba\u00f1\u00f3n\u201d","datePublished":"2026-04-29T10:05:58+00:00","dateModified":"2026-04-29T10:44:52+00:00","mainEntityOfPage":{"@id":"https:\/\/www.caudete.org\/ayuntamiento\/caudete-celebra-la-gala-de-entrega-de-premios-del-xxix-certamen-literario-evaristo-banon\/"},"wordCount":530,"image":{"@id":"https:\/\/www.caudete.org\/ayuntamiento\/caudete-celebra-la-gala-de-entrega-de-premios-del-xxix-certamen-literario-evaristo-banon\/#primaryimage"},"thumbnailUrl":"https:\/\/www.caudete.org\/ayuntamiento\/wp-content\/uploads\/2024\/03\/Logo-Evaristo-Banon-4.jpg","articleSection":["Cultura"],"inLanguage":"es"},{"@type":"WebPage","@id":"https:\/\/www.caudete.org\/ayuntamiento\/caudete-celebra-la-gala-de-entrega-de-premios-del-xxix-certamen-literario-evaristo-banon\/","url":"https:\/\/www.caudete.org\/ayuntamiento\/caudete-celebra-la-gala-de-entrega-de-premios-del-xxix-certamen-literario-evaristo-banon\/","name":"Caudete celebra la gala de entrega de premios del XXIX Certamen Literario \u201cEvaristo Ba\u00f1\u00f3n\u201d - MI Ayuntamiento de Caudete","isPartOf":{"@id":"https:\/\/www.caudete.org\/ayuntamiento\/#website"},"primaryImageOfPage":{"@id":"https:\/\/www.caudete.org\/ayuntamiento\/caudete-celebra-la-gala-de-entrega-de-premios-del-xxix-certamen-literario-evaristo-banon\/#primaryimage"},"image":{"@id":"https:\/\/www.caudete.org\/ayuntamiento\/caudete-celebra-la-gala-de-entrega-de-premios-del-xxix-certamen-literario-evaristo-banon\/#primaryimage"},"thumbnailUrl":"https:\/\/www.caudete.org\/ayuntamiento\/wp-content\/uploads\/2024\/03\/Logo-Evaristo-Banon-4.jpg","datePublished":"2026-04-29T10:05:58+00:00","dateModified":"2026-04-29T10:44:52+00:00","author":{"@id":"https:\/\/www.caudete.org\/ayuntamiento\/#\/schema\/person\/abfa5ffd5010a14e078c21e6e61b6291"},"description":"P\u00e1gina Oficial del Ayuntamiento de Caudete (Albacete)","breadcrumb":{"@id":"https:\/\/www.caudete.org\/ayuntamiento\/caudete-celebra-la-gala-de-entrega-de-premios-del-xxix-certamen-literario-evaristo-banon\/#breadcrumb"},"inLanguage":"es","potentialAction":[{"@type":"ReadAction","target":["https:\/\/www.caudete.org\/ayuntamiento\/caudete-celebra-la-gala-de-entrega-de-premios-del-xxix-certamen-literario-evaristo-banon\/"]}]},{"@type":"ImageObject","inLanguage":"es","@id":"https:\/\/www.caudete.org\/ayuntamiento\/caudete-celebra-la-gala-de-entrega-de-premios-del-xxix-certamen-literario-evaristo-banon\/#primaryimage","url":"https:\/\/www.caudete.org\/ayuntamiento\/wp-content\/uploads\/2024\/03\/Logo-Evaristo-Banon-4.jpg","contentUrl":"https:\/\/www.caudete.org\/ayuntamiento\/wp-content\/uploads\/2024\/03\/Logo-Evaristo-Banon-4.jpg","width":800,"height":566},{"@type":"BreadcrumbList","@id":"https:\/\/www.caudete.org\/ayuntamiento\/caudete-celebra-la-gala-de-entrega-de-premios-del-xxix-certamen-literario-evaristo-banon\/#breadcrumb","itemListElement":[{"@type":"ListItem","position":1,"name":"Inicio","item":"https:\/\/www.caudete.org\/ayuntamiento\/"},{"@type":"ListItem","position":2,"name":"Caudete celebra la gala de entrega de premios del XXIX Certamen Literario \u201cEvaristo Ba\u00f1\u00f3n\u201d"}]},{"@type":"WebSite","@id":"https:\/\/www.caudete.org\/ayuntamiento\/#website","url":"https:\/\/www.caudete.org\/ayuntamiento\/","name":"MI Ayuntamiento de Caudete","description":"P\u00e1gina Oficial del MI Ayuntamiento de Caudete","potentialAction":[{"@type":"SearchAction","target":{"@type":"EntryPoint","urlTemplate":"https:\/\/www.caudete.org\/ayuntamiento\/?s={search_term_string}"},"query-input":{"@type":"PropertyValueSpecification","valueRequired":true,"valueName":"search_term_string"}}],"inLanguage":"es"},{"@type":"Person","@id":"https:\/\/www.caudete.org\/ayuntamiento\/#\/schema\/person\/abfa5ffd5010a14e078c21e6e61b6291","name":"informatica2","image":{"@type":"ImageObject","inLanguage":"es","@id":"https:\/\/secure.gravatar.com\/avatar\/b089890ff033a3e4d03eec00ecb5a14425217205c513f60ec32ebeaaeb5fa700?s=96&d=mm&r=g","url":"https:\/\/secure.gravatar.com\/avatar\/b089890ff033a3e4d03eec00ecb5a14425217205c513f60ec32ebeaaeb5fa700?s=96&d=mm&r=g","contentUrl":"https:\/\/secure.gravatar.com\/avatar\/b089890ff033a3e4d03eec00ecb5a14425217205c513f60ec32ebeaaeb5fa700?s=96&d=mm&r=g","caption":"informatica2"},"url":"https:\/\/www.caudete.org\/ayuntamiento\/author\/informatica2\/"}]}},"_links":{"self":[{"href":"https:\/\/www.caudete.org\/ayuntamiento\/wp-json\/wp\/v2\/posts\/33949","targetHints":{"allow":["GET"]}}],"collection":[{"href":"https:\/\/www.caudete.org\/ayuntamiento\/wp-json\/wp\/v2\/posts"}],"about":[{"href":"https:\/\/www.caudete.org\/ayuntamiento\/wp-json\/wp\/v2\/types\/post"}],"author":[{"embeddable":true,"href":"https:\/\/www.caudete.org\/ayuntamiento\/wp-json\/wp\/v2\/users\/6"}],"replies":[{"embeddable":true,"href":"https:\/\/www.caudete.org\/ayuntamiento\/wp-json\/wp\/v2\/comments?post=33949"}],"version-history":[{"count":2,"href":"https:\/\/www.caudete.org\/ayuntamiento\/wp-json\/wp\/v2\/posts\/33949\/revisions"}],"predecessor-version":[{"id":33952,"href":"https:\/\/www.caudete.org\/ayuntamiento\/wp-json\/wp\/v2\/posts\/33949\/revisions\/33952"}],"wp:featuredmedia":[{"embeddable":true,"href":"https:\/\/www.caudete.org\/ayuntamiento\/wp-json\/wp\/v2\/media\/24486"}],"wp:attachment":[{"href":"https:\/\/www.caudete.org\/ayuntamiento\/wp-json\/wp\/v2\/media?parent=33949"}],"wp:term":[{"taxonomy":"category","embeddable":true,"href":"https:\/\/www.caudete.org\/ayuntamiento\/wp-json\/wp\/v2\/categories?post=33949"},{"taxonomy":"post_tag","embeddable":true,"href":"https:\/\/www.caudete.org\/ayuntamiento\/wp-json\/wp\/v2\/tags?post=33949"}],"curies":[{"name":"wp","href":"https:\/\/api.w.org\/{rel}","templated":true}]}}