{"id":33986,"date":"2026-04-30T19:00:03","date_gmt":"2026-04-30T17:00:03","guid":{"rendered":"https:\/\/www.caudete.org\/ayuntamiento\/?p=33986"},"modified":"2026-04-30T19:02:35","modified_gmt":"2026-04-30T17:02:35","slug":"un-bando-municipal-recuerda-las-calles-cortadas-al-trafico-y-prohibicion-de-estacionamiento-por-motivo-del-xliii-cross-antonio-amoros","status":"publish","type":"post","link":"https:\/\/www.caudete.org\/ayuntamiento\/un-bando-municipal-recuerda-las-calles-cortadas-al-trafico-y-prohibicion-de-estacionamiento-por-motivo-del-xliii-cross-antonio-amoros\/","title":{"rendered":"Un BANDO MUNICIPAL recuerda las calles cortadas al tr\u00e1fico y prohibici\u00f3n de estacionamiento por motivo del XLIII Cross Antonio Amor\u00f3s"},"content":{"rendered":"<p style=\"text-align: justify;\">El Alcalde Jos\u00e9 Miguel Moll\u00e1, con motivo de la celebraci\u00f3n de la XLIII edici\u00f3n del Cross Antonio Amor\u00f3s , ha emitido un BANDO MUNICIPAL con el objeto de dar mayor alcance a la poblaci\u00f3n acerca de las calles afectadas y por tanto se ven afectadas de forma temporal al tr\u00e1fico y al estacionamiento de veh\u00edculos.<\/p>\n<p>El contenido del expresado Bando se puede consultar <a href=\"https:\/\/caudete.sedipualba.es\/firma\/documento.aspx?csv=A9AAAPTMQPVX3UAHX9WE&amp;modo=abrir\" target=\"_blank\" rel=\"nofollow\">clicando aqu\u00ed<\/a> o bien en la transcripci\u00f3n literal que sigue:<\/p>\n<p style=\"text-align: justify;\"><em>&lt;&lt;&lt;Dada cuenta de la Resoluci\u00f3n de Alcald\u00eda n\u00ba 1089, de fecha 29 de abril de 2026, en relaci\u00f3n con la autorizaci\u00f3n de ocupaci\u00f3n de v\u00edas p\u00fablicas para la celebraci\u00f3n del evento deportivo \u201cXLIII Cross&nbsp; Antonio Amor\u00f3s\u201d, el 9 de mayo de 2026.<\/em><\/p>\n<p style=\"text-align: justify;\"><em><br \/>\nVisto el informe emitido por el Subinspector Jefe de la Polic\u00eda Local, de fecha 28 de abril de 2026 (C\u00f3d. 5951572) y, vista la Resoluci\u00f3n arriba mencionada, se publica este bando para general<br \/>\nconocimiento y cumplimiento:<\/em><\/p>\n<p style=\"text-align: justify;\"><em><br \/>\n1. Avda. Miguel \u00c1ngel Blanco a la altura de la intersecci\u00f3n con la Avda. de Villena, con el fin de impedir el acceso de veh\u00edculos a Avda. Miguel \u00c1ngel Blanco.<br \/>\n2. Avda. Virgen de Gracia a la altura de la intersecci\u00f3n con la Carretera de Villena, con el fin de impedir el acceso de veh\u00edculos a la Avenida Virgen de Gracia.<br \/>\n3. Camino de Villena a la altura del fin del vallado perimetral del Polideportivo Municipal, con el fin de impedir el acceso de veh\u00edculos al Camino de Villena.<br \/>\n4. Avda. de la Libertad a la altura de la intersecci\u00f3n con el Camino de la Toconera, con el fin de impedir el acceso de veh\u00edculos a la Avenida Virgen de Gracia.<br \/>\n5. Calle Poeta Evaristo Ba\u00f1\u00f3n a la altura de la intersecci\u00f3n con la Avda. Virgen de Gracia, con el fin de impedir el acceso de veh\u00edculos a la Avenida Virgen de Gracia.<br \/>\n6. Calle Lope de Vega a la altura de la intersecci\u00f3n con la Avda. Virgen de Gracia, con el fin de impedir el acceso de veh\u00edculos a la Avenida Virgen de Gracia.<br \/>\n7. Calle P\u00e9rez Gald\u00f3s a la altura de la intersecci\u00f3n con la Avda. Virgen de Gracia, con el fin de impedir el acceso de veh\u00edculos a la Avenida Virgen de Gracia.<br \/>\n8. Calle Blasco Ib\u00e1\u00f1ez a la altura de la intersecci\u00f3n con la Avda. Virgen de Gracia, con el fin de impedir el acceso de veh\u00edculos a la Avenida Virgen de Gracia.<br \/>\n9. Calle Concha Espina a la altura de la intersecci\u00f3n con la Avda. Virgen de Gracia, con el fin de impedir el acceso de veh\u00edculos a la Avenida Virgen de Gracia.<br \/>\n10. Avenida Juan Carlos I a la altura de la intersecci\u00f3n con la Avda Virgen de Gracia, con el fin de impedir el acceso de veh\u00edculos a la Avenida Virgen de Gracia.<br \/>\n11. C\/ Puerta de la Villa a la altura de la intersecci\u00f3n con la Calle Literato Azor\u00edn, con el fin de impedir el acceso de veh\u00edculos a la Calle Puerta de la Villa.<br \/>\n12. Calle Echegaray a la altura de la intersecci\u00f3n con la Calle Alcalde Luis Pascual, con el fin de impedir el acceso de veh\u00edculos a la Calle Alcalde Luis Pascual.<br \/>\n13. Calle La Zafra a la altura de la intersecci\u00f3n con la Calle Alcalde Luis Pascual, con el fin de impedir el acceso de veh\u00edculos a la Calle Alcalde Luis Pascual.<br \/>\n14. Calle Dos de Mayo a la altura de la intersecci\u00f3n con la Calle Jos\u00e9 Ruiz Ruiz, con el fin de impedir el acceso de veh\u00edculos a la Calle Jos\u00e9 Ruiz Ruiz.<br \/>\n15. C\/ La Zafra a la altura de la intersecci\u00f3n con la Calle Dos de Mayo, con el fin de impedir el acceso de veh\u00edculos a la Calle La Zafra y Avda. Virgen de Gracia.<br \/>\n16. Avda de las Jornetas a la altura de la intersecci\u00f3n con la Calle El Real, con el fin de impedir el acceso de veh\u00edculos a Calle Sant\u00edsimo Sacramento y Calle General Lassala. (Corte<br \/>\nen diagonal)<br \/>\n17. Calle General Lassala a la altura de la intersecci\u00f3n con Callej\u00f3n de Calle Maestro Serrano, con el fin de impedir el acceso de veh\u00edculos a Calle General Lassala.<br \/>\n18. Calle Santa Ana a la altura de la intersecci\u00f3n con Calle Cantarer\u00eda, con el fin de impedir el acceso de veh\u00edculos a Calle Santa Ana en direcci\u00f3n a Calle Abad\u00eda.<br \/>\n<\/em><em>19. Plaza de la Iglesia a la altura de la intersecci\u00f3n con la Calle Abad\u00eda, con el fin de impedir el acceso de veh\u00edculos a la Calle Abad\u00eda.<br \/>\n20. Calle San Antonio Abad a la altura de la Calle Santa B\u00e1rbara, con el fin de impedir el acceso de veh\u00edculos a Plza del Carmen.<br \/>\n21. Calle El Mercado a la altura de la intersecci\u00f3n con la Calle El Molino, con el fin de impedir el acceso de veh\u00edculos a Calle El Molino.<br \/>\n22. Calle Alcalde Luis Pascual a la altura de la intersecci\u00f3n con la Calle El Molino, con el fin de impedir el acceso de veh\u00edculos a la Calle Alcalde Luis Pascual.<br \/>\n23. Calle Corona de Arag\u00f3n a la altura de la intersecci\u00f3n con la Calle Atleta Antonio Amor\u00f3s, con el fin de impedir el acceso de veh\u00edculos a la Calle Corona de Arag\u00f3n.<br \/>\n24. Avenida Juan Carlos I a la altura de la intersecci\u00f3n con la Calle Atleta Antonio Amor\u00f3s, con el fin de impedir el acceso de veh\u00edculos a la Avda. Juan Carlos I, sentido centro ciudad, y a la Calle Atleta Antonio Amor\u00f3s, sentido Avda Miguel Angel Blanco.<br \/>\n25. Calle Pintor Torres Cotarelo a la altura de la intersecci\u00f3n con la Calle Atleta Antonio Amor\u00f3s, con el fin de impedir el acceso de veh\u00edculos a la Calle Atleta Antonio Amor\u00f3s.<br \/>\n<\/em><\/p>\n<p style=\"text-align: justify;\"><em>Retirando la se\u00f1alizaci\u00f3n y abriendo las v\u00edas al tr\u00e1fico a la finalizaci\u00f3n del evento&gt;&gt;&gt;<\/em><\/p>\n","protected":false},"excerpt":{"rendered":"<p>El Alcalde Jos\u00e9 Miguel Moll\u00e1, con motivo de la celebraci\u00f3n de la XLIII edici\u00f3n del Cross Antonio Amor\u00f3s , ha emitido un BANDO MUNICIPAL con el objeto de dar mayor alcance a la poblaci\u00f3n acerca de las calles afectadas y por tanto se ven afectadas de forma temporal al tr\u00e1fico y al estacionamiento de veh\u00edculos. &hellip;<\/p>\n","protected":false},"author":5,"featured_media":33988,"comment_status":"closed","ping_status":"open","sticky":false,"template":"","format":"standard","meta":{"ngg_post_thumbnail":0,"footnotes":""},"categories":[46],"tags":[],"class_list":["post-33986","post","type-post","status-publish","format-standard","has-post-thumbnail","hentry","category-movilidad-urbana"],"yoast_head":"<!-- This site is optimized with the Yoast SEO plugin v27.5 - https:\/\/yoast.com\/product\/yoast-seo-wordpress\/ -->\n<title>Un BANDO MUNICIPAL recuerda las calles cortadas al tr\u00e1fico y prohibici\u00f3n de estacionamiento por motivo del XLIII Cross Antonio Amor\u00f3s - MI Ayuntamiento de Caudete<\/title>\n<meta name=\"description\" content=\"P\u00e1gina Oficial del Ayuntamiento de Caudete (Albacete)\" \/>\n<meta name=\"robots\" content=\"index, follow, max-snippet:-1, max-image-preview:large, max-video-preview:-1\" \/>\n<link rel=\"canonical\" href=\"https:\/\/www.caudete.org\/ayuntamiento\/un-bando-municipal-recuerda-las-calles-cortadas-al-trafico-y-prohibicion-de-estacionamiento-por-motivo-del-xliii-cross-antonio-amoros\/\" \/>\n<meta property=\"og:locale\" content=\"es_ES\" \/>\n<meta property=\"og:type\" content=\"article\" \/>\n<meta property=\"og:title\" content=\"Un BANDO MUNICIPAL recuerda las calles cortadas al tr\u00e1fico y prohibici\u00f3n de estacionamiento por motivo del XLIII Cross Antonio Amor\u00f3s - MI Ayuntamiento de Caudete\" \/>\n<meta property=\"og:description\" content=\"P\u00e1gina Oficial del Ayuntamiento de Caudete (Albacete)\" \/>\n<meta property=\"og:url\" content=\"https:\/\/www.caudete.org\/ayuntamiento\/un-bando-municipal-recuerda-las-calles-cortadas-al-trafico-y-prohibicion-de-estacionamiento-por-motivo-del-xliii-cross-antonio-amoros\/\" \/>\n<meta property=\"og:site_name\" content=\"MI Ayuntamiento de Caudete\" \/>\n<meta property=\"article:publisher\" content=\"https:\/\/www.facebook.com\/ayuntamientocaudete\/\" \/>\n<meta property=\"article:published_time\" content=\"2026-04-30T17:00:03+00:00\" \/>\n<meta property=\"article:modified_time\" content=\"2026-04-30T17:02:35+00:00\" \/>\n<meta property=\"og:image\" content=\"https:\/\/www.caudete.org\/ayuntamiento\/wp-content\/uploads\/2026\/04\/BandoMunicipalCross2026-2.jpg\" \/>\n\t<meta property=\"og:image:width\" content=\"800\" \/>\n\t<meta property=\"og:image:height\" content=\"515\" \/>\n\t<meta property=\"og:image:type\" content=\"image\/jpeg\" \/>\n<meta name=\"author\" content=\"Dpto Informatica MI Ayuntamiento de Caudete\" \/>\n<meta name=\"twitter:card\" content=\"summary_large_image\" \/>\n<meta name=\"twitter:label1\" content=\"Escrito por\" \/>\n\t<meta name=\"twitter:data1\" content=\"Dpto Informatica MI Ayuntamiento de Caudete\" \/>\n\t<meta name=\"twitter:label2\" content=\"Tiempo de lectura\" \/>\n\t<meta name=\"twitter:data2\" content=\"5 minutos\" \/>\n<script type=\"application\/ld+json\" class=\"yoast-schema-graph\">{\"@context\":\"https:\\\/\\\/schema.org\",\"@graph\":[{\"@type\":\"Article\",\"@id\":\"https:\\\/\\\/www.caudete.org\\\/ayuntamiento\\\/un-bando-municipal-recuerda-las-calles-cortadas-al-trafico-y-prohibicion-de-estacionamiento-por-motivo-del-xliii-cross-antonio-amoros\\\/#article\",\"isPartOf\":{\"@id\":\"https:\\\/\\\/www.caudete.org\\\/ayuntamiento\\\/un-bando-municipal-recuerda-las-calles-cortadas-al-trafico-y-prohibicion-de-estacionamiento-por-motivo-del-xliii-cross-antonio-amoros\\\/\"},\"author\":{\"name\":\"Dpto Informatica MI Ayuntamiento de Caudete\",\"@id\":\"https:\\\/\\\/www.caudete.org\\\/ayuntamiento\\\/#\\\/schema\\\/person\\\/4b9eab41761957db9b1bf9c418d1ef46\"},\"headline\":\"Un BANDO MUNICIPAL recuerda las calles cortadas al tr\u00e1fico y prohibici\u00f3n de estacionamiento por motivo del XLIII Cross Antonio Amor\u00f3s\",\"datePublished\":\"2026-04-30T17:00:03+00:00\",\"dateModified\":\"2026-04-30T17:02:35+00:00\",\"mainEntityOfPage\":{\"@id\":\"https:\\\/\\\/www.caudete.org\\\/ayuntamiento\\\/un-bando-municipal-recuerda-las-calles-cortadas-al-trafico-y-prohibicion-de-estacionamiento-por-motivo-del-xliii-cross-antonio-amoros\\\/\"},\"wordCount\":1044,\"image\":{\"@id\":\"https:\\\/\\\/www.caudete.org\\\/ayuntamiento\\\/un-bando-municipal-recuerda-las-calles-cortadas-al-trafico-y-prohibicion-de-estacionamiento-por-motivo-del-xliii-cross-antonio-amoros\\\/#primaryimage\"},\"thumbnailUrl\":\"https:\\\/\\\/www.caudete.org\\\/ayuntamiento\\\/wp-content\\\/uploads\\\/2026\\\/04\\\/BandoMunicipalCross2026-2.jpg\",\"articleSection\":[\"Movilidad Urbana\"],\"inLanguage\":\"es\"},{\"@type\":\"WebPage\",\"@id\":\"https:\\\/\\\/www.caudete.org\\\/ayuntamiento\\\/un-bando-municipal-recuerda-las-calles-cortadas-al-trafico-y-prohibicion-de-estacionamiento-por-motivo-del-xliii-cross-antonio-amoros\\\/\",\"url\":\"https:\\\/\\\/www.caudete.org\\\/ayuntamiento\\\/un-bando-municipal-recuerda-las-calles-cortadas-al-trafico-y-prohibicion-de-estacionamiento-por-motivo-del-xliii-cross-antonio-amoros\\\/\",\"name\":\"Un BANDO MUNICIPAL recuerda las calles cortadas al tr\u00e1fico y prohibici\u00f3n de estacionamiento por motivo del XLIII Cross Antonio Amor\u00f3s - MI Ayuntamiento de Caudete\",\"isPartOf\":{\"@id\":\"https:\\\/\\\/www.caudete.org\\\/ayuntamiento\\\/#website\"},\"primaryImageOfPage\":{\"@id\":\"https:\\\/\\\/www.caudete.org\\\/ayuntamiento\\\/un-bando-municipal-recuerda-las-calles-cortadas-al-trafico-y-prohibicion-de-estacionamiento-por-motivo-del-xliii-cross-antonio-amoros\\\/#primaryimage\"},\"image\":{\"@id\":\"https:\\\/\\\/www.caudete.org\\\/ayuntamiento\\\/un-bando-municipal-recuerda-las-calles-cortadas-al-trafico-y-prohibicion-de-estacionamiento-por-motivo-del-xliii-cross-antonio-amoros\\\/#primaryimage\"},\"thumbnailUrl\":\"https:\\\/\\\/www.caudete.org\\\/ayuntamiento\\\/wp-content\\\/uploads\\\/2026\\\/04\\\/BandoMunicipalCross2026-2.jpg\",\"datePublished\":\"2026-04-30T17:00:03+00:00\",\"dateModified\":\"2026-04-30T17:02:35+00:00\",\"author\":{\"@id\":\"https:\\\/\\\/www.caudete.org\\\/ayuntamiento\\\/#\\\/schema\\\/person\\\/4b9eab41761957db9b1bf9c418d1ef46\"},\"description\":\"P\u00e1gina Oficial del Ayuntamiento de Caudete (Albacete)\",\"breadcrumb\":{\"@id\":\"https:\\\/\\\/www.caudete.org\\\/ayuntamiento\\\/un-bando-municipal-recuerda-las-calles-cortadas-al-trafico-y-prohibicion-de-estacionamiento-por-motivo-del-xliii-cross-antonio-amoros\\\/#breadcrumb\"},\"inLanguage\":\"es\",\"potentialAction\":[{\"@type\":\"ReadAction\",\"target\":[\"https:\\\/\\\/www.caudete.org\\\/ayuntamiento\\\/un-bando-municipal-recuerda-las-calles-cortadas-al-trafico-y-prohibicion-de-estacionamiento-por-motivo-del-xliii-cross-antonio-amoros\\\/\"]}]},{\"@type\":\"ImageObject\",\"inLanguage\":\"es\",\"@id\":\"https:\\\/\\\/www.caudete.org\\\/ayuntamiento\\\/un-bando-municipal-recuerda-las-calles-cortadas-al-trafico-y-prohibicion-de-estacionamiento-por-motivo-del-xliii-cross-antonio-amoros\\\/#primaryimage\",\"url\":\"https:\\\/\\\/www.caudete.org\\\/ayuntamiento\\\/wp-content\\\/uploads\\\/2026\\\/04\\\/BandoMunicipalCross2026-2.jpg\",\"contentUrl\":\"https:\\\/\\\/www.caudete.org\\\/ayuntamiento\\\/wp-content\\\/uploads\\\/2026\\\/04\\\/BandoMunicipalCross2026-2.jpg\",\"width\":800,\"height\":515},{\"@type\":\"BreadcrumbList\",\"@id\":\"https:\\\/\\\/www.caudete.org\\\/ayuntamiento\\\/un-bando-municipal-recuerda-las-calles-cortadas-al-trafico-y-prohibicion-de-estacionamiento-por-motivo-del-xliii-cross-antonio-amoros\\\/#breadcrumb\",\"itemListElement\":[{\"@type\":\"ListItem\",\"position\":1,\"name\":\"Inicio\",\"item\":\"https:\\\/\\\/www.caudete.org\\\/ayuntamiento\\\/\"},{\"@type\":\"ListItem\",\"position\":2,\"name\":\"Un BANDO MUNICIPAL recuerda las calles cortadas al tr\u00e1fico y prohibici\u00f3n de estacionamiento por motivo del XLIII Cross Antonio Amor\u00f3s\"}]},{\"@type\":\"WebSite\",\"@id\":\"https:\\\/\\\/www.caudete.org\\\/ayuntamiento\\\/#website\",\"url\":\"https:\\\/\\\/www.caudete.org\\\/ayuntamiento\\\/\",\"name\":\"MI Ayuntamiento de Caudete\",\"description\":\"P\u00e1gina Oficial del MI Ayuntamiento de Caudete\",\"potentialAction\":[{\"@type\":\"SearchAction\",\"target\":{\"@type\":\"EntryPoint\",\"urlTemplate\":\"https:\\\/\\\/www.caudete.org\\\/ayuntamiento\\\/?s={search_term_string}\"},\"query-input\":{\"@type\":\"PropertyValueSpecification\",\"valueRequired\":true,\"valueName\":\"search_term_string\"}}],\"inLanguage\":\"es\"},{\"@type\":\"Person\",\"@id\":\"https:\\\/\\\/www.caudete.org\\\/ayuntamiento\\\/#\\\/schema\\\/person\\\/4b9eab41761957db9b1bf9c418d1ef46\",\"name\":\"Dpto Informatica MI Ayuntamiento de Caudete\",\"image\":{\"@type\":\"ImageObject\",\"inLanguage\":\"es\",\"@id\":\"https:\\\/\\\/secure.gravatar.com\\\/avatar\\\/ac0321ee4a0a83e82a253e7b2d348ef539e2c8fe16d06b600bde04de1b364fa7?s=96&d=mm&r=g\",\"url\":\"https:\\\/\\\/secure.gravatar.com\\\/avatar\\\/ac0321ee4a0a83e82a253e7b2d348ef539e2c8fe16d06b600bde04de1b364fa7?s=96&d=mm&r=g\",\"contentUrl\":\"https:\\\/\\\/secure.gravatar.com\\\/avatar\\\/ac0321ee4a0a83e82a253e7b2d348ef539e2c8fe16d06b600bde04de1b364fa7?s=96&d=mm&r=g\",\"caption\":\"Dpto Informatica MI Ayuntamiento de Caudete\"},\"url\":\"https:\\\/\\\/www.caudete.org\\\/ayuntamiento\\\/author\\\/informatica\\\/\"}]}<\/script>\n<!-- \/ Yoast SEO plugin. -->","yoast_head_json":{"title":"Un BANDO MUNICIPAL recuerda las calles cortadas al tr\u00e1fico y prohibici\u00f3n de estacionamiento por motivo del XLIII Cross Antonio Amor\u00f3s - MI Ayuntamiento de Caudete","description":"P\u00e1gina Oficial del Ayuntamiento de Caudete (Albacete)","robots":{"index":"index","follow":"follow","max-snippet":"max-snippet:-1","max-image-preview":"max-image-preview:large","max-video-preview":"max-video-preview:-1"},"canonical":"https:\/\/www.caudete.org\/ayuntamiento\/un-bando-municipal-recuerda-las-calles-cortadas-al-trafico-y-prohibicion-de-estacionamiento-por-motivo-del-xliii-cross-antonio-amoros\/","og_locale":"es_ES","og_type":"article","og_title":"Un BANDO MUNICIPAL recuerda las calles cortadas al tr\u00e1fico y prohibici\u00f3n de estacionamiento por motivo del XLIII Cross Antonio Amor\u00f3s - MI Ayuntamiento de Caudete","og_description":"P\u00e1gina Oficial del Ayuntamiento de Caudete (Albacete)","og_url":"https:\/\/www.caudete.org\/ayuntamiento\/un-bando-municipal-recuerda-las-calles-cortadas-al-trafico-y-prohibicion-de-estacionamiento-por-motivo-del-xliii-cross-antonio-amoros\/","og_site_name":"MI Ayuntamiento de Caudete","article_publisher":"https:\/\/www.facebook.com\/ayuntamientocaudete\/","article_published_time":"2026-04-30T17:00:03+00:00","article_modified_time":"2026-04-30T17:02:35+00:00","og_image":[{"width":800,"height":515,"url":"https:\/\/www.caudete.org\/ayuntamiento\/wp-content\/uploads\/2026\/04\/BandoMunicipalCross2026-2.jpg","type":"image\/jpeg"}],"author":"Dpto Informatica MI Ayuntamiento de Caudete","twitter_card":"summary_large_image","twitter_misc":{"Escrito por":"Dpto Informatica MI Ayuntamiento de Caudete","Tiempo de lectura":"5 minutos"},"schema":{"@context":"https:\/\/schema.org","@graph":[{"@type":"Article","@id":"https:\/\/www.caudete.org\/ayuntamiento\/un-bando-municipal-recuerda-las-calles-cortadas-al-trafico-y-prohibicion-de-estacionamiento-por-motivo-del-xliii-cross-antonio-amoros\/#article","isPartOf":{"@id":"https:\/\/www.caudete.org\/ayuntamiento\/un-bando-municipal-recuerda-las-calles-cortadas-al-trafico-y-prohibicion-de-estacionamiento-por-motivo-del-xliii-cross-antonio-amoros\/"},"author":{"name":"Dpto Informatica MI Ayuntamiento de Caudete","@id":"https:\/\/www.caudete.org\/ayuntamiento\/#\/schema\/person\/4b9eab41761957db9b1bf9c418d1ef46"},"headline":"Un BANDO MUNICIPAL recuerda las calles cortadas al tr\u00e1fico y prohibici\u00f3n de estacionamiento por motivo del XLIII Cross Antonio Amor\u00f3s","datePublished":"2026-04-30T17:00:03+00:00","dateModified":"2026-04-30T17:02:35+00:00","mainEntityOfPage":{"@id":"https:\/\/www.caudete.org\/ayuntamiento\/un-bando-municipal-recuerda-las-calles-cortadas-al-trafico-y-prohibicion-de-estacionamiento-por-motivo-del-xliii-cross-antonio-amoros\/"},"wordCount":1044,"image":{"@id":"https:\/\/www.caudete.org\/ayuntamiento\/un-bando-municipal-recuerda-las-calles-cortadas-al-trafico-y-prohibicion-de-estacionamiento-por-motivo-del-xliii-cross-antonio-amoros\/#primaryimage"},"thumbnailUrl":"https:\/\/www.caudete.org\/ayuntamiento\/wp-content\/uploads\/2026\/04\/BandoMunicipalCross2026-2.jpg","articleSection":["Movilidad Urbana"],"inLanguage":"es"},{"@type":"WebPage","@id":"https:\/\/www.caudete.org\/ayuntamiento\/un-bando-municipal-recuerda-las-calles-cortadas-al-trafico-y-prohibicion-de-estacionamiento-por-motivo-del-xliii-cross-antonio-amoros\/","url":"https:\/\/www.caudete.org\/ayuntamiento\/un-bando-municipal-recuerda-las-calles-cortadas-al-trafico-y-prohibicion-de-estacionamiento-por-motivo-del-xliii-cross-antonio-amoros\/","name":"Un BANDO MUNICIPAL recuerda las calles cortadas al tr\u00e1fico y prohibici\u00f3n de estacionamiento por motivo del XLIII Cross Antonio Amor\u00f3s - MI Ayuntamiento de Caudete","isPartOf":{"@id":"https:\/\/www.caudete.org\/ayuntamiento\/#website"},"primaryImageOfPage":{"@id":"https:\/\/www.caudete.org\/ayuntamiento\/un-bando-municipal-recuerda-las-calles-cortadas-al-trafico-y-prohibicion-de-estacionamiento-por-motivo-del-xliii-cross-antonio-amoros\/#primaryimage"},"image":{"@id":"https:\/\/www.caudete.org\/ayuntamiento\/un-bando-municipal-recuerda-las-calles-cortadas-al-trafico-y-prohibicion-de-estacionamiento-por-motivo-del-xliii-cross-antonio-amoros\/#primaryimage"},"thumbnailUrl":"https:\/\/www.caudete.org\/ayuntamiento\/wp-content\/uploads\/2026\/04\/BandoMunicipalCross2026-2.jpg","datePublished":"2026-04-30T17:00:03+00:00","dateModified":"2026-04-30T17:02:35+00:00","author":{"@id":"https:\/\/www.caudete.org\/ayuntamiento\/#\/schema\/person\/4b9eab41761957db9b1bf9c418d1ef46"},"description":"P\u00e1gina Oficial del Ayuntamiento de Caudete (Albacete)","breadcrumb":{"@id":"https:\/\/www.caudete.org\/ayuntamiento\/un-bando-municipal-recuerda-las-calles-cortadas-al-trafico-y-prohibicion-de-estacionamiento-por-motivo-del-xliii-cross-antonio-amoros\/#breadcrumb"},"inLanguage":"es","potentialAction":[{"@type":"ReadAction","target":["https:\/\/www.caudete.org\/ayuntamiento\/un-bando-municipal-recuerda-las-calles-cortadas-al-trafico-y-prohibicion-de-estacionamiento-por-motivo-del-xliii-cross-antonio-amoros\/"]}]},{"@type":"ImageObject","inLanguage":"es","@id":"https:\/\/www.caudete.org\/ayuntamiento\/un-bando-municipal-recuerda-las-calles-cortadas-al-trafico-y-prohibicion-de-estacionamiento-por-motivo-del-xliii-cross-antonio-amoros\/#primaryimage","url":"https:\/\/www.caudete.org\/ayuntamiento\/wp-content\/uploads\/2026\/04\/BandoMunicipalCross2026-2.jpg","contentUrl":"https:\/\/www.caudete.org\/ayuntamiento\/wp-content\/uploads\/2026\/04\/BandoMunicipalCross2026-2.jpg","width":800,"height":515},{"@type":"BreadcrumbList","@id":"https:\/\/www.caudete.org\/ayuntamiento\/un-bando-municipal-recuerda-las-calles-cortadas-al-trafico-y-prohibicion-de-estacionamiento-por-motivo-del-xliii-cross-antonio-amoros\/#breadcrumb","itemListElement":[{"@type":"ListItem","position":1,"name":"Inicio","item":"https:\/\/www.caudete.org\/ayuntamiento\/"},{"@type":"ListItem","position":2,"name":"Un BANDO MUNICIPAL recuerda las calles cortadas al tr\u00e1fico y prohibici\u00f3n de estacionamiento por motivo del XLIII Cross Antonio Amor\u00f3s"}]},{"@type":"WebSite","@id":"https:\/\/www.caudete.org\/ayuntamiento\/#website","url":"https:\/\/www.caudete.org\/ayuntamiento\/","name":"MI Ayuntamiento de Caudete","description":"P\u00e1gina Oficial del MI Ayuntamiento de Caudete","potentialAction":[{"@type":"SearchAction","target":{"@type":"EntryPoint","urlTemplate":"https:\/\/www.caudete.org\/ayuntamiento\/?s={search_term_string}"},"query-input":{"@type":"PropertyValueSpecification","valueRequired":true,"valueName":"search_term_string"}}],"inLanguage":"es"},{"@type":"Person","@id":"https:\/\/www.caudete.org\/ayuntamiento\/#\/schema\/person\/4b9eab41761957db9b1bf9c418d1ef46","name":"Dpto Informatica MI Ayuntamiento de Caudete","image":{"@type":"ImageObject","inLanguage":"es","@id":"https:\/\/secure.gravatar.com\/avatar\/ac0321ee4a0a83e82a253e7b2d348ef539e2c8fe16d06b600bde04de1b364fa7?s=96&d=mm&r=g","url":"https:\/\/secure.gravatar.com\/avatar\/ac0321ee4a0a83e82a253e7b2d348ef539e2c8fe16d06b600bde04de1b364fa7?s=96&d=mm&r=g","contentUrl":"https:\/\/secure.gravatar.com\/avatar\/ac0321ee4a0a83e82a253e7b2d348ef539e2c8fe16d06b600bde04de1b364fa7?s=96&d=mm&r=g","caption":"Dpto Informatica MI Ayuntamiento de Caudete"},"url":"https:\/\/www.caudete.org\/ayuntamiento\/author\/informatica\/"}]}},"_links":{"self":[{"href":"https:\/\/www.caudete.org\/ayuntamiento\/wp-json\/wp\/v2\/posts\/33986","targetHints":{"allow":["GET"]}}],"collection":[{"href":"https:\/\/www.caudete.org\/ayuntamiento\/wp-json\/wp\/v2\/posts"}],"about":[{"href":"https:\/\/www.caudete.org\/ayuntamiento\/wp-json\/wp\/v2\/types\/post"}],"author":[{"embeddable":true,"href":"https:\/\/www.caudete.org\/ayuntamiento\/wp-json\/wp\/v2\/users\/5"}],"replies":[{"embeddable":true,"href":"https:\/\/www.caudete.org\/ayuntamiento\/wp-json\/wp\/v2\/comments?post=33986"}],"version-history":[{"count":8,"href":"https:\/\/www.caudete.org\/ayuntamiento\/wp-json\/wp\/v2\/posts\/33986\/revisions"}],"predecessor-version":[{"id":33996,"href":"https:\/\/www.caudete.org\/ayuntamiento\/wp-json\/wp\/v2\/posts\/33986\/revisions\/33996"}],"wp:featuredmedia":[{"embeddable":true,"href":"https:\/\/www.caudete.org\/ayuntamiento\/wp-json\/wp\/v2\/media\/33988"}],"wp:attachment":[{"href":"https:\/\/www.caudete.org\/ayuntamiento\/wp-json\/wp\/v2\/media?parent=33986"}],"wp:term":[{"taxonomy":"category","embeddable":true,"href":"https:\/\/www.caudete.org\/ayuntamiento\/wp-json\/wp\/v2\/categories?post=33986"},{"taxonomy":"post_tag","embeddable":true,"href":"https:\/\/www.caudete.org\/ayuntamiento\/wp-json\/wp\/v2\/tags?post=33986"}],"curies":[{"name":"wp","href":"https:\/\/api.w.org\/{rel}","templated":true}]}}