{"id":36709,"date":"2026-08-31T09:00:00","date_gmt":"2026-08-31T07:00:00","guid":{"rendered":"https:\/\/www.caudete.org\/ayuntamiento\/?p=36709"},"modified":"2026-08-21T13:42:09","modified_gmt":"2026-08-21T11:42:09","slug":"arranca-el-curso-2026-2027-de-la-universidad-popular-y-los-clubes-de-lectura-en-caudete","status":"publish","type":"post","link":"https:\/\/www.caudete.org\/ayuntamiento\/arranca-el-curso-2026-2027-de-la-universidad-popular-y-los-clubes-de-lectura-en-caudete\/","title":{"rendered":"Arranca el Curso 2026\/2027 de la Universidad Popular y los Clubes de Lectura en Caudete"},"content":{"rendered":"<p style=\"text-align: justify;\">La Concejal\u00eda de Cultura, a trav\u00e9s de la Casa de Cultura y la Biblioteca P\u00fablica Municipal \u201cAna Mar\u00eda Matute\u201d, presenta una nueva y variada programaci\u00f3n para el curso 2026\/2027 de la Universidad Popular (UP) y de los Clubes de Lectura.<\/p>\n<p style=\"text-align: justify;\">Las actividades, que se desarrollar\u00e1n de octubre a mayo, ofrecen una amplia oferta formativa y cultural, pensada para todos los p\u00fablicos, con el objetivo de fomentar el aprendizaje continuo, la creatividad, la convivencia y el acceso a la cultura.<\/p>\n<h2 style=\"text-align: justify;\">Universidad Popular: formaci\u00f3n, arte, bienestar y gastronom\u00eda para j\u00f3venes y adultos<\/h2>\n<p style=\"text-align: justify;\">La UP incluye <strong>cursos anuales<\/strong> como Acuarela (iniciaci\u00f3n y perfeccionamiento), Sevillanas, Bailes de sal\u00f3n, Baile latino en l\u00ednea, Bordado, Corte y confecci\u00f3n, Restauraci\u00f3n de muebles, Yoga y Hatha yoga, as\u00ed como Cata de vinos.<\/p>\n<p style=\"text-align: justify;\">A ellos se suman cursos y talleres breves que se impartir\u00e1n a lo largo del a\u00f1o: Cocina de Navidad, Cocina con la huerta, Cocina tradicional, Cata de cervezas internacionales, Define tu estilo personal, Conversaci\u00f3n en ingl\u00e9s, Parlare d\u00b4arte (italiano), Iniciaci\u00f3n al mindfulness, Elaboraci\u00f3n de joyas en cer\u00e1mica, Descubre la naturaleza de Caudete (oto\u00f1o y primavera), Taller de teatro I, II y III, Taller rodando un corto, Taller de dibujo Sketch y Taller de retrato avanzado con m\u00f3vil.<\/p>\n<h2 style=\"text-align: justify;\">Clubes de lectura: 22 grupos para todos los p\u00fablicos<\/h2>\n<p style=\"text-align: justify;\">La Biblioteca \u201cAna Mar\u00eda Matute\u201d por su parte ha programado un total de 22 clubes de lectura dirigidos a todas las edades, que abarcan desde la bebeteca (0-3 a\u00f1os) hasta grupos de literatura en ingl\u00e9s y franc\u00e9s, novela hist\u00f3rica, literatura infantil y juvenil, lectura f\u00e1cil y colaboraciones con asociaciones locales como ASPRONA, ACAFEM, ACALUCA o Santa B\u00e1rbara. Como novedades este a\u00f1o ofertamos un club de lectura mensual sobre la Generaci\u00f3n del 27 y otro club de lectura de Perspectiva de g\u00e9nero.<\/p>\n<p style=\"text-align: justify;\">Estos clubes fomentan la lectura, la inclusi\u00f3n, el intercambio generacional, el ocio saludable y la participaci\u00f3n comunitaria, con reuniones peri\u00f3dicas adaptadas a cada grupo.<\/p>\n<h2 style=\"text-align: justify;\">Inscripciones<\/h2>\n<p style=\"text-align: justify;\">Con el fin de facilitar el proceso de matr\u00edcula, este a\u00f1o el per\u00edodo de inscripci\u00f3n se desarrollar\u00e1 en diferentes fases:<\/p>\n<p style=\"text-align: justify; padding-left: 40px;\">\u2022 <strong>21<\/strong> y <strong>22<\/strong> de <strong>septiembre<\/strong>: cursos anuales de la Universidad Popular, en horario de <strong>09:00 a 14:00<\/strong> horas y de <strong>17:00 a 20:00<\/strong> horas.<br \/>\n\u2022 <strong>A partir<\/strong> del <strong>23<\/strong> de <strong>septiembre<\/strong>: Clubes de Lectura, en horario de <strong>09:30 a 14:00<\/strong> horas y de <strong>17:00 a 20:00<\/strong> horas.<br \/>\n\u2022 <strong>24<\/strong> y <strong>25<\/strong> de <strong>septiembre<\/strong>: cursos breves de la Universidad Popular, en horario de <strong>09:00 a 14:00<\/strong> horas y de <strong>17:00 a 20:00<\/strong> horas.<\/p>\n<p style=\"text-align: justify;\">Durante estas fechas, nuestro personal le atender\u00e1 en la <strong>Casa de Cultura<\/strong>, donde podr\u00e1 formalizar su inscripci\u00f3n y recibir toda la informaci\u00f3n que necesite.<\/p>\n<p style=\"text-align: justify;\">Para los cursos de la Universidad Popular la <strong>matr\u00edcula<\/strong> ser\u00e1 de<strong> 22 \u20ac por curso<\/strong> (excepto talleres breves), y se realizar\u00e1 por <strong>riguroso orden de inscripci\u00f3n<\/strong> hasta completar plazas.<\/p>\n<p style=\"text-align: justify;\">El folleto completo y el bolet\u00edn de inscripci\u00f3n est\u00e1n disponibles en la web municipal <a href=\"https:\/\/www.caudete.org\/ayuntamiento\/casa-de-cultura-universidad-popular\/\">www.caudete.org <\/a>&nbsp;o a trav\u00e9s del siguiente enlace:<\/p>\n<p><a href=\"https:\/\/www.caudete.org\/ayuntamiento\/wp-content\/uploads\/2026\/08\/boletin-club-de-lectura-2026-27-R.pdf\" class=\"mtli_attachment mtli_pdf\"><span style=\"font-size: 14pt;\">Bolet\u00edn de Inscripci\u00f3n Clubes de Lectura 2026\/2027<\/span><\/a><br \/>\n<a href=\"https:\/\/www.caudete.org\/ayuntamiento\/wp-content\/uploads\/2026\/08\/Boletin-de-inscripcion_universidad-popular-v2.pdf\" class=\"mtli_attachment mtli_pdf\"><span style=\"font-size: 14pt;\">Bolet\u00edn de iscripci\u00f3n Universidad Popular 2026\/2027<\/span><\/a><br \/>\n<a href=\"https:\/\/www.caudete.org\/ayuntamiento\/wp-content\/uploads\/2026\/08\/Folleto-UP-2026-2027.pdf\" class=\"mtli_attachment mtli_pdf\"><span style=\"font-size: 14pt;\">Folleto Universidad Popular y Clubes de Lectura 2026\/2027<\/span><\/a><\/p>\n<hr>\n<p style=\"text-align: justify;\"><strong>Para m\u00e1s informaci\u00f3n<\/strong>: Casa de Cultura de Caudete, en Calle Las Eras, 33 y tel\u00e9fono: <strong>96 582 81 30<\/strong> y <strong>965 82 81 31<\/strong>.<\/p>\n","protected":false},"excerpt":{"rendered":"<p>La Concejal\u00eda de Cultura, a trav\u00e9s de la Casa de Cultura y la Biblioteca P\u00fablica Municipal \u201cAna Mar\u00eda Matute\u201d, presenta una nueva y variada programaci\u00f3n para el curso 2026\/2027 de la Universidad Popular (UP) y de los Clubes de Lectura. Las actividades, que se desarrollar\u00e1n de octubre a mayo, ofrecen una amplia oferta formativa y &hellip;<\/p>\n","protected":false},"author":6,"featured_media":36712,"comment_status":"closed","ping_status":"open","sticky":false,"template":"","format":"standard","meta":{"ngg_post_thumbnail":0,"footnotes":""},"categories":[14],"tags":[],"class_list":["post-36709","post","type-post","status-publish","format-standard","has-post-thumbnail","hentry","category-cultura"],"yoast_head":"<!-- This site is optimized with the Yoast SEO plugin v28.3 - https:\/\/yoast.com\/product\/yoast-seo-wordpress\/ -->\n<title>Arranca el Curso 2026\/2027 de la Universidad Popular y los Clubes de Lectura en Caudete - MI Ayuntamiento de Caudete<\/title>\n<meta name=\"description\" content=\"P\u00e1gina Oficial del Ayuntamiento de Caudete (Albacete)\" \/>\n<meta name=\"robots\" content=\"index, follow, max-snippet:-1, max-image-preview:large, max-video-preview:-1\" \/>\n<link rel=\"canonical\" href=\"https:\/\/www.caudete.org\/ayuntamiento\/arranca-el-curso-2026-2027-de-la-universidad-popular-y-los-clubes-de-lectura-en-caudete\/\" \/>\n<meta property=\"og:locale\" content=\"es_ES\" \/>\n<meta property=\"og:type\" content=\"article\" \/>\n<meta property=\"og:title\" content=\"Arranca el Curso 2026\/2027 de la Universidad Popular y los Clubes de Lectura en Caudete - MI Ayuntamiento de Caudete\" \/>\n<meta property=\"og:description\" content=\"P\u00e1gina Oficial del Ayuntamiento de Caudete (Albacete)\" \/>\n<meta property=\"og:url\" content=\"https:\/\/www.caudete.org\/ayuntamiento\/arranca-el-curso-2026-2027-de-la-universidad-popular-y-los-clubes-de-lectura-en-caudete\/\" \/>\n<meta property=\"og:site_name\" content=\"MI Ayuntamiento de Caudete\" \/>\n<meta property=\"article:publisher\" content=\"https:\/\/www.facebook.com\/ayuntamientocaudete\/\" \/>\n<meta property=\"article:published_time\" content=\"2026-08-31T07:00:00+00:00\" \/>\n<meta property=\"og:image\" content=\"https:\/\/www.caudete.org\/ayuntamiento\/wp-content\/uploads\/2026\/08\/entrada_casa-cultura.webp\" \/>\n\t<meta property=\"og:image:width\" content=\"1000\" \/>\n\t<meta property=\"og:image:height\" content=\"563\" \/>\n\t<meta property=\"og:image:type\" content=\"image\/webp\" \/>\n<meta name=\"author\" content=\"informatica2\" \/>\n<meta name=\"twitter:card\" content=\"summary_large_image\" \/>\n<meta name=\"twitter:label1\" content=\"Escrito por\" \/>\n\t<meta name=\"twitter:data1\" content=\"informatica2\" \/>\n\t<meta name=\"twitter:label2\" content=\"Tiempo de lectura\" \/>\n\t<meta name=\"twitter:data2\" content=\"3 minutos\" \/>\n<script type=\"application\/ld+json\" class=\"yoast-schema-graph\">{\"@context\":\"https:\\\/\\\/schema.org\",\"@graph\":[{\"@type\":\"Article\",\"@id\":\"https:\\\/\\\/www.caudete.org\\\/ayuntamiento\\\/arranca-el-curso-2026-2027-de-la-universidad-popular-y-los-clubes-de-lectura-en-caudete\\\/#article\",\"isPartOf\":{\"@id\":\"https:\\\/\\\/www.caudete.org\\\/ayuntamiento\\\/arranca-el-curso-2026-2027-de-la-universidad-popular-y-los-clubes-de-lectura-en-caudete\\\/\"},\"author\":{\"name\":\"informatica2\",\"@id\":\"https:\\\/\\\/www.caudete.org\\\/ayuntamiento\\\/#\\\/schema\\\/person\\\/abfa5ffd5010a14e078c21e6e61b6291\"},\"headline\":\"Arranca el Curso 2026\\\/2027 de la Universidad Popular y los Clubes de Lectura en Caudete\",\"datePublished\":\"2026-08-31T07:00:00+00:00\",\"mainEntityOfPage\":{\"@id\":\"https:\\\/\\\/www.caudete.org\\\/ayuntamiento\\\/arranca-el-curso-2026-2027-de-la-universidad-popular-y-los-clubes-de-lectura-en-caudete\\\/\"},\"wordCount\":565,\"image\":{\"@id\":\"https:\\\/\\\/www.caudete.org\\\/ayuntamiento\\\/arranca-el-curso-2026-2027-de-la-universidad-popular-y-los-clubes-de-lectura-en-caudete\\\/#primaryimage\"},\"thumbnailUrl\":\"https:\\\/\\\/www.caudete.org\\\/ayuntamiento\\\/wp-content\\\/uploads\\\/2026\\\/08\\\/entrada_casa-cultura.webp\",\"articleSection\":[\"Cultura\"],\"inLanguage\":\"es\"},{\"@type\":\"WebPage\",\"@id\":\"https:\\\/\\\/www.caudete.org\\\/ayuntamiento\\\/arranca-el-curso-2026-2027-de-la-universidad-popular-y-los-clubes-de-lectura-en-caudete\\\/\",\"url\":\"https:\\\/\\\/www.caudete.org\\\/ayuntamiento\\\/arranca-el-curso-2026-2027-de-la-universidad-popular-y-los-clubes-de-lectura-en-caudete\\\/\",\"name\":\"Arranca el Curso 2026\\\/2027 de la Universidad Popular y los Clubes de Lectura en Caudete - MI Ayuntamiento de Caudete\",\"isPartOf\":{\"@id\":\"https:\\\/\\\/www.caudete.org\\\/ayuntamiento\\\/#website\"},\"primaryImageOfPage\":{\"@id\":\"https:\\\/\\\/www.caudete.org\\\/ayuntamiento\\\/arranca-el-curso-2026-2027-de-la-universidad-popular-y-los-clubes-de-lectura-en-caudete\\\/#primaryimage\"},\"image\":{\"@id\":\"https:\\\/\\\/www.caudete.org\\\/ayuntamiento\\\/arranca-el-curso-2026-2027-de-la-universidad-popular-y-los-clubes-de-lectura-en-caudete\\\/#primaryimage\"},\"thumbnailUrl\":\"https:\\\/\\\/www.caudete.org\\\/ayuntamiento\\\/wp-content\\\/uploads\\\/2026\\\/08\\\/entrada_casa-cultura.webp\",\"datePublished\":\"2026-08-31T07:00:00+00:00\",\"author\":{\"@id\":\"https:\\\/\\\/www.caudete.org\\\/ayuntamiento\\\/#\\\/schema\\\/person\\\/abfa5ffd5010a14e078c21e6e61b6291\"},\"description\":\"P\u00e1gina Oficial del Ayuntamiento de Caudete (Albacete)\",\"breadcrumb\":{\"@id\":\"https:\\\/\\\/www.caudete.org\\\/ayuntamiento\\\/arranca-el-curso-2026-2027-de-la-universidad-popular-y-los-clubes-de-lectura-en-caudete\\\/#breadcrumb\"},\"inLanguage\":\"es\",\"potentialAction\":[{\"@type\":\"ReadAction\",\"target\":[\"https:\\\/\\\/www.caudete.org\\\/ayuntamiento\\\/arranca-el-curso-2026-2027-de-la-universidad-popular-y-los-clubes-de-lectura-en-caudete\\\/\"]}]},{\"@type\":\"ImageObject\",\"inLanguage\":\"es\",\"@id\":\"https:\\\/\\\/www.caudete.org\\\/ayuntamiento\\\/arranca-el-curso-2026-2027-de-la-universidad-popular-y-los-clubes-de-lectura-en-caudete\\\/#primaryimage\",\"url\":\"https:\\\/\\\/www.caudete.org\\\/ayuntamiento\\\/wp-content\\\/uploads\\\/2026\\\/08\\\/entrada_casa-cultura.webp\",\"contentUrl\":\"https:\\\/\\\/www.caudete.org\\\/ayuntamiento\\\/wp-content\\\/uploads\\\/2026\\\/08\\\/entrada_casa-cultura.webp\",\"width\":1000,\"height\":563},{\"@type\":\"BreadcrumbList\",\"@id\":\"https:\\\/\\\/www.caudete.org\\\/ayuntamiento\\\/arranca-el-curso-2026-2027-de-la-universidad-popular-y-los-clubes-de-lectura-en-caudete\\\/#breadcrumb\",\"itemListElement\":[{\"@type\":\"ListItem\",\"position\":1,\"name\":\"Inicio\",\"item\":\"https:\\\/\\\/www.caudete.org\\\/ayuntamiento\\\/\"},{\"@type\":\"ListItem\",\"position\":2,\"name\":\"Arranca el Curso 2026\\\/2027 de la Universidad Popular y los Clubes de Lectura en Caudete\"}]},{\"@type\":\"WebSite\",\"@id\":\"https:\\\/\\\/www.caudete.org\\\/ayuntamiento\\\/#website\",\"url\":\"https:\\\/\\\/www.caudete.org\\\/ayuntamiento\\\/\",\"name\":\"MI Ayuntamiento de Caudete\",\"description\":\"P\u00e1gina Oficial del MI Ayuntamiento de Caudete\",\"potentialAction\":[{\"@type\":\"SearchAction\",\"target\":{\"@type\":\"EntryPoint\",\"urlTemplate\":\"https:\\\/\\\/www.caudete.org\\\/ayuntamiento\\\/?s={search_term_string}\"},\"query-input\":{\"@type\":\"PropertyValueSpecification\",\"valueRequired\":true,\"valueName\":\"search_term_string\"}}],\"inLanguage\":\"es\"},{\"@type\":\"Person\",\"@id\":\"https:\\\/\\\/www.caudete.org\\\/ayuntamiento\\\/#\\\/schema\\\/person\\\/abfa5ffd5010a14e078c21e6e61b6291\",\"name\":\"informatica2\",\"image\":{\"@type\":\"ImageObject\",\"inLanguage\":\"es\",\"@id\":\"https:\\\/\\\/secure.gravatar.com\\\/avatar\\\/b089890ff033a3e4d03eec00ecb5a14425217205c513f60ec32ebeaaeb5fa700?s=96&d=mm&r=g\",\"url\":\"https:\\\/\\\/secure.gravatar.com\\\/avatar\\\/b089890ff033a3e4d03eec00ecb5a14425217205c513f60ec32ebeaaeb5fa700?s=96&d=mm&r=g\",\"contentUrl\":\"https:\\\/\\\/secure.gravatar.com\\\/avatar\\\/b089890ff033a3e4d03eec00ecb5a14425217205c513f60ec32ebeaaeb5fa700?s=96&d=mm&r=g\",\"caption\":\"informatica2\"},\"url\":\"https:\\\/\\\/www.caudete.org\\\/ayuntamiento\\\/author\\\/informatica2\\\/\"}]}<\/script>\n<!-- \/ Yoast SEO plugin. -->","yoast_head_json":{"title":"Arranca el Curso 2026\/2027 de la Universidad Popular y los Clubes de Lectura en Caudete - MI Ayuntamiento de Caudete","description":"P\u00e1gina Oficial del Ayuntamiento de Caudete (Albacete)","robots":{"index":"index","follow":"follow","max-snippet":"max-snippet:-1","max-image-preview":"max-image-preview:large","max-video-preview":"max-video-preview:-1"},"canonical":"https:\/\/www.caudete.org\/ayuntamiento\/arranca-el-curso-2026-2027-de-la-universidad-popular-y-los-clubes-de-lectura-en-caudete\/","og_locale":"es_ES","og_type":"article","og_title":"Arranca el Curso 2026\/2027 de la Universidad Popular y los Clubes de Lectura en Caudete - MI Ayuntamiento de Caudete","og_description":"P\u00e1gina Oficial del Ayuntamiento de Caudete (Albacete)","og_url":"https:\/\/www.caudete.org\/ayuntamiento\/arranca-el-curso-2026-2027-de-la-universidad-popular-y-los-clubes-de-lectura-en-caudete\/","og_site_name":"MI Ayuntamiento de Caudete","article_publisher":"https:\/\/www.facebook.com\/ayuntamientocaudete\/","article_published_time":"2026-08-31T07:00:00+00:00","og_image":[{"width":1000,"height":563,"url":"https:\/\/www.caudete.org\/ayuntamiento\/wp-content\/uploads\/2026\/08\/entrada_casa-cultura.webp","type":"image\/webp"}],"author":"informatica2","twitter_card":"summary_large_image","twitter_misc":{"Escrito por":"informatica2","Tiempo de lectura":"3 minutos"},"schema":{"@context":"https:\/\/schema.org","@graph":[{"@type":"Article","@id":"https:\/\/www.caudete.org\/ayuntamiento\/arranca-el-curso-2026-2027-de-la-universidad-popular-y-los-clubes-de-lectura-en-caudete\/#article","isPartOf":{"@id":"https:\/\/www.caudete.org\/ayuntamiento\/arranca-el-curso-2026-2027-de-la-universidad-popular-y-los-clubes-de-lectura-en-caudete\/"},"author":{"name":"informatica2","@id":"https:\/\/www.caudete.org\/ayuntamiento\/#\/schema\/person\/abfa5ffd5010a14e078c21e6e61b6291"},"headline":"Arranca el Curso 2026\/2027 de la Universidad Popular y los Clubes de Lectura en Caudete","datePublished":"2026-08-31T07:00:00+00:00","mainEntityOfPage":{"@id":"https:\/\/www.caudete.org\/ayuntamiento\/arranca-el-curso-2026-2027-de-la-universidad-popular-y-los-clubes-de-lectura-en-caudete\/"},"wordCount":565,"image":{"@id":"https:\/\/www.caudete.org\/ayuntamiento\/arranca-el-curso-2026-2027-de-la-universidad-popular-y-los-clubes-de-lectura-en-caudete\/#primaryimage"},"thumbnailUrl":"https:\/\/www.caudete.org\/ayuntamiento\/wp-content\/uploads\/2026\/08\/entrada_casa-cultura.webp","articleSection":["Cultura"],"inLanguage":"es"},{"@type":"WebPage","@id":"https:\/\/www.caudete.org\/ayuntamiento\/arranca-el-curso-2026-2027-de-la-universidad-popular-y-los-clubes-de-lectura-en-caudete\/","url":"https:\/\/www.caudete.org\/ayuntamiento\/arranca-el-curso-2026-2027-de-la-universidad-popular-y-los-clubes-de-lectura-en-caudete\/","name":"Arranca el Curso 2026\/2027 de la Universidad Popular y los Clubes de Lectura en Caudete - MI Ayuntamiento de Caudete","isPartOf":{"@id":"https:\/\/www.caudete.org\/ayuntamiento\/#website"},"primaryImageOfPage":{"@id":"https:\/\/www.caudete.org\/ayuntamiento\/arranca-el-curso-2026-2027-de-la-universidad-popular-y-los-clubes-de-lectura-en-caudete\/#primaryimage"},"image":{"@id":"https:\/\/www.caudete.org\/ayuntamiento\/arranca-el-curso-2026-2027-de-la-universidad-popular-y-los-clubes-de-lectura-en-caudete\/#primaryimage"},"thumbnailUrl":"https:\/\/www.caudete.org\/ayuntamiento\/wp-content\/uploads\/2026\/08\/entrada_casa-cultura.webp","datePublished":"2026-08-31T07:00:00+00:00","author":{"@id":"https:\/\/www.caudete.org\/ayuntamiento\/#\/schema\/person\/abfa5ffd5010a14e078c21e6e61b6291"},"description":"P\u00e1gina Oficial del Ayuntamiento de Caudete (Albacete)","breadcrumb":{"@id":"https:\/\/www.caudete.org\/ayuntamiento\/arranca-el-curso-2026-2027-de-la-universidad-popular-y-los-clubes-de-lectura-en-caudete\/#breadcrumb"},"inLanguage":"es","potentialAction":[{"@type":"ReadAction","target":["https:\/\/www.caudete.org\/ayuntamiento\/arranca-el-curso-2026-2027-de-la-universidad-popular-y-los-clubes-de-lectura-en-caudete\/"]}]},{"@type":"ImageObject","inLanguage":"es","@id":"https:\/\/www.caudete.org\/ayuntamiento\/arranca-el-curso-2026-2027-de-la-universidad-popular-y-los-clubes-de-lectura-en-caudete\/#primaryimage","url":"https:\/\/www.caudete.org\/ayuntamiento\/wp-content\/uploads\/2026\/08\/entrada_casa-cultura.webp","contentUrl":"https:\/\/www.caudete.org\/ayuntamiento\/wp-content\/uploads\/2026\/08\/entrada_casa-cultura.webp","width":1000,"height":563},{"@type":"BreadcrumbList","@id":"https:\/\/www.caudete.org\/ayuntamiento\/arranca-el-curso-2026-2027-de-la-universidad-popular-y-los-clubes-de-lectura-en-caudete\/#breadcrumb","itemListElement":[{"@type":"ListItem","position":1,"name":"Inicio","item":"https:\/\/www.caudete.org\/ayuntamiento\/"},{"@type":"ListItem","position":2,"name":"Arranca el Curso 2026\/2027 de la Universidad Popular y los Clubes de Lectura en Caudete"}]},{"@type":"WebSite","@id":"https:\/\/www.caudete.org\/ayuntamiento\/#website","url":"https:\/\/www.caudete.org\/ayuntamiento\/","name":"MI Ayuntamiento de Caudete","description":"P\u00e1gina Oficial del MI Ayuntamiento de Caudete","potentialAction":[{"@type":"SearchAction","target":{"@type":"EntryPoint","urlTemplate":"https:\/\/www.caudete.org\/ayuntamiento\/?s={search_term_string}"},"query-input":{"@type":"PropertyValueSpecification","valueRequired":true,"valueName":"search_term_string"}}],"inLanguage":"es"},{"@type":"Person","@id":"https:\/\/www.caudete.org\/ayuntamiento\/#\/schema\/person\/abfa5ffd5010a14e078c21e6e61b6291","name":"informatica2","image":{"@type":"ImageObject","inLanguage":"es","@id":"https:\/\/secure.gravatar.com\/avatar\/b089890ff033a3e4d03eec00ecb5a14425217205c513f60ec32ebeaaeb5fa700?s=96&d=mm&r=g","url":"https:\/\/secure.gravatar.com\/avatar\/b089890ff033a3e4d03eec00ecb5a14425217205c513f60ec32ebeaaeb5fa700?s=96&d=mm&r=g","contentUrl":"https:\/\/secure.gravatar.com\/avatar\/b089890ff033a3e4d03eec00ecb5a14425217205c513f60ec32ebeaaeb5fa700?s=96&d=mm&r=g","caption":"informatica2"},"url":"https:\/\/www.caudete.org\/ayuntamiento\/author\/informatica2\/"}]}},"_links":{"self":[{"href":"https:\/\/www.caudete.org\/ayuntamiento\/wp-json\/wp\/v2\/posts\/36709","targetHints":{"allow":["GET"]}}],"collection":[{"href":"https:\/\/www.caudete.org\/ayuntamiento\/wp-json\/wp\/v2\/posts"}],"about":[{"href":"https:\/\/www.caudete.org\/ayuntamiento\/wp-json\/wp\/v2\/types\/post"}],"author":[{"embeddable":true,"href":"https:\/\/www.caudete.org\/ayuntamiento\/wp-json\/wp\/v2\/users\/6"}],"replies":[{"embeddable":true,"href":"https:\/\/www.caudete.org\/ayuntamiento\/wp-json\/wp\/v2\/comments?post=36709"}],"version-history":[{"count":7,"href":"https:\/\/www.caudete.org\/ayuntamiento\/wp-json\/wp\/v2\/posts\/36709\/revisions"}],"predecessor-version":[{"id":36747,"href":"https:\/\/www.caudete.org\/ayuntamiento\/wp-json\/wp\/v2\/posts\/36709\/revisions\/36747"}],"wp:featuredmedia":[{"embeddable":true,"href":"https:\/\/www.caudete.org\/ayuntamiento\/wp-json\/wp\/v2\/media\/36712"}],"wp:attachment":[{"href":"https:\/\/www.caudete.org\/ayuntamiento\/wp-json\/wp\/v2\/media?parent=36709"}],"wp:term":[{"taxonomy":"category","embeddable":true,"href":"https:\/\/www.caudete.org\/ayuntamiento\/wp-json\/wp\/v2\/categories?post=36709"},{"taxonomy":"post_tag","embeddable":true,"href":"https:\/\/www.caudete.org\/ayuntamiento\/wp-json\/wp\/v2\/tags?post=36709"}],"curies":[{"name":"wp","href":"https:\/\/api.w.org\/{rel}","templated":true}]}}