{"id":36891,"date":"2026-08-31T12:06:50","date_gmt":"2026-08-31T10:06:50","guid":{"rendered":"https:\/\/www.caudete.org\/ayuntamiento\/?p=36891"},"modified":"2026-08-31T14:32:26","modified_gmt":"2026-08-31T12:32:26","slug":"se-informa-del-inicio-de-las-clases-en-caudete-el-11-de-septiembre","status":"publish","type":"post","link":"https:\/\/www.caudete.org\/ayuntamiento\/se-informa-del-inicio-de-las-clases-en-caudete-el-11-de-septiembre\/","title":{"rendered":"Se informa del inicio de las clases en Caudete el 11 de septiembre"},"content":{"rendered":"<p>La Concejal de Educaci\u00f3n, <strong>M.\u00aa Manuela Gonz\u00e1lez Solera<\/strong>, traslada a la poblaci\u00f3n la resoluci\u00f3n de la Delegaci\u00f3n Provincial de Educaci\u00f3n por la que se aprueban las modificaciones solicitadas por el Ayuntamiento de Caudete al calendario escolar 2026\/2027, tras la propuesta acordada en el Consejo Escolar Municipal.<\/p>\n<p>La petici\u00f3n planteaba que el <strong>8 de septiembre<\/strong>, festividad local y fecha inicialmente prevista para el inicio del curso, fuera declarado no lectivo, as\u00ed como trasladar los d\u00edas de libre disposici\u00f3n previstos para el <strong>8 y 9 de febrero de 2027<\/strong>, coincidiendo con el Carnaval, a los d\u00edas <strong>9 y 10 de septiembre<\/strong>, en plena celebraci\u00f3n de las Fiestas Patronales.<\/p>\n<p>La Delegaci\u00f3n Provincial ha aceptado la propuesta, declarando como no lectivos en Caudete los d\u00edas <strong>8, 9 y 10 de septiembre de 2026<\/strong>, y manteniendo como d\u00eda no lectivo el <strong>5 de abril de 2027<\/strong>, correspondiente a la festividad local de Pascua de San Vicente.<\/p>\n<p>La concejal de Educaci\u00f3n ha mostrado su satisfacci\u00f3n por la respuesta recibida, destacando que \u00abse ha dado respuesta a una petici\u00f3n que part\u00eda del Consejo Escolar Municipal y que recog\u00eda una preocupaci\u00f3n compartida por docentes y familias\u00bb.<\/p>\n<p>No obstante, Gonz\u00e1lez ha querido remarcar que esta soluci\u00f3n \u00abresuelve la situaci\u00f3n concreta de este curso, pero no el problema de fondo\u00bb.<\/p>\n<p>\u00abNo podemos encontrarnos cada a\u00f1o ante la misma situaci\u00f3n, teniendo que buscar f\u00f3rmulas para adaptar el calendario porque el inicio del curso coincide con nuestras Fiestas Patronales\u00bb, ha se\u00f1alado.<\/p>\n<p>Por este motivo, la concejal ha insistido en que <strong>continuar\u00e1 solicitando una mayor flexibilizaci\u00f3n en la elaboraci\u00f3n de los futuros calendarios escolares<\/strong>, especialmente para aquellas localidades en las que el 8 de septiembre es fiesta local. Esta petici\u00f3n ya fue trasladada a la Delegaci\u00f3n Provincial, solicitando que se tenga en cuenta esta circunstancia o se permita flexibilizar el inicio y la finalizaci\u00f3n del curso.<\/p>\n<h3 class=\"western\"><span style=\"font-size: medium;\">Calendario escolar 2026\/2027 en Caudete<\/span><\/h3>\n<p><span style=\"font-size: medium;\">Para facilitar la planificaci\u00f3n de las familias, se recuerdan los principales d\u00edas y periodos no lectivos:<\/span><\/p>\n<p><strong><span style=\"font-size: medium;\">D\u00edas no lectivos en Caudete<\/span><\/strong><\/p>\n<ul>\n<li><strong><span style=\"font-size: medium;\">8, 9 y 10 de septiembre de 2026<\/span><\/strong><span style=\"font-size: medium;\">, Fiestas Patronales.<\/span><\/li>\n<li><strong><span style=\"font-size: medium;\">5 de abril de 2027<\/span><\/strong><span style=\"font-size: medium;\">, Pascua de San Vicente.<\/span><\/li>\n<\/ul>\n<p><strong><span style=\"font-size: medium;\">Otros d\u00edas no lectivos<\/span><\/strong><\/p>\n<ul>\n<li><strong><span style=\"font-size: medium;\">20 de noviembre de 2026<\/span><\/strong><span style=\"font-size: medium;\">, D\u00eda de la Ense\u00f1anza.<\/span><\/li>\n<li><strong><span style=\"font-size: medium;\">7 de diciembre de 2026<\/span><\/strong><span style=\"font-size: medium;\">.<\/span><\/li>\n<li><strong><span style=\"font-size: medium;\">28 de mayo de 2027<\/span><\/strong><span style=\"font-size: medium;\">.<\/span><\/li>\n<\/ul>\n<p><strong><span style=\"font-size: medium;\">Vacaciones<\/span><\/strong><\/p>\n<ul>\n<li><strong><span style=\"font-size: medium;\">Navidad:<\/span><\/strong><span style=\"font-size: medium;\"> del 23 de diciembre de 2026 al 8 de enero de 2027, ambos inclusive.<\/span><\/li>\n<li><strong><span style=\"font-size: medium;\">Semana Santa:<\/span><\/strong><span style=\"font-size: medium;\"> del 22 al 29 de marzo de 2027, ambos inclusive.<\/span><\/li>\n<\/ul>\n<p><strong><span style=\"font-size: medium;\">Fiestas laborales<\/span><\/strong><span style=\"font-size: medium;\"><br \/>\n12 de octubre y 2 de noviembre de 2026; 6 y 8 de diciembre de 2026; 25 de diciembre de 2026; 1 y 6 de enero de 2027; 25 y 26 de marzo de 2027; 1 y 27 de mayo de 2027 y 31 de mayo de 2027.<\/span><\/p>\n<p><span style=\"font-size: medium;\">Desde la Concejal\u00eda de Educaci\u00f3n se recomienda a las familias consultar las comunicaciones de sus respectivos centros educativos para conocer las particularidades de cada ense\u00f1anza.<\/span><\/p>\n<hr>\n<p><strong><span style=\"font-size: medium;\">M.\u00aa Manuela Gonz\u00e1lez Solera<br \/>\nConcejal de Educaci\u00f3n, Cultura y M\u00fasica<\/span><\/strong><\/p>\n<p><a href=\"https:\/\/www.caudete.org\/ayuntamiento\/?attachment_id=36892\"><img fetchpriority=\"high\" decoding=\"async\" class=\"alignnone wp-image-36892 size-full\" src=\"https:\/\/www.caudete.org\/ayuntamiento\/wp-content\/uploads\/2026\/08\/CalendarioEscolar2026-2027.jpg\" rel='prettyPhoto' alt=\"\" width=\"1000\" height=\"1414\" srcset=\"https:\/\/www.caudete.org\/ayuntamiento\/wp-content\/uploads\/2026\/08\/CalendarioEscolar2026-2027.jpg 1000w, https:\/\/www.caudete.org\/ayuntamiento\/wp-content\/uploads\/2026\/08\/CalendarioEscolar2026-2027-566x800.jpg 566w, https:\/\/www.caudete.org\/ayuntamiento\/wp-content\/uploads\/2026\/08\/CalendarioEscolar2026-2027-679x960.jpg 679w, https:\/\/www.caudete.org\/ayuntamiento\/wp-content\/uploads\/2026\/08\/CalendarioEscolar2026-2027-156x220.jpg 156w, https:\/\/www.caudete.org\/ayuntamiento\/wp-content\/uploads\/2026\/08\/CalendarioEscolar2026-2027-768x1086.jpg 768w\" sizes=\"(max-width: 1000px) 100vw, 1000px\" \/><\/a><\/p>\n","protected":false},"excerpt":{"rendered":"<p>La Concejal de Educaci\u00f3n, M.\u00aa Manuela Gonz\u00e1lez Solera, traslada a la poblaci\u00f3n la resoluci\u00f3n de la Delegaci\u00f3n Provincial de Educaci\u00f3n por la que se aprueban las modificaciones solicitadas por el Ayuntamiento de Caudete al calendario escolar 2026\/2027, tras la propuesta acordada en el Consejo Escolar Municipal. La petici\u00f3n planteaba que el 8 de septiembre, festividad &hellip;<\/p>\n","protected":false},"author":5,"featured_media":36896,"comment_status":"closed","ping_status":"open","sticky":false,"template":"","format":"standard","meta":{"ngg_post_thumbnail":0,"footnotes":""},"categories":[25],"tags":[],"class_list":["post-36891","post","type-post","status-publish","format-standard","has-post-thumbnail","hentry","category-educacion"],"yoast_head":"<!-- This site is optimized with the Yoast SEO plugin v28.3 - https:\/\/yoast.com\/product\/yoast-seo-wordpress\/ -->\n<title>Se informa del inicio de las clases en Caudete el 11 de septiembre - MI Ayuntamiento de Caudete<\/title>\n<meta name=\"description\" content=\"P\u00e1gina Oficial del Ayuntamiento de Caudete (Albacete)\" \/>\n<meta name=\"robots\" content=\"index, follow, max-snippet:-1, max-image-preview:large, max-video-preview:-1\" \/>\n<link rel=\"canonical\" href=\"https:\/\/www.caudete.org\/ayuntamiento\/se-informa-del-inicio-de-las-clases-en-caudete-el-11-de-septiembre\/\" \/>\n<meta property=\"og:locale\" content=\"es_ES\" \/>\n<meta property=\"og:type\" content=\"article\" \/>\n<meta property=\"og:title\" content=\"Se informa del inicio de las clases en Caudete el 11 de septiembre - MI Ayuntamiento de Caudete\" \/>\n<meta property=\"og:description\" content=\"P\u00e1gina Oficial del Ayuntamiento de Caudete (Albacete)\" \/>\n<meta property=\"og:url\" content=\"https:\/\/www.caudete.org\/ayuntamiento\/se-informa-del-inicio-de-las-clases-en-caudete-el-11-de-septiembre\/\" \/>\n<meta property=\"og:site_name\" content=\"MI Ayuntamiento de Caudete\" \/>\n<meta property=\"article:publisher\" content=\"https:\/\/www.facebook.com\/ayuntamientocaudete\/\" \/>\n<meta property=\"article:published_time\" content=\"2026-08-31T10:06:50+00:00\" \/>\n<meta property=\"article:modified_time\" content=\"2026-08-31T12:32:26+00:00\" \/>\n<meta property=\"og:image\" content=\"https:\/\/www.caudete.org\/ayuntamiento\/wp-content\/uploads\/2026\/08\/vueltacole.jpg\" \/>\n\t<meta property=\"og:image:width\" content=\"1000\" \/>\n\t<meta property=\"og:image:height\" content=\"667\" \/>\n\t<meta property=\"og:image:type\" content=\"image\/jpeg\" \/>\n<meta name=\"author\" content=\"Dpto Informatica MI Ayuntamiento de Caudete\" \/>\n<meta name=\"twitter:card\" content=\"summary_large_image\" \/>\n<meta name=\"twitter:label1\" content=\"Escrito por\" \/>\n\t<meta name=\"twitter:data1\" content=\"Dpto Informatica MI Ayuntamiento de Caudete\" \/>\n\t<meta name=\"twitter:label2\" content=\"Tiempo de lectura\" \/>\n\t<meta name=\"twitter:data2\" content=\"3 minutos\" \/>\n<script type=\"application\/ld+json\" class=\"yoast-schema-graph\">{\"@context\":\"https:\\\/\\\/schema.org\",\"@graph\":[{\"@type\":\"Article\",\"@id\":\"https:\\\/\\\/www.caudete.org\\\/ayuntamiento\\\/se-informa-del-inicio-de-las-clases-en-caudete-el-11-de-septiembre\\\/#article\",\"isPartOf\":{\"@id\":\"https:\\\/\\\/www.caudete.org\\\/ayuntamiento\\\/se-informa-del-inicio-de-las-clases-en-caudete-el-11-de-septiembre\\\/\"},\"author\":{\"name\":\"Dpto Informatica MI Ayuntamiento de Caudete\",\"@id\":\"https:\\\/\\\/www.caudete.org\\\/ayuntamiento\\\/#\\\/schema\\\/person\\\/4b9eab41761957db9b1bf9c418d1ef46\"},\"headline\":\"Se informa del inicio de las clases en Caudete el 11 de septiembre\",\"datePublished\":\"2026-08-31T10:06:50+00:00\",\"dateModified\":\"2026-08-31T12:32:26+00:00\",\"mainEntityOfPage\":{\"@id\":\"https:\\\/\\\/www.caudete.org\\\/ayuntamiento\\\/se-informa-del-inicio-de-las-clases-en-caudete-el-11-de-septiembre\\\/\"},\"wordCount\":487,\"image\":{\"@id\":\"https:\\\/\\\/www.caudete.org\\\/ayuntamiento\\\/se-informa-del-inicio-de-las-clases-en-caudete-el-11-de-septiembre\\\/#primaryimage\"},\"thumbnailUrl\":\"https:\\\/\\\/www.caudete.org\\\/ayuntamiento\\\/wp-content\\\/uploads\\\/2026\\\/08\\\/vueltacole.jpg\",\"articleSection\":[\"Educaci\u00f3n\"],\"inLanguage\":\"es\"},{\"@type\":\"WebPage\",\"@id\":\"https:\\\/\\\/www.caudete.org\\\/ayuntamiento\\\/se-informa-del-inicio-de-las-clases-en-caudete-el-11-de-septiembre\\\/\",\"url\":\"https:\\\/\\\/www.caudete.org\\\/ayuntamiento\\\/se-informa-del-inicio-de-las-clases-en-caudete-el-11-de-septiembre\\\/\",\"name\":\"Se informa del inicio de las clases en Caudete el 11 de septiembre - MI Ayuntamiento de Caudete\",\"isPartOf\":{\"@id\":\"https:\\\/\\\/www.caudete.org\\\/ayuntamiento\\\/#website\"},\"primaryImageOfPage\":{\"@id\":\"https:\\\/\\\/www.caudete.org\\\/ayuntamiento\\\/se-informa-del-inicio-de-las-clases-en-caudete-el-11-de-septiembre\\\/#primaryimage\"},\"image\":{\"@id\":\"https:\\\/\\\/www.caudete.org\\\/ayuntamiento\\\/se-informa-del-inicio-de-las-clases-en-caudete-el-11-de-septiembre\\\/#primaryimage\"},\"thumbnailUrl\":\"https:\\\/\\\/www.caudete.org\\\/ayuntamiento\\\/wp-content\\\/uploads\\\/2026\\\/08\\\/vueltacole.jpg\",\"datePublished\":\"2026-08-31T10:06:50+00:00\",\"dateModified\":\"2026-08-31T12:32:26+00:00\",\"author\":{\"@id\":\"https:\\\/\\\/www.caudete.org\\\/ayuntamiento\\\/#\\\/schema\\\/person\\\/4b9eab41761957db9b1bf9c418d1ef46\"},\"description\":\"P\u00e1gina Oficial del Ayuntamiento de Caudete (Albacete)\",\"breadcrumb\":{\"@id\":\"https:\\\/\\\/www.caudete.org\\\/ayuntamiento\\\/se-informa-del-inicio-de-las-clases-en-caudete-el-11-de-septiembre\\\/#breadcrumb\"},\"inLanguage\":\"es\",\"potentialAction\":[{\"@type\":\"ReadAction\",\"target\":[\"https:\\\/\\\/www.caudete.org\\\/ayuntamiento\\\/se-informa-del-inicio-de-las-clases-en-caudete-el-11-de-septiembre\\\/\"]}]},{\"@type\":\"ImageObject\",\"inLanguage\":\"es\",\"@id\":\"https:\\\/\\\/www.caudete.org\\\/ayuntamiento\\\/se-informa-del-inicio-de-las-clases-en-caudete-el-11-de-septiembre\\\/#primaryimage\",\"url\":\"https:\\\/\\\/www.caudete.org\\\/ayuntamiento\\\/wp-content\\\/uploads\\\/2026\\\/08\\\/vueltacole.jpg\",\"contentUrl\":\"https:\\\/\\\/www.caudete.org\\\/ayuntamiento\\\/wp-content\\\/uploads\\\/2026\\\/08\\\/vueltacole.jpg\",\"width\":1000,\"height\":667},{\"@type\":\"BreadcrumbList\",\"@id\":\"https:\\\/\\\/www.caudete.org\\\/ayuntamiento\\\/se-informa-del-inicio-de-las-clases-en-caudete-el-11-de-septiembre\\\/#breadcrumb\",\"itemListElement\":[{\"@type\":\"ListItem\",\"position\":1,\"name\":\"Inicio\",\"item\":\"https:\\\/\\\/www.caudete.org\\\/ayuntamiento\\\/\"},{\"@type\":\"ListItem\",\"position\":2,\"name\":\"Se informa del inicio de las clases en Caudete el 11 de septiembre\"}]},{\"@type\":\"WebSite\",\"@id\":\"https:\\\/\\\/www.caudete.org\\\/ayuntamiento\\\/#website\",\"url\":\"https:\\\/\\\/www.caudete.org\\\/ayuntamiento\\\/\",\"name\":\"MI Ayuntamiento de Caudete\",\"description\":\"P\u00e1gina Oficial del MI Ayuntamiento de Caudete\",\"potentialAction\":[{\"@type\":\"SearchAction\",\"target\":{\"@type\":\"EntryPoint\",\"urlTemplate\":\"https:\\\/\\\/www.caudete.org\\\/ayuntamiento\\\/?s={search_term_string}\"},\"query-input\":{\"@type\":\"PropertyValueSpecification\",\"valueRequired\":true,\"valueName\":\"search_term_string\"}}],\"inLanguage\":\"es\"},{\"@type\":\"Person\",\"@id\":\"https:\\\/\\\/www.caudete.org\\\/ayuntamiento\\\/#\\\/schema\\\/person\\\/4b9eab41761957db9b1bf9c418d1ef46\",\"name\":\"Dpto Informatica MI Ayuntamiento de Caudete\",\"image\":{\"@type\":\"ImageObject\",\"inLanguage\":\"es\",\"@id\":\"https:\\\/\\\/secure.gravatar.com\\\/avatar\\\/ac0321ee4a0a83e82a253e7b2d348ef539e2c8fe16d06b600bde04de1b364fa7?s=96&d=mm&r=g\",\"url\":\"https:\\\/\\\/secure.gravatar.com\\\/avatar\\\/ac0321ee4a0a83e82a253e7b2d348ef539e2c8fe16d06b600bde04de1b364fa7?s=96&d=mm&r=g\",\"contentUrl\":\"https:\\\/\\\/secure.gravatar.com\\\/avatar\\\/ac0321ee4a0a83e82a253e7b2d348ef539e2c8fe16d06b600bde04de1b364fa7?s=96&d=mm&r=g\",\"caption\":\"Dpto Informatica MI Ayuntamiento de Caudete\"},\"url\":\"https:\\\/\\\/www.caudete.org\\\/ayuntamiento\\\/author\\\/informatica\\\/\"}]}<\/script>\n<!-- \/ Yoast SEO plugin. -->","yoast_head_json":{"title":"Se informa del inicio de las clases en Caudete el 11 de septiembre - MI Ayuntamiento de Caudete","description":"P\u00e1gina Oficial del Ayuntamiento de Caudete (Albacete)","robots":{"index":"index","follow":"follow","max-snippet":"max-snippet:-1","max-image-preview":"max-image-preview:large","max-video-preview":"max-video-preview:-1"},"canonical":"https:\/\/www.caudete.org\/ayuntamiento\/se-informa-del-inicio-de-las-clases-en-caudete-el-11-de-septiembre\/","og_locale":"es_ES","og_type":"article","og_title":"Se informa del inicio de las clases en Caudete el 11 de septiembre - MI Ayuntamiento de Caudete","og_description":"P\u00e1gina Oficial del Ayuntamiento de Caudete (Albacete)","og_url":"https:\/\/www.caudete.org\/ayuntamiento\/se-informa-del-inicio-de-las-clases-en-caudete-el-11-de-septiembre\/","og_site_name":"MI Ayuntamiento de Caudete","article_publisher":"https:\/\/www.facebook.com\/ayuntamientocaudete\/","article_published_time":"2026-08-31T10:06:50+00:00","article_modified_time":"2026-08-31T12:32:26+00:00","og_image":[{"width":1000,"height":667,"url":"https:\/\/www.caudete.org\/ayuntamiento\/wp-content\/uploads\/2026\/08\/vueltacole.jpg","type":"image\/jpeg"}],"author":"Dpto Informatica MI Ayuntamiento de Caudete","twitter_card":"summary_large_image","twitter_misc":{"Escrito por":"Dpto Informatica MI Ayuntamiento de Caudete","Tiempo de lectura":"3 minutos"},"schema":{"@context":"https:\/\/schema.org","@graph":[{"@type":"Article","@id":"https:\/\/www.caudete.org\/ayuntamiento\/se-informa-del-inicio-de-las-clases-en-caudete-el-11-de-septiembre\/#article","isPartOf":{"@id":"https:\/\/www.caudete.org\/ayuntamiento\/se-informa-del-inicio-de-las-clases-en-caudete-el-11-de-septiembre\/"},"author":{"name":"Dpto Informatica MI Ayuntamiento de Caudete","@id":"https:\/\/www.caudete.org\/ayuntamiento\/#\/schema\/person\/4b9eab41761957db9b1bf9c418d1ef46"},"headline":"Se informa del inicio de las clases en Caudete el 11 de septiembre","datePublished":"2026-08-31T10:06:50+00:00","dateModified":"2026-08-31T12:32:26+00:00","mainEntityOfPage":{"@id":"https:\/\/www.caudete.org\/ayuntamiento\/se-informa-del-inicio-de-las-clases-en-caudete-el-11-de-septiembre\/"},"wordCount":487,"image":{"@id":"https:\/\/www.caudete.org\/ayuntamiento\/se-informa-del-inicio-de-las-clases-en-caudete-el-11-de-septiembre\/#primaryimage"},"thumbnailUrl":"https:\/\/www.caudete.org\/ayuntamiento\/wp-content\/uploads\/2026\/08\/vueltacole.jpg","articleSection":["Educaci\u00f3n"],"inLanguage":"es"},{"@type":"WebPage","@id":"https:\/\/www.caudete.org\/ayuntamiento\/se-informa-del-inicio-de-las-clases-en-caudete-el-11-de-septiembre\/","url":"https:\/\/www.caudete.org\/ayuntamiento\/se-informa-del-inicio-de-las-clases-en-caudete-el-11-de-septiembre\/","name":"Se informa del inicio de las clases en Caudete el 11 de septiembre - MI Ayuntamiento de Caudete","isPartOf":{"@id":"https:\/\/www.caudete.org\/ayuntamiento\/#website"},"primaryImageOfPage":{"@id":"https:\/\/www.caudete.org\/ayuntamiento\/se-informa-del-inicio-de-las-clases-en-caudete-el-11-de-septiembre\/#primaryimage"},"image":{"@id":"https:\/\/www.caudete.org\/ayuntamiento\/se-informa-del-inicio-de-las-clases-en-caudete-el-11-de-septiembre\/#primaryimage"},"thumbnailUrl":"https:\/\/www.caudete.org\/ayuntamiento\/wp-content\/uploads\/2026\/08\/vueltacole.jpg","datePublished":"2026-08-31T10:06:50+00:00","dateModified":"2026-08-31T12:32:26+00:00","author":{"@id":"https:\/\/www.caudete.org\/ayuntamiento\/#\/schema\/person\/4b9eab41761957db9b1bf9c418d1ef46"},"description":"P\u00e1gina Oficial del Ayuntamiento de Caudete (Albacete)","breadcrumb":{"@id":"https:\/\/www.caudete.org\/ayuntamiento\/se-informa-del-inicio-de-las-clases-en-caudete-el-11-de-septiembre\/#breadcrumb"},"inLanguage":"es","potentialAction":[{"@type":"ReadAction","target":["https:\/\/www.caudete.org\/ayuntamiento\/se-informa-del-inicio-de-las-clases-en-caudete-el-11-de-septiembre\/"]}]},{"@type":"ImageObject","inLanguage":"es","@id":"https:\/\/www.caudete.org\/ayuntamiento\/se-informa-del-inicio-de-las-clases-en-caudete-el-11-de-septiembre\/#primaryimage","url":"https:\/\/www.caudete.org\/ayuntamiento\/wp-content\/uploads\/2026\/08\/vueltacole.jpg","contentUrl":"https:\/\/www.caudete.org\/ayuntamiento\/wp-content\/uploads\/2026\/08\/vueltacole.jpg","width":1000,"height":667},{"@type":"BreadcrumbList","@id":"https:\/\/www.caudete.org\/ayuntamiento\/se-informa-del-inicio-de-las-clases-en-caudete-el-11-de-septiembre\/#breadcrumb","itemListElement":[{"@type":"ListItem","position":1,"name":"Inicio","item":"https:\/\/www.caudete.org\/ayuntamiento\/"},{"@type":"ListItem","position":2,"name":"Se informa del inicio de las clases en Caudete el 11 de septiembre"}]},{"@type":"WebSite","@id":"https:\/\/www.caudete.org\/ayuntamiento\/#website","url":"https:\/\/www.caudete.org\/ayuntamiento\/","name":"MI Ayuntamiento de Caudete","description":"P\u00e1gina Oficial del MI Ayuntamiento de Caudete","potentialAction":[{"@type":"SearchAction","target":{"@type":"EntryPoint","urlTemplate":"https:\/\/www.caudete.org\/ayuntamiento\/?s={search_term_string}"},"query-input":{"@type":"PropertyValueSpecification","valueRequired":true,"valueName":"search_term_string"}}],"inLanguage":"es"},{"@type":"Person","@id":"https:\/\/www.caudete.org\/ayuntamiento\/#\/schema\/person\/4b9eab41761957db9b1bf9c418d1ef46","name":"Dpto Informatica MI Ayuntamiento de Caudete","image":{"@type":"ImageObject","inLanguage":"es","@id":"https:\/\/secure.gravatar.com\/avatar\/ac0321ee4a0a83e82a253e7b2d348ef539e2c8fe16d06b600bde04de1b364fa7?s=96&d=mm&r=g","url":"https:\/\/secure.gravatar.com\/avatar\/ac0321ee4a0a83e82a253e7b2d348ef539e2c8fe16d06b600bde04de1b364fa7?s=96&d=mm&r=g","contentUrl":"https:\/\/secure.gravatar.com\/avatar\/ac0321ee4a0a83e82a253e7b2d348ef539e2c8fe16d06b600bde04de1b364fa7?s=96&d=mm&r=g","caption":"Dpto Informatica MI Ayuntamiento de Caudete"},"url":"https:\/\/www.caudete.org\/ayuntamiento\/author\/informatica\/"}]}},"_links":{"self":[{"href":"https:\/\/www.caudete.org\/ayuntamiento\/wp-json\/wp\/v2\/posts\/36891","targetHints":{"allow":["GET"]}}],"collection":[{"href":"https:\/\/www.caudete.org\/ayuntamiento\/wp-json\/wp\/v2\/posts"}],"about":[{"href":"https:\/\/www.caudete.org\/ayuntamiento\/wp-json\/wp\/v2\/types\/post"}],"author":[{"embeddable":true,"href":"https:\/\/www.caudete.org\/ayuntamiento\/wp-json\/wp\/v2\/users\/5"}],"replies":[{"embeddable":true,"href":"https:\/\/www.caudete.org\/ayuntamiento\/wp-json\/wp\/v2\/comments?post=36891"}],"version-history":[{"count":1,"href":"https:\/\/www.caudete.org\/ayuntamiento\/wp-json\/wp\/v2\/posts\/36891\/revisions"}],"predecessor-version":[{"id":36893,"href":"https:\/\/www.caudete.org\/ayuntamiento\/wp-json\/wp\/v2\/posts\/36891\/revisions\/36893"}],"wp:featuredmedia":[{"embeddable":true,"href":"https:\/\/www.caudete.org\/ayuntamiento\/wp-json\/wp\/v2\/media\/36896"}],"wp:attachment":[{"href":"https:\/\/www.caudete.org\/ayuntamiento\/wp-json\/wp\/v2\/media?parent=36891"}],"wp:term":[{"taxonomy":"category","embeddable":true,"href":"https:\/\/www.caudete.org\/ayuntamiento\/wp-json\/wp\/v2\/categories?post=36891"},{"taxonomy":"post_tag","embeddable":true,"href":"https:\/\/www.caudete.org\/ayuntamiento\/wp-json\/wp\/v2\/tags?post=36891"}],"curies":[{"name":"wp","href":"https:\/\/api.w.org\/{rel}","templated":true}]}}