{"id":36920,"date":"2026-09-01T12:11:15","date_gmt":"2026-09-01T10:11:15","guid":{"rendered":"https:\/\/www.caudete.org\/ayuntamiento\/?p=36920"},"modified":"2026-09-01T12:36:29","modified_gmt":"2026-09-01T10:36:29","slug":"el-alcalde-de-caudete-explica-el-origen-de-la-reclamacion-de-903-000e-de-elecnor-por-el-exceso-de-consumo-energetico","status":"publish","type":"post","link":"https:\/\/www.caudete.org\/ayuntamiento\/el-alcalde-de-caudete-explica-el-origen-de-la-reclamacion-de-903-000e-de-elecnor-por-el-exceso-de-consumo-energetico\/","title":{"rendered":"El alcalde de Caudete explica el origen de la reclamaci\u00f3n de 903.000\u20ac de Elecnor por el exceso de consumo energ\u00e9tico"},"content":{"rendered":"<p style=\"text-align: justify;\"><strong>El regidor sit\u00faa el origen del problema en la auditor\u00eda energ\u00e9tica realizada antes de la adjudicaci\u00f3n del Proyecto CLIME y recuerda que el contrato con Elecnor se formaliz\u00f3 en 2020, tres a\u00f1os despu\u00e9s de su salida de la Alcald\u00eda<\/strong><\/p>\n<p style=\"text-align: justify;\">El alcalde de Caudete ha querido explicar p\u00fablicamente la situaci\u00f3n generada por la reclamaci\u00f3n de aproximadamente 903.000\u20ac presentada por Elecnor al Ayuntamiento en relaci\u00f3n con el exceso de consumo energ\u00e9tico registrado durante los primeros cinco a\u00f1os del contrato del Proyecto CLIME.<\/p>\n<p style=\"text-align: justify;\">El primer edil considera necesario diferenciar dos cuestiones: por un lado, la situaci\u00f3n de la nave municipal de obras y, por otro, el origen de la reclamaci\u00f3n econ\u00f3mica planteada por Elecnor.<\/p>\n<p style=\"text-align: justify;\">Respecto a la nave de obras, el alcalde recuerda que la instalaci\u00f3n fue estrenada en mayo de 2009 y se\u00f1ala que, en aquel momento, correspond\u00eda al gobierno municipal <strong>socialista<\/strong> garantizar su correcta legalizaci\u00f3n y disponer de un contador independiente, cosa que no hizo.<\/p>\n<h2 style=\"text-align: justify;\">El origen del Proyecto CLIME<\/h2>\n<p style=\"text-align: justify;\">En cuanto a la reclamaci\u00f3n de Elecnor, el alcalde sit\u00faa el origen del problema en los trabajos realizados con anterioridad a la adjudicaci\u00f3n del contrato.<\/p>\n<p style=\"text-align: justify;\">Seg\u00fan explica, en noviembre de 2014, durante su anterior etapa al frente de la Alcald\u00eda, el Ayuntamiento aprob\u00f3 por unanimidad adherirse a un proyecto de la Federaci\u00f3n de Municipios y Provincias de Castilla-La Mancha (FEMP-CLM) destinado al ahorro energ\u00e9tico.<\/p>\n<p style=\"text-align: justify;\">En noviembre de 2015 se formaliz\u00f3 el contrato para realizar las auditor\u00edas de los espacios e instalaciones municipales que iban a formar parte del Proyecto CLIME. Estas auditor\u00edas inclu\u00edan los sistemas de calefacci\u00f3n, climatizaci\u00f3n, agua caliente sanitaria, alumbrado y otros consumos energ\u00e9ticos <strong>de todos los espacios y dependencias Municipales<\/strong>, de todas.<\/p>\n<p style=\"text-align: justify;\">Posteriormente, en diciembre de 2016, el Ayuntamiento aprob\u00f3 tambi\u00e9n por unanimidad continuar con la segunda fase del denominado Proyecto CLIME.<\/p>\n<p style=\"text-align: justify;\"><strong>El alcalde recuerda que el 22 de junio de 2017 dej\u00f3 la Alcald\u00eda de Caudete<\/strong>, por lo que, a partir de esa fecha, dej\u00f3 de intervenir en la gesti\u00f3n municipal relacionada con la tramitaci\u00f3n y desarrollo posterior del proyecto.<\/p>\n<p style=\"text-align: justify;\">La adjudicaci\u00f3n del contrato a Elecnor se produjo finalmente en junio de 2020, con una duraci\u00f3n prevista de diez a\u00f1os.<\/p>\n<h2 style=\"text-align: justify;\">La auditor\u00eda, elemento clave de la reclamaci\u00f3n<\/h2>\n<p style=\"text-align: justify;\">Para el alcalde, la auditor\u00eda previa constituye &#8220;la pieza clave&#8221; para comprender la actual reclamaci\u00f3n econ\u00f3mica.<\/p>\n<p style=\"text-align: justify;\">La previsi\u00f3n de consumos realizada en esa fase deb\u00eda servir como referencia para determinar los importes que el Ayuntamiento tendr\u00eda que abonar durante los diez a\u00f1os de duraci\u00f3n del contrato. Sin embargo, seg\u00fan explica el regidor, posteriormente se detectaron instalaciones cuyos consumos reales no se correspond\u00edan con los datos contemplados en la auditor\u00eda.<\/p>\n<p style=\"text-align: justify;\">Entre las instalaciones incluidas en la reclamaci\u00f3n se encuentran el Almac\u00e9n Municipal de Obras -conectado al alumbrado p\u00fablico-, La Fuente de Los Pilares, la fuente del Paseo, la Escuela de M\u00fasica, el Aula de Adultos y la Piscina Cubierta.<\/p>\n<p style=\"text-align: justify;\">El alcalde se\u00f1ala que algunas de estas instalaciones presentan distintas situaciones que deben ser regularizadas. En el caso del Almac\u00e9n de Obras y de las fuentes, apunta a su conexi\u00f3n con el alumbrado p\u00fablico. Respecto a la Escuela de M\u00fasica, afirma que es necesario determinar correctamente su punto de conexi\u00f3n.<\/p>\n<p style=\"text-align: justify;\">Asimismo, indica que el consumo previsto para el Centro de Mayores se habr\u00eda establecido por debajo de su consumo real y destaca especialmente el caso de la piscina cubierta, que, seg\u00fan su explicaci\u00f3n, fue auditada con unos consumos de gas y electricidad pr\u00f3ximos a cero pese a tratarse de una instalaci\u00f3n con un elevado consumo energ\u00e9tico.<\/p>\n<h2 style=\"text-align: justify;\">El Ayuntamiento trabaja para reducir la cantidad reclamada<\/h2>\n<p style=\"text-align: justify;\">Seg\u00fan el alcalde, Elecnor reclama ahora los importes correspondientes a los consumos que no habr\u00edan quedado contemplados durante los primeros cinco a\u00f1os del contrato, de los diez a\u00f1os previstos inicialmente.<\/p>\n<p style=\"text-align: justify;\">El regidor advierte adem\u00e1s de que el impacto econ\u00f3mico para el Ayuntamiento no se limitar\u00eda al importe que finalmente se acuerde con la empresa, ya que ser\u00e1 necesario regularizar las instalaciones afectadas y asumir los costes derivados de sus consumos reales.<\/p>\n<p style=\"text-align: justify;\">Por este motivo, considera que el esfuerzo econ\u00f3mico para las arcas municipales podr\u00eda llegar a ser aproximadamente el doble de la cantidad que finalmente se consiga ajustar de la reclamaci\u00f3n presentada por Elecnor.<\/p>\n<p style=\"text-align: justify;\">El alcalde ha asegurado que el Ayuntamiento est\u00e1 trabajando actualmente para reducir &#8220;todo lo posible&#8221; los 903.000 euros reclamados por la empresa y ha se\u00f1alado que, una vez se disponga de informaci\u00f3n definitiva, seguir\u00e1 trasladando a los vecinos los datos y explicaciones correspondientes.<\/p>\n<blockquote>\n<p style=\"text-align: justify;\">&#8220;Queremos que los caudetanos conozcan qu\u00e9 ha ocurrido, de d\u00f3nde procede esta reclamaci\u00f3n y qu\u00e9 estamos haciendo para reducir su impacto econ\u00f3mico en el Ayuntamiento&#8221;, ha se\u00f1alado el alcalde.<\/p>\n<\/blockquote>\n","protected":false},"excerpt":{"rendered":"<p>El regidor sit\u00faa el origen del problema en la auditor\u00eda energ\u00e9tica realizada antes de la adjudicaci\u00f3n del Proyecto CLIME y recuerda que el contrato con Elecnor se formaliz\u00f3 en 2020, tres a\u00f1os despu\u00e9s de su salida de la Alcald\u00eda El alcalde de Caudete ha querido explicar p\u00fablicamente la situaci\u00f3n generada por la reclamaci\u00f3n de aproximadamente &hellip;<\/p>\n","protected":false},"author":5,"featured_media":36624,"comment_status":"closed","ping_status":"open","sticky":false,"template":"","format":"standard","meta":{"ngg_post_thumbnail":0,"footnotes":""},"categories":[20],"tags":[],"class_list":["post-36920","post","type-post","status-publish","format-standard","has-post-thumbnail","hentry","category-ayuntamiento"],"yoast_head":"<!-- This site is optimized with the Yoast SEO plugin v28.3 - https:\/\/yoast.com\/product\/yoast-seo-wordpress\/ -->\n<title>El alcalde de Caudete explica el origen de la reclamaci\u00f3n de 903.000\u20ac de Elecnor por el exceso de consumo energ\u00e9tico - MI Ayuntamiento de Caudete<\/title>\n<meta name=\"description\" content=\"P\u00e1gina Oficial del Ayuntamiento de Caudete (Albacete)\" \/>\n<meta name=\"robots\" content=\"index, follow, max-snippet:-1, max-image-preview:large, max-video-preview:-1\" \/>\n<link rel=\"canonical\" href=\"https:\/\/www.caudete.org\/ayuntamiento\/el-alcalde-de-caudete-explica-el-origen-de-la-reclamacion-de-903-000e-de-elecnor-por-el-exceso-de-consumo-energetico\/\" \/>\n<meta property=\"og:locale\" content=\"es_ES\" \/>\n<meta property=\"og:type\" content=\"article\" \/>\n<meta property=\"og:title\" content=\"El alcalde de Caudete explica el origen de la reclamaci\u00f3n de 903.000\u20ac de Elecnor por el exceso de consumo energ\u00e9tico - MI Ayuntamiento de Caudete\" \/>\n<meta property=\"og:description\" content=\"P\u00e1gina Oficial del Ayuntamiento de Caudete (Albacete)\" \/>\n<meta property=\"og:url\" content=\"https:\/\/www.caudete.org\/ayuntamiento\/el-alcalde-de-caudete-explica-el-origen-de-la-reclamacion-de-903-000e-de-elecnor-por-el-exceso-de-consumo-energetico\/\" \/>\n<meta property=\"og:site_name\" content=\"MI Ayuntamiento de Caudete\" \/>\n<meta property=\"article:publisher\" content=\"https:\/\/www.facebook.com\/ayuntamientocaudete\/\" \/>\n<meta property=\"article:published_time\" content=\"2026-09-01T10:11:15+00:00\" \/>\n<meta property=\"article:modified_time\" content=\"2026-09-01T10:36:29+00:00\" \/>\n<meta property=\"og:image\" content=\"https:\/\/www.caudete.org\/ayuntamiento\/wp-content\/uploads\/2026\/08\/Almacen-Obras.webp\" \/>\n\t<meta property=\"og:image:width\" content=\"1000\" \/>\n\t<meta property=\"og:image:height\" content=\"563\" \/>\n\t<meta property=\"og:image:type\" content=\"image\/webp\" \/>\n<meta name=\"author\" content=\"Dpto Informatica MI Ayuntamiento de Caudete\" \/>\n<meta name=\"twitter:card\" content=\"summary_large_image\" \/>\n<meta name=\"twitter:label1\" content=\"Escrito por\" \/>\n\t<meta name=\"twitter:data1\" content=\"Dpto Informatica MI Ayuntamiento de Caudete\" \/>\n\t<meta name=\"twitter:label2\" content=\"Tiempo de lectura\" \/>\n\t<meta name=\"twitter:data2\" content=\"4 minutos\" \/>\n<script type=\"application\/ld+json\" class=\"yoast-schema-graph\">{\"@context\":\"https:\\\/\\\/schema.org\",\"@graph\":[{\"@type\":\"Article\",\"@id\":\"https:\\\/\\\/www.caudete.org\\\/ayuntamiento\\\/el-alcalde-de-caudete-explica-el-origen-de-la-reclamacion-de-903-000e-de-elecnor-por-el-exceso-de-consumo-energetico\\\/#article\",\"isPartOf\":{\"@id\":\"https:\\\/\\\/www.caudete.org\\\/ayuntamiento\\\/el-alcalde-de-caudete-explica-el-origen-de-la-reclamacion-de-903-000e-de-elecnor-por-el-exceso-de-consumo-energetico\\\/\"},\"author\":{\"name\":\"Dpto Informatica MI Ayuntamiento de Caudete\",\"@id\":\"https:\\\/\\\/www.caudete.org\\\/ayuntamiento\\\/#\\\/schema\\\/person\\\/4b9eab41761957db9b1bf9c418d1ef46\"},\"headline\":\"El alcalde de Caudete explica el origen de la reclamaci\u00f3n de 903.000\u20ac de Elecnor por el exceso de consumo energ\u00e9tico\",\"datePublished\":\"2026-09-01T10:11:15+00:00\",\"dateModified\":\"2026-09-01T10:36:29+00:00\",\"mainEntityOfPage\":{\"@id\":\"https:\\\/\\\/www.caudete.org\\\/ayuntamiento\\\/el-alcalde-de-caudete-explica-el-origen-de-la-reclamacion-de-903-000e-de-elecnor-por-el-exceso-de-consumo-energetico\\\/\"},\"wordCount\":854,\"image\":{\"@id\":\"https:\\\/\\\/www.caudete.org\\\/ayuntamiento\\\/el-alcalde-de-caudete-explica-el-origen-de-la-reclamacion-de-903-000e-de-elecnor-por-el-exceso-de-consumo-energetico\\\/#primaryimage\"},\"thumbnailUrl\":\"https:\\\/\\\/www.caudete.org\\\/ayuntamiento\\\/wp-content\\\/uploads\\\/2026\\\/08\\\/Almacen-Obras.webp\",\"articleSection\":[\"Ayuntamiento\"],\"inLanguage\":\"es\"},{\"@type\":\"WebPage\",\"@id\":\"https:\\\/\\\/www.caudete.org\\\/ayuntamiento\\\/el-alcalde-de-caudete-explica-el-origen-de-la-reclamacion-de-903-000e-de-elecnor-por-el-exceso-de-consumo-energetico\\\/\",\"url\":\"https:\\\/\\\/www.caudete.org\\\/ayuntamiento\\\/el-alcalde-de-caudete-explica-el-origen-de-la-reclamacion-de-903-000e-de-elecnor-por-el-exceso-de-consumo-energetico\\\/\",\"name\":\"El alcalde de Caudete explica el origen de la reclamaci\u00f3n de 903.000\u20ac de Elecnor por el exceso de consumo energ\u00e9tico - MI Ayuntamiento de Caudete\",\"isPartOf\":{\"@id\":\"https:\\\/\\\/www.caudete.org\\\/ayuntamiento\\\/#website\"},\"primaryImageOfPage\":{\"@id\":\"https:\\\/\\\/www.caudete.org\\\/ayuntamiento\\\/el-alcalde-de-caudete-explica-el-origen-de-la-reclamacion-de-903-000e-de-elecnor-por-el-exceso-de-consumo-energetico\\\/#primaryimage\"},\"image\":{\"@id\":\"https:\\\/\\\/www.caudete.org\\\/ayuntamiento\\\/el-alcalde-de-caudete-explica-el-origen-de-la-reclamacion-de-903-000e-de-elecnor-por-el-exceso-de-consumo-energetico\\\/#primaryimage\"},\"thumbnailUrl\":\"https:\\\/\\\/www.caudete.org\\\/ayuntamiento\\\/wp-content\\\/uploads\\\/2026\\\/08\\\/Almacen-Obras.webp\",\"datePublished\":\"2026-09-01T10:11:15+00:00\",\"dateModified\":\"2026-09-01T10:36:29+00:00\",\"author\":{\"@id\":\"https:\\\/\\\/www.caudete.org\\\/ayuntamiento\\\/#\\\/schema\\\/person\\\/4b9eab41761957db9b1bf9c418d1ef46\"},\"description\":\"P\u00e1gina Oficial del Ayuntamiento de Caudete (Albacete)\",\"breadcrumb\":{\"@id\":\"https:\\\/\\\/www.caudete.org\\\/ayuntamiento\\\/el-alcalde-de-caudete-explica-el-origen-de-la-reclamacion-de-903-000e-de-elecnor-por-el-exceso-de-consumo-energetico\\\/#breadcrumb\"},\"inLanguage\":\"es\",\"potentialAction\":[{\"@type\":\"ReadAction\",\"target\":[\"https:\\\/\\\/www.caudete.org\\\/ayuntamiento\\\/el-alcalde-de-caudete-explica-el-origen-de-la-reclamacion-de-903-000e-de-elecnor-por-el-exceso-de-consumo-energetico\\\/\"]}]},{\"@type\":\"ImageObject\",\"inLanguage\":\"es\",\"@id\":\"https:\\\/\\\/www.caudete.org\\\/ayuntamiento\\\/el-alcalde-de-caudete-explica-el-origen-de-la-reclamacion-de-903-000e-de-elecnor-por-el-exceso-de-consumo-energetico\\\/#primaryimage\",\"url\":\"https:\\\/\\\/www.caudete.org\\\/ayuntamiento\\\/wp-content\\\/uploads\\\/2026\\\/08\\\/Almacen-Obras.webp\",\"contentUrl\":\"https:\\\/\\\/www.caudete.org\\\/ayuntamiento\\\/wp-content\\\/uploads\\\/2026\\\/08\\\/Almacen-Obras.webp\",\"width\":1000,\"height\":563},{\"@type\":\"BreadcrumbList\",\"@id\":\"https:\\\/\\\/www.caudete.org\\\/ayuntamiento\\\/el-alcalde-de-caudete-explica-el-origen-de-la-reclamacion-de-903-000e-de-elecnor-por-el-exceso-de-consumo-energetico\\\/#breadcrumb\",\"itemListElement\":[{\"@type\":\"ListItem\",\"position\":1,\"name\":\"Inicio\",\"item\":\"https:\\\/\\\/www.caudete.org\\\/ayuntamiento\\\/\"},{\"@type\":\"ListItem\",\"position\":2,\"name\":\"El alcalde de Caudete explica el origen de la reclamaci\u00f3n de 903.000\u20ac de Elecnor por el exceso de consumo energ\u00e9tico\"}]},{\"@type\":\"WebSite\",\"@id\":\"https:\\\/\\\/www.caudete.org\\\/ayuntamiento\\\/#website\",\"url\":\"https:\\\/\\\/www.caudete.org\\\/ayuntamiento\\\/\",\"name\":\"MI Ayuntamiento de Caudete\",\"description\":\"P\u00e1gina Oficial del MI Ayuntamiento de Caudete\",\"potentialAction\":[{\"@type\":\"SearchAction\",\"target\":{\"@type\":\"EntryPoint\",\"urlTemplate\":\"https:\\\/\\\/www.caudete.org\\\/ayuntamiento\\\/?s={search_term_string}\"},\"query-input\":{\"@type\":\"PropertyValueSpecification\",\"valueRequired\":true,\"valueName\":\"search_term_string\"}}],\"inLanguage\":\"es\"},{\"@type\":\"Person\",\"@id\":\"https:\\\/\\\/www.caudete.org\\\/ayuntamiento\\\/#\\\/schema\\\/person\\\/4b9eab41761957db9b1bf9c418d1ef46\",\"name\":\"Dpto Informatica MI Ayuntamiento de Caudete\",\"image\":{\"@type\":\"ImageObject\",\"inLanguage\":\"es\",\"@id\":\"https:\\\/\\\/secure.gravatar.com\\\/avatar\\\/ac0321ee4a0a83e82a253e7b2d348ef539e2c8fe16d06b600bde04de1b364fa7?s=96&d=mm&r=g\",\"url\":\"https:\\\/\\\/secure.gravatar.com\\\/avatar\\\/ac0321ee4a0a83e82a253e7b2d348ef539e2c8fe16d06b600bde04de1b364fa7?s=96&d=mm&r=g\",\"contentUrl\":\"https:\\\/\\\/secure.gravatar.com\\\/avatar\\\/ac0321ee4a0a83e82a253e7b2d348ef539e2c8fe16d06b600bde04de1b364fa7?s=96&d=mm&r=g\",\"caption\":\"Dpto Informatica MI Ayuntamiento de Caudete\"},\"url\":\"https:\\\/\\\/www.caudete.org\\\/ayuntamiento\\\/author\\\/informatica\\\/\"}]}<\/script>\n<!-- \/ Yoast SEO plugin. -->","yoast_head_json":{"title":"El alcalde de Caudete explica el origen de la reclamaci\u00f3n de 903.000\u20ac de Elecnor por el exceso de consumo energ\u00e9tico - MI Ayuntamiento de Caudete","description":"P\u00e1gina Oficial del Ayuntamiento de Caudete (Albacete)","robots":{"index":"index","follow":"follow","max-snippet":"max-snippet:-1","max-image-preview":"max-image-preview:large","max-video-preview":"max-video-preview:-1"},"canonical":"https:\/\/www.caudete.org\/ayuntamiento\/el-alcalde-de-caudete-explica-el-origen-de-la-reclamacion-de-903-000e-de-elecnor-por-el-exceso-de-consumo-energetico\/","og_locale":"es_ES","og_type":"article","og_title":"El alcalde de Caudete explica el origen de la reclamaci\u00f3n de 903.000\u20ac de Elecnor por el exceso de consumo energ\u00e9tico - MI Ayuntamiento de Caudete","og_description":"P\u00e1gina Oficial del Ayuntamiento de Caudete (Albacete)","og_url":"https:\/\/www.caudete.org\/ayuntamiento\/el-alcalde-de-caudete-explica-el-origen-de-la-reclamacion-de-903-000e-de-elecnor-por-el-exceso-de-consumo-energetico\/","og_site_name":"MI Ayuntamiento de Caudete","article_publisher":"https:\/\/www.facebook.com\/ayuntamientocaudete\/","article_published_time":"2026-09-01T10:11:15+00:00","article_modified_time":"2026-09-01T10:36:29+00:00","og_image":[{"width":1000,"height":563,"url":"https:\/\/www.caudete.org\/ayuntamiento\/wp-content\/uploads\/2026\/08\/Almacen-Obras.webp","type":"image\/webp"}],"author":"Dpto Informatica MI Ayuntamiento de Caudete","twitter_card":"summary_large_image","twitter_misc":{"Escrito por":"Dpto Informatica MI Ayuntamiento de Caudete","Tiempo de lectura":"4 minutos"},"schema":{"@context":"https:\/\/schema.org","@graph":[{"@type":"Article","@id":"https:\/\/www.caudete.org\/ayuntamiento\/el-alcalde-de-caudete-explica-el-origen-de-la-reclamacion-de-903-000e-de-elecnor-por-el-exceso-de-consumo-energetico\/#article","isPartOf":{"@id":"https:\/\/www.caudete.org\/ayuntamiento\/el-alcalde-de-caudete-explica-el-origen-de-la-reclamacion-de-903-000e-de-elecnor-por-el-exceso-de-consumo-energetico\/"},"author":{"name":"Dpto Informatica MI Ayuntamiento de Caudete","@id":"https:\/\/www.caudete.org\/ayuntamiento\/#\/schema\/person\/4b9eab41761957db9b1bf9c418d1ef46"},"headline":"El alcalde de Caudete explica el origen de la reclamaci\u00f3n de 903.000\u20ac de Elecnor por el exceso de consumo energ\u00e9tico","datePublished":"2026-09-01T10:11:15+00:00","dateModified":"2026-09-01T10:36:29+00:00","mainEntityOfPage":{"@id":"https:\/\/www.caudete.org\/ayuntamiento\/el-alcalde-de-caudete-explica-el-origen-de-la-reclamacion-de-903-000e-de-elecnor-por-el-exceso-de-consumo-energetico\/"},"wordCount":854,"image":{"@id":"https:\/\/www.caudete.org\/ayuntamiento\/el-alcalde-de-caudete-explica-el-origen-de-la-reclamacion-de-903-000e-de-elecnor-por-el-exceso-de-consumo-energetico\/#primaryimage"},"thumbnailUrl":"https:\/\/www.caudete.org\/ayuntamiento\/wp-content\/uploads\/2026\/08\/Almacen-Obras.webp","articleSection":["Ayuntamiento"],"inLanguage":"es"},{"@type":"WebPage","@id":"https:\/\/www.caudete.org\/ayuntamiento\/el-alcalde-de-caudete-explica-el-origen-de-la-reclamacion-de-903-000e-de-elecnor-por-el-exceso-de-consumo-energetico\/","url":"https:\/\/www.caudete.org\/ayuntamiento\/el-alcalde-de-caudete-explica-el-origen-de-la-reclamacion-de-903-000e-de-elecnor-por-el-exceso-de-consumo-energetico\/","name":"El alcalde de Caudete explica el origen de la reclamaci\u00f3n de 903.000\u20ac de Elecnor por el exceso de consumo energ\u00e9tico - MI Ayuntamiento de Caudete","isPartOf":{"@id":"https:\/\/www.caudete.org\/ayuntamiento\/#website"},"primaryImageOfPage":{"@id":"https:\/\/www.caudete.org\/ayuntamiento\/el-alcalde-de-caudete-explica-el-origen-de-la-reclamacion-de-903-000e-de-elecnor-por-el-exceso-de-consumo-energetico\/#primaryimage"},"image":{"@id":"https:\/\/www.caudete.org\/ayuntamiento\/el-alcalde-de-caudete-explica-el-origen-de-la-reclamacion-de-903-000e-de-elecnor-por-el-exceso-de-consumo-energetico\/#primaryimage"},"thumbnailUrl":"https:\/\/www.caudete.org\/ayuntamiento\/wp-content\/uploads\/2026\/08\/Almacen-Obras.webp","datePublished":"2026-09-01T10:11:15+00:00","dateModified":"2026-09-01T10:36:29+00:00","author":{"@id":"https:\/\/www.caudete.org\/ayuntamiento\/#\/schema\/person\/4b9eab41761957db9b1bf9c418d1ef46"},"description":"P\u00e1gina Oficial del Ayuntamiento de Caudete (Albacete)","breadcrumb":{"@id":"https:\/\/www.caudete.org\/ayuntamiento\/el-alcalde-de-caudete-explica-el-origen-de-la-reclamacion-de-903-000e-de-elecnor-por-el-exceso-de-consumo-energetico\/#breadcrumb"},"inLanguage":"es","potentialAction":[{"@type":"ReadAction","target":["https:\/\/www.caudete.org\/ayuntamiento\/el-alcalde-de-caudete-explica-el-origen-de-la-reclamacion-de-903-000e-de-elecnor-por-el-exceso-de-consumo-energetico\/"]}]},{"@type":"ImageObject","inLanguage":"es","@id":"https:\/\/www.caudete.org\/ayuntamiento\/el-alcalde-de-caudete-explica-el-origen-de-la-reclamacion-de-903-000e-de-elecnor-por-el-exceso-de-consumo-energetico\/#primaryimage","url":"https:\/\/www.caudete.org\/ayuntamiento\/wp-content\/uploads\/2026\/08\/Almacen-Obras.webp","contentUrl":"https:\/\/www.caudete.org\/ayuntamiento\/wp-content\/uploads\/2026\/08\/Almacen-Obras.webp","width":1000,"height":563},{"@type":"BreadcrumbList","@id":"https:\/\/www.caudete.org\/ayuntamiento\/el-alcalde-de-caudete-explica-el-origen-de-la-reclamacion-de-903-000e-de-elecnor-por-el-exceso-de-consumo-energetico\/#breadcrumb","itemListElement":[{"@type":"ListItem","position":1,"name":"Inicio","item":"https:\/\/www.caudete.org\/ayuntamiento\/"},{"@type":"ListItem","position":2,"name":"El alcalde de Caudete explica el origen de la reclamaci\u00f3n de 903.000\u20ac de Elecnor por el exceso de consumo energ\u00e9tico"}]},{"@type":"WebSite","@id":"https:\/\/www.caudete.org\/ayuntamiento\/#website","url":"https:\/\/www.caudete.org\/ayuntamiento\/","name":"MI Ayuntamiento de Caudete","description":"P\u00e1gina Oficial del MI Ayuntamiento de Caudete","potentialAction":[{"@type":"SearchAction","target":{"@type":"EntryPoint","urlTemplate":"https:\/\/www.caudete.org\/ayuntamiento\/?s={search_term_string}"},"query-input":{"@type":"PropertyValueSpecification","valueRequired":true,"valueName":"search_term_string"}}],"inLanguage":"es"},{"@type":"Person","@id":"https:\/\/www.caudete.org\/ayuntamiento\/#\/schema\/person\/4b9eab41761957db9b1bf9c418d1ef46","name":"Dpto Informatica MI Ayuntamiento de Caudete","image":{"@type":"ImageObject","inLanguage":"es","@id":"https:\/\/secure.gravatar.com\/avatar\/ac0321ee4a0a83e82a253e7b2d348ef539e2c8fe16d06b600bde04de1b364fa7?s=96&d=mm&r=g","url":"https:\/\/secure.gravatar.com\/avatar\/ac0321ee4a0a83e82a253e7b2d348ef539e2c8fe16d06b600bde04de1b364fa7?s=96&d=mm&r=g","contentUrl":"https:\/\/secure.gravatar.com\/avatar\/ac0321ee4a0a83e82a253e7b2d348ef539e2c8fe16d06b600bde04de1b364fa7?s=96&d=mm&r=g","caption":"Dpto Informatica MI Ayuntamiento de Caudete"},"url":"https:\/\/www.caudete.org\/ayuntamiento\/author\/informatica\/"}]}},"_links":{"self":[{"href":"https:\/\/www.caudete.org\/ayuntamiento\/wp-json\/wp\/v2\/posts\/36920","targetHints":{"allow":["GET"]}}],"collection":[{"href":"https:\/\/www.caudete.org\/ayuntamiento\/wp-json\/wp\/v2\/posts"}],"about":[{"href":"https:\/\/www.caudete.org\/ayuntamiento\/wp-json\/wp\/v2\/types\/post"}],"author":[{"embeddable":true,"href":"https:\/\/www.caudete.org\/ayuntamiento\/wp-json\/wp\/v2\/users\/5"}],"replies":[{"embeddable":true,"href":"https:\/\/www.caudete.org\/ayuntamiento\/wp-json\/wp\/v2\/comments?post=36920"}],"version-history":[{"count":7,"href":"https:\/\/www.caudete.org\/ayuntamiento\/wp-json\/wp\/v2\/posts\/36920\/revisions"}],"predecessor-version":[{"id":36927,"href":"https:\/\/www.caudete.org\/ayuntamiento\/wp-json\/wp\/v2\/posts\/36920\/revisions\/36927"}],"wp:featuredmedia":[{"embeddable":true,"href":"https:\/\/www.caudete.org\/ayuntamiento\/wp-json\/wp\/v2\/media\/36624"}],"wp:attachment":[{"href":"https:\/\/www.caudete.org\/ayuntamiento\/wp-json\/wp\/v2\/media?parent=36920"}],"wp:term":[{"taxonomy":"category","embeddable":true,"href":"https:\/\/www.caudete.org\/ayuntamiento\/wp-json\/wp\/v2\/categories?post=36920"},{"taxonomy":"post_tag","embeddable":true,"href":"https:\/\/www.caudete.org\/ayuntamiento\/wp-json\/wp\/v2\/tags?post=36920"}],"curies":[{"name":"wp","href":"https:\/\/api.w.org\/{rel}","templated":true}]}}