{"id":36930,"date":"2026-09-03T09:04:40","date_gmt":"2026-09-03T07:04:40","guid":{"rendered":"https:\/\/www.caudete.org\/ayuntamiento\/?p=36930"},"modified":"2026-09-03T09:04:40","modified_gmt":"2026-09-03T07:04:40","slug":"por-unas-fiestas-seguras-responsables-y-libres-de-agresiones-sexistas","status":"publish","type":"post","link":"https:\/\/www.caudete.org\/ayuntamiento\/por-unas-fiestas-seguras-responsables-y-libres-de-agresiones-sexistas\/","title":{"rendered":"Por unas Fiestas seguras, responsables y libres de agresiones sexistas"},"content":{"rendered":"<p data-start=\"109\" data-end=\"178\"><strong data-start=\"109\" data-end=\"178\">\u201cSin alcohol tambi\u00e9n hay fiestas. Con respeto, disfrutamos todos\u201d<\/strong><\/p>\n<p data-start=\"180\" data-end=\"435\">Desde la <strong data-start=\"189\" data-end=\"260\">Concejal\u00eda de Sanidad e Igualdad Social del Ayuntamiento de Caudete<\/strong> queremos trasladar, con motivo de las Fiestas de Moros y Cristianos 2026 en honor a nuestra Patrona, la <strong data-start=\"365\" data-end=\"385\">Virgen de Gracia<\/strong>, un mensaje de prevenci\u00f3n, respeto y convivencia.<\/p>\n<p data-start=\"437\" data-end=\"705\"><strong data-start=\"440\" data-end=\"476\">Sin alcohol tambi\u00e9n hay fiestas.<\/strong><br data-start=\"476\" data-end=\"479\">Disfrutar de nuestras fiestas no depende del consumo de alcohol. Apostamos por unas celebraciones en las que podamos divertirnos, compartir y disfrutar <strong data-start=\"631\" data-end=\"667\">de forma responsable y saludable<\/strong>, especialmente entre los m\u00e1s j\u00f3venes.<\/p>\n<p data-start=\"707\" data-end=\"889\">\ud83d\udeab <strong data-start=\"710\" data-end=\"725\">Sin drogas.<\/strong><br data-start=\"725\" data-end=\"728\">La diversi\u00f3n y el ocio son perfectamente compatibles con unas fiestas libres de drogas y de conductas que puedan poner en riesgo nuestra salud o la de los dem\u00e1s.<\/p>\n<p data-start=\"891\" data-end=\"1152\">\ud83d\udfe3 <strong data-start=\"894\" data-end=\"922\">Sin agresiones sexistas.<\/strong><br data-start=\"922\" data-end=\"925\">En nuestras fiestas, <strong data-start=\"946\" data-end=\"958\">no es no<\/strong>. Ninguna conducta, comentario, actitud o agresi\u00f3n de car\u00e1cter sexista tiene cabida. Queremos unos Moros y Cristianos donde todas las personas puedan disfrutar con libertad, seguridad y respeto.<\/p>\n<p data-start=\"1154\" data-end=\"1376\">Este a\u00f1o, <strong data-start=\"1164\" data-end=\"1246\">un a\u00f1o m\u00e1s, contamos con la colaboraci\u00f3n de Cruz Roja y con los Puntos Violeta<\/strong>, recursos destinados a informar, sensibilizar, prevenir y ofrecer apoyo ante cualquier situaci\u00f3n de violencia o agresi\u00f3n sexista.<\/p>\n<p data-start=\"1378\" data-end=\"1558\">Mar\u00eda Mart\u00ednez Garc\u00eda y todo el equipo de la Concejal\u00eda de Sanidad e Igualdad Social del M.I.Ayuntamiento de Caudete, hacemos un llamamiento a toda la ciudadan\u00eda para que entre todos consigamos unas fiestas <strong data-start=\"1516\" data-end=\"1557\">m\u00e1s seguras, saludables y respetuosas<\/strong>.<\/p>\n<p style=\"text-align: center;\" data-start=\"1560\" data-end=\"1707\"><strong data-start=\"1560\" data-end=\"1707\">Porque celebrar tambi\u00e9n es cuidarnos.<br data-start=\"1599\" data-end=\"1602\">Porque divertirnos no est\u00e1 re\u00f1ido con el respeto.<br data-start=\"1651\" data-end=\"1654\">Porque en Caudete queremos unas fiestas para todos.<\/strong><\/p>\n<p style=\"text-align: center;\" data-start=\"1709\" data-end=\"1883\" data-is-last-node=\"\" data-is-only-node=\"\">\ud83d\udc9c <strong data-start=\"1712\" data-end=\"1760\">\u00a1Vive las fiestas con respeto y convivencia!<\/strong><br data-start=\"1760\" data-end=\"1763\"><strong data-start=\"1763\" data-end=\"1800\">\u00a1Sin alcohol tambi\u00e9n hay fiestas!<\/strong><br data-start=\"1800\" data-end=\"1803\"><strong data-start=\"1803\" data-end=\"1832\">\u00a1Sin agresiones sexistas!<\/strong><br data-start=\"1832\" data-end=\"1835\"><strong data-start=\"1835\" data-end=\"1883\" data-is-last-node=\"\">\u00a1Felices Fiestas de Moros y Cristianos 2026!<\/strong><\/p>\n<p style=\"text-align: center;\" data-start=\"1709\" data-end=\"1883\" data-is-last-node=\"\" data-is-only-node=\"\"><a href=\"https:\/\/www.caudete.org\/ayuntamiento\/wp-content\/uploads\/2026\/09\/CARTEL-PUNTO-VIOLETA-RECTIFICADO-FIESTAS-2026.jpg\" rel='prettyPhoto'><img fetchpriority=\"high\" decoding=\"async\" class=\"alignnone size-full wp-image-36934\" src=\"https:\/\/www.caudete.org\/ayuntamiento\/wp-content\/uploads\/2026\/09\/CARTEL-PUNTO-VIOLETA-RECTIFICADO-FIESTAS-2026.jpg\" alt=\"\" width=\"707\" height=\"1000\" srcset=\"https:\/\/www.caudete.org\/ayuntamiento\/wp-content\/uploads\/2026\/09\/CARTEL-PUNTO-VIOLETA-RECTIFICADO-FIESTAS-2026.jpg 707w, https:\/\/www.caudete.org\/ayuntamiento\/wp-content\/uploads\/2026\/09\/CARTEL-PUNTO-VIOLETA-RECTIFICADO-FIESTAS-2026-566x800.jpg 566w, https:\/\/www.caudete.org\/ayuntamiento\/wp-content\/uploads\/2026\/09\/CARTEL-PUNTO-VIOLETA-RECTIFICADO-FIESTAS-2026-679x960.jpg 679w, https:\/\/www.caudete.org\/ayuntamiento\/wp-content\/uploads\/2026\/09\/CARTEL-PUNTO-VIOLETA-RECTIFICADO-FIESTAS-2026-156x220.jpg 156w\" sizes=\"(max-width: 707px) 100vw, 707px\" \/><\/a><\/p>\n<p data-start=\"1709\" data-end=\"1883\" data-is-last-node=\"\" data-is-only-node=\"\"><a href=\"https:\/\/www.caudete.org\/ayuntamiento\/wp-content\/uploads\/2026\/09\/CARTEL-PREVENCION-2026.jpg\" rel='prettyPhoto'><img decoding=\"async\" class=\"alignnone size-full wp-image-36933 aligncenter\" src=\"https:\/\/www.caudete.org\/ayuntamiento\/wp-content\/uploads\/2026\/09\/CARTEL-PREVENCION-2026.jpg\" alt=\"\" width=\"707\" height=\"1000\" srcset=\"https:\/\/www.caudete.org\/ayuntamiento\/wp-content\/uploads\/2026\/09\/CARTEL-PREVENCION-2026.jpg 707w, https:\/\/www.caudete.org\/ayuntamiento\/wp-content\/uploads\/2026\/09\/CARTEL-PREVENCION-2026-566x800.jpg 566w, https:\/\/www.caudete.org\/ayuntamiento\/wp-content\/uploads\/2026\/09\/CARTEL-PREVENCION-2026-679x960.jpg 679w, https:\/\/www.caudete.org\/ayuntamiento\/wp-content\/uploads\/2026\/09\/CARTEL-PREVENCION-2026-156x220.jpg 156w\" sizes=\"(max-width: 707px) 100vw, 707px\" \/><\/a><\/p>\n","protected":false},"excerpt":{"rendered":"<p>\u201cSin alcohol tambi\u00e9n hay fiestas. Con respeto, disfrutamos todos\u201d Desde la Concejal\u00eda de Sanidad e Igualdad Social del Ayuntamiento de Caudete queremos trasladar, con motivo de las Fiestas de Moros y Cristianos 2026 en honor a nuestra Patrona, la Virgen de Gracia, un mensaje de prevenci\u00f3n, respeto y convivencia. Sin alcohol tambi\u00e9n hay fiestas.Disfrutar de &hellip;<\/p>\n","protected":false},"author":5,"featured_media":36932,"comment_status":"closed","ping_status":"open","sticky":false,"template":"","format":"standard","meta":{"ngg_post_thumbnail":0,"footnotes":""},"categories":[522,16],"tags":[],"class_list":["post-36930","post","type-post","status-publish","format-standard","has-post-thumbnail","hentry","category-igualdad-social","category-sanidad"],"yoast_head":"<!-- This site is optimized with the Yoast SEO plugin v28.4 - https:\/\/yoast.com\/product\/yoast-seo-wordpress\/ -->\n<title>Por unas Fiestas seguras, responsables y libres de agresiones sexistas - MI Ayuntamiento de Caudete<\/title>\n<meta name=\"description\" content=\"P\u00e1gina Oficial del Ayuntamiento de Caudete (Albacete)\" \/>\n<meta name=\"robots\" content=\"index, follow, max-snippet:-1, max-image-preview:large, max-video-preview:-1\" \/>\n<link rel=\"canonical\" href=\"https:\/\/www.caudete.org\/ayuntamiento\/por-unas-fiestas-seguras-responsables-y-libres-de-agresiones-sexistas\/\" \/>\n<meta property=\"og:locale\" content=\"es_ES\" \/>\n<meta property=\"og:type\" content=\"article\" \/>\n<meta property=\"og:title\" content=\"Por unas Fiestas seguras, responsables y libres de agresiones sexistas - MI Ayuntamiento de Caudete\" \/>\n<meta property=\"og:description\" content=\"P\u00e1gina Oficial del Ayuntamiento de Caudete (Albacete)\" \/>\n<meta property=\"og:url\" content=\"https:\/\/www.caudete.org\/ayuntamiento\/por-unas-fiestas-seguras-responsables-y-libres-de-agresiones-sexistas\/\" \/>\n<meta property=\"og:site_name\" content=\"MI Ayuntamiento de Caudete\" \/>\n<meta property=\"article:publisher\" content=\"https:\/\/www.facebook.com\/ayuntamientocaudete\/\" \/>\n<meta property=\"article:published_time\" content=\"2026-09-03T07:04:40+00:00\" \/>\n<meta property=\"og:image\" content=\"https:\/\/www.caudete.org\/ayuntamiento\/wp-content\/uploads\/2026\/09\/campana-sanidad-fiestas-2026.webp\" \/>\n\t<meta property=\"og:image:width\" content=\"1000\" \/>\n\t<meta property=\"og:image:height\" content=\"563\" \/>\n\t<meta property=\"og:image:type\" content=\"image\/webp\" \/>\n<meta name=\"author\" content=\"Dpto Informatica MI Ayuntamiento de Caudete\" \/>\n<meta name=\"twitter:card\" content=\"summary_large_image\" \/>\n<meta name=\"twitter:label1\" content=\"Escrito por\" \/>\n\t<meta name=\"twitter:data1\" content=\"Dpto Informatica MI Ayuntamiento de Caudete\" \/>\n\t<meta name=\"twitter:label2\" content=\"Tiempo de lectura\" \/>\n\t<meta name=\"twitter:data2\" content=\"2 minutos\" \/>\n<script type=\"application\/ld+json\" class=\"yoast-schema-graph\">{\"@context\":\"https:\\\/\\\/schema.org\",\"@graph\":[{\"@type\":\"Article\",\"@id\":\"https:\\\/\\\/www.caudete.org\\\/ayuntamiento\\\/por-unas-fiestas-seguras-responsables-y-libres-de-agresiones-sexistas\\\/#article\",\"isPartOf\":{\"@id\":\"https:\\\/\\\/www.caudete.org\\\/ayuntamiento\\\/por-unas-fiestas-seguras-responsables-y-libres-de-agresiones-sexistas\\\/\"},\"author\":{\"name\":\"Dpto Informatica MI Ayuntamiento de Caudete\",\"@id\":\"https:\\\/\\\/www.caudete.org\\\/ayuntamiento\\\/#\\\/schema\\\/person\\\/4b9eab41761957db9b1bf9c418d1ef46\"},\"headline\":\"Por unas Fiestas seguras, responsables y libres de agresiones sexistas\",\"datePublished\":\"2026-09-03T07:04:40+00:00\",\"mainEntityOfPage\":{\"@id\":\"https:\\\/\\\/www.caudete.org\\\/ayuntamiento\\\/por-unas-fiestas-seguras-responsables-y-libres-de-agresiones-sexistas\\\/\"},\"wordCount\":303,\"image\":{\"@id\":\"https:\\\/\\\/www.caudete.org\\\/ayuntamiento\\\/por-unas-fiestas-seguras-responsables-y-libres-de-agresiones-sexistas\\\/#primaryimage\"},\"thumbnailUrl\":\"https:\\\/\\\/www.caudete.org\\\/ayuntamiento\\\/wp-content\\\/uploads\\\/2026\\\/09\\\/campana-sanidad-fiestas-2026.webp\",\"articleSection\":[\"Igualdad Social\",\"Sanidad\"],\"inLanguage\":\"es\"},{\"@type\":\"WebPage\",\"@id\":\"https:\\\/\\\/www.caudete.org\\\/ayuntamiento\\\/por-unas-fiestas-seguras-responsables-y-libres-de-agresiones-sexistas\\\/\",\"url\":\"https:\\\/\\\/www.caudete.org\\\/ayuntamiento\\\/por-unas-fiestas-seguras-responsables-y-libres-de-agresiones-sexistas\\\/\",\"name\":\"Por unas Fiestas seguras, responsables y libres de agresiones sexistas - MI Ayuntamiento de Caudete\",\"isPartOf\":{\"@id\":\"https:\\\/\\\/www.caudete.org\\\/ayuntamiento\\\/#website\"},\"primaryImageOfPage\":{\"@id\":\"https:\\\/\\\/www.caudete.org\\\/ayuntamiento\\\/por-unas-fiestas-seguras-responsables-y-libres-de-agresiones-sexistas\\\/#primaryimage\"},\"image\":{\"@id\":\"https:\\\/\\\/www.caudete.org\\\/ayuntamiento\\\/por-unas-fiestas-seguras-responsables-y-libres-de-agresiones-sexistas\\\/#primaryimage\"},\"thumbnailUrl\":\"https:\\\/\\\/www.caudete.org\\\/ayuntamiento\\\/wp-content\\\/uploads\\\/2026\\\/09\\\/campana-sanidad-fiestas-2026.webp\",\"datePublished\":\"2026-09-03T07:04:40+00:00\",\"author\":{\"@id\":\"https:\\\/\\\/www.caudete.org\\\/ayuntamiento\\\/#\\\/schema\\\/person\\\/4b9eab41761957db9b1bf9c418d1ef46\"},\"description\":\"P\u00e1gina Oficial del Ayuntamiento de Caudete (Albacete)\",\"breadcrumb\":{\"@id\":\"https:\\\/\\\/www.caudete.org\\\/ayuntamiento\\\/por-unas-fiestas-seguras-responsables-y-libres-de-agresiones-sexistas\\\/#breadcrumb\"},\"inLanguage\":\"es\",\"potentialAction\":[{\"@type\":\"ReadAction\",\"target\":[\"https:\\\/\\\/www.caudete.org\\\/ayuntamiento\\\/por-unas-fiestas-seguras-responsables-y-libres-de-agresiones-sexistas\\\/\"]}]},{\"@type\":\"ImageObject\",\"inLanguage\":\"es\",\"@id\":\"https:\\\/\\\/www.caudete.org\\\/ayuntamiento\\\/por-unas-fiestas-seguras-responsables-y-libres-de-agresiones-sexistas\\\/#primaryimage\",\"url\":\"https:\\\/\\\/www.caudete.org\\\/ayuntamiento\\\/wp-content\\\/uploads\\\/2026\\\/09\\\/campana-sanidad-fiestas-2026.webp\",\"contentUrl\":\"https:\\\/\\\/www.caudete.org\\\/ayuntamiento\\\/wp-content\\\/uploads\\\/2026\\\/09\\\/campana-sanidad-fiestas-2026.webp\",\"width\":1000,\"height\":563},{\"@type\":\"BreadcrumbList\",\"@id\":\"https:\\\/\\\/www.caudete.org\\\/ayuntamiento\\\/por-unas-fiestas-seguras-responsables-y-libres-de-agresiones-sexistas\\\/#breadcrumb\",\"itemListElement\":[{\"@type\":\"ListItem\",\"position\":1,\"name\":\"Inicio\",\"item\":\"https:\\\/\\\/www.caudete.org\\\/ayuntamiento\\\/\"},{\"@type\":\"ListItem\",\"position\":2,\"name\":\"Por unas Fiestas seguras, responsables y libres de agresiones sexistas\"}]},{\"@type\":\"WebSite\",\"@id\":\"https:\\\/\\\/www.caudete.org\\\/ayuntamiento\\\/#website\",\"url\":\"https:\\\/\\\/www.caudete.org\\\/ayuntamiento\\\/\",\"name\":\"MI Ayuntamiento de Caudete\",\"description\":\"P\u00e1gina Oficial del MI Ayuntamiento de Caudete\",\"potentialAction\":[{\"@type\":\"SearchAction\",\"target\":{\"@type\":\"EntryPoint\",\"urlTemplate\":\"https:\\\/\\\/www.caudete.org\\\/ayuntamiento\\\/?s={search_term_string}\"},\"query-input\":{\"@type\":\"PropertyValueSpecification\",\"valueRequired\":true,\"valueName\":\"search_term_string\"}}],\"inLanguage\":\"es\"},{\"@type\":\"Person\",\"@id\":\"https:\\\/\\\/www.caudete.org\\\/ayuntamiento\\\/#\\\/schema\\\/person\\\/4b9eab41761957db9b1bf9c418d1ef46\",\"name\":\"Dpto Informatica MI Ayuntamiento de Caudete\",\"image\":{\"@type\":\"ImageObject\",\"inLanguage\":\"es\",\"@id\":\"https:\\\/\\\/secure.gravatar.com\\\/avatar\\\/ac0321ee4a0a83e82a253e7b2d348ef539e2c8fe16d06b600bde04de1b364fa7?s=96&d=mm&r=g\",\"url\":\"https:\\\/\\\/secure.gravatar.com\\\/avatar\\\/ac0321ee4a0a83e82a253e7b2d348ef539e2c8fe16d06b600bde04de1b364fa7?s=96&d=mm&r=g\",\"contentUrl\":\"https:\\\/\\\/secure.gravatar.com\\\/avatar\\\/ac0321ee4a0a83e82a253e7b2d348ef539e2c8fe16d06b600bde04de1b364fa7?s=96&d=mm&r=g\",\"caption\":\"Dpto Informatica MI Ayuntamiento de Caudete\"},\"url\":\"https:\\\/\\\/www.caudete.org\\\/ayuntamiento\\\/author\\\/informatica\\\/\"}]}<\/script>\n<!-- \/ Yoast SEO plugin. -->","yoast_head_json":{"title":"Por unas Fiestas seguras, responsables y libres de agresiones sexistas - MI Ayuntamiento de Caudete","description":"P\u00e1gina Oficial del Ayuntamiento de Caudete (Albacete)","robots":{"index":"index","follow":"follow","max-snippet":"max-snippet:-1","max-image-preview":"max-image-preview:large","max-video-preview":"max-video-preview:-1"},"canonical":"https:\/\/www.caudete.org\/ayuntamiento\/por-unas-fiestas-seguras-responsables-y-libres-de-agresiones-sexistas\/","og_locale":"es_ES","og_type":"article","og_title":"Por unas Fiestas seguras, responsables y libres de agresiones sexistas - MI Ayuntamiento de Caudete","og_description":"P\u00e1gina Oficial del Ayuntamiento de Caudete (Albacete)","og_url":"https:\/\/www.caudete.org\/ayuntamiento\/por-unas-fiestas-seguras-responsables-y-libres-de-agresiones-sexistas\/","og_site_name":"MI Ayuntamiento de Caudete","article_publisher":"https:\/\/www.facebook.com\/ayuntamientocaudete\/","article_published_time":"2026-09-03T07:04:40+00:00","og_image":[{"width":1000,"height":563,"url":"https:\/\/www.caudete.org\/ayuntamiento\/wp-content\/uploads\/2026\/09\/campana-sanidad-fiestas-2026.webp","type":"image\/webp"}],"author":"Dpto Informatica MI Ayuntamiento de Caudete","twitter_card":"summary_large_image","twitter_misc":{"Escrito por":"Dpto Informatica MI Ayuntamiento de Caudete","Tiempo de lectura":"2 minutos"},"schema":{"@context":"https:\/\/schema.org","@graph":[{"@type":"Article","@id":"https:\/\/www.caudete.org\/ayuntamiento\/por-unas-fiestas-seguras-responsables-y-libres-de-agresiones-sexistas\/#article","isPartOf":{"@id":"https:\/\/www.caudete.org\/ayuntamiento\/por-unas-fiestas-seguras-responsables-y-libres-de-agresiones-sexistas\/"},"author":{"name":"Dpto Informatica MI Ayuntamiento de Caudete","@id":"https:\/\/www.caudete.org\/ayuntamiento\/#\/schema\/person\/4b9eab41761957db9b1bf9c418d1ef46"},"headline":"Por unas Fiestas seguras, responsables y libres de agresiones sexistas","datePublished":"2026-09-03T07:04:40+00:00","mainEntityOfPage":{"@id":"https:\/\/www.caudete.org\/ayuntamiento\/por-unas-fiestas-seguras-responsables-y-libres-de-agresiones-sexistas\/"},"wordCount":303,"image":{"@id":"https:\/\/www.caudete.org\/ayuntamiento\/por-unas-fiestas-seguras-responsables-y-libres-de-agresiones-sexistas\/#primaryimage"},"thumbnailUrl":"https:\/\/www.caudete.org\/ayuntamiento\/wp-content\/uploads\/2026\/09\/campana-sanidad-fiestas-2026.webp","articleSection":["Igualdad Social","Sanidad"],"inLanguage":"es"},{"@type":"WebPage","@id":"https:\/\/www.caudete.org\/ayuntamiento\/por-unas-fiestas-seguras-responsables-y-libres-de-agresiones-sexistas\/","url":"https:\/\/www.caudete.org\/ayuntamiento\/por-unas-fiestas-seguras-responsables-y-libres-de-agresiones-sexistas\/","name":"Por unas Fiestas seguras, responsables y libres de agresiones sexistas - MI Ayuntamiento de Caudete","isPartOf":{"@id":"https:\/\/www.caudete.org\/ayuntamiento\/#website"},"primaryImageOfPage":{"@id":"https:\/\/www.caudete.org\/ayuntamiento\/por-unas-fiestas-seguras-responsables-y-libres-de-agresiones-sexistas\/#primaryimage"},"image":{"@id":"https:\/\/www.caudete.org\/ayuntamiento\/por-unas-fiestas-seguras-responsables-y-libres-de-agresiones-sexistas\/#primaryimage"},"thumbnailUrl":"https:\/\/www.caudete.org\/ayuntamiento\/wp-content\/uploads\/2026\/09\/campana-sanidad-fiestas-2026.webp","datePublished":"2026-09-03T07:04:40+00:00","author":{"@id":"https:\/\/www.caudete.org\/ayuntamiento\/#\/schema\/person\/4b9eab41761957db9b1bf9c418d1ef46"},"description":"P\u00e1gina Oficial del Ayuntamiento de Caudete (Albacete)","breadcrumb":{"@id":"https:\/\/www.caudete.org\/ayuntamiento\/por-unas-fiestas-seguras-responsables-y-libres-de-agresiones-sexistas\/#breadcrumb"},"inLanguage":"es","potentialAction":[{"@type":"ReadAction","target":["https:\/\/www.caudete.org\/ayuntamiento\/por-unas-fiestas-seguras-responsables-y-libres-de-agresiones-sexistas\/"]}]},{"@type":"ImageObject","inLanguage":"es","@id":"https:\/\/www.caudete.org\/ayuntamiento\/por-unas-fiestas-seguras-responsables-y-libres-de-agresiones-sexistas\/#primaryimage","url":"https:\/\/www.caudete.org\/ayuntamiento\/wp-content\/uploads\/2026\/09\/campana-sanidad-fiestas-2026.webp","contentUrl":"https:\/\/www.caudete.org\/ayuntamiento\/wp-content\/uploads\/2026\/09\/campana-sanidad-fiestas-2026.webp","width":1000,"height":563},{"@type":"BreadcrumbList","@id":"https:\/\/www.caudete.org\/ayuntamiento\/por-unas-fiestas-seguras-responsables-y-libres-de-agresiones-sexistas\/#breadcrumb","itemListElement":[{"@type":"ListItem","position":1,"name":"Inicio","item":"https:\/\/www.caudete.org\/ayuntamiento\/"},{"@type":"ListItem","position":2,"name":"Por unas Fiestas seguras, responsables y libres de agresiones sexistas"}]},{"@type":"WebSite","@id":"https:\/\/www.caudete.org\/ayuntamiento\/#website","url":"https:\/\/www.caudete.org\/ayuntamiento\/","name":"MI Ayuntamiento de Caudete","description":"P\u00e1gina Oficial del MI Ayuntamiento de Caudete","potentialAction":[{"@type":"SearchAction","target":{"@type":"EntryPoint","urlTemplate":"https:\/\/www.caudete.org\/ayuntamiento\/?s={search_term_string}"},"query-input":{"@type":"PropertyValueSpecification","valueRequired":true,"valueName":"search_term_string"}}],"inLanguage":"es"},{"@type":"Person","@id":"https:\/\/www.caudete.org\/ayuntamiento\/#\/schema\/person\/4b9eab41761957db9b1bf9c418d1ef46","name":"Dpto Informatica MI Ayuntamiento de Caudete","image":{"@type":"ImageObject","inLanguage":"es","@id":"https:\/\/secure.gravatar.com\/avatar\/ac0321ee4a0a83e82a253e7b2d348ef539e2c8fe16d06b600bde04de1b364fa7?s=96&d=mm&r=g","url":"https:\/\/secure.gravatar.com\/avatar\/ac0321ee4a0a83e82a253e7b2d348ef539e2c8fe16d06b600bde04de1b364fa7?s=96&d=mm&r=g","contentUrl":"https:\/\/secure.gravatar.com\/avatar\/ac0321ee4a0a83e82a253e7b2d348ef539e2c8fe16d06b600bde04de1b364fa7?s=96&d=mm&r=g","caption":"Dpto Informatica MI Ayuntamiento de Caudete"},"url":"https:\/\/www.caudete.org\/ayuntamiento\/author\/informatica\/"}]}},"_links":{"self":[{"href":"https:\/\/www.caudete.org\/ayuntamiento\/wp-json\/wp\/v2\/posts\/36930","targetHints":{"allow":["GET"]}}],"collection":[{"href":"https:\/\/www.caudete.org\/ayuntamiento\/wp-json\/wp\/v2\/posts"}],"about":[{"href":"https:\/\/www.caudete.org\/ayuntamiento\/wp-json\/wp\/v2\/types\/post"}],"author":[{"embeddable":true,"href":"https:\/\/www.caudete.org\/ayuntamiento\/wp-json\/wp\/v2\/users\/5"}],"replies":[{"embeddable":true,"href":"https:\/\/www.caudete.org\/ayuntamiento\/wp-json\/wp\/v2\/comments?post=36930"}],"version-history":[{"count":1,"href":"https:\/\/www.caudete.org\/ayuntamiento\/wp-json\/wp\/v2\/posts\/36930\/revisions"}],"predecessor-version":[{"id":36935,"href":"https:\/\/www.caudete.org\/ayuntamiento\/wp-json\/wp\/v2\/posts\/36930\/revisions\/36935"}],"wp:featuredmedia":[{"embeddable":true,"href":"https:\/\/www.caudete.org\/ayuntamiento\/wp-json\/wp\/v2\/media\/36932"}],"wp:attachment":[{"href":"https:\/\/www.caudete.org\/ayuntamiento\/wp-json\/wp\/v2\/media?parent=36930"}],"wp:term":[{"taxonomy":"category","embeddable":true,"href":"https:\/\/www.caudete.org\/ayuntamiento\/wp-json\/wp\/v2\/categories?post=36930"},{"taxonomy":"post_tag","embeddable":true,"href":"https:\/\/www.caudete.org\/ayuntamiento\/wp-json\/wp\/v2\/tags?post=36930"}],"curies":[{"name":"wp","href":"https:\/\/api.w.org\/{rel}","templated":true}]}}