{"id":36938,"date":"2026-09-03T17:39:20","date_gmt":"2026-09-03T15:39:20","guid":{"rendered":"https:\/\/www.caudete.org\/ayuntamiento\/?p=36938"},"modified":"2026-09-03T17:41:42","modified_gmt":"2026-09-03T15:41:42","slug":"caudete-participa-en-alaquas-en-la-tradicional-prova-de-veu-de-langel-del-canto-de-la-carxofa","status":"publish","type":"post","link":"https:\/\/www.caudete.org\/ayuntamiento\/caudete-participa-en-alaquas-en-la-tradicional-prova-de-veu-de-langel-del-canto-de-la-carxofa\/","title":{"rendered":"Caudete participa en Alaqu\u00e0s en la tradicional \u00abProva de veu de l\u2019\u00c0ngel\u00bb del Canto de la Carxofa"},"content":{"rendered":"<p style=\"text-align: justify;\" data-start=\"102\" data-end=\"432\">El p\u00e1rroco de Caudete, <strong data-start=\"125\" data-end=\"146\">D. Antonio Graci\u00e1<\/strong>, y el concejal de Fiestas y Relaciones Institucionales, <strong data-start=\"203\" data-end=\"223\">Francisco Medina<\/strong>, participaron en Alaqu\u00e0s, invitados por el Ayuntamiento del municipio valenciano y por la <strong data-start=\"314\" data-end=\"382\">Asociaci\u00f3n de Amigos y Amigas del Canto de la Carxofa de Alaqu\u00e0s<\/strong>, en la tradicional <strong data-start=\"402\" data-end=\"431\">\u00abProva de veu de l\u2019\u00c0ngel\u00bb<\/strong>.<\/p>\n<p style=\"text-align: justify;\" data-start=\"434\" data-end=\"761\">El acto tuvo lugar en el <strong data-start=\"459\" data-end=\"501\">Claustro G\u00f3tico del Castell de Alaqu\u00e0s<\/strong>, donde se llev\u00f3 a cabo la selecci\u00f3n de las voces que protagonizar\u00e1n el tradicional <strong data-start=\"585\" data-end=\"608\">Canto de la Carxofa<\/strong> durante las pr\u00f3ximas Fiestas Mayores de Alaqu\u00e0s, en honor a la <strong data-start=\"672\" data-end=\"726\">Mare de D\u00e9u de l\u2019Olivar y el Crist de la Bona Mort<\/strong>, los d\u00edas <strong data-start=\"737\" data-end=\"760\">8 y 9 de septiembre<\/strong>.<\/p>\n<p style=\"text-align: justify;\" data-start=\"763\" data-end=\"946\">En esta ocasi\u00f3n, una ni\u00f1a y un ni\u00f1o fueron elegidos para interpretar este emotivo canto, manteniendo viva una tradici\u00f3n de gran valor cultural y religioso para los vecinos de Alaqu\u00e0s.<\/p>\n<p style=\"text-align: justify;\" data-start=\"948\" data-end=\"1122\">El acto estuvo organizado conjuntamente por el <strong data-start=\"995\" data-end=\"1121\">Ayuntamiento de Alaqu\u00e0s, la Asociaci\u00f3n de Amigos y Amigas del Canto de la Carxofa de Alaqu\u00e0s y la Uni\u00f3n Musical de Alaqu\u00e0s<\/strong>.<\/p>\n<p style=\"text-align: justify;\" data-start=\"1124\" data-end=\"1457\">Durante la jornada, el p\u00e1rroco y el concejal caudetano estuvieron acompa\u00f1ados por el <strong data-start=\"1209\" data-end=\"1246\">alcalde de Alaqu\u00e0s, Antonio Saura<\/strong>, la <strong data-start=\"1251\" data-end=\"1327\">concejala de Cultura y presidenta de la Asociaci\u00f3n, Mar\u00eda Alfonso Garc\u00eda<\/strong>, y <strong data-start=\"1331\" data-end=\"1344\">Paco Pons<\/strong>, compartiendo un encuentro que permiti\u00f3 estrechar los lazos institucionales y culturales entre ambos municipios.<\/p>\n<p style=\"text-align: justify;\" data-start=\"1459\" data-end=\"1756\" data-is-last-node=\"\" data-is-only-node=\"\">Desde la <strong data-start=\"1468\" data-end=\"1550\">Concejal\u00eda de Fiestas y Relaciones Institucionales del Ayuntamiento de Caudete<\/strong>, Francisco Medina ha querido agradecer la invitaci\u00f3n y destacar la importancia de participar y conocer de primera mano tradiciones que forman parte del patrimonio cultural y festivo de nuestros municipios.<\/p>\n","protected":false},"excerpt":{"rendered":"<p>El p\u00e1rroco de Caudete, D. Antonio Graci\u00e1, y el concejal de Fiestas y Relaciones Institucionales, Francisco Medina, participaron en Alaqu\u00e0s, invitados por el Ayuntamiento del municipio valenciano y por la Asociaci\u00f3n de Amigos y Amigas del Canto de la Carxofa de Alaqu\u00e0s, en la tradicional \u00abProva de veu de l\u2019\u00c0ngel\u00bb. El acto tuvo lugar en &hellip;<\/p>\n","protected":false},"author":5,"featured_media":36939,"comment_status":"closed","ping_status":"open","sticky":false,"template":"","format":"standard","meta":{"ngg_post_thumbnail":0,"footnotes":""},"categories":[31,962],"tags":[],"class_list":["post-36938","post","type-post","status-publish","format-standard","has-post-thumbnail","hentry","category-fiestas","category-relaciones-institucionales-2"],"yoast_head":"<!-- This site is optimized with the Yoast SEO plugin v28.4 - https:\/\/yoast.com\/product\/yoast-seo-wordpress\/ -->\n<title>Caudete participa en Alaqu\u00e0s en la tradicional \u00abProva de veu de l\u2019\u00c0ngel\u00bb del Canto de la Carxofa - MI Ayuntamiento de Caudete<\/title>\n<meta name=\"description\" content=\"P\u00e1gina Oficial del Ayuntamiento de Caudete (Albacete)\" \/>\n<meta name=\"robots\" content=\"index, follow, max-snippet:-1, max-image-preview:large, max-video-preview:-1\" \/>\n<link rel=\"canonical\" href=\"https:\/\/www.caudete.org\/ayuntamiento\/caudete-participa-en-alaquas-en-la-tradicional-prova-de-veu-de-langel-del-canto-de-la-carxofa\/\" \/>\n<meta property=\"og:locale\" content=\"es_ES\" \/>\n<meta property=\"og:type\" content=\"article\" \/>\n<meta property=\"og:title\" content=\"Caudete participa en Alaqu\u00e0s en la tradicional \u00abProva de veu de l\u2019\u00c0ngel\u00bb del Canto de la Carxofa - MI Ayuntamiento de Caudete\" \/>\n<meta property=\"og:description\" content=\"P\u00e1gina Oficial del Ayuntamiento de Caudete (Albacete)\" \/>\n<meta property=\"og:url\" content=\"https:\/\/www.caudete.org\/ayuntamiento\/caudete-participa-en-alaquas-en-la-tradicional-prova-de-veu-de-langel-del-canto-de-la-carxofa\/\" \/>\n<meta property=\"og:site_name\" content=\"MI Ayuntamiento de Caudete\" \/>\n<meta property=\"article:publisher\" content=\"https:\/\/www.facebook.com\/ayuntamientocaudete\/\" \/>\n<meta property=\"article:published_time\" content=\"2026-09-03T15:39:20+00:00\" \/>\n<meta property=\"article:modified_time\" content=\"2026-09-03T15:41:42+00:00\" \/>\n<meta property=\"og:image\" content=\"https:\/\/www.caudete.org\/ayuntamiento\/wp-content\/uploads\/2026\/09\/Alaquas.jpg\" \/>\n\t<meta property=\"og:image:width\" content=\"1000\" \/>\n\t<meta property=\"og:image:height\" content=\"559\" \/>\n\t<meta property=\"og:image:type\" content=\"image\/jpeg\" \/>\n<meta name=\"author\" content=\"Dpto Informatica MI Ayuntamiento de Caudete\" \/>\n<meta name=\"twitter:card\" content=\"summary_large_image\" \/>\n<meta name=\"twitter:label1\" content=\"Escrito por\" \/>\n\t<meta name=\"twitter:data1\" content=\"Dpto Informatica MI Ayuntamiento de Caudete\" \/>\n\t<meta name=\"twitter:label2\" content=\"Tiempo de lectura\" \/>\n\t<meta name=\"twitter:data2\" content=\"2 minutos\" \/>\n<script type=\"application\/ld+json\" class=\"yoast-schema-graph\">{\"@context\":\"https:\\\/\\\/schema.org\",\"@graph\":[{\"@type\":\"Article\",\"@id\":\"https:\\\/\\\/www.caudete.org\\\/ayuntamiento\\\/caudete-participa-en-alaquas-en-la-tradicional-prova-de-veu-de-langel-del-canto-de-la-carxofa\\\/#article\",\"isPartOf\":{\"@id\":\"https:\\\/\\\/www.caudete.org\\\/ayuntamiento\\\/caudete-participa-en-alaquas-en-la-tradicional-prova-de-veu-de-langel-del-canto-de-la-carxofa\\\/\"},\"author\":{\"name\":\"Dpto Informatica MI Ayuntamiento de Caudete\",\"@id\":\"https:\\\/\\\/www.caudete.org\\\/ayuntamiento\\\/#\\\/schema\\\/person\\\/4b9eab41761957db9b1bf9c418d1ef46\"},\"headline\":\"Caudete participa en Alaqu\u00e0s en la tradicional \u00abProva de veu de l\u2019\u00c0ngel\u00bb del Canto de la Carxofa\",\"datePublished\":\"2026-09-03T15:39:20+00:00\",\"dateModified\":\"2026-09-03T15:41:42+00:00\",\"mainEntityOfPage\":{\"@id\":\"https:\\\/\\\/www.caudete.org\\\/ayuntamiento\\\/caudete-participa-en-alaquas-en-la-tradicional-prova-de-veu-de-langel-del-canto-de-la-carxofa\\\/\"},\"wordCount\":307,\"image\":{\"@id\":\"https:\\\/\\\/www.caudete.org\\\/ayuntamiento\\\/caudete-participa-en-alaquas-en-la-tradicional-prova-de-veu-de-langel-del-canto-de-la-carxofa\\\/#primaryimage\"},\"thumbnailUrl\":\"https:\\\/\\\/www.caudete.org\\\/ayuntamiento\\\/wp-content\\\/uploads\\\/2026\\\/09\\\/Alaquas.jpg\",\"articleSection\":[\"Fiestas\",\"Relaciones institucionales\"],\"inLanguage\":\"es\"},{\"@type\":\"WebPage\",\"@id\":\"https:\\\/\\\/www.caudete.org\\\/ayuntamiento\\\/caudete-participa-en-alaquas-en-la-tradicional-prova-de-veu-de-langel-del-canto-de-la-carxofa\\\/\",\"url\":\"https:\\\/\\\/www.caudete.org\\\/ayuntamiento\\\/caudete-participa-en-alaquas-en-la-tradicional-prova-de-veu-de-langel-del-canto-de-la-carxofa\\\/\",\"name\":\"Caudete participa en Alaqu\u00e0s en la tradicional \u00abProva de veu de l\u2019\u00c0ngel\u00bb del Canto de la Carxofa - MI Ayuntamiento de Caudete\",\"isPartOf\":{\"@id\":\"https:\\\/\\\/www.caudete.org\\\/ayuntamiento\\\/#website\"},\"primaryImageOfPage\":{\"@id\":\"https:\\\/\\\/www.caudete.org\\\/ayuntamiento\\\/caudete-participa-en-alaquas-en-la-tradicional-prova-de-veu-de-langel-del-canto-de-la-carxofa\\\/#primaryimage\"},\"image\":{\"@id\":\"https:\\\/\\\/www.caudete.org\\\/ayuntamiento\\\/caudete-participa-en-alaquas-en-la-tradicional-prova-de-veu-de-langel-del-canto-de-la-carxofa\\\/#primaryimage\"},\"thumbnailUrl\":\"https:\\\/\\\/www.caudete.org\\\/ayuntamiento\\\/wp-content\\\/uploads\\\/2026\\\/09\\\/Alaquas.jpg\",\"datePublished\":\"2026-09-03T15:39:20+00:00\",\"dateModified\":\"2026-09-03T15:41:42+00:00\",\"author\":{\"@id\":\"https:\\\/\\\/www.caudete.org\\\/ayuntamiento\\\/#\\\/schema\\\/person\\\/4b9eab41761957db9b1bf9c418d1ef46\"},\"description\":\"P\u00e1gina Oficial del Ayuntamiento de Caudete (Albacete)\",\"breadcrumb\":{\"@id\":\"https:\\\/\\\/www.caudete.org\\\/ayuntamiento\\\/caudete-participa-en-alaquas-en-la-tradicional-prova-de-veu-de-langel-del-canto-de-la-carxofa\\\/#breadcrumb\"},\"inLanguage\":\"es\",\"potentialAction\":[{\"@type\":\"ReadAction\",\"target\":[\"https:\\\/\\\/www.caudete.org\\\/ayuntamiento\\\/caudete-participa-en-alaquas-en-la-tradicional-prova-de-veu-de-langel-del-canto-de-la-carxofa\\\/\"]}]},{\"@type\":\"ImageObject\",\"inLanguage\":\"es\",\"@id\":\"https:\\\/\\\/www.caudete.org\\\/ayuntamiento\\\/caudete-participa-en-alaquas-en-la-tradicional-prova-de-veu-de-langel-del-canto-de-la-carxofa\\\/#primaryimage\",\"url\":\"https:\\\/\\\/www.caudete.org\\\/ayuntamiento\\\/wp-content\\\/uploads\\\/2026\\\/09\\\/Alaquas.jpg\",\"contentUrl\":\"https:\\\/\\\/www.caudete.org\\\/ayuntamiento\\\/wp-content\\\/uploads\\\/2026\\\/09\\\/Alaquas.jpg\",\"width\":1000,\"height\":559},{\"@type\":\"BreadcrumbList\",\"@id\":\"https:\\\/\\\/www.caudete.org\\\/ayuntamiento\\\/caudete-participa-en-alaquas-en-la-tradicional-prova-de-veu-de-langel-del-canto-de-la-carxofa\\\/#breadcrumb\",\"itemListElement\":[{\"@type\":\"ListItem\",\"position\":1,\"name\":\"Inicio\",\"item\":\"https:\\\/\\\/www.caudete.org\\\/ayuntamiento\\\/\"},{\"@type\":\"ListItem\",\"position\":2,\"name\":\"Caudete participa en Alaqu\u00e0s en la tradicional \u00abProva de veu de l\u2019\u00c0ngel\u00bb del Canto de la Carxofa\"}]},{\"@type\":\"WebSite\",\"@id\":\"https:\\\/\\\/www.caudete.org\\\/ayuntamiento\\\/#website\",\"url\":\"https:\\\/\\\/www.caudete.org\\\/ayuntamiento\\\/\",\"name\":\"MI Ayuntamiento de Caudete\",\"description\":\"P\u00e1gina Oficial del MI Ayuntamiento de Caudete\",\"potentialAction\":[{\"@type\":\"SearchAction\",\"target\":{\"@type\":\"EntryPoint\",\"urlTemplate\":\"https:\\\/\\\/www.caudete.org\\\/ayuntamiento\\\/?s={search_term_string}\"},\"query-input\":{\"@type\":\"PropertyValueSpecification\",\"valueRequired\":true,\"valueName\":\"search_term_string\"}}],\"inLanguage\":\"es\"},{\"@type\":\"Person\",\"@id\":\"https:\\\/\\\/www.caudete.org\\\/ayuntamiento\\\/#\\\/schema\\\/person\\\/4b9eab41761957db9b1bf9c418d1ef46\",\"name\":\"Dpto Informatica MI Ayuntamiento de Caudete\",\"image\":{\"@type\":\"ImageObject\",\"inLanguage\":\"es\",\"@id\":\"https:\\\/\\\/secure.gravatar.com\\\/avatar\\\/ac0321ee4a0a83e82a253e7b2d348ef539e2c8fe16d06b600bde04de1b364fa7?s=96&d=mm&r=g\",\"url\":\"https:\\\/\\\/secure.gravatar.com\\\/avatar\\\/ac0321ee4a0a83e82a253e7b2d348ef539e2c8fe16d06b600bde04de1b364fa7?s=96&d=mm&r=g\",\"contentUrl\":\"https:\\\/\\\/secure.gravatar.com\\\/avatar\\\/ac0321ee4a0a83e82a253e7b2d348ef539e2c8fe16d06b600bde04de1b364fa7?s=96&d=mm&r=g\",\"caption\":\"Dpto Informatica MI Ayuntamiento de Caudete\"},\"url\":\"https:\\\/\\\/www.caudete.org\\\/ayuntamiento\\\/author\\\/informatica\\\/\"}]}<\/script>\n<!-- \/ Yoast SEO plugin. -->","yoast_head_json":{"title":"Caudete participa en Alaqu\u00e0s en la tradicional \u00abProva de veu de l\u2019\u00c0ngel\u00bb del Canto de la Carxofa - MI Ayuntamiento de Caudete","description":"P\u00e1gina Oficial del Ayuntamiento de Caudete (Albacete)","robots":{"index":"index","follow":"follow","max-snippet":"max-snippet:-1","max-image-preview":"max-image-preview:large","max-video-preview":"max-video-preview:-1"},"canonical":"https:\/\/www.caudete.org\/ayuntamiento\/caudete-participa-en-alaquas-en-la-tradicional-prova-de-veu-de-langel-del-canto-de-la-carxofa\/","og_locale":"es_ES","og_type":"article","og_title":"Caudete participa en Alaqu\u00e0s en la tradicional \u00abProva de veu de l\u2019\u00c0ngel\u00bb del Canto de la Carxofa - MI Ayuntamiento de Caudete","og_description":"P\u00e1gina Oficial del Ayuntamiento de Caudete (Albacete)","og_url":"https:\/\/www.caudete.org\/ayuntamiento\/caudete-participa-en-alaquas-en-la-tradicional-prova-de-veu-de-langel-del-canto-de-la-carxofa\/","og_site_name":"MI Ayuntamiento de Caudete","article_publisher":"https:\/\/www.facebook.com\/ayuntamientocaudete\/","article_published_time":"2026-09-03T15:39:20+00:00","article_modified_time":"2026-09-03T15:41:42+00:00","og_image":[{"width":1000,"height":559,"url":"https:\/\/www.caudete.org\/ayuntamiento\/wp-content\/uploads\/2026\/09\/Alaquas.jpg","type":"image\/jpeg"}],"author":"Dpto Informatica MI Ayuntamiento de Caudete","twitter_card":"summary_large_image","twitter_misc":{"Escrito por":"Dpto Informatica MI Ayuntamiento de Caudete","Tiempo de lectura":"2 minutos"},"schema":{"@context":"https:\/\/schema.org","@graph":[{"@type":"Article","@id":"https:\/\/www.caudete.org\/ayuntamiento\/caudete-participa-en-alaquas-en-la-tradicional-prova-de-veu-de-langel-del-canto-de-la-carxofa\/#article","isPartOf":{"@id":"https:\/\/www.caudete.org\/ayuntamiento\/caudete-participa-en-alaquas-en-la-tradicional-prova-de-veu-de-langel-del-canto-de-la-carxofa\/"},"author":{"name":"Dpto Informatica MI Ayuntamiento de Caudete","@id":"https:\/\/www.caudete.org\/ayuntamiento\/#\/schema\/person\/4b9eab41761957db9b1bf9c418d1ef46"},"headline":"Caudete participa en Alaqu\u00e0s en la tradicional \u00abProva de veu de l\u2019\u00c0ngel\u00bb del Canto de la Carxofa","datePublished":"2026-09-03T15:39:20+00:00","dateModified":"2026-09-03T15:41:42+00:00","mainEntityOfPage":{"@id":"https:\/\/www.caudete.org\/ayuntamiento\/caudete-participa-en-alaquas-en-la-tradicional-prova-de-veu-de-langel-del-canto-de-la-carxofa\/"},"wordCount":307,"image":{"@id":"https:\/\/www.caudete.org\/ayuntamiento\/caudete-participa-en-alaquas-en-la-tradicional-prova-de-veu-de-langel-del-canto-de-la-carxofa\/#primaryimage"},"thumbnailUrl":"https:\/\/www.caudete.org\/ayuntamiento\/wp-content\/uploads\/2026\/09\/Alaquas.jpg","articleSection":["Fiestas","Relaciones institucionales"],"inLanguage":"es"},{"@type":"WebPage","@id":"https:\/\/www.caudete.org\/ayuntamiento\/caudete-participa-en-alaquas-en-la-tradicional-prova-de-veu-de-langel-del-canto-de-la-carxofa\/","url":"https:\/\/www.caudete.org\/ayuntamiento\/caudete-participa-en-alaquas-en-la-tradicional-prova-de-veu-de-langel-del-canto-de-la-carxofa\/","name":"Caudete participa en Alaqu\u00e0s en la tradicional \u00abProva de veu de l\u2019\u00c0ngel\u00bb del Canto de la Carxofa - MI Ayuntamiento de Caudete","isPartOf":{"@id":"https:\/\/www.caudete.org\/ayuntamiento\/#website"},"primaryImageOfPage":{"@id":"https:\/\/www.caudete.org\/ayuntamiento\/caudete-participa-en-alaquas-en-la-tradicional-prova-de-veu-de-langel-del-canto-de-la-carxofa\/#primaryimage"},"image":{"@id":"https:\/\/www.caudete.org\/ayuntamiento\/caudete-participa-en-alaquas-en-la-tradicional-prova-de-veu-de-langel-del-canto-de-la-carxofa\/#primaryimage"},"thumbnailUrl":"https:\/\/www.caudete.org\/ayuntamiento\/wp-content\/uploads\/2026\/09\/Alaquas.jpg","datePublished":"2026-09-03T15:39:20+00:00","dateModified":"2026-09-03T15:41:42+00:00","author":{"@id":"https:\/\/www.caudete.org\/ayuntamiento\/#\/schema\/person\/4b9eab41761957db9b1bf9c418d1ef46"},"description":"P\u00e1gina Oficial del Ayuntamiento de Caudete (Albacete)","breadcrumb":{"@id":"https:\/\/www.caudete.org\/ayuntamiento\/caudete-participa-en-alaquas-en-la-tradicional-prova-de-veu-de-langel-del-canto-de-la-carxofa\/#breadcrumb"},"inLanguage":"es","potentialAction":[{"@type":"ReadAction","target":["https:\/\/www.caudete.org\/ayuntamiento\/caudete-participa-en-alaquas-en-la-tradicional-prova-de-veu-de-langel-del-canto-de-la-carxofa\/"]}]},{"@type":"ImageObject","inLanguage":"es","@id":"https:\/\/www.caudete.org\/ayuntamiento\/caudete-participa-en-alaquas-en-la-tradicional-prova-de-veu-de-langel-del-canto-de-la-carxofa\/#primaryimage","url":"https:\/\/www.caudete.org\/ayuntamiento\/wp-content\/uploads\/2026\/09\/Alaquas.jpg","contentUrl":"https:\/\/www.caudete.org\/ayuntamiento\/wp-content\/uploads\/2026\/09\/Alaquas.jpg","width":1000,"height":559},{"@type":"BreadcrumbList","@id":"https:\/\/www.caudete.org\/ayuntamiento\/caudete-participa-en-alaquas-en-la-tradicional-prova-de-veu-de-langel-del-canto-de-la-carxofa\/#breadcrumb","itemListElement":[{"@type":"ListItem","position":1,"name":"Inicio","item":"https:\/\/www.caudete.org\/ayuntamiento\/"},{"@type":"ListItem","position":2,"name":"Caudete participa en Alaqu\u00e0s en la tradicional \u00abProva de veu de l\u2019\u00c0ngel\u00bb del Canto de la Carxofa"}]},{"@type":"WebSite","@id":"https:\/\/www.caudete.org\/ayuntamiento\/#website","url":"https:\/\/www.caudete.org\/ayuntamiento\/","name":"MI Ayuntamiento de Caudete","description":"P\u00e1gina Oficial del MI Ayuntamiento de Caudete","potentialAction":[{"@type":"SearchAction","target":{"@type":"EntryPoint","urlTemplate":"https:\/\/www.caudete.org\/ayuntamiento\/?s={search_term_string}"},"query-input":{"@type":"PropertyValueSpecification","valueRequired":true,"valueName":"search_term_string"}}],"inLanguage":"es"},{"@type":"Person","@id":"https:\/\/www.caudete.org\/ayuntamiento\/#\/schema\/person\/4b9eab41761957db9b1bf9c418d1ef46","name":"Dpto Informatica MI Ayuntamiento de Caudete","image":{"@type":"ImageObject","inLanguage":"es","@id":"https:\/\/secure.gravatar.com\/avatar\/ac0321ee4a0a83e82a253e7b2d348ef539e2c8fe16d06b600bde04de1b364fa7?s=96&d=mm&r=g","url":"https:\/\/secure.gravatar.com\/avatar\/ac0321ee4a0a83e82a253e7b2d348ef539e2c8fe16d06b600bde04de1b364fa7?s=96&d=mm&r=g","contentUrl":"https:\/\/secure.gravatar.com\/avatar\/ac0321ee4a0a83e82a253e7b2d348ef539e2c8fe16d06b600bde04de1b364fa7?s=96&d=mm&r=g","caption":"Dpto Informatica MI Ayuntamiento de Caudete"},"url":"https:\/\/www.caudete.org\/ayuntamiento\/author\/informatica\/"}]}},"_links":{"self":[{"href":"https:\/\/www.caudete.org\/ayuntamiento\/wp-json\/wp\/v2\/posts\/36938","targetHints":{"allow":["GET"]}}],"collection":[{"href":"https:\/\/www.caudete.org\/ayuntamiento\/wp-json\/wp\/v2\/posts"}],"about":[{"href":"https:\/\/www.caudete.org\/ayuntamiento\/wp-json\/wp\/v2\/types\/post"}],"author":[{"embeddable":true,"href":"https:\/\/www.caudete.org\/ayuntamiento\/wp-json\/wp\/v2\/users\/5"}],"replies":[{"embeddable":true,"href":"https:\/\/www.caudete.org\/ayuntamiento\/wp-json\/wp\/v2\/comments?post=36938"}],"version-history":[{"count":2,"href":"https:\/\/www.caudete.org\/ayuntamiento\/wp-json\/wp\/v2\/posts\/36938\/revisions"}],"predecessor-version":[{"id":36941,"href":"https:\/\/www.caudete.org\/ayuntamiento\/wp-json\/wp\/v2\/posts\/36938\/revisions\/36941"}],"wp:featuredmedia":[{"embeddable":true,"href":"https:\/\/www.caudete.org\/ayuntamiento\/wp-json\/wp\/v2\/media\/36939"}],"wp:attachment":[{"href":"https:\/\/www.caudete.org\/ayuntamiento\/wp-json\/wp\/v2\/media?parent=36938"}],"wp:term":[{"taxonomy":"category","embeddable":true,"href":"https:\/\/www.caudete.org\/ayuntamiento\/wp-json\/wp\/v2\/categories?post=36938"},{"taxonomy":"post_tag","embeddable":true,"href":"https:\/\/www.caudete.org\/ayuntamiento\/wp-json\/wp\/v2\/tags?post=36938"}],"curies":[{"name":"wp","href":"https:\/\/api.w.org\/{rel}","templated":true}]}}