{"id":36942,"date":"2026-09-03T17:54:03","date_gmt":"2026-09-03T15:54:03","guid":{"rendered":"https:\/\/www.caudete.org\/ayuntamiento\/?p=36942"},"modified":"2026-09-03T17:55:51","modified_gmt":"2026-09-03T15:55:51","slug":"medidas-de-seguridad-con-motivo-de-los-actos-de-avancarga","status":"publish","type":"post","link":"https:\/\/www.caudete.org\/ayuntamiento\/medidas-de-seguridad-con-motivo-de-los-actos-de-avancarga\/","title":{"rendered":"Medidas de seguridad con motivo de los actos de Avancarga"},"content":{"rendered":"<p style=\"text-align: justify;\" data-start=\"76\" data-end=\"254\"><strong data-start=\"76\" data-end=\"254\">El Ayuntamiento de Caudete informa de las medidas especiales de seguridad previstas con motivo de los actos de Avancarga de las Fiestas Patronales de Moros y Cristianos 2026.<\/strong><\/p>\n<p style=\"text-align: justify;\" data-start=\"256\" data-end=\"472\">Por motivos de seguridad, <strong data-start=\"282\" data-end=\"381\">el reparto de p\u00f3lvora trasladar\u00e1 su ubicaci\u00f3n habitual al aparcamiento del Cementerio Municipal<\/strong>, y se realizar\u00e1 <strong data-start=\"398\" data-end=\"471\">el viernes 4 de septiembre, durante la ma\u00f1ana y hasta las 15:00 horas<\/strong>.<\/p>\n<p style=\"text-align: justify;\" data-start=\"474\" data-end=\"707\">Asimismo, <strong data-start=\"484\" data-end=\"605\">el Cementerio Municipal permanecer\u00e1 cerrado para visitas durante la ma\u00f1ana del 4 de septiembre, hasta las 15:00 horas<\/strong>, debido al desarrollo de estas actuaciones y para garantizar la seguridad de vecinos y participantes.<\/p>\n<p style=\"text-align: justify;\" data-start=\"709\" data-end=\"896\">Desde el Ayuntamiento se recuerda que todos los festeros que participen en los actos de Avancarga deber\u00e1n <strong data-start=\"815\" data-end=\"895\">cumplir estrictamente las medidas de seguridad y los requisitos establecidos<\/strong>.<\/p>\n<p style=\"text-align: justify;\" data-start=\"898\" data-end=\"1005\">\ud83d\udeab <strong data-start=\"901\" data-end=\"1005\">No se permitir\u00e1 la participaci\u00f3n a personas en estado de embriaguez o bajo los efectos de sustancias estupefacientes.<\/strong><\/p>\n<p style=\"text-align: justify;\" data-start=\"1007\" data-end=\"1190\">\ud83d\udead <strong data-start=\"1010\" data-end=\"1082\">Est\u00e1 prohibido fumar durante el desarrollo de los actos de Avancarga<\/strong>, tanto para los participantes como para la ciudadan\u00eda en los recorridos y ubicaciones donde se desarrollen.<\/p>\n<p style=\"text-align: justify;\" data-start=\"1192\" data-end=\"1327\">Estas medidas tienen como objetivo <strong data-start=\"1227\" data-end=\"1326\">garantizar el correcto desarrollo de los actos y la seguridad de festeros, vecinos y visitantes<\/strong>.<\/p>\n<p style=\"text-align: justify;\" data-start=\"1329\" data-end=\"1462\">El Ayuntamiento agradece de antemano la <strong data-start=\"1369\" data-end=\"1412\">colaboraci\u00f3n y responsabilidad de todos<\/strong> para disfrutar de nuestras fiestas con seguridad.<\/p>\n<p style=\"text-align: center;\" data-start=\"1464\" data-end=\"1557\" data-is-last-node=\"\" data-is-only-node=\"\"><strong data-start=\"1464\" data-end=\"1512\">\u00a1Felices Fiestas de Moros y Cristianos 2026!<\/strong><br data-start=\"1512\" data-end=\"1515\"><strong data-start=\"1515\" data-end=\"1557\" data-is-last-node=\"\">\u00a1Viva Caudete y viva nuestras Fiestas!<\/strong><\/p>\n<p data-start=\"1464\" data-end=\"1557\" data-is-last-node=\"\" data-is-only-node=\"\"><a href=\"https:\/\/caudete.sedipualba.es\/tablondeanuncios\/\" target=\"_blank\" rel=\"nofollow\">Tabl\u00f3n de anuncios<\/a><\/p>\n","protected":false},"excerpt":{"rendered":"<p>El Ayuntamiento de Caudete informa de las medidas especiales de seguridad previstas con motivo de los actos de Avancarga de las Fiestas Patronales de Moros y Cristianos 2026. Por motivos de seguridad, el reparto de p\u00f3lvora trasladar\u00e1 su ubicaci\u00f3n habitual al aparcamiento del Cementerio Municipal, y se realizar\u00e1 el viernes 4 de septiembre, durante la &hellip;<\/p>\n","protected":false},"author":5,"featured_media":36805,"comment_status":"closed","ping_status":"open","sticky":false,"template":"","format":"standard","meta":{"ngg_post_thumbnail":0,"footnotes":""},"categories":[31],"tags":[],"class_list":["post-36942","post","type-post","status-publish","format-standard","has-post-thumbnail","hentry","category-fiestas"],"yoast_head":"<!-- This site is optimized with the Yoast SEO plugin v28.4 - https:\/\/yoast.com\/product\/yoast-seo-wordpress\/ -->\n<title>Medidas de seguridad con motivo de los actos de Avancarga - MI Ayuntamiento de Caudete<\/title>\n<meta name=\"description\" content=\"P\u00e1gina Oficial del Ayuntamiento de Caudete (Albacete)\" \/>\n<meta name=\"robots\" content=\"index, follow, max-snippet:-1, max-image-preview:large, max-video-preview:-1\" \/>\n<link rel=\"canonical\" href=\"https:\/\/www.caudete.org\/ayuntamiento\/medidas-de-seguridad-con-motivo-de-los-actos-de-avancarga\/\" \/>\n<meta property=\"og:locale\" content=\"es_ES\" \/>\n<meta property=\"og:type\" content=\"article\" \/>\n<meta property=\"og:title\" content=\"Medidas de seguridad con motivo de los actos de Avancarga - MI Ayuntamiento de Caudete\" \/>\n<meta property=\"og:description\" content=\"P\u00e1gina Oficial del Ayuntamiento de Caudete (Albacete)\" \/>\n<meta property=\"og:url\" content=\"https:\/\/www.caudete.org\/ayuntamiento\/medidas-de-seguridad-con-motivo-de-los-actos-de-avancarga\/\" \/>\n<meta property=\"og:site_name\" content=\"MI Ayuntamiento de Caudete\" \/>\n<meta property=\"article:publisher\" content=\"https:\/\/www.facebook.com\/ayuntamientocaudete\/\" \/>\n<meta property=\"article:published_time\" content=\"2026-09-03T15:54:03+00:00\" \/>\n<meta property=\"article:modified_time\" content=\"2026-09-03T15:55:51+00:00\" \/>\n<meta property=\"og:image\" content=\"https:\/\/www.caudete.org\/ayuntamiento\/wp-content\/uploads\/2026\/09\/guerrillas-dia-8.jpg\" \/>\n\t<meta property=\"og:image:width\" content=\"1000\" \/>\n\t<meta property=\"og:image:height\" content=\"685\" \/>\n\t<meta property=\"og:image:type\" content=\"image\/jpeg\" \/>\n<meta name=\"author\" content=\"Dpto Informatica MI Ayuntamiento de Caudete\" \/>\n<meta name=\"twitter:card\" content=\"summary_large_image\" \/>\n<meta name=\"twitter:label1\" content=\"Escrito por\" \/>\n\t<meta name=\"twitter:data1\" content=\"Dpto Informatica MI Ayuntamiento de Caudete\" \/>\n\t<meta name=\"twitter:label2\" content=\"Tiempo de lectura\" \/>\n\t<meta name=\"twitter:data2\" content=\"2 minutos\" \/>\n<script type=\"application\/ld+json\" class=\"yoast-schema-graph\">{\"@context\":\"https:\\\/\\\/schema.org\",\"@graph\":[{\"@type\":\"Article\",\"@id\":\"https:\\\/\\\/www.caudete.org\\\/ayuntamiento\\\/medidas-de-seguridad-con-motivo-de-los-actos-de-avancarga\\\/#article\",\"isPartOf\":{\"@id\":\"https:\\\/\\\/www.caudete.org\\\/ayuntamiento\\\/medidas-de-seguridad-con-motivo-de-los-actos-de-avancarga\\\/\"},\"author\":{\"name\":\"Dpto Informatica MI Ayuntamiento de Caudete\",\"@id\":\"https:\\\/\\\/www.caudete.org\\\/ayuntamiento\\\/#\\\/schema\\\/person\\\/4b9eab41761957db9b1bf9c418d1ef46\"},\"headline\":\"Medidas de seguridad con motivo de los actos de Avancarga\",\"datePublished\":\"2026-09-03T15:54:03+00:00\",\"dateModified\":\"2026-09-03T15:55:51+00:00\",\"mainEntityOfPage\":{\"@id\":\"https:\\\/\\\/www.caudete.org\\\/ayuntamiento\\\/medidas-de-seguridad-con-motivo-de-los-actos-de-avancarga\\\/\"},\"wordCount\":234,\"image\":{\"@id\":\"https:\\\/\\\/www.caudete.org\\\/ayuntamiento\\\/medidas-de-seguridad-con-motivo-de-los-actos-de-avancarga\\\/#primaryimage\"},\"thumbnailUrl\":\"https:\\\/\\\/www.caudete.org\\\/ayuntamiento\\\/wp-content\\\/uploads\\\/2026\\\/09\\\/guerrillas-dia-8.jpg\",\"articleSection\":[\"Fiestas\"],\"inLanguage\":\"es\"},{\"@type\":\"WebPage\",\"@id\":\"https:\\\/\\\/www.caudete.org\\\/ayuntamiento\\\/medidas-de-seguridad-con-motivo-de-los-actos-de-avancarga\\\/\",\"url\":\"https:\\\/\\\/www.caudete.org\\\/ayuntamiento\\\/medidas-de-seguridad-con-motivo-de-los-actos-de-avancarga\\\/\",\"name\":\"Medidas de seguridad con motivo de los actos de Avancarga - MI Ayuntamiento de Caudete\",\"isPartOf\":{\"@id\":\"https:\\\/\\\/www.caudete.org\\\/ayuntamiento\\\/#website\"},\"primaryImageOfPage\":{\"@id\":\"https:\\\/\\\/www.caudete.org\\\/ayuntamiento\\\/medidas-de-seguridad-con-motivo-de-los-actos-de-avancarga\\\/#primaryimage\"},\"image\":{\"@id\":\"https:\\\/\\\/www.caudete.org\\\/ayuntamiento\\\/medidas-de-seguridad-con-motivo-de-los-actos-de-avancarga\\\/#primaryimage\"},\"thumbnailUrl\":\"https:\\\/\\\/www.caudete.org\\\/ayuntamiento\\\/wp-content\\\/uploads\\\/2026\\\/09\\\/guerrillas-dia-8.jpg\",\"datePublished\":\"2026-09-03T15:54:03+00:00\",\"dateModified\":\"2026-09-03T15:55:51+00:00\",\"author\":{\"@id\":\"https:\\\/\\\/www.caudete.org\\\/ayuntamiento\\\/#\\\/schema\\\/person\\\/4b9eab41761957db9b1bf9c418d1ef46\"},\"description\":\"P\u00e1gina Oficial del Ayuntamiento de Caudete (Albacete)\",\"breadcrumb\":{\"@id\":\"https:\\\/\\\/www.caudete.org\\\/ayuntamiento\\\/medidas-de-seguridad-con-motivo-de-los-actos-de-avancarga\\\/#breadcrumb\"},\"inLanguage\":\"es\",\"potentialAction\":[{\"@type\":\"ReadAction\",\"target\":[\"https:\\\/\\\/www.caudete.org\\\/ayuntamiento\\\/medidas-de-seguridad-con-motivo-de-los-actos-de-avancarga\\\/\"]}]},{\"@type\":\"ImageObject\",\"inLanguage\":\"es\",\"@id\":\"https:\\\/\\\/www.caudete.org\\\/ayuntamiento\\\/medidas-de-seguridad-con-motivo-de-los-actos-de-avancarga\\\/#primaryimage\",\"url\":\"https:\\\/\\\/www.caudete.org\\\/ayuntamiento\\\/wp-content\\\/uploads\\\/2026\\\/09\\\/guerrillas-dia-8.jpg\",\"contentUrl\":\"https:\\\/\\\/www.caudete.org\\\/ayuntamiento\\\/wp-content\\\/uploads\\\/2026\\\/09\\\/guerrillas-dia-8.jpg\",\"width\":1000,\"height\":685},{\"@type\":\"BreadcrumbList\",\"@id\":\"https:\\\/\\\/www.caudete.org\\\/ayuntamiento\\\/medidas-de-seguridad-con-motivo-de-los-actos-de-avancarga\\\/#breadcrumb\",\"itemListElement\":[{\"@type\":\"ListItem\",\"position\":1,\"name\":\"Inicio\",\"item\":\"https:\\\/\\\/www.caudete.org\\\/ayuntamiento\\\/\"},{\"@type\":\"ListItem\",\"position\":2,\"name\":\"Medidas de seguridad con motivo de los actos de Avancarga\"}]},{\"@type\":\"WebSite\",\"@id\":\"https:\\\/\\\/www.caudete.org\\\/ayuntamiento\\\/#website\",\"url\":\"https:\\\/\\\/www.caudete.org\\\/ayuntamiento\\\/\",\"name\":\"MI Ayuntamiento de Caudete\",\"description\":\"P\u00e1gina Oficial del MI Ayuntamiento de Caudete\",\"potentialAction\":[{\"@type\":\"SearchAction\",\"target\":{\"@type\":\"EntryPoint\",\"urlTemplate\":\"https:\\\/\\\/www.caudete.org\\\/ayuntamiento\\\/?s={search_term_string}\"},\"query-input\":{\"@type\":\"PropertyValueSpecification\",\"valueRequired\":true,\"valueName\":\"search_term_string\"}}],\"inLanguage\":\"es\"},{\"@type\":\"Person\",\"@id\":\"https:\\\/\\\/www.caudete.org\\\/ayuntamiento\\\/#\\\/schema\\\/person\\\/4b9eab41761957db9b1bf9c418d1ef46\",\"name\":\"Dpto Informatica MI Ayuntamiento de Caudete\",\"image\":{\"@type\":\"ImageObject\",\"inLanguage\":\"es\",\"@id\":\"https:\\\/\\\/secure.gravatar.com\\\/avatar\\\/ac0321ee4a0a83e82a253e7b2d348ef539e2c8fe16d06b600bde04de1b364fa7?s=96&d=mm&r=g\",\"url\":\"https:\\\/\\\/secure.gravatar.com\\\/avatar\\\/ac0321ee4a0a83e82a253e7b2d348ef539e2c8fe16d06b600bde04de1b364fa7?s=96&d=mm&r=g\",\"contentUrl\":\"https:\\\/\\\/secure.gravatar.com\\\/avatar\\\/ac0321ee4a0a83e82a253e7b2d348ef539e2c8fe16d06b600bde04de1b364fa7?s=96&d=mm&r=g\",\"caption\":\"Dpto Informatica MI Ayuntamiento de Caudete\"},\"url\":\"https:\\\/\\\/www.caudete.org\\\/ayuntamiento\\\/author\\\/informatica\\\/\"}]}<\/script>\n<!-- \/ Yoast SEO plugin. -->","yoast_head_json":{"title":"Medidas de seguridad con motivo de los actos de Avancarga - MI Ayuntamiento de Caudete","description":"P\u00e1gina Oficial del Ayuntamiento de Caudete (Albacete)","robots":{"index":"index","follow":"follow","max-snippet":"max-snippet:-1","max-image-preview":"max-image-preview:large","max-video-preview":"max-video-preview:-1"},"canonical":"https:\/\/www.caudete.org\/ayuntamiento\/medidas-de-seguridad-con-motivo-de-los-actos-de-avancarga\/","og_locale":"es_ES","og_type":"article","og_title":"Medidas de seguridad con motivo de los actos de Avancarga - MI Ayuntamiento de Caudete","og_description":"P\u00e1gina Oficial del Ayuntamiento de Caudete (Albacete)","og_url":"https:\/\/www.caudete.org\/ayuntamiento\/medidas-de-seguridad-con-motivo-de-los-actos-de-avancarga\/","og_site_name":"MI Ayuntamiento de Caudete","article_publisher":"https:\/\/www.facebook.com\/ayuntamientocaudete\/","article_published_time":"2026-09-03T15:54:03+00:00","article_modified_time":"2026-09-03T15:55:51+00:00","og_image":[{"width":1000,"height":685,"url":"https:\/\/www.caudete.org\/ayuntamiento\/wp-content\/uploads\/2026\/09\/guerrillas-dia-8.jpg","type":"image\/jpeg"}],"author":"Dpto Informatica MI Ayuntamiento de Caudete","twitter_card":"summary_large_image","twitter_misc":{"Escrito por":"Dpto Informatica MI Ayuntamiento de Caudete","Tiempo de lectura":"2 minutos"},"schema":{"@context":"https:\/\/schema.org","@graph":[{"@type":"Article","@id":"https:\/\/www.caudete.org\/ayuntamiento\/medidas-de-seguridad-con-motivo-de-los-actos-de-avancarga\/#article","isPartOf":{"@id":"https:\/\/www.caudete.org\/ayuntamiento\/medidas-de-seguridad-con-motivo-de-los-actos-de-avancarga\/"},"author":{"name":"Dpto Informatica MI Ayuntamiento de Caudete","@id":"https:\/\/www.caudete.org\/ayuntamiento\/#\/schema\/person\/4b9eab41761957db9b1bf9c418d1ef46"},"headline":"Medidas de seguridad con motivo de los actos de Avancarga","datePublished":"2026-09-03T15:54:03+00:00","dateModified":"2026-09-03T15:55:51+00:00","mainEntityOfPage":{"@id":"https:\/\/www.caudete.org\/ayuntamiento\/medidas-de-seguridad-con-motivo-de-los-actos-de-avancarga\/"},"wordCount":234,"image":{"@id":"https:\/\/www.caudete.org\/ayuntamiento\/medidas-de-seguridad-con-motivo-de-los-actos-de-avancarga\/#primaryimage"},"thumbnailUrl":"https:\/\/www.caudete.org\/ayuntamiento\/wp-content\/uploads\/2026\/09\/guerrillas-dia-8.jpg","articleSection":["Fiestas"],"inLanguage":"es"},{"@type":"WebPage","@id":"https:\/\/www.caudete.org\/ayuntamiento\/medidas-de-seguridad-con-motivo-de-los-actos-de-avancarga\/","url":"https:\/\/www.caudete.org\/ayuntamiento\/medidas-de-seguridad-con-motivo-de-los-actos-de-avancarga\/","name":"Medidas de seguridad con motivo de los actos de Avancarga - MI Ayuntamiento de Caudete","isPartOf":{"@id":"https:\/\/www.caudete.org\/ayuntamiento\/#website"},"primaryImageOfPage":{"@id":"https:\/\/www.caudete.org\/ayuntamiento\/medidas-de-seguridad-con-motivo-de-los-actos-de-avancarga\/#primaryimage"},"image":{"@id":"https:\/\/www.caudete.org\/ayuntamiento\/medidas-de-seguridad-con-motivo-de-los-actos-de-avancarga\/#primaryimage"},"thumbnailUrl":"https:\/\/www.caudete.org\/ayuntamiento\/wp-content\/uploads\/2026\/09\/guerrillas-dia-8.jpg","datePublished":"2026-09-03T15:54:03+00:00","dateModified":"2026-09-03T15:55:51+00:00","author":{"@id":"https:\/\/www.caudete.org\/ayuntamiento\/#\/schema\/person\/4b9eab41761957db9b1bf9c418d1ef46"},"description":"P\u00e1gina Oficial del Ayuntamiento de Caudete (Albacete)","breadcrumb":{"@id":"https:\/\/www.caudete.org\/ayuntamiento\/medidas-de-seguridad-con-motivo-de-los-actos-de-avancarga\/#breadcrumb"},"inLanguage":"es","potentialAction":[{"@type":"ReadAction","target":["https:\/\/www.caudete.org\/ayuntamiento\/medidas-de-seguridad-con-motivo-de-los-actos-de-avancarga\/"]}]},{"@type":"ImageObject","inLanguage":"es","@id":"https:\/\/www.caudete.org\/ayuntamiento\/medidas-de-seguridad-con-motivo-de-los-actos-de-avancarga\/#primaryimage","url":"https:\/\/www.caudete.org\/ayuntamiento\/wp-content\/uploads\/2026\/09\/guerrillas-dia-8.jpg","contentUrl":"https:\/\/www.caudete.org\/ayuntamiento\/wp-content\/uploads\/2026\/09\/guerrillas-dia-8.jpg","width":1000,"height":685},{"@type":"BreadcrumbList","@id":"https:\/\/www.caudete.org\/ayuntamiento\/medidas-de-seguridad-con-motivo-de-los-actos-de-avancarga\/#breadcrumb","itemListElement":[{"@type":"ListItem","position":1,"name":"Inicio","item":"https:\/\/www.caudete.org\/ayuntamiento\/"},{"@type":"ListItem","position":2,"name":"Medidas de seguridad con motivo de los actos de Avancarga"}]},{"@type":"WebSite","@id":"https:\/\/www.caudete.org\/ayuntamiento\/#website","url":"https:\/\/www.caudete.org\/ayuntamiento\/","name":"MI Ayuntamiento de Caudete","description":"P\u00e1gina Oficial del MI Ayuntamiento de Caudete","potentialAction":[{"@type":"SearchAction","target":{"@type":"EntryPoint","urlTemplate":"https:\/\/www.caudete.org\/ayuntamiento\/?s={search_term_string}"},"query-input":{"@type":"PropertyValueSpecification","valueRequired":true,"valueName":"search_term_string"}}],"inLanguage":"es"},{"@type":"Person","@id":"https:\/\/www.caudete.org\/ayuntamiento\/#\/schema\/person\/4b9eab41761957db9b1bf9c418d1ef46","name":"Dpto Informatica MI Ayuntamiento de Caudete","image":{"@type":"ImageObject","inLanguage":"es","@id":"https:\/\/secure.gravatar.com\/avatar\/ac0321ee4a0a83e82a253e7b2d348ef539e2c8fe16d06b600bde04de1b364fa7?s=96&d=mm&r=g","url":"https:\/\/secure.gravatar.com\/avatar\/ac0321ee4a0a83e82a253e7b2d348ef539e2c8fe16d06b600bde04de1b364fa7?s=96&d=mm&r=g","contentUrl":"https:\/\/secure.gravatar.com\/avatar\/ac0321ee4a0a83e82a253e7b2d348ef539e2c8fe16d06b600bde04de1b364fa7?s=96&d=mm&r=g","caption":"Dpto Informatica MI Ayuntamiento de Caudete"},"url":"https:\/\/www.caudete.org\/ayuntamiento\/author\/informatica\/"}]}},"_links":{"self":[{"href":"https:\/\/www.caudete.org\/ayuntamiento\/wp-json\/wp\/v2\/posts\/36942","targetHints":{"allow":["GET"]}}],"collection":[{"href":"https:\/\/www.caudete.org\/ayuntamiento\/wp-json\/wp\/v2\/posts"}],"about":[{"href":"https:\/\/www.caudete.org\/ayuntamiento\/wp-json\/wp\/v2\/types\/post"}],"author":[{"embeddable":true,"href":"https:\/\/www.caudete.org\/ayuntamiento\/wp-json\/wp\/v2\/users\/5"}],"replies":[{"embeddable":true,"href":"https:\/\/www.caudete.org\/ayuntamiento\/wp-json\/wp\/v2\/comments?post=36942"}],"version-history":[{"count":4,"href":"https:\/\/www.caudete.org\/ayuntamiento\/wp-json\/wp\/v2\/posts\/36942\/revisions"}],"predecessor-version":[{"id":36946,"href":"https:\/\/www.caudete.org\/ayuntamiento\/wp-json\/wp\/v2\/posts\/36942\/revisions\/36946"}],"wp:attachment":[{"href":"https:\/\/www.caudete.org\/ayuntamiento\/wp-json\/wp\/v2\/media?parent=36942"}],"wp:term":[{"taxonomy":"category","embeddable":true,"href":"https:\/\/www.caudete.org\/ayuntamiento\/wp-json\/wp\/v2\/categories?post=36942"},{"taxonomy":"post_tag","embeddable":true,"href":"https:\/\/www.caudete.org\/ayuntamiento\/wp-json\/wp\/v2\/tags?post=36942"}],"curies":[{"name":"wp","href":"https:\/\/api.w.org\/{rel}","templated":true}]}}