{"id":36953,"date":"2026-09-04T07:30:36","date_gmt":"2026-09-04T05:30:36","guid":{"rendered":"https:\/\/www.caudete.org\/ayuntamiento\/?p=36953"},"modified":"2026-09-04T10:18:03","modified_gmt":"2026-09-04T08:18:03","slug":"corte-de-calles-y-de-trafico-durante-las-fiestas-patronales-de-moros-y-cristianos-2026","status":"publish","type":"post","link":"https:\/\/www.caudete.org\/ayuntamiento\/corte-de-calles-y-de-trafico-durante-las-fiestas-patronales-de-moros-y-cristianos-2026\/","title":{"rendered":"Corte de calles y de tr\u00e1fico durante las fiestas patronales de Moros y Cristianos 2026"},"content":{"rendered":"<p style=\"text-align: justify;\"><span style=\"font-size: 12pt;\">&nbsp;Vista la proximidad de las Fiestas Patronales de este municipio, durante los d\u00edas del 6 al 10 de septiembre y, ante la necesidad de regular el tr\u00e1fico durante las mismas, as\u00ed como los d\u00edas previos a \u00e9stas.<\/span><\/p>\n<p><span style=\"font-size: 12pt;\">De acuerdo al art\u00edculo 21 de la Ley 7\/1985, de 2 de abril, reguladora de las Bases del R\u00e9gimen Local, de acuerdo tambi\u00e9n al art\u00edculo 41 del Real Decreto 2568\/1986, de 28 de noviembre, por el que se aprueba el Reglamento de Organizaci\u00f3n, Funcionamiento y R\u00e9gimen Jur\u00eddico de las Entidades Locales, que dispone que \u201cel Alcalde tiene la atribuci\u00f3n de dirigir la seguridad y circulaci\u00f3n municipal\u201d y, en virtud de las competencias de los municipios en materia de seguridad en lugares p\u00fablicos y ordenaci\u00f3n del tr\u00e1fico en v\u00edas urbanas, esta Alcald\u00eda-Presidencia HA RESUELTO: <\/span><\/p>\n<p><span style=\"font-size: 12pt;\">\u00ab\u00ab\u00ab PRIMERO.- Quedar\u00e1n cortadas a la circulaci\u00f3n de veh\u00edculos y prohibido el estacionamiento (excepto entrada de vecinos a garajes): <\/span><\/p>\n<h2 style=\"text-align: justify;\"><span style=\"font-size: 12pt;\">HORARIOS Y ZONAS EN LAS QUE ESTAR\u00c1 PROHIBIDO ESTACIONAR DURANTE LOS D\u00cdAS DE FIESTAS PATRONALES (SEPTIEMBRE DE 2026)<\/span><\/h2>\n<p style=\"text-align: justify;\"><span style=\"font-family: Arial, sans-serif; font-size: 12pt;\"><i><u><b>RECINTO FERIAL<\/b><\/u><\/i><\/span><\/p>\n<p style=\"text-align: justify;\"><span style=\"font-size: 12pt;\"><i><span style=\"font-family: Arial, sans-serif;\"><b>A partir de las 06:00 hor<\/b><\/span><span style=\"font-family: Arial, sans-serif;\"><b>as del d\u00eda 28 de agosto hasta las 06:00 d<\/b><\/span><span style=\"font-family: Arial, sans-serif;\"><b>el d\u00eda 15 de <\/b><\/span><span style=\"font-family: Arial, sans-serif;\"><b>s<\/b><\/span><span style=\"font-family: Arial, sans-serif;\"><b>eptiembre <\/b><\/span><span style=\"font-family: Arial, sans-serif;\">con la instalaci\u00f3n de la Feria de Atracciones y puestos de venta ambulante, en las siguientes v\u00edas:<\/span><\/i><\/span><br \/>\n<span style=\"font-size: 12pt;\"><i><span style=\"font-family: Arial, sans-serif;\"><u><b>Calle <\/b><\/u><\/span><span style=\"font-family: Arial, sans-serif;\"><u><b>Garc\u00eda Lorca:<\/b><\/u><\/span><span style=\"font-family: Arial, sans-serif;\"> Tramo comprendido entre <\/span><span style=\"font-family: Arial, sans-serif;\">calle<\/span><span style=\"font-family: Arial, sans-serif;\"> Echegaray y <\/span><span style=\"font-family: Arial, sans-serif;\">calle<\/span><span style=\"font-family: Arial, sans-serif;\"> Miguel Hern\u00e1ndez, ambos lados.<br \/>\n<\/span><\/i><i><span style=\"font-family: Arial, sans-serif;\"><u><b>C<\/b><\/u><\/span><span style=\"font-family: Arial, sans-serif;\"><u><b>alle <\/b><\/u><\/span><span style=\"font-family: Arial, sans-serif;\"><u><b>Garc\u00eda Lorca:<\/b><\/u><\/span><span style=\"font-family: Arial, sans-serif;\"> Tramo comprendido entre <\/span><span style=\"font-family: Arial, sans-serif;\">calle<\/span><span style=\"font-family: Arial, sans-serif;\"> Miguel Hern\u00e1ndez y <\/span><span style=\"font-family: Arial, sans-serif;\">avenida<\/span><span style=\"font-family: Arial, sans-serif;\"> Juan Carlos I, ambos lados.<br \/>\n<\/span><\/i><i><span style=\"font-family: Arial, sans-serif;\"><u><b>Calle <\/b><\/u><\/span><span style=\"font-family: Arial, sans-serif;\"><u><b>Garc\u00eda Lorca:<\/b><\/u><\/span><span style=\"font-family: Arial, sans-serif;\"> Tramo comprendido entre <\/span><span style=\"font-family: Arial, sans-serif;\">avenida<\/span><span style=\"font-family: Arial, sans-serif;\"> Juan Carlos I y <\/span><span style=\"font-family: Arial, sans-serif;\">calle <\/span><span style=\"font-family: Arial, sans-serif;\">Pintor Torres Cotarelo, ambos lados.<br \/>\n<\/span><\/i><i><span style=\"font-family: Arial, sans-serif;\"><u><b>Calle<\/b><\/u><\/span><span style=\"font-family: Arial, sans-serif;\"><u><b> La Huerta:<\/b><\/u><\/span><span style=\"font-family: Arial, sans-serif;\"> Tramo comprendido entre la <\/span><span style=\"font-family: Arial, sans-serif;\">calle<\/span><span style=\"font-family: Arial, sans-serif;\"> Miguel Hern\u00e1ndez y la <\/span><span style=\"font-family: Arial, sans-serif;\">avenida<\/span><span style=\"font-family: Arial, sans-serif;\"> Juan Carlos I, ambos lados.<br \/>\n<\/span><\/i><i><span style=\"font-family: Arial, sans-serif;\"><u><b>A<\/b><\/u><\/span><span style=\"font-family: Arial, sans-serif;\"><u><b>venida<\/b><\/u><\/span><span style=\"font-family: Arial, sans-serif;\"><u><b> Juan Carlos I:<\/b><\/u><\/span><span style=\"font-family: Arial, sans-serif;\"> Tramo comprendido entre <\/span><span style=\"font-family: Arial, sans-serif;\">calle <\/span><span style=\"font-family: Arial, sans-serif;\">Antonio Machado y <\/span><span style=\"font-family: Arial, sans-serif;\">calle<\/span><span style=\"font-family: Arial, sans-serif;\"> Garc\u00eda Lorca, ambos lados.<br \/>\n<\/span><\/i><i><span style=\"font-family: Arial, sans-serif;\"><u><b>Calle<\/b><\/u><\/span><span style=\"font-family: Arial, sans-serif;\"><u><b> Miguel Hern\u00e1ndez:<\/b><\/u><\/span><span style=\"font-family: Arial, sans-serif;\"> Tramo comprendido entre C<\/span><span style=\"font-family: Arial, sans-serif;\">alle<\/span><span style=\"font-family: Arial, sans-serif;\"> Garc\u00eda Lorca y C<\/span><span style=\"font-family: Arial, sans-serif;\">alle<\/span><span style=\"font-family: Arial, sans-serif;\"> Antonio Machado, ambos lados.<\/span><\/i><\/span><\/p>\n<p style=\"text-align: justify;\"><span style=\"font-family: Arial, sans-serif; font-size: 12pt;\"><i>Desde las 08:00 horas del d\u00eda 31 de agosto hasta las 08:00 horas del d\u00eda 14 de septiembre se realizar\u00e1 el corte de tr\u00e1fico en los siguientes puntos:<\/i><\/span><br \/>\n<span style=\"font-family: Arial, sans-serif; font-size: 12pt;\"><i>\u2022 Calle Garc\u00eda Lorca intersecci\u00f3n con calle La Zafra, con el fin de impedir el acceso de veh\u00edculos a calle Garc\u00eda Lorca.<\/i><\/span><br \/>\n<span style=\"font-family: Arial, sans-serif; font-size: 12pt;\"><i>\u2022 Calle Pintor Torres Cotarelo intersecci\u00f3n con calle Atleta Antonio Amor\u00f3s, con el fin de impedir el acceso de veh\u00edculos a calle Pintor Torres Cotarelo, excepto residentes.<\/i><\/span><br \/>\n<span style=\"font-family: Arial, sans-serif; font-size: 12pt;\"><i>\u2022Calle Echegaray interesecci\u00f3n con calle Garc\u00eda Lorca, con el fin de impedir el acceso de veh\u00edculos a calle Garc\u00eda Lorca.<\/i><\/span><br \/>\n<span style=\"font-family: Arial, sans-serif; font-size: 12pt;\"><i>\u2022&nbsp;Calle Miguel Hern\u00e1ndez intersecci\u00f3n con calle Atleta Antonio Amor\u00f3s, con el fin de impedir el acceso de veh\u00edculos a calle Garc\u00eda Lorca.<\/i><\/span><br \/>\n<span style=\"font-family: Arial, sans-serif; font-size: 12pt;\"><i>\u2022 Avenida Juan Carlos I intersecci\u00f3n con calle Garc\u00eda Lorca, con el fin de impedir el acceso de veh\u00edculos a calle Garc\u00eda Lorca.<\/i><\/span><br \/>\n<span style=\"font-family: Arial, sans-serif; font-size: 12pt;\"><i>\u2022 Avenida Juan Carlos I intersecci\u00f3n con calle Antonio Machado, con el fin de impedir el acceso de veh\u00edculos a avenida Juan Carlos I.<\/i><\/span><br \/>\n<span style=\"font-family: Arial, sans-serif; font-size: 12pt;\"><i>\u2022 Calle La Huerta intersecci\u00f3n con calle Echegaray, con el fin de impedir el acceso de veh\u00edculos a calle La Huerta.<\/i><\/span><\/p>\n<h2 style=\"text-align: justify;\"><span style=\"font-family: Arial, sans-serif; font-size: 12pt;\"><i><u><b>V\u00cdAS AFECTADAS POR PROHIBICIONES DE ESTACIONAMIENTO<\/b><\/u><\/i><\/span><\/h2>\n<p style=\"text-align: justify;\"><span style=\"font-family: Arial, sans-serif; font-size: 12pt;\"><i><b>PARKING EL REAL Y V\u00cdAS ADYACENTES (Masclet\u00e0)<br \/>\n<\/b><\/i><\/span><span style=\"font-family: Arial, sans-serif; font-size: 12pt;\"><i>Desde las 14:00 horas del d\u00eda 5 de septiembre a las 18:00 horas del d\u00eda 6 de septiembre en el Parking El Real, toda la zona de aparcamiento y siguientes v\u00edas adyacentes:<br \/>\n<\/i><\/span><span style=\"font-family: Arial, sans-serif; font-size: 12pt;\"><i>Calle El Real, tramo comprendido entre la calle Doctor Mara\u00f1\u00f3n y calle General Lassala.<br \/>\n<\/i><\/span><span style=\"font-family: Arial, sans-serif; font-size: 12pt;\"><i>Calle Doctor Fleming, tramo comprendido entre la calle Juan \u00c1ngel Amor\u00f3s y calle El Real.<br \/>\n<\/i><\/span><span style=\"font-family: Arial, sans-serif; font-size: 12pt;\"><i>Avenida de las Jornetas, tramo comprendido entre la calle Sant\u00edsimo Sacramento y calle Aleixandre.<br \/>\n<\/i><\/span><span style=\"font-family: Arial, sans-serif; font-size: 12pt;\"><i>Calle Puerta de la Villa, tramo comprendido entre el n\u00famero 32 y la avenida de las Jornetas.<\/i><\/span><\/p>\n<p style=\"text-align: justify;\"><span style=\"font-family: Arial, sans-serif; font-size: 12pt;\"><i><b>PLAZA DE LA IGLESIA.<br \/>\n<\/b><\/i><\/span><span style=\"font-family: Arial, sans-serif; font-size: 12pt;\"><i>A partir de las 14:00 horas del d\u00eda 30 de agosto a las 14:00 horas del 11 de septiembre.<\/i><\/span><\/p>\n<p style=\"text-align: justify;\"><span style=\"font-family: Arial, sans-serif; font-size: 12pt;\"><i><b>PLAZA DEL CARMEN (<\/b><b>parking<\/b><b>).<br \/>\n<\/b><\/i><\/span><span style=\"font-family: Arial, sans-serif; font-size: 12pt;\"><i>A partir de las 06:00 horas del d\u00eda 5 de septiembre a las a las 14:00 horas del 11 de septiembre.<\/i><\/span><\/p>\n<p style=\"text-align: justify;\"><span style=\"font-family: Arial, sans-serif; font-size: 12pt;\"><i><b>PLAZA NUEVA.<br \/>\n<\/b><\/i><\/span><span style=\"font-family: Arial, sans-serif; font-size: 12pt;\"><i>Desde las 06:00 horas del d\u00eda 8 de septiembre a las a las 14:00 horas del d\u00eda 10 de septiembre.<\/i><\/span><\/p>\n<p style=\"text-align: justify;\"><span style=\"font-family: Arial, sans-serif; font-size: 12pt;\"><i><b>CALLE LAS ERAS (Desde la plaza Nueva a la calle San Antonio Abad).<br \/>\n<\/b><\/i><\/span><span style=\"font-family: Arial, sans-serif; font-size: 12pt;\"><i>A partir de las 06:00 horas del d\u00eda 4 de septiembre a las 14:00 horas del 11 de septiembre.<\/i><\/span><\/p>\n<p style=\"text-align: justify;\"><span style=\"font-family: Arial, sans-serif; font-size: 12pt;\"><i><b>CALLE LAS ERAS (Desde las Puertas de Valencia a la plaza Nueva).<br \/>\n<\/b><\/i><\/span><span style=\"font-family: Arial, sans-serif; font-size: 12pt;\"><i>A partir de las 06:00 horas del d\u00eda 4 de septiembre a las 14:00 horas del 11 de septiembre. <\/i><\/span><\/p>\n<p style=\"text-align: justify;\"><span style=\"font-family: Arial, sans-serif; font-size: 12pt;\"><i><b>CALLE SAN ANTONIO ABAD (Desde calle Las Eras a calle Santa B\u00e1rbara).<br \/>\n<\/b><\/i><\/span><span style=\"font-family: Arial, sans-serif; font-size: 12pt;\"><i>A partir de las 06:00 horas del d\u00eda 4 de septiembre a las 14:00 horas del 11 de septiembre.<\/i><\/span><\/p>\n<p style=\"text-align: justify;\"><span style=\"font-family: Arial, sans-serif; font-size: 12pt;\"><i><b>CALLE DEL MERCADO (Desde avenida Virgen de Gracia a calle El Molino).<br \/>\n<\/b><\/i><\/span><span style=\"font-family: Arial, sans-serif; font-size: 12pt;\"><i>A partir de las 06:00 horas del d\u00eda 4 de septiembre a las 14:00 horas del 11 de septiembre.<\/i><\/span><\/p>\n<p style=\"text-align: justify;\"><span style=\"font-family: Arial, sans-serif; font-size: 12pt;\"><i><b>CALLE LA HUERTA (Desde calle Las Eras a calle El Molino).<br \/>\n<\/b><\/i><\/span><span style=\"font-family: Arial, sans-serif; font-size: 12pt;\"><i>Desde las 14:00 horas del d\u00eda 5 de septiembre a las a las 08:00 horas del 6 de septiembre.<\/i><\/span><\/p>\n<p style=\"text-align: justify;\"><span style=\"font-family: Arial, sans-serif; font-size: 12pt;\"><i><b>CALLE ABAD\u00cdA (Desde calle Mayor a calle Santa Ana).<br \/>\n<\/b><\/i><\/span><span style=\"font-family: Arial, sans-serif; font-size: 12pt;\"><i>Desde las 06:00 horas del d\u00eda 5 de septiembre a las 14:00 horas del 11 de septiembre.<\/i><\/span><\/p>\n<p style=\"text-align: justify;\"><span style=\"font-family: Arial, sans-serif; font-size: 12pt;\"><i><b>CALLE EL MOLINO (Desde plaza del Carmen a calle Atleta Antonio Amor\u00f3s).<br \/>\n<\/b><\/i><\/span><span style=\"font-family: Arial, sans-serif; font-size: 12pt;\"><i>A partir de las 18:00 horas del d\u00eda 5 de septiembre a las 06:00 horas del 6 de septiembre.<\/i><\/span><\/p>\n<p style=\"text-align: justify;\"><span style=\"font-family: Arial, sans-serif; font-size: 12pt;\"><i><b>CALLE EL MOLINO (Desde calle Atleta Antonio Amor\u00f3s a avenida de Villena).<br \/>\n<\/b><\/i><\/span><span style=\"font-family: Arial, sans-serif; font-size: 12pt;\"><i>Desde las 06:00 horas del d\u00eda 9 de septiembre a las 06:00 horas del 10 de septiembre. <\/i><\/span><\/p>\n<p style=\"text-align: justify;\"><span style=\"font-family: Arial, sans-serif; font-size: 12pt;\"><i><b>CALLE EL MOLINO N.\u00ba 113 (Residencia de Ancianos San Juan Evangelista).<br \/>\n<\/b>Desde las 10:00 horas del d\u00eda 8 de septiembre y hasta las 14:00 horas del mismo d\u00eda.<\/i><\/span><\/p>\n<p style=\"text-align: justify;\"><span style=\"font-family: Arial, sans-serif; font-size: 12pt;\"><i><b>CALLE SAN EL\u00cdAS (Desde calle San Joaqu\u00edn a calle El \u00c1ngel).<br \/>\n<\/b><\/i><\/span><span style=\"font-family: Arial, sans-serif; font-size: 12pt;\"><i>Desde las 14:00 horas del d\u00eda 5 de septiembre a las 06:00 horas del d\u00eda 6 de septiembre.<\/i><\/span><\/p>\n<p style=\"text-align: justify;\"><span style=\"font-family: Arial, sans-serif; font-size: 12pt;\"><i><b>CALLE MAESTRO FRANCISCO SERRANO (Desde calle Santa Ana a calle El \u00c1ngel).<br \/>\n<\/b><\/i><\/span><span style=\"font-family: Arial, sans-serif; font-size: 12pt;\"><i>A partir de las 14:00 horas del d\u00eda 5 de septiembre a las 06:00 horas del d\u00eda 6 de septiembre.<\/i><\/span><\/p>\n<p style=\"text-align: justify;\"><span style=\"font-family: Arial, sans-serif; font-size: 12pt;\"><i><b>AVENIDA VIRGEN DE GRACIA (Desde calle La Zafra a calle De\u00e1n Mart\u00ednez).<br \/>\n<\/b><\/i><\/span><span style=\"font-family: Arial, sans-serif; font-size: 12pt;\"><i>A partir de las 14:00 horas del d\u00eda 4 de septiembre a las 14:00 horas del 11 de septiembre.<\/i><\/span><\/p>\n<p style=\"text-align: justify;\"><span style=\"font-family: Arial, sans-serif; font-size: 12pt;\"><i><b>CALLE LA HUERTA (Desde calle El Molino a calle Corona de Arag\u00f3n).<br \/>\n<\/b><\/i><\/span><span style=\"font-family: Arial, sans-serif; font-size: 12pt;\"><i>A partir de las 08:00 horas del d\u00eda 6 de septiembre.<\/i><\/span><\/p>\n<p style=\"text-align: justify;\"><span style=\"font-family: Arial, sans-serif; font-size: 12pt;\"><i><b>CALLE SAN JAIME. AMBOS LADOS (Desde Plaza de Toros a avenida de Valencia).<br \/>\n<\/b><\/i><\/span><span style=\"font-family: Arial, sans-serif; font-size: 12pt;\"><i>A partir de las 06:00 horas del d\u00eda 6 de septiembre a las 18:00 horas del 8 de septiembre.<\/i><\/span><\/p>\n<p style=\"text-align: justify;\"><span style=\"font-family: Arial, sans-serif; font-size: 12pt;\"><i><b>CALLE LA CRUZ. (Desde calle San Jaime a calle Jos\u00e9 Canalejas). Ambos lados.<br \/>\n<\/b><\/i><\/span><span style=\"font-family: Arial, sans-serif; font-size: 12pt;\"><i> Desde las 06:00 horas a las 22:00 horas del d\u00eda 6 de septiembre.<\/i><\/span><\/p>\n<p style=\"text-align: justify;\"><span style=\"font-family: Arial, sans-serif; font-size: 12pt;\"><i><b>CALLE CORONA DE ARAG\u00d3N (Desde calle Atleta Antonio Amor\u00f3s a calle Alcalde Luis Pascual), ambos lados.<br \/>\n<\/b><\/i><\/span><span style=\"font-family: Arial, sans-serif; font-size: 12pt;\"><i>Desde las 06:00 horas del d\u00eda 3 de septiembre a las 14:00 horas del 11 de septiembre.<\/i><\/span><\/p>\n<p style=\"text-align: justify;\"><span style=\"font-family: Arial, sans-serif; font-size: 12pt;\"><i><b>AVENIDA DE LA LIBERTAD (Desde La Cruz a avenida las Jornetas).<br \/>\n<\/b><\/i><\/span><span style=\"font-family: Arial, sans-serif; font-size: 12pt;\"><i>Desde las 06:00 horas del d\u00eda 7 de Septiembre a las 14:00 horas del d\u00eda 7 de septiembre.<\/i><\/span><\/p>\n<p style=\"text-align: justify;\"><span style=\"font-family: Arial, sans-serif; font-size: 12pt;\"><i><b>CALLE ANTONIO MACHADO (Desde calle La Zafra a calle Echegaray).<br \/>\n<\/b><\/i><\/span><span style=\"font-family: Arial, sans-serif; font-size: 12pt;\"><i>Desde las 06:00 horas del d\u00eda 9 de septiembre a las 06:00 horas del 10 de septiembre. <\/i><\/span><\/p>\n<p style=\"text-align: justify;\"><span style=\"font-family: Arial, sans-serif; font-size: 12pt;\"><i><b>CALLE LA ZAFRA (Desde Avenida de Villena a calle Dos de Mayo).<br \/>\n<\/b><\/i><\/span><span style=\"font-family: Arial, sans-serif; font-size: 12pt;\"><i>Desde las 06:00 horas del d\u00eda 9 de septiembre a las 06:00 horas del 10 de septiembre.<\/i><\/span><\/p>\n<p style=\"text-align: justify;\"><span style=\"font-family: Arial, sans-serif; font-size: 12pt;\"><i><b>CALLE ALCALDE LUIS PASCUAL (Desde calle La Zafra a calle El Molino).<br \/>\n<\/b><\/i><\/span><span style=\"font-family: Arial, sans-serif; font-size: 12pt;\"><i>A partir de las 06:00 horas del d\u00eda 9 de septiembre a las 06:00 horas del 10 de septiembre.<\/i><\/span><\/p>\n<p style=\"text-align: justify;\"><span style=\"font-family: Arial, sans-serif; font-size: 12pt;\"><i><b>PLAZA DE SAN CRIST\u00d3BAL<br \/>\n<\/b><\/i><\/span><span style=\"font-family: Arial, sans-serif; font-size: 12pt;\"><i> Desde las 06:00 horas hasta las 18:00 horas del d\u00eda 8 de septiembre.<\/i><\/span><\/p>\n<p style=\"text-align: justify;\"><span style=\"font-family: Arial, sans-serif; font-size: 12pt;\"><i><b>CALLE PARACUELLOS DE LA VEGA (Frente al edificio de Servicios Sociales).<br \/>\n<\/b><\/i><\/span><span style=\"font-family: Arial, sans-serif; font-size: 12pt;\"><i>A partir de las 08:00 del d\u00eda 7 de septiembre hasta las 15:00 horas del mismo d\u00eda.<\/i><\/span><\/p>\n<h2 style=\"text-align: center;\"><span style=\"font-family: Arial, sans-serif; font-size: 12pt;\"><i><b>CAPITAN\u00cdAS 2026<\/b><\/i><\/span><\/h2>\n<p style=\"text-align: justify;\"><span style=\"font-family: Arial, sans-serif; font-size: 12pt;\"><i><u>Prohibici\u00f3n de estacionamiento desde las 14:00 horas del d\u00eda 5 de septiembre a las 14:00 horas del 11 de septiembre en calles donde se ubican las Capitan\u00edas, en los tramos indicados abajo.<\/u><\/i><\/span><\/p>\n<p style=\"text-align: justify;\"><span style=\"font-family: Arial, sans-serif; font-size: 12pt;\"><i> Habr\u00e1 cortes intermitentes de tr\u00e1fico, seg\u00fan actos de cada Comparsa. En el periodo comprendido entre las 06:00 horas del d\u00eda 5 de septiembre a las 06:00 horas del d\u00eda 11 de septiembre, en las siguientes v\u00edas:<\/i><\/span><\/p>\n<p style=\"text-align: justify;\"><span style=\"font-family: Arial, sans-serif; font-size: 12pt;\"><i><b>Comparsa Guerreros<br \/>\n<\/b><\/i><\/span><span style=\"font-family: Arial, sans-serif; font-size: 12pt;\"><i>Calle Jos\u00e9 Ruiz ruiz n.\u00ba 24.<br \/>\n<\/i><\/span><span style=\"font-family: Arial, sans-serif; font-size: 12pt;\"><i>Prohibici\u00f3n de estacionamiento en ambos lados de la calle Jos\u00e9 Ruiz Ruiz, tramo comprendido entre la calle Garc\u00eda Lorca y calle La Huerta.<br \/>\n<\/i><\/span><span style=\"font-family: Arial, sans-serif; font-size: 12pt;\"><i>Cortes de tr\u00e1fico en calle Jos\u00e9 Ruiz Ruiz, tramo comprendido entre calle Garc\u00eda Lorca y calle La Huerta.<\/i><\/span><\/p>\n<p style=\"text-align: justify;\"><span style=\"font-family: Arial, sans-serif; font-size: 12pt;\"><i><b>Comparsa de Mirenos.<br \/>\n<\/b><\/i><\/span><span style=\"font-family: Arial, sans-serif; font-size: 12pt;\"><i>Calle El Molino n.\u00ba 31.<br \/>\n<\/i><\/span><span style=\"font-family: Arial, sans-serif; font-size: 12pt;\"><i>Prohibici\u00f3n de estacionamiento en calle El Molino, desde el n.\u00ba 27 al n.\u00ba 33.<br \/>\n<\/i><\/span><span style=\"font-family: Arial, sans-serif; font-size: 12pt;\"><i>Cortes de tr\u00e1fico en calle El Molino, tramo comprendido entre la calle Atleta Antonio Amor\u00f3s y calle Alcalde Luis Pascual: ambos sentidos de circulaci\u00f3n.<\/i><\/span><\/p>\n<p style=\"text-align: justify;\"><span style=\"font-family: Arial, sans-serif; font-size: 12pt;\"><i><b>Comparsa de Tarik<br \/>\n<\/b><\/i><\/span><span style=\"font-family: Arial, sans-serif; font-size: 12pt;\"><i>Calle Atleta Antonio Amor\u00f3s n.\u00ba 47.<br \/>\n<\/i><\/span><span style=\"font-family: Arial, sans-serif; font-size: 12pt;\"><i>Prohibici\u00f3n de estacionamientos situados en la calle Atleta Antonio Amor\u00f3s, tramo comprendido entre los n\u00fameros 45 y la intersecci\u00f3n con calle Echegaray.<br \/>\n<\/i><\/span><span style=\"font-family: Arial, sans-serif; font-size: 12pt;\"><i>Cortes de tr\u00e1fico en calle Atleta Antonio Amor\u00f3s, tramo comprendido entre la calle la Zafra y la calle Echegaray: ambos sentidos de circulaci\u00f3n.<\/i><\/span><\/p>\n<p style=\"text-align: justify;\"><span style=\"font-family: Arial, sans-serif; font-size: 12pt;\"><i><b>Comparsa de Moros.<br \/>\n<\/b><\/i><\/span><span style=\"font-family: Arial, sans-serif; font-size: 12pt;\"><i>Calle San Vicente N.\u00ba 31.<br \/>\n<\/i><\/span><span style=\"font-family: Arial, sans-serif; font-size: 12pt;\"><i>Prohibici\u00f3n de estacionamientos situados en calle San Vicente, tramo comprendido entre la calle Padre Sirera y el n\u00famero 45 de la calle San Vicente: ambos lados.<br \/>\n<\/i><\/span><span style=\"font-family: Arial, sans-serif; font-size: 12pt;\"><i>Cortes de tr\u00e1fico en calle San Vicente, tramo comprendido entre la calle Padre Sirera y la avenida de Valencia.<\/i><\/span><\/p>\n<p style=\"text-align: justify;\"><span style=\"font-family: Arial, sans-serif; font-size: 12pt;\"><i><b>Comparsa de la Antigua.<br \/>\n<\/b><\/i><\/span><span style=\"font-family: Arial, sans-serif; font-size: 12pt;\"><i>Calle Atleta Antonio Amor\u00f3s N\u00ba 25.<br \/>\n<\/i><\/span><span style=\"font-family: Arial, sans-serif; font-size: 12pt;\"><i>Prohibici\u00f3n de estacionamientos situados en calle Atleta Antonio Amor\u00f3s, tramo comprendido entre el n\u00famero 23 hasta la intersecci\u00f3n con Corona de Arag\u00f3n.<br \/>\n<\/i><\/span><span style=\"font-family: Arial, sans-serif; font-size: 12pt;\"><i>Cortes de tr\u00e1fico en calle Atleta Antonio Amor\u00f3s, tramo comprendido entre la calle El Molino y la calle Corona de Arag\u00f3n: ambos sentidos de circulaci\u00f3n.<\/i><\/span><\/p>\n<h2 style=\"text-align: center;\"><span style=\"font-family: Arial, sans-serif; font-size: 12pt;\"><i><b>CAPITAN\u00cdAS 2027 (Enhorabuena d\u00eda 9)<\/b><\/i><\/span><\/h2>\n<p style=\"text-align: justify;\"><span style=\"font-family: Arial, sans-serif; font-size: 12pt;\"><i>Prohibici\u00f3n de estacionamiento desde las 06:00 horas del d\u00eda 9 de septiembre a las 22:00 horas del d\u00eda 10 de septiembre por \u201cFiestas Patronales\u201d en las v\u00edas abajo rese\u00f1adas.<\/i><\/span><\/p>\n<p style=\"text-align: justify;\"><span style=\"font-family: Arial, sans-serif; font-size: 12pt;\"><i>Cortes intermitentes de tr\u00e1fico, seg\u00fan actos de las diferentes Comparsas. En el periodo comprendido entre las 06:00 horas del d\u00eda 9 de septiembre a las 22:00 horas del d\u00eda 10 de septiembre en las siguientes v\u00edas:<\/i><\/span><\/p>\n<p style=\"text-align: justify;\"><span style=\"font-family: Arial, sans-serif; font-size: 12pt;\"><i><b>Comparsa Guerreros<br \/>\n<\/b><\/i><\/span><span style=\"font-family: Arial, sans-serif; font-size: 12pt;\"><i>Plaza Beato Miguel D\u00edaz.<br \/>\n<\/i><\/span><span style=\"font-family: Arial, sans-serif; font-size: 12pt;\"><i>Prohibici\u00f3n de estacionamiento en calle Miguel Hern\u00e1ndez, frente a la plaza Beato Miguel D\u00edaz.<br \/>\n<\/i><\/span><span style=\"font-family: Arial, sans-serif; font-size: 12pt;\"><i>Cortes de tr\u00e1fico en plaza Beato Miguel D\u00edaz.<\/i><\/span><\/p>\n<p style=\"text-align: justify;\"><span style=\"font-family: Arial, sans-serif; font-size: 12pt;\"><i><b>Comparsa de Mirenos.<br \/>\n<\/b><\/i><\/span><span style=\"font-family: Arial, sans-serif; font-size: 12pt;\"><i>Avenida de Villena n.\u00ba 15 (Sede Comparsa de Mirenos).<\/i><\/span><\/p>\n<p style=\"text-align: justify;\"><span style=\"font-family: Arial, sans-serif; font-size: 12pt;\"><i><b>Comparsa de Tarik<br \/>\n<\/b><\/i><\/span><span style=\"font-family: Arial, sans-serif; font-size: 12pt;\"><i>Avenida Juan Carlos I n.\u00ba 11.<br \/>\n<\/i><\/span><span style=\"font-family: Arial, sans-serif; font-size: 12pt;\"><i>Prohibici\u00f3n de estacionamiento en avenida Juan Carlos I, tramo comprendido entre la calle Alcalde Luis Pascual y el n\u00famero 13.<br \/>\n<\/i><\/span><span style=\"font-family: Arial, sans-serif; font-size: 12pt;\"><i>Cortes de tr\u00e1fico en avenida Juan Carlos I, tramo comprendido entre la calle Alcalde Luis Pascual y calle Atleta Antonio Amor\u00f3s: ambos sentidos de circulaci\u00f3n.<\/i><\/span><\/p>\n<p style=\"text-align: justify;\"><span style=\"font-family: Arial, sans-serif; font-size: 12pt;\"><i><b>Comparsa de Moros.<br \/>\n<\/b><\/i><\/span><span style=\"font-family: Arial, sans-serif; font-size: 12pt;\"><i>Calle Las Eras n.\u00ba 124.<br \/>\n<\/i><\/span><span style=\"font-family: Arial, sans-serif; font-size: 12pt;\"><i>Prohibici\u00f3n de estacionamiento en calle Las Eras, tramo comprendido entre el n.\u00ba 122 y el n.\u00ba 126.<br \/>\n<\/i><\/span><span style=\"font-family: Arial, sans-serif; font-size: 12pt;\"><i>Cortes de tr\u00e1fico en calle Las Eras, tramo comprendido entre la calle Joaqu\u00edn Pascual Fern\u00e1ndez y calle la Huerta.<\/i><\/span><\/p>\n<p style=\"text-align: justify;\"><span style=\"font-family: Arial, sans-serif; font-size: 12pt;\"><i><b>Comparsa de la Antigua.<br \/>\n<\/b><\/i><\/span><span style=\"font-family: Arial, sans-serif; font-size: 12pt;\"><i>Esquina de calle Dos de Mayo con calle La Zafra.<br \/>\n<\/i><\/span><span style=\"font-family: Arial, sans-serif; font-size: 12pt;\"><i>Estacionamientos situados en calle Dos de Mayo, desde el n\u00famero 5 a calle La Zafra n.\u00ba 5.<br \/>\n<\/i><\/span><span style=\"font-family: Arial, sans-serif; font-size: 12pt;\"><i>Cortes de tr\u00e1fico en calle Dos de Mayo, tramo comprendido entre la calle La Zafra y la calle Jos\u00e9 Ruiz Ruiz.<\/i><\/span><\/p>\n<p style=\"text-align: justify;\"><strong><span style=\"font-family: Arial, sans-serif; font-size: 12pt;\"><i>SEGUNDO.- Que, durante el desarrollo de los tradicionales desfiles y actos festeros que se llevan a cabo dentro las Fiestas Patronales, se hace necesario indicar los siguientes <u>itinerarios<\/u>:<\/i><\/span><\/strong><\/p>\n<p style=\"text-align: justify;\"><span style=\"font-family: Arial, sans-serif; font-size: 12pt;\"><i><b>D\u00eda 05\/<\/b><b>0<\/b><b>9\/20<\/b><b>2<\/b><b>6<\/b><b> \u201cRETRETA\u201d<\/b>: Plaza de la Iglesia, calle Sacramento, calle De\u00e1n Mart\u00ednez, avenida Virgen de Gracia, calle Mayor, plaza del Carmen, calle El Molino, calle La Huerta, calle Las Eras, calle San Antonio Abad, calle Santa B\u00e1rbara, calle Santa Ana, calle San Joaqu\u00edn, calle San El\u00edas, calle Maestro Francisco Serrano y calle La Abad\u00eda.<\/i><\/span><\/p>\n<p style=\"text-align: justify;\"><span style=\"font-family: Arial, sans-serif; font-size: 12pt;\"><i><b>D\u00eda 06\/09\/20<\/b><b>2<\/b><b>6<\/b><b> \u201cPASEO DE VOLANTES\u201d<\/b>: Ayuntamiento, Plaza de la Iglesia, Placeta Manuel Gil, calle De\u00e1n Mart\u00ednez, avenida Virgen de Gracia, calle Jos\u00e9 Ruiz Ruiz, calle Atleta Antonio Amor\u00f3s, calle Corona de Arag\u00f3n, calle La Huerta, calle El Molino, calle Joaqu\u00edn Pascual Fern\u00e1ndez, calle Las Eras, calle San Antonio Abad, calle Santa B\u00e1rbara, calle Santa Ana, calle Abad\u00eda y Ayuntamiento).<\/i><\/span><\/p>\n<p style=\"text-align: justify;\"><span style=\"font-family: Arial, sans-serif; font-size: 12pt;\"><i><b>D\u00eda 06\/<\/b><b>0<\/b><b>9\/20<\/b><b>2<\/b><b>6<\/b><b> \u201cENTRADA\u201d; d\u00eda 07\/<\/b><b>0<\/b><b>9\/20<\/b><b>2<\/b><b>6<\/b><b>,<\/b><b> \u201cGUERRILLAS\u201d y \u201cOFRENDA DE FLORES\u201d; y d\u00eda 08\/<\/b><b>0<\/b><b>9\/20<\/b><b>2<\/b><b>6<\/b><b>,<\/b><b> GUERRILLAS\u201d<\/b>: calle San Jaime, calle Las Eras, calle San Antonio Abad, plaza del Carmen y calle Mayor.<\/i><\/span><\/p>\n<p style=\"text-align: justify;\"><span style=\"font-family: Arial, sans-serif; font-size: 12pt;\"><i><b>D\u00eda 08\/<\/b><b>0<\/b><b>9\/20<\/b><b>2<\/b><b>6<\/b><b> \u201c<\/b><b>PROCESI\u00d3N<\/b><b>\u201d<\/b>: Plaza de la Iglesia, calle Sacramento, calle De\u00e1n Mart\u00ednez, avenida Virgen de Gracia, calle Mayor, plaza del Carmen, calle San Antonio Abad, calle Santa B\u00e1rbara, calle Santa Ana y calle La Abad\u00eda.<\/i><\/span><\/p>\n<p style=\"text-align: justify;\"><span style=\"font-family: Arial, sans-serif; font-size: 12pt;\"><i><b>D\u00eda 09\/<\/b><b>0<\/b><b>9\/20<\/b><b>2<\/b><b>6<\/b><b> \u201cENHORABUENA\u201d<\/b>: calle La Zafra, calle Alcalde Luis Pascual y calle El Molino.<\/i><\/span><\/p>\n<p style=\"text-align: justify;\"><span style=\"font-family: Arial, sans-serif; font-size: 12pt;\"><i><b>D\u00eda 10\/<\/b><b>0<\/b><b>9\/20<\/b><b>2<\/b><b>6<\/b><b> \u201cDISPARO TRACA\u201d<\/b>: Plaza de la Iglesia, calle Sacramento, calle Dean Mart\u00ednez, avenida Virgen de Gracia, calle Mayor, Plaza del Carmen, calle San Antonio Abad, calle Santa B\u00e1rbara, calle Santa Ana y calle Abad\u00eda. <\/i><\/span><\/p>\n<p style=\"text-align: justify;\"><span style=\"font-family: Arial, sans-serif; font-size: 12pt;\"><i><b>TERCERO.- <\/b>Advertir que, del cumplimento de esta Resoluci\u00f3n, quedan excluidos veh\u00edculos del Ayuntamiento, los de las Fuerzas y Cuerpos de Seguridad del Estado, los de Protecci\u00f3n Civil y los de emergencias, en el ejercicio de sus funciones. Indicar, asimismo, que los veh\u00edculos de suministros, para establecimientos comerciales, estar\u00e1n exentos del cumplimiento de lo indicado en el punto primero de la presente Resoluci\u00f3n, durante su horario de apertura.<\/i><\/span><\/p>\n<p style=\"text-align: justify;\"><span style=\"font-family: Arial, sans-serif; font-size: 12pt;\"><i><b>CUARTO.- <\/b>Dar cuenta de la presente Resoluci\u00f3n a los vecinos de Caudete mediante Bando de Alcald\u00eda, y su publicaci\u00f3n en la web municipal, haciendo constar que, el art\u00edculo 41 del Real Decreto 2568\/1986, de 28 de noviembre, por el que se aprueba el Reglamento de Organizaci\u00f3n, Funcionamiento y R\u00e9gimen Jur\u00eddico de las Entidades Locales, establece que es obligatorio el cumplimiento de los acuerdos del Ayuntamiento y que son sancionables las infracciones cometidas.\u00bb\u00bb\u00bb<\/i><\/span><\/p>\n<p style=\"text-align: center;\"><span style=\"font-size: 12pt;\"><strong><span style=\"font-family: Arial, sans-serif;\">Lo que se hace p\u00fablico para general conocimiento y cumplimiento.<\/span><\/strong><\/span><\/p>\n<p><a href=\"https:\/\/caudete.sedipualba.es\/firma\/documento.aspx?csv=A9AAARNJUDKTLKLZFEWN&amp;modo=abrir\" target=\"_blank\" rel=\"nofollow\">BANDO MUNICIPAL sobre los cortes de calles y tr\u00e1fico durante las fiestas patronales de Moros y Cristianos 2026<\/a><\/p>\n","protected":false},"excerpt":{"rendered":"<p>&nbsp;Vista la proximidad de las Fiestas Patronales de este municipio, durante los d\u00edas del 6 al 10 de septiembre y, ante la necesidad de regular el tr\u00e1fico durante las mismas, as\u00ed como los d\u00edas previos a \u00e9stas. De acuerdo al art\u00edculo 21 de la Ley 7\/1985, de 2 de abril, reguladora de las Bases del &hellip;<\/p>\n","protected":false},"author":5,"featured_media":23129,"comment_status":"closed","ping_status":"open","sticky":false,"template":"","format":"standard","meta":{"ngg_post_thumbnail":0,"footnotes":""},"categories":[20],"tags":[863],"class_list":["post-36953","post","type-post","status-publish","format-standard","has-post-thumbnail","hentry","category-ayuntamiento","tag-banner"],"yoast_head":"<!-- This site is optimized with the Yoast SEO plugin v28.4 - https:\/\/yoast.com\/product\/yoast-seo-wordpress\/ -->\n<title>Corte de calles y de tr\u00e1fico durante las fiestas patronales de Moros y Cristianos 2026 - MI Ayuntamiento de Caudete<\/title>\n<meta name=\"description\" content=\"P\u00e1gina Oficial del Ayuntamiento de Caudete (Albacete)\" \/>\n<meta name=\"robots\" content=\"index, follow, max-snippet:-1, max-image-preview:large, max-video-preview:-1\" \/>\n<link rel=\"canonical\" href=\"https:\/\/www.caudete.org\/ayuntamiento\/corte-de-calles-y-de-trafico-durante-las-fiestas-patronales-de-moros-y-cristianos-2026\/\" \/>\n<meta property=\"og:locale\" content=\"es_ES\" \/>\n<meta property=\"og:type\" content=\"article\" \/>\n<meta property=\"og:title\" content=\"Corte de calles y de tr\u00e1fico durante las fiestas patronales de Moros y Cristianos 2026 - MI Ayuntamiento de Caudete\" \/>\n<meta property=\"og:description\" content=\"P\u00e1gina Oficial del Ayuntamiento de Caudete (Albacete)\" \/>\n<meta property=\"og:url\" content=\"https:\/\/www.caudete.org\/ayuntamiento\/corte-de-calles-y-de-trafico-durante-las-fiestas-patronales-de-moros-y-cristianos-2026\/\" \/>\n<meta property=\"og:site_name\" content=\"MI Ayuntamiento de Caudete\" \/>\n<meta property=\"article:publisher\" content=\"https:\/\/www.facebook.com\/ayuntamientocaudete\/\" \/>\n<meta property=\"article:published_time\" content=\"2026-09-04T05:30:36+00:00\" \/>\n<meta property=\"article:modified_time\" content=\"2026-09-04T08:18:03+00:00\" \/>\n<meta property=\"og:image\" content=\"https:\/\/www.caudete.org\/ayuntamiento\/wp-content\/uploads\/2023\/08\/calles_decoracion_fiestas.jpg\" \/>\n\t<meta property=\"og:image:width\" content=\"700\" \/>\n\t<meta property=\"og:image:height\" content=\"394\" \/>\n\t<meta property=\"og:image:type\" content=\"image\/jpeg\" \/>\n<meta name=\"author\" content=\"Dpto Informatica MI Ayuntamiento de Caudete\" \/>\n<meta name=\"twitter:card\" content=\"summary_large_image\" \/>\n<meta name=\"twitter:label1\" content=\"Escrito por\" \/>\n\t<meta name=\"twitter:data1\" content=\"Dpto Informatica MI Ayuntamiento de Caudete\" \/>\n\t<meta name=\"twitter:label2\" content=\"Tiempo de lectura\" \/>\n\t<meta name=\"twitter:data2\" content=\"11 minutos\" \/>\n<script type=\"application\/ld+json\" class=\"yoast-schema-graph\">{\"@context\":\"https:\\\/\\\/schema.org\",\"@graph\":[{\"@type\":\"Article\",\"@id\":\"https:\\\/\\\/www.caudete.org\\\/ayuntamiento\\\/corte-de-calles-y-de-trafico-durante-las-fiestas-patronales-de-moros-y-cristianos-2026\\\/#article\",\"isPartOf\":{\"@id\":\"https:\\\/\\\/www.caudete.org\\\/ayuntamiento\\\/corte-de-calles-y-de-trafico-durante-las-fiestas-patronales-de-moros-y-cristianos-2026\\\/\"},\"author\":{\"name\":\"Dpto Informatica MI Ayuntamiento de Caudete\",\"@id\":\"https:\\\/\\\/www.caudete.org\\\/ayuntamiento\\\/#\\\/schema\\\/person\\\/4b9eab41761957db9b1bf9c418d1ef46\"},\"headline\":\"Corte de calles y de tr\u00e1fico durante las fiestas patronales de Moros y Cristianos 2026\",\"datePublished\":\"2026-09-04T05:30:36+00:00\",\"dateModified\":\"2026-09-04T08:18:03+00:00\",\"mainEntityOfPage\":{\"@id\":\"https:\\\/\\\/www.caudete.org\\\/ayuntamiento\\\/corte-de-calles-y-de-trafico-durante-las-fiestas-patronales-de-moros-y-cristianos-2026\\\/\"},\"wordCount\":2391,\"image\":{\"@id\":\"https:\\\/\\\/www.caudete.org\\\/ayuntamiento\\\/corte-de-calles-y-de-trafico-durante-las-fiestas-patronales-de-moros-y-cristianos-2026\\\/#primaryimage\"},\"thumbnailUrl\":\"https:\\\/\\\/www.caudete.org\\\/ayuntamiento\\\/wp-content\\\/uploads\\\/2023\\\/08\\\/calles_decoracion_fiestas.jpg\",\"keywords\":[\"banner\"],\"articleSection\":[\"Ayuntamiento\"],\"inLanguage\":\"es\"},{\"@type\":\"WebPage\",\"@id\":\"https:\\\/\\\/www.caudete.org\\\/ayuntamiento\\\/corte-de-calles-y-de-trafico-durante-las-fiestas-patronales-de-moros-y-cristianos-2026\\\/\",\"url\":\"https:\\\/\\\/www.caudete.org\\\/ayuntamiento\\\/corte-de-calles-y-de-trafico-durante-las-fiestas-patronales-de-moros-y-cristianos-2026\\\/\",\"name\":\"Corte de calles y de tr\u00e1fico durante las fiestas patronales de Moros y Cristianos 2026 - MI Ayuntamiento de Caudete\",\"isPartOf\":{\"@id\":\"https:\\\/\\\/www.caudete.org\\\/ayuntamiento\\\/#website\"},\"primaryImageOfPage\":{\"@id\":\"https:\\\/\\\/www.caudete.org\\\/ayuntamiento\\\/corte-de-calles-y-de-trafico-durante-las-fiestas-patronales-de-moros-y-cristianos-2026\\\/#primaryimage\"},\"image\":{\"@id\":\"https:\\\/\\\/www.caudete.org\\\/ayuntamiento\\\/corte-de-calles-y-de-trafico-durante-las-fiestas-patronales-de-moros-y-cristianos-2026\\\/#primaryimage\"},\"thumbnailUrl\":\"https:\\\/\\\/www.caudete.org\\\/ayuntamiento\\\/wp-content\\\/uploads\\\/2023\\\/08\\\/calles_decoracion_fiestas.jpg\",\"datePublished\":\"2026-09-04T05:30:36+00:00\",\"dateModified\":\"2026-09-04T08:18:03+00:00\",\"author\":{\"@id\":\"https:\\\/\\\/www.caudete.org\\\/ayuntamiento\\\/#\\\/schema\\\/person\\\/4b9eab41761957db9b1bf9c418d1ef46\"},\"description\":\"P\u00e1gina Oficial del Ayuntamiento de Caudete (Albacete)\",\"breadcrumb\":{\"@id\":\"https:\\\/\\\/www.caudete.org\\\/ayuntamiento\\\/corte-de-calles-y-de-trafico-durante-las-fiestas-patronales-de-moros-y-cristianos-2026\\\/#breadcrumb\"},\"inLanguage\":\"es\",\"potentialAction\":[{\"@type\":\"ReadAction\",\"target\":[\"https:\\\/\\\/www.caudete.org\\\/ayuntamiento\\\/corte-de-calles-y-de-trafico-durante-las-fiestas-patronales-de-moros-y-cristianos-2026\\\/\"]}]},{\"@type\":\"ImageObject\",\"inLanguage\":\"es\",\"@id\":\"https:\\\/\\\/www.caudete.org\\\/ayuntamiento\\\/corte-de-calles-y-de-trafico-durante-las-fiestas-patronales-de-moros-y-cristianos-2026\\\/#primaryimage\",\"url\":\"https:\\\/\\\/www.caudete.org\\\/ayuntamiento\\\/wp-content\\\/uploads\\\/2023\\\/08\\\/calles_decoracion_fiestas.jpg\",\"contentUrl\":\"https:\\\/\\\/www.caudete.org\\\/ayuntamiento\\\/wp-content\\\/uploads\\\/2023\\\/08\\\/calles_decoracion_fiestas.jpg\",\"width\":700,\"height\":394},{\"@type\":\"BreadcrumbList\",\"@id\":\"https:\\\/\\\/www.caudete.org\\\/ayuntamiento\\\/corte-de-calles-y-de-trafico-durante-las-fiestas-patronales-de-moros-y-cristianos-2026\\\/#breadcrumb\",\"itemListElement\":[{\"@type\":\"ListItem\",\"position\":1,\"name\":\"Inicio\",\"item\":\"https:\\\/\\\/www.caudete.org\\\/ayuntamiento\\\/\"},{\"@type\":\"ListItem\",\"position\":2,\"name\":\"Corte de calles y de tr\u00e1fico durante las fiestas patronales de Moros y Cristianos 2026\"}]},{\"@type\":\"WebSite\",\"@id\":\"https:\\\/\\\/www.caudete.org\\\/ayuntamiento\\\/#website\",\"url\":\"https:\\\/\\\/www.caudete.org\\\/ayuntamiento\\\/\",\"name\":\"MI Ayuntamiento de Caudete\",\"description\":\"P\u00e1gina Oficial del MI Ayuntamiento de Caudete\",\"potentialAction\":[{\"@type\":\"SearchAction\",\"target\":{\"@type\":\"EntryPoint\",\"urlTemplate\":\"https:\\\/\\\/www.caudete.org\\\/ayuntamiento\\\/?s={search_term_string}\"},\"query-input\":{\"@type\":\"PropertyValueSpecification\",\"valueRequired\":true,\"valueName\":\"search_term_string\"}}],\"inLanguage\":\"es\"},{\"@type\":\"Person\",\"@id\":\"https:\\\/\\\/www.caudete.org\\\/ayuntamiento\\\/#\\\/schema\\\/person\\\/4b9eab41761957db9b1bf9c418d1ef46\",\"name\":\"Dpto Informatica MI Ayuntamiento de Caudete\",\"image\":{\"@type\":\"ImageObject\",\"inLanguage\":\"es\",\"@id\":\"https:\\\/\\\/secure.gravatar.com\\\/avatar\\\/ac0321ee4a0a83e82a253e7b2d348ef539e2c8fe16d06b600bde04de1b364fa7?s=96&d=mm&r=g\",\"url\":\"https:\\\/\\\/secure.gravatar.com\\\/avatar\\\/ac0321ee4a0a83e82a253e7b2d348ef539e2c8fe16d06b600bde04de1b364fa7?s=96&d=mm&r=g\",\"contentUrl\":\"https:\\\/\\\/secure.gravatar.com\\\/avatar\\\/ac0321ee4a0a83e82a253e7b2d348ef539e2c8fe16d06b600bde04de1b364fa7?s=96&d=mm&r=g\",\"caption\":\"Dpto Informatica MI Ayuntamiento de Caudete\"},\"url\":\"https:\\\/\\\/www.caudete.org\\\/ayuntamiento\\\/author\\\/informatica\\\/\"}]}<\/script>\n<!-- \/ Yoast SEO plugin. -->","yoast_head_json":{"title":"Corte de calles y de tr\u00e1fico durante las fiestas patronales de Moros y Cristianos 2026 - MI Ayuntamiento de Caudete","description":"P\u00e1gina Oficial del Ayuntamiento de Caudete (Albacete)","robots":{"index":"index","follow":"follow","max-snippet":"max-snippet:-1","max-image-preview":"max-image-preview:large","max-video-preview":"max-video-preview:-1"},"canonical":"https:\/\/www.caudete.org\/ayuntamiento\/corte-de-calles-y-de-trafico-durante-las-fiestas-patronales-de-moros-y-cristianos-2026\/","og_locale":"es_ES","og_type":"article","og_title":"Corte de calles y de tr\u00e1fico durante las fiestas patronales de Moros y Cristianos 2026 - MI Ayuntamiento de Caudete","og_description":"P\u00e1gina Oficial del Ayuntamiento de Caudete (Albacete)","og_url":"https:\/\/www.caudete.org\/ayuntamiento\/corte-de-calles-y-de-trafico-durante-las-fiestas-patronales-de-moros-y-cristianos-2026\/","og_site_name":"MI Ayuntamiento de Caudete","article_publisher":"https:\/\/www.facebook.com\/ayuntamientocaudete\/","article_published_time":"2026-09-04T05:30:36+00:00","article_modified_time":"2026-09-04T08:18:03+00:00","og_image":[{"width":700,"height":394,"url":"https:\/\/www.caudete.org\/ayuntamiento\/wp-content\/uploads\/2023\/08\/calles_decoracion_fiestas.jpg","type":"image\/jpeg"}],"author":"Dpto Informatica MI Ayuntamiento de Caudete","twitter_card":"summary_large_image","twitter_misc":{"Escrito por":"Dpto Informatica MI Ayuntamiento de Caudete","Tiempo de lectura":"11 minutos"},"schema":{"@context":"https:\/\/schema.org","@graph":[{"@type":"Article","@id":"https:\/\/www.caudete.org\/ayuntamiento\/corte-de-calles-y-de-trafico-durante-las-fiestas-patronales-de-moros-y-cristianos-2026\/#article","isPartOf":{"@id":"https:\/\/www.caudete.org\/ayuntamiento\/corte-de-calles-y-de-trafico-durante-las-fiestas-patronales-de-moros-y-cristianos-2026\/"},"author":{"name":"Dpto Informatica MI Ayuntamiento de Caudete","@id":"https:\/\/www.caudete.org\/ayuntamiento\/#\/schema\/person\/4b9eab41761957db9b1bf9c418d1ef46"},"headline":"Corte de calles y de tr\u00e1fico durante las fiestas patronales de Moros y Cristianos 2026","datePublished":"2026-09-04T05:30:36+00:00","dateModified":"2026-09-04T08:18:03+00:00","mainEntityOfPage":{"@id":"https:\/\/www.caudete.org\/ayuntamiento\/corte-de-calles-y-de-trafico-durante-las-fiestas-patronales-de-moros-y-cristianos-2026\/"},"wordCount":2391,"image":{"@id":"https:\/\/www.caudete.org\/ayuntamiento\/corte-de-calles-y-de-trafico-durante-las-fiestas-patronales-de-moros-y-cristianos-2026\/#primaryimage"},"thumbnailUrl":"https:\/\/www.caudete.org\/ayuntamiento\/wp-content\/uploads\/2023\/08\/calles_decoracion_fiestas.jpg","keywords":["banner"],"articleSection":["Ayuntamiento"],"inLanguage":"es"},{"@type":"WebPage","@id":"https:\/\/www.caudete.org\/ayuntamiento\/corte-de-calles-y-de-trafico-durante-las-fiestas-patronales-de-moros-y-cristianos-2026\/","url":"https:\/\/www.caudete.org\/ayuntamiento\/corte-de-calles-y-de-trafico-durante-las-fiestas-patronales-de-moros-y-cristianos-2026\/","name":"Corte de calles y de tr\u00e1fico durante las fiestas patronales de Moros y Cristianos 2026 - MI Ayuntamiento de Caudete","isPartOf":{"@id":"https:\/\/www.caudete.org\/ayuntamiento\/#website"},"primaryImageOfPage":{"@id":"https:\/\/www.caudete.org\/ayuntamiento\/corte-de-calles-y-de-trafico-durante-las-fiestas-patronales-de-moros-y-cristianos-2026\/#primaryimage"},"image":{"@id":"https:\/\/www.caudete.org\/ayuntamiento\/corte-de-calles-y-de-trafico-durante-las-fiestas-patronales-de-moros-y-cristianos-2026\/#primaryimage"},"thumbnailUrl":"https:\/\/www.caudete.org\/ayuntamiento\/wp-content\/uploads\/2023\/08\/calles_decoracion_fiestas.jpg","datePublished":"2026-09-04T05:30:36+00:00","dateModified":"2026-09-04T08:18:03+00:00","author":{"@id":"https:\/\/www.caudete.org\/ayuntamiento\/#\/schema\/person\/4b9eab41761957db9b1bf9c418d1ef46"},"description":"P\u00e1gina Oficial del Ayuntamiento de Caudete (Albacete)","breadcrumb":{"@id":"https:\/\/www.caudete.org\/ayuntamiento\/corte-de-calles-y-de-trafico-durante-las-fiestas-patronales-de-moros-y-cristianos-2026\/#breadcrumb"},"inLanguage":"es","potentialAction":[{"@type":"ReadAction","target":["https:\/\/www.caudete.org\/ayuntamiento\/corte-de-calles-y-de-trafico-durante-las-fiestas-patronales-de-moros-y-cristianos-2026\/"]}]},{"@type":"ImageObject","inLanguage":"es","@id":"https:\/\/www.caudete.org\/ayuntamiento\/corte-de-calles-y-de-trafico-durante-las-fiestas-patronales-de-moros-y-cristianos-2026\/#primaryimage","url":"https:\/\/www.caudete.org\/ayuntamiento\/wp-content\/uploads\/2023\/08\/calles_decoracion_fiestas.jpg","contentUrl":"https:\/\/www.caudete.org\/ayuntamiento\/wp-content\/uploads\/2023\/08\/calles_decoracion_fiestas.jpg","width":700,"height":394},{"@type":"BreadcrumbList","@id":"https:\/\/www.caudete.org\/ayuntamiento\/corte-de-calles-y-de-trafico-durante-las-fiestas-patronales-de-moros-y-cristianos-2026\/#breadcrumb","itemListElement":[{"@type":"ListItem","position":1,"name":"Inicio","item":"https:\/\/www.caudete.org\/ayuntamiento\/"},{"@type":"ListItem","position":2,"name":"Corte de calles y de tr\u00e1fico durante las fiestas patronales de Moros y Cristianos 2026"}]},{"@type":"WebSite","@id":"https:\/\/www.caudete.org\/ayuntamiento\/#website","url":"https:\/\/www.caudete.org\/ayuntamiento\/","name":"MI Ayuntamiento de Caudete","description":"P\u00e1gina Oficial del MI Ayuntamiento de Caudete","potentialAction":[{"@type":"SearchAction","target":{"@type":"EntryPoint","urlTemplate":"https:\/\/www.caudete.org\/ayuntamiento\/?s={search_term_string}"},"query-input":{"@type":"PropertyValueSpecification","valueRequired":true,"valueName":"search_term_string"}}],"inLanguage":"es"},{"@type":"Person","@id":"https:\/\/www.caudete.org\/ayuntamiento\/#\/schema\/person\/4b9eab41761957db9b1bf9c418d1ef46","name":"Dpto Informatica MI Ayuntamiento de Caudete","image":{"@type":"ImageObject","inLanguage":"es","@id":"https:\/\/secure.gravatar.com\/avatar\/ac0321ee4a0a83e82a253e7b2d348ef539e2c8fe16d06b600bde04de1b364fa7?s=96&d=mm&r=g","url":"https:\/\/secure.gravatar.com\/avatar\/ac0321ee4a0a83e82a253e7b2d348ef539e2c8fe16d06b600bde04de1b364fa7?s=96&d=mm&r=g","contentUrl":"https:\/\/secure.gravatar.com\/avatar\/ac0321ee4a0a83e82a253e7b2d348ef539e2c8fe16d06b600bde04de1b364fa7?s=96&d=mm&r=g","caption":"Dpto Informatica MI Ayuntamiento de Caudete"},"url":"https:\/\/www.caudete.org\/ayuntamiento\/author\/informatica\/"}]}},"_links":{"self":[{"href":"https:\/\/www.caudete.org\/ayuntamiento\/wp-json\/wp\/v2\/posts\/36953","targetHints":{"allow":["GET"]}}],"collection":[{"href":"https:\/\/www.caudete.org\/ayuntamiento\/wp-json\/wp\/v2\/posts"}],"about":[{"href":"https:\/\/www.caudete.org\/ayuntamiento\/wp-json\/wp\/v2\/types\/post"}],"author":[{"embeddable":true,"href":"https:\/\/www.caudete.org\/ayuntamiento\/wp-json\/wp\/v2\/users\/5"}],"replies":[{"embeddable":true,"href":"https:\/\/www.caudete.org\/ayuntamiento\/wp-json\/wp\/v2\/comments?post=36953"}],"version-history":[{"count":5,"href":"https:\/\/www.caudete.org\/ayuntamiento\/wp-json\/wp\/v2\/posts\/36953\/revisions"}],"predecessor-version":[{"id":36958,"href":"https:\/\/www.caudete.org\/ayuntamiento\/wp-json\/wp\/v2\/posts\/36953\/revisions\/36958"}],"wp:featuredmedia":[{"embeddable":true,"href":"https:\/\/www.caudete.org\/ayuntamiento\/wp-json\/wp\/v2\/media\/23129"}],"wp:attachment":[{"href":"https:\/\/www.caudete.org\/ayuntamiento\/wp-json\/wp\/v2\/media?parent=36953"}],"wp:term":[{"taxonomy":"category","embeddable":true,"href":"https:\/\/www.caudete.org\/ayuntamiento\/wp-json\/wp\/v2\/categories?post=36953"},{"taxonomy":"post_tag","embeddable":true,"href":"https:\/\/www.caudete.org\/ayuntamiento\/wp-json\/wp\/v2\/tags?post=36953"}],"curies":[{"name":"wp","href":"https:\/\/api.w.org\/{rel}","templated":true}]}}