{"id":36960,"date":"2026-09-04T07:55:11","date_gmt":"2026-09-04T05:55:11","guid":{"rendered":"https:\/\/www.caudete.org\/ayuntamiento\/?p=36960"},"modified":"2026-09-04T13:58:11","modified_gmt":"2026-09-04T11:58:11","slug":"caudete-contara-con-una-hora-de-silencio-en-la-feria-para-hacerla-mas-inclusiva","status":"publish","type":"post","link":"https:\/\/www.caudete.org\/ayuntamiento\/caudete-contara-con-una-hora-de-silencio-en-la-feria-para-hacerla-mas-inclusiva\/","title":{"rendered":"Caudete contar\u00e1 con una \u00abHora de Silencio\u00bb en la feria para hacerla m\u00e1s inclusiva"},"content":{"rendered":"<p data-start=\"87\" data-end=\"364\">Las Concejal\u00edas de <strong data-start=\"106\" data-end=\"148\">Fiestas y Turismo y Servicios Sociales<\/strong> del Ayuntamiento de Caudete informan de que, <strong data-start=\"194\" data-end=\"249\">atendiendo a la petici\u00f3n de IntegraTEA-TDAH Caudete<\/strong>, el pr\u00f3ximo <strong data-start=\"262\" data-end=\"305\">6 de septiembre, de 21:00 a 22:00 horas<\/strong>, se llevar\u00e1 a cabo una <strong data-start=\"329\" data-end=\"363\">\u00abHora de Silencio\u00bb en la feria<\/strong>.<\/p>\n<p data-start=\"366\" data-end=\"631\">Durante esta hora, <strong data-start=\"385\" data-end=\"461\">las atracciones permanecer\u00e1n funcionando con normalidad, pero sin m\u00fasica<\/strong>, reduciendo as\u00ed los est\u00edmulos sonoros para facilitar que <strong data-start=\"519\" data-end=\"630\">los ni\u00f1os con autismo puedan disfrutar de la feria en un entorno m\u00e1s accesible y adaptado a sus necesidades<\/strong>.<\/p>\n<p data-start=\"633\" data-end=\"834\">Desde las Concejal\u00edas de <strong data-start=\"658\" data-end=\"700\">Fiestas y Turismo y Servicios Sociales<\/strong> se agradece a <strong data-start=\"715\" data-end=\"742\">IntegraTEA-TDAH Caudete<\/strong> la propuesta, as\u00ed como la colaboraci\u00f3n de los feriantes para hacer posible esta iniciativa.<\/p>\n<p style=\"text-align: center;\" data-start=\"836\" data-end=\"911\" data-is-last-node=\"\" data-is-only-node=\"\"><strong data-start=\"836\" data-end=\"911\" data-is-last-node=\"\">Porque unas fiestas para todos tambi\u00e9n son unas fiestas m\u00e1s inclusivas.<\/strong><\/p>\n<p data-start=\"836\" data-end=\"911\" data-is-last-node=\"\" data-is-only-node=\"\"><a href=\"https:\/\/www.caudete.org\/ayuntamiento\/wp-content\/uploads\/2026\/09\/PLANO-USOS-FERIA-2026.jpg\" rel='prettyPhoto'><img fetchpriority=\"high\" decoding=\"async\" class=\"alignnone size-full wp-image-36962\" src=\"https:\/\/www.caudete.org\/ayuntamiento\/wp-content\/uploads\/2026\/09\/PLANO-USOS-FERIA-2026.jpg\" alt=\"\" width=\"1000\" height=\"708\" srcset=\"https:\/\/www.caudete.org\/ayuntamiento\/wp-content\/uploads\/2026\/09\/PLANO-USOS-FERIA-2026.jpg 1000w, https:\/\/www.caudete.org\/ayuntamiento\/wp-content\/uploads\/2026\/09\/PLANO-USOS-FERIA-2026-311x220.jpg 311w, https:\/\/www.caudete.org\/ayuntamiento\/wp-content\/uploads\/2026\/09\/PLANO-USOS-FERIA-2026-768x544.jpg 768w\" sizes=\"(max-width: 1000px) 100vw, 1000px\" \/><\/a><\/p>\n","protected":false},"excerpt":{"rendered":"<p>Las Concejal\u00edas de Fiestas y Turismo y Servicios Sociales del Ayuntamiento de Caudete informan de que, atendiendo a la petici\u00f3n de IntegraTEA-TDAH Caudete, el pr\u00f3ximo 6 de septiembre, de 21:00 a 22:00 horas, se llevar\u00e1 a cabo una \u00abHora de Silencio\u00bb en la feria. Durante esta hora, las atracciones permanecer\u00e1n funcionando con normalidad, pero sin &hellip;<\/p>\n","protected":false},"author":5,"featured_media":20915,"comment_status":"closed","ping_status":"open","sticky":false,"template":"","format":"standard","meta":{"ngg_post_thumbnail":0,"footnotes":""},"categories":[31,21,43],"tags":[],"class_list":["post-36960","post","type-post","status-publish","format-standard","has-post-thumbnail","hentry","category-fiestas","category-servicios-sociales","category-turismo"],"yoast_head":"<!-- This site is optimized with the Yoast SEO plugin v28.4 - https:\/\/yoast.com\/product\/yoast-seo-wordpress\/ -->\n<title>Caudete contar\u00e1 con una \u00abHora de Silencio\u00bb en la feria para hacerla m\u00e1s inclusiva - MI Ayuntamiento de Caudete<\/title>\n<meta name=\"description\" content=\"P\u00e1gina Oficial del Ayuntamiento de Caudete (Albacete)\" \/>\n<meta name=\"robots\" content=\"index, follow, max-snippet:-1, max-image-preview:large, max-video-preview:-1\" \/>\n<link rel=\"canonical\" href=\"https:\/\/www.caudete.org\/ayuntamiento\/caudete-contara-con-una-hora-de-silencio-en-la-feria-para-hacerla-mas-inclusiva\/\" \/>\n<meta property=\"og:locale\" content=\"es_ES\" \/>\n<meta property=\"og:type\" content=\"article\" \/>\n<meta property=\"og:title\" content=\"Caudete contar\u00e1 con una \u00abHora de Silencio\u00bb en la feria para hacerla m\u00e1s inclusiva - MI Ayuntamiento de Caudete\" \/>\n<meta property=\"og:description\" content=\"P\u00e1gina Oficial del Ayuntamiento de Caudete (Albacete)\" \/>\n<meta property=\"og:url\" content=\"https:\/\/www.caudete.org\/ayuntamiento\/caudete-contara-con-una-hora-de-silencio-en-la-feria-para-hacerla-mas-inclusiva\/\" \/>\n<meta property=\"og:site_name\" content=\"MI Ayuntamiento de Caudete\" \/>\n<meta property=\"article:publisher\" content=\"https:\/\/www.facebook.com\/ayuntamientocaudete\/\" \/>\n<meta property=\"article:published_time\" content=\"2026-09-04T05:55:11+00:00\" \/>\n<meta property=\"article:modified_time\" content=\"2026-09-04T11:58:11+00:00\" \/>\n<meta property=\"og:image\" content=\"https:\/\/www.caudete.org\/ayuntamiento\/wp-content\/uploads\/2022\/12\/feria.jpg\" \/>\n\t<meta property=\"og:image:width\" content=\"600\" \/>\n\t<meta property=\"og:image:height\" content=\"338\" \/>\n\t<meta property=\"og:image:type\" content=\"image\/jpeg\" \/>\n<meta name=\"author\" content=\"Dpto Informatica MI Ayuntamiento de Caudete\" \/>\n<meta name=\"twitter:card\" content=\"summary_large_image\" \/>\n<meta name=\"twitter:label1\" content=\"Escrito por\" \/>\n\t<meta name=\"twitter:data1\" content=\"Dpto Informatica MI Ayuntamiento de Caudete\" \/>\n\t<meta name=\"twitter:label2\" content=\"Tiempo de lectura\" \/>\n\t<meta name=\"twitter:data2\" content=\"1 minuto\" \/>\n<script type=\"application\/ld+json\" class=\"yoast-schema-graph\">{\"@context\":\"https:\\\/\\\/schema.org\",\"@graph\":[{\"@type\":\"Article\",\"@id\":\"https:\\\/\\\/www.caudete.org\\\/ayuntamiento\\\/caudete-contara-con-una-hora-de-silencio-en-la-feria-para-hacerla-mas-inclusiva\\\/#article\",\"isPartOf\":{\"@id\":\"https:\\\/\\\/www.caudete.org\\\/ayuntamiento\\\/caudete-contara-con-una-hora-de-silencio-en-la-feria-para-hacerla-mas-inclusiva\\\/\"},\"author\":{\"name\":\"Dpto Informatica MI Ayuntamiento de Caudete\",\"@id\":\"https:\\\/\\\/www.caudete.org\\\/ayuntamiento\\\/#\\\/schema\\\/person\\\/4b9eab41761957db9b1bf9c418d1ef46\"},\"headline\":\"Caudete contar\u00e1 con una \u00abHora de Silencio\u00bb en la feria para hacerla m\u00e1s inclusiva\",\"datePublished\":\"2026-09-04T05:55:11+00:00\",\"dateModified\":\"2026-09-04T11:58:11+00:00\",\"mainEntityOfPage\":{\"@id\":\"https:\\\/\\\/www.caudete.org\\\/ayuntamiento\\\/caudete-contara-con-una-hora-de-silencio-en-la-feria-para-hacerla-mas-inclusiva\\\/\"},\"wordCount\":147,\"image\":{\"@id\":\"https:\\\/\\\/www.caudete.org\\\/ayuntamiento\\\/caudete-contara-con-una-hora-de-silencio-en-la-feria-para-hacerla-mas-inclusiva\\\/#primaryimage\"},\"thumbnailUrl\":\"https:\\\/\\\/www.caudete.org\\\/ayuntamiento\\\/wp-content\\\/uploads\\\/2022\\\/12\\\/feria.jpg\",\"articleSection\":[\"Fiestas\",\"Servicios Sociales\",\"Turismo\"],\"inLanguage\":\"es\"},{\"@type\":\"WebPage\",\"@id\":\"https:\\\/\\\/www.caudete.org\\\/ayuntamiento\\\/caudete-contara-con-una-hora-de-silencio-en-la-feria-para-hacerla-mas-inclusiva\\\/\",\"url\":\"https:\\\/\\\/www.caudete.org\\\/ayuntamiento\\\/caudete-contara-con-una-hora-de-silencio-en-la-feria-para-hacerla-mas-inclusiva\\\/\",\"name\":\"Caudete contar\u00e1 con una \u00abHora de Silencio\u00bb en la feria para hacerla m\u00e1s inclusiva - MI Ayuntamiento de Caudete\",\"isPartOf\":{\"@id\":\"https:\\\/\\\/www.caudete.org\\\/ayuntamiento\\\/#website\"},\"primaryImageOfPage\":{\"@id\":\"https:\\\/\\\/www.caudete.org\\\/ayuntamiento\\\/caudete-contara-con-una-hora-de-silencio-en-la-feria-para-hacerla-mas-inclusiva\\\/#primaryimage\"},\"image\":{\"@id\":\"https:\\\/\\\/www.caudete.org\\\/ayuntamiento\\\/caudete-contara-con-una-hora-de-silencio-en-la-feria-para-hacerla-mas-inclusiva\\\/#primaryimage\"},\"thumbnailUrl\":\"https:\\\/\\\/www.caudete.org\\\/ayuntamiento\\\/wp-content\\\/uploads\\\/2022\\\/12\\\/feria.jpg\",\"datePublished\":\"2026-09-04T05:55:11+00:00\",\"dateModified\":\"2026-09-04T11:58:11+00:00\",\"author\":{\"@id\":\"https:\\\/\\\/www.caudete.org\\\/ayuntamiento\\\/#\\\/schema\\\/person\\\/4b9eab41761957db9b1bf9c418d1ef46\"},\"description\":\"P\u00e1gina Oficial del Ayuntamiento de Caudete (Albacete)\",\"breadcrumb\":{\"@id\":\"https:\\\/\\\/www.caudete.org\\\/ayuntamiento\\\/caudete-contara-con-una-hora-de-silencio-en-la-feria-para-hacerla-mas-inclusiva\\\/#breadcrumb\"},\"inLanguage\":\"es\",\"potentialAction\":[{\"@type\":\"ReadAction\",\"target\":[\"https:\\\/\\\/www.caudete.org\\\/ayuntamiento\\\/caudete-contara-con-una-hora-de-silencio-en-la-feria-para-hacerla-mas-inclusiva\\\/\"]}]},{\"@type\":\"ImageObject\",\"inLanguage\":\"es\",\"@id\":\"https:\\\/\\\/www.caudete.org\\\/ayuntamiento\\\/caudete-contara-con-una-hora-de-silencio-en-la-feria-para-hacerla-mas-inclusiva\\\/#primaryimage\",\"url\":\"https:\\\/\\\/www.caudete.org\\\/ayuntamiento\\\/wp-content\\\/uploads\\\/2022\\\/12\\\/feria.jpg\",\"contentUrl\":\"https:\\\/\\\/www.caudete.org\\\/ayuntamiento\\\/wp-content\\\/uploads\\\/2022\\\/12\\\/feria.jpg\",\"width\":600,\"height\":338},{\"@type\":\"BreadcrumbList\",\"@id\":\"https:\\\/\\\/www.caudete.org\\\/ayuntamiento\\\/caudete-contara-con-una-hora-de-silencio-en-la-feria-para-hacerla-mas-inclusiva\\\/#breadcrumb\",\"itemListElement\":[{\"@type\":\"ListItem\",\"position\":1,\"name\":\"Inicio\",\"item\":\"https:\\\/\\\/www.caudete.org\\\/ayuntamiento\\\/\"},{\"@type\":\"ListItem\",\"position\":2,\"name\":\"Caudete contar\u00e1 con una \u00abHora de Silencio\u00bb en la feria para hacerla m\u00e1s inclusiva\"}]},{\"@type\":\"WebSite\",\"@id\":\"https:\\\/\\\/www.caudete.org\\\/ayuntamiento\\\/#website\",\"url\":\"https:\\\/\\\/www.caudete.org\\\/ayuntamiento\\\/\",\"name\":\"MI Ayuntamiento de Caudete\",\"description\":\"P\u00e1gina Oficial del MI Ayuntamiento de Caudete\",\"potentialAction\":[{\"@type\":\"SearchAction\",\"target\":{\"@type\":\"EntryPoint\",\"urlTemplate\":\"https:\\\/\\\/www.caudete.org\\\/ayuntamiento\\\/?s={search_term_string}\"},\"query-input\":{\"@type\":\"PropertyValueSpecification\",\"valueRequired\":true,\"valueName\":\"search_term_string\"}}],\"inLanguage\":\"es\"},{\"@type\":\"Person\",\"@id\":\"https:\\\/\\\/www.caudete.org\\\/ayuntamiento\\\/#\\\/schema\\\/person\\\/4b9eab41761957db9b1bf9c418d1ef46\",\"name\":\"Dpto Informatica MI Ayuntamiento de Caudete\",\"image\":{\"@type\":\"ImageObject\",\"inLanguage\":\"es\",\"@id\":\"https:\\\/\\\/secure.gravatar.com\\\/avatar\\\/ac0321ee4a0a83e82a253e7b2d348ef539e2c8fe16d06b600bde04de1b364fa7?s=96&d=mm&r=g\",\"url\":\"https:\\\/\\\/secure.gravatar.com\\\/avatar\\\/ac0321ee4a0a83e82a253e7b2d348ef539e2c8fe16d06b600bde04de1b364fa7?s=96&d=mm&r=g\",\"contentUrl\":\"https:\\\/\\\/secure.gravatar.com\\\/avatar\\\/ac0321ee4a0a83e82a253e7b2d348ef539e2c8fe16d06b600bde04de1b364fa7?s=96&d=mm&r=g\",\"caption\":\"Dpto Informatica MI Ayuntamiento de Caudete\"},\"url\":\"https:\\\/\\\/www.caudete.org\\\/ayuntamiento\\\/author\\\/informatica\\\/\"}]}<\/script>\n<!-- \/ Yoast SEO plugin. -->","yoast_head_json":{"title":"Caudete contar\u00e1 con una \u00abHora de Silencio\u00bb en la feria para hacerla m\u00e1s inclusiva - MI Ayuntamiento de Caudete","description":"P\u00e1gina Oficial del Ayuntamiento de Caudete (Albacete)","robots":{"index":"index","follow":"follow","max-snippet":"max-snippet:-1","max-image-preview":"max-image-preview:large","max-video-preview":"max-video-preview:-1"},"canonical":"https:\/\/www.caudete.org\/ayuntamiento\/caudete-contara-con-una-hora-de-silencio-en-la-feria-para-hacerla-mas-inclusiva\/","og_locale":"es_ES","og_type":"article","og_title":"Caudete contar\u00e1 con una \u00abHora de Silencio\u00bb en la feria para hacerla m\u00e1s inclusiva - MI Ayuntamiento de Caudete","og_description":"P\u00e1gina Oficial del Ayuntamiento de Caudete (Albacete)","og_url":"https:\/\/www.caudete.org\/ayuntamiento\/caudete-contara-con-una-hora-de-silencio-en-la-feria-para-hacerla-mas-inclusiva\/","og_site_name":"MI Ayuntamiento de Caudete","article_publisher":"https:\/\/www.facebook.com\/ayuntamientocaudete\/","article_published_time":"2026-09-04T05:55:11+00:00","article_modified_time":"2026-09-04T11:58:11+00:00","og_image":[{"width":600,"height":338,"url":"https:\/\/www.caudete.org\/ayuntamiento\/wp-content\/uploads\/2022\/12\/feria.jpg","type":"image\/jpeg"}],"author":"Dpto Informatica MI Ayuntamiento de Caudete","twitter_card":"summary_large_image","twitter_misc":{"Escrito por":"Dpto Informatica MI Ayuntamiento de Caudete","Tiempo de lectura":"1 minuto"},"schema":{"@context":"https:\/\/schema.org","@graph":[{"@type":"Article","@id":"https:\/\/www.caudete.org\/ayuntamiento\/caudete-contara-con-una-hora-de-silencio-en-la-feria-para-hacerla-mas-inclusiva\/#article","isPartOf":{"@id":"https:\/\/www.caudete.org\/ayuntamiento\/caudete-contara-con-una-hora-de-silencio-en-la-feria-para-hacerla-mas-inclusiva\/"},"author":{"name":"Dpto Informatica MI Ayuntamiento de Caudete","@id":"https:\/\/www.caudete.org\/ayuntamiento\/#\/schema\/person\/4b9eab41761957db9b1bf9c418d1ef46"},"headline":"Caudete contar\u00e1 con una \u00abHora de Silencio\u00bb en la feria para hacerla m\u00e1s inclusiva","datePublished":"2026-09-04T05:55:11+00:00","dateModified":"2026-09-04T11:58:11+00:00","mainEntityOfPage":{"@id":"https:\/\/www.caudete.org\/ayuntamiento\/caudete-contara-con-una-hora-de-silencio-en-la-feria-para-hacerla-mas-inclusiva\/"},"wordCount":147,"image":{"@id":"https:\/\/www.caudete.org\/ayuntamiento\/caudete-contara-con-una-hora-de-silencio-en-la-feria-para-hacerla-mas-inclusiva\/#primaryimage"},"thumbnailUrl":"https:\/\/www.caudete.org\/ayuntamiento\/wp-content\/uploads\/2022\/12\/feria.jpg","articleSection":["Fiestas","Servicios Sociales","Turismo"],"inLanguage":"es"},{"@type":"WebPage","@id":"https:\/\/www.caudete.org\/ayuntamiento\/caudete-contara-con-una-hora-de-silencio-en-la-feria-para-hacerla-mas-inclusiva\/","url":"https:\/\/www.caudete.org\/ayuntamiento\/caudete-contara-con-una-hora-de-silencio-en-la-feria-para-hacerla-mas-inclusiva\/","name":"Caudete contar\u00e1 con una \u00abHora de Silencio\u00bb en la feria para hacerla m\u00e1s inclusiva - MI Ayuntamiento de Caudete","isPartOf":{"@id":"https:\/\/www.caudete.org\/ayuntamiento\/#website"},"primaryImageOfPage":{"@id":"https:\/\/www.caudete.org\/ayuntamiento\/caudete-contara-con-una-hora-de-silencio-en-la-feria-para-hacerla-mas-inclusiva\/#primaryimage"},"image":{"@id":"https:\/\/www.caudete.org\/ayuntamiento\/caudete-contara-con-una-hora-de-silencio-en-la-feria-para-hacerla-mas-inclusiva\/#primaryimage"},"thumbnailUrl":"https:\/\/www.caudete.org\/ayuntamiento\/wp-content\/uploads\/2022\/12\/feria.jpg","datePublished":"2026-09-04T05:55:11+00:00","dateModified":"2026-09-04T11:58:11+00:00","author":{"@id":"https:\/\/www.caudete.org\/ayuntamiento\/#\/schema\/person\/4b9eab41761957db9b1bf9c418d1ef46"},"description":"P\u00e1gina Oficial del Ayuntamiento de Caudete (Albacete)","breadcrumb":{"@id":"https:\/\/www.caudete.org\/ayuntamiento\/caudete-contara-con-una-hora-de-silencio-en-la-feria-para-hacerla-mas-inclusiva\/#breadcrumb"},"inLanguage":"es","potentialAction":[{"@type":"ReadAction","target":["https:\/\/www.caudete.org\/ayuntamiento\/caudete-contara-con-una-hora-de-silencio-en-la-feria-para-hacerla-mas-inclusiva\/"]}]},{"@type":"ImageObject","inLanguage":"es","@id":"https:\/\/www.caudete.org\/ayuntamiento\/caudete-contara-con-una-hora-de-silencio-en-la-feria-para-hacerla-mas-inclusiva\/#primaryimage","url":"https:\/\/www.caudete.org\/ayuntamiento\/wp-content\/uploads\/2022\/12\/feria.jpg","contentUrl":"https:\/\/www.caudete.org\/ayuntamiento\/wp-content\/uploads\/2022\/12\/feria.jpg","width":600,"height":338},{"@type":"BreadcrumbList","@id":"https:\/\/www.caudete.org\/ayuntamiento\/caudete-contara-con-una-hora-de-silencio-en-la-feria-para-hacerla-mas-inclusiva\/#breadcrumb","itemListElement":[{"@type":"ListItem","position":1,"name":"Inicio","item":"https:\/\/www.caudete.org\/ayuntamiento\/"},{"@type":"ListItem","position":2,"name":"Caudete contar\u00e1 con una \u00abHora de Silencio\u00bb en la feria para hacerla m\u00e1s inclusiva"}]},{"@type":"WebSite","@id":"https:\/\/www.caudete.org\/ayuntamiento\/#website","url":"https:\/\/www.caudete.org\/ayuntamiento\/","name":"MI Ayuntamiento de Caudete","description":"P\u00e1gina Oficial del MI Ayuntamiento de Caudete","potentialAction":[{"@type":"SearchAction","target":{"@type":"EntryPoint","urlTemplate":"https:\/\/www.caudete.org\/ayuntamiento\/?s={search_term_string}"},"query-input":{"@type":"PropertyValueSpecification","valueRequired":true,"valueName":"search_term_string"}}],"inLanguage":"es"},{"@type":"Person","@id":"https:\/\/www.caudete.org\/ayuntamiento\/#\/schema\/person\/4b9eab41761957db9b1bf9c418d1ef46","name":"Dpto Informatica MI Ayuntamiento de Caudete","image":{"@type":"ImageObject","inLanguage":"es","@id":"https:\/\/secure.gravatar.com\/avatar\/ac0321ee4a0a83e82a253e7b2d348ef539e2c8fe16d06b600bde04de1b364fa7?s=96&d=mm&r=g","url":"https:\/\/secure.gravatar.com\/avatar\/ac0321ee4a0a83e82a253e7b2d348ef539e2c8fe16d06b600bde04de1b364fa7?s=96&d=mm&r=g","contentUrl":"https:\/\/secure.gravatar.com\/avatar\/ac0321ee4a0a83e82a253e7b2d348ef539e2c8fe16d06b600bde04de1b364fa7?s=96&d=mm&r=g","caption":"Dpto Informatica MI Ayuntamiento de Caudete"},"url":"https:\/\/www.caudete.org\/ayuntamiento\/author\/informatica\/"}]}},"_links":{"self":[{"href":"https:\/\/www.caudete.org\/ayuntamiento\/wp-json\/wp\/v2\/posts\/36960","targetHints":{"allow":["GET"]}}],"collection":[{"href":"https:\/\/www.caudete.org\/ayuntamiento\/wp-json\/wp\/v2\/posts"}],"about":[{"href":"https:\/\/www.caudete.org\/ayuntamiento\/wp-json\/wp\/v2\/types\/post"}],"author":[{"embeddable":true,"href":"https:\/\/www.caudete.org\/ayuntamiento\/wp-json\/wp\/v2\/users\/5"}],"replies":[{"embeddable":true,"href":"https:\/\/www.caudete.org\/ayuntamiento\/wp-json\/wp\/v2\/comments?post=36960"}],"version-history":[{"count":3,"href":"https:\/\/www.caudete.org\/ayuntamiento\/wp-json\/wp\/v2\/posts\/36960\/revisions"}],"predecessor-version":[{"id":36963,"href":"https:\/\/www.caudete.org\/ayuntamiento\/wp-json\/wp\/v2\/posts\/36960\/revisions\/36963"}],"wp:featuredmedia":[{"embeddable":true,"href":"https:\/\/www.caudete.org\/ayuntamiento\/wp-json\/wp\/v2\/media\/20915"}],"wp:attachment":[{"href":"https:\/\/www.caudete.org\/ayuntamiento\/wp-json\/wp\/v2\/media?parent=36960"}],"wp:term":[{"taxonomy":"category","embeddable":true,"href":"https:\/\/www.caudete.org\/ayuntamiento\/wp-json\/wp\/v2\/categories?post=36960"},{"taxonomy":"post_tag","embeddable":true,"href":"https:\/\/www.caudete.org\/ayuntamiento\/wp-json\/wp\/v2\/tags?post=36960"}],"curies":[{"name":"wp","href":"https:\/\/api.w.org\/{rel}","templated":true}]}}