{"id":5315,"date":"2020-11-20T11:22:41","date_gmt":"2020-11-20T10:22:41","guid":{"rendered":"http:\/\/www.caudete.org\/ayuntamiento\/?p=5315"},"modified":"2020-11-21T13:34:38","modified_gmt":"2020-11-21T12:34:38","slug":"15-nuevos-positivos-en-caudete-por-covid-19","status":"publish","type":"post","link":"https:\/\/www.caudete.org\/ayuntamiento\/15-nuevos-positivos-en-caudete-por-covid-19\/","title":{"rendered":"15 nuevos positivos en Caudete por Covid-19"},"content":{"rendered":"<p style=\"text-align: justify;\">Como cada viernes, conocemos los datos actualizados de COVID-19 en nuestro municipio, en concreto los detectados en las dos \u00faltimas semanas, por separado, poniendo en evidencia que las cifras algo han mejorado respecto a la semana anterior, donde un repunte sustancial preocupaba mucho la situaci\u00f3n.<\/p>\n<p style=\"text-align: justify;\">Un total de 14 caudetanos se han visto afectados por la enfermedad en esta \u00faltima semana, la 46 del a\u00f1o, que comprende el periodo del 09 al 14 de Noviembre. Adem\u00e1s, respecto a la semana anterior, la 45 (que comprende entre el 02 y el 08 de Noviembre) se suma 1 positivo m\u00e1s confirmado por la enfermedad del coronavirus.<\/p>\n<p style=\"text-align: justify;\">Cabe remarcar que esta es la \u00fanica informaci\u00f3n con la que cuenta el Ayuntamiento, y que no es otra que la facilitada al conjunto de la ciudadan\u00eda por parte de las autoridades sanitarias competentes en medios digitales oficiales.<\/p>\n<p style=\"text-align: justify;\">As\u00ed pues, no se nos comunica cu\u00e1l es el n\u00famero real de casos activos en la localidad, recuperados, total acumulados, franjas de edad de los afectados, principales fuentes de contagio, numero de aislados con contacto estrecho con positivos o casos pendiente de resultados epidemiol\u00f3gicos.<\/p>\n<p style=\"text-align: justify;\">Recordamos que la informaci\u00f3n dada es accesible a todos los ciudadanos en la siguiente direcci\u00f3n:<\/p>\n<p style=\"text-align: justify;\">CLIC AQU\u00cd:<\/p>\n<p style=\"text-align: justify;\"><a href=\"https:\/\/sanidad.castillalamancha.es\/ciudadanos\/enfermedades-infecciosas\/coronavirus\/evolucion-de-coronavirus-covid-19-en-castilla-la-mancha\/evolucion-por-municipios?fbclid=IwAR08DYB2CFYfEL6cASzWJ8_jr7sPYrThdgqpjEWXkRSIhwiYYaIjhwO9740\" target=\"_blank\" rel=\"noopener noreferrer nofollow\">CONSEJERIA DE SANIDAD. Evoluci\u00f3n por municipios del COVID-19<\/a><\/p>\n<p style=\"text-align: justify;\">donde \u00fanicamente se ofrecen los nuevos casos detectados por municipios mayores de 500 habitantes con una periodicidad semanal.<\/p>\n<p style=\"text-align: justify;\">Desde el Ayuntamiento de Caudete, pedimos a la ciudadan\u00eda m\u00e1xima prudencia, responsabilidad y el cumplimiento estricto de las medidas sanitarias impuestas, como son la distancia social, cumplimiento de aforos, higiene personal y uso de mascarilla, as\u00ed como lo decretaron por el Estado y la Comunidad Aut\u00f3noma ante la nueva declaraci\u00f3n del Estado de Alarma, y las medidas estipuladas desde hoy con el Decreto de CLM.<\/p>\n<p style=\"text-align: justify;\">As\u00ed mismo, pedimos que ante la evidencia de s\u00edntomas propios de la enfermadad, lo comuniquen a la mayor brevedad al Centro de Salud y siga las recomendaciones y protocolo establecido para ello.<\/p>\n<p style=\"text-align: justify;\">A la misma vez, trasladamos desde el Ayuntamiento de Caudete \u00e1nimo a estos nuevos 15 caudetanos y familiares que est\u00e1n afectados por la enfermedad, dese\u00e1ndoles una pronta recuperaci\u00f3n.<\/p>\n<p>&nbsp;<\/p>\n<p><img fetchpriority=\"high\" decoding=\"async\" class=\"aligncenter wp-image-5316 size-full\" src=\"http:\/\/www.caudete.org\/ayuntamiento\/wp-content\/uploads\/2020\/11\/covid.jpg\" alt=\"\" width=\"800\" height=\"500\" srcset=\"https:\/\/www.caudete.org\/ayuntamiento\/wp-content\/uploads\/2020\/11\/covid.jpg 800w, https:\/\/www.caudete.org\/ayuntamiento\/wp-content\/uploads\/2020\/11\/covid-300x188.jpg 300w, https:\/\/www.caudete.org\/ayuntamiento\/wp-content\/uploads\/2020\/11\/covid-768x480.jpg 768w\" sizes=\"(max-width: 800px) 100vw, 800px\" \/><\/p>\n","protected":false},"excerpt":{"rendered":"<p>Como cada viernes, conocemos los datos actualizados de COVID-19 en nuestro municipio, en concreto los detectados en las dos \u00faltimas semanas, por separado, poniendo en evidencia que las cifras algo han mejorado respecto a la semana anterior, donde un repunte sustancial preocupaba mucho la situaci\u00f3n. Un total de 14 caudetanos se han visto afectados por &hellip;<\/p>\n","protected":false},"author":1,"featured_media":5316,"comment_status":"closed","ping_status":"open","sticky":false,"template":"","format":"standard","meta":{"ngg_post_thumbnail":0,"footnotes":""},"categories":[16],"tags":[17,18,19],"class_list":["post-5315","post","type-post","status-publish","format-standard","has-post-thumbnail","hentry","category-sanidad","tag-covid","tag-datos","tag-sanidad"],"yoast_head":"<!-- This site is optimized with the Yoast SEO plugin v27.5 - https:\/\/yoast.com\/product\/yoast-seo-wordpress\/ -->\n<title>15 nuevos positivos en Caudete por Covid-19 - MI Ayuntamiento de Caudete<\/title>\n<meta name=\"description\" content=\"P\u00e1gina Oficial del Ayuntamiento de Caudete (Albacete)\" \/>\n<meta name=\"robots\" content=\"index, follow, max-snippet:-1, max-image-preview:large, max-video-preview:-1\" \/>\n<link rel=\"canonical\" href=\"https:\/\/www.caudete.org\/ayuntamiento\/15-nuevos-positivos-en-caudete-por-covid-19\/\" \/>\n<meta property=\"og:locale\" content=\"es_ES\" \/>\n<meta property=\"og:type\" content=\"article\" \/>\n<meta property=\"og:title\" content=\"15 nuevos positivos en Caudete por Covid-19 - MI Ayuntamiento de Caudete\" \/>\n<meta property=\"og:description\" content=\"P\u00e1gina Oficial del Ayuntamiento de Caudete (Albacete)\" \/>\n<meta property=\"og:url\" content=\"https:\/\/www.caudete.org\/ayuntamiento\/15-nuevos-positivos-en-caudete-por-covid-19\/\" \/>\n<meta property=\"og:site_name\" content=\"MI Ayuntamiento de Caudete\" \/>\n<meta property=\"article:publisher\" content=\"https:\/\/www.facebook.com\/ayuntamientocaudete\/\" \/>\n<meta property=\"article:published_time\" content=\"2020-11-20T10:22:41+00:00\" \/>\n<meta property=\"article:modified_time\" content=\"2020-11-21T12:34:38+00:00\" \/>\n<meta property=\"og:image\" content=\"https:\/\/www.caudete.org\/ayuntamiento\/wp-content\/uploads\/2020\/11\/covid.jpg\" \/>\n\t<meta property=\"og:image:width\" content=\"800\" \/>\n\t<meta property=\"og:image:height\" content=\"500\" \/>\n\t<meta property=\"og:image:type\" content=\"image\/jpeg\" \/>\n<meta name=\"author\" content=\"ayun\" \/>\n<meta name=\"twitter:card\" content=\"summary_large_image\" \/>\n<meta name=\"twitter:label1\" content=\"Escrito por\" \/>\n\t<meta name=\"twitter:data1\" content=\"ayun\" \/>\n\t<meta name=\"twitter:label2\" content=\"Tiempo de lectura\" \/>\n\t<meta name=\"twitter:data2\" content=\"2 minutos\" \/>\n<script type=\"application\/ld+json\" class=\"yoast-schema-graph\">{\"@context\":\"https:\\\/\\\/schema.org\",\"@graph\":[{\"@type\":\"Article\",\"@id\":\"https:\\\/\\\/www.caudete.org\\\/ayuntamiento\\\/15-nuevos-positivos-en-caudete-por-covid-19\\\/#article\",\"isPartOf\":{\"@id\":\"https:\\\/\\\/www.caudete.org\\\/ayuntamiento\\\/15-nuevos-positivos-en-caudete-por-covid-19\\\/\"},\"author\":{\"name\":\"ayun\",\"@id\":\"https:\\\/\\\/www.caudete.org\\\/ayuntamiento\\\/#\\\/schema\\\/person\\\/79f7e19fdd176fc2bc7a289013dc2056\"},\"headline\":\"15 nuevos positivos en Caudete por Covid-19\",\"datePublished\":\"2020-11-20T10:22:41+00:00\",\"dateModified\":\"2020-11-21T12:34:38+00:00\",\"mainEntityOfPage\":{\"@id\":\"https:\\\/\\\/www.caudete.org\\\/ayuntamiento\\\/15-nuevos-positivos-en-caudete-por-covid-19\\\/\"},\"wordCount\":371,\"image\":{\"@id\":\"https:\\\/\\\/www.caudete.org\\\/ayuntamiento\\\/15-nuevos-positivos-en-caudete-por-covid-19\\\/#primaryimage\"},\"thumbnailUrl\":\"https:\\\/\\\/www.caudete.org\\\/ayuntamiento\\\/wp-content\\\/uploads\\\/2020\\\/11\\\/covid.jpg\",\"keywords\":[\"covid\",\"datos\",\"sanidad\"],\"articleSection\":[\"Sanidad\"],\"inLanguage\":\"es\"},{\"@type\":\"WebPage\",\"@id\":\"https:\\\/\\\/www.caudete.org\\\/ayuntamiento\\\/15-nuevos-positivos-en-caudete-por-covid-19\\\/\",\"url\":\"https:\\\/\\\/www.caudete.org\\\/ayuntamiento\\\/15-nuevos-positivos-en-caudete-por-covid-19\\\/\",\"name\":\"15 nuevos positivos en Caudete por Covid-19 - MI Ayuntamiento de Caudete\",\"isPartOf\":{\"@id\":\"https:\\\/\\\/www.caudete.org\\\/ayuntamiento\\\/#website\"},\"primaryImageOfPage\":{\"@id\":\"https:\\\/\\\/www.caudete.org\\\/ayuntamiento\\\/15-nuevos-positivos-en-caudete-por-covid-19\\\/#primaryimage\"},\"image\":{\"@id\":\"https:\\\/\\\/www.caudete.org\\\/ayuntamiento\\\/15-nuevos-positivos-en-caudete-por-covid-19\\\/#primaryimage\"},\"thumbnailUrl\":\"https:\\\/\\\/www.caudete.org\\\/ayuntamiento\\\/wp-content\\\/uploads\\\/2020\\\/11\\\/covid.jpg\",\"datePublished\":\"2020-11-20T10:22:41+00:00\",\"dateModified\":\"2020-11-21T12:34:38+00:00\",\"author\":{\"@id\":\"https:\\\/\\\/www.caudete.org\\\/ayuntamiento\\\/#\\\/schema\\\/person\\\/79f7e19fdd176fc2bc7a289013dc2056\"},\"description\":\"P\u00e1gina Oficial del Ayuntamiento de Caudete (Albacete)\",\"breadcrumb\":{\"@id\":\"https:\\\/\\\/www.caudete.org\\\/ayuntamiento\\\/15-nuevos-positivos-en-caudete-por-covid-19\\\/#breadcrumb\"},\"inLanguage\":\"es\",\"potentialAction\":[{\"@type\":\"ReadAction\",\"target\":[\"https:\\\/\\\/www.caudete.org\\\/ayuntamiento\\\/15-nuevos-positivos-en-caudete-por-covid-19\\\/\"]}]},{\"@type\":\"ImageObject\",\"inLanguage\":\"es\",\"@id\":\"https:\\\/\\\/www.caudete.org\\\/ayuntamiento\\\/15-nuevos-positivos-en-caudete-por-covid-19\\\/#primaryimage\",\"url\":\"https:\\\/\\\/www.caudete.org\\\/ayuntamiento\\\/wp-content\\\/uploads\\\/2020\\\/11\\\/covid.jpg\",\"contentUrl\":\"https:\\\/\\\/www.caudete.org\\\/ayuntamiento\\\/wp-content\\\/uploads\\\/2020\\\/11\\\/covid.jpg\",\"width\":800,\"height\":500},{\"@type\":\"BreadcrumbList\",\"@id\":\"https:\\\/\\\/www.caudete.org\\\/ayuntamiento\\\/15-nuevos-positivos-en-caudete-por-covid-19\\\/#breadcrumb\",\"itemListElement\":[{\"@type\":\"ListItem\",\"position\":1,\"name\":\"Inicio\",\"item\":\"https:\\\/\\\/www.caudete.org\\\/ayuntamiento\\\/\"},{\"@type\":\"ListItem\",\"position\":2,\"name\":\"15 nuevos positivos en Caudete por Covid-19\"}]},{\"@type\":\"WebSite\",\"@id\":\"https:\\\/\\\/www.caudete.org\\\/ayuntamiento\\\/#website\",\"url\":\"https:\\\/\\\/www.caudete.org\\\/ayuntamiento\\\/\",\"name\":\"MI Ayuntamiento de Caudete\",\"description\":\"P\u00e1gina Oficial del MI Ayuntamiento de Caudete\",\"potentialAction\":[{\"@type\":\"SearchAction\",\"target\":{\"@type\":\"EntryPoint\",\"urlTemplate\":\"https:\\\/\\\/www.caudete.org\\\/ayuntamiento\\\/?s={search_term_string}\"},\"query-input\":{\"@type\":\"PropertyValueSpecification\",\"valueRequired\":true,\"valueName\":\"search_term_string\"}}],\"inLanguage\":\"es\"},{\"@type\":\"Person\",\"@id\":\"https:\\\/\\\/www.caudete.org\\\/ayuntamiento\\\/#\\\/schema\\\/person\\\/79f7e19fdd176fc2bc7a289013dc2056\",\"name\":\"ayun\",\"image\":{\"@type\":\"ImageObject\",\"inLanguage\":\"es\",\"@id\":\"https:\\\/\\\/secure.gravatar.com\\\/avatar\\\/4ce797ee07c943e7e592f8cd648e503e6cd571387558ed07135799c2bd2847df?s=96&d=mm&r=g\",\"url\":\"https:\\\/\\\/secure.gravatar.com\\\/avatar\\\/4ce797ee07c943e7e592f8cd648e503e6cd571387558ed07135799c2bd2847df?s=96&d=mm&r=g\",\"contentUrl\":\"https:\\\/\\\/secure.gravatar.com\\\/avatar\\\/4ce797ee07c943e7e592f8cd648e503e6cd571387558ed07135799c2bd2847df?s=96&d=mm&r=g\",\"caption\":\"ayun\"},\"sameAs\":[\"http:\\\/\\\/www.caudete.org\\\/ayuntamiento\"],\"url\":\"https:\\\/\\\/www.caudete.org\\\/ayuntamiento\\\/author\\\/ayun\\\/\"}]}<\/script>\n<!-- \/ Yoast SEO plugin. -->","yoast_head_json":{"title":"15 nuevos positivos en Caudete por Covid-19 - MI Ayuntamiento de Caudete","description":"P\u00e1gina Oficial del Ayuntamiento de Caudete (Albacete)","robots":{"index":"index","follow":"follow","max-snippet":"max-snippet:-1","max-image-preview":"max-image-preview:large","max-video-preview":"max-video-preview:-1"},"canonical":"https:\/\/www.caudete.org\/ayuntamiento\/15-nuevos-positivos-en-caudete-por-covid-19\/","og_locale":"es_ES","og_type":"article","og_title":"15 nuevos positivos en Caudete por Covid-19 - MI Ayuntamiento de Caudete","og_description":"P\u00e1gina Oficial del Ayuntamiento de Caudete (Albacete)","og_url":"https:\/\/www.caudete.org\/ayuntamiento\/15-nuevos-positivos-en-caudete-por-covid-19\/","og_site_name":"MI Ayuntamiento de Caudete","article_publisher":"https:\/\/www.facebook.com\/ayuntamientocaudete\/","article_published_time":"2020-11-20T10:22:41+00:00","article_modified_time":"2020-11-21T12:34:38+00:00","og_image":[{"width":800,"height":500,"url":"https:\/\/www.caudete.org\/ayuntamiento\/wp-content\/uploads\/2020\/11\/covid.jpg","type":"image\/jpeg"}],"author":"ayun","twitter_card":"summary_large_image","twitter_misc":{"Escrito por":"ayun","Tiempo de lectura":"2 minutos"},"schema":{"@context":"https:\/\/schema.org","@graph":[{"@type":"Article","@id":"https:\/\/www.caudete.org\/ayuntamiento\/15-nuevos-positivos-en-caudete-por-covid-19\/#article","isPartOf":{"@id":"https:\/\/www.caudete.org\/ayuntamiento\/15-nuevos-positivos-en-caudete-por-covid-19\/"},"author":{"name":"ayun","@id":"https:\/\/www.caudete.org\/ayuntamiento\/#\/schema\/person\/79f7e19fdd176fc2bc7a289013dc2056"},"headline":"15 nuevos positivos en Caudete por Covid-19","datePublished":"2020-11-20T10:22:41+00:00","dateModified":"2020-11-21T12:34:38+00:00","mainEntityOfPage":{"@id":"https:\/\/www.caudete.org\/ayuntamiento\/15-nuevos-positivos-en-caudete-por-covid-19\/"},"wordCount":371,"image":{"@id":"https:\/\/www.caudete.org\/ayuntamiento\/15-nuevos-positivos-en-caudete-por-covid-19\/#primaryimage"},"thumbnailUrl":"https:\/\/www.caudete.org\/ayuntamiento\/wp-content\/uploads\/2020\/11\/covid.jpg","keywords":["covid","datos","sanidad"],"articleSection":["Sanidad"],"inLanguage":"es"},{"@type":"WebPage","@id":"https:\/\/www.caudete.org\/ayuntamiento\/15-nuevos-positivos-en-caudete-por-covid-19\/","url":"https:\/\/www.caudete.org\/ayuntamiento\/15-nuevos-positivos-en-caudete-por-covid-19\/","name":"15 nuevos positivos en Caudete por Covid-19 - MI Ayuntamiento de Caudete","isPartOf":{"@id":"https:\/\/www.caudete.org\/ayuntamiento\/#website"},"primaryImageOfPage":{"@id":"https:\/\/www.caudete.org\/ayuntamiento\/15-nuevos-positivos-en-caudete-por-covid-19\/#primaryimage"},"image":{"@id":"https:\/\/www.caudete.org\/ayuntamiento\/15-nuevos-positivos-en-caudete-por-covid-19\/#primaryimage"},"thumbnailUrl":"https:\/\/www.caudete.org\/ayuntamiento\/wp-content\/uploads\/2020\/11\/covid.jpg","datePublished":"2020-11-20T10:22:41+00:00","dateModified":"2020-11-21T12:34:38+00:00","author":{"@id":"https:\/\/www.caudete.org\/ayuntamiento\/#\/schema\/person\/79f7e19fdd176fc2bc7a289013dc2056"},"description":"P\u00e1gina Oficial del Ayuntamiento de Caudete (Albacete)","breadcrumb":{"@id":"https:\/\/www.caudete.org\/ayuntamiento\/15-nuevos-positivos-en-caudete-por-covid-19\/#breadcrumb"},"inLanguage":"es","potentialAction":[{"@type":"ReadAction","target":["https:\/\/www.caudete.org\/ayuntamiento\/15-nuevos-positivos-en-caudete-por-covid-19\/"]}]},{"@type":"ImageObject","inLanguage":"es","@id":"https:\/\/www.caudete.org\/ayuntamiento\/15-nuevos-positivos-en-caudete-por-covid-19\/#primaryimage","url":"https:\/\/www.caudete.org\/ayuntamiento\/wp-content\/uploads\/2020\/11\/covid.jpg","contentUrl":"https:\/\/www.caudete.org\/ayuntamiento\/wp-content\/uploads\/2020\/11\/covid.jpg","width":800,"height":500},{"@type":"BreadcrumbList","@id":"https:\/\/www.caudete.org\/ayuntamiento\/15-nuevos-positivos-en-caudete-por-covid-19\/#breadcrumb","itemListElement":[{"@type":"ListItem","position":1,"name":"Inicio","item":"https:\/\/www.caudete.org\/ayuntamiento\/"},{"@type":"ListItem","position":2,"name":"15 nuevos positivos en Caudete por Covid-19"}]},{"@type":"WebSite","@id":"https:\/\/www.caudete.org\/ayuntamiento\/#website","url":"https:\/\/www.caudete.org\/ayuntamiento\/","name":"MI Ayuntamiento de Caudete","description":"P\u00e1gina Oficial del MI Ayuntamiento de Caudete","potentialAction":[{"@type":"SearchAction","target":{"@type":"EntryPoint","urlTemplate":"https:\/\/www.caudete.org\/ayuntamiento\/?s={search_term_string}"},"query-input":{"@type":"PropertyValueSpecification","valueRequired":true,"valueName":"search_term_string"}}],"inLanguage":"es"},{"@type":"Person","@id":"https:\/\/www.caudete.org\/ayuntamiento\/#\/schema\/person\/79f7e19fdd176fc2bc7a289013dc2056","name":"ayun","image":{"@type":"ImageObject","inLanguage":"es","@id":"https:\/\/secure.gravatar.com\/avatar\/4ce797ee07c943e7e592f8cd648e503e6cd571387558ed07135799c2bd2847df?s=96&d=mm&r=g","url":"https:\/\/secure.gravatar.com\/avatar\/4ce797ee07c943e7e592f8cd648e503e6cd571387558ed07135799c2bd2847df?s=96&d=mm&r=g","contentUrl":"https:\/\/secure.gravatar.com\/avatar\/4ce797ee07c943e7e592f8cd648e503e6cd571387558ed07135799c2bd2847df?s=96&d=mm&r=g","caption":"ayun"},"sameAs":["http:\/\/www.caudete.org\/ayuntamiento"],"url":"https:\/\/www.caudete.org\/ayuntamiento\/author\/ayun\/"}]}},"_links":{"self":[{"href":"https:\/\/www.caudete.org\/ayuntamiento\/wp-json\/wp\/v2\/posts\/5315","targetHints":{"allow":["GET"]}}],"collection":[{"href":"https:\/\/www.caudete.org\/ayuntamiento\/wp-json\/wp\/v2\/posts"}],"about":[{"href":"https:\/\/www.caudete.org\/ayuntamiento\/wp-json\/wp\/v2\/types\/post"}],"author":[{"embeddable":true,"href":"https:\/\/www.caudete.org\/ayuntamiento\/wp-json\/wp\/v2\/users\/1"}],"replies":[{"embeddable":true,"href":"https:\/\/www.caudete.org\/ayuntamiento\/wp-json\/wp\/v2\/comments?post=5315"}],"version-history":[{"count":3,"href":"https:\/\/www.caudete.org\/ayuntamiento\/wp-json\/wp\/v2\/posts\/5315\/revisions"}],"predecessor-version":[{"id":5361,"href":"https:\/\/www.caudete.org\/ayuntamiento\/wp-json\/wp\/v2\/posts\/5315\/revisions\/5361"}],"wp:featuredmedia":[{"embeddable":true,"href":"https:\/\/www.caudete.org\/ayuntamiento\/wp-json\/wp\/v2\/media\/5316"}],"wp:attachment":[{"href":"https:\/\/www.caudete.org\/ayuntamiento\/wp-json\/wp\/v2\/media?parent=5315"}],"wp:term":[{"taxonomy":"category","embeddable":true,"href":"https:\/\/www.caudete.org\/ayuntamiento\/wp-json\/wp\/v2\/categories?post=5315"},{"taxonomy":"post_tag","embeddable":true,"href":"https:\/\/www.caudete.org\/ayuntamiento\/wp-json\/wp\/v2\/tags?post=5315"}],"curies":[{"name":"wp","href":"https:\/\/api.w.org\/{rel}","templated":true}]}}