{"id":5738,"date":"2020-11-20T11:36:08","date_gmt":"2020-11-20T10:36:08","guid":{"rendered":"http:\/\/www.caudete.org\/ayuntamiento\/?p=5738"},"modified":"2020-12-14T19:46:11","modified_gmt":"2020-12-14T18:46:11","slug":"el-cambio-de-luminarias-led-empieza-en-el-barrio-san-francisco","status":"publish","type":"post","link":"https:\/\/www.caudete.org\/ayuntamiento\/el-cambio-de-luminarias-led-empieza-en-el-barrio-san-francisco\/","title":{"rendered":"El cambio de luminarias led empieza en el Barrio San Francisco"},"content":{"rendered":"<p style=\"text-align: justify;\">Caudete da hoy un paso de gigante al materializar la tecnolog\u00eda Led en todas las v\u00edas y espacios municipales.<\/p>\n<p style=\"text-align: justify;\">El Concejal de Servicios ha estado a pie de calle comprobando los trabajos que ELECNOR ha iniciado hoy, la sustituci\u00f3n de luminarias del alumbrado p\u00fablico en Caudete.<\/p>\n<p style=\"text-align: justify;\">Esta es una de las partes que mayor beneficio directo van a tener los ciudadanos gracias a la firma del Proyecto Clime, un trabajo iniciado a finales de 2014 y que concluy\u00f3 con la firma de Caudete el pasado mes de junio, donde la sustituci\u00f3n a sistema led permitir\u00e1 un ahorro en el consumo el\u00e9ctrico, y donde el ahorro econ\u00f3mico permite la inversi\u00f3n en luminarias. De esta forma, Caudete contribuye con las pol\u00edticas medioambientales y de eficiencia energ\u00e9tica.<\/p>\n<p style=\"text-align: justify;\">Los trabajos han comenzado por el Barrio de San Francisco, en concreto con la Avenida San Jaime, y posteriormente continuar\u00e1n con la Avenida de Valencia en todo su recorrido.<\/p>\n<p style=\"text-align: justify;\">Todas estas tareas llevar\u00e1n en ambas calles un par de semanas de duraci\u00f3n. Y una vez se realicen estas actuaciones, iremos informando sobre las zonas que continuaran con la sustituci\u00f3n a tecnolog\u00eda Led, para lo que se prev\u00e9 varios meses de trabajo antes de poder alcanzar la totalidad de la poblaci\u00f3n.<\/p>\n<p style=\"text-align: justify;\">Joaqu\u00edn Pag\u00e1n, Concejal de Servicios, ha aprovechado para recordar que tanto el mantenimiento de las instalaciones como los trabajos de sustituci\u00f3n de las luminarias ha sido subcontratado a una empresa local de Caudete, algo muy positivo para nuestra poblaci\u00f3n, y lo que supone un orgullo, de forma que el dinero que el Ayuntamiento gasta en alumbrado, en parte se queda en Caudete.<\/p>\n<p style=\"text-align: justify;\">Igualmente, ha querido recordar que el tel\u00e9fono de atenci\u00f3n del servicio de ALUMBRADO para aver\u00edas es el 606547517, marcando la OPCION 4, y que est\u00e1 disponible las 24h, facilitando al operador la siguiente informaci\u00f3n:<\/p>\n<p style=\"text-align: justify;\">-Poblaci\u00f3n.<br \/>\n-Provincia.<br \/>\n-Calle de la incidencia.<br \/>\n-Si es una farola o varias.<br \/>\n-Y si es urgente o no.<\/p>\n<p><img fetchpriority=\"high\" decoding=\"async\" class=\"aligncenter size-full wp-image-5740\" src=\"http:\/\/www.caudete.org\/ayuntamiento\/wp-content\/uploads\/2020\/11\/luminarias2.jpg\" alt=\"\" width=\"800\" height=\"600\" srcset=\"https:\/\/www.caudete.org\/ayuntamiento\/wp-content\/uploads\/2020\/11\/luminarias2.jpg 800w, https:\/\/www.caudete.org\/ayuntamiento\/wp-content\/uploads\/2020\/11\/luminarias2-300x225.jpg 300w, https:\/\/www.caudete.org\/ayuntamiento\/wp-content\/uploads\/2020\/11\/luminarias2-768x576.jpg 768w\" sizes=\"(max-width: 800px) 100vw, 800px\" \/><\/p>\n<p><img decoding=\"async\" class=\"aligncenter size-full wp-image-5741\" src=\"http:\/\/www.caudete.org\/ayuntamiento\/wp-content\/uploads\/2020\/11\/luminarias3.jpg\" alt=\"\" width=\"800\" height=\"600\" srcset=\"https:\/\/www.caudete.org\/ayuntamiento\/wp-content\/uploads\/2020\/11\/luminarias3.jpg 800w, https:\/\/www.caudete.org\/ayuntamiento\/wp-content\/uploads\/2020\/11\/luminarias3-300x225.jpg 300w, https:\/\/www.caudete.org\/ayuntamiento\/wp-content\/uploads\/2020\/11\/luminarias3-768x576.jpg 768w\" sizes=\"(max-width: 800px) 100vw, 800px\" \/><\/p>\n<p><img decoding=\"async\" class=\"aligncenter size-full wp-image-5739\" src=\"http:\/\/www.caudete.org\/ayuntamiento\/wp-content\/uploads\/2020\/11\/luminarias1.jpg\" alt=\"\" width=\"800\" height=\"600\" srcset=\"https:\/\/www.caudete.org\/ayuntamiento\/wp-content\/uploads\/2020\/11\/luminarias1.jpg 800w, https:\/\/www.caudete.org\/ayuntamiento\/wp-content\/uploads\/2020\/11\/luminarias1-300x225.jpg 300w, https:\/\/www.caudete.org\/ayuntamiento\/wp-content\/uploads\/2020\/11\/luminarias1-768x576.jpg 768w\" sizes=\"(max-width: 800px) 100vw, 800px\" \/><\/p>\n","protected":false},"excerpt":{"rendered":"<p>Caudete da hoy un paso de gigante al materializar la tecnolog\u00eda Led en todas las v\u00edas y espacios municipales. El Concejal de Servicios ha estado a pie de calle comprobando los trabajos que ELECNOR ha iniciado hoy, la sustituci\u00f3n de luminarias del alumbrado p\u00fablico en Caudete. Esta es una de las partes que mayor beneficio &hellip;<\/p>\n","protected":false},"author":1,"featured_media":5740,"comment_status":"closed","ping_status":"open","sticky":false,"template":"","format":"standard","meta":{"ngg_post_thumbnail":0,"footnotes":""},"categories":[26],"tags":[65],"class_list":["post-5738","post","type-post","status-publish","format-standard","has-post-thumbnail","hentry","category-obras-y-servicios","tag-luminarias"],"yoast_head":"<!-- This site is optimized with the Yoast SEO plugin v27.5 - https:\/\/yoast.com\/product\/yoast-seo-wordpress\/ -->\n<title>El cambio de luminarias led empieza en el Barrio San Francisco - MI Ayuntamiento de Caudete<\/title>\n<meta name=\"description\" content=\"P\u00e1gina Oficial del Ayuntamiento de Caudete (Albacete)\" \/>\n<meta name=\"robots\" content=\"index, follow, max-snippet:-1, max-image-preview:large, max-video-preview:-1\" \/>\n<link rel=\"canonical\" href=\"https:\/\/www.caudete.org\/ayuntamiento\/el-cambio-de-luminarias-led-empieza-en-el-barrio-san-francisco\/\" \/>\n<meta property=\"og:locale\" content=\"es_ES\" \/>\n<meta property=\"og:type\" content=\"article\" \/>\n<meta property=\"og:title\" content=\"El cambio de luminarias led empieza en el Barrio San Francisco - MI Ayuntamiento de Caudete\" \/>\n<meta property=\"og:description\" content=\"P\u00e1gina Oficial del Ayuntamiento de Caudete (Albacete)\" \/>\n<meta property=\"og:url\" content=\"https:\/\/www.caudete.org\/ayuntamiento\/el-cambio-de-luminarias-led-empieza-en-el-barrio-san-francisco\/\" \/>\n<meta property=\"og:site_name\" content=\"MI Ayuntamiento de Caudete\" \/>\n<meta property=\"article:publisher\" content=\"https:\/\/www.facebook.com\/ayuntamientocaudete\/\" \/>\n<meta property=\"article:published_time\" content=\"2020-11-20T10:36:08+00:00\" \/>\n<meta property=\"article:modified_time\" content=\"2020-12-14T18:46:11+00:00\" \/>\n<meta property=\"og:image\" content=\"https:\/\/www.caudete.org\/ayuntamiento\/wp-content\/uploads\/2020\/11\/luminarias2.jpg\" \/>\n\t<meta property=\"og:image:width\" content=\"800\" \/>\n\t<meta property=\"og:image:height\" content=\"600\" \/>\n\t<meta property=\"og:image:type\" content=\"image\/jpeg\" \/>\n<meta name=\"author\" content=\"ayun\" \/>\n<meta name=\"twitter:card\" content=\"summary_large_image\" \/>\n<meta name=\"twitter:label1\" content=\"Escrito por\" \/>\n\t<meta name=\"twitter:data1\" content=\"ayun\" \/>\n\t<meta name=\"twitter:label2\" content=\"Tiempo de lectura\" \/>\n\t<meta name=\"twitter:data2\" content=\"2 minutos\" \/>\n<script type=\"application\/ld+json\" class=\"yoast-schema-graph\">{\"@context\":\"https:\\\/\\\/schema.org\",\"@graph\":[{\"@type\":\"Article\",\"@id\":\"https:\\\/\\\/www.caudete.org\\\/ayuntamiento\\\/el-cambio-de-luminarias-led-empieza-en-el-barrio-san-francisco\\\/#article\",\"isPartOf\":{\"@id\":\"https:\\\/\\\/www.caudete.org\\\/ayuntamiento\\\/el-cambio-de-luminarias-led-empieza-en-el-barrio-san-francisco\\\/\"},\"author\":{\"name\":\"ayun\",\"@id\":\"https:\\\/\\\/www.caudete.org\\\/ayuntamiento\\\/#\\\/schema\\\/person\\\/79f7e19fdd176fc2bc7a289013dc2056\"},\"headline\":\"El cambio de luminarias led empieza en el Barrio San Francisco\",\"datePublished\":\"2020-11-20T10:36:08+00:00\",\"dateModified\":\"2020-12-14T18:46:11+00:00\",\"mainEntityOfPage\":{\"@id\":\"https:\\\/\\\/www.caudete.org\\\/ayuntamiento\\\/el-cambio-de-luminarias-led-empieza-en-el-barrio-san-francisco\\\/\"},\"wordCount\":351,\"image\":{\"@id\":\"https:\\\/\\\/www.caudete.org\\\/ayuntamiento\\\/el-cambio-de-luminarias-led-empieza-en-el-barrio-san-francisco\\\/#primaryimage\"},\"thumbnailUrl\":\"https:\\\/\\\/www.caudete.org\\\/ayuntamiento\\\/wp-content\\\/uploads\\\/2020\\\/11\\\/luminarias2.jpg\",\"keywords\":[\"luminarias\"],\"articleSection\":[\"Obras y Servicios\"],\"inLanguage\":\"es\"},{\"@type\":\"WebPage\",\"@id\":\"https:\\\/\\\/www.caudete.org\\\/ayuntamiento\\\/el-cambio-de-luminarias-led-empieza-en-el-barrio-san-francisco\\\/\",\"url\":\"https:\\\/\\\/www.caudete.org\\\/ayuntamiento\\\/el-cambio-de-luminarias-led-empieza-en-el-barrio-san-francisco\\\/\",\"name\":\"El cambio de luminarias led empieza en el Barrio San Francisco - MI Ayuntamiento de Caudete\",\"isPartOf\":{\"@id\":\"https:\\\/\\\/www.caudete.org\\\/ayuntamiento\\\/#website\"},\"primaryImageOfPage\":{\"@id\":\"https:\\\/\\\/www.caudete.org\\\/ayuntamiento\\\/el-cambio-de-luminarias-led-empieza-en-el-barrio-san-francisco\\\/#primaryimage\"},\"image\":{\"@id\":\"https:\\\/\\\/www.caudete.org\\\/ayuntamiento\\\/el-cambio-de-luminarias-led-empieza-en-el-barrio-san-francisco\\\/#primaryimage\"},\"thumbnailUrl\":\"https:\\\/\\\/www.caudete.org\\\/ayuntamiento\\\/wp-content\\\/uploads\\\/2020\\\/11\\\/luminarias2.jpg\",\"datePublished\":\"2020-11-20T10:36:08+00:00\",\"dateModified\":\"2020-12-14T18:46:11+00:00\",\"author\":{\"@id\":\"https:\\\/\\\/www.caudete.org\\\/ayuntamiento\\\/#\\\/schema\\\/person\\\/79f7e19fdd176fc2bc7a289013dc2056\"},\"description\":\"P\u00e1gina Oficial del Ayuntamiento de Caudete (Albacete)\",\"breadcrumb\":{\"@id\":\"https:\\\/\\\/www.caudete.org\\\/ayuntamiento\\\/el-cambio-de-luminarias-led-empieza-en-el-barrio-san-francisco\\\/#breadcrumb\"},\"inLanguage\":\"es\",\"potentialAction\":[{\"@type\":\"ReadAction\",\"target\":[\"https:\\\/\\\/www.caudete.org\\\/ayuntamiento\\\/el-cambio-de-luminarias-led-empieza-en-el-barrio-san-francisco\\\/\"]}]},{\"@type\":\"ImageObject\",\"inLanguage\":\"es\",\"@id\":\"https:\\\/\\\/www.caudete.org\\\/ayuntamiento\\\/el-cambio-de-luminarias-led-empieza-en-el-barrio-san-francisco\\\/#primaryimage\",\"url\":\"https:\\\/\\\/www.caudete.org\\\/ayuntamiento\\\/wp-content\\\/uploads\\\/2020\\\/11\\\/luminarias2.jpg\",\"contentUrl\":\"https:\\\/\\\/www.caudete.org\\\/ayuntamiento\\\/wp-content\\\/uploads\\\/2020\\\/11\\\/luminarias2.jpg\",\"width\":800,\"height\":600},{\"@type\":\"BreadcrumbList\",\"@id\":\"https:\\\/\\\/www.caudete.org\\\/ayuntamiento\\\/el-cambio-de-luminarias-led-empieza-en-el-barrio-san-francisco\\\/#breadcrumb\",\"itemListElement\":[{\"@type\":\"ListItem\",\"position\":1,\"name\":\"Inicio\",\"item\":\"https:\\\/\\\/www.caudete.org\\\/ayuntamiento\\\/\"},{\"@type\":\"ListItem\",\"position\":2,\"name\":\"El cambio de luminarias led empieza en el Barrio San Francisco\"}]},{\"@type\":\"WebSite\",\"@id\":\"https:\\\/\\\/www.caudete.org\\\/ayuntamiento\\\/#website\",\"url\":\"https:\\\/\\\/www.caudete.org\\\/ayuntamiento\\\/\",\"name\":\"MI Ayuntamiento de Caudete\",\"description\":\"P\u00e1gina Oficial del MI Ayuntamiento de Caudete\",\"potentialAction\":[{\"@type\":\"SearchAction\",\"target\":{\"@type\":\"EntryPoint\",\"urlTemplate\":\"https:\\\/\\\/www.caudete.org\\\/ayuntamiento\\\/?s={search_term_string}\"},\"query-input\":{\"@type\":\"PropertyValueSpecification\",\"valueRequired\":true,\"valueName\":\"search_term_string\"}}],\"inLanguage\":\"es\"},{\"@type\":\"Person\",\"@id\":\"https:\\\/\\\/www.caudete.org\\\/ayuntamiento\\\/#\\\/schema\\\/person\\\/79f7e19fdd176fc2bc7a289013dc2056\",\"name\":\"ayun\",\"image\":{\"@type\":\"ImageObject\",\"inLanguage\":\"es\",\"@id\":\"https:\\\/\\\/secure.gravatar.com\\\/avatar\\\/4ce797ee07c943e7e592f8cd648e503e6cd571387558ed07135799c2bd2847df?s=96&d=mm&r=g\",\"url\":\"https:\\\/\\\/secure.gravatar.com\\\/avatar\\\/4ce797ee07c943e7e592f8cd648e503e6cd571387558ed07135799c2bd2847df?s=96&d=mm&r=g\",\"contentUrl\":\"https:\\\/\\\/secure.gravatar.com\\\/avatar\\\/4ce797ee07c943e7e592f8cd648e503e6cd571387558ed07135799c2bd2847df?s=96&d=mm&r=g\",\"caption\":\"ayun\"},\"sameAs\":[\"http:\\\/\\\/www.caudete.org\\\/ayuntamiento\"],\"url\":\"https:\\\/\\\/www.caudete.org\\\/ayuntamiento\\\/author\\\/ayun\\\/\"}]}<\/script>\n<!-- \/ Yoast SEO plugin. -->","yoast_head_json":{"title":"El cambio de luminarias led empieza en el Barrio San Francisco - MI Ayuntamiento de Caudete","description":"P\u00e1gina Oficial del Ayuntamiento de Caudete (Albacete)","robots":{"index":"index","follow":"follow","max-snippet":"max-snippet:-1","max-image-preview":"max-image-preview:large","max-video-preview":"max-video-preview:-1"},"canonical":"https:\/\/www.caudete.org\/ayuntamiento\/el-cambio-de-luminarias-led-empieza-en-el-barrio-san-francisco\/","og_locale":"es_ES","og_type":"article","og_title":"El cambio de luminarias led empieza en el Barrio San Francisco - MI Ayuntamiento de Caudete","og_description":"P\u00e1gina Oficial del Ayuntamiento de Caudete (Albacete)","og_url":"https:\/\/www.caudete.org\/ayuntamiento\/el-cambio-de-luminarias-led-empieza-en-el-barrio-san-francisco\/","og_site_name":"MI Ayuntamiento de Caudete","article_publisher":"https:\/\/www.facebook.com\/ayuntamientocaudete\/","article_published_time":"2020-11-20T10:36:08+00:00","article_modified_time":"2020-12-14T18:46:11+00:00","og_image":[{"width":800,"height":600,"url":"https:\/\/www.caudete.org\/ayuntamiento\/wp-content\/uploads\/2020\/11\/luminarias2.jpg","type":"image\/jpeg"}],"author":"ayun","twitter_card":"summary_large_image","twitter_misc":{"Escrito por":"ayun","Tiempo de lectura":"2 minutos"},"schema":{"@context":"https:\/\/schema.org","@graph":[{"@type":"Article","@id":"https:\/\/www.caudete.org\/ayuntamiento\/el-cambio-de-luminarias-led-empieza-en-el-barrio-san-francisco\/#article","isPartOf":{"@id":"https:\/\/www.caudete.org\/ayuntamiento\/el-cambio-de-luminarias-led-empieza-en-el-barrio-san-francisco\/"},"author":{"name":"ayun","@id":"https:\/\/www.caudete.org\/ayuntamiento\/#\/schema\/person\/79f7e19fdd176fc2bc7a289013dc2056"},"headline":"El cambio de luminarias led empieza en el Barrio San Francisco","datePublished":"2020-11-20T10:36:08+00:00","dateModified":"2020-12-14T18:46:11+00:00","mainEntityOfPage":{"@id":"https:\/\/www.caudete.org\/ayuntamiento\/el-cambio-de-luminarias-led-empieza-en-el-barrio-san-francisco\/"},"wordCount":351,"image":{"@id":"https:\/\/www.caudete.org\/ayuntamiento\/el-cambio-de-luminarias-led-empieza-en-el-barrio-san-francisco\/#primaryimage"},"thumbnailUrl":"https:\/\/www.caudete.org\/ayuntamiento\/wp-content\/uploads\/2020\/11\/luminarias2.jpg","keywords":["luminarias"],"articleSection":["Obras y Servicios"],"inLanguage":"es"},{"@type":"WebPage","@id":"https:\/\/www.caudete.org\/ayuntamiento\/el-cambio-de-luminarias-led-empieza-en-el-barrio-san-francisco\/","url":"https:\/\/www.caudete.org\/ayuntamiento\/el-cambio-de-luminarias-led-empieza-en-el-barrio-san-francisco\/","name":"El cambio de luminarias led empieza en el Barrio San Francisco - MI Ayuntamiento de Caudete","isPartOf":{"@id":"https:\/\/www.caudete.org\/ayuntamiento\/#website"},"primaryImageOfPage":{"@id":"https:\/\/www.caudete.org\/ayuntamiento\/el-cambio-de-luminarias-led-empieza-en-el-barrio-san-francisco\/#primaryimage"},"image":{"@id":"https:\/\/www.caudete.org\/ayuntamiento\/el-cambio-de-luminarias-led-empieza-en-el-barrio-san-francisco\/#primaryimage"},"thumbnailUrl":"https:\/\/www.caudete.org\/ayuntamiento\/wp-content\/uploads\/2020\/11\/luminarias2.jpg","datePublished":"2020-11-20T10:36:08+00:00","dateModified":"2020-12-14T18:46:11+00:00","author":{"@id":"https:\/\/www.caudete.org\/ayuntamiento\/#\/schema\/person\/79f7e19fdd176fc2bc7a289013dc2056"},"description":"P\u00e1gina Oficial del Ayuntamiento de Caudete (Albacete)","breadcrumb":{"@id":"https:\/\/www.caudete.org\/ayuntamiento\/el-cambio-de-luminarias-led-empieza-en-el-barrio-san-francisco\/#breadcrumb"},"inLanguage":"es","potentialAction":[{"@type":"ReadAction","target":["https:\/\/www.caudete.org\/ayuntamiento\/el-cambio-de-luminarias-led-empieza-en-el-barrio-san-francisco\/"]}]},{"@type":"ImageObject","inLanguage":"es","@id":"https:\/\/www.caudete.org\/ayuntamiento\/el-cambio-de-luminarias-led-empieza-en-el-barrio-san-francisco\/#primaryimage","url":"https:\/\/www.caudete.org\/ayuntamiento\/wp-content\/uploads\/2020\/11\/luminarias2.jpg","contentUrl":"https:\/\/www.caudete.org\/ayuntamiento\/wp-content\/uploads\/2020\/11\/luminarias2.jpg","width":800,"height":600},{"@type":"BreadcrumbList","@id":"https:\/\/www.caudete.org\/ayuntamiento\/el-cambio-de-luminarias-led-empieza-en-el-barrio-san-francisco\/#breadcrumb","itemListElement":[{"@type":"ListItem","position":1,"name":"Inicio","item":"https:\/\/www.caudete.org\/ayuntamiento\/"},{"@type":"ListItem","position":2,"name":"El cambio de luminarias led empieza en el Barrio San Francisco"}]},{"@type":"WebSite","@id":"https:\/\/www.caudete.org\/ayuntamiento\/#website","url":"https:\/\/www.caudete.org\/ayuntamiento\/","name":"MI Ayuntamiento de Caudete","description":"P\u00e1gina Oficial del MI Ayuntamiento de Caudete","potentialAction":[{"@type":"SearchAction","target":{"@type":"EntryPoint","urlTemplate":"https:\/\/www.caudete.org\/ayuntamiento\/?s={search_term_string}"},"query-input":{"@type":"PropertyValueSpecification","valueRequired":true,"valueName":"search_term_string"}}],"inLanguage":"es"},{"@type":"Person","@id":"https:\/\/www.caudete.org\/ayuntamiento\/#\/schema\/person\/79f7e19fdd176fc2bc7a289013dc2056","name":"ayun","image":{"@type":"ImageObject","inLanguage":"es","@id":"https:\/\/secure.gravatar.com\/avatar\/4ce797ee07c943e7e592f8cd648e503e6cd571387558ed07135799c2bd2847df?s=96&d=mm&r=g","url":"https:\/\/secure.gravatar.com\/avatar\/4ce797ee07c943e7e592f8cd648e503e6cd571387558ed07135799c2bd2847df?s=96&d=mm&r=g","contentUrl":"https:\/\/secure.gravatar.com\/avatar\/4ce797ee07c943e7e592f8cd648e503e6cd571387558ed07135799c2bd2847df?s=96&d=mm&r=g","caption":"ayun"},"sameAs":["http:\/\/www.caudete.org\/ayuntamiento"],"url":"https:\/\/www.caudete.org\/ayuntamiento\/author\/ayun\/"}]}},"_links":{"self":[{"href":"https:\/\/www.caudete.org\/ayuntamiento\/wp-json\/wp\/v2\/posts\/5738","targetHints":{"allow":["GET"]}}],"collection":[{"href":"https:\/\/www.caudete.org\/ayuntamiento\/wp-json\/wp\/v2\/posts"}],"about":[{"href":"https:\/\/www.caudete.org\/ayuntamiento\/wp-json\/wp\/v2\/types\/post"}],"author":[{"embeddable":true,"href":"https:\/\/www.caudete.org\/ayuntamiento\/wp-json\/wp\/v2\/users\/1"}],"replies":[{"embeddable":true,"href":"https:\/\/www.caudete.org\/ayuntamiento\/wp-json\/wp\/v2\/comments?post=5738"}],"version-history":[{"count":3,"href":"https:\/\/www.caudete.org\/ayuntamiento\/wp-json\/wp\/v2\/posts\/5738\/revisions"}],"predecessor-version":[{"id":9468,"href":"https:\/\/www.caudete.org\/ayuntamiento\/wp-json\/wp\/v2\/posts\/5738\/revisions\/9468"}],"wp:featuredmedia":[{"embeddable":true,"href":"https:\/\/www.caudete.org\/ayuntamiento\/wp-json\/wp\/v2\/media\/5740"}],"wp:attachment":[{"href":"https:\/\/www.caudete.org\/ayuntamiento\/wp-json\/wp\/v2\/media?parent=5738"}],"wp:term":[{"taxonomy":"category","embeddable":true,"href":"https:\/\/www.caudete.org\/ayuntamiento\/wp-json\/wp\/v2\/categories?post=5738"},{"taxonomy":"post_tag","embeddable":true,"href":"https:\/\/www.caudete.org\/ayuntamiento\/wp-json\/wp\/v2\/tags?post=5738"}],"curies":[{"name":"wp","href":"https:\/\/api.w.org\/{rel}","templated":true}]}}