{"id":5743,"date":"2020-11-22T11:41:38","date_gmt":"2020-11-22T10:41:38","guid":{"rendered":"http:\/\/www.caudete.org\/ayuntamiento\/?p=5743"},"modified":"2020-12-14T19:44:36","modified_gmt":"2020-12-14T18:44:36","slug":"61-000-euros-de-ayudas-para-obras-en-edificios-municipales-por-la-dana-de-2019","status":"publish","type":"post","link":"https:\/\/www.caudete.org\/ayuntamiento\/61-000-euros-de-ayudas-para-obras-en-edificios-municipales-por-la-dana-de-2019\/","title":{"rendered":"61.000 euros de ayudas para obras en edificios municipales por la DANA de 2019"},"content":{"rendered":"<p style=\"text-align: justify;\">Esta ma\u00f1ana, el Alcalde Mois\u00e9s L\u00f3pez, acompa\u00f1ado de los Concejales de Emergencias y Mayores, Pilar Egea, Comercio, Diego Cuenca y Cultura Luis Felipe Ba\u00f1\u00f3n; han dado a conocer la resoluci\u00f3n que en el d\u00eda de ayer conced\u00eda a Caudete ayudas para afrontar parte de las consecuencias de la Dana de 2019.<\/p>\n<p style=\"text-align: justify;\">Algo m\u00e1s de 61.000\u20ac han sido aprobados para el Ayuntamiento de Caudete, que suponen el 50% de los costes de los da\u00f1os causados en edificios municipales por la Dana del pasado Septiembre de 2019.<\/p>\n<p style=\"text-align: justify;\">En concreto, las cubiertas o parte de ellas del Centro de Mayores, Mercado de Abastos, Casa de Cultura y Sede de Protecci\u00f3n Civil son las beneficiarias de estas ayudas, cuya actuaci\u00f3n tiene que adjudicarse en los 3 meses siguientes a que la resoluci\u00f3n notificada sea publicada en el BOE. El desglose de las mismas queda como sigue:<\/p>\n<p style=\"text-align: justify;\"><strong>CENTRO DE MAYORES<\/strong><\/p>\n<p style=\"text-align: justify;\">Memoria valorada de da\u00f1os = 33.200\u20ac<\/p>\n<p style=\"text-align: justify;\">La subvencionan otorga el 50%, lo que supone que 16.600\u20ac ser\u00e1n aportados por el Ayuntamiento.<\/p>\n<p style=\"text-align: justify;\"><strong>MERCADO DE ABASTOS<\/strong><\/p>\n<p style=\"text-align: justify;\">Memoria valorada de da\u00f1os = 79.200\u20ac<\/p>\n<p style=\"text-align: justify;\">La subvencionan otorga el 50%, lo que supone que 39.600\u20ac ser\u00e1n aportados por el Ayuntamiento.<\/p>\n<p style=\"text-align: justify;\"><strong>CASA DE CULTURA<\/strong><\/p>\n<p style=\"text-align: justify;\">Memoria valorada de da\u00f1os = 5.800\u20ac<\/p>\n<p style=\"text-align: justify;\">La subvencionan otorga el 50%, lo que supone que 2.900\u20ac ser\u00e1n aportados por el Ayuntamiento.<\/p>\n<p style=\"text-align: justify;\"><strong>PROTECCI\u00d3N CIVIL<\/strong><\/p>\n<p style=\"text-align: justify;\">Memoria valorada de da\u00f1os = 5.500\u20ac<\/p>\n<p style=\"text-align: justify;\">La subvencionan otorga el 50%, lo que supone que 2.750\u20ac ser\u00e1n aportados por el Ayuntamiento.<\/p>\n<p style=\"text-align: justify;\">El Alcalde informaba que a ra\u00edz de la Dana, la Concejal\u00eda de Emergencias inici\u00f3 en colaboraci\u00f3n con otros Departamentos Municipales la tramitaci\u00f3n de las ayudas que los afectados solicitaban a la administraci\u00f3n central del Estado. Igualmente, se iniciaba expediente para tramitar ayudas a los desperfectos ocasionados en las infraestructuras Municipales, siendo admitidas a tr\u00e1mite las que hoy han resultado ser adjudicatarias.<\/p>\n<p style=\"text-align: justify;\">En la provincia de Albacete son un total de 63 ayudas con un importe algo superior a los 2&#8217;5 M\u20ac, ascendiendo el total nacional a los cerca de 48M\u20ac.<\/p>\n<p style=\"text-align: justify;\">El Concejal de Cultura, Luis Felipe Ba\u00f1\u00f3n, delegado del \u00e1rea de Econom\u00eda y Hacienda, adelantaba que el borrador de Presupuestos 2021 ha sido modificado para contemplar la parte que el Ayuntamiento asume, de manera que se pueda dar agilidad a la contrataci\u00f3n de las obras, ya que el Presupuesto espera ser elevado a Comisi\u00f3n y Pleno en pr\u00f3ximas semanas.<\/p>\n<p><img fetchpriority=\"high\" decoding=\"async\" class=\"aligncenter size-full wp-image-5744\" src=\"http:\/\/www.caudete.org\/ayuntamiento\/wp-content\/uploads\/2020\/11\/ayudas_dana.jpg\" alt=\"\" width=\"800\" height=\"450\" srcset=\"https:\/\/www.caudete.org\/ayuntamiento\/wp-content\/uploads\/2020\/11\/ayudas_dana.jpg 800w, https:\/\/www.caudete.org\/ayuntamiento\/wp-content\/uploads\/2020\/11\/ayudas_dana-300x169.jpg 300w, https:\/\/www.caudete.org\/ayuntamiento\/wp-content\/uploads\/2020\/11\/ayudas_dana-768x432.jpg 768w\" sizes=\"(max-width: 800px) 100vw, 800px\" \/><\/p>\n<p><img decoding=\"async\" class=\"aligncenter size-full wp-image-5745\" src=\"http:\/\/www.caudete.org\/ayuntamiento\/wp-content\/uploads\/2020\/11\/ayudas_dana2.jpg\" alt=\"\" width=\"800\" height=\"534\" srcset=\"https:\/\/www.caudete.org\/ayuntamiento\/wp-content\/uploads\/2020\/11\/ayudas_dana2.jpg 800w, https:\/\/www.caudete.org\/ayuntamiento\/wp-content\/uploads\/2020\/11\/ayudas_dana2-300x200.jpg 300w, https:\/\/www.caudete.org\/ayuntamiento\/wp-content\/uploads\/2020\/11\/ayudas_dana2-768x513.jpg 768w\" sizes=\"(max-width: 800px) 100vw, 800px\" \/><\/p>\n","protected":false},"excerpt":{"rendered":"<p>Esta ma\u00f1ana, el Alcalde Mois\u00e9s L\u00f3pez, acompa\u00f1ado de los Concejales de Emergencias y Mayores, Pilar Egea, Comercio, Diego Cuenca y Cultura Luis Felipe Ba\u00f1\u00f3n; han dado a conocer la resoluci\u00f3n que en el d\u00eda de ayer conced\u00eda a Caudete ayudas para afrontar parte de las consecuencias de la Dana de 2019. Algo m\u00e1s de 61.000\u20ac &hellip;<\/p>\n","protected":false},"author":1,"featured_media":5744,"comment_status":"closed","ping_status":"open","sticky":false,"template":"","format":"standard","meta":{"ngg_post_thumbnail":0,"footnotes":""},"categories":[41],"tags":[66],"class_list":["post-5743","post","type-post","status-publish","format-standard","has-post-thumbnail","hentry","category-emergencias","tag-ayudas"],"yoast_head":"<!-- This site is optimized with the Yoast SEO plugin v27.5 - https:\/\/yoast.com\/product\/yoast-seo-wordpress\/ -->\n<title>61.000 euros de ayudas para obras en edificios municipales por la DANA de 2019 - MI Ayuntamiento de Caudete<\/title>\n<meta name=\"description\" content=\"P\u00e1gina Oficial del Ayuntamiento de Caudete (Albacete)\" \/>\n<meta name=\"robots\" content=\"index, follow, max-snippet:-1, max-image-preview:large, max-video-preview:-1\" \/>\n<link rel=\"canonical\" href=\"https:\/\/www.caudete.org\/ayuntamiento\/61-000-euros-de-ayudas-para-obras-en-edificios-municipales-por-la-dana-de-2019\/\" \/>\n<meta property=\"og:locale\" content=\"es_ES\" \/>\n<meta property=\"og:type\" content=\"article\" \/>\n<meta property=\"og:title\" content=\"61.000 euros de ayudas para obras en edificios municipales por la DANA de 2019 - MI Ayuntamiento de Caudete\" \/>\n<meta property=\"og:description\" content=\"P\u00e1gina Oficial del Ayuntamiento de Caudete (Albacete)\" \/>\n<meta property=\"og:url\" content=\"https:\/\/www.caudete.org\/ayuntamiento\/61-000-euros-de-ayudas-para-obras-en-edificios-municipales-por-la-dana-de-2019\/\" \/>\n<meta property=\"og:site_name\" content=\"MI Ayuntamiento de Caudete\" \/>\n<meta property=\"article:publisher\" content=\"https:\/\/www.facebook.com\/ayuntamientocaudete\/\" \/>\n<meta property=\"article:published_time\" content=\"2020-11-22T10:41:38+00:00\" \/>\n<meta property=\"article:modified_time\" content=\"2020-12-14T18:44:36+00:00\" \/>\n<meta property=\"og:image\" content=\"https:\/\/www.caudete.org\/ayuntamiento\/wp-content\/uploads\/2020\/11\/ayudas_dana.jpg\" \/>\n\t<meta property=\"og:image:width\" content=\"800\" \/>\n\t<meta property=\"og:image:height\" content=\"450\" \/>\n\t<meta property=\"og:image:type\" content=\"image\/jpeg\" \/>\n<meta name=\"author\" content=\"ayun\" \/>\n<meta name=\"twitter:card\" content=\"summary_large_image\" \/>\n<meta name=\"twitter:label1\" content=\"Escrito por\" \/>\n\t<meta name=\"twitter:data1\" content=\"ayun\" \/>\n\t<meta name=\"twitter:label2\" content=\"Tiempo de lectura\" \/>\n\t<meta name=\"twitter:data2\" content=\"2 minutos\" \/>\n<script type=\"application\/ld+json\" class=\"yoast-schema-graph\">{\"@context\":\"https:\\\/\\\/schema.org\",\"@graph\":[{\"@type\":\"Article\",\"@id\":\"https:\\\/\\\/www.caudete.org\\\/ayuntamiento\\\/61-000-euros-de-ayudas-para-obras-en-edificios-municipales-por-la-dana-de-2019\\\/#article\",\"isPartOf\":{\"@id\":\"https:\\\/\\\/www.caudete.org\\\/ayuntamiento\\\/61-000-euros-de-ayudas-para-obras-en-edificios-municipales-por-la-dana-de-2019\\\/\"},\"author\":{\"name\":\"ayun\",\"@id\":\"https:\\\/\\\/www.caudete.org\\\/ayuntamiento\\\/#\\\/schema\\\/person\\\/79f7e19fdd176fc2bc7a289013dc2056\"},\"headline\":\"61.000 euros de ayudas para obras en edificios municipales por la DANA de 2019\",\"datePublished\":\"2020-11-22T10:41:38+00:00\",\"dateModified\":\"2020-12-14T18:44:36+00:00\",\"mainEntityOfPage\":{\"@id\":\"https:\\\/\\\/www.caudete.org\\\/ayuntamiento\\\/61-000-euros-de-ayudas-para-obras-en-edificios-municipales-por-la-dana-de-2019\\\/\"},\"wordCount\":407,\"publisher\":{\"@id\":\"https:\\\/\\\/www.caudete.org\\\/ayuntamiento\\\/#organization\"},\"image\":{\"@id\":\"https:\\\/\\\/www.caudete.org\\\/ayuntamiento\\\/61-000-euros-de-ayudas-para-obras-en-edificios-municipales-por-la-dana-de-2019\\\/#primaryimage\"},\"thumbnailUrl\":\"https:\\\/\\\/www.caudete.org\\\/ayuntamiento\\\/wp-content\\\/uploads\\\/2020\\\/11\\\/ayudas_dana.jpg\",\"keywords\":[\"ayudas\"],\"articleSection\":[\"Emergencias\"],\"inLanguage\":\"es\"},{\"@type\":\"WebPage\",\"@id\":\"https:\\\/\\\/www.caudete.org\\\/ayuntamiento\\\/61-000-euros-de-ayudas-para-obras-en-edificios-municipales-por-la-dana-de-2019\\\/\",\"url\":\"https:\\\/\\\/www.caudete.org\\\/ayuntamiento\\\/61-000-euros-de-ayudas-para-obras-en-edificios-municipales-por-la-dana-de-2019\\\/\",\"name\":\"61.000 euros de ayudas para obras en edificios municipales por la DANA de 2019 - MI Ayuntamiento de Caudete\",\"isPartOf\":{\"@id\":\"https:\\\/\\\/www.caudete.org\\\/ayuntamiento\\\/#website\"},\"primaryImageOfPage\":{\"@id\":\"https:\\\/\\\/www.caudete.org\\\/ayuntamiento\\\/61-000-euros-de-ayudas-para-obras-en-edificios-municipales-por-la-dana-de-2019\\\/#primaryimage\"},\"image\":{\"@id\":\"https:\\\/\\\/www.caudete.org\\\/ayuntamiento\\\/61-000-euros-de-ayudas-para-obras-en-edificios-municipales-por-la-dana-de-2019\\\/#primaryimage\"},\"thumbnailUrl\":\"https:\\\/\\\/www.caudete.org\\\/ayuntamiento\\\/wp-content\\\/uploads\\\/2020\\\/11\\\/ayudas_dana.jpg\",\"datePublished\":\"2020-11-22T10:41:38+00:00\",\"dateModified\":\"2020-12-14T18:44:36+00:00\",\"description\":\"P\u00e1gina Oficial del Ayuntamiento de Caudete (Albacete)\",\"breadcrumb\":{\"@id\":\"https:\\\/\\\/www.caudete.org\\\/ayuntamiento\\\/61-000-euros-de-ayudas-para-obras-en-edificios-municipales-por-la-dana-de-2019\\\/#breadcrumb\"},\"inLanguage\":\"es\",\"potentialAction\":[{\"@type\":\"ReadAction\",\"target\":[\"https:\\\/\\\/www.caudete.org\\\/ayuntamiento\\\/61-000-euros-de-ayudas-para-obras-en-edificios-municipales-por-la-dana-de-2019\\\/\"]}]},{\"@type\":\"ImageObject\",\"inLanguage\":\"es\",\"@id\":\"https:\\\/\\\/www.caudete.org\\\/ayuntamiento\\\/61-000-euros-de-ayudas-para-obras-en-edificios-municipales-por-la-dana-de-2019\\\/#primaryimage\",\"url\":\"https:\\\/\\\/www.caudete.org\\\/ayuntamiento\\\/wp-content\\\/uploads\\\/2020\\\/11\\\/ayudas_dana.jpg\",\"contentUrl\":\"https:\\\/\\\/www.caudete.org\\\/ayuntamiento\\\/wp-content\\\/uploads\\\/2020\\\/11\\\/ayudas_dana.jpg\",\"width\":800,\"height\":450},{\"@type\":\"BreadcrumbList\",\"@id\":\"https:\\\/\\\/www.caudete.org\\\/ayuntamiento\\\/61-000-euros-de-ayudas-para-obras-en-edificios-municipales-por-la-dana-de-2019\\\/#breadcrumb\",\"itemListElement\":[{\"@type\":\"ListItem\",\"position\":1,\"name\":\"Inicio\",\"item\":\"https:\\\/\\\/www.caudete.org\\\/ayuntamiento\\\/\"},{\"@type\":\"ListItem\",\"position\":2,\"name\":\"61.000 euros de ayudas para obras en edificios municipales por la DANA de 2019\"}]},{\"@type\":\"WebSite\",\"@id\":\"https:\\\/\\\/www.caudete.org\\\/ayuntamiento\\\/#website\",\"url\":\"https:\\\/\\\/www.caudete.org\\\/ayuntamiento\\\/\",\"name\":\"MI Ayuntamiento de Caudete\",\"description\":\"P\u00e1gina Oficial del MI Ayuntamiento de Caudete\",\"publisher\":{\"@id\":\"https:\\\/\\\/www.caudete.org\\\/ayuntamiento\\\/#organization\"},\"potentialAction\":[{\"@type\":\"SearchAction\",\"target\":{\"@type\":\"EntryPoint\",\"urlTemplate\":\"https:\\\/\\\/www.caudete.org\\\/ayuntamiento\\\/?s={search_term_string}\"},\"query-input\":{\"@type\":\"PropertyValueSpecification\",\"valueRequired\":true,\"valueName\":\"search_term_string\"}}],\"inLanguage\":\"es\"},{\"@type\":\"Organization\",\"@id\":\"https:\\\/\\\/www.caudete.org\\\/ayuntamiento\\\/#organization\",\"name\":\"Ayuntamiento de Caudete\",\"url\":\"https:\\\/\\\/www.caudete.org\\\/ayuntamiento\\\/\",\"logo\":{\"@type\":\"ImageObject\",\"inLanguage\":\"es\",\"@id\":\"https:\\\/\\\/www.caudete.org\\\/ayuntamiento\\\/#\\\/schema\\\/logo\\\/image\\\/\",\"url\":\"https:\\\/\\\/www.caudete.org\\\/ayuntamiento\\\/wp-content\\\/uploads\\\/2020\\\/11\\\/logo_ayuntamiento_caudete.jpg\",\"contentUrl\":\"https:\\\/\\\/www.caudete.org\\\/ayuntamiento\\\/wp-content\\\/uploads\\\/2020\\\/11\\\/logo_ayuntamiento_caudete.jpg\",\"width\":600,\"height\":150,\"caption\":\"Ayuntamiento de Caudete\"},\"image\":{\"@id\":\"https:\\\/\\\/www.caudete.org\\\/ayuntamiento\\\/#\\\/schema\\\/logo\\\/image\\\/\"},\"sameAs\":[\"https:\\\/\\\/www.facebook.com\\\/ayuntamientocaudete\\\/\",\"https:\\\/\\\/www.youtube.com\\\/channel\\\/UC6VztHaooNsGpw-tNoBEFnQ\"]},{\"@type\":\"Person\",\"@id\":\"https:\\\/\\\/www.caudete.org\\\/ayuntamiento\\\/#\\\/schema\\\/person\\\/79f7e19fdd176fc2bc7a289013dc2056\",\"name\":\"ayun\",\"image\":{\"@type\":\"ImageObject\",\"inLanguage\":\"es\",\"@id\":\"https:\\\/\\\/secure.gravatar.com\\\/avatar\\\/4ce797ee07c943e7e592f8cd648e503e6cd571387558ed07135799c2bd2847df?s=96&d=mm&r=g\",\"url\":\"https:\\\/\\\/secure.gravatar.com\\\/avatar\\\/4ce797ee07c943e7e592f8cd648e503e6cd571387558ed07135799c2bd2847df?s=96&d=mm&r=g\",\"contentUrl\":\"https:\\\/\\\/secure.gravatar.com\\\/avatar\\\/4ce797ee07c943e7e592f8cd648e503e6cd571387558ed07135799c2bd2847df?s=96&d=mm&r=g\",\"caption\":\"ayun\"},\"sameAs\":[\"http:\\\/\\\/www.caudete.org\\\/ayuntamiento\"],\"url\":\"https:\\\/\\\/www.caudete.org\\\/ayuntamiento\\\/author\\\/ayun\\\/\"}]}<\/script>\n<!-- \/ Yoast SEO plugin. -->","yoast_head_json":{"title":"61.000 euros de ayudas para obras en edificios municipales por la DANA de 2019 - MI Ayuntamiento de Caudete","description":"P\u00e1gina Oficial del Ayuntamiento de Caudete (Albacete)","robots":{"index":"index","follow":"follow","max-snippet":"max-snippet:-1","max-image-preview":"max-image-preview:large","max-video-preview":"max-video-preview:-1"},"canonical":"https:\/\/www.caudete.org\/ayuntamiento\/61-000-euros-de-ayudas-para-obras-en-edificios-municipales-por-la-dana-de-2019\/","og_locale":"es_ES","og_type":"article","og_title":"61.000 euros de ayudas para obras en edificios municipales por la DANA de 2019 - MI Ayuntamiento de Caudete","og_description":"P\u00e1gina Oficial del Ayuntamiento de Caudete (Albacete)","og_url":"https:\/\/www.caudete.org\/ayuntamiento\/61-000-euros-de-ayudas-para-obras-en-edificios-municipales-por-la-dana-de-2019\/","og_site_name":"MI Ayuntamiento de Caudete","article_publisher":"https:\/\/www.facebook.com\/ayuntamientocaudete\/","article_published_time":"2020-11-22T10:41:38+00:00","article_modified_time":"2020-12-14T18:44:36+00:00","og_image":[{"width":800,"height":450,"url":"https:\/\/www.caudete.org\/ayuntamiento\/wp-content\/uploads\/2020\/11\/ayudas_dana.jpg","type":"image\/jpeg"}],"author":"ayun","twitter_card":"summary_large_image","twitter_misc":{"Escrito por":"ayun","Tiempo de lectura":"2 minutos"},"schema":{"@context":"https:\/\/schema.org","@graph":[{"@type":"Article","@id":"https:\/\/www.caudete.org\/ayuntamiento\/61-000-euros-de-ayudas-para-obras-en-edificios-municipales-por-la-dana-de-2019\/#article","isPartOf":{"@id":"https:\/\/www.caudete.org\/ayuntamiento\/61-000-euros-de-ayudas-para-obras-en-edificios-municipales-por-la-dana-de-2019\/"},"author":{"name":"ayun","@id":"https:\/\/www.caudete.org\/ayuntamiento\/#\/schema\/person\/79f7e19fdd176fc2bc7a289013dc2056"},"headline":"61.000 euros de ayudas para obras en edificios municipales por la DANA de 2019","datePublished":"2020-11-22T10:41:38+00:00","dateModified":"2020-12-14T18:44:36+00:00","mainEntityOfPage":{"@id":"https:\/\/www.caudete.org\/ayuntamiento\/61-000-euros-de-ayudas-para-obras-en-edificios-municipales-por-la-dana-de-2019\/"},"wordCount":407,"publisher":{"@id":"https:\/\/www.caudete.org\/ayuntamiento\/#organization"},"image":{"@id":"https:\/\/www.caudete.org\/ayuntamiento\/61-000-euros-de-ayudas-para-obras-en-edificios-municipales-por-la-dana-de-2019\/#primaryimage"},"thumbnailUrl":"https:\/\/www.caudete.org\/ayuntamiento\/wp-content\/uploads\/2020\/11\/ayudas_dana.jpg","keywords":["ayudas"],"articleSection":["Emergencias"],"inLanguage":"es"},{"@type":"WebPage","@id":"https:\/\/www.caudete.org\/ayuntamiento\/61-000-euros-de-ayudas-para-obras-en-edificios-municipales-por-la-dana-de-2019\/","url":"https:\/\/www.caudete.org\/ayuntamiento\/61-000-euros-de-ayudas-para-obras-en-edificios-municipales-por-la-dana-de-2019\/","name":"61.000 euros de ayudas para obras en edificios municipales por la DANA de 2019 - MI Ayuntamiento de Caudete","isPartOf":{"@id":"https:\/\/www.caudete.org\/ayuntamiento\/#website"},"primaryImageOfPage":{"@id":"https:\/\/www.caudete.org\/ayuntamiento\/61-000-euros-de-ayudas-para-obras-en-edificios-municipales-por-la-dana-de-2019\/#primaryimage"},"image":{"@id":"https:\/\/www.caudete.org\/ayuntamiento\/61-000-euros-de-ayudas-para-obras-en-edificios-municipales-por-la-dana-de-2019\/#primaryimage"},"thumbnailUrl":"https:\/\/www.caudete.org\/ayuntamiento\/wp-content\/uploads\/2020\/11\/ayudas_dana.jpg","datePublished":"2020-11-22T10:41:38+00:00","dateModified":"2020-12-14T18:44:36+00:00","description":"P\u00e1gina Oficial del Ayuntamiento de Caudete (Albacete)","breadcrumb":{"@id":"https:\/\/www.caudete.org\/ayuntamiento\/61-000-euros-de-ayudas-para-obras-en-edificios-municipales-por-la-dana-de-2019\/#breadcrumb"},"inLanguage":"es","potentialAction":[{"@type":"ReadAction","target":["https:\/\/www.caudete.org\/ayuntamiento\/61-000-euros-de-ayudas-para-obras-en-edificios-municipales-por-la-dana-de-2019\/"]}]},{"@type":"ImageObject","inLanguage":"es","@id":"https:\/\/www.caudete.org\/ayuntamiento\/61-000-euros-de-ayudas-para-obras-en-edificios-municipales-por-la-dana-de-2019\/#primaryimage","url":"https:\/\/www.caudete.org\/ayuntamiento\/wp-content\/uploads\/2020\/11\/ayudas_dana.jpg","contentUrl":"https:\/\/www.caudete.org\/ayuntamiento\/wp-content\/uploads\/2020\/11\/ayudas_dana.jpg","width":800,"height":450},{"@type":"BreadcrumbList","@id":"https:\/\/www.caudete.org\/ayuntamiento\/61-000-euros-de-ayudas-para-obras-en-edificios-municipales-por-la-dana-de-2019\/#breadcrumb","itemListElement":[{"@type":"ListItem","position":1,"name":"Inicio","item":"https:\/\/www.caudete.org\/ayuntamiento\/"},{"@type":"ListItem","position":2,"name":"61.000 euros de ayudas para obras en edificios municipales por la DANA de 2019"}]},{"@type":"WebSite","@id":"https:\/\/www.caudete.org\/ayuntamiento\/#website","url":"https:\/\/www.caudete.org\/ayuntamiento\/","name":"MI Ayuntamiento de Caudete","description":"P\u00e1gina Oficial del MI Ayuntamiento de Caudete","publisher":{"@id":"https:\/\/www.caudete.org\/ayuntamiento\/#organization"},"potentialAction":[{"@type":"SearchAction","target":{"@type":"EntryPoint","urlTemplate":"https:\/\/www.caudete.org\/ayuntamiento\/?s={search_term_string}"},"query-input":{"@type":"PropertyValueSpecification","valueRequired":true,"valueName":"search_term_string"}}],"inLanguage":"es"},{"@type":"Organization","@id":"https:\/\/www.caudete.org\/ayuntamiento\/#organization","name":"Ayuntamiento de Caudete","url":"https:\/\/www.caudete.org\/ayuntamiento\/","logo":{"@type":"ImageObject","inLanguage":"es","@id":"https:\/\/www.caudete.org\/ayuntamiento\/#\/schema\/logo\/image\/","url":"https:\/\/www.caudete.org\/ayuntamiento\/wp-content\/uploads\/2020\/11\/logo_ayuntamiento_caudete.jpg","contentUrl":"https:\/\/www.caudete.org\/ayuntamiento\/wp-content\/uploads\/2020\/11\/logo_ayuntamiento_caudete.jpg","width":600,"height":150,"caption":"Ayuntamiento de Caudete"},"image":{"@id":"https:\/\/www.caudete.org\/ayuntamiento\/#\/schema\/logo\/image\/"},"sameAs":["https:\/\/www.facebook.com\/ayuntamientocaudete\/","https:\/\/www.youtube.com\/channel\/UC6VztHaooNsGpw-tNoBEFnQ"]},{"@type":"Person","@id":"https:\/\/www.caudete.org\/ayuntamiento\/#\/schema\/person\/79f7e19fdd176fc2bc7a289013dc2056","name":"ayun","image":{"@type":"ImageObject","inLanguage":"es","@id":"https:\/\/secure.gravatar.com\/avatar\/4ce797ee07c943e7e592f8cd648e503e6cd571387558ed07135799c2bd2847df?s=96&d=mm&r=g","url":"https:\/\/secure.gravatar.com\/avatar\/4ce797ee07c943e7e592f8cd648e503e6cd571387558ed07135799c2bd2847df?s=96&d=mm&r=g","contentUrl":"https:\/\/secure.gravatar.com\/avatar\/4ce797ee07c943e7e592f8cd648e503e6cd571387558ed07135799c2bd2847df?s=96&d=mm&r=g","caption":"ayun"},"sameAs":["http:\/\/www.caudete.org\/ayuntamiento"],"url":"https:\/\/www.caudete.org\/ayuntamiento\/author\/ayun\/"}]}},"_links":{"self":[{"href":"https:\/\/www.caudete.org\/ayuntamiento\/wp-json\/wp\/v2\/posts\/5743","targetHints":{"allow":["GET"]}}],"collection":[{"href":"https:\/\/www.caudete.org\/ayuntamiento\/wp-json\/wp\/v2\/posts"}],"about":[{"href":"https:\/\/www.caudete.org\/ayuntamiento\/wp-json\/wp\/v2\/types\/post"}],"author":[{"embeddable":true,"href":"https:\/\/www.caudete.org\/ayuntamiento\/wp-json\/wp\/v2\/users\/1"}],"replies":[{"embeddable":true,"href":"https:\/\/www.caudete.org\/ayuntamiento\/wp-json\/wp\/v2\/comments?post=5743"}],"version-history":[{"count":2,"href":"https:\/\/www.caudete.org\/ayuntamiento\/wp-json\/wp\/v2\/posts\/5743\/revisions"}],"predecessor-version":[{"id":9465,"href":"https:\/\/www.caudete.org\/ayuntamiento\/wp-json\/wp\/v2\/posts\/5743\/revisions\/9465"}],"wp:featuredmedia":[{"embeddable":true,"href":"https:\/\/www.caudete.org\/ayuntamiento\/wp-json\/wp\/v2\/media\/5744"}],"wp:attachment":[{"href":"https:\/\/www.caudete.org\/ayuntamiento\/wp-json\/wp\/v2\/media?parent=5743"}],"wp:term":[{"taxonomy":"category","embeddable":true,"href":"https:\/\/www.caudete.org\/ayuntamiento\/wp-json\/wp\/v2\/categories?post=5743"},{"taxonomy":"post_tag","embeddable":true,"href":"https:\/\/www.caudete.org\/ayuntamiento\/wp-json\/wp\/v2\/tags?post=5743"}],"curies":[{"name":"wp","href":"https:\/\/api.w.org\/{rel}","templated":true}]}}