{"id":5759,"date":"2020-11-24T11:51:34","date_gmt":"2020-11-24T10:51:34","guid":{"rendered":"http:\/\/www.caudete.org\/ayuntamiento\/?p=5759"},"modified":"2020-12-14T19:43:04","modified_gmt":"2020-12-14T18:43:04","slug":"el-presidente-de-la-diputacion-ha-visitado-las-obras-del-molino-de-san-anton","status":"publish","type":"post","link":"https:\/\/www.caudete.org\/ayuntamiento\/el-presidente-de-la-diputacion-ha-visitado-las-obras-del-molino-de-san-anton\/","title":{"rendered":"El presidente de la Diputaci\u00f3n ha visitado las obras del Molino de San Ant\u00f3n"},"content":{"rendered":"<p style=\"text-align: justify;\">Este lunes, el Presidente de la Diputaci\u00f3n de Albacete, Santiago Caba\u00f1ero, ha visitado junto a la vicepresidenta provincial, Amparo Torres, el estado de ejecuci\u00f3n de las obras que Ayuntamiento y Diputaci\u00f3n est\u00e1n llevando a cabo en la localidad.<\/p>\n<p style=\"text-align: justify;\">Simb\u00f3lica a nivel patrimonial y sentimental para los caudetanos es la intervenci\u00f3n que se est\u00e1 realizando para impedir que la Caudete pierda definitivamente uno de los grandes \u2018tesoros\u2019: el Molino de San Ant\u00f3n.<\/p>\n<p style=\"text-align: justify;\">Este emblema hist\u00f3rico de Caudete en lo que a su patrimonio se refiere (y que se remonta al siglo XV) ha venido sufriendo diversas situaciones que, junto al propio paso del tiempo, han ido provocando en \u00e9l un deterioro muy grave: despu\u00e9s de haber padecido la inundaci\u00f3n de toda su parte baja en septiembre de 2019 (cuando la DANA afect\u00f3 de forma muy intensa la localidad), a finales del pasado julio una antigua viga de la cubierta colaps\u00f3 provocando la ca\u00edda de parte de la techumbre y poniendo en serio riesgo la integridad de esta infraestructura.<\/p>\n<p style=\"text-align: justify;\">Tras ello, a comienzos de Agosto, nuestro Alcalde solicit\u00f3 al Presidente Provincial una reuni\u00f3n de trabajo que se materializ\u00f3 d\u00edas despu\u00e9s, en la cual tras aportar todos los detalles de la situaci\u00f3n, se comprometi\u00f3 la firma de un convenio extraordinario entre Diputaci\u00f3n y Ayuntamiento para, mediante una aportaci\u00f3n de 12.000 \u20ac, colaborar la Diputaci\u00f3n en el arreglo de la cubierta y en asegurar la estructura y la viabilidad del edificio con el fin de que, una vez logrado ese primer objetivo acuciante, el Consistorio pueda seguir acometiendo la restauraci\u00f3n que viene tiempo planificando con el objetivo de poner nuevamente este m\u00edtico Molino a disposici\u00f3n de la poblaci\u00f3n de Caudete.<\/p>\n<p style=\"text-align: justify;\">Ese compromiso qued\u00f3 ratificado por el Pleno de la propia Diputaci\u00f3n del pasado 8 de octubre y las obras est\u00e1n en plena ejecuci\u00f3n marchando a buen ritmo, tal y como el alcalde y los responsables del proyecto: Israel Agull\u00f3 y Juan Mart\u00ednez (Arquitecto y Arquitecto T\u00e9cnico Municipales, respectivamente) han ido detallando al presidente provincial.<\/p>\n<p style=\"text-align: justify;\">Caba\u00f1ero ha manifestado que para la instituci\u00f3n \u201ces un privilegio poder contribuir en la medida de las posibilidades (y a pesar de lo complicados que est\u00e1n siendo estos meses) a seguir conservando el patrimonio de nuestra tierra y de ser sensibles con aquellos s\u00edmbolos que suponen mucho para las personas que, d\u00eda a d\u00eda, han crecido con ellos, de generaci\u00f3n en generaci\u00f3n\u201d.<\/p>\n<p style=\"text-align: justify;\">El m\u00e1ximo responsable provincial ha agradecido al Alcalde, Mois\u00e9s L\u00f3pez la invitaci\u00f3n para poder comprobar, in situ, el avance de los trabajos; una visita que, adem\u00e1s, han podido aprovechar tanto para conversar sobre las necesidades de la localidad, como para ser testigos de los resultados de otras iniciativas con las que la Diputaci\u00f3n ha podido contribuir a su paulatina mejora en distintos \u00e1mbitos.<\/p>\n<p style=\"text-align: justify;\">As\u00ed, Caba\u00f1ero ha supervisado, por ejemplo, las mejoras que la localidad ve\u00eda acometerse en su Plaza del Carmen tras la remodelaci\u00f3n urban\u00edstica (con un presupuesto aprobado de 120.000 \u20ac financiado al 50% por la Diputaci\u00f3n con cargo a su \u00faltimo Plan de Obras y Servicios).<\/p>\n<p style=\"text-align: justify;\">Esta plaza, uno de los n\u00facleos principales de la poblaci\u00f3n, sufr\u00eda muchos problemas a causa de la importante cantidad de veh\u00edculos y de peatones que circulaban a trav\u00e9s de ella a diario, por lo que resultaba vital una actuaci\u00f3n potente que, adem\u00e1s de acabar con esa situaci\u00f3n, la pusiera en valor y a la altura de un entorno especial (en pleno casco antiguo de la localidad) en el que est\u00e1 situada.<\/p>\n<p style=\"text-align: justify;\">Los trabajos han logrado eliminar el paso de veh\u00edculos entre las calles El Molino y Mayor, logrando una zona central totalmente peatonal; adem\u00e1s, se ha establecido que a la calle El Mercado \u00fanicamente tengan acceso los veh\u00edculos de residentes, de emergencias y de descarga de mercanc\u00edas.<\/p>\n<p style=\"text-align: justify;\">Adem\u00e1s, se ha eliminado gran parte de las plazas de aparcamiento de veh\u00edculos (se han mantenido \u00fanicamente cuatro, para estacionamiento temporal). Por otro lado, la secci\u00f3n de la red viaria ha quedado formada por dos elementos: unas zonas que act\u00faan como calzada para los veh\u00edculos (pavimentadas con adoqu\u00edn prefabricado de hormig\u00f3n de 10cm de espesor colocado a espiga) y otras (pavimentadas con baldosas), para el tr\u00e1nsito de peatones. Para el encuentro de pavimentos de la zona de veh\u00edculos (entre la plaza y las calles San Antonio Abad y Mayor) se realizaban rampas con una pendiente del 10%.<\/p>\n<p style=\"text-align: justify;\">Tambi\u00e9n en cuanto a obras (en este caso, de mucho menor envergadura, pero igualmente importantes porque han mejorado el d\u00eda a d\u00eda de la poblaci\u00f3n de la localidad, especialmente, de la que tiene dificultades para desplazarse), la Diputaci\u00f3n ha contribuido a que Caudete haya mejorado la accesibilidad de su edificio multiusos \u2018La Sala\u2019 y de diverso acerado urbano, mediante 2.250 \u20ac fruto de la \u00faltima Convocatoria dispuesta por la Casa Provincial para ayudar a los Ayuntamientos a avanzar en la Accesibilidad de distintos edificios y emplazamientos p\u00fablicos en sus localidades, (una partida que ha contado con 100.000 \u20ac, llegando a 56 Consistorios.<\/p>\n<p><img fetchpriority=\"high\" decoding=\"async\" class=\"aligncenter size-full wp-image-5764\" src=\"http:\/\/www.caudete.org\/ayuntamiento\/wp-content\/uploads\/2020\/11\/molino5.jpg\" alt=\"\" width=\"800\" height=\"533\" srcset=\"https:\/\/www.caudete.org\/ayuntamiento\/wp-content\/uploads\/2020\/11\/molino5.jpg 800w, https:\/\/www.caudete.org\/ayuntamiento\/wp-content\/uploads\/2020\/11\/molino5-300x200.jpg 300w, https:\/\/www.caudete.org\/ayuntamiento\/wp-content\/uploads\/2020\/11\/molino5-768x512.jpg 768w\" sizes=\"(max-width: 800px) 100vw, 800px\" \/><\/p>\n<p><img decoding=\"async\" class=\"aligncenter size-full wp-image-5766\" src=\"http:\/\/www.caudete.org\/ayuntamiento\/wp-content\/uploads\/2020\/11\/molino7.jpg\" alt=\"\" width=\"800\" height=\"600\" srcset=\"https:\/\/www.caudete.org\/ayuntamiento\/wp-content\/uploads\/2020\/11\/molino7.jpg 800w, https:\/\/www.caudete.org\/ayuntamiento\/wp-content\/uploads\/2020\/11\/molino7-300x225.jpg 300w, https:\/\/www.caudete.org\/ayuntamiento\/wp-content\/uploads\/2020\/11\/molino7-768x576.jpg 768w\" sizes=\"(max-width: 800px) 100vw, 800px\" \/><\/p>\n<p><img decoding=\"async\" class=\"aligncenter size-full wp-image-5765\" src=\"http:\/\/www.caudete.org\/ayuntamiento\/wp-content\/uploads\/2020\/11\/molino6.jpg\" alt=\"\" width=\"800\" height=\"600\" srcset=\"https:\/\/www.caudete.org\/ayuntamiento\/wp-content\/uploads\/2020\/11\/molino6.jpg 800w, https:\/\/www.caudete.org\/ayuntamiento\/wp-content\/uploads\/2020\/11\/molino6-300x225.jpg 300w, https:\/\/www.caudete.org\/ayuntamiento\/wp-content\/uploads\/2020\/11\/molino6-768x576.jpg 768w\" sizes=\"(max-width: 800px) 100vw, 800px\" \/><\/p>\n<p><img loading=\"lazy\" decoding=\"async\" class=\"aligncenter size-full wp-image-5763\" src=\"http:\/\/www.caudete.org\/ayuntamiento\/wp-content\/uploads\/2020\/11\/molino4.jpg\" alt=\"\" width=\"800\" height=\"600\" srcset=\"https:\/\/www.caudete.org\/ayuntamiento\/wp-content\/uploads\/2020\/11\/molino4.jpg 800w, https:\/\/www.caudete.org\/ayuntamiento\/wp-content\/uploads\/2020\/11\/molino4-300x225.jpg 300w, https:\/\/www.caudete.org\/ayuntamiento\/wp-content\/uploads\/2020\/11\/molino4-768x576.jpg 768w\" sizes=\"(max-width: 800px) 100vw, 800px\" \/><\/p>\n<p><img loading=\"lazy\" decoding=\"async\" class=\"aligncenter size-full wp-image-5762\" src=\"http:\/\/www.caudete.org\/ayuntamiento\/wp-content\/uploads\/2020\/11\/molino3.jpg\" alt=\"\" width=\"800\" height=\"533\" srcset=\"https:\/\/www.caudete.org\/ayuntamiento\/wp-content\/uploads\/2020\/11\/molino3.jpg 800w, https:\/\/www.caudete.org\/ayuntamiento\/wp-content\/uploads\/2020\/11\/molino3-300x200.jpg 300w, https:\/\/www.caudete.org\/ayuntamiento\/wp-content\/uploads\/2020\/11\/molino3-768x512.jpg 768w\" sizes=\"(max-width: 800px) 100vw, 800px\" \/><\/p>\n<p><img loading=\"lazy\" decoding=\"async\" class=\"aligncenter size-full wp-image-5761\" src=\"http:\/\/www.caudete.org\/ayuntamiento\/wp-content\/uploads\/2020\/11\/molino2.jpg\" alt=\"\" width=\"800\" height=\"534\" srcset=\"https:\/\/www.caudete.org\/ayuntamiento\/wp-content\/uploads\/2020\/11\/molino2.jpg 800w, https:\/\/www.caudete.org\/ayuntamiento\/wp-content\/uploads\/2020\/11\/molino2-300x200.jpg 300w, https:\/\/www.caudete.org\/ayuntamiento\/wp-content\/uploads\/2020\/11\/molino2-768x513.jpg 768w\" sizes=\"(max-width: 800px) 100vw, 800px\" \/><\/p>\n<p><img loading=\"lazy\" decoding=\"async\" class=\"aligncenter size-full wp-image-5760\" src=\"http:\/\/www.caudete.org\/ayuntamiento\/wp-content\/uploads\/2020\/11\/molino1.jpg\" alt=\"\" width=\"800\" height=\"600\" srcset=\"https:\/\/www.caudete.org\/ayuntamiento\/wp-content\/uploads\/2020\/11\/molino1.jpg 800w, https:\/\/www.caudete.org\/ayuntamiento\/wp-content\/uploads\/2020\/11\/molino1-300x225.jpg 300w, https:\/\/www.caudete.org\/ayuntamiento\/wp-content\/uploads\/2020\/11\/molino1-768x576.jpg 768w\" sizes=\"(max-width: 800px) 100vw, 800px\" \/><\/p>\n","protected":false},"excerpt":{"rendered":"<p>Este lunes, el Presidente de la Diputaci\u00f3n de Albacete, Santiago Caba\u00f1ero, ha visitado junto a la vicepresidenta provincial, Amparo Torres, el estado de ejecuci\u00f3n de las obras que Ayuntamiento y Diputaci\u00f3n est\u00e1n llevando a cabo en la localidad. Simb\u00f3lica a nivel patrimonial y sentimental para los caudetanos es la intervenci\u00f3n que se est\u00e1 realizando para &hellip;<\/p>\n","protected":false},"author":1,"featured_media":5764,"comment_status":"closed","ping_status":"open","sticky":false,"template":"","format":"standard","meta":{"ngg_post_thumbnail":0,"footnotes":""},"categories":[26],"tags":[69],"class_list":["post-5759","post","type-post","status-publish","format-standard","has-post-thumbnail","hentry","category-obras-y-servicios","tag-molino"],"yoast_head":"<!-- This site is optimized with the Yoast SEO plugin v27.4 - https:\/\/yoast.com\/product\/yoast-seo-wordpress\/ -->\n<title>El presidente de la Diputaci\u00f3n ha visitado las obras del Molino de San Ant\u00f3n - MI Ayuntamiento de Caudete<\/title>\n<meta name=\"description\" content=\"P\u00e1gina Oficial del Ayuntamiento de Caudete (Albacete)\" \/>\n<meta name=\"robots\" content=\"index, follow, max-snippet:-1, max-image-preview:large, max-video-preview:-1\" \/>\n<link rel=\"canonical\" href=\"https:\/\/www.caudete.org\/ayuntamiento\/el-presidente-de-la-diputacion-ha-visitado-las-obras-del-molino-de-san-anton\/\" \/>\n<meta property=\"og:locale\" content=\"es_ES\" \/>\n<meta property=\"og:type\" content=\"article\" \/>\n<meta property=\"og:title\" content=\"El presidente de la Diputaci\u00f3n ha visitado las obras del Molino de San Ant\u00f3n - MI Ayuntamiento de Caudete\" \/>\n<meta property=\"og:description\" content=\"P\u00e1gina Oficial del Ayuntamiento de Caudete (Albacete)\" \/>\n<meta property=\"og:url\" content=\"https:\/\/www.caudete.org\/ayuntamiento\/el-presidente-de-la-diputacion-ha-visitado-las-obras-del-molino-de-san-anton\/\" \/>\n<meta property=\"og:site_name\" content=\"MI Ayuntamiento de Caudete\" \/>\n<meta property=\"article:publisher\" content=\"https:\/\/www.facebook.com\/ayuntamientocaudete\/\" \/>\n<meta property=\"article:published_time\" content=\"2020-11-24T10:51:34+00:00\" \/>\n<meta property=\"article:modified_time\" content=\"2020-12-14T18:43:04+00:00\" \/>\n<meta property=\"og:image\" content=\"https:\/\/www.caudete.org\/ayuntamiento\/wp-content\/uploads\/2020\/11\/molino5.jpg\" \/>\n\t<meta property=\"og:image:width\" content=\"800\" \/>\n\t<meta property=\"og:image:height\" content=\"533\" \/>\n\t<meta property=\"og:image:type\" content=\"image\/jpeg\" \/>\n<meta name=\"author\" content=\"ayun\" \/>\n<meta name=\"twitter:card\" content=\"summary_large_image\" \/>\n<meta name=\"twitter:label1\" content=\"Escrito por\" \/>\n\t<meta name=\"twitter:data1\" content=\"ayun\" \/>\n\t<meta name=\"twitter:label2\" content=\"Tiempo de lectura\" \/>\n\t<meta name=\"twitter:data2\" content=\"4 minutos\" \/>\n<script type=\"application\/ld+json\" class=\"yoast-schema-graph\">{\"@context\":\"https:\\\/\\\/schema.org\",\"@graph\":[{\"@type\":\"Article\",\"@id\":\"https:\\\/\\\/www.caudete.org\\\/ayuntamiento\\\/el-presidente-de-la-diputacion-ha-visitado-las-obras-del-molino-de-san-anton\\\/#article\",\"isPartOf\":{\"@id\":\"https:\\\/\\\/www.caudete.org\\\/ayuntamiento\\\/el-presidente-de-la-diputacion-ha-visitado-las-obras-del-molino-de-san-anton\\\/\"},\"author\":{\"name\":\"ayun\",\"@id\":\"https:\\\/\\\/www.caudete.org\\\/ayuntamiento\\\/#\\\/schema\\\/person\\\/79f7e19fdd176fc2bc7a289013dc2056\"},\"headline\":\"El presidente de la Diputaci\u00f3n ha visitado las obras del Molino de San Ant\u00f3n\",\"datePublished\":\"2020-11-24T10:51:34+00:00\",\"dateModified\":\"2020-12-14T18:43:04+00:00\",\"mainEntityOfPage\":{\"@id\":\"https:\\\/\\\/www.caudete.org\\\/ayuntamiento\\\/el-presidente-de-la-diputacion-ha-visitado-las-obras-del-molino-de-san-anton\\\/\"},\"wordCount\":893,\"publisher\":{\"@id\":\"https:\\\/\\\/www.caudete.org\\\/ayuntamiento\\\/#organization\"},\"image\":{\"@id\":\"https:\\\/\\\/www.caudete.org\\\/ayuntamiento\\\/el-presidente-de-la-diputacion-ha-visitado-las-obras-del-molino-de-san-anton\\\/#primaryimage\"},\"thumbnailUrl\":\"https:\\\/\\\/www.caudete.org\\\/ayuntamiento\\\/wp-content\\\/uploads\\\/2020\\\/11\\\/molino5.jpg\",\"keywords\":[\"molino\"],\"articleSection\":[\"Obras y Servicios\"],\"inLanguage\":\"es\"},{\"@type\":\"WebPage\",\"@id\":\"https:\\\/\\\/www.caudete.org\\\/ayuntamiento\\\/el-presidente-de-la-diputacion-ha-visitado-las-obras-del-molino-de-san-anton\\\/\",\"url\":\"https:\\\/\\\/www.caudete.org\\\/ayuntamiento\\\/el-presidente-de-la-diputacion-ha-visitado-las-obras-del-molino-de-san-anton\\\/\",\"name\":\"El presidente de la Diputaci\u00f3n ha visitado las obras del Molino de San Ant\u00f3n - MI Ayuntamiento de Caudete\",\"isPartOf\":{\"@id\":\"https:\\\/\\\/www.caudete.org\\\/ayuntamiento\\\/#website\"},\"primaryImageOfPage\":{\"@id\":\"https:\\\/\\\/www.caudete.org\\\/ayuntamiento\\\/el-presidente-de-la-diputacion-ha-visitado-las-obras-del-molino-de-san-anton\\\/#primaryimage\"},\"image\":{\"@id\":\"https:\\\/\\\/www.caudete.org\\\/ayuntamiento\\\/el-presidente-de-la-diputacion-ha-visitado-las-obras-del-molino-de-san-anton\\\/#primaryimage\"},\"thumbnailUrl\":\"https:\\\/\\\/www.caudete.org\\\/ayuntamiento\\\/wp-content\\\/uploads\\\/2020\\\/11\\\/molino5.jpg\",\"datePublished\":\"2020-11-24T10:51:34+00:00\",\"dateModified\":\"2020-12-14T18:43:04+00:00\",\"description\":\"P\u00e1gina Oficial del Ayuntamiento de Caudete (Albacete)\",\"breadcrumb\":{\"@id\":\"https:\\\/\\\/www.caudete.org\\\/ayuntamiento\\\/el-presidente-de-la-diputacion-ha-visitado-las-obras-del-molino-de-san-anton\\\/#breadcrumb\"},\"inLanguage\":\"es\",\"potentialAction\":[{\"@type\":\"ReadAction\",\"target\":[\"https:\\\/\\\/www.caudete.org\\\/ayuntamiento\\\/el-presidente-de-la-diputacion-ha-visitado-las-obras-del-molino-de-san-anton\\\/\"]}]},{\"@type\":\"ImageObject\",\"inLanguage\":\"es\",\"@id\":\"https:\\\/\\\/www.caudete.org\\\/ayuntamiento\\\/el-presidente-de-la-diputacion-ha-visitado-las-obras-del-molino-de-san-anton\\\/#primaryimage\",\"url\":\"https:\\\/\\\/www.caudete.org\\\/ayuntamiento\\\/wp-content\\\/uploads\\\/2020\\\/11\\\/molino5.jpg\",\"contentUrl\":\"https:\\\/\\\/www.caudete.org\\\/ayuntamiento\\\/wp-content\\\/uploads\\\/2020\\\/11\\\/molino5.jpg\",\"width\":800,\"height\":533},{\"@type\":\"BreadcrumbList\",\"@id\":\"https:\\\/\\\/www.caudete.org\\\/ayuntamiento\\\/el-presidente-de-la-diputacion-ha-visitado-las-obras-del-molino-de-san-anton\\\/#breadcrumb\",\"itemListElement\":[{\"@type\":\"ListItem\",\"position\":1,\"name\":\"Inicio\",\"item\":\"https:\\\/\\\/www.caudete.org\\\/ayuntamiento\\\/\"},{\"@type\":\"ListItem\",\"position\":2,\"name\":\"El presidente de la Diputaci\u00f3n ha visitado las obras del Molino de San Ant\u00f3n\"}]},{\"@type\":\"WebSite\",\"@id\":\"https:\\\/\\\/www.caudete.org\\\/ayuntamiento\\\/#website\",\"url\":\"https:\\\/\\\/www.caudete.org\\\/ayuntamiento\\\/\",\"name\":\"MI Ayuntamiento de Caudete\",\"description\":\"P\u00e1gina Oficial del MI Ayuntamiento de Caudete\",\"publisher\":{\"@id\":\"https:\\\/\\\/www.caudete.org\\\/ayuntamiento\\\/#organization\"},\"potentialAction\":[{\"@type\":\"SearchAction\",\"target\":{\"@type\":\"EntryPoint\",\"urlTemplate\":\"https:\\\/\\\/www.caudete.org\\\/ayuntamiento\\\/?s={search_term_string}\"},\"query-input\":{\"@type\":\"PropertyValueSpecification\",\"valueRequired\":true,\"valueName\":\"search_term_string\"}}],\"inLanguage\":\"es\"},{\"@type\":\"Organization\",\"@id\":\"https:\\\/\\\/www.caudete.org\\\/ayuntamiento\\\/#organization\",\"name\":\"Ayuntamiento de Caudete\",\"url\":\"https:\\\/\\\/www.caudete.org\\\/ayuntamiento\\\/\",\"logo\":{\"@type\":\"ImageObject\",\"inLanguage\":\"es\",\"@id\":\"https:\\\/\\\/www.caudete.org\\\/ayuntamiento\\\/#\\\/schema\\\/logo\\\/image\\\/\",\"url\":\"https:\\\/\\\/www.caudete.org\\\/ayuntamiento\\\/wp-content\\\/uploads\\\/2020\\\/11\\\/logo_ayuntamiento_caudete.jpg\",\"contentUrl\":\"https:\\\/\\\/www.caudete.org\\\/ayuntamiento\\\/wp-content\\\/uploads\\\/2020\\\/11\\\/logo_ayuntamiento_caudete.jpg\",\"width\":600,\"height\":150,\"caption\":\"Ayuntamiento de Caudete\"},\"image\":{\"@id\":\"https:\\\/\\\/www.caudete.org\\\/ayuntamiento\\\/#\\\/schema\\\/logo\\\/image\\\/\"},\"sameAs\":[\"https:\\\/\\\/www.facebook.com\\\/ayuntamientocaudete\\\/\",\"https:\\\/\\\/www.youtube.com\\\/channel\\\/UC6VztHaooNsGpw-tNoBEFnQ\"]},{\"@type\":\"Person\",\"@id\":\"https:\\\/\\\/www.caudete.org\\\/ayuntamiento\\\/#\\\/schema\\\/person\\\/79f7e19fdd176fc2bc7a289013dc2056\",\"name\":\"ayun\",\"image\":{\"@type\":\"ImageObject\",\"inLanguage\":\"es\",\"@id\":\"https:\\\/\\\/secure.gravatar.com\\\/avatar\\\/4ce797ee07c943e7e592f8cd648e503e6cd571387558ed07135799c2bd2847df?s=96&d=mm&r=g\",\"url\":\"https:\\\/\\\/secure.gravatar.com\\\/avatar\\\/4ce797ee07c943e7e592f8cd648e503e6cd571387558ed07135799c2bd2847df?s=96&d=mm&r=g\",\"contentUrl\":\"https:\\\/\\\/secure.gravatar.com\\\/avatar\\\/4ce797ee07c943e7e592f8cd648e503e6cd571387558ed07135799c2bd2847df?s=96&d=mm&r=g\",\"caption\":\"ayun\"},\"sameAs\":[\"http:\\\/\\\/www.caudete.org\\\/ayuntamiento\"],\"url\":\"https:\\\/\\\/www.caudete.org\\\/ayuntamiento\\\/author\\\/ayun\\\/\"}]}<\/script>\n<!-- \/ Yoast SEO plugin. -->","yoast_head_json":{"title":"El presidente de la Diputaci\u00f3n ha visitado las obras del Molino de San Ant\u00f3n - MI Ayuntamiento de Caudete","description":"P\u00e1gina Oficial del Ayuntamiento de Caudete (Albacete)","robots":{"index":"index","follow":"follow","max-snippet":"max-snippet:-1","max-image-preview":"max-image-preview:large","max-video-preview":"max-video-preview:-1"},"canonical":"https:\/\/www.caudete.org\/ayuntamiento\/el-presidente-de-la-diputacion-ha-visitado-las-obras-del-molino-de-san-anton\/","og_locale":"es_ES","og_type":"article","og_title":"El presidente de la Diputaci\u00f3n ha visitado las obras del Molino de San Ant\u00f3n - MI Ayuntamiento de Caudete","og_description":"P\u00e1gina Oficial del Ayuntamiento de Caudete (Albacete)","og_url":"https:\/\/www.caudete.org\/ayuntamiento\/el-presidente-de-la-diputacion-ha-visitado-las-obras-del-molino-de-san-anton\/","og_site_name":"MI Ayuntamiento de Caudete","article_publisher":"https:\/\/www.facebook.com\/ayuntamientocaudete\/","article_published_time":"2020-11-24T10:51:34+00:00","article_modified_time":"2020-12-14T18:43:04+00:00","og_image":[{"width":800,"height":533,"url":"https:\/\/www.caudete.org\/ayuntamiento\/wp-content\/uploads\/2020\/11\/molino5.jpg","type":"image\/jpeg"}],"author":"ayun","twitter_card":"summary_large_image","twitter_misc":{"Escrito por":"ayun","Tiempo de lectura":"4 minutos"},"schema":{"@context":"https:\/\/schema.org","@graph":[{"@type":"Article","@id":"https:\/\/www.caudete.org\/ayuntamiento\/el-presidente-de-la-diputacion-ha-visitado-las-obras-del-molino-de-san-anton\/#article","isPartOf":{"@id":"https:\/\/www.caudete.org\/ayuntamiento\/el-presidente-de-la-diputacion-ha-visitado-las-obras-del-molino-de-san-anton\/"},"author":{"name":"ayun","@id":"https:\/\/www.caudete.org\/ayuntamiento\/#\/schema\/person\/79f7e19fdd176fc2bc7a289013dc2056"},"headline":"El presidente de la Diputaci\u00f3n ha visitado las obras del Molino de San Ant\u00f3n","datePublished":"2020-11-24T10:51:34+00:00","dateModified":"2020-12-14T18:43:04+00:00","mainEntityOfPage":{"@id":"https:\/\/www.caudete.org\/ayuntamiento\/el-presidente-de-la-diputacion-ha-visitado-las-obras-del-molino-de-san-anton\/"},"wordCount":893,"publisher":{"@id":"https:\/\/www.caudete.org\/ayuntamiento\/#organization"},"image":{"@id":"https:\/\/www.caudete.org\/ayuntamiento\/el-presidente-de-la-diputacion-ha-visitado-las-obras-del-molino-de-san-anton\/#primaryimage"},"thumbnailUrl":"https:\/\/www.caudete.org\/ayuntamiento\/wp-content\/uploads\/2020\/11\/molino5.jpg","keywords":["molino"],"articleSection":["Obras y Servicios"],"inLanguage":"es"},{"@type":"WebPage","@id":"https:\/\/www.caudete.org\/ayuntamiento\/el-presidente-de-la-diputacion-ha-visitado-las-obras-del-molino-de-san-anton\/","url":"https:\/\/www.caudete.org\/ayuntamiento\/el-presidente-de-la-diputacion-ha-visitado-las-obras-del-molino-de-san-anton\/","name":"El presidente de la Diputaci\u00f3n ha visitado las obras del Molino de San Ant\u00f3n - MI Ayuntamiento de Caudete","isPartOf":{"@id":"https:\/\/www.caudete.org\/ayuntamiento\/#website"},"primaryImageOfPage":{"@id":"https:\/\/www.caudete.org\/ayuntamiento\/el-presidente-de-la-diputacion-ha-visitado-las-obras-del-molino-de-san-anton\/#primaryimage"},"image":{"@id":"https:\/\/www.caudete.org\/ayuntamiento\/el-presidente-de-la-diputacion-ha-visitado-las-obras-del-molino-de-san-anton\/#primaryimage"},"thumbnailUrl":"https:\/\/www.caudete.org\/ayuntamiento\/wp-content\/uploads\/2020\/11\/molino5.jpg","datePublished":"2020-11-24T10:51:34+00:00","dateModified":"2020-12-14T18:43:04+00:00","description":"P\u00e1gina Oficial del Ayuntamiento de Caudete (Albacete)","breadcrumb":{"@id":"https:\/\/www.caudete.org\/ayuntamiento\/el-presidente-de-la-diputacion-ha-visitado-las-obras-del-molino-de-san-anton\/#breadcrumb"},"inLanguage":"es","potentialAction":[{"@type":"ReadAction","target":["https:\/\/www.caudete.org\/ayuntamiento\/el-presidente-de-la-diputacion-ha-visitado-las-obras-del-molino-de-san-anton\/"]}]},{"@type":"ImageObject","inLanguage":"es","@id":"https:\/\/www.caudete.org\/ayuntamiento\/el-presidente-de-la-diputacion-ha-visitado-las-obras-del-molino-de-san-anton\/#primaryimage","url":"https:\/\/www.caudete.org\/ayuntamiento\/wp-content\/uploads\/2020\/11\/molino5.jpg","contentUrl":"https:\/\/www.caudete.org\/ayuntamiento\/wp-content\/uploads\/2020\/11\/molino5.jpg","width":800,"height":533},{"@type":"BreadcrumbList","@id":"https:\/\/www.caudete.org\/ayuntamiento\/el-presidente-de-la-diputacion-ha-visitado-las-obras-del-molino-de-san-anton\/#breadcrumb","itemListElement":[{"@type":"ListItem","position":1,"name":"Inicio","item":"https:\/\/www.caudete.org\/ayuntamiento\/"},{"@type":"ListItem","position":2,"name":"El presidente de la Diputaci\u00f3n ha visitado las obras del Molino de San Ant\u00f3n"}]},{"@type":"WebSite","@id":"https:\/\/www.caudete.org\/ayuntamiento\/#website","url":"https:\/\/www.caudete.org\/ayuntamiento\/","name":"MI Ayuntamiento de Caudete","description":"P\u00e1gina Oficial del MI Ayuntamiento de Caudete","publisher":{"@id":"https:\/\/www.caudete.org\/ayuntamiento\/#organization"},"potentialAction":[{"@type":"SearchAction","target":{"@type":"EntryPoint","urlTemplate":"https:\/\/www.caudete.org\/ayuntamiento\/?s={search_term_string}"},"query-input":{"@type":"PropertyValueSpecification","valueRequired":true,"valueName":"search_term_string"}}],"inLanguage":"es"},{"@type":"Organization","@id":"https:\/\/www.caudete.org\/ayuntamiento\/#organization","name":"Ayuntamiento de Caudete","url":"https:\/\/www.caudete.org\/ayuntamiento\/","logo":{"@type":"ImageObject","inLanguage":"es","@id":"https:\/\/www.caudete.org\/ayuntamiento\/#\/schema\/logo\/image\/","url":"https:\/\/www.caudete.org\/ayuntamiento\/wp-content\/uploads\/2020\/11\/logo_ayuntamiento_caudete.jpg","contentUrl":"https:\/\/www.caudete.org\/ayuntamiento\/wp-content\/uploads\/2020\/11\/logo_ayuntamiento_caudete.jpg","width":600,"height":150,"caption":"Ayuntamiento de Caudete"},"image":{"@id":"https:\/\/www.caudete.org\/ayuntamiento\/#\/schema\/logo\/image\/"},"sameAs":["https:\/\/www.facebook.com\/ayuntamientocaudete\/","https:\/\/www.youtube.com\/channel\/UC6VztHaooNsGpw-tNoBEFnQ"]},{"@type":"Person","@id":"https:\/\/www.caudete.org\/ayuntamiento\/#\/schema\/person\/79f7e19fdd176fc2bc7a289013dc2056","name":"ayun","image":{"@type":"ImageObject","inLanguage":"es","@id":"https:\/\/secure.gravatar.com\/avatar\/4ce797ee07c943e7e592f8cd648e503e6cd571387558ed07135799c2bd2847df?s=96&d=mm&r=g","url":"https:\/\/secure.gravatar.com\/avatar\/4ce797ee07c943e7e592f8cd648e503e6cd571387558ed07135799c2bd2847df?s=96&d=mm&r=g","contentUrl":"https:\/\/secure.gravatar.com\/avatar\/4ce797ee07c943e7e592f8cd648e503e6cd571387558ed07135799c2bd2847df?s=96&d=mm&r=g","caption":"ayun"},"sameAs":["http:\/\/www.caudete.org\/ayuntamiento"],"url":"https:\/\/www.caudete.org\/ayuntamiento\/author\/ayun\/"}]}},"_links":{"self":[{"href":"https:\/\/www.caudete.org\/ayuntamiento\/wp-json\/wp\/v2\/posts\/5759","targetHints":{"allow":["GET"]}}],"collection":[{"href":"https:\/\/www.caudete.org\/ayuntamiento\/wp-json\/wp\/v2\/posts"}],"about":[{"href":"https:\/\/www.caudete.org\/ayuntamiento\/wp-json\/wp\/v2\/types\/post"}],"author":[{"embeddable":true,"href":"https:\/\/www.caudete.org\/ayuntamiento\/wp-json\/wp\/v2\/users\/1"}],"replies":[{"embeddable":true,"href":"https:\/\/www.caudete.org\/ayuntamiento\/wp-json\/wp\/v2\/comments?post=5759"}],"version-history":[{"count":2,"href":"https:\/\/www.caudete.org\/ayuntamiento\/wp-json\/wp\/v2\/posts\/5759\/revisions"}],"predecessor-version":[{"id":9463,"href":"https:\/\/www.caudete.org\/ayuntamiento\/wp-json\/wp\/v2\/posts\/5759\/revisions\/9463"}],"wp:featuredmedia":[{"embeddable":true,"href":"https:\/\/www.caudete.org\/ayuntamiento\/wp-json\/wp\/v2\/media\/5764"}],"wp:attachment":[{"href":"https:\/\/www.caudete.org\/ayuntamiento\/wp-json\/wp\/v2\/media?parent=5759"}],"wp:term":[{"taxonomy":"category","embeddable":true,"href":"https:\/\/www.caudete.org\/ayuntamiento\/wp-json\/wp\/v2\/categories?post=5759"},{"taxonomy":"post_tag","embeddable":true,"href":"https:\/\/www.caudete.org\/ayuntamiento\/wp-json\/wp\/v2\/tags?post=5759"}],"curies":[{"name":"wp","href":"https:\/\/api.w.org\/{rel}","templated":true}]}}