{"id":5777,"date":"2020-11-24T12:05:12","date_gmt":"2020-11-24T11:05:12","guid":{"rendered":"http:\/\/www.caudete.org\/ayuntamiento\/?p=5777"},"modified":"2020-12-14T19:41:29","modified_gmt":"2020-12-14T18:41:29","slug":"protocolo-local-de-actuacion-y-coordinacion-interinstitucional-para-la-mejora-en-la-atencion-a-mujeres-victimas-de-violencia-de-genero-y-agresiones-y-o-abusos-sexuales","status":"publish","type":"post","link":"https:\/\/www.caudete.org\/ayuntamiento\/protocolo-local-de-actuacion-y-coordinacion-interinstitucional-para-la-mejora-en-la-atencion-a-mujeres-victimas-de-violencia-de-genero-y-agresiones-y-o-abusos-sexuales\/","title":{"rendered":"Protocolo Local de Actuaci\u00f3n y Coordinaci\u00f3n Interinstitucional para la Mejora en la Atenci\u00f3n a Mujeres V\u00edctimas de Violencia de G\u00e9nero y Agresiones y\/o Abusos Sexuales"},"content":{"rendered":"<p style=\"text-align: justify;\">La violencia machista es la manifestaci\u00f3n m\u00e1s cruel de un sistema patriarcal que sustenta las relaciones de poder y de desigualdad que existen en nuestra sociedad, y que impide a las mujeres disfrutar de una vida digna, aut\u00f3noma y en libertad. Acabar con la violencia machista es una responsabilidad de toda la sociedad y de las Administraciones P\u00fablicas.<\/p>\n<p style=\"text-align: justify;\">La Comunidad Aut\u00f3noma de Castilla la Mancha, a trav\u00e9s del Instituto de la Mujer y de la creaci\u00f3n de los Centros de la Mujer, ha realizado un esfuerzo en estos a\u00f1os para tener una red de recursos de atenci\u00f3n a las mujeres v\u00edctimas de violencia de g\u00e9nero.<\/p>\n<p style=\"text-align: justify;\">Desde la Concejal\u00eda de Igualdad del M.I. Ayuntamiento de Caudete se trabaja para sensibilizar sobre esta problem\u00e1tica, con el fin de prevenirla, erradicarla y conseguir un rechazo total por parte de toda la sociedad.<\/p>\n<p style=\"text-align: justify;\">El mejor modo de garantizar a las mujeres una protecci\u00f3n eficaz y una atenci\u00f3n integral es que todos\/as los\/as profesionales que intervienen en este \u00e1mbito conozcan perfectamente c\u00f3mo han de actuar y coordinarse con el resto de instituciones. Por ello, con el fin de articular una respuesta institucional adecuada al problema de la violencia, se ha elaborado un nuevo Protocolo de Actuaci\u00f3n contra la violencia de g\u00e9nero en Caudete que ha sido firmado de forma oficial el 24 de noviembre de 2020 por el Alcalde de Caudete, las Concejalas de Igualdad y de Interior, la Secretaria del Ayuntamiento as\u00ed como representantes de la Polic\u00eda Local, los Servicios Sociales, el Centro de la Mujer y el Centro de Salud de nuestra localidad.<\/p>\n","protected":false},"excerpt":{"rendered":"<p>La violencia machista es la manifestaci\u00f3n m\u00e1s cruel de un sistema patriarcal que sustenta las relaciones de poder y de desigualdad que existen en nuestra sociedad, y que impide a las mujeres disfrutar de una vida digna, aut\u00f3noma y en libertad. Acabar con la violencia machista es una responsabilidad de toda la sociedad y de &hellip;<\/p>\n","protected":false},"author":1,"featured_media":5778,"comment_status":"closed","ping_status":"open","sticky":false,"template":"","format":"standard","meta":{"ngg_post_thumbnail":0,"footnotes":""},"categories":[52],"tags":[72],"class_list":["post-5777","post","type-post","status-publish","format-standard","has-post-thumbnail","hentry","category-politicas-de-igualdad","tag-violencia-genero"],"yoast_head":"<!-- This site is optimized with the Yoast SEO plugin v27.5 - https:\/\/yoast.com\/product\/yoast-seo-wordpress\/ -->\n<title>Protocolo Local de Actuaci\u00f3n y Coordinaci\u00f3n Interinstitucional para la Mejora en la Atenci\u00f3n a Mujeres V\u00edctimas de Violencia de G\u00e9nero y Agresiones y\/o Abusos Sexuales - MI Ayuntamiento de Caudete<\/title>\n<meta name=\"description\" content=\"P\u00e1gina Oficial del Ayuntamiento de Caudete (Albacete)\" \/>\n<meta name=\"robots\" content=\"index, follow, max-snippet:-1, max-image-preview:large, max-video-preview:-1\" \/>\n<link rel=\"canonical\" href=\"https:\/\/www.caudete.org\/ayuntamiento\/protocolo-local-de-actuacion-y-coordinacion-interinstitucional-para-la-mejora-en-la-atencion-a-mujeres-victimas-de-violencia-de-genero-y-agresiones-y-o-abusos-sexuales\/\" \/>\n<meta property=\"og:locale\" content=\"es_ES\" \/>\n<meta property=\"og:type\" content=\"article\" \/>\n<meta property=\"og:title\" content=\"Protocolo Local de Actuaci\u00f3n y Coordinaci\u00f3n Interinstitucional para la Mejora en la Atenci\u00f3n a Mujeres V\u00edctimas de Violencia de G\u00e9nero y Agresiones y\/o Abusos Sexuales - MI Ayuntamiento de Caudete\" \/>\n<meta property=\"og:description\" content=\"P\u00e1gina Oficial del Ayuntamiento de Caudete (Albacete)\" \/>\n<meta property=\"og:url\" content=\"https:\/\/www.caudete.org\/ayuntamiento\/protocolo-local-de-actuacion-y-coordinacion-interinstitucional-para-la-mejora-en-la-atencion-a-mujeres-victimas-de-violencia-de-genero-y-agresiones-y-o-abusos-sexuales\/\" \/>\n<meta property=\"og:site_name\" content=\"MI Ayuntamiento de Caudete\" \/>\n<meta property=\"article:publisher\" content=\"https:\/\/www.facebook.com\/ayuntamientocaudete\/\" \/>\n<meta property=\"article:published_time\" content=\"2020-11-24T11:05:12+00:00\" \/>\n<meta property=\"article:modified_time\" content=\"2020-12-14T18:41:29+00:00\" \/>\n<meta property=\"og:image\" content=\"https:\/\/www.caudete.org\/ayuntamiento\/wp-content\/uploads\/2020\/11\/protocolo_violencia_genero.jpg\" \/>\n\t<meta property=\"og:image:width\" content=\"800\" \/>\n\t<meta property=\"og:image:height\" content=\"600\" \/>\n\t<meta property=\"og:image:type\" content=\"image\/jpeg\" \/>\n<meta name=\"author\" content=\"ayun\" \/>\n<meta name=\"twitter:card\" content=\"summary_large_image\" \/>\n<meta name=\"twitter:label1\" content=\"Escrito por\" \/>\n\t<meta name=\"twitter:data1\" content=\"ayun\" \/>\n\t<meta name=\"twitter:label2\" content=\"Tiempo de lectura\" \/>\n\t<meta name=\"twitter:data2\" content=\"1 minuto\" \/>\n<script type=\"application\/ld+json\" class=\"yoast-schema-graph\">{\"@context\":\"https:\\\/\\\/schema.org\",\"@graph\":[{\"@type\":\"Article\",\"@id\":\"https:\\\/\\\/www.caudete.org\\\/ayuntamiento\\\/protocolo-local-de-actuacion-y-coordinacion-interinstitucional-para-la-mejora-en-la-atencion-a-mujeres-victimas-de-violencia-de-genero-y-agresiones-y-o-abusos-sexuales\\\/#article\",\"isPartOf\":{\"@id\":\"https:\\\/\\\/www.caudete.org\\\/ayuntamiento\\\/protocolo-local-de-actuacion-y-coordinacion-interinstitucional-para-la-mejora-en-la-atencion-a-mujeres-victimas-de-violencia-de-genero-y-agresiones-y-o-abusos-sexuales\\\/\"},\"author\":{\"name\":\"ayun\",\"@id\":\"https:\\\/\\\/www.caudete.org\\\/ayuntamiento\\\/#\\\/schema\\\/person\\\/79f7e19fdd176fc2bc7a289013dc2056\"},\"headline\":\"Protocolo Local de Actuaci\u00f3n y Coordinaci\u00f3n Interinstitucional para la Mejora en la Atenci\u00f3n a Mujeres V\u00edctimas de Violencia de G\u00e9nero y Agresiones y\\\/o Abusos Sexuales\",\"datePublished\":\"2020-11-24T11:05:12+00:00\",\"dateModified\":\"2020-12-14T18:41:29+00:00\",\"mainEntityOfPage\":{\"@id\":\"https:\\\/\\\/www.caudete.org\\\/ayuntamiento\\\/protocolo-local-de-actuacion-y-coordinacion-interinstitucional-para-la-mejora-en-la-atencion-a-mujeres-victimas-de-violencia-de-genero-y-agresiones-y-o-abusos-sexuales\\\/\"},\"wordCount\":311,\"image\":{\"@id\":\"https:\\\/\\\/www.caudete.org\\\/ayuntamiento\\\/protocolo-local-de-actuacion-y-coordinacion-interinstitucional-para-la-mejora-en-la-atencion-a-mujeres-victimas-de-violencia-de-genero-y-agresiones-y-o-abusos-sexuales\\\/#primaryimage\"},\"thumbnailUrl\":\"https:\\\/\\\/www.caudete.org\\\/ayuntamiento\\\/wp-content\\\/uploads\\\/2020\\\/11\\\/protocolo_violencia_genero.jpg\",\"keywords\":[\"violencia g\u00e9nero\"],\"articleSection\":[\"Pol\u00edticas de Igualdad\"],\"inLanguage\":\"es\"},{\"@type\":\"WebPage\",\"@id\":\"https:\\\/\\\/www.caudete.org\\\/ayuntamiento\\\/protocolo-local-de-actuacion-y-coordinacion-interinstitucional-para-la-mejora-en-la-atencion-a-mujeres-victimas-de-violencia-de-genero-y-agresiones-y-o-abusos-sexuales\\\/\",\"url\":\"https:\\\/\\\/www.caudete.org\\\/ayuntamiento\\\/protocolo-local-de-actuacion-y-coordinacion-interinstitucional-para-la-mejora-en-la-atencion-a-mujeres-victimas-de-violencia-de-genero-y-agresiones-y-o-abusos-sexuales\\\/\",\"name\":\"Protocolo Local de Actuaci\u00f3n y Coordinaci\u00f3n Interinstitucional para la Mejora en la Atenci\u00f3n a Mujeres V\u00edctimas de Violencia de G\u00e9nero y Agresiones y\\\/o Abusos Sexuales - MI Ayuntamiento de Caudete\",\"isPartOf\":{\"@id\":\"https:\\\/\\\/www.caudete.org\\\/ayuntamiento\\\/#website\"},\"primaryImageOfPage\":{\"@id\":\"https:\\\/\\\/www.caudete.org\\\/ayuntamiento\\\/protocolo-local-de-actuacion-y-coordinacion-interinstitucional-para-la-mejora-en-la-atencion-a-mujeres-victimas-de-violencia-de-genero-y-agresiones-y-o-abusos-sexuales\\\/#primaryimage\"},\"image\":{\"@id\":\"https:\\\/\\\/www.caudete.org\\\/ayuntamiento\\\/protocolo-local-de-actuacion-y-coordinacion-interinstitucional-para-la-mejora-en-la-atencion-a-mujeres-victimas-de-violencia-de-genero-y-agresiones-y-o-abusos-sexuales\\\/#primaryimage\"},\"thumbnailUrl\":\"https:\\\/\\\/www.caudete.org\\\/ayuntamiento\\\/wp-content\\\/uploads\\\/2020\\\/11\\\/protocolo_violencia_genero.jpg\",\"datePublished\":\"2020-11-24T11:05:12+00:00\",\"dateModified\":\"2020-12-14T18:41:29+00:00\",\"author\":{\"@id\":\"https:\\\/\\\/www.caudete.org\\\/ayuntamiento\\\/#\\\/schema\\\/person\\\/79f7e19fdd176fc2bc7a289013dc2056\"},\"description\":\"P\u00e1gina Oficial del Ayuntamiento de Caudete (Albacete)\",\"breadcrumb\":{\"@id\":\"https:\\\/\\\/www.caudete.org\\\/ayuntamiento\\\/protocolo-local-de-actuacion-y-coordinacion-interinstitucional-para-la-mejora-en-la-atencion-a-mujeres-victimas-de-violencia-de-genero-y-agresiones-y-o-abusos-sexuales\\\/#breadcrumb\"},\"inLanguage\":\"es\",\"potentialAction\":[{\"@type\":\"ReadAction\",\"target\":[\"https:\\\/\\\/www.caudete.org\\\/ayuntamiento\\\/protocolo-local-de-actuacion-y-coordinacion-interinstitucional-para-la-mejora-en-la-atencion-a-mujeres-victimas-de-violencia-de-genero-y-agresiones-y-o-abusos-sexuales\\\/\"]}]},{\"@type\":\"ImageObject\",\"inLanguage\":\"es\",\"@id\":\"https:\\\/\\\/www.caudete.org\\\/ayuntamiento\\\/protocolo-local-de-actuacion-y-coordinacion-interinstitucional-para-la-mejora-en-la-atencion-a-mujeres-victimas-de-violencia-de-genero-y-agresiones-y-o-abusos-sexuales\\\/#primaryimage\",\"url\":\"https:\\\/\\\/www.caudete.org\\\/ayuntamiento\\\/wp-content\\\/uploads\\\/2020\\\/11\\\/protocolo_violencia_genero.jpg\",\"contentUrl\":\"https:\\\/\\\/www.caudete.org\\\/ayuntamiento\\\/wp-content\\\/uploads\\\/2020\\\/11\\\/protocolo_violencia_genero.jpg\",\"width\":800,\"height\":600},{\"@type\":\"BreadcrumbList\",\"@id\":\"https:\\\/\\\/www.caudete.org\\\/ayuntamiento\\\/protocolo-local-de-actuacion-y-coordinacion-interinstitucional-para-la-mejora-en-la-atencion-a-mujeres-victimas-de-violencia-de-genero-y-agresiones-y-o-abusos-sexuales\\\/#breadcrumb\",\"itemListElement\":[{\"@type\":\"ListItem\",\"position\":1,\"name\":\"Inicio\",\"item\":\"https:\\\/\\\/www.caudete.org\\\/ayuntamiento\\\/\"},{\"@type\":\"ListItem\",\"position\":2,\"name\":\"Protocolo Local de Actuaci\u00f3n y Coordinaci\u00f3n Interinstitucional para la Mejora en la Atenci\u00f3n a Mujeres V\u00edctimas de Violencia de G\u00e9nero y Agresiones y\\\/o Abusos Sexuales\"}]},{\"@type\":\"WebSite\",\"@id\":\"https:\\\/\\\/www.caudete.org\\\/ayuntamiento\\\/#website\",\"url\":\"https:\\\/\\\/www.caudete.org\\\/ayuntamiento\\\/\",\"name\":\"MI Ayuntamiento de Caudete\",\"description\":\"P\u00e1gina Oficial del MI Ayuntamiento de Caudete\",\"potentialAction\":[{\"@type\":\"SearchAction\",\"target\":{\"@type\":\"EntryPoint\",\"urlTemplate\":\"https:\\\/\\\/www.caudete.org\\\/ayuntamiento\\\/?s={search_term_string}\"},\"query-input\":{\"@type\":\"PropertyValueSpecification\",\"valueRequired\":true,\"valueName\":\"search_term_string\"}}],\"inLanguage\":\"es\"},{\"@type\":\"Person\",\"@id\":\"https:\\\/\\\/www.caudete.org\\\/ayuntamiento\\\/#\\\/schema\\\/person\\\/79f7e19fdd176fc2bc7a289013dc2056\",\"name\":\"ayun\",\"image\":{\"@type\":\"ImageObject\",\"inLanguage\":\"es\",\"@id\":\"https:\\\/\\\/secure.gravatar.com\\\/avatar\\\/4ce797ee07c943e7e592f8cd648e503e6cd571387558ed07135799c2bd2847df?s=96&d=mm&r=g\",\"url\":\"https:\\\/\\\/secure.gravatar.com\\\/avatar\\\/4ce797ee07c943e7e592f8cd648e503e6cd571387558ed07135799c2bd2847df?s=96&d=mm&r=g\",\"contentUrl\":\"https:\\\/\\\/secure.gravatar.com\\\/avatar\\\/4ce797ee07c943e7e592f8cd648e503e6cd571387558ed07135799c2bd2847df?s=96&d=mm&r=g\",\"caption\":\"ayun\"},\"sameAs\":[\"http:\\\/\\\/www.caudete.org\\\/ayuntamiento\"],\"url\":\"https:\\\/\\\/www.caudete.org\\\/ayuntamiento\\\/author\\\/ayun\\\/\"}]}<\/script>\n<!-- \/ Yoast SEO plugin. -->","yoast_head_json":{"title":"Protocolo Local de Actuaci\u00f3n y Coordinaci\u00f3n Interinstitucional para la Mejora en la Atenci\u00f3n a Mujeres V\u00edctimas de Violencia de G\u00e9nero y Agresiones y\/o Abusos Sexuales - MI Ayuntamiento de Caudete","description":"P\u00e1gina Oficial del Ayuntamiento de Caudete (Albacete)","robots":{"index":"index","follow":"follow","max-snippet":"max-snippet:-1","max-image-preview":"max-image-preview:large","max-video-preview":"max-video-preview:-1"},"canonical":"https:\/\/www.caudete.org\/ayuntamiento\/protocolo-local-de-actuacion-y-coordinacion-interinstitucional-para-la-mejora-en-la-atencion-a-mujeres-victimas-de-violencia-de-genero-y-agresiones-y-o-abusos-sexuales\/","og_locale":"es_ES","og_type":"article","og_title":"Protocolo Local de Actuaci\u00f3n y Coordinaci\u00f3n Interinstitucional para la Mejora en la Atenci\u00f3n a Mujeres V\u00edctimas de Violencia de G\u00e9nero y Agresiones y\/o Abusos Sexuales - MI Ayuntamiento de Caudete","og_description":"P\u00e1gina Oficial del Ayuntamiento de Caudete (Albacete)","og_url":"https:\/\/www.caudete.org\/ayuntamiento\/protocolo-local-de-actuacion-y-coordinacion-interinstitucional-para-la-mejora-en-la-atencion-a-mujeres-victimas-de-violencia-de-genero-y-agresiones-y-o-abusos-sexuales\/","og_site_name":"MI Ayuntamiento de Caudete","article_publisher":"https:\/\/www.facebook.com\/ayuntamientocaudete\/","article_published_time":"2020-11-24T11:05:12+00:00","article_modified_time":"2020-12-14T18:41:29+00:00","og_image":[{"width":800,"height":600,"url":"https:\/\/www.caudete.org\/ayuntamiento\/wp-content\/uploads\/2020\/11\/protocolo_violencia_genero.jpg","type":"image\/jpeg"}],"author":"ayun","twitter_card":"summary_large_image","twitter_misc":{"Escrito por":"ayun","Tiempo de lectura":"1 minuto"},"schema":{"@context":"https:\/\/schema.org","@graph":[{"@type":"Article","@id":"https:\/\/www.caudete.org\/ayuntamiento\/protocolo-local-de-actuacion-y-coordinacion-interinstitucional-para-la-mejora-en-la-atencion-a-mujeres-victimas-de-violencia-de-genero-y-agresiones-y-o-abusos-sexuales\/#article","isPartOf":{"@id":"https:\/\/www.caudete.org\/ayuntamiento\/protocolo-local-de-actuacion-y-coordinacion-interinstitucional-para-la-mejora-en-la-atencion-a-mujeres-victimas-de-violencia-de-genero-y-agresiones-y-o-abusos-sexuales\/"},"author":{"name":"ayun","@id":"https:\/\/www.caudete.org\/ayuntamiento\/#\/schema\/person\/79f7e19fdd176fc2bc7a289013dc2056"},"headline":"Protocolo Local de Actuaci\u00f3n y Coordinaci\u00f3n Interinstitucional para la Mejora en la Atenci\u00f3n a Mujeres V\u00edctimas de Violencia de G\u00e9nero y Agresiones y\/o Abusos Sexuales","datePublished":"2020-11-24T11:05:12+00:00","dateModified":"2020-12-14T18:41:29+00:00","mainEntityOfPage":{"@id":"https:\/\/www.caudete.org\/ayuntamiento\/protocolo-local-de-actuacion-y-coordinacion-interinstitucional-para-la-mejora-en-la-atencion-a-mujeres-victimas-de-violencia-de-genero-y-agresiones-y-o-abusos-sexuales\/"},"wordCount":311,"image":{"@id":"https:\/\/www.caudete.org\/ayuntamiento\/protocolo-local-de-actuacion-y-coordinacion-interinstitucional-para-la-mejora-en-la-atencion-a-mujeres-victimas-de-violencia-de-genero-y-agresiones-y-o-abusos-sexuales\/#primaryimage"},"thumbnailUrl":"https:\/\/www.caudete.org\/ayuntamiento\/wp-content\/uploads\/2020\/11\/protocolo_violencia_genero.jpg","keywords":["violencia g\u00e9nero"],"articleSection":["Pol\u00edticas de Igualdad"],"inLanguage":"es"},{"@type":"WebPage","@id":"https:\/\/www.caudete.org\/ayuntamiento\/protocolo-local-de-actuacion-y-coordinacion-interinstitucional-para-la-mejora-en-la-atencion-a-mujeres-victimas-de-violencia-de-genero-y-agresiones-y-o-abusos-sexuales\/","url":"https:\/\/www.caudete.org\/ayuntamiento\/protocolo-local-de-actuacion-y-coordinacion-interinstitucional-para-la-mejora-en-la-atencion-a-mujeres-victimas-de-violencia-de-genero-y-agresiones-y-o-abusos-sexuales\/","name":"Protocolo Local de Actuaci\u00f3n y Coordinaci\u00f3n Interinstitucional para la Mejora en la Atenci\u00f3n a Mujeres V\u00edctimas de Violencia de G\u00e9nero y Agresiones y\/o Abusos Sexuales - MI Ayuntamiento de Caudete","isPartOf":{"@id":"https:\/\/www.caudete.org\/ayuntamiento\/#website"},"primaryImageOfPage":{"@id":"https:\/\/www.caudete.org\/ayuntamiento\/protocolo-local-de-actuacion-y-coordinacion-interinstitucional-para-la-mejora-en-la-atencion-a-mujeres-victimas-de-violencia-de-genero-y-agresiones-y-o-abusos-sexuales\/#primaryimage"},"image":{"@id":"https:\/\/www.caudete.org\/ayuntamiento\/protocolo-local-de-actuacion-y-coordinacion-interinstitucional-para-la-mejora-en-la-atencion-a-mujeres-victimas-de-violencia-de-genero-y-agresiones-y-o-abusos-sexuales\/#primaryimage"},"thumbnailUrl":"https:\/\/www.caudete.org\/ayuntamiento\/wp-content\/uploads\/2020\/11\/protocolo_violencia_genero.jpg","datePublished":"2020-11-24T11:05:12+00:00","dateModified":"2020-12-14T18:41:29+00:00","author":{"@id":"https:\/\/www.caudete.org\/ayuntamiento\/#\/schema\/person\/79f7e19fdd176fc2bc7a289013dc2056"},"description":"P\u00e1gina Oficial del Ayuntamiento de Caudete (Albacete)","breadcrumb":{"@id":"https:\/\/www.caudete.org\/ayuntamiento\/protocolo-local-de-actuacion-y-coordinacion-interinstitucional-para-la-mejora-en-la-atencion-a-mujeres-victimas-de-violencia-de-genero-y-agresiones-y-o-abusos-sexuales\/#breadcrumb"},"inLanguage":"es","potentialAction":[{"@type":"ReadAction","target":["https:\/\/www.caudete.org\/ayuntamiento\/protocolo-local-de-actuacion-y-coordinacion-interinstitucional-para-la-mejora-en-la-atencion-a-mujeres-victimas-de-violencia-de-genero-y-agresiones-y-o-abusos-sexuales\/"]}]},{"@type":"ImageObject","inLanguage":"es","@id":"https:\/\/www.caudete.org\/ayuntamiento\/protocolo-local-de-actuacion-y-coordinacion-interinstitucional-para-la-mejora-en-la-atencion-a-mujeres-victimas-de-violencia-de-genero-y-agresiones-y-o-abusos-sexuales\/#primaryimage","url":"https:\/\/www.caudete.org\/ayuntamiento\/wp-content\/uploads\/2020\/11\/protocolo_violencia_genero.jpg","contentUrl":"https:\/\/www.caudete.org\/ayuntamiento\/wp-content\/uploads\/2020\/11\/protocolo_violencia_genero.jpg","width":800,"height":600},{"@type":"BreadcrumbList","@id":"https:\/\/www.caudete.org\/ayuntamiento\/protocolo-local-de-actuacion-y-coordinacion-interinstitucional-para-la-mejora-en-la-atencion-a-mujeres-victimas-de-violencia-de-genero-y-agresiones-y-o-abusos-sexuales\/#breadcrumb","itemListElement":[{"@type":"ListItem","position":1,"name":"Inicio","item":"https:\/\/www.caudete.org\/ayuntamiento\/"},{"@type":"ListItem","position":2,"name":"Protocolo Local de Actuaci\u00f3n y Coordinaci\u00f3n Interinstitucional para la Mejora en la Atenci\u00f3n a Mujeres V\u00edctimas de Violencia de G\u00e9nero y Agresiones y\/o Abusos Sexuales"}]},{"@type":"WebSite","@id":"https:\/\/www.caudete.org\/ayuntamiento\/#website","url":"https:\/\/www.caudete.org\/ayuntamiento\/","name":"MI Ayuntamiento de Caudete","description":"P\u00e1gina Oficial del MI Ayuntamiento de Caudete","potentialAction":[{"@type":"SearchAction","target":{"@type":"EntryPoint","urlTemplate":"https:\/\/www.caudete.org\/ayuntamiento\/?s={search_term_string}"},"query-input":{"@type":"PropertyValueSpecification","valueRequired":true,"valueName":"search_term_string"}}],"inLanguage":"es"},{"@type":"Person","@id":"https:\/\/www.caudete.org\/ayuntamiento\/#\/schema\/person\/79f7e19fdd176fc2bc7a289013dc2056","name":"ayun","image":{"@type":"ImageObject","inLanguage":"es","@id":"https:\/\/secure.gravatar.com\/avatar\/4ce797ee07c943e7e592f8cd648e503e6cd571387558ed07135799c2bd2847df?s=96&d=mm&r=g","url":"https:\/\/secure.gravatar.com\/avatar\/4ce797ee07c943e7e592f8cd648e503e6cd571387558ed07135799c2bd2847df?s=96&d=mm&r=g","contentUrl":"https:\/\/secure.gravatar.com\/avatar\/4ce797ee07c943e7e592f8cd648e503e6cd571387558ed07135799c2bd2847df?s=96&d=mm&r=g","caption":"ayun"},"sameAs":["http:\/\/www.caudete.org\/ayuntamiento"],"url":"https:\/\/www.caudete.org\/ayuntamiento\/author\/ayun\/"}]}},"_links":{"self":[{"href":"https:\/\/www.caudete.org\/ayuntamiento\/wp-json\/wp\/v2\/posts\/5777","targetHints":{"allow":["GET"]}}],"collection":[{"href":"https:\/\/www.caudete.org\/ayuntamiento\/wp-json\/wp\/v2\/posts"}],"about":[{"href":"https:\/\/www.caudete.org\/ayuntamiento\/wp-json\/wp\/v2\/types\/post"}],"author":[{"embeddable":true,"href":"https:\/\/www.caudete.org\/ayuntamiento\/wp-json\/wp\/v2\/users\/1"}],"replies":[{"embeddable":true,"href":"https:\/\/www.caudete.org\/ayuntamiento\/wp-json\/wp\/v2\/comments?post=5777"}],"version-history":[{"count":4,"href":"https:\/\/www.caudete.org\/ayuntamiento\/wp-json\/wp\/v2\/posts\/5777\/revisions"}],"predecessor-version":[{"id":9461,"href":"https:\/\/www.caudete.org\/ayuntamiento\/wp-json\/wp\/v2\/posts\/5777\/revisions\/9461"}],"wp:featuredmedia":[{"embeddable":true,"href":"https:\/\/www.caudete.org\/ayuntamiento\/wp-json\/wp\/v2\/media\/5778"}],"wp:attachment":[{"href":"https:\/\/www.caudete.org\/ayuntamiento\/wp-json\/wp\/v2\/media?parent=5777"}],"wp:term":[{"taxonomy":"category","embeddable":true,"href":"https:\/\/www.caudete.org\/ayuntamiento\/wp-json\/wp\/v2\/categories?post=5777"},{"taxonomy":"post_tag","embeddable":true,"href":"https:\/\/www.caudete.org\/ayuntamiento\/wp-json\/wp\/v2\/tags?post=5777"}],"curies":[{"name":"wp","href":"https:\/\/api.w.org\/{rel}","templated":true}]}}