{"id":5781,"date":"2020-11-25T12:10:56","date_gmt":"2020-11-25T11:10:56","guid":{"rendered":"http:\/\/www.caudete.org\/ayuntamiento\/?p=5781"},"modified":"2020-11-28T12:13:33","modified_gmt":"2020-11-28T11:13:33","slug":"vuelve-el-concurso-de-belenes-2020-y-los-caudetanos-seran-parte-del-jurado","status":"publish","type":"post","link":"https:\/\/www.caudete.org\/ayuntamiento\/vuelve-el-concurso-de-belenes-2020-y-los-caudetanos-seran-parte-del-jurado\/","title":{"rendered":"Vuelve el Concurso de Belenes 2020 y los caudetanos ser\u00e1n parte del Jurado"},"content":{"rendered":"<p style=\"text-align: justify;\">Esta ma\u00f1ana aprobaba la Junta de Gobierno Local las Bases y Convocatoria de la XXII Edici\u00f3n del tradicional Concurso de Belenes, pero con un formato diferente en las bases del mismo.<\/p>\n<p style=\"text-align: justify;\">Manteniendo las Categor\u00edas de Centros Escolares y Ciudadan\u00eda en general, se han estipulado \u00fanicamente dos modalidades: Hist\u00f3rico y Tradicional, dejando fuera los que no respeten la reproducci\u00f3n del ambiente propio y entorno del momento hist\u00f3rico que engloba al Nacimiento, o del formato tradicional en que se han ido realizando los Belenes en los hogares espa\u00f1oles (corcho, serr\u00edn, corteza, etc).<\/p>\n<p style=\"text-align: justify;\">La principal novedad este a\u00f1o viene con los el Jurado y la visita de \u00e9stos a los Belenes participantes.<\/p>\n<p style=\"text-align: justify;\">Si bien este a\u00f1o, por la situaci\u00f3n sanitaria, se ha optado a que la visita del Jurado se sustituya por una grabaci\u00f3n por parte del Ayuntamiento del Bel\u00e9n participante, la valoraci\u00f3n del Jurado tendr\u00e1 dos fases:<\/p>\n<p style=\"text-align: justify;\">1\u00aa Fase. Un Jurado, valorar\u00e1 los Belenes en funci\u00f3n de los criterios establecidos en las presentes bases, y seleccionar\u00e1 los finalistas, que pasar\u00e1n a ser valorados en la fase siguiente.<\/p>\n<p style=\"text-align: justify;\">2\u00aa Fase. Los ciudadanos en general ser\u00e1n quienes establezcan los Belenes premiados, bas\u00e1ndose en los finalistas que el Jurado previamente ha seleccionado. El m\u00e1s votado, ser\u00e1 el Primer premiado, y por orden decreciente hasta establecer el Tercer premio.<\/p>\n<p style=\"text-align: justify;\">Esta es una clara apuesta de la Concejal\u00eda de Participaci\u00f3n Ciudadana, que ha hecho posible este nuevo formato en el que para poder participar en esta fase, los ciudadanos podr\u00e1n hacerlo de forma telem\u00e1tica, accediendo a:<\/p>\n<p style=\"text-align: justify;\">http:\/\/www.caudete.org\/certamenbelenes<\/p>\n<p style=\"text-align: justify;\">limit\u00e1ndose a un solo voto por persona.<\/p>\n<p style=\"text-align: justify;\">Para ello, en la web municipal se podr\u00e1 visualizar las im\u00e1genes de los Belenes finalistas, lugar adem\u00e1s en el que podr\u00e1n ser visualizados la totalidad de Belenes participantes en el Certamen, una forma segura de poder visitarlos y disfrutar de la habilidad, destreza y trabajo de los participantes, sin necesidad de salir de casa, y haci\u00e9ndolo de una forma segura para nuestra salud.<\/p>\n<p style=\"text-align: justify;\">Adem\u00e1s, la entrega de Premios cambia de escenario y de fecha, siendo el d\u00eda de Nochebuena, a las 12h del mediod\u00eda y la Sala de Prensa del Ayuntamiento, el lugar elegido para realizar la entrega de Premios, en la que no habr\u00e1 p\u00fablico, pero si quedar\u00e1 grabado para su reproducci\u00f3n en Televisi\u00f3n.<\/p>\n<p style=\"text-align: justify;\">La fecha tope para poder presentar solicitud de participaci\u00f3n queda establecida hasta el mi\u00e9rcoles 16 de Diciembre (inclusive).<\/p>\n<p style=\"text-align: justify;\">La &#8220;visita del Jurado&#8221; se realizar\u00e1 el jueves 17 de Diciembre, para lo cual los participantes recibir\u00e1n aviso previo de la hora aproximada.<\/p>\n<p style=\"text-align: justify;\">La 2\u00aa Fase de valoraci\u00f3n, en la que participar\u00e1 todo ciudadano que lo desee, estar\u00e1 abierta desde el s\u00e1bado 19 de Diciembre hasta el mi\u00e9rcoles 23 de Diciembre v\u00eda web (se anunciar\u00e1 previamente).<\/p>\n<p>&nbsp;<\/p>\n<p><img fetchpriority=\"high\" decoding=\"async\" class=\"aligncenter size-full wp-image-5782\" src=\"http:\/\/www.caudete.org\/ayuntamiento\/wp-content\/uploads\/2020\/11\/belenes2020.jpg\" alt=\"\" width=\"471\" height=\"600\" srcset=\"https:\/\/www.caudete.org\/ayuntamiento\/wp-content\/uploads\/2020\/11\/belenes2020.jpg 471w, https:\/\/www.caudete.org\/ayuntamiento\/wp-content\/uploads\/2020\/11\/belenes2020-236x300.jpg 236w\" sizes=\"(max-width: 471px) 100vw, 471px\" \/><\/p>\n","protected":false},"excerpt":{"rendered":"<p>Esta ma\u00f1ana aprobaba la Junta de Gobierno Local las Bases y Convocatoria de la XXII Edici\u00f3n del tradicional Concurso de Belenes, pero con un formato diferente en las bases del mismo. Manteniendo las Categor\u00edas de Centros Escolares y Ciudadan\u00eda en general, se han estipulado \u00fanicamente dos modalidades: Hist\u00f3rico y Tradicional, dejando fuera los que no &hellip;<\/p>\n","protected":false},"author":1,"featured_media":5782,"comment_status":"closed","ping_status":"open","sticky":false,"template":"","format":"standard","meta":{"ngg_post_thumbnail":0,"footnotes":""},"categories":[14],"tags":[73],"class_list":["post-5781","post","type-post","status-publish","format-standard","has-post-thumbnail","hentry","category-cultura","tag-concurso-belenes"],"yoast_head":"<!-- This site is optimized with the Yoast SEO plugin v27.5 - https:\/\/yoast.com\/product\/yoast-seo-wordpress\/ -->\n<title>Vuelve el Concurso de Belenes 2020 y los caudetanos ser\u00e1n parte del Jurado - MI Ayuntamiento de Caudete<\/title>\n<meta name=\"description\" content=\"P\u00e1gina Oficial del Ayuntamiento de Caudete (Albacete)\" \/>\n<meta name=\"robots\" content=\"index, follow, max-snippet:-1, max-image-preview:large, max-video-preview:-1\" \/>\n<link rel=\"canonical\" href=\"https:\/\/www.caudete.org\/ayuntamiento\/vuelve-el-concurso-de-belenes-2020-y-los-caudetanos-seran-parte-del-jurado\/\" \/>\n<meta property=\"og:locale\" content=\"es_ES\" \/>\n<meta property=\"og:type\" content=\"article\" \/>\n<meta property=\"og:title\" content=\"Vuelve el Concurso de Belenes 2020 y los caudetanos ser\u00e1n parte del Jurado - MI Ayuntamiento de Caudete\" \/>\n<meta property=\"og:description\" content=\"P\u00e1gina Oficial del Ayuntamiento de Caudete (Albacete)\" \/>\n<meta property=\"og:url\" content=\"https:\/\/www.caudete.org\/ayuntamiento\/vuelve-el-concurso-de-belenes-2020-y-los-caudetanos-seran-parte-del-jurado\/\" \/>\n<meta property=\"og:site_name\" content=\"MI Ayuntamiento de Caudete\" \/>\n<meta property=\"article:publisher\" content=\"https:\/\/www.facebook.com\/ayuntamientocaudete\/\" \/>\n<meta property=\"article:published_time\" content=\"2020-11-25T11:10:56+00:00\" \/>\n<meta property=\"article:modified_time\" content=\"2020-11-28T11:13:33+00:00\" \/>\n<meta property=\"og:image\" content=\"https:\/\/www.caudete.org\/ayuntamiento\/wp-content\/uploads\/2020\/11\/belenes2020.jpg\" \/>\n\t<meta property=\"og:image:width\" content=\"471\" \/>\n\t<meta property=\"og:image:height\" content=\"600\" \/>\n\t<meta property=\"og:image:type\" content=\"image\/jpeg\" \/>\n<meta name=\"author\" content=\"ayun\" \/>\n<meta name=\"twitter:card\" content=\"summary_large_image\" \/>\n<meta name=\"twitter:label1\" content=\"Escrito por\" \/>\n\t<meta name=\"twitter:data1\" content=\"ayun\" \/>\n\t<meta name=\"twitter:label2\" content=\"Tiempo de lectura\" \/>\n\t<meta name=\"twitter:data2\" content=\"2 minutos\" \/>\n<script type=\"application\/ld+json\" class=\"yoast-schema-graph\">{\"@context\":\"https:\\\/\\\/schema.org\",\"@graph\":[{\"@type\":\"Article\",\"@id\":\"https:\\\/\\\/www.caudete.org\\\/ayuntamiento\\\/vuelve-el-concurso-de-belenes-2020-y-los-caudetanos-seran-parte-del-jurado\\\/#article\",\"isPartOf\":{\"@id\":\"https:\\\/\\\/www.caudete.org\\\/ayuntamiento\\\/vuelve-el-concurso-de-belenes-2020-y-los-caudetanos-seran-parte-del-jurado\\\/\"},\"author\":{\"name\":\"ayun\",\"@id\":\"https:\\\/\\\/www.caudete.org\\\/ayuntamiento\\\/#\\\/schema\\\/person\\\/79f7e19fdd176fc2bc7a289013dc2056\"},\"headline\":\"Vuelve el Concurso de Belenes 2020 y los caudetanos ser\u00e1n parte del Jurado\",\"datePublished\":\"2020-11-25T11:10:56+00:00\",\"dateModified\":\"2020-11-28T11:13:33+00:00\",\"mainEntityOfPage\":{\"@id\":\"https:\\\/\\\/www.caudete.org\\\/ayuntamiento\\\/vuelve-el-concurso-de-belenes-2020-y-los-caudetanos-seran-parte-del-jurado\\\/\"},\"wordCount\":499,\"image\":{\"@id\":\"https:\\\/\\\/www.caudete.org\\\/ayuntamiento\\\/vuelve-el-concurso-de-belenes-2020-y-los-caudetanos-seran-parte-del-jurado\\\/#primaryimage\"},\"thumbnailUrl\":\"https:\\\/\\\/www.caudete.org\\\/ayuntamiento\\\/wp-content\\\/uploads\\\/2020\\\/11\\\/belenes2020.jpg\",\"keywords\":[\"concurso belenes\"],\"articleSection\":[\"Cultura\"],\"inLanguage\":\"es\"},{\"@type\":\"WebPage\",\"@id\":\"https:\\\/\\\/www.caudete.org\\\/ayuntamiento\\\/vuelve-el-concurso-de-belenes-2020-y-los-caudetanos-seran-parte-del-jurado\\\/\",\"url\":\"https:\\\/\\\/www.caudete.org\\\/ayuntamiento\\\/vuelve-el-concurso-de-belenes-2020-y-los-caudetanos-seran-parte-del-jurado\\\/\",\"name\":\"Vuelve el Concurso de Belenes 2020 y los caudetanos ser\u00e1n parte del Jurado - MI Ayuntamiento de Caudete\",\"isPartOf\":{\"@id\":\"https:\\\/\\\/www.caudete.org\\\/ayuntamiento\\\/#website\"},\"primaryImageOfPage\":{\"@id\":\"https:\\\/\\\/www.caudete.org\\\/ayuntamiento\\\/vuelve-el-concurso-de-belenes-2020-y-los-caudetanos-seran-parte-del-jurado\\\/#primaryimage\"},\"image\":{\"@id\":\"https:\\\/\\\/www.caudete.org\\\/ayuntamiento\\\/vuelve-el-concurso-de-belenes-2020-y-los-caudetanos-seran-parte-del-jurado\\\/#primaryimage\"},\"thumbnailUrl\":\"https:\\\/\\\/www.caudete.org\\\/ayuntamiento\\\/wp-content\\\/uploads\\\/2020\\\/11\\\/belenes2020.jpg\",\"datePublished\":\"2020-11-25T11:10:56+00:00\",\"dateModified\":\"2020-11-28T11:13:33+00:00\",\"author\":{\"@id\":\"https:\\\/\\\/www.caudete.org\\\/ayuntamiento\\\/#\\\/schema\\\/person\\\/79f7e19fdd176fc2bc7a289013dc2056\"},\"description\":\"P\u00e1gina Oficial del Ayuntamiento de Caudete (Albacete)\",\"breadcrumb\":{\"@id\":\"https:\\\/\\\/www.caudete.org\\\/ayuntamiento\\\/vuelve-el-concurso-de-belenes-2020-y-los-caudetanos-seran-parte-del-jurado\\\/#breadcrumb\"},\"inLanguage\":\"es\",\"potentialAction\":[{\"@type\":\"ReadAction\",\"target\":[\"https:\\\/\\\/www.caudete.org\\\/ayuntamiento\\\/vuelve-el-concurso-de-belenes-2020-y-los-caudetanos-seran-parte-del-jurado\\\/\"]}]},{\"@type\":\"ImageObject\",\"inLanguage\":\"es\",\"@id\":\"https:\\\/\\\/www.caudete.org\\\/ayuntamiento\\\/vuelve-el-concurso-de-belenes-2020-y-los-caudetanos-seran-parte-del-jurado\\\/#primaryimage\",\"url\":\"https:\\\/\\\/www.caudete.org\\\/ayuntamiento\\\/wp-content\\\/uploads\\\/2020\\\/11\\\/belenes2020.jpg\",\"contentUrl\":\"https:\\\/\\\/www.caudete.org\\\/ayuntamiento\\\/wp-content\\\/uploads\\\/2020\\\/11\\\/belenes2020.jpg\",\"width\":471,\"height\":600},{\"@type\":\"BreadcrumbList\",\"@id\":\"https:\\\/\\\/www.caudete.org\\\/ayuntamiento\\\/vuelve-el-concurso-de-belenes-2020-y-los-caudetanos-seran-parte-del-jurado\\\/#breadcrumb\",\"itemListElement\":[{\"@type\":\"ListItem\",\"position\":1,\"name\":\"Inicio\",\"item\":\"https:\\\/\\\/www.caudete.org\\\/ayuntamiento\\\/\"},{\"@type\":\"ListItem\",\"position\":2,\"name\":\"Vuelve el Concurso de Belenes 2020 y los caudetanos ser\u00e1n parte del Jurado\"}]},{\"@type\":\"WebSite\",\"@id\":\"https:\\\/\\\/www.caudete.org\\\/ayuntamiento\\\/#website\",\"url\":\"https:\\\/\\\/www.caudete.org\\\/ayuntamiento\\\/\",\"name\":\"MI Ayuntamiento de Caudete\",\"description\":\"P\u00e1gina Oficial del MI Ayuntamiento de Caudete\",\"potentialAction\":[{\"@type\":\"SearchAction\",\"target\":{\"@type\":\"EntryPoint\",\"urlTemplate\":\"https:\\\/\\\/www.caudete.org\\\/ayuntamiento\\\/?s={search_term_string}\"},\"query-input\":{\"@type\":\"PropertyValueSpecification\",\"valueRequired\":true,\"valueName\":\"search_term_string\"}}],\"inLanguage\":\"es\"},{\"@type\":\"Person\",\"@id\":\"https:\\\/\\\/www.caudete.org\\\/ayuntamiento\\\/#\\\/schema\\\/person\\\/79f7e19fdd176fc2bc7a289013dc2056\",\"name\":\"ayun\",\"image\":{\"@type\":\"ImageObject\",\"inLanguage\":\"es\",\"@id\":\"https:\\\/\\\/secure.gravatar.com\\\/avatar\\\/4ce797ee07c943e7e592f8cd648e503e6cd571387558ed07135799c2bd2847df?s=96&d=mm&r=g\",\"url\":\"https:\\\/\\\/secure.gravatar.com\\\/avatar\\\/4ce797ee07c943e7e592f8cd648e503e6cd571387558ed07135799c2bd2847df?s=96&d=mm&r=g\",\"contentUrl\":\"https:\\\/\\\/secure.gravatar.com\\\/avatar\\\/4ce797ee07c943e7e592f8cd648e503e6cd571387558ed07135799c2bd2847df?s=96&d=mm&r=g\",\"caption\":\"ayun\"},\"sameAs\":[\"http:\\\/\\\/www.caudete.org\\\/ayuntamiento\"],\"url\":\"https:\\\/\\\/www.caudete.org\\\/ayuntamiento\\\/author\\\/ayun\\\/\"}]}<\/script>\n<!-- \/ Yoast SEO plugin. -->","yoast_head_json":{"title":"Vuelve el Concurso de Belenes 2020 y los caudetanos ser\u00e1n parte del Jurado - MI Ayuntamiento de Caudete","description":"P\u00e1gina Oficial del Ayuntamiento de Caudete (Albacete)","robots":{"index":"index","follow":"follow","max-snippet":"max-snippet:-1","max-image-preview":"max-image-preview:large","max-video-preview":"max-video-preview:-1"},"canonical":"https:\/\/www.caudete.org\/ayuntamiento\/vuelve-el-concurso-de-belenes-2020-y-los-caudetanos-seran-parte-del-jurado\/","og_locale":"es_ES","og_type":"article","og_title":"Vuelve el Concurso de Belenes 2020 y los caudetanos ser\u00e1n parte del Jurado - MI Ayuntamiento de Caudete","og_description":"P\u00e1gina Oficial del Ayuntamiento de Caudete (Albacete)","og_url":"https:\/\/www.caudete.org\/ayuntamiento\/vuelve-el-concurso-de-belenes-2020-y-los-caudetanos-seran-parte-del-jurado\/","og_site_name":"MI Ayuntamiento de Caudete","article_publisher":"https:\/\/www.facebook.com\/ayuntamientocaudete\/","article_published_time":"2020-11-25T11:10:56+00:00","article_modified_time":"2020-11-28T11:13:33+00:00","og_image":[{"width":471,"height":600,"url":"https:\/\/www.caudete.org\/ayuntamiento\/wp-content\/uploads\/2020\/11\/belenes2020.jpg","type":"image\/jpeg"}],"author":"ayun","twitter_card":"summary_large_image","twitter_misc":{"Escrito por":"ayun","Tiempo de lectura":"2 minutos"},"schema":{"@context":"https:\/\/schema.org","@graph":[{"@type":"Article","@id":"https:\/\/www.caudete.org\/ayuntamiento\/vuelve-el-concurso-de-belenes-2020-y-los-caudetanos-seran-parte-del-jurado\/#article","isPartOf":{"@id":"https:\/\/www.caudete.org\/ayuntamiento\/vuelve-el-concurso-de-belenes-2020-y-los-caudetanos-seran-parte-del-jurado\/"},"author":{"name":"ayun","@id":"https:\/\/www.caudete.org\/ayuntamiento\/#\/schema\/person\/79f7e19fdd176fc2bc7a289013dc2056"},"headline":"Vuelve el Concurso de Belenes 2020 y los caudetanos ser\u00e1n parte del Jurado","datePublished":"2020-11-25T11:10:56+00:00","dateModified":"2020-11-28T11:13:33+00:00","mainEntityOfPage":{"@id":"https:\/\/www.caudete.org\/ayuntamiento\/vuelve-el-concurso-de-belenes-2020-y-los-caudetanos-seran-parte-del-jurado\/"},"wordCount":499,"image":{"@id":"https:\/\/www.caudete.org\/ayuntamiento\/vuelve-el-concurso-de-belenes-2020-y-los-caudetanos-seran-parte-del-jurado\/#primaryimage"},"thumbnailUrl":"https:\/\/www.caudete.org\/ayuntamiento\/wp-content\/uploads\/2020\/11\/belenes2020.jpg","keywords":["concurso belenes"],"articleSection":["Cultura"],"inLanguage":"es"},{"@type":"WebPage","@id":"https:\/\/www.caudete.org\/ayuntamiento\/vuelve-el-concurso-de-belenes-2020-y-los-caudetanos-seran-parte-del-jurado\/","url":"https:\/\/www.caudete.org\/ayuntamiento\/vuelve-el-concurso-de-belenes-2020-y-los-caudetanos-seran-parte-del-jurado\/","name":"Vuelve el Concurso de Belenes 2020 y los caudetanos ser\u00e1n parte del Jurado - MI Ayuntamiento de Caudete","isPartOf":{"@id":"https:\/\/www.caudete.org\/ayuntamiento\/#website"},"primaryImageOfPage":{"@id":"https:\/\/www.caudete.org\/ayuntamiento\/vuelve-el-concurso-de-belenes-2020-y-los-caudetanos-seran-parte-del-jurado\/#primaryimage"},"image":{"@id":"https:\/\/www.caudete.org\/ayuntamiento\/vuelve-el-concurso-de-belenes-2020-y-los-caudetanos-seran-parte-del-jurado\/#primaryimage"},"thumbnailUrl":"https:\/\/www.caudete.org\/ayuntamiento\/wp-content\/uploads\/2020\/11\/belenes2020.jpg","datePublished":"2020-11-25T11:10:56+00:00","dateModified":"2020-11-28T11:13:33+00:00","author":{"@id":"https:\/\/www.caudete.org\/ayuntamiento\/#\/schema\/person\/79f7e19fdd176fc2bc7a289013dc2056"},"description":"P\u00e1gina Oficial del Ayuntamiento de Caudete (Albacete)","breadcrumb":{"@id":"https:\/\/www.caudete.org\/ayuntamiento\/vuelve-el-concurso-de-belenes-2020-y-los-caudetanos-seran-parte-del-jurado\/#breadcrumb"},"inLanguage":"es","potentialAction":[{"@type":"ReadAction","target":["https:\/\/www.caudete.org\/ayuntamiento\/vuelve-el-concurso-de-belenes-2020-y-los-caudetanos-seran-parte-del-jurado\/"]}]},{"@type":"ImageObject","inLanguage":"es","@id":"https:\/\/www.caudete.org\/ayuntamiento\/vuelve-el-concurso-de-belenes-2020-y-los-caudetanos-seran-parte-del-jurado\/#primaryimage","url":"https:\/\/www.caudete.org\/ayuntamiento\/wp-content\/uploads\/2020\/11\/belenes2020.jpg","contentUrl":"https:\/\/www.caudete.org\/ayuntamiento\/wp-content\/uploads\/2020\/11\/belenes2020.jpg","width":471,"height":600},{"@type":"BreadcrumbList","@id":"https:\/\/www.caudete.org\/ayuntamiento\/vuelve-el-concurso-de-belenes-2020-y-los-caudetanos-seran-parte-del-jurado\/#breadcrumb","itemListElement":[{"@type":"ListItem","position":1,"name":"Inicio","item":"https:\/\/www.caudete.org\/ayuntamiento\/"},{"@type":"ListItem","position":2,"name":"Vuelve el Concurso de Belenes 2020 y los caudetanos ser\u00e1n parte del Jurado"}]},{"@type":"WebSite","@id":"https:\/\/www.caudete.org\/ayuntamiento\/#website","url":"https:\/\/www.caudete.org\/ayuntamiento\/","name":"MI Ayuntamiento de Caudete","description":"P\u00e1gina Oficial del MI Ayuntamiento de Caudete","potentialAction":[{"@type":"SearchAction","target":{"@type":"EntryPoint","urlTemplate":"https:\/\/www.caudete.org\/ayuntamiento\/?s={search_term_string}"},"query-input":{"@type":"PropertyValueSpecification","valueRequired":true,"valueName":"search_term_string"}}],"inLanguage":"es"},{"@type":"Person","@id":"https:\/\/www.caudete.org\/ayuntamiento\/#\/schema\/person\/79f7e19fdd176fc2bc7a289013dc2056","name":"ayun","image":{"@type":"ImageObject","inLanguage":"es","@id":"https:\/\/secure.gravatar.com\/avatar\/4ce797ee07c943e7e592f8cd648e503e6cd571387558ed07135799c2bd2847df?s=96&d=mm&r=g","url":"https:\/\/secure.gravatar.com\/avatar\/4ce797ee07c943e7e592f8cd648e503e6cd571387558ed07135799c2bd2847df?s=96&d=mm&r=g","contentUrl":"https:\/\/secure.gravatar.com\/avatar\/4ce797ee07c943e7e592f8cd648e503e6cd571387558ed07135799c2bd2847df?s=96&d=mm&r=g","caption":"ayun"},"sameAs":["http:\/\/www.caudete.org\/ayuntamiento"],"url":"https:\/\/www.caudete.org\/ayuntamiento\/author\/ayun\/"}]}},"_links":{"self":[{"href":"https:\/\/www.caudete.org\/ayuntamiento\/wp-json\/wp\/v2\/posts\/5781","targetHints":{"allow":["GET"]}}],"collection":[{"href":"https:\/\/www.caudete.org\/ayuntamiento\/wp-json\/wp\/v2\/posts"}],"about":[{"href":"https:\/\/www.caudete.org\/ayuntamiento\/wp-json\/wp\/v2\/types\/post"}],"author":[{"embeddable":true,"href":"https:\/\/www.caudete.org\/ayuntamiento\/wp-json\/wp\/v2\/users\/1"}],"replies":[{"embeddable":true,"href":"https:\/\/www.caudete.org\/ayuntamiento\/wp-json\/wp\/v2\/comments?post=5781"}],"version-history":[{"count":1,"href":"https:\/\/www.caudete.org\/ayuntamiento\/wp-json\/wp\/v2\/posts\/5781\/revisions"}],"predecessor-version":[{"id":5783,"href":"https:\/\/www.caudete.org\/ayuntamiento\/wp-json\/wp\/v2\/posts\/5781\/revisions\/5783"}],"wp:featuredmedia":[{"embeddable":true,"href":"https:\/\/www.caudete.org\/ayuntamiento\/wp-json\/wp\/v2\/media\/5782"}],"wp:attachment":[{"href":"https:\/\/www.caudete.org\/ayuntamiento\/wp-json\/wp\/v2\/media?parent=5781"}],"wp:term":[{"taxonomy":"category","embeddable":true,"href":"https:\/\/www.caudete.org\/ayuntamiento\/wp-json\/wp\/v2\/categories?post=5781"},{"taxonomy":"post_tag","embeddable":true,"href":"https:\/\/www.caudete.org\/ayuntamiento\/wp-json\/wp\/v2\/tags?post=5781"}],"curies":[{"name":"wp","href":"https:\/\/api.w.org\/{rel}","templated":true}]}}