{"id":5805,"date":"2020-11-27T12:51:12","date_gmt":"2020-11-27T11:51:12","guid":{"rendered":"http:\/\/www.caudete.org\/ayuntamiento\/?p=5805"},"modified":"2020-11-28T12:54:40","modified_gmt":"2020-11-28T11:54:40","slug":"la-comarca-monte-iberico-corredor-de-almansa-inicio-el-proyecto-de-estudio-de-viabilidad-para-la-creacion-de-una-ruta-del-vino-en-el-territorio","status":"publish","type":"post","link":"https:\/\/www.caudete.org\/ayuntamiento\/la-comarca-monte-iberico-corredor-de-almansa-inicio-el-proyecto-de-estudio-de-viabilidad-para-la-creacion-de-una-ruta-del-vino-en-el-territorio\/","title":{"rendered":"La Comarca Monte Ib\u00e9rico &#8211; Corredor de Almansa inicio el proyecto de estudio de viabilidad para la creaci\u00f3n de una Ruta del Vino en el territorio"},"content":{"rendered":"<p style=\"text-align: justify;\">El Grupo de Acci\u00f3n Local Monte Ib\u00e9rico \u2013 Corredor de Almansa inicia la primera etapa para llevar a cabo un diagn\u00f3stico y estudio de viabilidad sobre la posibilidad de crear una Ruta del Vino junto con la DO Almansa y los Ayuntamientos de Almansa, Alpera, Bonete, Caudete, Chinchilla de Montearag\u00f3n, Corral Rubio, Higueruela, Hoya Gonzalo, Montealegre del Castillo, P\u00e9trola y Pozo Ca\u00f1ada. Dicho Informe est\u00e1 financiado con el programa Leader 2014-2020.<\/p>\n<p style=\"text-align: justify;\">Se proyectan acciones como el an\u00e1lisis de la oferta tur\u00edstica del destino y se diagnosticar\u00e1n los productos consolidados en la comarca para vincularlos con el producto enotur\u00edstico. Por otra parte, se examinar\u00e1 la potencialidad enotur\u00edstica del empresariado para establecer las pautas a seguir y mentorizar la adaptaci\u00f3n de su oferta al producto Rutas del Vino. Si el informe de viabilidad es favorable, se contemplar\u00e1 el paso a la segunda etapa del proyecto, que consistir\u00e1 en la creaci\u00f3n del Ente Gestor de la Ruta del Vino.<\/p>\n<p style=\"text-align: justify;\">La primera acci\u00f3n de este diagn\u00f3stico ha sido el desarrollo de una reuni\u00f3n informativa dirigida a responsables pol\u00edticos y t\u00e9cnicos de turismo de los Ayuntamientos que conforman la comarca Monte Ib\u00e9rico \u2013 Corredor de Almansa. La sesi\u00f3n, llevada a cabo el pasado d\u00eda 24 de noviembre, fue inaugurada por Ana Isabel Fern\u00e1ndez, Directora General de la Junta de Castilla La Mancha, junto con Nicol\u00e1s Merino, Director Provincial de Econom\u00eda y Empleo de Albacete y Fernando Honrado, Gestor de Promoci\u00f3n y Producto. En esta reuni\u00f3n tambi\u00e9n estuvo presente representantes de la Denominaci\u00f3n de Origen de Almansa y miembros de Castroconsulting, empresa que ser\u00e1 encargada de elaborar el estudio de viabilidad y ejecutar las acciones vinculadas a este diagn\u00f3stico.<\/p>\n<p style=\"text-align: justify;\">La reuni\u00f3n, liderada por el Grupo de Acci\u00f3n Local Monte Ib\u00e9rico-Corredor de Almansa, tuvo una buena acogida de asistentes, ya que intervinieron los responsables pol\u00edticos y t\u00e9cnicos de turismo de Almansa, Alpera, Bonete, Caudete, Chinchilla de Montearag\u00f3n, Higueruela, Hoya Gonzalo, Montealegre del Castillo, P\u00e9trola, y DO Almansa.<\/p>\n<p style=\"text-align: justify;\">Durante la jornada, Ana Isabel Fern\u00e1ndez, Directora General de Turismo de la Junta de Castilla La Mancha destac\u00f3 que la regi\u00f3n de Castilla La Mancha \u201ces la regi\u00f3n con mayor potencial vitivin\u00edcola de Espa\u00f1a, siendo el mayor vi\u00f1edo de Espa\u00f1a y posiblemente de Europa.\u201d Adem\u00e1s, a\u00f1adi\u00f3 que \u201cel objetivo es que las 9 denominaciones de origen de Castilla La Mancha cuenten con una Ruta del Vino, siendo actualmente La Mancha, Valdepe\u00f1as y La Manchuela las que actualmente han entrado en este proyecto\u201d. Destac\u00f3 tambi\u00e9n que \u201ca pesar de la crisis sanitaria por el Covid-19 hay que seguir trabajando, creando producto y mejorando el posicionamiento, siguiendo crecer la oferta\u201d. Fern\u00e1ndez concluy\u00f3 con un compromiso total: \u201cnuestra apuesta por esta iniciativa va a ser total, ya que es un proyecto muy vertebrador del territorio y queremos que cuando tengamos todas las rutas conformadas entorno a las 9 denominaciones de origen podamos apostar por una promoci\u00f3n espectacular para posicionarnos como destino enotur\u00edstico\u201d. Asimismo, Nicol\u00e1s Merino, Director Provincial de Econom\u00eda y Empleo de Albacete apunt\u00f3 a que \u201cdesde la Direcci\u00f3n General de Turismo se apoya este tipo de acciones tur\u00edsticas, pudiendo contar con la Delegaci\u00f3n Provincial para que el proyecto de la Ruta del Vino de la DO Almansa llegue a buen fin\u201d.<\/p>\n<p style=\"text-align: justify;\">La siguiente sesi\u00f3n de esta primera etapa ser\u00e1 el pr\u00f3ximo lunes 30 de noviembre. Estar\u00e1 dirigida a todas las empresas tur\u00edsticas de la comarca que tengan inter\u00e9s en participar en el proyecto de Ruta del Vino. Los establecimientos que pueden participar en este proyecto ser\u00e1n bodegas, alojamientos, restaurantes, bares de vino, agencias de viajes, servicios de transporte, enotecas y tiendas especializadas en enogastronom\u00eda, museos y centros de interpretaci\u00f3n, oficinas de turismo y todo aquel establecimiento que tenga alguna vinculaci\u00f3n con la cultural del vino de Denominaci\u00f3n de Origen Almansa.<\/p>\n<p style=\"text-align: justify;\">El enoturismo se plantea como uno de los productos tur\u00edsticos m\u00e1s relevantes en Espa\u00f1a. Seg\u00fan datos del Club de Rutas del Vino de Espa\u00f1a, m\u00e1s de 3 millones de personas visitaron las bodegas y museos del vino de nuestro pa\u00eds en 2019, lo que implic\u00f3 un aumento de un 3,9% en reacci\u00f3n al a\u00f1o anterior. Se trata de un segmento tur\u00edstico que cotiza al alza, con un alto margen de crecimiento y que est\u00e1 generando ya un impacto econ\u00f3mico de m\u00e1s 85 millones de euros.<\/p>\n","protected":false},"excerpt":{"rendered":"<p>El Grupo de Acci\u00f3n Local Monte Ib\u00e9rico \u2013 Corredor de Almansa inicia la primera etapa para llevar a cabo un diagn\u00f3stico y estudio de viabilidad sobre la posibilidad de crear una Ruta del Vino junto con la DO Almansa y los Ayuntamientos de Almansa, Alpera, Bonete, Caudete, Chinchilla de Montearag\u00f3n, Corral Rubio, Higueruela, Hoya Gonzalo, &hellip;<\/p>\n","protected":false},"author":1,"featured_media":5806,"comment_status":"closed","ping_status":"open","sticky":false,"template":"","format":"standard","meta":{"ngg_post_thumbnail":0,"footnotes":""},"categories":[20],"tags":[77],"class_list":["post-5805","post","type-post","status-publish","format-standard","has-post-thumbnail","hentry","category-ayuntamiento","tag-vino"],"yoast_head":"<!-- This site is optimized with the Yoast SEO plugin v27.5 - https:\/\/yoast.com\/product\/yoast-seo-wordpress\/ -->\n<title>La Comarca Monte Ib\u00e9rico - Corredor de Almansa inicio el proyecto de estudio de viabilidad para la creaci\u00f3n de una Ruta del Vino en el territorio - MI Ayuntamiento de Caudete<\/title>\n<meta name=\"description\" content=\"P\u00e1gina Oficial del Ayuntamiento de Caudete (Albacete)\" \/>\n<meta name=\"robots\" content=\"index, follow, max-snippet:-1, max-image-preview:large, max-video-preview:-1\" \/>\n<link rel=\"canonical\" href=\"https:\/\/www.caudete.org\/ayuntamiento\/la-comarca-monte-iberico-corredor-de-almansa-inicio-el-proyecto-de-estudio-de-viabilidad-para-la-creacion-de-una-ruta-del-vino-en-el-territorio\/\" \/>\n<meta property=\"og:locale\" content=\"es_ES\" \/>\n<meta property=\"og:type\" content=\"article\" \/>\n<meta property=\"og:title\" content=\"La Comarca Monte Ib\u00e9rico - Corredor de Almansa inicio el proyecto de estudio de viabilidad para la creaci\u00f3n de una Ruta del Vino en el territorio - MI Ayuntamiento de Caudete\" \/>\n<meta property=\"og:description\" content=\"P\u00e1gina Oficial del Ayuntamiento de Caudete (Albacete)\" \/>\n<meta property=\"og:url\" content=\"https:\/\/www.caudete.org\/ayuntamiento\/la-comarca-monte-iberico-corredor-de-almansa-inicio-el-proyecto-de-estudio-de-viabilidad-para-la-creacion-de-una-ruta-del-vino-en-el-territorio\/\" \/>\n<meta property=\"og:site_name\" content=\"MI Ayuntamiento de Caudete\" \/>\n<meta property=\"article:publisher\" content=\"https:\/\/www.facebook.com\/ayuntamientocaudete\/\" \/>\n<meta property=\"article:published_time\" content=\"2020-11-27T11:51:12+00:00\" \/>\n<meta property=\"article:modified_time\" content=\"2020-11-28T11:54:40+00:00\" \/>\n<meta property=\"og:image\" content=\"https:\/\/www.caudete.org\/ayuntamiento\/wp-content\/uploads\/2020\/11\/rutavino.jpg\" \/>\n\t<meta property=\"og:image:width\" content=\"768\" \/>\n\t<meta property=\"og:image:height\" content=\"450\" \/>\n\t<meta property=\"og:image:type\" content=\"image\/jpeg\" \/>\n<meta name=\"author\" content=\"ayun\" \/>\n<meta name=\"twitter:card\" content=\"summary_large_image\" \/>\n<meta name=\"twitter:label1\" content=\"Escrito por\" \/>\n\t<meta name=\"twitter:data1\" content=\"ayun\" \/>\n\t<meta name=\"twitter:label2\" content=\"Tiempo de lectura\" \/>\n\t<meta name=\"twitter:data2\" content=\"4 minutos\" \/>\n<script type=\"application\/ld+json\" class=\"yoast-schema-graph\">{\"@context\":\"https:\\\/\\\/schema.org\",\"@graph\":[{\"@type\":\"Article\",\"@id\":\"https:\\\/\\\/www.caudete.org\\\/ayuntamiento\\\/la-comarca-monte-iberico-corredor-de-almansa-inicio-el-proyecto-de-estudio-de-viabilidad-para-la-creacion-de-una-ruta-del-vino-en-el-territorio\\\/#article\",\"isPartOf\":{\"@id\":\"https:\\\/\\\/www.caudete.org\\\/ayuntamiento\\\/la-comarca-monte-iberico-corredor-de-almansa-inicio-el-proyecto-de-estudio-de-viabilidad-para-la-creacion-de-una-ruta-del-vino-en-el-territorio\\\/\"},\"author\":{\"name\":\"ayun\",\"@id\":\"https:\\\/\\\/www.caudete.org\\\/ayuntamiento\\\/#\\\/schema\\\/person\\\/79f7e19fdd176fc2bc7a289013dc2056\"},\"headline\":\"La Comarca Monte Ib\u00e9rico &#8211; Corredor de Almansa inicio el proyecto de estudio de viabilidad para la creaci\u00f3n de una Ruta del Vino en el territorio\",\"datePublished\":\"2020-11-27T11:51:12+00:00\",\"dateModified\":\"2020-11-28T11:54:40+00:00\",\"mainEntityOfPage\":{\"@id\":\"https:\\\/\\\/www.caudete.org\\\/ayuntamiento\\\/la-comarca-monte-iberico-corredor-de-almansa-inicio-el-proyecto-de-estudio-de-viabilidad-para-la-creacion-de-una-ruta-del-vino-en-el-territorio\\\/\"},\"wordCount\":797,\"image\":{\"@id\":\"https:\\\/\\\/www.caudete.org\\\/ayuntamiento\\\/la-comarca-monte-iberico-corredor-de-almansa-inicio-el-proyecto-de-estudio-de-viabilidad-para-la-creacion-de-una-ruta-del-vino-en-el-territorio\\\/#primaryimage\"},\"thumbnailUrl\":\"https:\\\/\\\/www.caudete.org\\\/ayuntamiento\\\/wp-content\\\/uploads\\\/2020\\\/11\\\/rutavino.jpg\",\"keywords\":[\"vino\"],\"articleSection\":[\"Ayuntamiento\"],\"inLanguage\":\"es\"},{\"@type\":\"WebPage\",\"@id\":\"https:\\\/\\\/www.caudete.org\\\/ayuntamiento\\\/la-comarca-monte-iberico-corredor-de-almansa-inicio-el-proyecto-de-estudio-de-viabilidad-para-la-creacion-de-una-ruta-del-vino-en-el-territorio\\\/\",\"url\":\"https:\\\/\\\/www.caudete.org\\\/ayuntamiento\\\/la-comarca-monte-iberico-corredor-de-almansa-inicio-el-proyecto-de-estudio-de-viabilidad-para-la-creacion-de-una-ruta-del-vino-en-el-territorio\\\/\",\"name\":\"La Comarca Monte Ib\u00e9rico - Corredor de Almansa inicio el proyecto de estudio de viabilidad para la creaci\u00f3n de una Ruta del Vino en el territorio - MI Ayuntamiento de Caudete\",\"isPartOf\":{\"@id\":\"https:\\\/\\\/www.caudete.org\\\/ayuntamiento\\\/#website\"},\"primaryImageOfPage\":{\"@id\":\"https:\\\/\\\/www.caudete.org\\\/ayuntamiento\\\/la-comarca-monte-iberico-corredor-de-almansa-inicio-el-proyecto-de-estudio-de-viabilidad-para-la-creacion-de-una-ruta-del-vino-en-el-territorio\\\/#primaryimage\"},\"image\":{\"@id\":\"https:\\\/\\\/www.caudete.org\\\/ayuntamiento\\\/la-comarca-monte-iberico-corredor-de-almansa-inicio-el-proyecto-de-estudio-de-viabilidad-para-la-creacion-de-una-ruta-del-vino-en-el-territorio\\\/#primaryimage\"},\"thumbnailUrl\":\"https:\\\/\\\/www.caudete.org\\\/ayuntamiento\\\/wp-content\\\/uploads\\\/2020\\\/11\\\/rutavino.jpg\",\"datePublished\":\"2020-11-27T11:51:12+00:00\",\"dateModified\":\"2020-11-28T11:54:40+00:00\",\"author\":{\"@id\":\"https:\\\/\\\/www.caudete.org\\\/ayuntamiento\\\/#\\\/schema\\\/person\\\/79f7e19fdd176fc2bc7a289013dc2056\"},\"description\":\"P\u00e1gina Oficial del Ayuntamiento de Caudete (Albacete)\",\"breadcrumb\":{\"@id\":\"https:\\\/\\\/www.caudete.org\\\/ayuntamiento\\\/la-comarca-monte-iberico-corredor-de-almansa-inicio-el-proyecto-de-estudio-de-viabilidad-para-la-creacion-de-una-ruta-del-vino-en-el-territorio\\\/#breadcrumb\"},\"inLanguage\":\"es\",\"potentialAction\":[{\"@type\":\"ReadAction\",\"target\":[\"https:\\\/\\\/www.caudete.org\\\/ayuntamiento\\\/la-comarca-monte-iberico-corredor-de-almansa-inicio-el-proyecto-de-estudio-de-viabilidad-para-la-creacion-de-una-ruta-del-vino-en-el-territorio\\\/\"]}]},{\"@type\":\"ImageObject\",\"inLanguage\":\"es\",\"@id\":\"https:\\\/\\\/www.caudete.org\\\/ayuntamiento\\\/la-comarca-monte-iberico-corredor-de-almansa-inicio-el-proyecto-de-estudio-de-viabilidad-para-la-creacion-de-una-ruta-del-vino-en-el-territorio\\\/#primaryimage\",\"url\":\"https:\\\/\\\/www.caudete.org\\\/ayuntamiento\\\/wp-content\\\/uploads\\\/2020\\\/11\\\/rutavino.jpg\",\"contentUrl\":\"https:\\\/\\\/www.caudete.org\\\/ayuntamiento\\\/wp-content\\\/uploads\\\/2020\\\/11\\\/rutavino.jpg\",\"width\":768,\"height\":450},{\"@type\":\"BreadcrumbList\",\"@id\":\"https:\\\/\\\/www.caudete.org\\\/ayuntamiento\\\/la-comarca-monte-iberico-corredor-de-almansa-inicio-el-proyecto-de-estudio-de-viabilidad-para-la-creacion-de-una-ruta-del-vino-en-el-territorio\\\/#breadcrumb\",\"itemListElement\":[{\"@type\":\"ListItem\",\"position\":1,\"name\":\"Inicio\",\"item\":\"https:\\\/\\\/www.caudete.org\\\/ayuntamiento\\\/\"},{\"@type\":\"ListItem\",\"position\":2,\"name\":\"La Comarca Monte Ib\u00e9rico &#8211; Corredor de Almansa inicio el proyecto de estudio de viabilidad para la creaci\u00f3n de una Ruta del Vino en el territorio\"}]},{\"@type\":\"WebSite\",\"@id\":\"https:\\\/\\\/www.caudete.org\\\/ayuntamiento\\\/#website\",\"url\":\"https:\\\/\\\/www.caudete.org\\\/ayuntamiento\\\/\",\"name\":\"MI Ayuntamiento de Caudete\",\"description\":\"P\u00e1gina Oficial del MI Ayuntamiento de Caudete\",\"potentialAction\":[{\"@type\":\"SearchAction\",\"target\":{\"@type\":\"EntryPoint\",\"urlTemplate\":\"https:\\\/\\\/www.caudete.org\\\/ayuntamiento\\\/?s={search_term_string}\"},\"query-input\":{\"@type\":\"PropertyValueSpecification\",\"valueRequired\":true,\"valueName\":\"search_term_string\"}}],\"inLanguage\":\"es\"},{\"@type\":\"Person\",\"@id\":\"https:\\\/\\\/www.caudete.org\\\/ayuntamiento\\\/#\\\/schema\\\/person\\\/79f7e19fdd176fc2bc7a289013dc2056\",\"name\":\"ayun\",\"image\":{\"@type\":\"ImageObject\",\"inLanguage\":\"es\",\"@id\":\"https:\\\/\\\/secure.gravatar.com\\\/avatar\\\/4ce797ee07c943e7e592f8cd648e503e6cd571387558ed07135799c2bd2847df?s=96&d=mm&r=g\",\"url\":\"https:\\\/\\\/secure.gravatar.com\\\/avatar\\\/4ce797ee07c943e7e592f8cd648e503e6cd571387558ed07135799c2bd2847df?s=96&d=mm&r=g\",\"contentUrl\":\"https:\\\/\\\/secure.gravatar.com\\\/avatar\\\/4ce797ee07c943e7e592f8cd648e503e6cd571387558ed07135799c2bd2847df?s=96&d=mm&r=g\",\"caption\":\"ayun\"},\"sameAs\":[\"http:\\\/\\\/www.caudete.org\\\/ayuntamiento\"],\"url\":\"https:\\\/\\\/www.caudete.org\\\/ayuntamiento\\\/author\\\/ayun\\\/\"}]}<\/script>\n<!-- \/ Yoast SEO plugin. -->","yoast_head_json":{"title":"La Comarca Monte Ib\u00e9rico - Corredor de Almansa inicio el proyecto de estudio de viabilidad para la creaci\u00f3n de una Ruta del Vino en el territorio - MI Ayuntamiento de Caudete","description":"P\u00e1gina Oficial del Ayuntamiento de Caudete (Albacete)","robots":{"index":"index","follow":"follow","max-snippet":"max-snippet:-1","max-image-preview":"max-image-preview:large","max-video-preview":"max-video-preview:-1"},"canonical":"https:\/\/www.caudete.org\/ayuntamiento\/la-comarca-monte-iberico-corredor-de-almansa-inicio-el-proyecto-de-estudio-de-viabilidad-para-la-creacion-de-una-ruta-del-vino-en-el-territorio\/","og_locale":"es_ES","og_type":"article","og_title":"La Comarca Monte Ib\u00e9rico - Corredor de Almansa inicio el proyecto de estudio de viabilidad para la creaci\u00f3n de una Ruta del Vino en el territorio - MI Ayuntamiento de Caudete","og_description":"P\u00e1gina Oficial del Ayuntamiento de Caudete (Albacete)","og_url":"https:\/\/www.caudete.org\/ayuntamiento\/la-comarca-monte-iberico-corredor-de-almansa-inicio-el-proyecto-de-estudio-de-viabilidad-para-la-creacion-de-una-ruta-del-vino-en-el-territorio\/","og_site_name":"MI Ayuntamiento de Caudete","article_publisher":"https:\/\/www.facebook.com\/ayuntamientocaudete\/","article_published_time":"2020-11-27T11:51:12+00:00","article_modified_time":"2020-11-28T11:54:40+00:00","og_image":[{"width":768,"height":450,"url":"https:\/\/www.caudete.org\/ayuntamiento\/wp-content\/uploads\/2020\/11\/rutavino.jpg","type":"image\/jpeg"}],"author":"ayun","twitter_card":"summary_large_image","twitter_misc":{"Escrito por":"ayun","Tiempo de lectura":"4 minutos"},"schema":{"@context":"https:\/\/schema.org","@graph":[{"@type":"Article","@id":"https:\/\/www.caudete.org\/ayuntamiento\/la-comarca-monte-iberico-corredor-de-almansa-inicio-el-proyecto-de-estudio-de-viabilidad-para-la-creacion-de-una-ruta-del-vino-en-el-territorio\/#article","isPartOf":{"@id":"https:\/\/www.caudete.org\/ayuntamiento\/la-comarca-monte-iberico-corredor-de-almansa-inicio-el-proyecto-de-estudio-de-viabilidad-para-la-creacion-de-una-ruta-del-vino-en-el-territorio\/"},"author":{"name":"ayun","@id":"https:\/\/www.caudete.org\/ayuntamiento\/#\/schema\/person\/79f7e19fdd176fc2bc7a289013dc2056"},"headline":"La Comarca Monte Ib\u00e9rico &#8211; Corredor de Almansa inicio el proyecto de estudio de viabilidad para la creaci\u00f3n de una Ruta del Vino en el territorio","datePublished":"2020-11-27T11:51:12+00:00","dateModified":"2020-11-28T11:54:40+00:00","mainEntityOfPage":{"@id":"https:\/\/www.caudete.org\/ayuntamiento\/la-comarca-monte-iberico-corredor-de-almansa-inicio-el-proyecto-de-estudio-de-viabilidad-para-la-creacion-de-una-ruta-del-vino-en-el-territorio\/"},"wordCount":797,"image":{"@id":"https:\/\/www.caudete.org\/ayuntamiento\/la-comarca-monte-iberico-corredor-de-almansa-inicio-el-proyecto-de-estudio-de-viabilidad-para-la-creacion-de-una-ruta-del-vino-en-el-territorio\/#primaryimage"},"thumbnailUrl":"https:\/\/www.caudete.org\/ayuntamiento\/wp-content\/uploads\/2020\/11\/rutavino.jpg","keywords":["vino"],"articleSection":["Ayuntamiento"],"inLanguage":"es"},{"@type":"WebPage","@id":"https:\/\/www.caudete.org\/ayuntamiento\/la-comarca-monte-iberico-corredor-de-almansa-inicio-el-proyecto-de-estudio-de-viabilidad-para-la-creacion-de-una-ruta-del-vino-en-el-territorio\/","url":"https:\/\/www.caudete.org\/ayuntamiento\/la-comarca-monte-iberico-corredor-de-almansa-inicio-el-proyecto-de-estudio-de-viabilidad-para-la-creacion-de-una-ruta-del-vino-en-el-territorio\/","name":"La Comarca Monte Ib\u00e9rico - Corredor de Almansa inicio el proyecto de estudio de viabilidad para la creaci\u00f3n de una Ruta del Vino en el territorio - MI Ayuntamiento de Caudete","isPartOf":{"@id":"https:\/\/www.caudete.org\/ayuntamiento\/#website"},"primaryImageOfPage":{"@id":"https:\/\/www.caudete.org\/ayuntamiento\/la-comarca-monte-iberico-corredor-de-almansa-inicio-el-proyecto-de-estudio-de-viabilidad-para-la-creacion-de-una-ruta-del-vino-en-el-territorio\/#primaryimage"},"image":{"@id":"https:\/\/www.caudete.org\/ayuntamiento\/la-comarca-monte-iberico-corredor-de-almansa-inicio-el-proyecto-de-estudio-de-viabilidad-para-la-creacion-de-una-ruta-del-vino-en-el-territorio\/#primaryimage"},"thumbnailUrl":"https:\/\/www.caudete.org\/ayuntamiento\/wp-content\/uploads\/2020\/11\/rutavino.jpg","datePublished":"2020-11-27T11:51:12+00:00","dateModified":"2020-11-28T11:54:40+00:00","author":{"@id":"https:\/\/www.caudete.org\/ayuntamiento\/#\/schema\/person\/79f7e19fdd176fc2bc7a289013dc2056"},"description":"P\u00e1gina Oficial del Ayuntamiento de Caudete (Albacete)","breadcrumb":{"@id":"https:\/\/www.caudete.org\/ayuntamiento\/la-comarca-monte-iberico-corredor-de-almansa-inicio-el-proyecto-de-estudio-de-viabilidad-para-la-creacion-de-una-ruta-del-vino-en-el-territorio\/#breadcrumb"},"inLanguage":"es","potentialAction":[{"@type":"ReadAction","target":["https:\/\/www.caudete.org\/ayuntamiento\/la-comarca-monte-iberico-corredor-de-almansa-inicio-el-proyecto-de-estudio-de-viabilidad-para-la-creacion-de-una-ruta-del-vino-en-el-territorio\/"]}]},{"@type":"ImageObject","inLanguage":"es","@id":"https:\/\/www.caudete.org\/ayuntamiento\/la-comarca-monte-iberico-corredor-de-almansa-inicio-el-proyecto-de-estudio-de-viabilidad-para-la-creacion-de-una-ruta-del-vino-en-el-territorio\/#primaryimage","url":"https:\/\/www.caudete.org\/ayuntamiento\/wp-content\/uploads\/2020\/11\/rutavino.jpg","contentUrl":"https:\/\/www.caudete.org\/ayuntamiento\/wp-content\/uploads\/2020\/11\/rutavino.jpg","width":768,"height":450},{"@type":"BreadcrumbList","@id":"https:\/\/www.caudete.org\/ayuntamiento\/la-comarca-monte-iberico-corredor-de-almansa-inicio-el-proyecto-de-estudio-de-viabilidad-para-la-creacion-de-una-ruta-del-vino-en-el-territorio\/#breadcrumb","itemListElement":[{"@type":"ListItem","position":1,"name":"Inicio","item":"https:\/\/www.caudete.org\/ayuntamiento\/"},{"@type":"ListItem","position":2,"name":"La Comarca Monte Ib\u00e9rico &#8211; Corredor de Almansa inicio el proyecto de estudio de viabilidad para la creaci\u00f3n de una Ruta del Vino en el territorio"}]},{"@type":"WebSite","@id":"https:\/\/www.caudete.org\/ayuntamiento\/#website","url":"https:\/\/www.caudete.org\/ayuntamiento\/","name":"MI Ayuntamiento de Caudete","description":"P\u00e1gina Oficial del MI Ayuntamiento de Caudete","potentialAction":[{"@type":"SearchAction","target":{"@type":"EntryPoint","urlTemplate":"https:\/\/www.caudete.org\/ayuntamiento\/?s={search_term_string}"},"query-input":{"@type":"PropertyValueSpecification","valueRequired":true,"valueName":"search_term_string"}}],"inLanguage":"es"},{"@type":"Person","@id":"https:\/\/www.caudete.org\/ayuntamiento\/#\/schema\/person\/79f7e19fdd176fc2bc7a289013dc2056","name":"ayun","image":{"@type":"ImageObject","inLanguage":"es","@id":"https:\/\/secure.gravatar.com\/avatar\/4ce797ee07c943e7e592f8cd648e503e6cd571387558ed07135799c2bd2847df?s=96&d=mm&r=g","url":"https:\/\/secure.gravatar.com\/avatar\/4ce797ee07c943e7e592f8cd648e503e6cd571387558ed07135799c2bd2847df?s=96&d=mm&r=g","contentUrl":"https:\/\/secure.gravatar.com\/avatar\/4ce797ee07c943e7e592f8cd648e503e6cd571387558ed07135799c2bd2847df?s=96&d=mm&r=g","caption":"ayun"},"sameAs":["http:\/\/www.caudete.org\/ayuntamiento"],"url":"https:\/\/www.caudete.org\/ayuntamiento\/author\/ayun\/"}]}},"_links":{"self":[{"href":"https:\/\/www.caudete.org\/ayuntamiento\/wp-json\/wp\/v2\/posts\/5805","targetHints":{"allow":["GET"]}}],"collection":[{"href":"https:\/\/www.caudete.org\/ayuntamiento\/wp-json\/wp\/v2\/posts"}],"about":[{"href":"https:\/\/www.caudete.org\/ayuntamiento\/wp-json\/wp\/v2\/types\/post"}],"author":[{"embeddable":true,"href":"https:\/\/www.caudete.org\/ayuntamiento\/wp-json\/wp\/v2\/users\/1"}],"replies":[{"embeddable":true,"href":"https:\/\/www.caudete.org\/ayuntamiento\/wp-json\/wp\/v2\/comments?post=5805"}],"version-history":[{"count":1,"href":"https:\/\/www.caudete.org\/ayuntamiento\/wp-json\/wp\/v2\/posts\/5805\/revisions"}],"predecessor-version":[{"id":5807,"href":"https:\/\/www.caudete.org\/ayuntamiento\/wp-json\/wp\/v2\/posts\/5805\/revisions\/5807"}],"wp:featuredmedia":[{"embeddable":true,"href":"https:\/\/www.caudete.org\/ayuntamiento\/wp-json\/wp\/v2\/media\/5806"}],"wp:attachment":[{"href":"https:\/\/www.caudete.org\/ayuntamiento\/wp-json\/wp\/v2\/media?parent=5805"}],"wp:term":[{"taxonomy":"category","embeddable":true,"href":"https:\/\/www.caudete.org\/ayuntamiento\/wp-json\/wp\/v2\/categories?post=5805"},{"taxonomy":"post_tag","embeddable":true,"href":"https:\/\/www.caudete.org\/ayuntamiento\/wp-json\/wp\/v2\/tags?post=5805"}],"curies":[{"name":"wp","href":"https:\/\/api.w.org\/{rel}","templated":true}]}}