{"id":5808,"date":"2020-11-27T12:54:54","date_gmt":"2020-11-27T11:54:54","guid":{"rendered":"http:\/\/www.caudete.org\/ayuntamiento\/?p=5808"},"modified":"2020-12-14T19:36:36","modified_gmt":"2020-12-14T18:36:36","slug":"presencia-ibera-en-santa-ana-resultados-de-la-excavacion-arqueologica-de-urgencia","status":"publish","type":"post","link":"https:\/\/www.caudete.org\/ayuntamiento\/presencia-ibera-en-santa-ana-resultados-de-la-excavacion-arqueologica-de-urgencia\/","title":{"rendered":"Presencia \u00edbera en Santa Ana. Resultados de la Excavaci\u00f3n Arqueol\u00f3gica de Urgencia"},"content":{"rendered":"<p style=\"text-align: justify;\">Esta ma\u00f1ana se ofrec\u00eda una rueda de prensa en la Sala habilitada a tal efecto dentro del Ayuntamiento de Caudete, el Alcalde Mois\u00e9s L\u00f3pez, y los Arque\u00f3logos Gabriel Segura y Pedro Ram\u00f3n para presentar los resultados de la Excavaci\u00f3n Arqueol\u00f3gica llevada a cabo por urgencia en la Plaza de Santa Ana hace dos meses.<\/p>\n<p style=\"text-align: justify;\">Las obras que el PEEZRD han desarrollado en la zona, hallaron restos cer\u00e1micos al comenzar los trabajos de construcci\u00f3n de ajardinamiento sobre el pavimento de la Plaza de Santa, concretamente en los dos alcorques ubicados delante del Albergue de Peregrinos.<\/p>\n<p style=\"text-align: justify;\">Alertados del hallazgo por parte de los trabajadores y de vecinos, el Consistorio decidi\u00f3 inmediatamente paralizar las obras en ese punto y comunicar lo acontecido a la Direcci\u00f3n Provincial de Cultura, qui\u00e9n mand\u00f3 personarse en el lugar a la Secci\u00f3n de Patrimonio, indicando la necesidad de acometer trabajos arqueol\u00f3gicos de urgencia, para estudiar y datar los restos cer\u00e1micos hallados, y proceder a la excavaci\u00f3n de la zona levantada.<\/p>\n<p style=\"text-align: justify;\">La empresa Arquealia fue la adjudicataria de los trabajos, qui\u00e9n han realizado un extraordinario trabajo de campo y de gabinete, y que esta ma\u00f1ana han dado p\u00fablico conocimiento tras comunicar los resultados al organismo competente y recibir el visto bueno.<\/p>\n<p style=\"text-align: justify;\">Las dos catas estudiadas, donde en unos d\u00edas se ubicar\u00e1n sendos \u00e1rboles, suponen un total de 2m cuadrados aproximadamente, y han sido excavados en su totalidad hasta llegar al nivel de apoyo, algo m\u00e1s de 1m de profundidad.<\/p>\n<p style=\"text-align: justify;\">En ellas, se han extra\u00eddo restos cer\u00e1micos de ajuar y cocina, y en las capas del terreno se evidenciaba cenizas de hogar, y restos de adobe disgregados, se\u00f1a de encontrarse en zona de vivienda.<\/p>\n<p style=\"text-align: justify;\">La cer\u00e1mica, est\u00e1 datada en la \u00e9poca ibera prerromanizada, siglos II-I a.C. y viene a reforzar la tesis de M.Luz P\u00e9rez, que ya evidenciaba la presencia de un importante poblado ibero en extensi\u00f3n sobre el cerro de Santa Ana, donde la ubicaci\u00f3n era estrat\u00e9gica por la visi\u00f3n que desde ella se tiene a un radio de 20km.<\/p>\n<p style=\"text-align: justify;\">A tan solo 50cm de profundidad han sido hallados la mayor\u00eda de restos cer\u00e1micos, lo que evidencia que cualquier actuaci\u00f3n sobre el pavimento que necesite ahondar a una cota similar o mayor puede poner de manifiesto m\u00e1s restos pertenecientes a este antiguo poblado. Sin embargo, el arbolado que se instalar\u00e1 en unos d\u00edas no afectar\u00eda la zona, ya que quedar\u00e1n introducidos sobre un entubado de 1m de material r\u00edgido, que a la vez servir\u00e1 para que las ra\u00edces no queden superficialmente, y no deterioren por tanto el firme de la v\u00eda rodada o acerado.<\/p>\n<p><img fetchpriority=\"high\" decoding=\"async\" class=\"aligncenter size-full wp-image-5809\" src=\"http:\/\/www.caudete.org\/ayuntamiento\/wp-content\/uploads\/2020\/11\/arqueologia_santa_ana_1.jpg\" alt=\"\" width=\"800\" height=\"600\" srcset=\"https:\/\/www.caudete.org\/ayuntamiento\/wp-content\/uploads\/2020\/11\/arqueologia_santa_ana_1.jpg 800w, https:\/\/www.caudete.org\/ayuntamiento\/wp-content\/uploads\/2020\/11\/arqueologia_santa_ana_1-300x225.jpg 300w, https:\/\/www.caudete.org\/ayuntamiento\/wp-content\/uploads\/2020\/11\/arqueologia_santa_ana_1-768x576.jpg 768w\" sizes=\"(max-width: 800px) 100vw, 800px\" \/><\/p>\n<p><img decoding=\"async\" class=\"aligncenter size-full wp-image-5814\" src=\"http:\/\/www.caudete.org\/ayuntamiento\/wp-content\/uploads\/2020\/11\/arqueologia_santa_ana_6.jpg\" alt=\"\" width=\"800\" height=\"600\" srcset=\"https:\/\/www.caudete.org\/ayuntamiento\/wp-content\/uploads\/2020\/11\/arqueologia_santa_ana_6.jpg 800w, https:\/\/www.caudete.org\/ayuntamiento\/wp-content\/uploads\/2020\/11\/arqueologia_santa_ana_6-300x225.jpg 300w, https:\/\/www.caudete.org\/ayuntamiento\/wp-content\/uploads\/2020\/11\/arqueologia_santa_ana_6-768x576.jpg 768w\" sizes=\"(max-width: 800px) 100vw, 800px\" \/><\/p>\n<p><img decoding=\"async\" class=\"aligncenter size-full wp-image-5813\" src=\"http:\/\/www.caudete.org\/ayuntamiento\/wp-content\/uploads\/2020\/11\/arqueologia_santa_ana_5.jpg\" alt=\"\" width=\"800\" height=\"550\" srcset=\"https:\/\/www.caudete.org\/ayuntamiento\/wp-content\/uploads\/2020\/11\/arqueologia_santa_ana_5.jpg 800w, https:\/\/www.caudete.org\/ayuntamiento\/wp-content\/uploads\/2020\/11\/arqueologia_santa_ana_5-300x206.jpg 300w, https:\/\/www.caudete.org\/ayuntamiento\/wp-content\/uploads\/2020\/11\/arqueologia_santa_ana_5-768x528.jpg 768w\" sizes=\"(max-width: 800px) 100vw, 800px\" \/><\/p>\n<p><img loading=\"lazy\" decoding=\"async\" class=\"aligncenter size-full wp-image-5812\" src=\"http:\/\/www.caudete.org\/ayuntamiento\/wp-content\/uploads\/2020\/11\/arqueologia_santa_ana_4.jpg\" alt=\"\" width=\"800\" height=\"600\" srcset=\"https:\/\/www.caudete.org\/ayuntamiento\/wp-content\/uploads\/2020\/11\/arqueologia_santa_ana_4.jpg 800w, https:\/\/www.caudete.org\/ayuntamiento\/wp-content\/uploads\/2020\/11\/arqueologia_santa_ana_4-300x225.jpg 300w, https:\/\/www.caudete.org\/ayuntamiento\/wp-content\/uploads\/2020\/11\/arqueologia_santa_ana_4-768x576.jpg 768w\" sizes=\"(max-width: 800px) 100vw, 800px\" \/><\/p>\n<p><img loading=\"lazy\" decoding=\"async\" class=\"aligncenter size-full wp-image-5811\" src=\"http:\/\/www.caudete.org\/ayuntamiento\/wp-content\/uploads\/2020\/11\/arqueologia_santa_ana_3.jpg\" alt=\"\" width=\"442\" height=\"600\" srcset=\"https:\/\/www.caudete.org\/ayuntamiento\/wp-content\/uploads\/2020\/11\/arqueologia_santa_ana_3.jpg 442w, https:\/\/www.caudete.org\/ayuntamiento\/wp-content\/uploads\/2020\/11\/arqueologia_santa_ana_3-221x300.jpg 221w\" sizes=\"(max-width: 442px) 100vw, 442px\" \/><\/p>\n<p><img loading=\"lazy\" decoding=\"async\" class=\"aligncenter size-full wp-image-5810\" src=\"http:\/\/www.caudete.org\/ayuntamiento\/wp-content\/uploads\/2020\/11\/arqueologia_santa_ana_2.jpg\" alt=\"\" width=\"412\" height=\"600\" srcset=\"https:\/\/www.caudete.org\/ayuntamiento\/wp-content\/uploads\/2020\/11\/arqueologia_santa_ana_2.jpg 412w, https:\/\/www.caudete.org\/ayuntamiento\/wp-content\/uploads\/2020\/11\/arqueologia_santa_ana_2-206x300.jpg 206w\" sizes=\"(max-width: 412px) 100vw, 412px\" \/><\/p>\n<p>&nbsp;<\/p>\n","protected":false},"excerpt":{"rendered":"<p>Esta ma\u00f1ana se ofrec\u00eda una rueda de prensa en la Sala habilitada a tal efecto dentro del Ayuntamiento de Caudete, el Alcalde Mois\u00e9s L\u00f3pez, y los Arque\u00f3logos Gabriel Segura y Pedro Ram\u00f3n para presentar los resultados de la Excavaci\u00f3n Arqueol\u00f3gica llevada a cabo por urgencia en la Plaza de Santa Ana hace dos meses. Las &hellip;<\/p>\n","protected":false},"author":1,"featured_media":5809,"comment_status":"closed","ping_status":"open","sticky":false,"template":"","format":"standard","meta":{"ngg_post_thumbnail":0,"footnotes":""},"categories":[45],"tags":[78],"class_list":["post-5808","post","type-post","status-publish","format-standard","has-post-thumbnail","hentry","category-patrimonio","tag-arqueologia"],"yoast_head":"<!-- This site is optimized with the Yoast SEO plugin v27.5 - https:\/\/yoast.com\/product\/yoast-seo-wordpress\/ -->\n<title>Presencia \u00edbera en Santa Ana. Resultados de la Excavaci\u00f3n Arqueol\u00f3gica de Urgencia - MI Ayuntamiento de Caudete<\/title>\n<meta name=\"description\" content=\"P\u00e1gina Oficial del Ayuntamiento de Caudete (Albacete)\" \/>\n<meta name=\"robots\" content=\"index, follow, max-snippet:-1, max-image-preview:large, max-video-preview:-1\" \/>\n<link rel=\"canonical\" href=\"https:\/\/www.caudete.org\/ayuntamiento\/presencia-ibera-en-santa-ana-resultados-de-la-excavacion-arqueologica-de-urgencia\/\" \/>\n<meta property=\"og:locale\" content=\"es_ES\" \/>\n<meta property=\"og:type\" content=\"article\" \/>\n<meta property=\"og:title\" content=\"Presencia \u00edbera en Santa Ana. Resultados de la Excavaci\u00f3n Arqueol\u00f3gica de Urgencia - MI Ayuntamiento de Caudete\" \/>\n<meta property=\"og:description\" content=\"P\u00e1gina Oficial del Ayuntamiento de Caudete (Albacete)\" \/>\n<meta property=\"og:url\" content=\"https:\/\/www.caudete.org\/ayuntamiento\/presencia-ibera-en-santa-ana-resultados-de-la-excavacion-arqueologica-de-urgencia\/\" \/>\n<meta property=\"og:site_name\" content=\"MI Ayuntamiento de Caudete\" \/>\n<meta property=\"article:publisher\" content=\"https:\/\/www.facebook.com\/ayuntamientocaudete\/\" \/>\n<meta property=\"article:published_time\" content=\"2020-11-27T11:54:54+00:00\" \/>\n<meta property=\"article:modified_time\" content=\"2020-12-14T18:36:36+00:00\" \/>\n<meta property=\"og:image\" content=\"https:\/\/www.caudete.org\/ayuntamiento\/wp-content\/uploads\/2020\/11\/arqueologia_santa_ana_1.jpg\" \/>\n\t<meta property=\"og:image:width\" content=\"800\" \/>\n\t<meta property=\"og:image:height\" content=\"600\" \/>\n\t<meta property=\"og:image:type\" content=\"image\/jpeg\" \/>\n<meta name=\"author\" content=\"ayun\" \/>\n<meta name=\"twitter:card\" content=\"summary_large_image\" \/>\n<meta name=\"twitter:label1\" content=\"Escrito por\" \/>\n\t<meta name=\"twitter:data1\" content=\"ayun\" \/>\n\t<meta name=\"twitter:label2\" content=\"Tiempo de lectura\" \/>\n\t<meta name=\"twitter:data2\" content=\"2 minutos\" \/>\n<script type=\"application\/ld+json\" class=\"yoast-schema-graph\">{\"@context\":\"https:\\\/\\\/schema.org\",\"@graph\":[{\"@type\":\"Article\",\"@id\":\"https:\\\/\\\/www.caudete.org\\\/ayuntamiento\\\/presencia-ibera-en-santa-ana-resultados-de-la-excavacion-arqueologica-de-urgencia\\\/#article\",\"isPartOf\":{\"@id\":\"https:\\\/\\\/www.caudete.org\\\/ayuntamiento\\\/presencia-ibera-en-santa-ana-resultados-de-la-excavacion-arqueologica-de-urgencia\\\/\"},\"author\":{\"name\":\"ayun\",\"@id\":\"https:\\\/\\\/www.caudete.org\\\/ayuntamiento\\\/#\\\/schema\\\/person\\\/79f7e19fdd176fc2bc7a289013dc2056\"},\"headline\":\"Presencia \u00edbera en Santa Ana. Resultados de la Excavaci\u00f3n Arqueol\u00f3gica de Urgencia\",\"datePublished\":\"2020-11-27T11:54:54+00:00\",\"dateModified\":\"2020-12-14T18:36:36+00:00\",\"mainEntityOfPage\":{\"@id\":\"https:\\\/\\\/www.caudete.org\\\/ayuntamiento\\\/presencia-ibera-en-santa-ana-resultados-de-la-excavacion-arqueologica-de-urgencia\\\/\"},\"wordCount\":483,\"image\":{\"@id\":\"https:\\\/\\\/www.caudete.org\\\/ayuntamiento\\\/presencia-ibera-en-santa-ana-resultados-de-la-excavacion-arqueologica-de-urgencia\\\/#primaryimage\"},\"thumbnailUrl\":\"https:\\\/\\\/www.caudete.org\\\/ayuntamiento\\\/wp-content\\\/uploads\\\/2020\\\/11\\\/arqueologia_santa_ana_1.jpg\",\"keywords\":[\"arqueolog\u00eda\"],\"articleSection\":[\"Patrimonio\"],\"inLanguage\":\"es\"},{\"@type\":\"WebPage\",\"@id\":\"https:\\\/\\\/www.caudete.org\\\/ayuntamiento\\\/presencia-ibera-en-santa-ana-resultados-de-la-excavacion-arqueologica-de-urgencia\\\/\",\"url\":\"https:\\\/\\\/www.caudete.org\\\/ayuntamiento\\\/presencia-ibera-en-santa-ana-resultados-de-la-excavacion-arqueologica-de-urgencia\\\/\",\"name\":\"Presencia \u00edbera en Santa Ana. Resultados de la Excavaci\u00f3n Arqueol\u00f3gica de Urgencia - MI Ayuntamiento de Caudete\",\"isPartOf\":{\"@id\":\"https:\\\/\\\/www.caudete.org\\\/ayuntamiento\\\/#website\"},\"primaryImageOfPage\":{\"@id\":\"https:\\\/\\\/www.caudete.org\\\/ayuntamiento\\\/presencia-ibera-en-santa-ana-resultados-de-la-excavacion-arqueologica-de-urgencia\\\/#primaryimage\"},\"image\":{\"@id\":\"https:\\\/\\\/www.caudete.org\\\/ayuntamiento\\\/presencia-ibera-en-santa-ana-resultados-de-la-excavacion-arqueologica-de-urgencia\\\/#primaryimage\"},\"thumbnailUrl\":\"https:\\\/\\\/www.caudete.org\\\/ayuntamiento\\\/wp-content\\\/uploads\\\/2020\\\/11\\\/arqueologia_santa_ana_1.jpg\",\"datePublished\":\"2020-11-27T11:54:54+00:00\",\"dateModified\":\"2020-12-14T18:36:36+00:00\",\"author\":{\"@id\":\"https:\\\/\\\/www.caudete.org\\\/ayuntamiento\\\/#\\\/schema\\\/person\\\/79f7e19fdd176fc2bc7a289013dc2056\"},\"description\":\"P\u00e1gina Oficial del Ayuntamiento de Caudete (Albacete)\",\"breadcrumb\":{\"@id\":\"https:\\\/\\\/www.caudete.org\\\/ayuntamiento\\\/presencia-ibera-en-santa-ana-resultados-de-la-excavacion-arqueologica-de-urgencia\\\/#breadcrumb\"},\"inLanguage\":\"es\",\"potentialAction\":[{\"@type\":\"ReadAction\",\"target\":[\"https:\\\/\\\/www.caudete.org\\\/ayuntamiento\\\/presencia-ibera-en-santa-ana-resultados-de-la-excavacion-arqueologica-de-urgencia\\\/\"]}]},{\"@type\":\"ImageObject\",\"inLanguage\":\"es\",\"@id\":\"https:\\\/\\\/www.caudete.org\\\/ayuntamiento\\\/presencia-ibera-en-santa-ana-resultados-de-la-excavacion-arqueologica-de-urgencia\\\/#primaryimage\",\"url\":\"https:\\\/\\\/www.caudete.org\\\/ayuntamiento\\\/wp-content\\\/uploads\\\/2020\\\/11\\\/arqueologia_santa_ana_1.jpg\",\"contentUrl\":\"https:\\\/\\\/www.caudete.org\\\/ayuntamiento\\\/wp-content\\\/uploads\\\/2020\\\/11\\\/arqueologia_santa_ana_1.jpg\",\"width\":800,\"height\":600},{\"@type\":\"BreadcrumbList\",\"@id\":\"https:\\\/\\\/www.caudete.org\\\/ayuntamiento\\\/presencia-ibera-en-santa-ana-resultados-de-la-excavacion-arqueologica-de-urgencia\\\/#breadcrumb\",\"itemListElement\":[{\"@type\":\"ListItem\",\"position\":1,\"name\":\"Inicio\",\"item\":\"https:\\\/\\\/www.caudete.org\\\/ayuntamiento\\\/\"},{\"@type\":\"ListItem\",\"position\":2,\"name\":\"Presencia \u00edbera en Santa Ana. Resultados de la Excavaci\u00f3n Arqueol\u00f3gica de Urgencia\"}]},{\"@type\":\"WebSite\",\"@id\":\"https:\\\/\\\/www.caudete.org\\\/ayuntamiento\\\/#website\",\"url\":\"https:\\\/\\\/www.caudete.org\\\/ayuntamiento\\\/\",\"name\":\"MI Ayuntamiento de Caudete\",\"description\":\"P\u00e1gina Oficial del MI Ayuntamiento de Caudete\",\"potentialAction\":[{\"@type\":\"SearchAction\",\"target\":{\"@type\":\"EntryPoint\",\"urlTemplate\":\"https:\\\/\\\/www.caudete.org\\\/ayuntamiento\\\/?s={search_term_string}\"},\"query-input\":{\"@type\":\"PropertyValueSpecification\",\"valueRequired\":true,\"valueName\":\"search_term_string\"}}],\"inLanguage\":\"es\"},{\"@type\":\"Person\",\"@id\":\"https:\\\/\\\/www.caudete.org\\\/ayuntamiento\\\/#\\\/schema\\\/person\\\/79f7e19fdd176fc2bc7a289013dc2056\",\"name\":\"ayun\",\"image\":{\"@type\":\"ImageObject\",\"inLanguage\":\"es\",\"@id\":\"https:\\\/\\\/secure.gravatar.com\\\/avatar\\\/4ce797ee07c943e7e592f8cd648e503e6cd571387558ed07135799c2bd2847df?s=96&d=mm&r=g\",\"url\":\"https:\\\/\\\/secure.gravatar.com\\\/avatar\\\/4ce797ee07c943e7e592f8cd648e503e6cd571387558ed07135799c2bd2847df?s=96&d=mm&r=g\",\"contentUrl\":\"https:\\\/\\\/secure.gravatar.com\\\/avatar\\\/4ce797ee07c943e7e592f8cd648e503e6cd571387558ed07135799c2bd2847df?s=96&d=mm&r=g\",\"caption\":\"ayun\"},\"sameAs\":[\"http:\\\/\\\/www.caudete.org\\\/ayuntamiento\"],\"url\":\"https:\\\/\\\/www.caudete.org\\\/ayuntamiento\\\/author\\\/ayun\\\/\"}]}<\/script>\n<!-- \/ Yoast SEO plugin. -->","yoast_head_json":{"title":"Presencia \u00edbera en Santa Ana. Resultados de la Excavaci\u00f3n Arqueol\u00f3gica de Urgencia - MI Ayuntamiento de Caudete","description":"P\u00e1gina Oficial del Ayuntamiento de Caudete (Albacete)","robots":{"index":"index","follow":"follow","max-snippet":"max-snippet:-1","max-image-preview":"max-image-preview:large","max-video-preview":"max-video-preview:-1"},"canonical":"https:\/\/www.caudete.org\/ayuntamiento\/presencia-ibera-en-santa-ana-resultados-de-la-excavacion-arqueologica-de-urgencia\/","og_locale":"es_ES","og_type":"article","og_title":"Presencia \u00edbera en Santa Ana. Resultados de la Excavaci\u00f3n Arqueol\u00f3gica de Urgencia - MI Ayuntamiento de Caudete","og_description":"P\u00e1gina Oficial del Ayuntamiento de Caudete (Albacete)","og_url":"https:\/\/www.caudete.org\/ayuntamiento\/presencia-ibera-en-santa-ana-resultados-de-la-excavacion-arqueologica-de-urgencia\/","og_site_name":"MI Ayuntamiento de Caudete","article_publisher":"https:\/\/www.facebook.com\/ayuntamientocaudete\/","article_published_time":"2020-11-27T11:54:54+00:00","article_modified_time":"2020-12-14T18:36:36+00:00","og_image":[{"width":800,"height":600,"url":"https:\/\/www.caudete.org\/ayuntamiento\/wp-content\/uploads\/2020\/11\/arqueologia_santa_ana_1.jpg","type":"image\/jpeg"}],"author":"ayun","twitter_card":"summary_large_image","twitter_misc":{"Escrito por":"ayun","Tiempo de lectura":"2 minutos"},"schema":{"@context":"https:\/\/schema.org","@graph":[{"@type":"Article","@id":"https:\/\/www.caudete.org\/ayuntamiento\/presencia-ibera-en-santa-ana-resultados-de-la-excavacion-arqueologica-de-urgencia\/#article","isPartOf":{"@id":"https:\/\/www.caudete.org\/ayuntamiento\/presencia-ibera-en-santa-ana-resultados-de-la-excavacion-arqueologica-de-urgencia\/"},"author":{"name":"ayun","@id":"https:\/\/www.caudete.org\/ayuntamiento\/#\/schema\/person\/79f7e19fdd176fc2bc7a289013dc2056"},"headline":"Presencia \u00edbera en Santa Ana. Resultados de la Excavaci\u00f3n Arqueol\u00f3gica de Urgencia","datePublished":"2020-11-27T11:54:54+00:00","dateModified":"2020-12-14T18:36:36+00:00","mainEntityOfPage":{"@id":"https:\/\/www.caudete.org\/ayuntamiento\/presencia-ibera-en-santa-ana-resultados-de-la-excavacion-arqueologica-de-urgencia\/"},"wordCount":483,"image":{"@id":"https:\/\/www.caudete.org\/ayuntamiento\/presencia-ibera-en-santa-ana-resultados-de-la-excavacion-arqueologica-de-urgencia\/#primaryimage"},"thumbnailUrl":"https:\/\/www.caudete.org\/ayuntamiento\/wp-content\/uploads\/2020\/11\/arqueologia_santa_ana_1.jpg","keywords":["arqueolog\u00eda"],"articleSection":["Patrimonio"],"inLanguage":"es"},{"@type":"WebPage","@id":"https:\/\/www.caudete.org\/ayuntamiento\/presencia-ibera-en-santa-ana-resultados-de-la-excavacion-arqueologica-de-urgencia\/","url":"https:\/\/www.caudete.org\/ayuntamiento\/presencia-ibera-en-santa-ana-resultados-de-la-excavacion-arqueologica-de-urgencia\/","name":"Presencia \u00edbera en Santa Ana. Resultados de la Excavaci\u00f3n Arqueol\u00f3gica de Urgencia - MI Ayuntamiento de Caudete","isPartOf":{"@id":"https:\/\/www.caudete.org\/ayuntamiento\/#website"},"primaryImageOfPage":{"@id":"https:\/\/www.caudete.org\/ayuntamiento\/presencia-ibera-en-santa-ana-resultados-de-la-excavacion-arqueologica-de-urgencia\/#primaryimage"},"image":{"@id":"https:\/\/www.caudete.org\/ayuntamiento\/presencia-ibera-en-santa-ana-resultados-de-la-excavacion-arqueologica-de-urgencia\/#primaryimage"},"thumbnailUrl":"https:\/\/www.caudete.org\/ayuntamiento\/wp-content\/uploads\/2020\/11\/arqueologia_santa_ana_1.jpg","datePublished":"2020-11-27T11:54:54+00:00","dateModified":"2020-12-14T18:36:36+00:00","author":{"@id":"https:\/\/www.caudete.org\/ayuntamiento\/#\/schema\/person\/79f7e19fdd176fc2bc7a289013dc2056"},"description":"P\u00e1gina Oficial del Ayuntamiento de Caudete (Albacete)","breadcrumb":{"@id":"https:\/\/www.caudete.org\/ayuntamiento\/presencia-ibera-en-santa-ana-resultados-de-la-excavacion-arqueologica-de-urgencia\/#breadcrumb"},"inLanguage":"es","potentialAction":[{"@type":"ReadAction","target":["https:\/\/www.caudete.org\/ayuntamiento\/presencia-ibera-en-santa-ana-resultados-de-la-excavacion-arqueologica-de-urgencia\/"]}]},{"@type":"ImageObject","inLanguage":"es","@id":"https:\/\/www.caudete.org\/ayuntamiento\/presencia-ibera-en-santa-ana-resultados-de-la-excavacion-arqueologica-de-urgencia\/#primaryimage","url":"https:\/\/www.caudete.org\/ayuntamiento\/wp-content\/uploads\/2020\/11\/arqueologia_santa_ana_1.jpg","contentUrl":"https:\/\/www.caudete.org\/ayuntamiento\/wp-content\/uploads\/2020\/11\/arqueologia_santa_ana_1.jpg","width":800,"height":600},{"@type":"BreadcrumbList","@id":"https:\/\/www.caudete.org\/ayuntamiento\/presencia-ibera-en-santa-ana-resultados-de-la-excavacion-arqueologica-de-urgencia\/#breadcrumb","itemListElement":[{"@type":"ListItem","position":1,"name":"Inicio","item":"https:\/\/www.caudete.org\/ayuntamiento\/"},{"@type":"ListItem","position":2,"name":"Presencia \u00edbera en Santa Ana. Resultados de la Excavaci\u00f3n Arqueol\u00f3gica de Urgencia"}]},{"@type":"WebSite","@id":"https:\/\/www.caudete.org\/ayuntamiento\/#website","url":"https:\/\/www.caudete.org\/ayuntamiento\/","name":"MI Ayuntamiento de Caudete","description":"P\u00e1gina Oficial del MI Ayuntamiento de Caudete","potentialAction":[{"@type":"SearchAction","target":{"@type":"EntryPoint","urlTemplate":"https:\/\/www.caudete.org\/ayuntamiento\/?s={search_term_string}"},"query-input":{"@type":"PropertyValueSpecification","valueRequired":true,"valueName":"search_term_string"}}],"inLanguage":"es"},{"@type":"Person","@id":"https:\/\/www.caudete.org\/ayuntamiento\/#\/schema\/person\/79f7e19fdd176fc2bc7a289013dc2056","name":"ayun","image":{"@type":"ImageObject","inLanguage":"es","@id":"https:\/\/secure.gravatar.com\/avatar\/4ce797ee07c943e7e592f8cd648e503e6cd571387558ed07135799c2bd2847df?s=96&d=mm&r=g","url":"https:\/\/secure.gravatar.com\/avatar\/4ce797ee07c943e7e592f8cd648e503e6cd571387558ed07135799c2bd2847df?s=96&d=mm&r=g","contentUrl":"https:\/\/secure.gravatar.com\/avatar\/4ce797ee07c943e7e592f8cd648e503e6cd571387558ed07135799c2bd2847df?s=96&d=mm&r=g","caption":"ayun"},"sameAs":["http:\/\/www.caudete.org\/ayuntamiento"],"url":"https:\/\/www.caudete.org\/ayuntamiento\/author\/ayun\/"}]}},"_links":{"self":[{"href":"https:\/\/www.caudete.org\/ayuntamiento\/wp-json\/wp\/v2\/posts\/5808","targetHints":{"allow":["GET"]}}],"collection":[{"href":"https:\/\/www.caudete.org\/ayuntamiento\/wp-json\/wp\/v2\/posts"}],"about":[{"href":"https:\/\/www.caudete.org\/ayuntamiento\/wp-json\/wp\/v2\/types\/post"}],"author":[{"embeddable":true,"href":"https:\/\/www.caudete.org\/ayuntamiento\/wp-json\/wp\/v2\/users\/1"}],"replies":[{"embeddable":true,"href":"https:\/\/www.caudete.org\/ayuntamiento\/wp-json\/wp\/v2\/comments?post=5808"}],"version-history":[{"count":3,"href":"https:\/\/www.caudete.org\/ayuntamiento\/wp-json\/wp\/v2\/posts\/5808\/revisions"}],"predecessor-version":[{"id":9452,"href":"https:\/\/www.caudete.org\/ayuntamiento\/wp-json\/wp\/v2\/posts\/5808\/revisions\/9452"}],"wp:featuredmedia":[{"embeddable":true,"href":"https:\/\/www.caudete.org\/ayuntamiento\/wp-json\/wp\/v2\/media\/5809"}],"wp:attachment":[{"href":"https:\/\/www.caudete.org\/ayuntamiento\/wp-json\/wp\/v2\/media?parent=5808"}],"wp:term":[{"taxonomy":"category","embeddable":true,"href":"https:\/\/www.caudete.org\/ayuntamiento\/wp-json\/wp\/v2\/categories?post=5808"},{"taxonomy":"post_tag","embeddable":true,"href":"https:\/\/www.caudete.org\/ayuntamiento\/wp-json\/wp\/v2\/tags?post=5808"}],"curies":[{"name":"wp","href":"https:\/\/api.w.org\/{rel}","templated":true}]}}