{"id":5909,"date":"2020-11-30T21:37:56","date_gmt":"2020-11-30T20:37:56","guid":{"rendered":"http:\/\/www.caudete.org\/ayuntamiento\/?p=5909"},"modified":"2020-12-14T19:33:53","modified_gmt":"2020-12-14T18:33:53","slug":"primera-piscina-inteligente-de-la-region-y-tercera-de-espana","status":"publish","type":"post","link":"https:\/\/www.caudete.org\/ayuntamiento\/primera-piscina-inteligente-de-la-region-y-tercera-de-espana\/","title":{"rendered":"Primera Piscina Inteligente de la Regi\u00f3n, y tercera de Espa\u00f1a"},"content":{"rendered":"<p style=\"text-align: justify;\">Caudete ha dado un gran paso hacia la innovaci\u00f3n tecnol\u00f3gica con la instalaci\u00f3n del sistema Nagi Smartpool en la Piscina Cubierta Municipal.<\/p>\n<p style=\"text-align: justify;\">Con este novedoso sistema, la Piscina Cubierta de Caudete se convierte en la primera piscina inteligente de Castilla-La Mancha, utilizando la tecnolog\u00eda m\u00e1s completa que ofrece Nagi: registro de la actividad de los nadadores.<\/p>\n<p style=\"text-align: justify;\">De esta forma,adem\u00e1s supone una importante herramienta para ofrecer seguridad y prevenir ahogamientos, pero otra de las caracter\u00edsticas es que y es que permitir\u00e1 controlar en los vasos la distancia de seguridad y el aforo, algo fundamental con la situaci\u00f3n sanitaria que vivimos.<\/p>\n<p style=\"text-align: justify;\">As\u00ed pues, cada usuario portar\u00e1 un peque\u00f1o tag en su gorro o gafa. Con un solo click, el nadador estar\u00e1 localizado dentro del recinto tanto dentro como fuera del agua, estando seguro durante el tiempo que dure su sesi\u00f3n, ya que en caso de estar sumergido durante m\u00e1s tiempo del establecido, el dispositivo emitir\u00e1 una se\u00f1al al socorrista para que pueda actuar de forma inmediata; adem\u00e1s de que en caso de romper la distancia con otros nadadores, el dispositivo emitir\u00e1 una alerta que avisar\u00e1 al nadador de que est\u00e1 incumpli\u00e9ndola y no parar\u00e1 hasta que vuelva a ser correcta.<\/p>\n<p style=\"text-align: justify;\">Los usuarios tambi\u00e9n podr\u00e1n tener todo tipo de datos relacionados con su sesi\u00f3n, lo que mejorar\u00e1 su experiencia. Velocidad, n\u00famero de largos, tiempo de actividad, distancia recorrida, etc. ser\u00e1n solo algunas de las m\u00faltiples posibilidades que van a poder descubrir los nadadores en la localidad.<\/p>\n<p style=\"text-align: justify;\">Adem\u00e1s, se ha presentado tambi\u00e9n la inversi\u00f3n en tecnolog\u00eda de \u00faltima generaci\u00f3n con el fin de mejorar el tratamiento del agua.<\/p>\n<p style=\"text-align: justify;\">En 2019 el Ayuntamiento de Caudete ya llev\u00f3 a cabo una importante inversi\u00f3n al equipar el vaso polivalente de la Piscina Cubierta con un equipo de electr\u00f3lisis salina y un reactor de ultravioleta. Tras verificar el buen resultado de la citada inversi\u00f3n, ahora se ha procedido a replicar la instalaci\u00f3n en el vaso peque\u00f1o.<\/p>\n<p style=\"text-align: justify;\">Un doble sistema de desinfecci\u00f3n del agua es por tanto con el que cuenta la Piscina Cubierta, con numerosas ventajas para los usuarios, entre otros:<\/p>\n<p style=\"text-align: justify;\">&#8211; Desinfecci\u00f3n natural mediante electrolisis salina, eliminando qu\u00edmicos en el agua.<\/p>\n<p style=\"text-align: justify;\">&#8211; Contribuye a la hidrataci\u00f3n de la piel y al estado \u00f3ptimo de tejidos sensibles como las mucosas.<\/p>\n<p style=\"text-align: justify;\">La radiaci\u00f3n ultravioleta generada por medio del reactor, consigue una reducci\u00f3n de la materia org\u00e1nica que pueda existir en el agua y que no haya sido neutralizada ya por el cloro. De esta forma, este sistema de desinfecci\u00f3n permite eliminar las cloraminas.<\/p>\n<p style=\"text-align: justify;\">Este doble sistema de desinfecci\u00f3n permite un tratamiento m\u00e1s sostenible desde el punto de vista econ\u00f3mico y medioambiental del agua, a la vez que genera un beneficio sobre la salud de los ba\u00f1istas, dado que se reducen los riesgos derivados de la utilizaci\u00f3n de productos qu\u00edmicos.<\/p>\n<p><img fetchpriority=\"high\" decoding=\"async\" class=\"aligncenter size-full wp-image-5910\" src=\"http:\/\/www.caudete.org\/ayuntamiento\/wp-content\/uploads\/2020\/11\/piscina_1.jpg\" alt=\"\" width=\"600\" height=\"600\" srcset=\"https:\/\/www.caudete.org\/ayuntamiento\/wp-content\/uploads\/2020\/11\/piscina_1.jpg 600w, https:\/\/www.caudete.org\/ayuntamiento\/wp-content\/uploads\/2020\/11\/piscina_1-300x300.jpg 300w, https:\/\/www.caudete.org\/ayuntamiento\/wp-content\/uploads\/2020\/11\/piscina_1-150x150.jpg 150w, https:\/\/www.caudete.org\/ayuntamiento\/wp-content\/uploads\/2020\/11\/piscina_1-60x60.jpg 60w\" sizes=\"(max-width: 600px) 100vw, 600px\" \/><\/p>\n<p>&nbsp;<\/p>\n<p><img decoding=\"async\" class=\"aligncenter size-full wp-image-5911\" src=\"http:\/\/www.caudete.org\/ayuntamiento\/wp-content\/uploads\/2020\/11\/piscina_2.jpg\" alt=\"\" width=\"600\" height=\"600\" srcset=\"https:\/\/www.caudete.org\/ayuntamiento\/wp-content\/uploads\/2020\/11\/piscina_2.jpg 600w, https:\/\/www.caudete.org\/ayuntamiento\/wp-content\/uploads\/2020\/11\/piscina_2-300x300.jpg 300w, https:\/\/www.caudete.org\/ayuntamiento\/wp-content\/uploads\/2020\/11\/piscina_2-150x150.jpg 150w, https:\/\/www.caudete.org\/ayuntamiento\/wp-content\/uploads\/2020\/11\/piscina_2-60x60.jpg 60w\" sizes=\"(max-width: 600px) 100vw, 600px\" \/><\/p>\n","protected":false},"excerpt":{"rendered":"<p>Caudete ha dado un gran paso hacia la innovaci\u00f3n tecnol\u00f3gica con la instalaci\u00f3n del sistema Nagi Smartpool en la Piscina Cubierta Municipal. Con este novedoso sistema, la Piscina Cubierta de Caudete se convierte en la primera piscina inteligente de Castilla-La Mancha, utilizando la tecnolog\u00eda m\u00e1s completa que ofrece Nagi: registro de la actividad de los &hellip;<\/p>\n","protected":false},"author":1,"featured_media":5910,"comment_status":"closed","ping_status":"open","sticky":false,"template":"","format":"standard","meta":{"ngg_post_thumbnail":0,"footnotes":""},"categories":[23],"tags":[82,83],"class_list":["post-5909","post","type-post","status-publish","format-standard","has-post-thumbnail","hentry","category-deportes","tag-piscina-cubierta","tag-tecnologia"],"yoast_head":"<!-- This site is optimized with the Yoast SEO plugin v27.4 - https:\/\/yoast.com\/product\/yoast-seo-wordpress\/ -->\n<title>Primera Piscina Inteligente de la Regi\u00f3n, y tercera de Espa\u00f1a - MI Ayuntamiento de Caudete<\/title>\n<meta name=\"description\" content=\"P\u00e1gina Oficial del Ayuntamiento de Caudete (Albacete)\" \/>\n<meta name=\"robots\" content=\"index, follow, max-snippet:-1, max-image-preview:large, max-video-preview:-1\" \/>\n<link rel=\"canonical\" href=\"https:\/\/www.caudete.org\/ayuntamiento\/primera-piscina-inteligente-de-la-region-y-tercera-de-espana\/\" \/>\n<meta property=\"og:locale\" content=\"es_ES\" \/>\n<meta property=\"og:type\" content=\"article\" \/>\n<meta property=\"og:title\" content=\"Primera Piscina Inteligente de la Regi\u00f3n, y tercera de Espa\u00f1a - MI Ayuntamiento de Caudete\" \/>\n<meta property=\"og:description\" content=\"P\u00e1gina Oficial del Ayuntamiento de Caudete (Albacete)\" \/>\n<meta property=\"og:url\" content=\"https:\/\/www.caudete.org\/ayuntamiento\/primera-piscina-inteligente-de-la-region-y-tercera-de-espana\/\" \/>\n<meta property=\"og:site_name\" content=\"MI Ayuntamiento de Caudete\" \/>\n<meta property=\"article:publisher\" content=\"https:\/\/www.facebook.com\/ayuntamientocaudete\/\" \/>\n<meta property=\"article:published_time\" content=\"2020-11-30T20:37:56+00:00\" \/>\n<meta property=\"article:modified_time\" content=\"2020-12-14T18:33:53+00:00\" \/>\n<meta property=\"og:image\" content=\"https:\/\/www.caudete.org\/ayuntamiento\/wp-content\/uploads\/2020\/11\/piscina_1.jpg\" \/>\n\t<meta property=\"og:image:width\" content=\"600\" \/>\n\t<meta property=\"og:image:height\" content=\"600\" \/>\n\t<meta property=\"og:image:type\" content=\"image\/jpeg\" \/>\n<meta name=\"author\" content=\"ayun\" \/>\n<meta name=\"twitter:card\" content=\"summary_large_image\" \/>\n<meta name=\"twitter:label1\" content=\"Escrito por\" \/>\n\t<meta name=\"twitter:data1\" content=\"ayun\" \/>\n\t<meta name=\"twitter:label2\" content=\"Tiempo de lectura\" \/>\n\t<meta name=\"twitter:data2\" content=\"3 minutos\" \/>\n<script type=\"application\/ld+json\" class=\"yoast-schema-graph\">{\"@context\":\"https:\\\/\\\/schema.org\",\"@graph\":[{\"@type\":\"Article\",\"@id\":\"https:\\\/\\\/www.caudete.org\\\/ayuntamiento\\\/primera-piscina-inteligente-de-la-region-y-tercera-de-espana\\\/#article\",\"isPartOf\":{\"@id\":\"https:\\\/\\\/www.caudete.org\\\/ayuntamiento\\\/primera-piscina-inteligente-de-la-region-y-tercera-de-espana\\\/\"},\"author\":{\"name\":\"ayun\",\"@id\":\"https:\\\/\\\/www.caudete.org\\\/ayuntamiento\\\/#\\\/schema\\\/person\\\/79f7e19fdd176fc2bc7a289013dc2056\"},\"headline\":\"Primera Piscina Inteligente de la Regi\u00f3n, y tercera de Espa\u00f1a\",\"datePublished\":\"2020-11-30T20:37:56+00:00\",\"dateModified\":\"2020-12-14T18:33:53+00:00\",\"mainEntityOfPage\":{\"@id\":\"https:\\\/\\\/www.caudete.org\\\/ayuntamiento\\\/primera-piscina-inteligente-de-la-region-y-tercera-de-espana\\\/\"},\"wordCount\":517,\"publisher\":{\"@id\":\"https:\\\/\\\/www.caudete.org\\\/ayuntamiento\\\/#organization\"},\"image\":{\"@id\":\"https:\\\/\\\/www.caudete.org\\\/ayuntamiento\\\/primera-piscina-inteligente-de-la-region-y-tercera-de-espana\\\/#primaryimage\"},\"thumbnailUrl\":\"https:\\\/\\\/www.caudete.org\\\/ayuntamiento\\\/wp-content\\\/uploads\\\/2020\\\/11\\\/piscina_1.jpg\",\"keywords\":[\"piscina cubierta\",\"tecnolog\u00eda\"],\"articleSection\":[\"Deportes\"],\"inLanguage\":\"es\"},{\"@type\":\"WebPage\",\"@id\":\"https:\\\/\\\/www.caudete.org\\\/ayuntamiento\\\/primera-piscina-inteligente-de-la-region-y-tercera-de-espana\\\/\",\"url\":\"https:\\\/\\\/www.caudete.org\\\/ayuntamiento\\\/primera-piscina-inteligente-de-la-region-y-tercera-de-espana\\\/\",\"name\":\"Primera Piscina Inteligente de la Regi\u00f3n, y tercera de Espa\u00f1a - MI Ayuntamiento de Caudete\",\"isPartOf\":{\"@id\":\"https:\\\/\\\/www.caudete.org\\\/ayuntamiento\\\/#website\"},\"primaryImageOfPage\":{\"@id\":\"https:\\\/\\\/www.caudete.org\\\/ayuntamiento\\\/primera-piscina-inteligente-de-la-region-y-tercera-de-espana\\\/#primaryimage\"},\"image\":{\"@id\":\"https:\\\/\\\/www.caudete.org\\\/ayuntamiento\\\/primera-piscina-inteligente-de-la-region-y-tercera-de-espana\\\/#primaryimage\"},\"thumbnailUrl\":\"https:\\\/\\\/www.caudete.org\\\/ayuntamiento\\\/wp-content\\\/uploads\\\/2020\\\/11\\\/piscina_1.jpg\",\"datePublished\":\"2020-11-30T20:37:56+00:00\",\"dateModified\":\"2020-12-14T18:33:53+00:00\",\"description\":\"P\u00e1gina Oficial del Ayuntamiento de Caudete (Albacete)\",\"breadcrumb\":{\"@id\":\"https:\\\/\\\/www.caudete.org\\\/ayuntamiento\\\/primera-piscina-inteligente-de-la-region-y-tercera-de-espana\\\/#breadcrumb\"},\"inLanguage\":\"es\",\"potentialAction\":[{\"@type\":\"ReadAction\",\"target\":[\"https:\\\/\\\/www.caudete.org\\\/ayuntamiento\\\/primera-piscina-inteligente-de-la-region-y-tercera-de-espana\\\/\"]}]},{\"@type\":\"ImageObject\",\"inLanguage\":\"es\",\"@id\":\"https:\\\/\\\/www.caudete.org\\\/ayuntamiento\\\/primera-piscina-inteligente-de-la-region-y-tercera-de-espana\\\/#primaryimage\",\"url\":\"https:\\\/\\\/www.caudete.org\\\/ayuntamiento\\\/wp-content\\\/uploads\\\/2020\\\/11\\\/piscina_1.jpg\",\"contentUrl\":\"https:\\\/\\\/www.caudete.org\\\/ayuntamiento\\\/wp-content\\\/uploads\\\/2020\\\/11\\\/piscina_1.jpg\",\"width\":600,\"height\":600},{\"@type\":\"BreadcrumbList\",\"@id\":\"https:\\\/\\\/www.caudete.org\\\/ayuntamiento\\\/primera-piscina-inteligente-de-la-region-y-tercera-de-espana\\\/#breadcrumb\",\"itemListElement\":[{\"@type\":\"ListItem\",\"position\":1,\"name\":\"Inicio\",\"item\":\"https:\\\/\\\/www.caudete.org\\\/ayuntamiento\\\/\"},{\"@type\":\"ListItem\",\"position\":2,\"name\":\"Primera Piscina Inteligente de la Regi\u00f3n, y tercera de Espa\u00f1a\"}]},{\"@type\":\"WebSite\",\"@id\":\"https:\\\/\\\/www.caudete.org\\\/ayuntamiento\\\/#website\",\"url\":\"https:\\\/\\\/www.caudete.org\\\/ayuntamiento\\\/\",\"name\":\"MI Ayuntamiento de Caudete\",\"description\":\"P\u00e1gina Oficial del MI Ayuntamiento de Caudete\",\"publisher\":{\"@id\":\"https:\\\/\\\/www.caudete.org\\\/ayuntamiento\\\/#organization\"},\"potentialAction\":[{\"@type\":\"SearchAction\",\"target\":{\"@type\":\"EntryPoint\",\"urlTemplate\":\"https:\\\/\\\/www.caudete.org\\\/ayuntamiento\\\/?s={search_term_string}\"},\"query-input\":{\"@type\":\"PropertyValueSpecification\",\"valueRequired\":true,\"valueName\":\"search_term_string\"}}],\"inLanguage\":\"es\"},{\"@type\":\"Organization\",\"@id\":\"https:\\\/\\\/www.caudete.org\\\/ayuntamiento\\\/#organization\",\"name\":\"Ayuntamiento de Caudete\",\"url\":\"https:\\\/\\\/www.caudete.org\\\/ayuntamiento\\\/\",\"logo\":{\"@type\":\"ImageObject\",\"inLanguage\":\"es\",\"@id\":\"https:\\\/\\\/www.caudete.org\\\/ayuntamiento\\\/#\\\/schema\\\/logo\\\/image\\\/\",\"url\":\"https:\\\/\\\/www.caudete.org\\\/ayuntamiento\\\/wp-content\\\/uploads\\\/2020\\\/11\\\/logo_ayuntamiento_caudete.jpg\",\"contentUrl\":\"https:\\\/\\\/www.caudete.org\\\/ayuntamiento\\\/wp-content\\\/uploads\\\/2020\\\/11\\\/logo_ayuntamiento_caudete.jpg\",\"width\":600,\"height\":150,\"caption\":\"Ayuntamiento de Caudete\"},\"image\":{\"@id\":\"https:\\\/\\\/www.caudete.org\\\/ayuntamiento\\\/#\\\/schema\\\/logo\\\/image\\\/\"},\"sameAs\":[\"https:\\\/\\\/www.facebook.com\\\/ayuntamientocaudete\\\/\",\"https:\\\/\\\/www.youtube.com\\\/channel\\\/UC6VztHaooNsGpw-tNoBEFnQ\"]},{\"@type\":\"Person\",\"@id\":\"https:\\\/\\\/www.caudete.org\\\/ayuntamiento\\\/#\\\/schema\\\/person\\\/79f7e19fdd176fc2bc7a289013dc2056\",\"name\":\"ayun\",\"image\":{\"@type\":\"ImageObject\",\"inLanguage\":\"es\",\"@id\":\"https:\\\/\\\/secure.gravatar.com\\\/avatar\\\/4ce797ee07c943e7e592f8cd648e503e6cd571387558ed07135799c2bd2847df?s=96&d=mm&r=g\",\"url\":\"https:\\\/\\\/secure.gravatar.com\\\/avatar\\\/4ce797ee07c943e7e592f8cd648e503e6cd571387558ed07135799c2bd2847df?s=96&d=mm&r=g\",\"contentUrl\":\"https:\\\/\\\/secure.gravatar.com\\\/avatar\\\/4ce797ee07c943e7e592f8cd648e503e6cd571387558ed07135799c2bd2847df?s=96&d=mm&r=g\",\"caption\":\"ayun\"},\"sameAs\":[\"http:\\\/\\\/www.caudete.org\\\/ayuntamiento\"],\"url\":\"https:\\\/\\\/www.caudete.org\\\/ayuntamiento\\\/author\\\/ayun\\\/\"}]}<\/script>\n<!-- \/ Yoast SEO plugin. -->","yoast_head_json":{"title":"Primera Piscina Inteligente de la Regi\u00f3n, y tercera de Espa\u00f1a - MI Ayuntamiento de Caudete","description":"P\u00e1gina Oficial del Ayuntamiento de Caudete (Albacete)","robots":{"index":"index","follow":"follow","max-snippet":"max-snippet:-1","max-image-preview":"max-image-preview:large","max-video-preview":"max-video-preview:-1"},"canonical":"https:\/\/www.caudete.org\/ayuntamiento\/primera-piscina-inteligente-de-la-region-y-tercera-de-espana\/","og_locale":"es_ES","og_type":"article","og_title":"Primera Piscina Inteligente de la Regi\u00f3n, y tercera de Espa\u00f1a - MI Ayuntamiento de Caudete","og_description":"P\u00e1gina Oficial del Ayuntamiento de Caudete (Albacete)","og_url":"https:\/\/www.caudete.org\/ayuntamiento\/primera-piscina-inteligente-de-la-region-y-tercera-de-espana\/","og_site_name":"MI Ayuntamiento de Caudete","article_publisher":"https:\/\/www.facebook.com\/ayuntamientocaudete\/","article_published_time":"2020-11-30T20:37:56+00:00","article_modified_time":"2020-12-14T18:33:53+00:00","og_image":[{"width":600,"height":600,"url":"https:\/\/www.caudete.org\/ayuntamiento\/wp-content\/uploads\/2020\/11\/piscina_1.jpg","type":"image\/jpeg"}],"author":"ayun","twitter_card":"summary_large_image","twitter_misc":{"Escrito por":"ayun","Tiempo de lectura":"3 minutos"},"schema":{"@context":"https:\/\/schema.org","@graph":[{"@type":"Article","@id":"https:\/\/www.caudete.org\/ayuntamiento\/primera-piscina-inteligente-de-la-region-y-tercera-de-espana\/#article","isPartOf":{"@id":"https:\/\/www.caudete.org\/ayuntamiento\/primera-piscina-inteligente-de-la-region-y-tercera-de-espana\/"},"author":{"name":"ayun","@id":"https:\/\/www.caudete.org\/ayuntamiento\/#\/schema\/person\/79f7e19fdd176fc2bc7a289013dc2056"},"headline":"Primera Piscina Inteligente de la Regi\u00f3n, y tercera de Espa\u00f1a","datePublished":"2020-11-30T20:37:56+00:00","dateModified":"2020-12-14T18:33:53+00:00","mainEntityOfPage":{"@id":"https:\/\/www.caudete.org\/ayuntamiento\/primera-piscina-inteligente-de-la-region-y-tercera-de-espana\/"},"wordCount":517,"publisher":{"@id":"https:\/\/www.caudete.org\/ayuntamiento\/#organization"},"image":{"@id":"https:\/\/www.caudete.org\/ayuntamiento\/primera-piscina-inteligente-de-la-region-y-tercera-de-espana\/#primaryimage"},"thumbnailUrl":"https:\/\/www.caudete.org\/ayuntamiento\/wp-content\/uploads\/2020\/11\/piscina_1.jpg","keywords":["piscina cubierta","tecnolog\u00eda"],"articleSection":["Deportes"],"inLanguage":"es"},{"@type":"WebPage","@id":"https:\/\/www.caudete.org\/ayuntamiento\/primera-piscina-inteligente-de-la-region-y-tercera-de-espana\/","url":"https:\/\/www.caudete.org\/ayuntamiento\/primera-piscina-inteligente-de-la-region-y-tercera-de-espana\/","name":"Primera Piscina Inteligente de la Regi\u00f3n, y tercera de Espa\u00f1a - MI Ayuntamiento de Caudete","isPartOf":{"@id":"https:\/\/www.caudete.org\/ayuntamiento\/#website"},"primaryImageOfPage":{"@id":"https:\/\/www.caudete.org\/ayuntamiento\/primera-piscina-inteligente-de-la-region-y-tercera-de-espana\/#primaryimage"},"image":{"@id":"https:\/\/www.caudete.org\/ayuntamiento\/primera-piscina-inteligente-de-la-region-y-tercera-de-espana\/#primaryimage"},"thumbnailUrl":"https:\/\/www.caudete.org\/ayuntamiento\/wp-content\/uploads\/2020\/11\/piscina_1.jpg","datePublished":"2020-11-30T20:37:56+00:00","dateModified":"2020-12-14T18:33:53+00:00","description":"P\u00e1gina Oficial del Ayuntamiento de Caudete (Albacete)","breadcrumb":{"@id":"https:\/\/www.caudete.org\/ayuntamiento\/primera-piscina-inteligente-de-la-region-y-tercera-de-espana\/#breadcrumb"},"inLanguage":"es","potentialAction":[{"@type":"ReadAction","target":["https:\/\/www.caudete.org\/ayuntamiento\/primera-piscina-inteligente-de-la-region-y-tercera-de-espana\/"]}]},{"@type":"ImageObject","inLanguage":"es","@id":"https:\/\/www.caudete.org\/ayuntamiento\/primera-piscina-inteligente-de-la-region-y-tercera-de-espana\/#primaryimage","url":"https:\/\/www.caudete.org\/ayuntamiento\/wp-content\/uploads\/2020\/11\/piscina_1.jpg","contentUrl":"https:\/\/www.caudete.org\/ayuntamiento\/wp-content\/uploads\/2020\/11\/piscina_1.jpg","width":600,"height":600},{"@type":"BreadcrumbList","@id":"https:\/\/www.caudete.org\/ayuntamiento\/primera-piscina-inteligente-de-la-region-y-tercera-de-espana\/#breadcrumb","itemListElement":[{"@type":"ListItem","position":1,"name":"Inicio","item":"https:\/\/www.caudete.org\/ayuntamiento\/"},{"@type":"ListItem","position":2,"name":"Primera Piscina Inteligente de la Regi\u00f3n, y tercera de Espa\u00f1a"}]},{"@type":"WebSite","@id":"https:\/\/www.caudete.org\/ayuntamiento\/#website","url":"https:\/\/www.caudete.org\/ayuntamiento\/","name":"MI Ayuntamiento de Caudete","description":"P\u00e1gina Oficial del MI Ayuntamiento de Caudete","publisher":{"@id":"https:\/\/www.caudete.org\/ayuntamiento\/#organization"},"potentialAction":[{"@type":"SearchAction","target":{"@type":"EntryPoint","urlTemplate":"https:\/\/www.caudete.org\/ayuntamiento\/?s={search_term_string}"},"query-input":{"@type":"PropertyValueSpecification","valueRequired":true,"valueName":"search_term_string"}}],"inLanguage":"es"},{"@type":"Organization","@id":"https:\/\/www.caudete.org\/ayuntamiento\/#organization","name":"Ayuntamiento de Caudete","url":"https:\/\/www.caudete.org\/ayuntamiento\/","logo":{"@type":"ImageObject","inLanguage":"es","@id":"https:\/\/www.caudete.org\/ayuntamiento\/#\/schema\/logo\/image\/","url":"https:\/\/www.caudete.org\/ayuntamiento\/wp-content\/uploads\/2020\/11\/logo_ayuntamiento_caudete.jpg","contentUrl":"https:\/\/www.caudete.org\/ayuntamiento\/wp-content\/uploads\/2020\/11\/logo_ayuntamiento_caudete.jpg","width":600,"height":150,"caption":"Ayuntamiento de Caudete"},"image":{"@id":"https:\/\/www.caudete.org\/ayuntamiento\/#\/schema\/logo\/image\/"},"sameAs":["https:\/\/www.facebook.com\/ayuntamientocaudete\/","https:\/\/www.youtube.com\/channel\/UC6VztHaooNsGpw-tNoBEFnQ"]},{"@type":"Person","@id":"https:\/\/www.caudete.org\/ayuntamiento\/#\/schema\/person\/79f7e19fdd176fc2bc7a289013dc2056","name":"ayun","image":{"@type":"ImageObject","inLanguage":"es","@id":"https:\/\/secure.gravatar.com\/avatar\/4ce797ee07c943e7e592f8cd648e503e6cd571387558ed07135799c2bd2847df?s=96&d=mm&r=g","url":"https:\/\/secure.gravatar.com\/avatar\/4ce797ee07c943e7e592f8cd648e503e6cd571387558ed07135799c2bd2847df?s=96&d=mm&r=g","contentUrl":"https:\/\/secure.gravatar.com\/avatar\/4ce797ee07c943e7e592f8cd648e503e6cd571387558ed07135799c2bd2847df?s=96&d=mm&r=g","caption":"ayun"},"sameAs":["http:\/\/www.caudete.org\/ayuntamiento"],"url":"https:\/\/www.caudete.org\/ayuntamiento\/author\/ayun\/"}]}},"_links":{"self":[{"href":"https:\/\/www.caudete.org\/ayuntamiento\/wp-json\/wp\/v2\/posts\/5909","targetHints":{"allow":["GET"]}}],"collection":[{"href":"https:\/\/www.caudete.org\/ayuntamiento\/wp-json\/wp\/v2\/posts"}],"about":[{"href":"https:\/\/www.caudete.org\/ayuntamiento\/wp-json\/wp\/v2\/types\/post"}],"author":[{"embeddable":true,"href":"https:\/\/www.caudete.org\/ayuntamiento\/wp-json\/wp\/v2\/users\/1"}],"replies":[{"embeddable":true,"href":"https:\/\/www.caudete.org\/ayuntamiento\/wp-json\/wp\/v2\/comments?post=5909"}],"version-history":[{"count":3,"href":"https:\/\/www.caudete.org\/ayuntamiento\/wp-json\/wp\/v2\/posts\/5909\/revisions"}],"predecessor-version":[{"id":9447,"href":"https:\/\/www.caudete.org\/ayuntamiento\/wp-json\/wp\/v2\/posts\/5909\/revisions\/9447"}],"wp:featuredmedia":[{"embeddable":true,"href":"https:\/\/www.caudete.org\/ayuntamiento\/wp-json\/wp\/v2\/media\/5910"}],"wp:attachment":[{"href":"https:\/\/www.caudete.org\/ayuntamiento\/wp-json\/wp\/v2\/media?parent=5909"}],"wp:term":[{"taxonomy":"category","embeddable":true,"href":"https:\/\/www.caudete.org\/ayuntamiento\/wp-json\/wp\/v2\/categories?post=5909"},{"taxonomy":"post_tag","embeddable":true,"href":"https:\/\/www.caudete.org\/ayuntamiento\/wp-json\/wp\/v2\/tags?post=5909"}],"curies":[{"name":"wp","href":"https:\/\/api.w.org\/{rel}","templated":true}]}}