{"id":6043,"date":"2020-12-01T20:14:56","date_gmt":"2020-12-01T19:14:56","guid":{"rendered":"http:\/\/www.caudete.org\/ayuntamiento\/?p=6043"},"modified":"2020-12-14T19:30:07","modified_gmt":"2020-12-14T18:30:07","slug":"la-a-v-proteccion-civil-recibe-de-la-jccm-un-equipo-electrogeno-portatil","status":"publish","type":"post","link":"https:\/\/www.caudete.org\/ayuntamiento\/la-a-v-proteccion-civil-recibe-de-la-jccm-un-equipo-electrogeno-portatil\/","title":{"rendered":"La A.V. Protecci\u00f3n Civil recibe de la JCCM un equipo electr\u00f3geno port\u00e1til"},"content":{"rendered":"<p style=\"text-align: justify;\">El DOCM de fecha 24\/11\/2020 publicaba la Resoluci\u00f3n de 20\/11\/2020, de la Secretar\u00eda General de Hacienda y Administraciones P\u00fablicas, por la que se resuelve el procedimiento de concesi\u00f3n de subvenciones para la dotaci\u00f3n de medios materiales para las Agrupaciones de Voluntarios de Protecci\u00f3n Civil de las entidades locales de Castilla-La Mancha.<\/p>\n<p style=\"text-align: justify;\">Entre las beneficiarias figura Caudete, que solicit\u00f3 por medio de la Junta de Gobierno Local, atendiendo a las especificaciones de la convocatoria, el material siguiente en el orden de prioridad establecido:<\/p>\n<p>1\u00ba\/ Un Remolque de Agua.<br \/>\n2\u00ba\/ Un Equipo Electr\u00f3geno port\u00e1til y complementos.<br \/>\n3\u00ba\/ Uniformidad b\u00e1sica de Voluntarios de Protecci\u00f3n Civil.<\/p>\n<p>Asi pues, la citada Resoluci\u00f3n nos concede el Equipo Electr\u00f3geno port\u00e1til y complementos, que repite por segundo a\u00f1o consecutivo en el listado de material necesario para la Agrupaci\u00f3n.<\/p>\n<p>Un total de 27 municipios de la Regi\u00f3n recibir\u00e1n uno de id\u00e9nticas caracter\u00edsticas al de Caudete, siendo la valoraci\u00f3n individual de la ayuda, de acuerdo con el importe unitario de adjudicaci\u00f3n del contrato de suministro correspondiente a 873,47 euros (IVA incluido).<\/p>\n","protected":false},"excerpt":{"rendered":"<p>El DOCM de fecha 24\/11\/2020 publicaba la Resoluci\u00f3n de 20\/11\/2020, de la Secretar\u00eda General de Hacienda y Administraciones P\u00fablicas, por la que se resuelve el procedimiento de concesi\u00f3n de subvenciones para la dotaci\u00f3n de medios materiales para las Agrupaciones de Voluntarios de Protecci\u00f3n Civil de las entidades locales de Castilla-La Mancha. Entre las beneficiarias figura &hellip;<\/p>\n","protected":false},"author":1,"featured_media":6044,"comment_status":"closed","ping_status":"open","sticky":false,"template":"","format":"standard","meta":{"ngg_post_thumbnail":0,"footnotes":""},"categories":[41],"tags":[],"class_list":["post-6043","post","type-post","status-publish","format-standard","has-post-thumbnail","hentry","category-emergencias"],"yoast_head":"<!-- This site is optimized with the Yoast SEO plugin v27.5 - https:\/\/yoast.com\/product\/yoast-seo-wordpress\/ -->\n<title>La A.V. Protecci\u00f3n Civil recibe de la JCCM un equipo electr\u00f3geno port\u00e1til - MI Ayuntamiento de Caudete<\/title>\n<meta name=\"description\" content=\"P\u00e1gina Oficial del Ayuntamiento de Caudete (Albacete)\" \/>\n<meta name=\"robots\" content=\"index, follow, max-snippet:-1, max-image-preview:large, max-video-preview:-1\" \/>\n<link rel=\"canonical\" href=\"https:\/\/www.caudete.org\/ayuntamiento\/la-a-v-proteccion-civil-recibe-de-la-jccm-un-equipo-electrogeno-portatil\/\" \/>\n<meta property=\"og:locale\" content=\"es_ES\" \/>\n<meta property=\"og:type\" content=\"article\" \/>\n<meta property=\"og:title\" content=\"La A.V. Protecci\u00f3n Civil recibe de la JCCM un equipo electr\u00f3geno port\u00e1til - MI Ayuntamiento de Caudete\" \/>\n<meta property=\"og:description\" content=\"P\u00e1gina Oficial del Ayuntamiento de Caudete (Albacete)\" \/>\n<meta property=\"og:url\" content=\"https:\/\/www.caudete.org\/ayuntamiento\/la-a-v-proteccion-civil-recibe-de-la-jccm-un-equipo-electrogeno-portatil\/\" \/>\n<meta property=\"og:site_name\" content=\"MI Ayuntamiento de Caudete\" \/>\n<meta property=\"article:publisher\" content=\"https:\/\/www.facebook.com\/ayuntamientocaudete\/\" \/>\n<meta property=\"article:published_time\" content=\"2020-12-01T19:14:56+00:00\" \/>\n<meta property=\"article:modified_time\" content=\"2020-12-14T18:30:07+00:00\" \/>\n<meta property=\"og:image\" content=\"https:\/\/www.caudete.org\/ayuntamiento\/wp-content\/uploads\/2020\/12\/proteccion-civil-electrogeno.jpg\" \/>\n\t<meta property=\"og:image:width\" content=\"800\" \/>\n\t<meta property=\"og:image:height\" content=\"324\" \/>\n\t<meta property=\"og:image:type\" content=\"image\/jpeg\" \/>\n<meta name=\"author\" content=\"ayun\" \/>\n<meta name=\"twitter:card\" content=\"summary_large_image\" \/>\n<meta name=\"twitter:label1\" content=\"Escrito por\" \/>\n\t<meta name=\"twitter:data1\" content=\"ayun\" \/>\n\t<meta name=\"twitter:label2\" content=\"Tiempo de lectura\" \/>\n\t<meta name=\"twitter:data2\" content=\"1 minuto\" \/>\n<script type=\"application\/ld+json\" class=\"yoast-schema-graph\">{\"@context\":\"https:\\\/\\\/schema.org\",\"@graph\":[{\"@type\":\"Article\",\"@id\":\"https:\\\/\\\/www.caudete.org\\\/ayuntamiento\\\/la-a-v-proteccion-civil-recibe-de-la-jccm-un-equipo-electrogeno-portatil\\\/#article\",\"isPartOf\":{\"@id\":\"https:\\\/\\\/www.caudete.org\\\/ayuntamiento\\\/la-a-v-proteccion-civil-recibe-de-la-jccm-un-equipo-electrogeno-portatil\\\/\"},\"author\":{\"name\":\"ayun\",\"@id\":\"https:\\\/\\\/www.caudete.org\\\/ayuntamiento\\\/#\\\/schema\\\/person\\\/79f7e19fdd176fc2bc7a289013dc2056\"},\"headline\":\"La A.V. Protecci\u00f3n Civil recibe de la JCCM un equipo electr\u00f3geno port\u00e1til\",\"datePublished\":\"2020-12-01T19:14:56+00:00\",\"dateModified\":\"2020-12-14T18:30:07+00:00\",\"mainEntityOfPage\":{\"@id\":\"https:\\\/\\\/www.caudete.org\\\/ayuntamiento\\\/la-a-v-proteccion-civil-recibe-de-la-jccm-un-equipo-electrogeno-portatil\\\/\"},\"wordCount\":201,\"publisher\":{\"@id\":\"https:\\\/\\\/www.caudete.org\\\/ayuntamiento\\\/#organization\"},\"image\":{\"@id\":\"https:\\\/\\\/www.caudete.org\\\/ayuntamiento\\\/la-a-v-proteccion-civil-recibe-de-la-jccm-un-equipo-electrogeno-portatil\\\/#primaryimage\"},\"thumbnailUrl\":\"https:\\\/\\\/www.caudete.org\\\/ayuntamiento\\\/wp-content\\\/uploads\\\/2020\\\/12\\\/proteccion-civil-electrogeno.jpg\",\"articleSection\":[\"Emergencias\"],\"inLanguage\":\"es\"},{\"@type\":\"WebPage\",\"@id\":\"https:\\\/\\\/www.caudete.org\\\/ayuntamiento\\\/la-a-v-proteccion-civil-recibe-de-la-jccm-un-equipo-electrogeno-portatil\\\/\",\"url\":\"https:\\\/\\\/www.caudete.org\\\/ayuntamiento\\\/la-a-v-proteccion-civil-recibe-de-la-jccm-un-equipo-electrogeno-portatil\\\/\",\"name\":\"La A.V. Protecci\u00f3n Civil recibe de la JCCM un equipo electr\u00f3geno port\u00e1til - MI Ayuntamiento de Caudete\",\"isPartOf\":{\"@id\":\"https:\\\/\\\/www.caudete.org\\\/ayuntamiento\\\/#website\"},\"primaryImageOfPage\":{\"@id\":\"https:\\\/\\\/www.caudete.org\\\/ayuntamiento\\\/la-a-v-proteccion-civil-recibe-de-la-jccm-un-equipo-electrogeno-portatil\\\/#primaryimage\"},\"image\":{\"@id\":\"https:\\\/\\\/www.caudete.org\\\/ayuntamiento\\\/la-a-v-proteccion-civil-recibe-de-la-jccm-un-equipo-electrogeno-portatil\\\/#primaryimage\"},\"thumbnailUrl\":\"https:\\\/\\\/www.caudete.org\\\/ayuntamiento\\\/wp-content\\\/uploads\\\/2020\\\/12\\\/proteccion-civil-electrogeno.jpg\",\"datePublished\":\"2020-12-01T19:14:56+00:00\",\"dateModified\":\"2020-12-14T18:30:07+00:00\",\"description\":\"P\u00e1gina Oficial del Ayuntamiento de Caudete (Albacete)\",\"breadcrumb\":{\"@id\":\"https:\\\/\\\/www.caudete.org\\\/ayuntamiento\\\/la-a-v-proteccion-civil-recibe-de-la-jccm-un-equipo-electrogeno-portatil\\\/#breadcrumb\"},\"inLanguage\":\"es\",\"potentialAction\":[{\"@type\":\"ReadAction\",\"target\":[\"https:\\\/\\\/www.caudete.org\\\/ayuntamiento\\\/la-a-v-proteccion-civil-recibe-de-la-jccm-un-equipo-electrogeno-portatil\\\/\"]}]},{\"@type\":\"ImageObject\",\"inLanguage\":\"es\",\"@id\":\"https:\\\/\\\/www.caudete.org\\\/ayuntamiento\\\/la-a-v-proteccion-civil-recibe-de-la-jccm-un-equipo-electrogeno-portatil\\\/#primaryimage\",\"url\":\"https:\\\/\\\/www.caudete.org\\\/ayuntamiento\\\/wp-content\\\/uploads\\\/2020\\\/12\\\/proteccion-civil-electrogeno.jpg\",\"contentUrl\":\"https:\\\/\\\/www.caudete.org\\\/ayuntamiento\\\/wp-content\\\/uploads\\\/2020\\\/12\\\/proteccion-civil-electrogeno.jpg\",\"width\":800,\"height\":324},{\"@type\":\"BreadcrumbList\",\"@id\":\"https:\\\/\\\/www.caudete.org\\\/ayuntamiento\\\/la-a-v-proteccion-civil-recibe-de-la-jccm-un-equipo-electrogeno-portatil\\\/#breadcrumb\",\"itemListElement\":[{\"@type\":\"ListItem\",\"position\":1,\"name\":\"Inicio\",\"item\":\"https:\\\/\\\/www.caudete.org\\\/ayuntamiento\\\/\"},{\"@type\":\"ListItem\",\"position\":2,\"name\":\"La A.V. Protecci\u00f3n Civil recibe de la JCCM un equipo electr\u00f3geno port\u00e1til\"}]},{\"@type\":\"WebSite\",\"@id\":\"https:\\\/\\\/www.caudete.org\\\/ayuntamiento\\\/#website\",\"url\":\"https:\\\/\\\/www.caudete.org\\\/ayuntamiento\\\/\",\"name\":\"MI Ayuntamiento de Caudete\",\"description\":\"P\u00e1gina Oficial del MI Ayuntamiento de Caudete\",\"publisher\":{\"@id\":\"https:\\\/\\\/www.caudete.org\\\/ayuntamiento\\\/#organization\"},\"potentialAction\":[{\"@type\":\"SearchAction\",\"target\":{\"@type\":\"EntryPoint\",\"urlTemplate\":\"https:\\\/\\\/www.caudete.org\\\/ayuntamiento\\\/?s={search_term_string}\"},\"query-input\":{\"@type\":\"PropertyValueSpecification\",\"valueRequired\":true,\"valueName\":\"search_term_string\"}}],\"inLanguage\":\"es\"},{\"@type\":\"Organization\",\"@id\":\"https:\\\/\\\/www.caudete.org\\\/ayuntamiento\\\/#organization\",\"name\":\"Ayuntamiento de Caudete\",\"url\":\"https:\\\/\\\/www.caudete.org\\\/ayuntamiento\\\/\",\"logo\":{\"@type\":\"ImageObject\",\"inLanguage\":\"es\",\"@id\":\"https:\\\/\\\/www.caudete.org\\\/ayuntamiento\\\/#\\\/schema\\\/logo\\\/image\\\/\",\"url\":\"https:\\\/\\\/www.caudete.org\\\/ayuntamiento\\\/wp-content\\\/uploads\\\/2020\\\/11\\\/logo_ayuntamiento_caudete.jpg\",\"contentUrl\":\"https:\\\/\\\/www.caudete.org\\\/ayuntamiento\\\/wp-content\\\/uploads\\\/2020\\\/11\\\/logo_ayuntamiento_caudete.jpg\",\"width\":600,\"height\":150,\"caption\":\"Ayuntamiento de Caudete\"},\"image\":{\"@id\":\"https:\\\/\\\/www.caudete.org\\\/ayuntamiento\\\/#\\\/schema\\\/logo\\\/image\\\/\"},\"sameAs\":[\"https:\\\/\\\/www.facebook.com\\\/ayuntamientocaudete\\\/\",\"https:\\\/\\\/www.youtube.com\\\/channel\\\/UC6VztHaooNsGpw-tNoBEFnQ\"]},{\"@type\":\"Person\",\"@id\":\"https:\\\/\\\/www.caudete.org\\\/ayuntamiento\\\/#\\\/schema\\\/person\\\/79f7e19fdd176fc2bc7a289013dc2056\",\"name\":\"ayun\",\"image\":{\"@type\":\"ImageObject\",\"inLanguage\":\"es\",\"@id\":\"https:\\\/\\\/secure.gravatar.com\\\/avatar\\\/4ce797ee07c943e7e592f8cd648e503e6cd571387558ed07135799c2bd2847df?s=96&d=mm&r=g\",\"url\":\"https:\\\/\\\/secure.gravatar.com\\\/avatar\\\/4ce797ee07c943e7e592f8cd648e503e6cd571387558ed07135799c2bd2847df?s=96&d=mm&r=g\",\"contentUrl\":\"https:\\\/\\\/secure.gravatar.com\\\/avatar\\\/4ce797ee07c943e7e592f8cd648e503e6cd571387558ed07135799c2bd2847df?s=96&d=mm&r=g\",\"caption\":\"ayun\"},\"sameAs\":[\"http:\\\/\\\/www.caudete.org\\\/ayuntamiento\"],\"url\":\"https:\\\/\\\/www.caudete.org\\\/ayuntamiento\\\/author\\\/ayun\\\/\"}]}<\/script>\n<!-- \/ Yoast SEO plugin. -->","yoast_head_json":{"title":"La A.V. Protecci\u00f3n Civil recibe de la JCCM un equipo electr\u00f3geno port\u00e1til - MI Ayuntamiento de Caudete","description":"P\u00e1gina Oficial del Ayuntamiento de Caudete (Albacete)","robots":{"index":"index","follow":"follow","max-snippet":"max-snippet:-1","max-image-preview":"max-image-preview:large","max-video-preview":"max-video-preview:-1"},"canonical":"https:\/\/www.caudete.org\/ayuntamiento\/la-a-v-proteccion-civil-recibe-de-la-jccm-un-equipo-electrogeno-portatil\/","og_locale":"es_ES","og_type":"article","og_title":"La A.V. Protecci\u00f3n Civil recibe de la JCCM un equipo electr\u00f3geno port\u00e1til - MI Ayuntamiento de Caudete","og_description":"P\u00e1gina Oficial del Ayuntamiento de Caudete (Albacete)","og_url":"https:\/\/www.caudete.org\/ayuntamiento\/la-a-v-proteccion-civil-recibe-de-la-jccm-un-equipo-electrogeno-portatil\/","og_site_name":"MI Ayuntamiento de Caudete","article_publisher":"https:\/\/www.facebook.com\/ayuntamientocaudete\/","article_published_time":"2020-12-01T19:14:56+00:00","article_modified_time":"2020-12-14T18:30:07+00:00","og_image":[{"width":800,"height":324,"url":"https:\/\/www.caudete.org\/ayuntamiento\/wp-content\/uploads\/2020\/12\/proteccion-civil-electrogeno.jpg","type":"image\/jpeg"}],"author":"ayun","twitter_card":"summary_large_image","twitter_misc":{"Escrito por":"ayun","Tiempo de lectura":"1 minuto"},"schema":{"@context":"https:\/\/schema.org","@graph":[{"@type":"Article","@id":"https:\/\/www.caudete.org\/ayuntamiento\/la-a-v-proteccion-civil-recibe-de-la-jccm-un-equipo-electrogeno-portatil\/#article","isPartOf":{"@id":"https:\/\/www.caudete.org\/ayuntamiento\/la-a-v-proteccion-civil-recibe-de-la-jccm-un-equipo-electrogeno-portatil\/"},"author":{"name":"ayun","@id":"https:\/\/www.caudete.org\/ayuntamiento\/#\/schema\/person\/79f7e19fdd176fc2bc7a289013dc2056"},"headline":"La A.V. Protecci\u00f3n Civil recibe de la JCCM un equipo electr\u00f3geno port\u00e1til","datePublished":"2020-12-01T19:14:56+00:00","dateModified":"2020-12-14T18:30:07+00:00","mainEntityOfPage":{"@id":"https:\/\/www.caudete.org\/ayuntamiento\/la-a-v-proteccion-civil-recibe-de-la-jccm-un-equipo-electrogeno-portatil\/"},"wordCount":201,"publisher":{"@id":"https:\/\/www.caudete.org\/ayuntamiento\/#organization"},"image":{"@id":"https:\/\/www.caudete.org\/ayuntamiento\/la-a-v-proteccion-civil-recibe-de-la-jccm-un-equipo-electrogeno-portatil\/#primaryimage"},"thumbnailUrl":"https:\/\/www.caudete.org\/ayuntamiento\/wp-content\/uploads\/2020\/12\/proteccion-civil-electrogeno.jpg","articleSection":["Emergencias"],"inLanguage":"es"},{"@type":"WebPage","@id":"https:\/\/www.caudete.org\/ayuntamiento\/la-a-v-proteccion-civil-recibe-de-la-jccm-un-equipo-electrogeno-portatil\/","url":"https:\/\/www.caudete.org\/ayuntamiento\/la-a-v-proteccion-civil-recibe-de-la-jccm-un-equipo-electrogeno-portatil\/","name":"La A.V. Protecci\u00f3n Civil recibe de la JCCM un equipo electr\u00f3geno port\u00e1til - MI Ayuntamiento de Caudete","isPartOf":{"@id":"https:\/\/www.caudete.org\/ayuntamiento\/#website"},"primaryImageOfPage":{"@id":"https:\/\/www.caudete.org\/ayuntamiento\/la-a-v-proteccion-civil-recibe-de-la-jccm-un-equipo-electrogeno-portatil\/#primaryimage"},"image":{"@id":"https:\/\/www.caudete.org\/ayuntamiento\/la-a-v-proteccion-civil-recibe-de-la-jccm-un-equipo-electrogeno-portatil\/#primaryimage"},"thumbnailUrl":"https:\/\/www.caudete.org\/ayuntamiento\/wp-content\/uploads\/2020\/12\/proteccion-civil-electrogeno.jpg","datePublished":"2020-12-01T19:14:56+00:00","dateModified":"2020-12-14T18:30:07+00:00","description":"P\u00e1gina Oficial del Ayuntamiento de Caudete (Albacete)","breadcrumb":{"@id":"https:\/\/www.caudete.org\/ayuntamiento\/la-a-v-proteccion-civil-recibe-de-la-jccm-un-equipo-electrogeno-portatil\/#breadcrumb"},"inLanguage":"es","potentialAction":[{"@type":"ReadAction","target":["https:\/\/www.caudete.org\/ayuntamiento\/la-a-v-proteccion-civil-recibe-de-la-jccm-un-equipo-electrogeno-portatil\/"]}]},{"@type":"ImageObject","inLanguage":"es","@id":"https:\/\/www.caudete.org\/ayuntamiento\/la-a-v-proteccion-civil-recibe-de-la-jccm-un-equipo-electrogeno-portatil\/#primaryimage","url":"https:\/\/www.caudete.org\/ayuntamiento\/wp-content\/uploads\/2020\/12\/proteccion-civil-electrogeno.jpg","contentUrl":"https:\/\/www.caudete.org\/ayuntamiento\/wp-content\/uploads\/2020\/12\/proteccion-civil-electrogeno.jpg","width":800,"height":324},{"@type":"BreadcrumbList","@id":"https:\/\/www.caudete.org\/ayuntamiento\/la-a-v-proteccion-civil-recibe-de-la-jccm-un-equipo-electrogeno-portatil\/#breadcrumb","itemListElement":[{"@type":"ListItem","position":1,"name":"Inicio","item":"https:\/\/www.caudete.org\/ayuntamiento\/"},{"@type":"ListItem","position":2,"name":"La A.V. Protecci\u00f3n Civil recibe de la JCCM un equipo electr\u00f3geno port\u00e1til"}]},{"@type":"WebSite","@id":"https:\/\/www.caudete.org\/ayuntamiento\/#website","url":"https:\/\/www.caudete.org\/ayuntamiento\/","name":"MI Ayuntamiento de Caudete","description":"P\u00e1gina Oficial del MI Ayuntamiento de Caudete","publisher":{"@id":"https:\/\/www.caudete.org\/ayuntamiento\/#organization"},"potentialAction":[{"@type":"SearchAction","target":{"@type":"EntryPoint","urlTemplate":"https:\/\/www.caudete.org\/ayuntamiento\/?s={search_term_string}"},"query-input":{"@type":"PropertyValueSpecification","valueRequired":true,"valueName":"search_term_string"}}],"inLanguage":"es"},{"@type":"Organization","@id":"https:\/\/www.caudete.org\/ayuntamiento\/#organization","name":"Ayuntamiento de Caudete","url":"https:\/\/www.caudete.org\/ayuntamiento\/","logo":{"@type":"ImageObject","inLanguage":"es","@id":"https:\/\/www.caudete.org\/ayuntamiento\/#\/schema\/logo\/image\/","url":"https:\/\/www.caudete.org\/ayuntamiento\/wp-content\/uploads\/2020\/11\/logo_ayuntamiento_caudete.jpg","contentUrl":"https:\/\/www.caudete.org\/ayuntamiento\/wp-content\/uploads\/2020\/11\/logo_ayuntamiento_caudete.jpg","width":600,"height":150,"caption":"Ayuntamiento de Caudete"},"image":{"@id":"https:\/\/www.caudete.org\/ayuntamiento\/#\/schema\/logo\/image\/"},"sameAs":["https:\/\/www.facebook.com\/ayuntamientocaudete\/","https:\/\/www.youtube.com\/channel\/UC6VztHaooNsGpw-tNoBEFnQ"]},{"@type":"Person","@id":"https:\/\/www.caudete.org\/ayuntamiento\/#\/schema\/person\/79f7e19fdd176fc2bc7a289013dc2056","name":"ayun","image":{"@type":"ImageObject","inLanguage":"es","@id":"https:\/\/secure.gravatar.com\/avatar\/4ce797ee07c943e7e592f8cd648e503e6cd571387558ed07135799c2bd2847df?s=96&d=mm&r=g","url":"https:\/\/secure.gravatar.com\/avatar\/4ce797ee07c943e7e592f8cd648e503e6cd571387558ed07135799c2bd2847df?s=96&d=mm&r=g","contentUrl":"https:\/\/secure.gravatar.com\/avatar\/4ce797ee07c943e7e592f8cd648e503e6cd571387558ed07135799c2bd2847df?s=96&d=mm&r=g","caption":"ayun"},"sameAs":["http:\/\/www.caudete.org\/ayuntamiento"],"url":"https:\/\/www.caudete.org\/ayuntamiento\/author\/ayun\/"}]}},"_links":{"self":[{"href":"https:\/\/www.caudete.org\/ayuntamiento\/wp-json\/wp\/v2\/posts\/6043","targetHints":{"allow":["GET"]}}],"collection":[{"href":"https:\/\/www.caudete.org\/ayuntamiento\/wp-json\/wp\/v2\/posts"}],"about":[{"href":"https:\/\/www.caudete.org\/ayuntamiento\/wp-json\/wp\/v2\/types\/post"}],"author":[{"embeddable":true,"href":"https:\/\/www.caudete.org\/ayuntamiento\/wp-json\/wp\/v2\/users\/1"}],"replies":[{"embeddable":true,"href":"https:\/\/www.caudete.org\/ayuntamiento\/wp-json\/wp\/v2\/comments?post=6043"}],"version-history":[{"count":4,"href":"https:\/\/www.caudete.org\/ayuntamiento\/wp-json\/wp\/v2\/posts\/6043\/revisions"}],"predecessor-version":[{"id":9439,"href":"https:\/\/www.caudete.org\/ayuntamiento\/wp-json\/wp\/v2\/posts\/6043\/revisions\/9439"}],"wp:featuredmedia":[{"embeddable":true,"href":"https:\/\/www.caudete.org\/ayuntamiento\/wp-json\/wp\/v2\/media\/6044"}],"wp:attachment":[{"href":"https:\/\/www.caudete.org\/ayuntamiento\/wp-json\/wp\/v2\/media?parent=6043"}],"wp:term":[{"taxonomy":"category","embeddable":true,"href":"https:\/\/www.caudete.org\/ayuntamiento\/wp-json\/wp\/v2\/categories?post=6043"},{"taxonomy":"post_tag","embeddable":true,"href":"https:\/\/www.caudete.org\/ayuntamiento\/wp-json\/wp\/v2\/tags?post=6043"}],"curies":[{"name":"wp","href":"https:\/\/api.w.org\/{rel}","templated":true}]}}