{"id":6146,"date":"2020-12-03T22:15:33","date_gmt":"2020-12-03T21:15:33","guid":{"rendered":"http:\/\/www.caudete.org\/ayuntamiento\/?p=6146"},"modified":"2020-12-14T19:25:49","modified_gmt":"2020-12-14T18:25:49","slug":"video-de-conferencia-excavaciones-arqueologicas-en-caudete-2019-2020","status":"publish","type":"post","link":"https:\/\/www.caudete.org\/ayuntamiento\/video-de-conferencia-excavaciones-arqueologicas-en-caudete-2019-2020\/","title":{"rendered":"Video de conferencia &#8220;excavaciones arqueol\u00f3gicas en Caudete&#8221; 2019-2020"},"content":{"rendered":"<p style=\"text-align: justify;\">El Alcalde y Concejal de Patrimonio Hist\u00f3rico informaban la semana pasada de la Conferencia programada para el mi\u00e9rcoles 2 de diciembre a las 19:30h en la Casa de la Cultura, en la que se abordaran las Excavaciones Arqueol\u00f3gicas que se han desarrollado entre 2019 y 2020, cuyo promotor ha sido el Consistorio Caudetano, y donde el principal colaborador ha sido el Instituto de Estudios Albacetenses (IEA) &#8220;Don Juan Manuel&#8221;, por medio de las ayudas concedidas para la investigaci\u00f3n del patrimonio local.<\/p>\n<p style=\"text-align: justify;\">El Castillo de Caudete, con la reci\u00e9n finalizada 6\u00b0 Fase de actuaci\u00f3n, ser\u00e1 el segundo de los hitos a tratar en la Conferencia, en la que se explicar\u00e1n los trabajos desarrollados y los resultados obtenidos en esta fase.<\/p>\n<p style=\"text-align: justify;\">Son por tanto dos excavaciones con trascendencia en la Historia de la localidad cuyos trabajos ser\u00e1n desgranados por los Arque\u00f3logos D. Gabriel Segura y D. Daniel Azor\u00edn, quienes han estado al mando y en el terreno durante los trabajos acometidos.<\/p>\n<p style=\"text-align: justify;\">Cabe destacar que en la actuaci\u00f3n del Castillo se cont\u00f3 con la desinteresada colaboraci\u00f3n de voluntarios caudetanos, quienes quisieron tener una experiencia gratificante prestando su tiempo para llevar a cabo los trabajos.<br \/>\nDesde el Ayuntamiento invitamos a los caudetanos a asistir a este evento enriquecedor para la Historia y el conocimiento de la historia de nuestro pueblo.<\/p>\n<p><center><iframe src=\"https:\/\/www.youtube.com\/embed\/aG5h71HVjew\" width=\"560\" height=\"315\" frameborder=\"0\" allowfullscreen=\"allowfullscreen\"><\/iframe><\/center><center><\/center><center><img fetchpriority=\"high\" decoding=\"async\" class=\"aligncenter size-full wp-image-6148\" src=\"http:\/\/www.caudete.org\/ayuntamiento\/wp-content\/uploads\/2020\/12\/escavaciones-caudete2.jpg\" alt=\"\" width=\"800\" height=\"414\" srcset=\"https:\/\/www.caudete.org\/ayuntamiento\/wp-content\/uploads\/2020\/12\/escavaciones-caudete2.jpg 800w, https:\/\/www.caudete.org\/ayuntamiento\/wp-content\/uploads\/2020\/12\/escavaciones-caudete2-300x155.jpg 300w, https:\/\/www.caudete.org\/ayuntamiento\/wp-content\/uploads\/2020\/12\/escavaciones-caudete2-768x397.jpg 768w\" sizes=\"(max-width: 800px) 100vw, 800px\" \/><\/center><\/p>\n","protected":false},"excerpt":{"rendered":"<p>El Alcalde y Concejal de Patrimonio Hist\u00f3rico informaban la semana pasada de la Conferencia programada para el mi\u00e9rcoles 2 de diciembre a las 19:30h en la Casa de la Cultura, en la que se abordaran las Excavaciones Arqueol\u00f3gicas que se han desarrollado entre 2019 y 2020, cuyo promotor ha sido el Consistorio Caudetano, y donde &hellip;<\/p>\n","protected":false},"author":1,"featured_media":6147,"comment_status":"closed","ping_status":"open","sticky":false,"template":"","format":"standard","meta":{"ngg_post_thumbnail":0,"footnotes":""},"categories":[45],"tags":[],"class_list":["post-6146","post","type-post","status-publish","format-standard","has-post-thumbnail","hentry","category-patrimonio"],"yoast_head":"<!-- This site is optimized with the Yoast SEO plugin v27.5 - https:\/\/yoast.com\/product\/yoast-seo-wordpress\/ -->\n<title>Video de conferencia &quot;excavaciones arqueol\u00f3gicas en Caudete&quot; 2019-2020 - MI Ayuntamiento de Caudete<\/title>\n<meta name=\"description\" content=\"P\u00e1gina Oficial del Ayuntamiento de Caudete (Albacete)\" \/>\n<meta name=\"robots\" content=\"index, follow, max-snippet:-1, max-image-preview:large, max-video-preview:-1\" \/>\n<link rel=\"canonical\" href=\"https:\/\/www.caudete.org\/ayuntamiento\/video-de-conferencia-excavaciones-arqueologicas-en-caudete-2019-2020\/\" \/>\n<meta property=\"og:locale\" content=\"es_ES\" \/>\n<meta property=\"og:type\" content=\"article\" \/>\n<meta property=\"og:title\" content=\"Video de conferencia &quot;excavaciones arqueol\u00f3gicas en Caudete&quot; 2019-2020 - MI Ayuntamiento de Caudete\" \/>\n<meta property=\"og:description\" content=\"P\u00e1gina Oficial del Ayuntamiento de Caudete (Albacete)\" \/>\n<meta property=\"og:url\" content=\"https:\/\/www.caudete.org\/ayuntamiento\/video-de-conferencia-excavaciones-arqueologicas-en-caudete-2019-2020\/\" \/>\n<meta property=\"og:site_name\" content=\"MI Ayuntamiento de Caudete\" \/>\n<meta property=\"article:publisher\" content=\"https:\/\/www.facebook.com\/ayuntamientocaudete\/\" \/>\n<meta property=\"article:published_time\" content=\"2020-12-03T21:15:33+00:00\" \/>\n<meta property=\"article:modified_time\" content=\"2020-12-14T18:25:49+00:00\" \/>\n<meta property=\"og:image\" content=\"https:\/\/www.caudete.org\/ayuntamiento\/wp-content\/uploads\/2020\/12\/escavaciones-caudete1.jpg\" \/>\n\t<meta property=\"og:image:width\" content=\"800\" \/>\n\t<meta property=\"og:image:height\" content=\"426\" \/>\n\t<meta property=\"og:image:type\" content=\"image\/jpeg\" \/>\n<meta name=\"author\" content=\"ayun\" \/>\n<meta name=\"twitter:card\" content=\"summary_large_image\" \/>\n<meta name=\"twitter:label1\" content=\"Escrito por\" \/>\n\t<meta name=\"twitter:data1\" content=\"ayun\" \/>\n\t<meta name=\"twitter:label2\" content=\"Tiempo de lectura\" \/>\n\t<meta name=\"twitter:data2\" content=\"1 minuto\" \/>\n<script type=\"application\/ld+json\" class=\"yoast-schema-graph\">{\"@context\":\"https:\\\/\\\/schema.org\",\"@graph\":[{\"@type\":\"Article\",\"@id\":\"https:\\\/\\\/www.caudete.org\\\/ayuntamiento\\\/video-de-conferencia-excavaciones-arqueologicas-en-caudete-2019-2020\\\/#article\",\"isPartOf\":{\"@id\":\"https:\\\/\\\/www.caudete.org\\\/ayuntamiento\\\/video-de-conferencia-excavaciones-arqueologicas-en-caudete-2019-2020\\\/\"},\"author\":{\"name\":\"ayun\",\"@id\":\"https:\\\/\\\/www.caudete.org\\\/ayuntamiento\\\/#\\\/schema\\\/person\\\/79f7e19fdd176fc2bc7a289013dc2056\"},\"headline\":\"Video de conferencia &#8220;excavaciones arqueol\u00f3gicas en Caudete&#8221; 2019-2020\",\"datePublished\":\"2020-12-03T21:15:33+00:00\",\"dateModified\":\"2020-12-14T18:25:49+00:00\",\"mainEntityOfPage\":{\"@id\":\"https:\\\/\\\/www.caudete.org\\\/ayuntamiento\\\/video-de-conferencia-excavaciones-arqueologicas-en-caudete-2019-2020\\\/\"},\"wordCount\":233,\"image\":{\"@id\":\"https:\\\/\\\/www.caudete.org\\\/ayuntamiento\\\/video-de-conferencia-excavaciones-arqueologicas-en-caudete-2019-2020\\\/#primaryimage\"},\"thumbnailUrl\":\"https:\\\/\\\/www.caudete.org\\\/ayuntamiento\\\/wp-content\\\/uploads\\\/2020\\\/12\\\/escavaciones-caudete1.jpg\",\"articleSection\":[\"Patrimonio\"],\"inLanguage\":\"es\"},{\"@type\":\"WebPage\",\"@id\":\"https:\\\/\\\/www.caudete.org\\\/ayuntamiento\\\/video-de-conferencia-excavaciones-arqueologicas-en-caudete-2019-2020\\\/\",\"url\":\"https:\\\/\\\/www.caudete.org\\\/ayuntamiento\\\/video-de-conferencia-excavaciones-arqueologicas-en-caudete-2019-2020\\\/\",\"name\":\"Video de conferencia \\\"excavaciones arqueol\u00f3gicas en Caudete\\\" 2019-2020 - MI Ayuntamiento de Caudete\",\"isPartOf\":{\"@id\":\"https:\\\/\\\/www.caudete.org\\\/ayuntamiento\\\/#website\"},\"primaryImageOfPage\":{\"@id\":\"https:\\\/\\\/www.caudete.org\\\/ayuntamiento\\\/video-de-conferencia-excavaciones-arqueologicas-en-caudete-2019-2020\\\/#primaryimage\"},\"image\":{\"@id\":\"https:\\\/\\\/www.caudete.org\\\/ayuntamiento\\\/video-de-conferencia-excavaciones-arqueologicas-en-caudete-2019-2020\\\/#primaryimage\"},\"thumbnailUrl\":\"https:\\\/\\\/www.caudete.org\\\/ayuntamiento\\\/wp-content\\\/uploads\\\/2020\\\/12\\\/escavaciones-caudete1.jpg\",\"datePublished\":\"2020-12-03T21:15:33+00:00\",\"dateModified\":\"2020-12-14T18:25:49+00:00\",\"author\":{\"@id\":\"https:\\\/\\\/www.caudete.org\\\/ayuntamiento\\\/#\\\/schema\\\/person\\\/79f7e19fdd176fc2bc7a289013dc2056\"},\"description\":\"P\u00e1gina Oficial del Ayuntamiento de Caudete (Albacete)\",\"breadcrumb\":{\"@id\":\"https:\\\/\\\/www.caudete.org\\\/ayuntamiento\\\/video-de-conferencia-excavaciones-arqueologicas-en-caudete-2019-2020\\\/#breadcrumb\"},\"inLanguage\":\"es\",\"potentialAction\":[{\"@type\":\"ReadAction\",\"target\":[\"https:\\\/\\\/www.caudete.org\\\/ayuntamiento\\\/video-de-conferencia-excavaciones-arqueologicas-en-caudete-2019-2020\\\/\"]}]},{\"@type\":\"ImageObject\",\"inLanguage\":\"es\",\"@id\":\"https:\\\/\\\/www.caudete.org\\\/ayuntamiento\\\/video-de-conferencia-excavaciones-arqueologicas-en-caudete-2019-2020\\\/#primaryimage\",\"url\":\"https:\\\/\\\/www.caudete.org\\\/ayuntamiento\\\/wp-content\\\/uploads\\\/2020\\\/12\\\/escavaciones-caudete1.jpg\",\"contentUrl\":\"https:\\\/\\\/www.caudete.org\\\/ayuntamiento\\\/wp-content\\\/uploads\\\/2020\\\/12\\\/escavaciones-caudete1.jpg\",\"width\":800,\"height\":426},{\"@type\":\"BreadcrumbList\",\"@id\":\"https:\\\/\\\/www.caudete.org\\\/ayuntamiento\\\/video-de-conferencia-excavaciones-arqueologicas-en-caudete-2019-2020\\\/#breadcrumb\",\"itemListElement\":[{\"@type\":\"ListItem\",\"position\":1,\"name\":\"Inicio\",\"item\":\"https:\\\/\\\/www.caudete.org\\\/ayuntamiento\\\/\"},{\"@type\":\"ListItem\",\"position\":2,\"name\":\"Video de conferencia &#8220;excavaciones arqueol\u00f3gicas en Caudete&#8221; 2019-2020\"}]},{\"@type\":\"WebSite\",\"@id\":\"https:\\\/\\\/www.caudete.org\\\/ayuntamiento\\\/#website\",\"url\":\"https:\\\/\\\/www.caudete.org\\\/ayuntamiento\\\/\",\"name\":\"MI Ayuntamiento de Caudete\",\"description\":\"P\u00e1gina Oficial del MI Ayuntamiento de Caudete\",\"potentialAction\":[{\"@type\":\"SearchAction\",\"target\":{\"@type\":\"EntryPoint\",\"urlTemplate\":\"https:\\\/\\\/www.caudete.org\\\/ayuntamiento\\\/?s={search_term_string}\"},\"query-input\":{\"@type\":\"PropertyValueSpecification\",\"valueRequired\":true,\"valueName\":\"search_term_string\"}}],\"inLanguage\":\"es\"},{\"@type\":\"Person\",\"@id\":\"https:\\\/\\\/www.caudete.org\\\/ayuntamiento\\\/#\\\/schema\\\/person\\\/79f7e19fdd176fc2bc7a289013dc2056\",\"name\":\"ayun\",\"image\":{\"@type\":\"ImageObject\",\"inLanguage\":\"es\",\"@id\":\"https:\\\/\\\/secure.gravatar.com\\\/avatar\\\/4ce797ee07c943e7e592f8cd648e503e6cd571387558ed07135799c2bd2847df?s=96&d=mm&r=g\",\"url\":\"https:\\\/\\\/secure.gravatar.com\\\/avatar\\\/4ce797ee07c943e7e592f8cd648e503e6cd571387558ed07135799c2bd2847df?s=96&d=mm&r=g\",\"contentUrl\":\"https:\\\/\\\/secure.gravatar.com\\\/avatar\\\/4ce797ee07c943e7e592f8cd648e503e6cd571387558ed07135799c2bd2847df?s=96&d=mm&r=g\",\"caption\":\"ayun\"},\"sameAs\":[\"http:\\\/\\\/www.caudete.org\\\/ayuntamiento\"],\"url\":\"https:\\\/\\\/www.caudete.org\\\/ayuntamiento\\\/author\\\/ayun\\\/\"}]}<\/script>\n<!-- \/ Yoast SEO plugin. -->","yoast_head_json":{"title":"Video de conferencia \"excavaciones arqueol\u00f3gicas en Caudete\" 2019-2020 - MI Ayuntamiento de Caudete","description":"P\u00e1gina Oficial del Ayuntamiento de Caudete (Albacete)","robots":{"index":"index","follow":"follow","max-snippet":"max-snippet:-1","max-image-preview":"max-image-preview:large","max-video-preview":"max-video-preview:-1"},"canonical":"https:\/\/www.caudete.org\/ayuntamiento\/video-de-conferencia-excavaciones-arqueologicas-en-caudete-2019-2020\/","og_locale":"es_ES","og_type":"article","og_title":"Video de conferencia \"excavaciones arqueol\u00f3gicas en Caudete\" 2019-2020 - MI Ayuntamiento de Caudete","og_description":"P\u00e1gina Oficial del Ayuntamiento de Caudete (Albacete)","og_url":"https:\/\/www.caudete.org\/ayuntamiento\/video-de-conferencia-excavaciones-arqueologicas-en-caudete-2019-2020\/","og_site_name":"MI Ayuntamiento de Caudete","article_publisher":"https:\/\/www.facebook.com\/ayuntamientocaudete\/","article_published_time":"2020-12-03T21:15:33+00:00","article_modified_time":"2020-12-14T18:25:49+00:00","og_image":[{"width":800,"height":426,"url":"https:\/\/www.caudete.org\/ayuntamiento\/wp-content\/uploads\/2020\/12\/escavaciones-caudete1.jpg","type":"image\/jpeg"}],"author":"ayun","twitter_card":"summary_large_image","twitter_misc":{"Escrito por":"ayun","Tiempo de lectura":"1 minuto"},"schema":{"@context":"https:\/\/schema.org","@graph":[{"@type":"Article","@id":"https:\/\/www.caudete.org\/ayuntamiento\/video-de-conferencia-excavaciones-arqueologicas-en-caudete-2019-2020\/#article","isPartOf":{"@id":"https:\/\/www.caudete.org\/ayuntamiento\/video-de-conferencia-excavaciones-arqueologicas-en-caudete-2019-2020\/"},"author":{"name":"ayun","@id":"https:\/\/www.caudete.org\/ayuntamiento\/#\/schema\/person\/79f7e19fdd176fc2bc7a289013dc2056"},"headline":"Video de conferencia &#8220;excavaciones arqueol\u00f3gicas en Caudete&#8221; 2019-2020","datePublished":"2020-12-03T21:15:33+00:00","dateModified":"2020-12-14T18:25:49+00:00","mainEntityOfPage":{"@id":"https:\/\/www.caudete.org\/ayuntamiento\/video-de-conferencia-excavaciones-arqueologicas-en-caudete-2019-2020\/"},"wordCount":233,"image":{"@id":"https:\/\/www.caudete.org\/ayuntamiento\/video-de-conferencia-excavaciones-arqueologicas-en-caudete-2019-2020\/#primaryimage"},"thumbnailUrl":"https:\/\/www.caudete.org\/ayuntamiento\/wp-content\/uploads\/2020\/12\/escavaciones-caudete1.jpg","articleSection":["Patrimonio"],"inLanguage":"es"},{"@type":"WebPage","@id":"https:\/\/www.caudete.org\/ayuntamiento\/video-de-conferencia-excavaciones-arqueologicas-en-caudete-2019-2020\/","url":"https:\/\/www.caudete.org\/ayuntamiento\/video-de-conferencia-excavaciones-arqueologicas-en-caudete-2019-2020\/","name":"Video de conferencia \"excavaciones arqueol\u00f3gicas en Caudete\" 2019-2020 - MI Ayuntamiento de Caudete","isPartOf":{"@id":"https:\/\/www.caudete.org\/ayuntamiento\/#website"},"primaryImageOfPage":{"@id":"https:\/\/www.caudete.org\/ayuntamiento\/video-de-conferencia-excavaciones-arqueologicas-en-caudete-2019-2020\/#primaryimage"},"image":{"@id":"https:\/\/www.caudete.org\/ayuntamiento\/video-de-conferencia-excavaciones-arqueologicas-en-caudete-2019-2020\/#primaryimage"},"thumbnailUrl":"https:\/\/www.caudete.org\/ayuntamiento\/wp-content\/uploads\/2020\/12\/escavaciones-caudete1.jpg","datePublished":"2020-12-03T21:15:33+00:00","dateModified":"2020-12-14T18:25:49+00:00","author":{"@id":"https:\/\/www.caudete.org\/ayuntamiento\/#\/schema\/person\/79f7e19fdd176fc2bc7a289013dc2056"},"description":"P\u00e1gina Oficial del Ayuntamiento de Caudete (Albacete)","breadcrumb":{"@id":"https:\/\/www.caudete.org\/ayuntamiento\/video-de-conferencia-excavaciones-arqueologicas-en-caudete-2019-2020\/#breadcrumb"},"inLanguage":"es","potentialAction":[{"@type":"ReadAction","target":["https:\/\/www.caudete.org\/ayuntamiento\/video-de-conferencia-excavaciones-arqueologicas-en-caudete-2019-2020\/"]}]},{"@type":"ImageObject","inLanguage":"es","@id":"https:\/\/www.caudete.org\/ayuntamiento\/video-de-conferencia-excavaciones-arqueologicas-en-caudete-2019-2020\/#primaryimage","url":"https:\/\/www.caudete.org\/ayuntamiento\/wp-content\/uploads\/2020\/12\/escavaciones-caudete1.jpg","contentUrl":"https:\/\/www.caudete.org\/ayuntamiento\/wp-content\/uploads\/2020\/12\/escavaciones-caudete1.jpg","width":800,"height":426},{"@type":"BreadcrumbList","@id":"https:\/\/www.caudete.org\/ayuntamiento\/video-de-conferencia-excavaciones-arqueologicas-en-caudete-2019-2020\/#breadcrumb","itemListElement":[{"@type":"ListItem","position":1,"name":"Inicio","item":"https:\/\/www.caudete.org\/ayuntamiento\/"},{"@type":"ListItem","position":2,"name":"Video de conferencia &#8220;excavaciones arqueol\u00f3gicas en Caudete&#8221; 2019-2020"}]},{"@type":"WebSite","@id":"https:\/\/www.caudete.org\/ayuntamiento\/#website","url":"https:\/\/www.caudete.org\/ayuntamiento\/","name":"MI Ayuntamiento de Caudete","description":"P\u00e1gina Oficial del MI Ayuntamiento de Caudete","potentialAction":[{"@type":"SearchAction","target":{"@type":"EntryPoint","urlTemplate":"https:\/\/www.caudete.org\/ayuntamiento\/?s={search_term_string}"},"query-input":{"@type":"PropertyValueSpecification","valueRequired":true,"valueName":"search_term_string"}}],"inLanguage":"es"},{"@type":"Person","@id":"https:\/\/www.caudete.org\/ayuntamiento\/#\/schema\/person\/79f7e19fdd176fc2bc7a289013dc2056","name":"ayun","image":{"@type":"ImageObject","inLanguage":"es","@id":"https:\/\/secure.gravatar.com\/avatar\/4ce797ee07c943e7e592f8cd648e503e6cd571387558ed07135799c2bd2847df?s=96&d=mm&r=g","url":"https:\/\/secure.gravatar.com\/avatar\/4ce797ee07c943e7e592f8cd648e503e6cd571387558ed07135799c2bd2847df?s=96&d=mm&r=g","contentUrl":"https:\/\/secure.gravatar.com\/avatar\/4ce797ee07c943e7e592f8cd648e503e6cd571387558ed07135799c2bd2847df?s=96&d=mm&r=g","caption":"ayun"},"sameAs":["http:\/\/www.caudete.org\/ayuntamiento"],"url":"https:\/\/www.caudete.org\/ayuntamiento\/author\/ayun\/"}]}},"_links":{"self":[{"href":"https:\/\/www.caudete.org\/ayuntamiento\/wp-json\/wp\/v2\/posts\/6146","targetHints":{"allow":["GET"]}}],"collection":[{"href":"https:\/\/www.caudete.org\/ayuntamiento\/wp-json\/wp\/v2\/posts"}],"about":[{"href":"https:\/\/www.caudete.org\/ayuntamiento\/wp-json\/wp\/v2\/types\/post"}],"author":[{"embeddable":true,"href":"https:\/\/www.caudete.org\/ayuntamiento\/wp-json\/wp\/v2\/users\/1"}],"replies":[{"embeddable":true,"href":"https:\/\/www.caudete.org\/ayuntamiento\/wp-json\/wp\/v2\/comments?post=6146"}],"version-history":[{"count":3,"href":"https:\/\/www.caudete.org\/ayuntamiento\/wp-json\/wp\/v2\/posts\/6146\/revisions"}],"predecessor-version":[{"id":9431,"href":"https:\/\/www.caudete.org\/ayuntamiento\/wp-json\/wp\/v2\/posts\/6146\/revisions\/9431"}],"wp:featuredmedia":[{"embeddable":true,"href":"https:\/\/www.caudete.org\/ayuntamiento\/wp-json\/wp\/v2\/media\/6147"}],"wp:attachment":[{"href":"https:\/\/www.caudete.org\/ayuntamiento\/wp-json\/wp\/v2\/media?parent=6146"}],"wp:term":[{"taxonomy":"category","embeddable":true,"href":"https:\/\/www.caudete.org\/ayuntamiento\/wp-json\/wp\/v2\/categories?post=6146"},{"taxonomy":"post_tag","embeddable":true,"href":"https:\/\/www.caudete.org\/ayuntamiento\/wp-json\/wp\/v2\/tags?post=6146"}],"curies":[{"name":"wp","href":"https:\/\/api.w.org\/{rel}","templated":true}]}}