{"id":6313,"date":"2020-12-04T19:12:35","date_gmt":"2020-12-04T18:12:35","guid":{"rendered":"http:\/\/www.caudete.org\/ayuntamiento\/?p=6313"},"modified":"2020-12-14T19:24:17","modified_gmt":"2020-12-14T18:24:17","slug":"ultimo-dia-para-presentar-tmf-tfg-al-premio-conde-de-san-carlos","status":"publish","type":"post","link":"https:\/\/www.caudete.org\/ayuntamiento\/ultimo-dia-para-presentar-tmf-tfg-al-premio-conde-de-san-carlos\/","title":{"rendered":"\u00daltimo dia para presentar TMF\/TFG al premio &#8220;Conde de san Carlos&#8221;"},"content":{"rendered":"<p style=\"text-align: justify;\">Hoy viernes 4 de Diciembre finaliza el plazo establecido para presentar trabajos con los que optar a la I Edici\u00f3n de los PREMIOS &#8220;CONDE DE SAN CARLOS&#8221; que el Ayuntamiento de Caudete por medio de la Concejal\u00eda de Educaci\u00f3n ha impulsado, proyecto enfocado a los estudiantes universitarios reci\u00e9n titulados o en puertas de estarlo.<\/p>\n<p style=\"text-align: justify;\">El objetivo de la convocatoria es premiar la excelencia acad\u00e9mica de aquellos trabajos acad\u00e9micos universitarios en sus diferentes vertientes de TRABAJO DE FIN DE M\u00c1STER (en adelante, TFM) o TRABAJO DE FIN DE GRADO (en adelante, TFG), que bien traten exclusivamente sobre la localidad o aspectos de ella, o bien integren a la localidad en el \u00e1mbito de estudio del trabajo presentado. As\u00ed mismo, trata de poner en valor la innovaci\u00f3n y emprendimiento para promover nuestro municipio como laboratorio urbano en el que poner en pr\u00e1ctica los conocimientos acad\u00e9micos adquiridos en los estudios universitarios.<\/p>\n<p style=\"text-align: justify;\">Con este premio se pretende, adem\u00e1s, fomentar e incentivar el estudio local dentro del \u00e1mbito acad\u00e9mico as\u00ed como difundir el conocimiento entre la ciudadan\u00eda con fines pedag\u00f3gicos y cultural.<\/p>\n<p style=\"text-align: justify;\">El trabajo presentado tendr\u00e1 que tener una valoraci\u00f3n del Tribunal de la Universidad correspondiente igual o superior a 8.00 sobre 10.00, y se valorar\u00e1n los criterios siguientes:<\/p>\n<p style=\"text-align: justify;\">-\u00c1mbito de estudio (local o agrupado).<\/p>\n<p style=\"text-align: justify;\">-Aplicabilidad de los trabajos al territorio de Caudete.<\/p>\n<p style=\"text-align: justify;\">-Exclusividad y aporte de conocimiento.<\/p>\n<p style=\"text-align: justify;\">-Originalidad del trabajo.<\/p>\n<p style=\"text-align: justify;\">-Relevancia de los resultados.<\/p>\n<p style=\"text-align: justify;\">-Calificaci\u00f3n otorgada por la Universidad.<\/p>\n<p style=\"text-align: justify;\">Se establecen dos categor\u00edas, con un Premio \u00fanico por cada uno de ellos:<\/p>\n<p style=\"text-align: justify;\">a) PREMIO TFM (Trabajo Final de M\u00e1ster) dotado con 400 \u20ac y galard\u00f3n conmemorativo.<\/p>\n<p style=\"text-align: justify;\">b) PREMIO TFG (Trabajo Final de Grado) dotado con 300 \u20ac y galard\u00f3n conmemorativo.<\/p>\n<p><img fetchpriority=\"high\" decoding=\"async\" class=\"aligncenter size-full wp-image-6314\" src=\"http:\/\/www.caudete.org\/ayuntamiento\/wp-content\/uploads\/2020\/12\/sancarlos.jpg\" alt=\"\" width=\"264\" height=\"515\" srcset=\"https:\/\/www.caudete.org\/ayuntamiento\/wp-content\/uploads\/2020\/12\/sancarlos.jpg 264w, https:\/\/www.caudete.org\/ayuntamiento\/wp-content\/uploads\/2020\/12\/sancarlos-154x300.jpg 154w\" sizes=\"(max-width: 264px) 100vw, 264px\" \/><\/p>\n","protected":false},"excerpt":{"rendered":"<p>Hoy viernes 4 de Diciembre finaliza el plazo establecido para presentar trabajos con los que optar a la I Edici\u00f3n de los PREMIOS &#8220;CONDE DE SAN CARLOS&#8221; que el Ayuntamiento de Caudete por medio de la Concejal\u00eda de Educaci\u00f3n ha impulsado, proyecto enfocado a los estudiantes universitarios reci\u00e9n titulados o en puertas de estarlo. El &hellip;<\/p>\n","protected":false},"author":1,"featured_media":6314,"comment_status":"closed","ping_status":"open","sticky":false,"template":"","format":"standard","meta":{"ngg_post_thumbnail":0,"footnotes":""},"categories":[20],"tags":[],"class_list":["post-6313","post","type-post","status-publish","format-standard","has-post-thumbnail","hentry","category-ayuntamiento"],"yoast_head":"<!-- This site is optimized with the Yoast SEO plugin v27.5 - https:\/\/yoast.com\/product\/yoast-seo-wordpress\/ -->\n<title>\u00daltimo dia para presentar TMF\/TFG al premio &quot;Conde de san Carlos&quot; - MI Ayuntamiento de Caudete<\/title>\n<meta name=\"description\" content=\"P\u00e1gina Oficial del Ayuntamiento de Caudete (Albacete)\" \/>\n<meta name=\"robots\" content=\"index, follow, max-snippet:-1, max-image-preview:large, max-video-preview:-1\" \/>\n<link rel=\"canonical\" href=\"https:\/\/www.caudete.org\/ayuntamiento\/ultimo-dia-para-presentar-tmf-tfg-al-premio-conde-de-san-carlos\/\" \/>\n<meta property=\"og:locale\" content=\"es_ES\" \/>\n<meta property=\"og:type\" content=\"article\" \/>\n<meta property=\"og:title\" content=\"\u00daltimo dia para presentar TMF\/TFG al premio &quot;Conde de san Carlos&quot; - MI Ayuntamiento de Caudete\" \/>\n<meta property=\"og:description\" content=\"P\u00e1gina Oficial del Ayuntamiento de Caudete (Albacete)\" \/>\n<meta property=\"og:url\" content=\"https:\/\/www.caudete.org\/ayuntamiento\/ultimo-dia-para-presentar-tmf-tfg-al-premio-conde-de-san-carlos\/\" \/>\n<meta property=\"og:site_name\" content=\"MI Ayuntamiento de Caudete\" \/>\n<meta property=\"article:publisher\" content=\"https:\/\/www.facebook.com\/ayuntamientocaudete\/\" \/>\n<meta property=\"article:published_time\" content=\"2020-12-04T18:12:35+00:00\" \/>\n<meta property=\"article:modified_time\" content=\"2020-12-14T18:24:17+00:00\" \/>\n<meta property=\"og:image\" content=\"https:\/\/www.caudete.org\/ayuntamiento\/wp-content\/uploads\/2020\/12\/sancarlos.jpg\" \/>\n\t<meta property=\"og:image:width\" content=\"264\" \/>\n\t<meta property=\"og:image:height\" content=\"515\" \/>\n\t<meta property=\"og:image:type\" content=\"image\/jpeg\" \/>\n<meta name=\"author\" content=\"ayun\" \/>\n<meta name=\"twitter:card\" content=\"summary_large_image\" \/>\n<meta name=\"twitter:label1\" content=\"Escrito por\" \/>\n\t<meta name=\"twitter:data1\" content=\"ayun\" \/>\n\t<meta name=\"twitter:label2\" content=\"Tiempo de lectura\" \/>\n\t<meta name=\"twitter:data2\" content=\"1 minuto\" \/>\n<script type=\"application\/ld+json\" class=\"yoast-schema-graph\">{\"@context\":\"https:\\\/\\\/schema.org\",\"@graph\":[{\"@type\":\"Article\",\"@id\":\"https:\\\/\\\/www.caudete.org\\\/ayuntamiento\\\/ultimo-dia-para-presentar-tmf-tfg-al-premio-conde-de-san-carlos\\\/#article\",\"isPartOf\":{\"@id\":\"https:\\\/\\\/www.caudete.org\\\/ayuntamiento\\\/ultimo-dia-para-presentar-tmf-tfg-al-premio-conde-de-san-carlos\\\/\"},\"author\":{\"name\":\"ayun\",\"@id\":\"https:\\\/\\\/www.caudete.org\\\/ayuntamiento\\\/#\\\/schema\\\/person\\\/79f7e19fdd176fc2bc7a289013dc2056\"},\"headline\":\"\u00daltimo dia para presentar TMF\\\/TFG al premio &#8220;Conde de san Carlos&#8221;\",\"datePublished\":\"2020-12-04T18:12:35+00:00\",\"dateModified\":\"2020-12-14T18:24:17+00:00\",\"mainEntityOfPage\":{\"@id\":\"https:\\\/\\\/www.caudete.org\\\/ayuntamiento\\\/ultimo-dia-para-presentar-tmf-tfg-al-premio-conde-de-san-carlos\\\/\"},\"wordCount\":303,\"image\":{\"@id\":\"https:\\\/\\\/www.caudete.org\\\/ayuntamiento\\\/ultimo-dia-para-presentar-tmf-tfg-al-premio-conde-de-san-carlos\\\/#primaryimage\"},\"thumbnailUrl\":\"https:\\\/\\\/www.caudete.org\\\/ayuntamiento\\\/wp-content\\\/uploads\\\/2020\\\/12\\\/sancarlos.jpg\",\"articleSection\":[\"Ayuntamiento\"],\"inLanguage\":\"es\"},{\"@type\":\"WebPage\",\"@id\":\"https:\\\/\\\/www.caudete.org\\\/ayuntamiento\\\/ultimo-dia-para-presentar-tmf-tfg-al-premio-conde-de-san-carlos\\\/\",\"url\":\"https:\\\/\\\/www.caudete.org\\\/ayuntamiento\\\/ultimo-dia-para-presentar-tmf-tfg-al-premio-conde-de-san-carlos\\\/\",\"name\":\"\u00daltimo dia para presentar TMF\\\/TFG al premio \\\"Conde de san Carlos\\\" - MI Ayuntamiento de Caudete\",\"isPartOf\":{\"@id\":\"https:\\\/\\\/www.caudete.org\\\/ayuntamiento\\\/#website\"},\"primaryImageOfPage\":{\"@id\":\"https:\\\/\\\/www.caudete.org\\\/ayuntamiento\\\/ultimo-dia-para-presentar-tmf-tfg-al-premio-conde-de-san-carlos\\\/#primaryimage\"},\"image\":{\"@id\":\"https:\\\/\\\/www.caudete.org\\\/ayuntamiento\\\/ultimo-dia-para-presentar-tmf-tfg-al-premio-conde-de-san-carlos\\\/#primaryimage\"},\"thumbnailUrl\":\"https:\\\/\\\/www.caudete.org\\\/ayuntamiento\\\/wp-content\\\/uploads\\\/2020\\\/12\\\/sancarlos.jpg\",\"datePublished\":\"2020-12-04T18:12:35+00:00\",\"dateModified\":\"2020-12-14T18:24:17+00:00\",\"author\":{\"@id\":\"https:\\\/\\\/www.caudete.org\\\/ayuntamiento\\\/#\\\/schema\\\/person\\\/79f7e19fdd176fc2bc7a289013dc2056\"},\"description\":\"P\u00e1gina Oficial del Ayuntamiento de Caudete (Albacete)\",\"breadcrumb\":{\"@id\":\"https:\\\/\\\/www.caudete.org\\\/ayuntamiento\\\/ultimo-dia-para-presentar-tmf-tfg-al-premio-conde-de-san-carlos\\\/#breadcrumb\"},\"inLanguage\":\"es\",\"potentialAction\":[{\"@type\":\"ReadAction\",\"target\":[\"https:\\\/\\\/www.caudete.org\\\/ayuntamiento\\\/ultimo-dia-para-presentar-tmf-tfg-al-premio-conde-de-san-carlos\\\/\"]}]},{\"@type\":\"ImageObject\",\"inLanguage\":\"es\",\"@id\":\"https:\\\/\\\/www.caudete.org\\\/ayuntamiento\\\/ultimo-dia-para-presentar-tmf-tfg-al-premio-conde-de-san-carlos\\\/#primaryimage\",\"url\":\"https:\\\/\\\/www.caudete.org\\\/ayuntamiento\\\/wp-content\\\/uploads\\\/2020\\\/12\\\/sancarlos.jpg\",\"contentUrl\":\"https:\\\/\\\/www.caudete.org\\\/ayuntamiento\\\/wp-content\\\/uploads\\\/2020\\\/12\\\/sancarlos.jpg\",\"width\":264,\"height\":515},{\"@type\":\"BreadcrumbList\",\"@id\":\"https:\\\/\\\/www.caudete.org\\\/ayuntamiento\\\/ultimo-dia-para-presentar-tmf-tfg-al-premio-conde-de-san-carlos\\\/#breadcrumb\",\"itemListElement\":[{\"@type\":\"ListItem\",\"position\":1,\"name\":\"Inicio\",\"item\":\"https:\\\/\\\/www.caudete.org\\\/ayuntamiento\\\/\"},{\"@type\":\"ListItem\",\"position\":2,\"name\":\"\u00daltimo dia para presentar TMF\\\/TFG al premio &#8220;Conde de san Carlos&#8221;\"}]},{\"@type\":\"WebSite\",\"@id\":\"https:\\\/\\\/www.caudete.org\\\/ayuntamiento\\\/#website\",\"url\":\"https:\\\/\\\/www.caudete.org\\\/ayuntamiento\\\/\",\"name\":\"MI Ayuntamiento de Caudete\",\"description\":\"P\u00e1gina Oficial del MI Ayuntamiento de Caudete\",\"potentialAction\":[{\"@type\":\"SearchAction\",\"target\":{\"@type\":\"EntryPoint\",\"urlTemplate\":\"https:\\\/\\\/www.caudete.org\\\/ayuntamiento\\\/?s={search_term_string}\"},\"query-input\":{\"@type\":\"PropertyValueSpecification\",\"valueRequired\":true,\"valueName\":\"search_term_string\"}}],\"inLanguage\":\"es\"},{\"@type\":\"Person\",\"@id\":\"https:\\\/\\\/www.caudete.org\\\/ayuntamiento\\\/#\\\/schema\\\/person\\\/79f7e19fdd176fc2bc7a289013dc2056\",\"name\":\"ayun\",\"image\":{\"@type\":\"ImageObject\",\"inLanguage\":\"es\",\"@id\":\"https:\\\/\\\/secure.gravatar.com\\\/avatar\\\/4ce797ee07c943e7e592f8cd648e503e6cd571387558ed07135799c2bd2847df?s=96&d=mm&r=g\",\"url\":\"https:\\\/\\\/secure.gravatar.com\\\/avatar\\\/4ce797ee07c943e7e592f8cd648e503e6cd571387558ed07135799c2bd2847df?s=96&d=mm&r=g\",\"contentUrl\":\"https:\\\/\\\/secure.gravatar.com\\\/avatar\\\/4ce797ee07c943e7e592f8cd648e503e6cd571387558ed07135799c2bd2847df?s=96&d=mm&r=g\",\"caption\":\"ayun\"},\"sameAs\":[\"http:\\\/\\\/www.caudete.org\\\/ayuntamiento\"],\"url\":\"https:\\\/\\\/www.caudete.org\\\/ayuntamiento\\\/author\\\/ayun\\\/\"}]}<\/script>\n<!-- \/ Yoast SEO plugin. -->","yoast_head_json":{"title":"\u00daltimo dia para presentar TMF\/TFG al premio \"Conde de san Carlos\" - MI Ayuntamiento de Caudete","description":"P\u00e1gina Oficial del Ayuntamiento de Caudete (Albacete)","robots":{"index":"index","follow":"follow","max-snippet":"max-snippet:-1","max-image-preview":"max-image-preview:large","max-video-preview":"max-video-preview:-1"},"canonical":"https:\/\/www.caudete.org\/ayuntamiento\/ultimo-dia-para-presentar-tmf-tfg-al-premio-conde-de-san-carlos\/","og_locale":"es_ES","og_type":"article","og_title":"\u00daltimo dia para presentar TMF\/TFG al premio \"Conde de san Carlos\" - MI Ayuntamiento de Caudete","og_description":"P\u00e1gina Oficial del Ayuntamiento de Caudete (Albacete)","og_url":"https:\/\/www.caudete.org\/ayuntamiento\/ultimo-dia-para-presentar-tmf-tfg-al-premio-conde-de-san-carlos\/","og_site_name":"MI Ayuntamiento de Caudete","article_publisher":"https:\/\/www.facebook.com\/ayuntamientocaudete\/","article_published_time":"2020-12-04T18:12:35+00:00","article_modified_time":"2020-12-14T18:24:17+00:00","og_image":[{"width":264,"height":515,"url":"https:\/\/www.caudete.org\/ayuntamiento\/wp-content\/uploads\/2020\/12\/sancarlos.jpg","type":"image\/jpeg"}],"author":"ayun","twitter_card":"summary_large_image","twitter_misc":{"Escrito por":"ayun","Tiempo de lectura":"1 minuto"},"schema":{"@context":"https:\/\/schema.org","@graph":[{"@type":"Article","@id":"https:\/\/www.caudete.org\/ayuntamiento\/ultimo-dia-para-presentar-tmf-tfg-al-premio-conde-de-san-carlos\/#article","isPartOf":{"@id":"https:\/\/www.caudete.org\/ayuntamiento\/ultimo-dia-para-presentar-tmf-tfg-al-premio-conde-de-san-carlos\/"},"author":{"name":"ayun","@id":"https:\/\/www.caudete.org\/ayuntamiento\/#\/schema\/person\/79f7e19fdd176fc2bc7a289013dc2056"},"headline":"\u00daltimo dia para presentar TMF\/TFG al premio &#8220;Conde de san Carlos&#8221;","datePublished":"2020-12-04T18:12:35+00:00","dateModified":"2020-12-14T18:24:17+00:00","mainEntityOfPage":{"@id":"https:\/\/www.caudete.org\/ayuntamiento\/ultimo-dia-para-presentar-tmf-tfg-al-premio-conde-de-san-carlos\/"},"wordCount":303,"image":{"@id":"https:\/\/www.caudete.org\/ayuntamiento\/ultimo-dia-para-presentar-tmf-tfg-al-premio-conde-de-san-carlos\/#primaryimage"},"thumbnailUrl":"https:\/\/www.caudete.org\/ayuntamiento\/wp-content\/uploads\/2020\/12\/sancarlos.jpg","articleSection":["Ayuntamiento"],"inLanguage":"es"},{"@type":"WebPage","@id":"https:\/\/www.caudete.org\/ayuntamiento\/ultimo-dia-para-presentar-tmf-tfg-al-premio-conde-de-san-carlos\/","url":"https:\/\/www.caudete.org\/ayuntamiento\/ultimo-dia-para-presentar-tmf-tfg-al-premio-conde-de-san-carlos\/","name":"\u00daltimo dia para presentar TMF\/TFG al premio \"Conde de san Carlos\" - MI Ayuntamiento de Caudete","isPartOf":{"@id":"https:\/\/www.caudete.org\/ayuntamiento\/#website"},"primaryImageOfPage":{"@id":"https:\/\/www.caudete.org\/ayuntamiento\/ultimo-dia-para-presentar-tmf-tfg-al-premio-conde-de-san-carlos\/#primaryimage"},"image":{"@id":"https:\/\/www.caudete.org\/ayuntamiento\/ultimo-dia-para-presentar-tmf-tfg-al-premio-conde-de-san-carlos\/#primaryimage"},"thumbnailUrl":"https:\/\/www.caudete.org\/ayuntamiento\/wp-content\/uploads\/2020\/12\/sancarlos.jpg","datePublished":"2020-12-04T18:12:35+00:00","dateModified":"2020-12-14T18:24:17+00:00","author":{"@id":"https:\/\/www.caudete.org\/ayuntamiento\/#\/schema\/person\/79f7e19fdd176fc2bc7a289013dc2056"},"description":"P\u00e1gina Oficial del Ayuntamiento de Caudete (Albacete)","breadcrumb":{"@id":"https:\/\/www.caudete.org\/ayuntamiento\/ultimo-dia-para-presentar-tmf-tfg-al-premio-conde-de-san-carlos\/#breadcrumb"},"inLanguage":"es","potentialAction":[{"@type":"ReadAction","target":["https:\/\/www.caudete.org\/ayuntamiento\/ultimo-dia-para-presentar-tmf-tfg-al-premio-conde-de-san-carlos\/"]}]},{"@type":"ImageObject","inLanguage":"es","@id":"https:\/\/www.caudete.org\/ayuntamiento\/ultimo-dia-para-presentar-tmf-tfg-al-premio-conde-de-san-carlos\/#primaryimage","url":"https:\/\/www.caudete.org\/ayuntamiento\/wp-content\/uploads\/2020\/12\/sancarlos.jpg","contentUrl":"https:\/\/www.caudete.org\/ayuntamiento\/wp-content\/uploads\/2020\/12\/sancarlos.jpg","width":264,"height":515},{"@type":"BreadcrumbList","@id":"https:\/\/www.caudete.org\/ayuntamiento\/ultimo-dia-para-presentar-tmf-tfg-al-premio-conde-de-san-carlos\/#breadcrumb","itemListElement":[{"@type":"ListItem","position":1,"name":"Inicio","item":"https:\/\/www.caudete.org\/ayuntamiento\/"},{"@type":"ListItem","position":2,"name":"\u00daltimo dia para presentar TMF\/TFG al premio &#8220;Conde de san Carlos&#8221;"}]},{"@type":"WebSite","@id":"https:\/\/www.caudete.org\/ayuntamiento\/#website","url":"https:\/\/www.caudete.org\/ayuntamiento\/","name":"MI Ayuntamiento de Caudete","description":"P\u00e1gina Oficial del MI Ayuntamiento de Caudete","potentialAction":[{"@type":"SearchAction","target":{"@type":"EntryPoint","urlTemplate":"https:\/\/www.caudete.org\/ayuntamiento\/?s={search_term_string}"},"query-input":{"@type":"PropertyValueSpecification","valueRequired":true,"valueName":"search_term_string"}}],"inLanguage":"es"},{"@type":"Person","@id":"https:\/\/www.caudete.org\/ayuntamiento\/#\/schema\/person\/79f7e19fdd176fc2bc7a289013dc2056","name":"ayun","image":{"@type":"ImageObject","inLanguage":"es","@id":"https:\/\/secure.gravatar.com\/avatar\/4ce797ee07c943e7e592f8cd648e503e6cd571387558ed07135799c2bd2847df?s=96&d=mm&r=g","url":"https:\/\/secure.gravatar.com\/avatar\/4ce797ee07c943e7e592f8cd648e503e6cd571387558ed07135799c2bd2847df?s=96&d=mm&r=g","contentUrl":"https:\/\/secure.gravatar.com\/avatar\/4ce797ee07c943e7e592f8cd648e503e6cd571387558ed07135799c2bd2847df?s=96&d=mm&r=g","caption":"ayun"},"sameAs":["http:\/\/www.caudete.org\/ayuntamiento"],"url":"https:\/\/www.caudete.org\/ayuntamiento\/author\/ayun\/"}]}},"_links":{"self":[{"href":"https:\/\/www.caudete.org\/ayuntamiento\/wp-json\/wp\/v2\/posts\/6313","targetHints":{"allow":["GET"]}}],"collection":[{"href":"https:\/\/www.caudete.org\/ayuntamiento\/wp-json\/wp\/v2\/posts"}],"about":[{"href":"https:\/\/www.caudete.org\/ayuntamiento\/wp-json\/wp\/v2\/types\/post"}],"author":[{"embeddable":true,"href":"https:\/\/www.caudete.org\/ayuntamiento\/wp-json\/wp\/v2\/users\/1"}],"replies":[{"embeddable":true,"href":"https:\/\/www.caudete.org\/ayuntamiento\/wp-json\/wp\/v2\/comments?post=6313"}],"version-history":[{"count":3,"href":"https:\/\/www.caudete.org\/ayuntamiento\/wp-json\/wp\/v2\/posts\/6313\/revisions"}],"predecessor-version":[{"id":9428,"href":"https:\/\/www.caudete.org\/ayuntamiento\/wp-json\/wp\/v2\/posts\/6313\/revisions\/9428"}],"wp:featuredmedia":[{"embeddable":true,"href":"https:\/\/www.caudete.org\/ayuntamiento\/wp-json\/wp\/v2\/media\/6314"}],"wp:attachment":[{"href":"https:\/\/www.caudete.org\/ayuntamiento\/wp-json\/wp\/v2\/media?parent=6313"}],"wp:term":[{"taxonomy":"category","embeddable":true,"href":"https:\/\/www.caudete.org\/ayuntamiento\/wp-json\/wp\/v2\/categories?post=6313"},{"taxonomy":"post_tag","embeddable":true,"href":"https:\/\/www.caudete.org\/ayuntamiento\/wp-json\/wp\/v2\/tags?post=6313"}],"curies":[{"name":"wp","href":"https:\/\/api.w.org\/{rel}","templated":true}]}}