{"id":6321,"date":"2020-12-04T19:24:33","date_gmt":"2020-12-04T18:24:33","guid":{"rendered":"http:\/\/www.caudete.org\/ayuntamiento\/?p=6321"},"modified":"2020-12-14T19:23:02","modified_gmt":"2020-12-14T18:23:02","slug":"70-contenedores-marrones-aporta-a-caudete-la-diputacion","status":"publish","type":"post","link":"https:\/\/www.caudete.org\/ayuntamiento\/70-contenedores-marrones-aporta-a-caudete-la-diputacion\/","title":{"rendered":"70 contenedores marrones aporta a Caudete la diputaci\u00f3n"},"content":{"rendered":"<p style=\"text-align: justify;\">La Diputaci\u00f3n ha provisto a Caudete, a trav\u00e9s del Consorcio de Medio Ambiente, de 70 contenedores marrones destinados a la recogida de biorresiduos.<\/p>\n<p style=\"text-align: justify;\">En la reciente visita efectuada a Caudete por parte del Presidente de la Diputaci\u00f3n, Santiago Caba\u00f1ero, y de la Vicepresidenta 2\u00b0 y responsable del Consorcio Provincial de Medio Ambiente ha permitido conocer m\u00e1s detalles sobre el proyecto que est\u00e1 preparando el Ayuntamiento de Caudete para implementar la instalaci\u00f3n del \u2018quinto contenedor\u2019 o \u2018contenedor marr\u00f3n\u2019.<\/p>\n<p style=\"text-align: justify;\">La actuaci\u00f3n, que comenzar\u00e1 a desarrollarse formalmente desde el pr\u00f3ximo 1 de enero supondr\u00e1 la entrega a cada una de las viviendas y los comercios de Caudete de una llave especial que permite la apertura de este recipiente, evitando as\u00ed el dep\u00f3sito de residuos impropios en los tanques de recogida de la fracci\u00f3n org\u00e1nica.<\/p>\n<p style=\"text-align: justify;\">Para su desarrollo, el Ayuntamiento cuenta con 94 contenedores, 70 de ellos suministrados por la Diputaci\u00f3n, por medio del Consorcio de Medio Ambiente.<\/p>\n<p style=\"text-align: justify;\">Adem\u00e1s, y con el objetivo de concienciar a la poblaci\u00f3n sobre la importancia de esta recogida selectiva, desde el Consistorio caudetano tambi\u00e9n se ha desarrollado una campa\u00f1a informativa que, a trav\u00e9s del buzoneo, permitir\u00e1 la llegada a todas las viviendas de la localidad un im\u00e1n de nevera en el que aparecer\u00e1 impresa la informaci\u00f3n del uso de los contenedores, facilitando as\u00ed el \u00e1gil acceso a la misma al conjunto de la poblaci\u00f3n de Caudete.<\/p>\n<p style=\"text-align: justify;\">A esto se suma la creaci\u00f3n de un c\u00f3digo QR espec\u00edfico que dirigir\u00e1 a los vecinos y a las vecinas que lo consulten a una Plataforma donde habr\u00e1 informaci\u00f3n peri\u00f3dica relacionada con la recogida de residuos.<\/p>\n<p style=\"text-align: justify;\">Cabe recordar que las localidades con m\u00e1s de 5.000 habitantes deben, antes del 31 de diciembre de 2021, dar cumplimiento a la normativa establecida en la Estrategia de Gesti\u00f3n de Biorresiduos de Castilla-La Mancha que mandata que, antes de finales de 2021, esos municipios deben recoger de forma separada los residuos org\u00e1nicos de origen dom\u00e9stico que hasta la fecha se depositan en el contenedor \u2018resto\u2019 (y que deben hacerlo con un ratio de 1 de estos dep\u00f3sitos por cada 150 habitantes).<\/p>\n<p style=\"text-align: justify;\">Por ello, y con el \u00fanico deseo de ayudar a que esos Ayuntamientos puedan respuesta a dicha normativa, la Diputaci\u00f3n (a trav\u00e9s del Consorcio) ha acometido la compra de 1.021 contenedores de este tipo que han supuesto la inversi\u00f3n de 140.760\u20ac (el 80% aportado con fondos FEDER y el 20% restante, por el propio Consorcio de Medio Ambiente), sin ning\u00fan tipo de coste para los Consistorios.<\/p>\n<p style=\"text-align: justify;\">120 de estos contenedores, con capacidad para 800 litros y carga trasera, se instalar\u00e1n en La Roda; 210, en Hell\u00edn; 170, en Villarrobledo; 160, en Almansa; 70 en Caudete y en Tobarra; y 50 en Tarazona de la Mancha.<\/p>\n<p style=\"text-align: justify;\">Estos 70 contenedores con los que la instituci\u00f3n provincial ha querido ayudar a Caudete (cumpliendo el ratio 1\/150, para una poblaci\u00f3n de en torno a 9.963 habitantes) ya se encuentran en la localidad, y han supuesto una inversi\u00f3n de 7.182,48\u20ac.<\/p>\nngg_shortcode_0_placeholder\n","protected":false},"excerpt":{"rendered":"<p>La Diputaci\u00f3n ha provisto a Caudete, a trav\u00e9s del Consorcio de Medio Ambiente, de 70 contenedores marrones destinados a la recogida de biorresiduos. En la reciente visita efectuada a Caudete por parte del Presidente de la Diputaci\u00f3n, Santiago Caba\u00f1ero, y de la Vicepresidenta 2\u00b0 y responsable del Consorcio Provincial de Medio Ambiente ha permitido conocer &hellip;<\/p>\n","protected":false},"author":1,"featured_media":6329,"comment_status":"closed","ping_status":"open","sticky":false,"template":"","format":"standard","meta":{"ngg_post_thumbnail":0,"footnotes":""},"categories":[20],"tags":[],"class_list":["post-6321","post","type-post","status-publish","format-standard","has-post-thumbnail","hentry","category-ayuntamiento"],"yoast_head":"<!-- This site is optimized with the Yoast SEO plugin v27.5 - https:\/\/yoast.com\/product\/yoast-seo-wordpress\/ -->\n<title>70 contenedores marrones aporta a Caudete la diputaci\u00f3n - MI Ayuntamiento de Caudete<\/title>\n<meta name=\"description\" content=\"P\u00e1gina Oficial del Ayuntamiento de Caudete (Albacete)\" \/>\n<meta name=\"robots\" content=\"index, follow, max-snippet:-1, max-image-preview:large, max-video-preview:-1\" \/>\n<link rel=\"canonical\" href=\"https:\/\/www.caudete.org\/ayuntamiento\/70-contenedores-marrones-aporta-a-caudete-la-diputacion\/\" \/>\n<meta property=\"og:locale\" content=\"es_ES\" \/>\n<meta property=\"og:type\" content=\"article\" \/>\n<meta property=\"og:title\" content=\"70 contenedores marrones aporta a Caudete la diputaci\u00f3n - MI Ayuntamiento de Caudete\" \/>\n<meta property=\"og:description\" content=\"P\u00e1gina Oficial del Ayuntamiento de Caudete (Albacete)\" \/>\n<meta property=\"og:url\" content=\"https:\/\/www.caudete.org\/ayuntamiento\/70-contenedores-marrones-aporta-a-caudete-la-diputacion\/\" \/>\n<meta property=\"og:site_name\" content=\"MI Ayuntamiento de Caudete\" \/>\n<meta property=\"article:publisher\" content=\"https:\/\/www.facebook.com\/ayuntamientocaudete\/\" \/>\n<meta property=\"article:published_time\" content=\"2020-12-04T18:24:33+00:00\" \/>\n<meta property=\"article:modified_time\" content=\"2020-12-14T18:23:02+00:00\" \/>\n<meta property=\"og:image\" content=\"https:\/\/www.caudete.org\/ayuntamiento\/wp-content\/uploads\/2020\/12\/cont1.jpg\" \/>\n\t<meta property=\"og:image:width\" content=\"800\" \/>\n\t<meta property=\"og:image:height\" content=\"533\" \/>\n\t<meta property=\"og:image:type\" content=\"image\/jpeg\" \/>\n<meta name=\"author\" content=\"ayun\" \/>\n<meta name=\"twitter:card\" content=\"summary_large_image\" \/>\n<meta name=\"twitter:label1\" content=\"Escrito por\" \/>\n\t<meta name=\"twitter:data1\" content=\"ayun\" \/>\n\t<meta name=\"twitter:label2\" content=\"Tiempo de lectura\" \/>\n\t<meta name=\"twitter:data2\" content=\"3 minutos\" \/>\n<script type=\"application\/ld+json\" class=\"yoast-schema-graph\">{\"@context\":\"https:\\\/\\\/schema.org\",\"@graph\":[{\"@type\":\"Article\",\"@id\":\"https:\\\/\\\/www.caudete.org\\\/ayuntamiento\\\/70-contenedores-marrones-aporta-a-caudete-la-diputacion\\\/#article\",\"isPartOf\":{\"@id\":\"https:\\\/\\\/www.caudete.org\\\/ayuntamiento\\\/70-contenedores-marrones-aporta-a-caudete-la-diputacion\\\/\"},\"author\":{\"name\":\"ayun\",\"@id\":\"https:\\\/\\\/www.caudete.org\\\/ayuntamiento\\\/#\\\/schema\\\/person\\\/79f7e19fdd176fc2bc7a289013dc2056\"},\"headline\":\"70 contenedores marrones aporta a Caudete la diputaci\u00f3n\",\"datePublished\":\"2020-12-04T18:24:33+00:00\",\"dateModified\":\"2020-12-14T18:23:02+00:00\",\"mainEntityOfPage\":{\"@id\":\"https:\\\/\\\/www.caudete.org\\\/ayuntamiento\\\/70-contenedores-marrones-aporta-a-caudete-la-diputacion\\\/\"},\"wordCount\":521,\"image\":{\"@id\":\"https:\\\/\\\/www.caudete.org\\\/ayuntamiento\\\/70-contenedores-marrones-aporta-a-caudete-la-diputacion\\\/#primaryimage\"},\"thumbnailUrl\":\"https:\\\/\\\/www.caudete.org\\\/ayuntamiento\\\/wp-content\\\/uploads\\\/2020\\\/12\\\/cont1.jpg\",\"articleSection\":[\"Ayuntamiento\"],\"inLanguage\":\"es\"},{\"@type\":\"WebPage\",\"@id\":\"https:\\\/\\\/www.caudete.org\\\/ayuntamiento\\\/70-contenedores-marrones-aporta-a-caudete-la-diputacion\\\/\",\"url\":\"https:\\\/\\\/www.caudete.org\\\/ayuntamiento\\\/70-contenedores-marrones-aporta-a-caudete-la-diputacion\\\/\",\"name\":\"70 contenedores marrones aporta a Caudete la diputaci\u00f3n - MI Ayuntamiento de Caudete\",\"isPartOf\":{\"@id\":\"https:\\\/\\\/www.caudete.org\\\/ayuntamiento\\\/#website\"},\"primaryImageOfPage\":{\"@id\":\"https:\\\/\\\/www.caudete.org\\\/ayuntamiento\\\/70-contenedores-marrones-aporta-a-caudete-la-diputacion\\\/#primaryimage\"},\"image\":{\"@id\":\"https:\\\/\\\/www.caudete.org\\\/ayuntamiento\\\/70-contenedores-marrones-aporta-a-caudete-la-diputacion\\\/#primaryimage\"},\"thumbnailUrl\":\"https:\\\/\\\/www.caudete.org\\\/ayuntamiento\\\/wp-content\\\/uploads\\\/2020\\\/12\\\/cont1.jpg\",\"datePublished\":\"2020-12-04T18:24:33+00:00\",\"dateModified\":\"2020-12-14T18:23:02+00:00\",\"author\":{\"@id\":\"https:\\\/\\\/www.caudete.org\\\/ayuntamiento\\\/#\\\/schema\\\/person\\\/79f7e19fdd176fc2bc7a289013dc2056\"},\"description\":\"P\u00e1gina Oficial del Ayuntamiento de Caudete (Albacete)\",\"breadcrumb\":{\"@id\":\"https:\\\/\\\/www.caudete.org\\\/ayuntamiento\\\/70-contenedores-marrones-aporta-a-caudete-la-diputacion\\\/#breadcrumb\"},\"inLanguage\":\"es\",\"potentialAction\":[{\"@type\":\"ReadAction\",\"target\":[\"https:\\\/\\\/www.caudete.org\\\/ayuntamiento\\\/70-contenedores-marrones-aporta-a-caudete-la-diputacion\\\/\"]}]},{\"@type\":\"ImageObject\",\"inLanguage\":\"es\",\"@id\":\"https:\\\/\\\/www.caudete.org\\\/ayuntamiento\\\/70-contenedores-marrones-aporta-a-caudete-la-diputacion\\\/#primaryimage\",\"url\":\"https:\\\/\\\/www.caudete.org\\\/ayuntamiento\\\/wp-content\\\/uploads\\\/2020\\\/12\\\/cont1.jpg\",\"contentUrl\":\"https:\\\/\\\/www.caudete.org\\\/ayuntamiento\\\/wp-content\\\/uploads\\\/2020\\\/12\\\/cont1.jpg\",\"width\":800,\"height\":533},{\"@type\":\"BreadcrumbList\",\"@id\":\"https:\\\/\\\/www.caudete.org\\\/ayuntamiento\\\/70-contenedores-marrones-aporta-a-caudete-la-diputacion\\\/#breadcrumb\",\"itemListElement\":[{\"@type\":\"ListItem\",\"position\":1,\"name\":\"Inicio\",\"item\":\"https:\\\/\\\/www.caudete.org\\\/ayuntamiento\\\/\"},{\"@type\":\"ListItem\",\"position\":2,\"name\":\"70 contenedores marrones aporta a Caudete la diputaci\u00f3n\"}]},{\"@type\":\"WebSite\",\"@id\":\"https:\\\/\\\/www.caudete.org\\\/ayuntamiento\\\/#website\",\"url\":\"https:\\\/\\\/www.caudete.org\\\/ayuntamiento\\\/\",\"name\":\"MI Ayuntamiento de Caudete\",\"description\":\"P\u00e1gina Oficial del MI Ayuntamiento de Caudete\",\"potentialAction\":[{\"@type\":\"SearchAction\",\"target\":{\"@type\":\"EntryPoint\",\"urlTemplate\":\"https:\\\/\\\/www.caudete.org\\\/ayuntamiento\\\/?s={search_term_string}\"},\"query-input\":{\"@type\":\"PropertyValueSpecification\",\"valueRequired\":true,\"valueName\":\"search_term_string\"}}],\"inLanguage\":\"es\"},{\"@type\":\"Person\",\"@id\":\"https:\\\/\\\/www.caudete.org\\\/ayuntamiento\\\/#\\\/schema\\\/person\\\/79f7e19fdd176fc2bc7a289013dc2056\",\"name\":\"ayun\",\"image\":{\"@type\":\"ImageObject\",\"inLanguage\":\"es\",\"@id\":\"https:\\\/\\\/secure.gravatar.com\\\/avatar\\\/4ce797ee07c943e7e592f8cd648e503e6cd571387558ed07135799c2bd2847df?s=96&d=mm&r=g\",\"url\":\"https:\\\/\\\/secure.gravatar.com\\\/avatar\\\/4ce797ee07c943e7e592f8cd648e503e6cd571387558ed07135799c2bd2847df?s=96&d=mm&r=g\",\"contentUrl\":\"https:\\\/\\\/secure.gravatar.com\\\/avatar\\\/4ce797ee07c943e7e592f8cd648e503e6cd571387558ed07135799c2bd2847df?s=96&d=mm&r=g\",\"caption\":\"ayun\"},\"sameAs\":[\"http:\\\/\\\/www.caudete.org\\\/ayuntamiento\"],\"url\":\"https:\\\/\\\/www.caudete.org\\\/ayuntamiento\\\/author\\\/ayun\\\/\"}]}<\/script>\n<!-- \/ Yoast SEO plugin. -->","yoast_head_json":{"title":"70 contenedores marrones aporta a Caudete la diputaci\u00f3n - MI Ayuntamiento de Caudete","description":"P\u00e1gina Oficial del Ayuntamiento de Caudete (Albacete)","robots":{"index":"index","follow":"follow","max-snippet":"max-snippet:-1","max-image-preview":"max-image-preview:large","max-video-preview":"max-video-preview:-1"},"canonical":"https:\/\/www.caudete.org\/ayuntamiento\/70-contenedores-marrones-aporta-a-caudete-la-diputacion\/","og_locale":"es_ES","og_type":"article","og_title":"70 contenedores marrones aporta a Caudete la diputaci\u00f3n - MI Ayuntamiento de Caudete","og_description":"P\u00e1gina Oficial del Ayuntamiento de Caudete (Albacete)","og_url":"https:\/\/www.caudete.org\/ayuntamiento\/70-contenedores-marrones-aporta-a-caudete-la-diputacion\/","og_site_name":"MI Ayuntamiento de Caudete","article_publisher":"https:\/\/www.facebook.com\/ayuntamientocaudete\/","article_published_time":"2020-12-04T18:24:33+00:00","article_modified_time":"2020-12-14T18:23:02+00:00","og_image":[{"width":800,"height":533,"url":"https:\/\/www.caudete.org\/ayuntamiento\/wp-content\/uploads\/2020\/12\/cont1.jpg","type":"image\/jpeg"}],"author":"ayun","twitter_card":"summary_large_image","twitter_misc":{"Escrito por":"ayun","Tiempo de lectura":"3 minutos"},"schema":{"@context":"https:\/\/schema.org","@graph":[{"@type":"Article","@id":"https:\/\/www.caudete.org\/ayuntamiento\/70-contenedores-marrones-aporta-a-caudete-la-diputacion\/#article","isPartOf":{"@id":"https:\/\/www.caudete.org\/ayuntamiento\/70-contenedores-marrones-aporta-a-caudete-la-diputacion\/"},"author":{"name":"ayun","@id":"https:\/\/www.caudete.org\/ayuntamiento\/#\/schema\/person\/79f7e19fdd176fc2bc7a289013dc2056"},"headline":"70 contenedores marrones aporta a Caudete la diputaci\u00f3n","datePublished":"2020-12-04T18:24:33+00:00","dateModified":"2020-12-14T18:23:02+00:00","mainEntityOfPage":{"@id":"https:\/\/www.caudete.org\/ayuntamiento\/70-contenedores-marrones-aporta-a-caudete-la-diputacion\/"},"wordCount":521,"image":{"@id":"https:\/\/www.caudete.org\/ayuntamiento\/70-contenedores-marrones-aporta-a-caudete-la-diputacion\/#primaryimage"},"thumbnailUrl":"https:\/\/www.caudete.org\/ayuntamiento\/wp-content\/uploads\/2020\/12\/cont1.jpg","articleSection":["Ayuntamiento"],"inLanguage":"es"},{"@type":"WebPage","@id":"https:\/\/www.caudete.org\/ayuntamiento\/70-contenedores-marrones-aporta-a-caudete-la-diputacion\/","url":"https:\/\/www.caudete.org\/ayuntamiento\/70-contenedores-marrones-aporta-a-caudete-la-diputacion\/","name":"70 contenedores marrones aporta a Caudete la diputaci\u00f3n - MI Ayuntamiento de Caudete","isPartOf":{"@id":"https:\/\/www.caudete.org\/ayuntamiento\/#website"},"primaryImageOfPage":{"@id":"https:\/\/www.caudete.org\/ayuntamiento\/70-contenedores-marrones-aporta-a-caudete-la-diputacion\/#primaryimage"},"image":{"@id":"https:\/\/www.caudete.org\/ayuntamiento\/70-contenedores-marrones-aporta-a-caudete-la-diputacion\/#primaryimage"},"thumbnailUrl":"https:\/\/www.caudete.org\/ayuntamiento\/wp-content\/uploads\/2020\/12\/cont1.jpg","datePublished":"2020-12-04T18:24:33+00:00","dateModified":"2020-12-14T18:23:02+00:00","author":{"@id":"https:\/\/www.caudete.org\/ayuntamiento\/#\/schema\/person\/79f7e19fdd176fc2bc7a289013dc2056"},"description":"P\u00e1gina Oficial del Ayuntamiento de Caudete (Albacete)","breadcrumb":{"@id":"https:\/\/www.caudete.org\/ayuntamiento\/70-contenedores-marrones-aporta-a-caudete-la-diputacion\/#breadcrumb"},"inLanguage":"es","potentialAction":[{"@type":"ReadAction","target":["https:\/\/www.caudete.org\/ayuntamiento\/70-contenedores-marrones-aporta-a-caudete-la-diputacion\/"]}]},{"@type":"ImageObject","inLanguage":"es","@id":"https:\/\/www.caudete.org\/ayuntamiento\/70-contenedores-marrones-aporta-a-caudete-la-diputacion\/#primaryimage","url":"https:\/\/www.caudete.org\/ayuntamiento\/wp-content\/uploads\/2020\/12\/cont1.jpg","contentUrl":"https:\/\/www.caudete.org\/ayuntamiento\/wp-content\/uploads\/2020\/12\/cont1.jpg","width":800,"height":533},{"@type":"BreadcrumbList","@id":"https:\/\/www.caudete.org\/ayuntamiento\/70-contenedores-marrones-aporta-a-caudete-la-diputacion\/#breadcrumb","itemListElement":[{"@type":"ListItem","position":1,"name":"Inicio","item":"https:\/\/www.caudete.org\/ayuntamiento\/"},{"@type":"ListItem","position":2,"name":"70 contenedores marrones aporta a Caudete la diputaci\u00f3n"}]},{"@type":"WebSite","@id":"https:\/\/www.caudete.org\/ayuntamiento\/#website","url":"https:\/\/www.caudete.org\/ayuntamiento\/","name":"MI Ayuntamiento de Caudete","description":"P\u00e1gina Oficial del MI Ayuntamiento de Caudete","potentialAction":[{"@type":"SearchAction","target":{"@type":"EntryPoint","urlTemplate":"https:\/\/www.caudete.org\/ayuntamiento\/?s={search_term_string}"},"query-input":{"@type":"PropertyValueSpecification","valueRequired":true,"valueName":"search_term_string"}}],"inLanguage":"es"},{"@type":"Person","@id":"https:\/\/www.caudete.org\/ayuntamiento\/#\/schema\/person\/79f7e19fdd176fc2bc7a289013dc2056","name":"ayun","image":{"@type":"ImageObject","inLanguage":"es","@id":"https:\/\/secure.gravatar.com\/avatar\/4ce797ee07c943e7e592f8cd648e503e6cd571387558ed07135799c2bd2847df?s=96&d=mm&r=g","url":"https:\/\/secure.gravatar.com\/avatar\/4ce797ee07c943e7e592f8cd648e503e6cd571387558ed07135799c2bd2847df?s=96&d=mm&r=g","contentUrl":"https:\/\/secure.gravatar.com\/avatar\/4ce797ee07c943e7e592f8cd648e503e6cd571387558ed07135799c2bd2847df?s=96&d=mm&r=g","caption":"ayun"},"sameAs":["http:\/\/www.caudete.org\/ayuntamiento"],"url":"https:\/\/www.caudete.org\/ayuntamiento\/author\/ayun\/"}]}},"_links":{"self":[{"href":"https:\/\/www.caudete.org\/ayuntamiento\/wp-json\/wp\/v2\/posts\/6321","targetHints":{"allow":["GET"]}}],"collection":[{"href":"https:\/\/www.caudete.org\/ayuntamiento\/wp-json\/wp\/v2\/posts"}],"about":[{"href":"https:\/\/www.caudete.org\/ayuntamiento\/wp-json\/wp\/v2\/types\/post"}],"author":[{"embeddable":true,"href":"https:\/\/www.caudete.org\/ayuntamiento\/wp-json\/wp\/v2\/users\/1"}],"replies":[{"embeddable":true,"href":"https:\/\/www.caudete.org\/ayuntamiento\/wp-json\/wp\/v2\/comments?post=6321"}],"version-history":[{"count":5,"href":"https:\/\/www.caudete.org\/ayuntamiento\/wp-json\/wp\/v2\/posts\/6321\/revisions"}],"predecessor-version":[{"id":9427,"href":"https:\/\/www.caudete.org\/ayuntamiento\/wp-json\/wp\/v2\/posts\/6321\/revisions\/9427"}],"wp:featuredmedia":[{"embeddable":true,"href":"https:\/\/www.caudete.org\/ayuntamiento\/wp-json\/wp\/v2\/media\/6329"}],"wp:attachment":[{"href":"https:\/\/www.caudete.org\/ayuntamiento\/wp-json\/wp\/v2\/media?parent=6321"}],"wp:term":[{"taxonomy":"category","embeddable":true,"href":"https:\/\/www.caudete.org\/ayuntamiento\/wp-json\/wp\/v2\/categories?post=6321"},{"taxonomy":"post_tag","embeddable":true,"href":"https:\/\/www.caudete.org\/ayuntamiento\/wp-json\/wp\/v2\/tags?post=6321"}],"curies":[{"name":"wp","href":"https:\/\/api.w.org\/{rel}","templated":true}]}}