{"id":6522,"date":"2018-11-22T20:16:14","date_gmt":"2018-11-22T19:16:14","guid":{"rendered":"http:\/\/www.caudete.org\/ayuntamiento\/?p=6522"},"modified":"2020-12-15T14:12:59","modified_gmt":"2020-12-15T13:12:59","slug":"subvencion-plan-de-garantia-juvenil-las-solicitudes-se-podran-presentar-desde-el-3-al-14-de-septiembre-de-2018","status":"publish","type":"post","link":"https:\/\/www.caudete.org\/ayuntamiento\/subvencion-plan-de-garantia-juvenil-las-solicitudes-se-podran-presentar-desde-el-3-al-14-de-septiembre-de-2018\/","title":{"rendered":"SUBVENCION PLAN DE GARANTIA JUVENIL. Las solicitudes se podr\u00e1n presentar desde el 3 al 14 de septiembre de 2018"},"content":{"rendered":"<p style=\"text-align: justify;\">Convocadas desde la Direcci\u00f3n General de Programas de Empleo de la Consejer\u00eda de Econom\u00eda, Empresas y Empleo de la JCCM, las subvenciones para financiar proyectos para el empleo de personas jovenes cualificadas inscritas en el Sistema de Garant\u00eda Juvenil, con cofinanciaci\u00f3n del Programa Operativo de Empleo Juvenil.<\/p>\n<p style=\"text-align: justify;\">Los beneficiarios podr\u00e1n ser entidades locales de Castilla- La Mancha; empresas, ya sean&nbsp; personas f\u00edsicas&nbsp; o jur\u00eddicas, sociedades laborales o cooperativas, comunidades de bienes y sociedades civiles; as\u00ed como entidades sin animo de lucro.<\/p>\n<p style=\"text-align: justify;\">El objeto de esta convocatoria es otorgar un incentivo a la contrataci\u00f3n&nbsp; para mejorar la empleabilidad de las personas jovenes cualificadas inscritas en el el Sistema de Garant\u00eda Nacional Juvenil.<\/p>\n<p style=\"text-align: justify;\">Estas subvenciones tienen la finalidad de ofrecer a personas jovenes la oportunidad de adquirir experiencia profesional, facilitando su inserci\u00f3n laboral y empleabilidad.<\/p>\n<p style=\"text-align: justify;\">La subvenci\u00f3n ser\u00e1 de 10,000\u20ac por cada contrato temporal de doce meses de duraci\u00f3n formalizado, que reuna las condiciones establecidas en las bases reguladoras publicadas en la <strong>Orden 131\/2018 de 3 de agosto (<u>DOCM&nbsp; N\u00fam. 157 de 10 de agosto<\/u>) y en la Resoluci\u00f3n de&nbsp; convocatoria de 28 de agosto (<u>DOCM N\u00fam. 171 de 31 de agosto)<\/u>.<\/strong><\/p>\n<p style=\"text-align: justify;\">Las personas participantes deber\u00e1n estar inscritas como beneficiarias en el Sistema Nacional de garant\u00eda Juvenil y estar en posesi\u00f3n de t\u00edtulo universitario, o de formaci\u00f3n profesional de grado medio o superior, o t\u00edtulos oficialmente reconocidos como equivalentes; o de certificado de profesionalidad.&nbsp; &nbsp; &nbsp; &nbsp;&nbsp;<\/p>\n<p style=\"text-align: justify;\"><strong>Las solicitudes se podr\u00e1n presentar desde el 3 al 14 de septiembre de 2018.<\/strong><\/p>\n<p style=\"text-align: justify;\"><strong>Lugar de presentaci\u00f3n:<\/strong>Por v\u00eda telem\u00e1tica, cumplimentando el formulario correspondiente en la sede electr\u00f3nica <a href=\"http:\/\/www.jccm.es\/\" target=\"_blank\" rel=\"nofollow\">www.jccm.es<\/a><\/p>\n<p style=\"text-align: justify;\">Para m\u00e1s informaci\u00f3n: Oficina de la Agencia de Desarrollo Local de Caudete. Tel. 965827000 Ext. 306.<\/p>\n","protected":false},"excerpt":{"rendered":"<p>Convocadas desde la Direcci\u00f3n General de Programas de Empleo de la Consejer\u00eda de Econom\u00eda, Empresas y Empleo de la JCCM, las subvenciones para financiar proyectos para el empleo de personas jovenes cualificadas inscritas en el Sistema de Garant\u00eda Juvenil, con cofinanciaci\u00f3n del Programa Operativo de Empleo Juvenil. Los beneficiarios podr\u00e1n ser entidades locales de Castilla- &hellip;<\/p>\n","protected":false},"author":1,"featured_media":6523,"comment_status":"closed","ping_status":"open","sticky":false,"template":"","format":"standard","meta":{"ngg_post_thumbnail":0,"footnotes":""},"categories":[90],"tags":[],"class_list":["post-6522","post","type-post","status-publish","format-standard","has-post-thumbnail","hentry","category-tablon-informativo-desarrollo-local"],"yoast_head":"<!-- This site is optimized with the Yoast SEO plugin v27.4 - https:\/\/yoast.com\/product\/yoast-seo-wordpress\/ -->\n<title>SUBVENCION PLAN DE GARANTIA JUVENIL. Las solicitudes se podr\u00e1n presentar desde el 3 al 14 de septiembre de 2018 - MI Ayuntamiento de Caudete<\/title>\n<meta name=\"description\" content=\"P\u00e1gina Oficial del Ayuntamiento de Caudete (Albacete)\" \/>\n<meta name=\"robots\" content=\"index, follow, max-snippet:-1, max-image-preview:large, max-video-preview:-1\" \/>\n<link rel=\"canonical\" href=\"https:\/\/www.caudete.org\/ayuntamiento\/subvencion-plan-de-garantia-juvenil-las-solicitudes-se-podran-presentar-desde-el-3-al-14-de-septiembre-de-2018\/\" \/>\n<meta property=\"og:locale\" content=\"es_ES\" \/>\n<meta property=\"og:type\" content=\"article\" \/>\n<meta property=\"og:title\" content=\"SUBVENCION PLAN DE GARANTIA JUVENIL. Las solicitudes se podr\u00e1n presentar desde el 3 al 14 de septiembre de 2018 - MI Ayuntamiento de Caudete\" \/>\n<meta property=\"og:description\" content=\"P\u00e1gina Oficial del Ayuntamiento de Caudete (Albacete)\" \/>\n<meta property=\"og:url\" content=\"https:\/\/www.caudete.org\/ayuntamiento\/subvencion-plan-de-garantia-juvenil-las-solicitudes-se-podran-presentar-desde-el-3-al-14-de-septiembre-de-2018\/\" \/>\n<meta property=\"og:site_name\" content=\"MI Ayuntamiento de Caudete\" \/>\n<meta property=\"article:publisher\" content=\"https:\/\/www.facebook.com\/ayuntamientocaudete\/\" \/>\n<meta property=\"article:published_time\" content=\"2018-11-22T19:16:14+00:00\" \/>\n<meta property=\"article:modified_time\" content=\"2020-12-15T13:12:59+00:00\" \/>\n<meta property=\"og:image\" content=\"https:\/\/www.caudete.org\/ayuntamiento\/wp-content\/uploads\/2020\/12\/garantiajuvenil.jpg\" \/>\n\t<meta property=\"og:image:width\" content=\"800\" \/>\n\t<meta property=\"og:image:height\" content=\"400\" \/>\n\t<meta property=\"og:image:type\" content=\"image\/jpeg\" \/>\n<meta name=\"author\" content=\"ayun\" \/>\n<meta name=\"twitter:card\" content=\"summary_large_image\" \/>\n<meta name=\"twitter:label1\" content=\"Escrito por\" \/>\n\t<meta name=\"twitter:data1\" content=\"ayun\" \/>\n\t<meta name=\"twitter:label2\" content=\"Tiempo de lectura\" \/>\n\t<meta name=\"twitter:data2\" content=\"2 minutos\" \/>\n<script type=\"application\/ld+json\" class=\"yoast-schema-graph\">{\"@context\":\"https:\\\/\\\/schema.org\",\"@graph\":[{\"@type\":\"Article\",\"@id\":\"https:\\\/\\\/www.caudete.org\\\/ayuntamiento\\\/subvencion-plan-de-garantia-juvenil-las-solicitudes-se-podran-presentar-desde-el-3-al-14-de-septiembre-de-2018\\\/#article\",\"isPartOf\":{\"@id\":\"https:\\\/\\\/www.caudete.org\\\/ayuntamiento\\\/subvencion-plan-de-garantia-juvenil-las-solicitudes-se-podran-presentar-desde-el-3-al-14-de-septiembre-de-2018\\\/\"},\"author\":{\"name\":\"ayun\",\"@id\":\"https:\\\/\\\/www.caudete.org\\\/ayuntamiento\\\/#\\\/schema\\\/person\\\/79f7e19fdd176fc2bc7a289013dc2056\"},\"headline\":\"SUBVENCION PLAN DE GARANTIA JUVENIL. Las solicitudes se podr\u00e1n presentar desde el 3 al 14 de septiembre de 2018\",\"datePublished\":\"2018-11-22T19:16:14+00:00\",\"dateModified\":\"2020-12-15T13:12:59+00:00\",\"mainEntityOfPage\":{\"@id\":\"https:\\\/\\\/www.caudete.org\\\/ayuntamiento\\\/subvencion-plan-de-garantia-juvenil-las-solicitudes-se-podran-presentar-desde-el-3-al-14-de-septiembre-de-2018\\\/\"},\"wordCount\":322,\"publisher\":{\"@id\":\"https:\\\/\\\/www.caudete.org\\\/ayuntamiento\\\/#organization\"},\"image\":{\"@id\":\"https:\\\/\\\/www.caudete.org\\\/ayuntamiento\\\/subvencion-plan-de-garantia-juvenil-las-solicitudes-se-podran-presentar-desde-el-3-al-14-de-septiembre-de-2018\\\/#primaryimage\"},\"thumbnailUrl\":\"https:\\\/\\\/www.caudete.org\\\/ayuntamiento\\\/wp-content\\\/uploads\\\/2020\\\/12\\\/garantiajuvenil.jpg\",\"articleSection\":[\"Tabl\u00f3n informativo (Desarrollo local)\"],\"inLanguage\":\"es\"},{\"@type\":\"WebPage\",\"@id\":\"https:\\\/\\\/www.caudete.org\\\/ayuntamiento\\\/subvencion-plan-de-garantia-juvenil-las-solicitudes-se-podran-presentar-desde-el-3-al-14-de-septiembre-de-2018\\\/\",\"url\":\"https:\\\/\\\/www.caudete.org\\\/ayuntamiento\\\/subvencion-plan-de-garantia-juvenil-las-solicitudes-se-podran-presentar-desde-el-3-al-14-de-septiembre-de-2018\\\/\",\"name\":\"SUBVENCION PLAN DE GARANTIA JUVENIL. Las solicitudes se podr\u00e1n presentar desde el 3 al 14 de septiembre de 2018 - MI Ayuntamiento de Caudete\",\"isPartOf\":{\"@id\":\"https:\\\/\\\/www.caudete.org\\\/ayuntamiento\\\/#website\"},\"primaryImageOfPage\":{\"@id\":\"https:\\\/\\\/www.caudete.org\\\/ayuntamiento\\\/subvencion-plan-de-garantia-juvenil-las-solicitudes-se-podran-presentar-desde-el-3-al-14-de-septiembre-de-2018\\\/#primaryimage\"},\"image\":{\"@id\":\"https:\\\/\\\/www.caudete.org\\\/ayuntamiento\\\/subvencion-plan-de-garantia-juvenil-las-solicitudes-se-podran-presentar-desde-el-3-al-14-de-septiembre-de-2018\\\/#primaryimage\"},\"thumbnailUrl\":\"https:\\\/\\\/www.caudete.org\\\/ayuntamiento\\\/wp-content\\\/uploads\\\/2020\\\/12\\\/garantiajuvenil.jpg\",\"datePublished\":\"2018-11-22T19:16:14+00:00\",\"dateModified\":\"2020-12-15T13:12:59+00:00\",\"description\":\"P\u00e1gina Oficial del Ayuntamiento de Caudete (Albacete)\",\"breadcrumb\":{\"@id\":\"https:\\\/\\\/www.caudete.org\\\/ayuntamiento\\\/subvencion-plan-de-garantia-juvenil-las-solicitudes-se-podran-presentar-desde-el-3-al-14-de-septiembre-de-2018\\\/#breadcrumb\"},\"inLanguage\":\"es\",\"potentialAction\":[{\"@type\":\"ReadAction\",\"target\":[\"https:\\\/\\\/www.caudete.org\\\/ayuntamiento\\\/subvencion-plan-de-garantia-juvenil-las-solicitudes-se-podran-presentar-desde-el-3-al-14-de-septiembre-de-2018\\\/\"]}]},{\"@type\":\"ImageObject\",\"inLanguage\":\"es\",\"@id\":\"https:\\\/\\\/www.caudete.org\\\/ayuntamiento\\\/subvencion-plan-de-garantia-juvenil-las-solicitudes-se-podran-presentar-desde-el-3-al-14-de-septiembre-de-2018\\\/#primaryimage\",\"url\":\"https:\\\/\\\/www.caudete.org\\\/ayuntamiento\\\/wp-content\\\/uploads\\\/2020\\\/12\\\/garantiajuvenil.jpg\",\"contentUrl\":\"https:\\\/\\\/www.caudete.org\\\/ayuntamiento\\\/wp-content\\\/uploads\\\/2020\\\/12\\\/garantiajuvenil.jpg\",\"width\":800,\"height\":400},{\"@type\":\"BreadcrumbList\",\"@id\":\"https:\\\/\\\/www.caudete.org\\\/ayuntamiento\\\/subvencion-plan-de-garantia-juvenil-las-solicitudes-se-podran-presentar-desde-el-3-al-14-de-septiembre-de-2018\\\/#breadcrumb\",\"itemListElement\":[{\"@type\":\"ListItem\",\"position\":1,\"name\":\"Inicio\",\"item\":\"https:\\\/\\\/www.caudete.org\\\/ayuntamiento\\\/\"},{\"@type\":\"ListItem\",\"position\":2,\"name\":\"SUBVENCION PLAN DE GARANTIA JUVENIL. Las solicitudes se podr\u00e1n presentar desde el 3 al 14 de septiembre de 2018\"}]},{\"@type\":\"WebSite\",\"@id\":\"https:\\\/\\\/www.caudete.org\\\/ayuntamiento\\\/#website\",\"url\":\"https:\\\/\\\/www.caudete.org\\\/ayuntamiento\\\/\",\"name\":\"MI Ayuntamiento de Caudete\",\"description\":\"P\u00e1gina Oficial del MI Ayuntamiento de Caudete\",\"publisher\":{\"@id\":\"https:\\\/\\\/www.caudete.org\\\/ayuntamiento\\\/#organization\"},\"potentialAction\":[{\"@type\":\"SearchAction\",\"target\":{\"@type\":\"EntryPoint\",\"urlTemplate\":\"https:\\\/\\\/www.caudete.org\\\/ayuntamiento\\\/?s={search_term_string}\"},\"query-input\":{\"@type\":\"PropertyValueSpecification\",\"valueRequired\":true,\"valueName\":\"search_term_string\"}}],\"inLanguage\":\"es\"},{\"@type\":\"Organization\",\"@id\":\"https:\\\/\\\/www.caudete.org\\\/ayuntamiento\\\/#organization\",\"name\":\"Ayuntamiento de Caudete\",\"url\":\"https:\\\/\\\/www.caudete.org\\\/ayuntamiento\\\/\",\"logo\":{\"@type\":\"ImageObject\",\"inLanguage\":\"es\",\"@id\":\"https:\\\/\\\/www.caudete.org\\\/ayuntamiento\\\/#\\\/schema\\\/logo\\\/image\\\/\",\"url\":\"https:\\\/\\\/www.caudete.org\\\/ayuntamiento\\\/wp-content\\\/uploads\\\/2020\\\/11\\\/logo_ayuntamiento_caudete.jpg\",\"contentUrl\":\"https:\\\/\\\/www.caudete.org\\\/ayuntamiento\\\/wp-content\\\/uploads\\\/2020\\\/11\\\/logo_ayuntamiento_caudete.jpg\",\"width\":600,\"height\":150,\"caption\":\"Ayuntamiento de Caudete\"},\"image\":{\"@id\":\"https:\\\/\\\/www.caudete.org\\\/ayuntamiento\\\/#\\\/schema\\\/logo\\\/image\\\/\"},\"sameAs\":[\"https:\\\/\\\/www.facebook.com\\\/ayuntamientocaudete\\\/\",\"https:\\\/\\\/www.youtube.com\\\/channel\\\/UC6VztHaooNsGpw-tNoBEFnQ\"]},{\"@type\":\"Person\",\"@id\":\"https:\\\/\\\/www.caudete.org\\\/ayuntamiento\\\/#\\\/schema\\\/person\\\/79f7e19fdd176fc2bc7a289013dc2056\",\"name\":\"ayun\",\"image\":{\"@type\":\"ImageObject\",\"inLanguage\":\"es\",\"@id\":\"https:\\\/\\\/secure.gravatar.com\\\/avatar\\\/4ce797ee07c943e7e592f8cd648e503e6cd571387558ed07135799c2bd2847df?s=96&d=mm&r=g\",\"url\":\"https:\\\/\\\/secure.gravatar.com\\\/avatar\\\/4ce797ee07c943e7e592f8cd648e503e6cd571387558ed07135799c2bd2847df?s=96&d=mm&r=g\",\"contentUrl\":\"https:\\\/\\\/secure.gravatar.com\\\/avatar\\\/4ce797ee07c943e7e592f8cd648e503e6cd571387558ed07135799c2bd2847df?s=96&d=mm&r=g\",\"caption\":\"ayun\"},\"sameAs\":[\"http:\\\/\\\/www.caudete.org\\\/ayuntamiento\"],\"url\":\"https:\\\/\\\/www.caudete.org\\\/ayuntamiento\\\/author\\\/ayun\\\/\"}]}<\/script>\n<!-- \/ Yoast SEO plugin. -->","yoast_head_json":{"title":"SUBVENCION PLAN DE GARANTIA JUVENIL. Las solicitudes se podr\u00e1n presentar desde el 3 al 14 de septiembre de 2018 - MI Ayuntamiento de Caudete","description":"P\u00e1gina Oficial del Ayuntamiento de Caudete (Albacete)","robots":{"index":"index","follow":"follow","max-snippet":"max-snippet:-1","max-image-preview":"max-image-preview:large","max-video-preview":"max-video-preview:-1"},"canonical":"https:\/\/www.caudete.org\/ayuntamiento\/subvencion-plan-de-garantia-juvenil-las-solicitudes-se-podran-presentar-desde-el-3-al-14-de-septiembre-de-2018\/","og_locale":"es_ES","og_type":"article","og_title":"SUBVENCION PLAN DE GARANTIA JUVENIL. Las solicitudes se podr\u00e1n presentar desde el 3 al 14 de septiembre de 2018 - MI Ayuntamiento de Caudete","og_description":"P\u00e1gina Oficial del Ayuntamiento de Caudete (Albacete)","og_url":"https:\/\/www.caudete.org\/ayuntamiento\/subvencion-plan-de-garantia-juvenil-las-solicitudes-se-podran-presentar-desde-el-3-al-14-de-septiembre-de-2018\/","og_site_name":"MI Ayuntamiento de Caudete","article_publisher":"https:\/\/www.facebook.com\/ayuntamientocaudete\/","article_published_time":"2018-11-22T19:16:14+00:00","article_modified_time":"2020-12-15T13:12:59+00:00","og_image":[{"width":800,"height":400,"url":"https:\/\/www.caudete.org\/ayuntamiento\/wp-content\/uploads\/2020\/12\/garantiajuvenil.jpg","type":"image\/jpeg"}],"author":"ayun","twitter_card":"summary_large_image","twitter_misc":{"Escrito por":"ayun","Tiempo de lectura":"2 minutos"},"schema":{"@context":"https:\/\/schema.org","@graph":[{"@type":"Article","@id":"https:\/\/www.caudete.org\/ayuntamiento\/subvencion-plan-de-garantia-juvenil-las-solicitudes-se-podran-presentar-desde-el-3-al-14-de-septiembre-de-2018\/#article","isPartOf":{"@id":"https:\/\/www.caudete.org\/ayuntamiento\/subvencion-plan-de-garantia-juvenil-las-solicitudes-se-podran-presentar-desde-el-3-al-14-de-septiembre-de-2018\/"},"author":{"name":"ayun","@id":"https:\/\/www.caudete.org\/ayuntamiento\/#\/schema\/person\/79f7e19fdd176fc2bc7a289013dc2056"},"headline":"SUBVENCION PLAN DE GARANTIA JUVENIL. Las solicitudes se podr\u00e1n presentar desde el 3 al 14 de septiembre de 2018","datePublished":"2018-11-22T19:16:14+00:00","dateModified":"2020-12-15T13:12:59+00:00","mainEntityOfPage":{"@id":"https:\/\/www.caudete.org\/ayuntamiento\/subvencion-plan-de-garantia-juvenil-las-solicitudes-se-podran-presentar-desde-el-3-al-14-de-septiembre-de-2018\/"},"wordCount":322,"publisher":{"@id":"https:\/\/www.caudete.org\/ayuntamiento\/#organization"},"image":{"@id":"https:\/\/www.caudete.org\/ayuntamiento\/subvencion-plan-de-garantia-juvenil-las-solicitudes-se-podran-presentar-desde-el-3-al-14-de-septiembre-de-2018\/#primaryimage"},"thumbnailUrl":"https:\/\/www.caudete.org\/ayuntamiento\/wp-content\/uploads\/2020\/12\/garantiajuvenil.jpg","articleSection":["Tabl\u00f3n informativo (Desarrollo local)"],"inLanguage":"es"},{"@type":"WebPage","@id":"https:\/\/www.caudete.org\/ayuntamiento\/subvencion-plan-de-garantia-juvenil-las-solicitudes-se-podran-presentar-desde-el-3-al-14-de-septiembre-de-2018\/","url":"https:\/\/www.caudete.org\/ayuntamiento\/subvencion-plan-de-garantia-juvenil-las-solicitudes-se-podran-presentar-desde-el-3-al-14-de-septiembre-de-2018\/","name":"SUBVENCION PLAN DE GARANTIA JUVENIL. Las solicitudes se podr\u00e1n presentar desde el 3 al 14 de septiembre de 2018 - MI Ayuntamiento de Caudete","isPartOf":{"@id":"https:\/\/www.caudete.org\/ayuntamiento\/#website"},"primaryImageOfPage":{"@id":"https:\/\/www.caudete.org\/ayuntamiento\/subvencion-plan-de-garantia-juvenil-las-solicitudes-se-podran-presentar-desde-el-3-al-14-de-septiembre-de-2018\/#primaryimage"},"image":{"@id":"https:\/\/www.caudete.org\/ayuntamiento\/subvencion-plan-de-garantia-juvenil-las-solicitudes-se-podran-presentar-desde-el-3-al-14-de-septiembre-de-2018\/#primaryimage"},"thumbnailUrl":"https:\/\/www.caudete.org\/ayuntamiento\/wp-content\/uploads\/2020\/12\/garantiajuvenil.jpg","datePublished":"2018-11-22T19:16:14+00:00","dateModified":"2020-12-15T13:12:59+00:00","description":"P\u00e1gina Oficial del Ayuntamiento de Caudete (Albacete)","breadcrumb":{"@id":"https:\/\/www.caudete.org\/ayuntamiento\/subvencion-plan-de-garantia-juvenil-las-solicitudes-se-podran-presentar-desde-el-3-al-14-de-septiembre-de-2018\/#breadcrumb"},"inLanguage":"es","potentialAction":[{"@type":"ReadAction","target":["https:\/\/www.caudete.org\/ayuntamiento\/subvencion-plan-de-garantia-juvenil-las-solicitudes-se-podran-presentar-desde-el-3-al-14-de-septiembre-de-2018\/"]}]},{"@type":"ImageObject","inLanguage":"es","@id":"https:\/\/www.caudete.org\/ayuntamiento\/subvencion-plan-de-garantia-juvenil-las-solicitudes-se-podran-presentar-desde-el-3-al-14-de-septiembre-de-2018\/#primaryimage","url":"https:\/\/www.caudete.org\/ayuntamiento\/wp-content\/uploads\/2020\/12\/garantiajuvenil.jpg","contentUrl":"https:\/\/www.caudete.org\/ayuntamiento\/wp-content\/uploads\/2020\/12\/garantiajuvenil.jpg","width":800,"height":400},{"@type":"BreadcrumbList","@id":"https:\/\/www.caudete.org\/ayuntamiento\/subvencion-plan-de-garantia-juvenil-las-solicitudes-se-podran-presentar-desde-el-3-al-14-de-septiembre-de-2018\/#breadcrumb","itemListElement":[{"@type":"ListItem","position":1,"name":"Inicio","item":"https:\/\/www.caudete.org\/ayuntamiento\/"},{"@type":"ListItem","position":2,"name":"SUBVENCION PLAN DE GARANTIA JUVENIL. Las solicitudes se podr\u00e1n presentar desde el 3 al 14 de septiembre de 2018"}]},{"@type":"WebSite","@id":"https:\/\/www.caudete.org\/ayuntamiento\/#website","url":"https:\/\/www.caudete.org\/ayuntamiento\/","name":"MI Ayuntamiento de Caudete","description":"P\u00e1gina Oficial del MI Ayuntamiento de Caudete","publisher":{"@id":"https:\/\/www.caudete.org\/ayuntamiento\/#organization"},"potentialAction":[{"@type":"SearchAction","target":{"@type":"EntryPoint","urlTemplate":"https:\/\/www.caudete.org\/ayuntamiento\/?s={search_term_string}"},"query-input":{"@type":"PropertyValueSpecification","valueRequired":true,"valueName":"search_term_string"}}],"inLanguage":"es"},{"@type":"Organization","@id":"https:\/\/www.caudete.org\/ayuntamiento\/#organization","name":"Ayuntamiento de Caudete","url":"https:\/\/www.caudete.org\/ayuntamiento\/","logo":{"@type":"ImageObject","inLanguage":"es","@id":"https:\/\/www.caudete.org\/ayuntamiento\/#\/schema\/logo\/image\/","url":"https:\/\/www.caudete.org\/ayuntamiento\/wp-content\/uploads\/2020\/11\/logo_ayuntamiento_caudete.jpg","contentUrl":"https:\/\/www.caudete.org\/ayuntamiento\/wp-content\/uploads\/2020\/11\/logo_ayuntamiento_caudete.jpg","width":600,"height":150,"caption":"Ayuntamiento de Caudete"},"image":{"@id":"https:\/\/www.caudete.org\/ayuntamiento\/#\/schema\/logo\/image\/"},"sameAs":["https:\/\/www.facebook.com\/ayuntamientocaudete\/","https:\/\/www.youtube.com\/channel\/UC6VztHaooNsGpw-tNoBEFnQ"]},{"@type":"Person","@id":"https:\/\/www.caudete.org\/ayuntamiento\/#\/schema\/person\/79f7e19fdd176fc2bc7a289013dc2056","name":"ayun","image":{"@type":"ImageObject","inLanguage":"es","@id":"https:\/\/secure.gravatar.com\/avatar\/4ce797ee07c943e7e592f8cd648e503e6cd571387558ed07135799c2bd2847df?s=96&d=mm&r=g","url":"https:\/\/secure.gravatar.com\/avatar\/4ce797ee07c943e7e592f8cd648e503e6cd571387558ed07135799c2bd2847df?s=96&d=mm&r=g","contentUrl":"https:\/\/secure.gravatar.com\/avatar\/4ce797ee07c943e7e592f8cd648e503e6cd571387558ed07135799c2bd2847df?s=96&d=mm&r=g","caption":"ayun"},"sameAs":["http:\/\/www.caudete.org\/ayuntamiento"],"url":"https:\/\/www.caudete.org\/ayuntamiento\/author\/ayun\/"}]}},"_links":{"self":[{"href":"https:\/\/www.caudete.org\/ayuntamiento\/wp-json\/wp\/v2\/posts\/6522","targetHints":{"allow":["GET"]}}],"collection":[{"href":"https:\/\/www.caudete.org\/ayuntamiento\/wp-json\/wp\/v2\/posts"}],"about":[{"href":"https:\/\/www.caudete.org\/ayuntamiento\/wp-json\/wp\/v2\/types\/post"}],"author":[{"embeddable":true,"href":"https:\/\/www.caudete.org\/ayuntamiento\/wp-json\/wp\/v2\/users\/1"}],"replies":[{"embeddable":true,"href":"https:\/\/www.caudete.org\/ayuntamiento\/wp-json\/wp\/v2\/comments?post=6522"}],"version-history":[{"count":3,"href":"https:\/\/www.caudete.org\/ayuntamiento\/wp-json\/wp\/v2\/posts\/6522\/revisions"}],"predecessor-version":[{"id":9786,"href":"https:\/\/www.caudete.org\/ayuntamiento\/wp-json\/wp\/v2\/posts\/6522\/revisions\/9786"}],"wp:featuredmedia":[{"embeddable":true,"href":"https:\/\/www.caudete.org\/ayuntamiento\/wp-json\/wp\/v2\/media\/6523"}],"wp:attachment":[{"href":"https:\/\/www.caudete.org\/ayuntamiento\/wp-json\/wp\/v2\/media?parent=6522"}],"wp:term":[{"taxonomy":"category","embeddable":true,"href":"https:\/\/www.caudete.org\/ayuntamiento\/wp-json\/wp\/v2\/categories?post=6522"},{"taxonomy":"post_tag","embeddable":true,"href":"https:\/\/www.caudete.org\/ayuntamiento\/wp-json\/wp\/v2\/tags?post=6522"}],"curies":[{"name":"wp","href":"https:\/\/api.w.org\/{rel}","templated":true}]}}