{"id":6525,"date":"2018-11-22T20:18:02","date_gmt":"2018-11-22T19:18:02","guid":{"rendered":"http:\/\/www.caudete.org\/ayuntamiento\/?p=6525"},"modified":"2020-12-15T14:12:31","modified_gmt":"2020-12-15T13:12:31","slug":"curso-de-cria-de-cercones-de-liebre-iberica-cofinanciado-por-el-fondo-europeo-feader-con-la-colaboracion-de-iriaf-instituto-regional-de-investigacion-y-desarrollo-agroalimentario-y-forestal","status":"publish","type":"post","link":"https:\/\/www.caudete.org\/ayuntamiento\/curso-de-cria-de-cercones-de-liebre-iberica-cofinanciado-por-el-fondo-europeo-feader-con-la-colaboracion-de-iriaf-instituto-regional-de-investigacion-y-desarrollo-agroalimentario-y-forestal\/","title":{"rendered":"CURSO DE CR\u00cdA DE CERCONES DE LIEBRE IB\u00c9RICA. Cofinanciado por el Fondo Europeo Feader. Con la colaboraci\u00f3n de IRIAF ( Instituto Regional de Investigaci\u00f3n y Desarrollo Agroalimentario y Forestal)"},"content":{"rendered":"<h5 style=\"text-align: justify;\">DESTINATARIOS: Profesionales del sector agrario y forestal y personas del medio rural que trabajen o vayan a trabajar en estas actividades, especialmente los j\u00f3venes y las mujeres. Personas del mundo rural interesadas en adquirir estos conocimientos.<\/h5>\n<p style=\"text-align: justify;\"><b>OBJETIVOS:<\/b><br \/>\nLa disminuci\u00f3n de la liebre se debe al exceso de predadores, a la falta de refugios-hileras de paja en carriles en la rastrojera de verano y a la falta de lindes entre las parcelas.<br \/>\nA todo ello hay que sumarle el exceso de presi\u00f3n cineg\u00e9tica, el furtivismo, la utilizaci\u00f3n de herbicidas, la falta de alimentaci\u00f3n y agua en verano y el empleo de rulos y empacadoras hiladoras.<br \/>\nPor tanto hay que recuperar la poblaci\u00f3n de liebre , pudiendo utilizar su repoblaci\u00f3n mediante la cr\u00eda cineg\u00e9tica en cercones.<br \/>\nEl Objetivo del Taller de Trabajo es dar a conocer la cr\u00eda de liebre en cercones.<\/p>\n<p><b>DIAS :<\/b><br \/>\nD\u00eda: 27 de SEPTIEMBRE de 2018<br \/>\nHorario: de 9:00 A 15:00 horas<br \/>\nTotal: 5 horas<br \/>\nCentro de Formaci\u00f3n Agroambiental , Cta. de Ayora Km. 1,5 ALBACETE<\/p>\n<p><b>INSCRIPCI\u00d3N:<\/b><br \/>\nPara asistir a este curso hay que contactar con:<br \/>\nJuan Carlos Vilches de Frutos<br \/>\nTel\u00e9fono: 967 55 85 50<br \/>\nemail: <a href=\"mailto:jcvilchesd@jccm.es\" target=\"_blank\" rel=\"nofollow\">jcvilchesd@jccm.es<\/a><br \/>\naportando sus datos personales (nombre completo, tel\u00e9fono, correo electr\u00f3nico)<\/p>\n<p>Direcci\u00f3n Provincial de Agricultura Medio Ambiente y Desarrollo Rural de Albacete<br \/>\nTfno: 967 55 85 50<br \/>\ne-mail: <a href=\"mailto:jcvilchesd@jccm.es\" target=\"_blank\" rel=\"nofollow\">jcvilchesd@jccm.es<\/a><\/p>\n<p><b>PROGRAMA:<\/b><br \/>\n<b>D\u00cdA : JUEVES , 27 de septiembre de 2018. HORA: de 9:45 a 15:00 horas <\/b><\/p>\n<p>\u202209,45 h. PRESENTACI\u00d3N JORNADA<\/p>\n<p>\u202210,00 \u2013 11,00 h. \u2013 \u00bfQU\u00c9 NOS DICE EL \u00c1REA DE DISTRIBUCI\u00d3N SOBRE LA ECOLOG\u00cdA E HISTORIA EVOLUTIVA DE LA LIEBRE IB\u00c9RICA? Dr. Pelayo Acevedo Lavandera. Bi\u00f3logo IREC.<\/p>\n<p>\u202211,00-12,00 h- COMPORTAMIENTO, BIOLOG\u00cdA Y CR\u00cdA EN CAUTIVIDAD DE LA LIEBRE IB\u00c9RICA. Dr. Daniel Bartolom\u00e9 Rodr\u00edguez. Veterinario.<\/p>\n<p>\u202212,00-13,00 h- . EL DEPORTE DE GALGOS EN CAMPO: PASADO, PRESENTE Y FUTURO DE LA LIEBRE IBERICA. D. F\u00e9lix Elche Hortelano. Empresario Agr\u00edcola.<\/p>\n<p>\u202213,00-14,00- CRIA EN CERCONES DE LIEBRE IBERICA: EXPERIENCIA EN LA PROVINCIA DE GUADALAJARA .<br \/>\nD. Jos\u00e9 Alberto Vi\u00f1uelas de la Fuente. Director del Centro de Investigaci\u00f3n Ap\u00edcola y Agroambiental de Marchamalo. IRIAF. Veterinario y Bi\u00f3logo.<\/p>\n<p>\u202214,00- 15,00-.LA LIEBRE IBERICA: GESTION Y MEJORA DE LAS POBLACIONES.<br \/>\nDr. Francisco Salamanca Llorente. Veterinario Gestor Cineg\u00e9tico<\/p>\n<p><a href=\"http:\/\/caudete.org\/ayuntamiento\/eniusimg\/enius146\/2018\/09\/adjuntos_fichero_5475f0325e4b52ac.pdf\" class=\"mtli_attachment mtli_pdf\" target=\"_blank\" rel=\"noopener noreferrer nofollow\">PROGRAMA CURSO DE CR\u00cdA DE CERCONES DE LIEBRE IB\u00c9RICA<\/a><\/p>\n<p><img fetchpriority=\"high\" decoding=\"async\" class=\"aligncenter size-full wp-image-6526\" src=\"http:\/\/www.caudete.org\/ayuntamiento\/wp-content\/uploads\/2020\/12\/criacercones.jpg\" alt=\"\" width=\"800\" height=\"565\" srcset=\"https:\/\/www.caudete.org\/ayuntamiento\/wp-content\/uploads\/2020\/12\/criacercones.jpg 800w, https:\/\/www.caudete.org\/ayuntamiento\/wp-content\/uploads\/2020\/12\/criacercones-300x212.jpg 300w, https:\/\/www.caudete.org\/ayuntamiento\/wp-content\/uploads\/2020\/12\/criacercones-768x542.jpg 768w\" sizes=\"(max-width: 800px) 100vw, 800px\" \/><\/p>\n","protected":false},"excerpt":{"rendered":"<p>DESTINATARIOS: Profesionales del sector agrario y forestal y personas del medio rural que trabajen o vayan a trabajar en estas actividades, especialmente los j\u00f3venes y las mujeres. Personas del mundo rural interesadas en adquirir estos conocimientos. OBJETIVOS: La disminuci\u00f3n de la liebre se debe al exceso de predadores, a la falta de refugios-hileras de paja &hellip;<\/p>\n","protected":false},"author":1,"featured_media":6526,"comment_status":"closed","ping_status":"open","sticky":false,"template":"","format":"standard","meta":{"ngg_post_thumbnail":0,"footnotes":""},"categories":[90],"tags":[],"class_list":["post-6525","post","type-post","status-publish","format-standard","has-post-thumbnail","hentry","category-tablon-informativo-desarrollo-local"],"yoast_head":"<!-- This site is optimized with the Yoast SEO plugin v27.4 - https:\/\/yoast.com\/product\/yoast-seo-wordpress\/ -->\n<title>CURSO DE CR\u00cdA DE CERCONES DE LIEBRE IB\u00c9RICA. Cofinanciado por el Fondo Europeo Feader. Con la colaboraci\u00f3n de IRIAF ( Instituto Regional de Investigaci\u00f3n y Desarrollo Agroalimentario y Forestal) - MI Ayuntamiento de Caudete<\/title>\n<meta name=\"description\" content=\"P\u00e1gina Oficial del Ayuntamiento de Caudete (Albacete)\" \/>\n<meta name=\"robots\" content=\"index, follow, max-snippet:-1, max-image-preview:large, max-video-preview:-1\" \/>\n<link rel=\"canonical\" href=\"https:\/\/www.caudete.org\/ayuntamiento\/curso-de-cria-de-cercones-de-liebre-iberica-cofinanciado-por-el-fondo-europeo-feader-con-la-colaboracion-de-iriaf-instituto-regional-de-investigacion-y-desarrollo-agroalimentario-y-forestal\/\" \/>\n<meta property=\"og:locale\" content=\"es_ES\" \/>\n<meta property=\"og:type\" content=\"article\" \/>\n<meta property=\"og:title\" content=\"CURSO DE CR\u00cdA DE CERCONES DE LIEBRE IB\u00c9RICA. Cofinanciado por el Fondo Europeo Feader. Con la colaboraci\u00f3n de IRIAF ( Instituto Regional de Investigaci\u00f3n y Desarrollo Agroalimentario y Forestal) - MI Ayuntamiento de Caudete\" \/>\n<meta property=\"og:description\" content=\"P\u00e1gina Oficial del Ayuntamiento de Caudete (Albacete)\" \/>\n<meta property=\"og:url\" content=\"https:\/\/www.caudete.org\/ayuntamiento\/curso-de-cria-de-cercones-de-liebre-iberica-cofinanciado-por-el-fondo-europeo-feader-con-la-colaboracion-de-iriaf-instituto-regional-de-investigacion-y-desarrollo-agroalimentario-y-forestal\/\" \/>\n<meta property=\"og:site_name\" content=\"MI Ayuntamiento de Caudete\" \/>\n<meta property=\"article:publisher\" content=\"https:\/\/www.facebook.com\/ayuntamientocaudete\/\" \/>\n<meta property=\"article:published_time\" content=\"2018-11-22T19:18:02+00:00\" \/>\n<meta property=\"article:modified_time\" content=\"2020-12-15T13:12:31+00:00\" \/>\n<meta property=\"og:image\" content=\"https:\/\/www.caudete.org\/ayuntamiento\/wp-content\/uploads\/2020\/12\/criacercones.jpg\" \/>\n\t<meta property=\"og:image:width\" content=\"800\" \/>\n\t<meta property=\"og:image:height\" content=\"565\" \/>\n\t<meta property=\"og:image:type\" content=\"image\/jpeg\" \/>\n<meta name=\"author\" content=\"ayun\" \/>\n<meta name=\"twitter:card\" content=\"summary_large_image\" \/>\n<meta name=\"twitter:label1\" content=\"Escrito por\" \/>\n\t<meta name=\"twitter:data1\" content=\"ayun\" \/>\n\t<meta name=\"twitter:label2\" content=\"Tiempo de lectura\" \/>\n\t<meta name=\"twitter:data2\" content=\"2 minutos\" \/>\n<script type=\"application\/ld+json\" class=\"yoast-schema-graph\">{\"@context\":\"https:\\\/\\\/schema.org\",\"@graph\":[{\"@type\":\"Article\",\"@id\":\"https:\\\/\\\/www.caudete.org\\\/ayuntamiento\\\/curso-de-cria-de-cercones-de-liebre-iberica-cofinanciado-por-el-fondo-europeo-feader-con-la-colaboracion-de-iriaf-instituto-regional-de-investigacion-y-desarrollo-agroalimentario-y-forestal\\\/#article\",\"isPartOf\":{\"@id\":\"https:\\\/\\\/www.caudete.org\\\/ayuntamiento\\\/curso-de-cria-de-cercones-de-liebre-iberica-cofinanciado-por-el-fondo-europeo-feader-con-la-colaboracion-de-iriaf-instituto-regional-de-investigacion-y-desarrollo-agroalimentario-y-forestal\\\/\"},\"author\":{\"name\":\"ayun\",\"@id\":\"https:\\\/\\\/www.caudete.org\\\/ayuntamiento\\\/#\\\/schema\\\/person\\\/79f7e19fdd176fc2bc7a289013dc2056\"},\"headline\":\"CURSO DE CR\u00cdA DE CERCONES DE LIEBRE IB\u00c9RICA. Cofinanciado por el Fondo Europeo Feader. Con la colaboraci\u00f3n de IRIAF ( Instituto Regional de Investigaci\u00f3n y Desarrollo Agroalimentario y Forestal)\",\"datePublished\":\"2018-11-22T19:18:02+00:00\",\"dateModified\":\"2020-12-15T13:12:31+00:00\",\"mainEntityOfPage\":{\"@id\":\"https:\\\/\\\/www.caudete.org\\\/ayuntamiento\\\/curso-de-cria-de-cercones-de-liebre-iberica-cofinanciado-por-el-fondo-europeo-feader-con-la-colaboracion-de-iriaf-instituto-regional-de-investigacion-y-desarrollo-agroalimentario-y-forestal\\\/\"},\"wordCount\":411,\"publisher\":{\"@id\":\"https:\\\/\\\/www.caudete.org\\\/ayuntamiento\\\/#organization\"},\"image\":{\"@id\":\"https:\\\/\\\/www.caudete.org\\\/ayuntamiento\\\/curso-de-cria-de-cercones-de-liebre-iberica-cofinanciado-por-el-fondo-europeo-feader-con-la-colaboracion-de-iriaf-instituto-regional-de-investigacion-y-desarrollo-agroalimentario-y-forestal\\\/#primaryimage\"},\"thumbnailUrl\":\"https:\\\/\\\/www.caudete.org\\\/ayuntamiento\\\/wp-content\\\/uploads\\\/2020\\\/12\\\/criacercones.jpg\",\"articleSection\":[\"Tabl\u00f3n informativo (Desarrollo local)\"],\"inLanguage\":\"es\"},{\"@type\":\"WebPage\",\"@id\":\"https:\\\/\\\/www.caudete.org\\\/ayuntamiento\\\/curso-de-cria-de-cercones-de-liebre-iberica-cofinanciado-por-el-fondo-europeo-feader-con-la-colaboracion-de-iriaf-instituto-regional-de-investigacion-y-desarrollo-agroalimentario-y-forestal\\\/\",\"url\":\"https:\\\/\\\/www.caudete.org\\\/ayuntamiento\\\/curso-de-cria-de-cercones-de-liebre-iberica-cofinanciado-por-el-fondo-europeo-feader-con-la-colaboracion-de-iriaf-instituto-regional-de-investigacion-y-desarrollo-agroalimentario-y-forestal\\\/\",\"name\":\"CURSO DE CR\u00cdA DE CERCONES DE LIEBRE IB\u00c9RICA. Cofinanciado por el Fondo Europeo Feader. Con la colaboraci\u00f3n de IRIAF ( Instituto Regional de Investigaci\u00f3n y Desarrollo Agroalimentario y Forestal) - MI Ayuntamiento de Caudete\",\"isPartOf\":{\"@id\":\"https:\\\/\\\/www.caudete.org\\\/ayuntamiento\\\/#website\"},\"primaryImageOfPage\":{\"@id\":\"https:\\\/\\\/www.caudete.org\\\/ayuntamiento\\\/curso-de-cria-de-cercones-de-liebre-iberica-cofinanciado-por-el-fondo-europeo-feader-con-la-colaboracion-de-iriaf-instituto-regional-de-investigacion-y-desarrollo-agroalimentario-y-forestal\\\/#primaryimage\"},\"image\":{\"@id\":\"https:\\\/\\\/www.caudete.org\\\/ayuntamiento\\\/curso-de-cria-de-cercones-de-liebre-iberica-cofinanciado-por-el-fondo-europeo-feader-con-la-colaboracion-de-iriaf-instituto-regional-de-investigacion-y-desarrollo-agroalimentario-y-forestal\\\/#primaryimage\"},\"thumbnailUrl\":\"https:\\\/\\\/www.caudete.org\\\/ayuntamiento\\\/wp-content\\\/uploads\\\/2020\\\/12\\\/criacercones.jpg\",\"datePublished\":\"2018-11-22T19:18:02+00:00\",\"dateModified\":\"2020-12-15T13:12:31+00:00\",\"description\":\"P\u00e1gina Oficial del Ayuntamiento de Caudete (Albacete)\",\"breadcrumb\":{\"@id\":\"https:\\\/\\\/www.caudete.org\\\/ayuntamiento\\\/curso-de-cria-de-cercones-de-liebre-iberica-cofinanciado-por-el-fondo-europeo-feader-con-la-colaboracion-de-iriaf-instituto-regional-de-investigacion-y-desarrollo-agroalimentario-y-forestal\\\/#breadcrumb\"},\"inLanguage\":\"es\",\"potentialAction\":[{\"@type\":\"ReadAction\",\"target\":[\"https:\\\/\\\/www.caudete.org\\\/ayuntamiento\\\/curso-de-cria-de-cercones-de-liebre-iberica-cofinanciado-por-el-fondo-europeo-feader-con-la-colaboracion-de-iriaf-instituto-regional-de-investigacion-y-desarrollo-agroalimentario-y-forestal\\\/\"]}]},{\"@type\":\"ImageObject\",\"inLanguage\":\"es\",\"@id\":\"https:\\\/\\\/www.caudete.org\\\/ayuntamiento\\\/curso-de-cria-de-cercones-de-liebre-iberica-cofinanciado-por-el-fondo-europeo-feader-con-la-colaboracion-de-iriaf-instituto-regional-de-investigacion-y-desarrollo-agroalimentario-y-forestal\\\/#primaryimage\",\"url\":\"https:\\\/\\\/www.caudete.org\\\/ayuntamiento\\\/wp-content\\\/uploads\\\/2020\\\/12\\\/criacercones.jpg\",\"contentUrl\":\"https:\\\/\\\/www.caudete.org\\\/ayuntamiento\\\/wp-content\\\/uploads\\\/2020\\\/12\\\/criacercones.jpg\",\"width\":800,\"height\":565},{\"@type\":\"BreadcrumbList\",\"@id\":\"https:\\\/\\\/www.caudete.org\\\/ayuntamiento\\\/curso-de-cria-de-cercones-de-liebre-iberica-cofinanciado-por-el-fondo-europeo-feader-con-la-colaboracion-de-iriaf-instituto-regional-de-investigacion-y-desarrollo-agroalimentario-y-forestal\\\/#breadcrumb\",\"itemListElement\":[{\"@type\":\"ListItem\",\"position\":1,\"name\":\"Inicio\",\"item\":\"https:\\\/\\\/www.caudete.org\\\/ayuntamiento\\\/\"},{\"@type\":\"ListItem\",\"position\":2,\"name\":\"CURSO DE CR\u00cdA DE CERCONES DE LIEBRE IB\u00c9RICA. Cofinanciado por el Fondo Europeo Feader. Con la colaboraci\u00f3n de IRIAF ( Instituto Regional de Investigaci\u00f3n y Desarrollo Agroalimentario y Forestal)\"}]},{\"@type\":\"WebSite\",\"@id\":\"https:\\\/\\\/www.caudete.org\\\/ayuntamiento\\\/#website\",\"url\":\"https:\\\/\\\/www.caudete.org\\\/ayuntamiento\\\/\",\"name\":\"MI Ayuntamiento de Caudete\",\"description\":\"P\u00e1gina Oficial del MI Ayuntamiento de Caudete\",\"publisher\":{\"@id\":\"https:\\\/\\\/www.caudete.org\\\/ayuntamiento\\\/#organization\"},\"potentialAction\":[{\"@type\":\"SearchAction\",\"target\":{\"@type\":\"EntryPoint\",\"urlTemplate\":\"https:\\\/\\\/www.caudete.org\\\/ayuntamiento\\\/?s={search_term_string}\"},\"query-input\":{\"@type\":\"PropertyValueSpecification\",\"valueRequired\":true,\"valueName\":\"search_term_string\"}}],\"inLanguage\":\"es\"},{\"@type\":\"Organization\",\"@id\":\"https:\\\/\\\/www.caudete.org\\\/ayuntamiento\\\/#organization\",\"name\":\"Ayuntamiento de Caudete\",\"url\":\"https:\\\/\\\/www.caudete.org\\\/ayuntamiento\\\/\",\"logo\":{\"@type\":\"ImageObject\",\"inLanguage\":\"es\",\"@id\":\"https:\\\/\\\/www.caudete.org\\\/ayuntamiento\\\/#\\\/schema\\\/logo\\\/image\\\/\",\"url\":\"https:\\\/\\\/www.caudete.org\\\/ayuntamiento\\\/wp-content\\\/uploads\\\/2020\\\/11\\\/logo_ayuntamiento_caudete.jpg\",\"contentUrl\":\"https:\\\/\\\/www.caudete.org\\\/ayuntamiento\\\/wp-content\\\/uploads\\\/2020\\\/11\\\/logo_ayuntamiento_caudete.jpg\",\"width\":600,\"height\":150,\"caption\":\"Ayuntamiento de Caudete\"},\"image\":{\"@id\":\"https:\\\/\\\/www.caudete.org\\\/ayuntamiento\\\/#\\\/schema\\\/logo\\\/image\\\/\"},\"sameAs\":[\"https:\\\/\\\/www.facebook.com\\\/ayuntamientocaudete\\\/\",\"https:\\\/\\\/www.youtube.com\\\/channel\\\/UC6VztHaooNsGpw-tNoBEFnQ\"]},{\"@type\":\"Person\",\"@id\":\"https:\\\/\\\/www.caudete.org\\\/ayuntamiento\\\/#\\\/schema\\\/person\\\/79f7e19fdd176fc2bc7a289013dc2056\",\"name\":\"ayun\",\"image\":{\"@type\":\"ImageObject\",\"inLanguage\":\"es\",\"@id\":\"https:\\\/\\\/secure.gravatar.com\\\/avatar\\\/4ce797ee07c943e7e592f8cd648e503e6cd571387558ed07135799c2bd2847df?s=96&d=mm&r=g\",\"url\":\"https:\\\/\\\/secure.gravatar.com\\\/avatar\\\/4ce797ee07c943e7e592f8cd648e503e6cd571387558ed07135799c2bd2847df?s=96&d=mm&r=g\",\"contentUrl\":\"https:\\\/\\\/secure.gravatar.com\\\/avatar\\\/4ce797ee07c943e7e592f8cd648e503e6cd571387558ed07135799c2bd2847df?s=96&d=mm&r=g\",\"caption\":\"ayun\"},\"sameAs\":[\"http:\\\/\\\/www.caudete.org\\\/ayuntamiento\"],\"url\":\"https:\\\/\\\/www.caudete.org\\\/ayuntamiento\\\/author\\\/ayun\\\/\"}]}<\/script>\n<!-- \/ Yoast SEO plugin. -->","yoast_head_json":{"title":"CURSO DE CR\u00cdA DE CERCONES DE LIEBRE IB\u00c9RICA. Cofinanciado por el Fondo Europeo Feader. Con la colaboraci\u00f3n de IRIAF ( Instituto Regional de Investigaci\u00f3n y Desarrollo Agroalimentario y Forestal) - MI Ayuntamiento de Caudete","description":"P\u00e1gina Oficial del Ayuntamiento de Caudete (Albacete)","robots":{"index":"index","follow":"follow","max-snippet":"max-snippet:-1","max-image-preview":"max-image-preview:large","max-video-preview":"max-video-preview:-1"},"canonical":"https:\/\/www.caudete.org\/ayuntamiento\/curso-de-cria-de-cercones-de-liebre-iberica-cofinanciado-por-el-fondo-europeo-feader-con-la-colaboracion-de-iriaf-instituto-regional-de-investigacion-y-desarrollo-agroalimentario-y-forestal\/","og_locale":"es_ES","og_type":"article","og_title":"CURSO DE CR\u00cdA DE CERCONES DE LIEBRE IB\u00c9RICA. Cofinanciado por el Fondo Europeo Feader. Con la colaboraci\u00f3n de IRIAF ( Instituto Regional de Investigaci\u00f3n y Desarrollo Agroalimentario y Forestal) - MI Ayuntamiento de Caudete","og_description":"P\u00e1gina Oficial del Ayuntamiento de Caudete (Albacete)","og_url":"https:\/\/www.caudete.org\/ayuntamiento\/curso-de-cria-de-cercones-de-liebre-iberica-cofinanciado-por-el-fondo-europeo-feader-con-la-colaboracion-de-iriaf-instituto-regional-de-investigacion-y-desarrollo-agroalimentario-y-forestal\/","og_site_name":"MI Ayuntamiento de Caudete","article_publisher":"https:\/\/www.facebook.com\/ayuntamientocaudete\/","article_published_time":"2018-11-22T19:18:02+00:00","article_modified_time":"2020-12-15T13:12:31+00:00","og_image":[{"width":800,"height":565,"url":"https:\/\/www.caudete.org\/ayuntamiento\/wp-content\/uploads\/2020\/12\/criacercones.jpg","type":"image\/jpeg"}],"author":"ayun","twitter_card":"summary_large_image","twitter_misc":{"Escrito por":"ayun","Tiempo de lectura":"2 minutos"},"schema":{"@context":"https:\/\/schema.org","@graph":[{"@type":"Article","@id":"https:\/\/www.caudete.org\/ayuntamiento\/curso-de-cria-de-cercones-de-liebre-iberica-cofinanciado-por-el-fondo-europeo-feader-con-la-colaboracion-de-iriaf-instituto-regional-de-investigacion-y-desarrollo-agroalimentario-y-forestal\/#article","isPartOf":{"@id":"https:\/\/www.caudete.org\/ayuntamiento\/curso-de-cria-de-cercones-de-liebre-iberica-cofinanciado-por-el-fondo-europeo-feader-con-la-colaboracion-de-iriaf-instituto-regional-de-investigacion-y-desarrollo-agroalimentario-y-forestal\/"},"author":{"name":"ayun","@id":"https:\/\/www.caudete.org\/ayuntamiento\/#\/schema\/person\/79f7e19fdd176fc2bc7a289013dc2056"},"headline":"CURSO DE CR\u00cdA DE CERCONES DE LIEBRE IB\u00c9RICA. Cofinanciado por el Fondo Europeo Feader. Con la colaboraci\u00f3n de IRIAF ( Instituto Regional de Investigaci\u00f3n y Desarrollo Agroalimentario y Forestal)","datePublished":"2018-11-22T19:18:02+00:00","dateModified":"2020-12-15T13:12:31+00:00","mainEntityOfPage":{"@id":"https:\/\/www.caudete.org\/ayuntamiento\/curso-de-cria-de-cercones-de-liebre-iberica-cofinanciado-por-el-fondo-europeo-feader-con-la-colaboracion-de-iriaf-instituto-regional-de-investigacion-y-desarrollo-agroalimentario-y-forestal\/"},"wordCount":411,"publisher":{"@id":"https:\/\/www.caudete.org\/ayuntamiento\/#organization"},"image":{"@id":"https:\/\/www.caudete.org\/ayuntamiento\/curso-de-cria-de-cercones-de-liebre-iberica-cofinanciado-por-el-fondo-europeo-feader-con-la-colaboracion-de-iriaf-instituto-regional-de-investigacion-y-desarrollo-agroalimentario-y-forestal\/#primaryimage"},"thumbnailUrl":"https:\/\/www.caudete.org\/ayuntamiento\/wp-content\/uploads\/2020\/12\/criacercones.jpg","articleSection":["Tabl\u00f3n informativo (Desarrollo local)"],"inLanguage":"es"},{"@type":"WebPage","@id":"https:\/\/www.caudete.org\/ayuntamiento\/curso-de-cria-de-cercones-de-liebre-iberica-cofinanciado-por-el-fondo-europeo-feader-con-la-colaboracion-de-iriaf-instituto-regional-de-investigacion-y-desarrollo-agroalimentario-y-forestal\/","url":"https:\/\/www.caudete.org\/ayuntamiento\/curso-de-cria-de-cercones-de-liebre-iberica-cofinanciado-por-el-fondo-europeo-feader-con-la-colaboracion-de-iriaf-instituto-regional-de-investigacion-y-desarrollo-agroalimentario-y-forestal\/","name":"CURSO DE CR\u00cdA DE CERCONES DE LIEBRE IB\u00c9RICA. Cofinanciado por el Fondo Europeo Feader. Con la colaboraci\u00f3n de IRIAF ( Instituto Regional de Investigaci\u00f3n y Desarrollo Agroalimentario y Forestal) - MI Ayuntamiento de Caudete","isPartOf":{"@id":"https:\/\/www.caudete.org\/ayuntamiento\/#website"},"primaryImageOfPage":{"@id":"https:\/\/www.caudete.org\/ayuntamiento\/curso-de-cria-de-cercones-de-liebre-iberica-cofinanciado-por-el-fondo-europeo-feader-con-la-colaboracion-de-iriaf-instituto-regional-de-investigacion-y-desarrollo-agroalimentario-y-forestal\/#primaryimage"},"image":{"@id":"https:\/\/www.caudete.org\/ayuntamiento\/curso-de-cria-de-cercones-de-liebre-iberica-cofinanciado-por-el-fondo-europeo-feader-con-la-colaboracion-de-iriaf-instituto-regional-de-investigacion-y-desarrollo-agroalimentario-y-forestal\/#primaryimage"},"thumbnailUrl":"https:\/\/www.caudete.org\/ayuntamiento\/wp-content\/uploads\/2020\/12\/criacercones.jpg","datePublished":"2018-11-22T19:18:02+00:00","dateModified":"2020-12-15T13:12:31+00:00","description":"P\u00e1gina Oficial del Ayuntamiento de Caudete (Albacete)","breadcrumb":{"@id":"https:\/\/www.caudete.org\/ayuntamiento\/curso-de-cria-de-cercones-de-liebre-iberica-cofinanciado-por-el-fondo-europeo-feader-con-la-colaboracion-de-iriaf-instituto-regional-de-investigacion-y-desarrollo-agroalimentario-y-forestal\/#breadcrumb"},"inLanguage":"es","potentialAction":[{"@type":"ReadAction","target":["https:\/\/www.caudete.org\/ayuntamiento\/curso-de-cria-de-cercones-de-liebre-iberica-cofinanciado-por-el-fondo-europeo-feader-con-la-colaboracion-de-iriaf-instituto-regional-de-investigacion-y-desarrollo-agroalimentario-y-forestal\/"]}]},{"@type":"ImageObject","inLanguage":"es","@id":"https:\/\/www.caudete.org\/ayuntamiento\/curso-de-cria-de-cercones-de-liebre-iberica-cofinanciado-por-el-fondo-europeo-feader-con-la-colaboracion-de-iriaf-instituto-regional-de-investigacion-y-desarrollo-agroalimentario-y-forestal\/#primaryimage","url":"https:\/\/www.caudete.org\/ayuntamiento\/wp-content\/uploads\/2020\/12\/criacercones.jpg","contentUrl":"https:\/\/www.caudete.org\/ayuntamiento\/wp-content\/uploads\/2020\/12\/criacercones.jpg","width":800,"height":565},{"@type":"BreadcrumbList","@id":"https:\/\/www.caudete.org\/ayuntamiento\/curso-de-cria-de-cercones-de-liebre-iberica-cofinanciado-por-el-fondo-europeo-feader-con-la-colaboracion-de-iriaf-instituto-regional-de-investigacion-y-desarrollo-agroalimentario-y-forestal\/#breadcrumb","itemListElement":[{"@type":"ListItem","position":1,"name":"Inicio","item":"https:\/\/www.caudete.org\/ayuntamiento\/"},{"@type":"ListItem","position":2,"name":"CURSO DE CR\u00cdA DE CERCONES DE LIEBRE IB\u00c9RICA. Cofinanciado por el Fondo Europeo Feader. Con la colaboraci\u00f3n de IRIAF ( Instituto Regional de Investigaci\u00f3n y Desarrollo Agroalimentario y Forestal)"}]},{"@type":"WebSite","@id":"https:\/\/www.caudete.org\/ayuntamiento\/#website","url":"https:\/\/www.caudete.org\/ayuntamiento\/","name":"MI Ayuntamiento de Caudete","description":"P\u00e1gina Oficial del MI Ayuntamiento de Caudete","publisher":{"@id":"https:\/\/www.caudete.org\/ayuntamiento\/#organization"},"potentialAction":[{"@type":"SearchAction","target":{"@type":"EntryPoint","urlTemplate":"https:\/\/www.caudete.org\/ayuntamiento\/?s={search_term_string}"},"query-input":{"@type":"PropertyValueSpecification","valueRequired":true,"valueName":"search_term_string"}}],"inLanguage":"es"},{"@type":"Organization","@id":"https:\/\/www.caudete.org\/ayuntamiento\/#organization","name":"Ayuntamiento de Caudete","url":"https:\/\/www.caudete.org\/ayuntamiento\/","logo":{"@type":"ImageObject","inLanguage":"es","@id":"https:\/\/www.caudete.org\/ayuntamiento\/#\/schema\/logo\/image\/","url":"https:\/\/www.caudete.org\/ayuntamiento\/wp-content\/uploads\/2020\/11\/logo_ayuntamiento_caudete.jpg","contentUrl":"https:\/\/www.caudete.org\/ayuntamiento\/wp-content\/uploads\/2020\/11\/logo_ayuntamiento_caudete.jpg","width":600,"height":150,"caption":"Ayuntamiento de Caudete"},"image":{"@id":"https:\/\/www.caudete.org\/ayuntamiento\/#\/schema\/logo\/image\/"},"sameAs":["https:\/\/www.facebook.com\/ayuntamientocaudete\/","https:\/\/www.youtube.com\/channel\/UC6VztHaooNsGpw-tNoBEFnQ"]},{"@type":"Person","@id":"https:\/\/www.caudete.org\/ayuntamiento\/#\/schema\/person\/79f7e19fdd176fc2bc7a289013dc2056","name":"ayun","image":{"@type":"ImageObject","inLanguage":"es","@id":"https:\/\/secure.gravatar.com\/avatar\/4ce797ee07c943e7e592f8cd648e503e6cd571387558ed07135799c2bd2847df?s=96&d=mm&r=g","url":"https:\/\/secure.gravatar.com\/avatar\/4ce797ee07c943e7e592f8cd648e503e6cd571387558ed07135799c2bd2847df?s=96&d=mm&r=g","contentUrl":"https:\/\/secure.gravatar.com\/avatar\/4ce797ee07c943e7e592f8cd648e503e6cd571387558ed07135799c2bd2847df?s=96&d=mm&r=g","caption":"ayun"},"sameAs":["http:\/\/www.caudete.org\/ayuntamiento"],"url":"https:\/\/www.caudete.org\/ayuntamiento\/author\/ayun\/"}]}},"_links":{"self":[{"href":"https:\/\/www.caudete.org\/ayuntamiento\/wp-json\/wp\/v2\/posts\/6525","targetHints":{"allow":["GET"]}}],"collection":[{"href":"https:\/\/www.caudete.org\/ayuntamiento\/wp-json\/wp\/v2\/posts"}],"about":[{"href":"https:\/\/www.caudete.org\/ayuntamiento\/wp-json\/wp\/v2\/types\/post"}],"author":[{"embeddable":true,"href":"https:\/\/www.caudete.org\/ayuntamiento\/wp-json\/wp\/v2\/users\/1"}],"replies":[{"embeddable":true,"href":"https:\/\/www.caudete.org\/ayuntamiento\/wp-json\/wp\/v2\/comments?post=6525"}],"version-history":[{"count":2,"href":"https:\/\/www.caudete.org\/ayuntamiento\/wp-json\/wp\/v2\/posts\/6525\/revisions"}],"predecessor-version":[{"id":9784,"href":"https:\/\/www.caudete.org\/ayuntamiento\/wp-json\/wp\/v2\/posts\/6525\/revisions\/9784"}],"wp:featuredmedia":[{"embeddable":true,"href":"https:\/\/www.caudete.org\/ayuntamiento\/wp-json\/wp\/v2\/media\/6526"}],"wp:attachment":[{"href":"https:\/\/www.caudete.org\/ayuntamiento\/wp-json\/wp\/v2\/media?parent=6525"}],"wp:term":[{"taxonomy":"category","embeddable":true,"href":"https:\/\/www.caudete.org\/ayuntamiento\/wp-json\/wp\/v2\/categories?post=6525"},{"taxonomy":"post_tag","embeddable":true,"href":"https:\/\/www.caudete.org\/ayuntamiento\/wp-json\/wp\/v2\/tags?post=6525"}],"curies":[{"name":"wp","href":"https:\/\/api.w.org\/{rel}","templated":true}]}}