{"id":6529,"date":"2018-11-23T20:22:53","date_gmt":"2018-11-23T19:22:53","guid":{"rendered":"http:\/\/www.caudete.org\/ayuntamiento\/?p=6529"},"modified":"2020-12-15T14:11:56","modified_gmt":"2020-12-15T13:11:56","slug":"convocadas-ayudas-para-sustitucion-de-ventanas-calderas-individuales-y-adquisicion-de-estufas-o-calderas-de-biocombustible","status":"publish","type":"post","link":"https:\/\/www.caudete.org\/ayuntamiento\/convocadas-ayudas-para-sustitucion-de-ventanas-calderas-individuales-y-adquisicion-de-estufas-o-calderas-de-biocombustible\/","title":{"rendered":"CONVOCADAS AYUDAS PARA SUSTITUCION DE VENTANAS, CALDERAS INDIVIDUALES Y ADQUISICI\u00d3N DE ESTUFAS O CALDERAS DE BIOCOMBUSTIBLE"},"content":{"rendered":"<p style=\"text-align: justify;\"><span style=\"text-align: justify;\">El plazo de presentaci\u00f3n de solicitudes es hasta el 01 de junio del 2019.<\/span><\/p>\n<div id=\"cen_sec_not\">\n<div id=\"noticia\">\n<div id=\"recuadro_not\" style=\"text-align: justify;\">\n<p>Desde la Agencia de Desarrollo del Ayuntamiento de Caudete se informa de que se han convocado, por parte de la Direcci\u00f3n General de Industria, Energ\u00eda y Miner\u00eda de la Consejer\u00eda de Econom\u00eda, Empresas y Empleo de la JCCM, las ayudas para sustituci\u00f3n de ventanas, sustituci\u00f3n de calderas individuales y la adquisici\u00f3n e instalaci\u00f3n de estufas o calderas de biocombustible.<\/p>\n<p>Los beneficiarios podr\u00e1n ser persona f\u00edsicas que realicen actuaciones subvencionables en viviendas particulares situadas en Castilla-La Mancha.<\/p>\n<p>El objeto de estas ayudas es promover el ahorro energ\u00e9tico mediante la sustituci\u00f3n de ventanas y sustituci\u00f3n de calderas de mayor eficiencia energ\u00e9tica, as\u00ed como la adquisici\u00f3n e instalaci\u00f3n alimentadas por biocombustibles de fuentes renovables.<\/p>\n<\/div>\n<div style=\"text-align: justify;\">Las cuant\u00edas de las subvenciones ser\u00e1n:<\/div>\n<div>&#8211; Para la sustituci\u00f3n de ventanas: 110\u20ac\/m2 (cristales y marcos). 24\u20ac\/m2 para sustituir cristales y en todo caso del 35% del coste de la actividad subvencionada con un m\u00e1ximo de 3000\u20ac.<br \/>\n&#8211; Para la sustituci\u00f3n de calderas: la cuant\u00eda subvencionable ser\u00e1 del 35% del coste con el limite de 400\u20ac.<br \/>\n&#8211; Para la adquisici\u00f3n e instalaci\u00f3n de calderas de biocombustible la cuant\u00eda ser\u00e1 del 35% del coste con un limite m\u00e1ximo de 3000\u20ac<b>El plazo de presentaci\u00f3n de solicitudes es hasta el 01 de junio del 2019.<\/b><\/p>\n<p style=\"text-align: justify;\">Las actuaciones subvencionables abarcan el periodo desde 12 de junio de 2018 hasta 01 de junio de 2019.<\/p>\n<p style=\"text-align: justify;\">Lugar de presentaci\u00f3n: Por v\u00eda telem\u00e1tica preferentemente para la linea de sustituci\u00f3n de ventanas y por medio de los establecimientos instaladores adheridos y registrados en la plataforma web habilitada para ello para las lineas de sustituciones de calderas y adquisici\u00f3n e instalaci\u00f3n de estufas o calderas de biocombustible<\/p>\n<p style=\"text-align: justify;\">Para m\u00e1s informaci\u00f3n: Oficina de la Agencia de Desarrollo Local de Caudete o pinchando en el enlace siguiente:<\/p>\n<p style=\"text-align: justify;\"><b><a href=\"https:\/\/www.jccm.es\/tramitesygestiones\/solicitud-de-ayuda-del-plan-de-sustitucion-de-ventanas-de-castilla-la-mancha#relacionados \" target=\"_blank\" rel=\"nofollow\">PARA MAS INFORMACION PINCHA AQU\u00cd<\/a><\/b><\/p>\n<p class=\"left\" style=\"text-align: justify;\"><b><img fetchpriority=\"high\" decoding=\"async\" class=\"aligncenter size-full wp-image-6530\" src=\"http:\/\/www.caudete.org\/ayuntamiento\/wp-content\/uploads\/2020\/12\/renoveventanas.jpg\" alt=\"\" width=\"800\" height=\"550\" srcset=\"https:\/\/www.caudete.org\/ayuntamiento\/wp-content\/uploads\/2020\/12\/renoveventanas.jpg 800w, https:\/\/www.caudete.org\/ayuntamiento\/wp-content\/uploads\/2020\/12\/renoveventanas-300x206.jpg 300w, https:\/\/www.caudete.org\/ayuntamiento\/wp-content\/uploads\/2020\/12\/renoveventanas-768x528.jpg 768w\" sizes=\"(max-width: 800px) 100vw, 800px\" \/><\/b><\/p>\n<\/div>\n<\/div>\n<\/div>\n","protected":false},"excerpt":{"rendered":"<p>El plazo de presentaci\u00f3n de solicitudes es hasta el 01 de junio del 2019. Desde la Agencia de Desarrollo del Ayuntamiento de Caudete se informa de que se han convocado, por parte de la Direcci\u00f3n General de Industria, Energ\u00eda y Miner\u00eda de la Consejer\u00eda de Econom\u00eda, Empresas y Empleo de la JCCM, las ayudas para &hellip;<\/p>\n","protected":false},"author":1,"featured_media":6530,"comment_status":"closed","ping_status":"open","sticky":false,"template":"","format":"standard","meta":{"ngg_post_thumbnail":0,"footnotes":""},"categories":[90],"tags":[],"class_list":["post-6529","post","type-post","status-publish","format-standard","has-post-thumbnail","hentry","category-tablon-informativo-desarrollo-local"],"yoast_head":"<!-- This site is optimized with the Yoast SEO plugin v27.4 - https:\/\/yoast.com\/product\/yoast-seo-wordpress\/ -->\n<title>CONVOCADAS AYUDAS PARA SUSTITUCION DE VENTANAS, CALDERAS INDIVIDUALES Y ADQUISICI\u00d3N DE ESTUFAS O CALDERAS DE BIOCOMBUSTIBLE - MI Ayuntamiento de Caudete<\/title>\n<meta name=\"description\" content=\"P\u00e1gina Oficial del Ayuntamiento de Caudete (Albacete)\" \/>\n<meta name=\"robots\" content=\"index, follow, max-snippet:-1, max-image-preview:large, max-video-preview:-1\" \/>\n<link rel=\"canonical\" href=\"https:\/\/www.caudete.org\/ayuntamiento\/convocadas-ayudas-para-sustitucion-de-ventanas-calderas-individuales-y-adquisicion-de-estufas-o-calderas-de-biocombustible\/\" \/>\n<meta property=\"og:locale\" content=\"es_ES\" \/>\n<meta property=\"og:type\" content=\"article\" \/>\n<meta property=\"og:title\" content=\"CONVOCADAS AYUDAS PARA SUSTITUCION DE VENTANAS, CALDERAS INDIVIDUALES Y ADQUISICI\u00d3N DE ESTUFAS O CALDERAS DE BIOCOMBUSTIBLE - MI Ayuntamiento de Caudete\" \/>\n<meta property=\"og:description\" content=\"P\u00e1gina Oficial del Ayuntamiento de Caudete (Albacete)\" \/>\n<meta property=\"og:url\" content=\"https:\/\/www.caudete.org\/ayuntamiento\/convocadas-ayudas-para-sustitucion-de-ventanas-calderas-individuales-y-adquisicion-de-estufas-o-calderas-de-biocombustible\/\" \/>\n<meta property=\"og:site_name\" content=\"MI Ayuntamiento de Caudete\" \/>\n<meta property=\"article:publisher\" content=\"https:\/\/www.facebook.com\/ayuntamientocaudete\/\" \/>\n<meta property=\"article:published_time\" content=\"2018-11-23T19:22:53+00:00\" \/>\n<meta property=\"article:modified_time\" content=\"2020-12-15T13:11:56+00:00\" \/>\n<meta property=\"og:image\" content=\"https:\/\/www.caudete.org\/ayuntamiento\/wp-content\/uploads\/2020\/12\/renoveventanas.jpg\" \/>\n\t<meta property=\"og:image:width\" content=\"800\" \/>\n\t<meta property=\"og:image:height\" content=\"550\" \/>\n\t<meta property=\"og:image:type\" content=\"image\/jpeg\" \/>\n<meta name=\"author\" content=\"ayun\" \/>\n<meta name=\"twitter:card\" content=\"summary_large_image\" \/>\n<meta name=\"twitter:label1\" content=\"Escrito por\" \/>\n\t<meta name=\"twitter:data1\" content=\"ayun\" \/>\n\t<meta name=\"twitter:label2\" content=\"Tiempo de lectura\" \/>\n\t<meta name=\"twitter:data2\" content=\"2 minutos\" \/>\n<script type=\"application\/ld+json\" class=\"yoast-schema-graph\">{\"@context\":\"https:\\\/\\\/schema.org\",\"@graph\":[{\"@type\":\"Article\",\"@id\":\"https:\\\/\\\/www.caudete.org\\\/ayuntamiento\\\/convocadas-ayudas-para-sustitucion-de-ventanas-calderas-individuales-y-adquisicion-de-estufas-o-calderas-de-biocombustible\\\/#article\",\"isPartOf\":{\"@id\":\"https:\\\/\\\/www.caudete.org\\\/ayuntamiento\\\/convocadas-ayudas-para-sustitucion-de-ventanas-calderas-individuales-y-adquisicion-de-estufas-o-calderas-de-biocombustible\\\/\"},\"author\":{\"name\":\"ayun\",\"@id\":\"https:\\\/\\\/www.caudete.org\\\/ayuntamiento\\\/#\\\/schema\\\/person\\\/79f7e19fdd176fc2bc7a289013dc2056\"},\"headline\":\"CONVOCADAS AYUDAS PARA SUSTITUCION DE VENTANAS, CALDERAS INDIVIDUALES Y ADQUISICI\u00d3N DE ESTUFAS O CALDERAS DE BIOCOMBUSTIBLE\",\"datePublished\":\"2018-11-23T19:22:53+00:00\",\"dateModified\":\"2020-12-15T13:11:56+00:00\",\"mainEntityOfPage\":{\"@id\":\"https:\\\/\\\/www.caudete.org\\\/ayuntamiento\\\/convocadas-ayudas-para-sustitucion-de-ventanas-calderas-individuales-y-adquisicion-de-estufas-o-calderas-de-biocombustible\\\/\"},\"wordCount\":347,\"publisher\":{\"@id\":\"https:\\\/\\\/www.caudete.org\\\/ayuntamiento\\\/#organization\"},\"image\":{\"@id\":\"https:\\\/\\\/www.caudete.org\\\/ayuntamiento\\\/convocadas-ayudas-para-sustitucion-de-ventanas-calderas-individuales-y-adquisicion-de-estufas-o-calderas-de-biocombustible\\\/#primaryimage\"},\"thumbnailUrl\":\"https:\\\/\\\/www.caudete.org\\\/ayuntamiento\\\/wp-content\\\/uploads\\\/2020\\\/12\\\/renoveventanas.jpg\",\"articleSection\":[\"Tabl\u00f3n informativo (Desarrollo local)\"],\"inLanguage\":\"es\"},{\"@type\":\"WebPage\",\"@id\":\"https:\\\/\\\/www.caudete.org\\\/ayuntamiento\\\/convocadas-ayudas-para-sustitucion-de-ventanas-calderas-individuales-y-adquisicion-de-estufas-o-calderas-de-biocombustible\\\/\",\"url\":\"https:\\\/\\\/www.caudete.org\\\/ayuntamiento\\\/convocadas-ayudas-para-sustitucion-de-ventanas-calderas-individuales-y-adquisicion-de-estufas-o-calderas-de-biocombustible\\\/\",\"name\":\"CONVOCADAS AYUDAS PARA SUSTITUCION DE VENTANAS, CALDERAS INDIVIDUALES Y ADQUISICI\u00d3N DE ESTUFAS O CALDERAS DE BIOCOMBUSTIBLE - MI Ayuntamiento de Caudete\",\"isPartOf\":{\"@id\":\"https:\\\/\\\/www.caudete.org\\\/ayuntamiento\\\/#website\"},\"primaryImageOfPage\":{\"@id\":\"https:\\\/\\\/www.caudete.org\\\/ayuntamiento\\\/convocadas-ayudas-para-sustitucion-de-ventanas-calderas-individuales-y-adquisicion-de-estufas-o-calderas-de-biocombustible\\\/#primaryimage\"},\"image\":{\"@id\":\"https:\\\/\\\/www.caudete.org\\\/ayuntamiento\\\/convocadas-ayudas-para-sustitucion-de-ventanas-calderas-individuales-y-adquisicion-de-estufas-o-calderas-de-biocombustible\\\/#primaryimage\"},\"thumbnailUrl\":\"https:\\\/\\\/www.caudete.org\\\/ayuntamiento\\\/wp-content\\\/uploads\\\/2020\\\/12\\\/renoveventanas.jpg\",\"datePublished\":\"2018-11-23T19:22:53+00:00\",\"dateModified\":\"2020-12-15T13:11:56+00:00\",\"description\":\"P\u00e1gina Oficial del Ayuntamiento de Caudete (Albacete)\",\"breadcrumb\":{\"@id\":\"https:\\\/\\\/www.caudete.org\\\/ayuntamiento\\\/convocadas-ayudas-para-sustitucion-de-ventanas-calderas-individuales-y-adquisicion-de-estufas-o-calderas-de-biocombustible\\\/#breadcrumb\"},\"inLanguage\":\"es\",\"potentialAction\":[{\"@type\":\"ReadAction\",\"target\":[\"https:\\\/\\\/www.caudete.org\\\/ayuntamiento\\\/convocadas-ayudas-para-sustitucion-de-ventanas-calderas-individuales-y-adquisicion-de-estufas-o-calderas-de-biocombustible\\\/\"]}]},{\"@type\":\"ImageObject\",\"inLanguage\":\"es\",\"@id\":\"https:\\\/\\\/www.caudete.org\\\/ayuntamiento\\\/convocadas-ayudas-para-sustitucion-de-ventanas-calderas-individuales-y-adquisicion-de-estufas-o-calderas-de-biocombustible\\\/#primaryimage\",\"url\":\"https:\\\/\\\/www.caudete.org\\\/ayuntamiento\\\/wp-content\\\/uploads\\\/2020\\\/12\\\/renoveventanas.jpg\",\"contentUrl\":\"https:\\\/\\\/www.caudete.org\\\/ayuntamiento\\\/wp-content\\\/uploads\\\/2020\\\/12\\\/renoveventanas.jpg\",\"width\":800,\"height\":550},{\"@type\":\"BreadcrumbList\",\"@id\":\"https:\\\/\\\/www.caudete.org\\\/ayuntamiento\\\/convocadas-ayudas-para-sustitucion-de-ventanas-calderas-individuales-y-adquisicion-de-estufas-o-calderas-de-biocombustible\\\/#breadcrumb\",\"itemListElement\":[{\"@type\":\"ListItem\",\"position\":1,\"name\":\"Inicio\",\"item\":\"https:\\\/\\\/www.caudete.org\\\/ayuntamiento\\\/\"},{\"@type\":\"ListItem\",\"position\":2,\"name\":\"CONVOCADAS AYUDAS PARA SUSTITUCION DE VENTANAS, CALDERAS INDIVIDUALES Y ADQUISICI\u00d3N DE ESTUFAS O CALDERAS DE BIOCOMBUSTIBLE\"}]},{\"@type\":\"WebSite\",\"@id\":\"https:\\\/\\\/www.caudete.org\\\/ayuntamiento\\\/#website\",\"url\":\"https:\\\/\\\/www.caudete.org\\\/ayuntamiento\\\/\",\"name\":\"MI Ayuntamiento de Caudete\",\"description\":\"P\u00e1gina Oficial del MI Ayuntamiento de Caudete\",\"publisher\":{\"@id\":\"https:\\\/\\\/www.caudete.org\\\/ayuntamiento\\\/#organization\"},\"potentialAction\":[{\"@type\":\"SearchAction\",\"target\":{\"@type\":\"EntryPoint\",\"urlTemplate\":\"https:\\\/\\\/www.caudete.org\\\/ayuntamiento\\\/?s={search_term_string}\"},\"query-input\":{\"@type\":\"PropertyValueSpecification\",\"valueRequired\":true,\"valueName\":\"search_term_string\"}}],\"inLanguage\":\"es\"},{\"@type\":\"Organization\",\"@id\":\"https:\\\/\\\/www.caudete.org\\\/ayuntamiento\\\/#organization\",\"name\":\"Ayuntamiento de Caudete\",\"url\":\"https:\\\/\\\/www.caudete.org\\\/ayuntamiento\\\/\",\"logo\":{\"@type\":\"ImageObject\",\"inLanguage\":\"es\",\"@id\":\"https:\\\/\\\/www.caudete.org\\\/ayuntamiento\\\/#\\\/schema\\\/logo\\\/image\\\/\",\"url\":\"https:\\\/\\\/www.caudete.org\\\/ayuntamiento\\\/wp-content\\\/uploads\\\/2020\\\/11\\\/logo_ayuntamiento_caudete.jpg\",\"contentUrl\":\"https:\\\/\\\/www.caudete.org\\\/ayuntamiento\\\/wp-content\\\/uploads\\\/2020\\\/11\\\/logo_ayuntamiento_caudete.jpg\",\"width\":600,\"height\":150,\"caption\":\"Ayuntamiento de Caudete\"},\"image\":{\"@id\":\"https:\\\/\\\/www.caudete.org\\\/ayuntamiento\\\/#\\\/schema\\\/logo\\\/image\\\/\"},\"sameAs\":[\"https:\\\/\\\/www.facebook.com\\\/ayuntamientocaudete\\\/\",\"https:\\\/\\\/www.youtube.com\\\/channel\\\/UC6VztHaooNsGpw-tNoBEFnQ\"]},{\"@type\":\"Person\",\"@id\":\"https:\\\/\\\/www.caudete.org\\\/ayuntamiento\\\/#\\\/schema\\\/person\\\/79f7e19fdd176fc2bc7a289013dc2056\",\"name\":\"ayun\",\"image\":{\"@type\":\"ImageObject\",\"inLanguage\":\"es\",\"@id\":\"https:\\\/\\\/secure.gravatar.com\\\/avatar\\\/4ce797ee07c943e7e592f8cd648e503e6cd571387558ed07135799c2bd2847df?s=96&d=mm&r=g\",\"url\":\"https:\\\/\\\/secure.gravatar.com\\\/avatar\\\/4ce797ee07c943e7e592f8cd648e503e6cd571387558ed07135799c2bd2847df?s=96&d=mm&r=g\",\"contentUrl\":\"https:\\\/\\\/secure.gravatar.com\\\/avatar\\\/4ce797ee07c943e7e592f8cd648e503e6cd571387558ed07135799c2bd2847df?s=96&d=mm&r=g\",\"caption\":\"ayun\"},\"sameAs\":[\"http:\\\/\\\/www.caudete.org\\\/ayuntamiento\"],\"url\":\"https:\\\/\\\/www.caudete.org\\\/ayuntamiento\\\/author\\\/ayun\\\/\"}]}<\/script>\n<!-- \/ Yoast SEO plugin. -->","yoast_head_json":{"title":"CONVOCADAS AYUDAS PARA SUSTITUCION DE VENTANAS, CALDERAS INDIVIDUALES Y ADQUISICI\u00d3N DE ESTUFAS O CALDERAS DE BIOCOMBUSTIBLE - MI Ayuntamiento de Caudete","description":"P\u00e1gina Oficial del Ayuntamiento de Caudete (Albacete)","robots":{"index":"index","follow":"follow","max-snippet":"max-snippet:-1","max-image-preview":"max-image-preview:large","max-video-preview":"max-video-preview:-1"},"canonical":"https:\/\/www.caudete.org\/ayuntamiento\/convocadas-ayudas-para-sustitucion-de-ventanas-calderas-individuales-y-adquisicion-de-estufas-o-calderas-de-biocombustible\/","og_locale":"es_ES","og_type":"article","og_title":"CONVOCADAS AYUDAS PARA SUSTITUCION DE VENTANAS, CALDERAS INDIVIDUALES Y ADQUISICI\u00d3N DE ESTUFAS O CALDERAS DE BIOCOMBUSTIBLE - MI Ayuntamiento de Caudete","og_description":"P\u00e1gina Oficial del Ayuntamiento de Caudete (Albacete)","og_url":"https:\/\/www.caudete.org\/ayuntamiento\/convocadas-ayudas-para-sustitucion-de-ventanas-calderas-individuales-y-adquisicion-de-estufas-o-calderas-de-biocombustible\/","og_site_name":"MI Ayuntamiento de Caudete","article_publisher":"https:\/\/www.facebook.com\/ayuntamientocaudete\/","article_published_time":"2018-11-23T19:22:53+00:00","article_modified_time":"2020-12-15T13:11:56+00:00","og_image":[{"width":800,"height":550,"url":"https:\/\/www.caudete.org\/ayuntamiento\/wp-content\/uploads\/2020\/12\/renoveventanas.jpg","type":"image\/jpeg"}],"author":"ayun","twitter_card":"summary_large_image","twitter_misc":{"Escrito por":"ayun","Tiempo de lectura":"2 minutos"},"schema":{"@context":"https:\/\/schema.org","@graph":[{"@type":"Article","@id":"https:\/\/www.caudete.org\/ayuntamiento\/convocadas-ayudas-para-sustitucion-de-ventanas-calderas-individuales-y-adquisicion-de-estufas-o-calderas-de-biocombustible\/#article","isPartOf":{"@id":"https:\/\/www.caudete.org\/ayuntamiento\/convocadas-ayudas-para-sustitucion-de-ventanas-calderas-individuales-y-adquisicion-de-estufas-o-calderas-de-biocombustible\/"},"author":{"name":"ayun","@id":"https:\/\/www.caudete.org\/ayuntamiento\/#\/schema\/person\/79f7e19fdd176fc2bc7a289013dc2056"},"headline":"CONVOCADAS AYUDAS PARA SUSTITUCION DE VENTANAS, CALDERAS INDIVIDUALES Y ADQUISICI\u00d3N DE ESTUFAS O CALDERAS DE BIOCOMBUSTIBLE","datePublished":"2018-11-23T19:22:53+00:00","dateModified":"2020-12-15T13:11:56+00:00","mainEntityOfPage":{"@id":"https:\/\/www.caudete.org\/ayuntamiento\/convocadas-ayudas-para-sustitucion-de-ventanas-calderas-individuales-y-adquisicion-de-estufas-o-calderas-de-biocombustible\/"},"wordCount":347,"publisher":{"@id":"https:\/\/www.caudete.org\/ayuntamiento\/#organization"},"image":{"@id":"https:\/\/www.caudete.org\/ayuntamiento\/convocadas-ayudas-para-sustitucion-de-ventanas-calderas-individuales-y-adquisicion-de-estufas-o-calderas-de-biocombustible\/#primaryimage"},"thumbnailUrl":"https:\/\/www.caudete.org\/ayuntamiento\/wp-content\/uploads\/2020\/12\/renoveventanas.jpg","articleSection":["Tabl\u00f3n informativo (Desarrollo local)"],"inLanguage":"es"},{"@type":"WebPage","@id":"https:\/\/www.caudete.org\/ayuntamiento\/convocadas-ayudas-para-sustitucion-de-ventanas-calderas-individuales-y-adquisicion-de-estufas-o-calderas-de-biocombustible\/","url":"https:\/\/www.caudete.org\/ayuntamiento\/convocadas-ayudas-para-sustitucion-de-ventanas-calderas-individuales-y-adquisicion-de-estufas-o-calderas-de-biocombustible\/","name":"CONVOCADAS AYUDAS PARA SUSTITUCION DE VENTANAS, CALDERAS INDIVIDUALES Y ADQUISICI\u00d3N DE ESTUFAS O CALDERAS DE BIOCOMBUSTIBLE - MI Ayuntamiento de Caudete","isPartOf":{"@id":"https:\/\/www.caudete.org\/ayuntamiento\/#website"},"primaryImageOfPage":{"@id":"https:\/\/www.caudete.org\/ayuntamiento\/convocadas-ayudas-para-sustitucion-de-ventanas-calderas-individuales-y-adquisicion-de-estufas-o-calderas-de-biocombustible\/#primaryimage"},"image":{"@id":"https:\/\/www.caudete.org\/ayuntamiento\/convocadas-ayudas-para-sustitucion-de-ventanas-calderas-individuales-y-adquisicion-de-estufas-o-calderas-de-biocombustible\/#primaryimage"},"thumbnailUrl":"https:\/\/www.caudete.org\/ayuntamiento\/wp-content\/uploads\/2020\/12\/renoveventanas.jpg","datePublished":"2018-11-23T19:22:53+00:00","dateModified":"2020-12-15T13:11:56+00:00","description":"P\u00e1gina Oficial del Ayuntamiento de Caudete (Albacete)","breadcrumb":{"@id":"https:\/\/www.caudete.org\/ayuntamiento\/convocadas-ayudas-para-sustitucion-de-ventanas-calderas-individuales-y-adquisicion-de-estufas-o-calderas-de-biocombustible\/#breadcrumb"},"inLanguage":"es","potentialAction":[{"@type":"ReadAction","target":["https:\/\/www.caudete.org\/ayuntamiento\/convocadas-ayudas-para-sustitucion-de-ventanas-calderas-individuales-y-adquisicion-de-estufas-o-calderas-de-biocombustible\/"]}]},{"@type":"ImageObject","inLanguage":"es","@id":"https:\/\/www.caudete.org\/ayuntamiento\/convocadas-ayudas-para-sustitucion-de-ventanas-calderas-individuales-y-adquisicion-de-estufas-o-calderas-de-biocombustible\/#primaryimage","url":"https:\/\/www.caudete.org\/ayuntamiento\/wp-content\/uploads\/2020\/12\/renoveventanas.jpg","contentUrl":"https:\/\/www.caudete.org\/ayuntamiento\/wp-content\/uploads\/2020\/12\/renoveventanas.jpg","width":800,"height":550},{"@type":"BreadcrumbList","@id":"https:\/\/www.caudete.org\/ayuntamiento\/convocadas-ayudas-para-sustitucion-de-ventanas-calderas-individuales-y-adquisicion-de-estufas-o-calderas-de-biocombustible\/#breadcrumb","itemListElement":[{"@type":"ListItem","position":1,"name":"Inicio","item":"https:\/\/www.caudete.org\/ayuntamiento\/"},{"@type":"ListItem","position":2,"name":"CONVOCADAS AYUDAS PARA SUSTITUCION DE VENTANAS, CALDERAS INDIVIDUALES Y ADQUISICI\u00d3N DE ESTUFAS O CALDERAS DE BIOCOMBUSTIBLE"}]},{"@type":"WebSite","@id":"https:\/\/www.caudete.org\/ayuntamiento\/#website","url":"https:\/\/www.caudete.org\/ayuntamiento\/","name":"MI Ayuntamiento de Caudete","description":"P\u00e1gina Oficial del MI Ayuntamiento de Caudete","publisher":{"@id":"https:\/\/www.caudete.org\/ayuntamiento\/#organization"},"potentialAction":[{"@type":"SearchAction","target":{"@type":"EntryPoint","urlTemplate":"https:\/\/www.caudete.org\/ayuntamiento\/?s={search_term_string}"},"query-input":{"@type":"PropertyValueSpecification","valueRequired":true,"valueName":"search_term_string"}}],"inLanguage":"es"},{"@type":"Organization","@id":"https:\/\/www.caudete.org\/ayuntamiento\/#organization","name":"Ayuntamiento de Caudete","url":"https:\/\/www.caudete.org\/ayuntamiento\/","logo":{"@type":"ImageObject","inLanguage":"es","@id":"https:\/\/www.caudete.org\/ayuntamiento\/#\/schema\/logo\/image\/","url":"https:\/\/www.caudete.org\/ayuntamiento\/wp-content\/uploads\/2020\/11\/logo_ayuntamiento_caudete.jpg","contentUrl":"https:\/\/www.caudete.org\/ayuntamiento\/wp-content\/uploads\/2020\/11\/logo_ayuntamiento_caudete.jpg","width":600,"height":150,"caption":"Ayuntamiento de Caudete"},"image":{"@id":"https:\/\/www.caudete.org\/ayuntamiento\/#\/schema\/logo\/image\/"},"sameAs":["https:\/\/www.facebook.com\/ayuntamientocaudete\/","https:\/\/www.youtube.com\/channel\/UC6VztHaooNsGpw-tNoBEFnQ"]},{"@type":"Person","@id":"https:\/\/www.caudete.org\/ayuntamiento\/#\/schema\/person\/79f7e19fdd176fc2bc7a289013dc2056","name":"ayun","image":{"@type":"ImageObject","inLanguage":"es","@id":"https:\/\/secure.gravatar.com\/avatar\/4ce797ee07c943e7e592f8cd648e503e6cd571387558ed07135799c2bd2847df?s=96&d=mm&r=g","url":"https:\/\/secure.gravatar.com\/avatar\/4ce797ee07c943e7e592f8cd648e503e6cd571387558ed07135799c2bd2847df?s=96&d=mm&r=g","contentUrl":"https:\/\/secure.gravatar.com\/avatar\/4ce797ee07c943e7e592f8cd648e503e6cd571387558ed07135799c2bd2847df?s=96&d=mm&r=g","caption":"ayun"},"sameAs":["http:\/\/www.caudete.org\/ayuntamiento"],"url":"https:\/\/www.caudete.org\/ayuntamiento\/author\/ayun\/"}]}},"_links":{"self":[{"href":"https:\/\/www.caudete.org\/ayuntamiento\/wp-json\/wp\/v2\/posts\/6529","targetHints":{"allow":["GET"]}}],"collection":[{"href":"https:\/\/www.caudete.org\/ayuntamiento\/wp-json\/wp\/v2\/posts"}],"about":[{"href":"https:\/\/www.caudete.org\/ayuntamiento\/wp-json\/wp\/v2\/types\/post"}],"author":[{"embeddable":true,"href":"https:\/\/www.caudete.org\/ayuntamiento\/wp-json\/wp\/v2\/users\/1"}],"replies":[{"embeddable":true,"href":"https:\/\/www.caudete.org\/ayuntamiento\/wp-json\/wp\/v2\/comments?post=6529"}],"version-history":[{"count":4,"href":"https:\/\/www.caudete.org\/ayuntamiento\/wp-json\/wp\/v2\/posts\/6529\/revisions"}],"predecessor-version":[{"id":9783,"href":"https:\/\/www.caudete.org\/ayuntamiento\/wp-json\/wp\/v2\/posts\/6529\/revisions\/9783"}],"wp:featuredmedia":[{"embeddable":true,"href":"https:\/\/www.caudete.org\/ayuntamiento\/wp-json\/wp\/v2\/media\/6530"}],"wp:attachment":[{"href":"https:\/\/www.caudete.org\/ayuntamiento\/wp-json\/wp\/v2\/media?parent=6529"}],"wp:term":[{"taxonomy":"category","embeddable":true,"href":"https:\/\/www.caudete.org\/ayuntamiento\/wp-json\/wp\/v2\/categories?post=6529"},{"taxonomy":"post_tag","embeddable":true,"href":"https:\/\/www.caudete.org\/ayuntamiento\/wp-json\/wp\/v2\/tags?post=6529"}],"curies":[{"name":"wp","href":"https:\/\/api.w.org\/{rel}","templated":true}]}}