{"id":6540,"date":"2018-11-23T20:41:26","date_gmt":"2018-11-23T19:41:26","guid":{"rendered":"http:\/\/www.caudete.org\/ayuntamiento\/?p=6540"},"modified":"2020-12-15T14:10:27","modified_gmt":"2020-12-15T13:10:27","slug":"curso-de-acciones-para-el-fomento-de-la-caza-menor-cofinanciado-por-el-fondo-europeo-feader-con-la-colaboracion-de-aproca","status":"publish","type":"post","link":"https:\/\/www.caudete.org\/ayuntamiento\/curso-de-acciones-para-el-fomento-de-la-caza-menor-cofinanciado-por-el-fondo-europeo-feader-con-la-colaboracion-de-aproca\/","title":{"rendered":"CURSO DE ACCIONES PARA EL FOMENTO DE LA CAZA MENOR. Cofinanciado por el Fondo Europeo Feader. Con la colaboraci\u00f3n de Aproca"},"content":{"rendered":"<h5 style=\"text-align: justify;\">DESTINATARIOS: Profesionales del sector agrario y forestal y personas del medio rural que trabajen o vayan a trabar en estas actividades, especialmente los j\u00f3venes y las mujeres. Cualquier persona del medio rural interesada en adquirir estos conocimientos.<\/h5>\n<p style=\"text-align: justify;\"><b>OBJETIVOS:<\/b><br \/>\nEl objetivo de este curso es ofrecer una visi\u00f3n global de la situaci\u00f3n actual de la perdiz roja, el conejo de monte y otras especies esteparias. Y desde ese conocimiento, poder aplicar los estudios cient\u00edficos para mejorar sus poblaciones, poniendo en valor la gesti\u00f3n del territorio que se lleva a cabo debido a la existencia de la actividad cinegetica, herramienta de gesti\u00f3n sostenible imprescindible en nuestro medio rural modificado para la conservaci\u00f3n de todas las especies que lo habitan.<br \/>\nEl PROYECTO RUFA es un proyecto de innovaci\u00f3n que compatibiliza la rentabilidad agraria y la conservaci\u00f3n de la biodiversidad que pretende dar a conocer la investigaci\u00f3n que ayude a mejorar las poblaciones de las especies ligadas al medio agr\u00edcola en general.<\/p>\n<p><b>DIAS :<\/b><br \/>\nD\u00edas: Del 1 AL 3 de OCTUBRE de 2018<br \/>\nHorario: 16:00 a 21:00 horas<br \/>\nTotal: 15 horas<br \/>\nCENTRO CULTURAL DE LA TRAVES\u00cdA EXP\u00d3SITO, 3 LEZUZA<br \/>\nCURSO GRATUITO<\/p>\n<p><b>INSCRIPCI\u00d3N:<\/b><br \/>\nPara asistir a este curso hay que contactar con:<br \/>\nNatalio Villora Fern\u00e1ndez<br \/>\nTel\u00e9fono: 967 55 85 88<br \/>\nemail: <a href=\"mailto:obalazote@jccm.es\" target=\"_blank\" rel=\"nofollow\">obalazote@jccm.es<\/a><br \/>\nrellenando una solicitud con sus datos personales (nombre completo, tel\u00e9fono, localidad, DNI, correo electr\u00f3nico)<\/p>\n<p>Direcci\u00f3n Provincial de Agricultura Medio Ambiente y Desarrollo Rural de Albacete<br \/>\nTfno: 967 55 85 50<br \/>\ne-mail: <a href=\"mailto:jcvilchesd@jccm.es\" target=\"_blank\" rel=\"nofollow\">jcvilchesd@jccm.es<\/a><\/p>\n<p><b>PROGRAMA:<\/b><br \/>\n<b>DIA : Lunes: 1 de Octubre de 2018 <\/b><br \/>\nHorario: de 16:00 a 21:00 horas<br \/>\nPonentes: Carlos Pacheco del Cerro, Ing. Tecn. Forestal; Luc\u00eda C\u00e1mara Alvarez, Ing. Tecn. Forestal de APROCA CLM.<\/p>\n<p>16:00\u201017:00 horas: Biolog\u00eda y ecolog\u00eda de la perdiz roja y conejo de monte. Repaso a otras especies esteparias (avutardas, gangas, sisones, etc).<br \/>\n17:00\u201018:00 horas: Situaci\u00f3n actual de la perdiz roja, conejo de monte y otras especies esteparias.<br \/>\n18:00\u201018:30 horas: Descanso<br \/>\n18:30\u201019:30 horas: \u00bfPor qu\u00e9 hay menos perdices y otras aves esteparias? Factores que afectan a las poblaciones.<br \/>\n19:30\u201020:30 horas: La perdiz y el conejo, especies imprescindibles para la conservaci\u00f3n del medio natural.<br \/>\n20:30\u201021:00 horas Ruegos y preguntas. Cierre<\/p>\n<p><b>DIA : Martes: 2 de Octubre de 2018 <\/b><br \/>\nHorario: de 16:00 a 21:00 horas<br \/>\nPonentes: Luis Fernando Villanueva Gonz\u00e1lez, Presidente de APROCA CLM y de la Fundaci\u00f3n Artemisan;<\/p>\n<p>16:00\u201017:00 horas: Modelos de gesti\u00f3n de caza en la actualidad.<br \/>\n17:00\u201018:00 horas: Gesti\u00f3n del h\u00e1bitat. Comederos y bebederos.<br \/>\n18:00\u201018:30 horas: Descanso<br \/>\n18:30\u201019:30 horas: Investigaci\u00f3n aplicada de las distintas herramientas de gesti\u00f3n en perdiz roja y conejo de monte. El proyecto RUFA.<br \/>\n20:30\u201021:00 horas Ruegos y preguntas. Cierre.<\/p>\n<p><b>DIA : Mi\u00e9rcoles: 3 de Octubre de 2018 <\/b><br \/>\nHorario : de 16:00 a 21:00 horas<br \/>\nPonentes: Carlos Pacheco del Cerro, Ing. Tecn. Forestal; Luc\u00eda C\u00e1mara Alvarez, Ing. Tecn. Forestal de APROCA CLM.<\/p>\n<p>16:00\u201018:00 horas: MEDIDAS AGROAMBIENTALES COMO MODELO AGRARIO DE GESTION SOSTENIBLE<br \/>\n18:00\u201018:30 horas: Descanso.<br \/>\n18:30\u201019:30 horas: Control de predadores. Estudios realizados y conclusiones de su efecto sobre la caza menor.<br \/>\n20:30\u201021:00 horas Ruegos y preguntas. Cierre.<\/p>\n<p><a href=\"http:\/\/caudete.org\/ayuntamiento\/eniusimg\/enius146\/2018\/09\/adjuntos_fichero_da64b2c8188341ef.pdf\" class=\"mtli_attachment mtli_pdf\" target=\"_blank\" rel=\"noopener noreferrer nofollow\">CURSO ACCIONES FOMENTO DE LA CAZA MENOR <\/a><\/p>\n<p><img fetchpriority=\"high\" decoding=\"async\" class=\"aligncenter size-full wp-image-6541\" src=\"http:\/\/www.caudete.org\/ayuntamiento\/wp-content\/uploads\/2020\/12\/cazamenor1.jpg\" alt=\"\" width=\"800\" height=\"565\" srcset=\"https:\/\/www.caudete.org\/ayuntamiento\/wp-content\/uploads\/2020\/12\/cazamenor1.jpg 800w, https:\/\/www.caudete.org\/ayuntamiento\/wp-content\/uploads\/2020\/12\/cazamenor1-300x212.jpg 300w, https:\/\/www.caudete.org\/ayuntamiento\/wp-content\/uploads\/2020\/12\/cazamenor1-768x542.jpg 768w\" sizes=\"(max-width: 800px) 100vw, 800px\" \/><\/p>\n<p><img decoding=\"async\" class=\"aligncenter size-full wp-image-6544\" src=\"http:\/\/www.caudete.org\/ayuntamiento\/wp-content\/uploads\/2018\/11\/cazamenor2.jpg\" alt=\"\" width=\"800\" height=\"565\" srcset=\"https:\/\/www.caudete.org\/ayuntamiento\/wp-content\/uploads\/2018\/11\/cazamenor2.jpg 800w, https:\/\/www.caudete.org\/ayuntamiento\/wp-content\/uploads\/2018\/11\/cazamenor2-300x212.jpg 300w, https:\/\/www.caudete.org\/ayuntamiento\/wp-content\/uploads\/2018\/11\/cazamenor2-768x542.jpg 768w\" sizes=\"(max-width: 800px) 100vw, 800px\" \/><\/p>\n","protected":false},"excerpt":{"rendered":"<p>DESTINATARIOS: Profesionales del sector agrario y forestal y personas del medio rural que trabajen o vayan a trabar en estas actividades, especialmente los j\u00f3venes y las mujeres. Cualquier persona del medio rural interesada en adquirir estos conocimientos. OBJETIVOS: El objetivo de este curso es ofrecer una visi\u00f3n global de la situaci\u00f3n actual de la perdiz &hellip;<\/p>\n","protected":false},"author":1,"featured_media":6541,"comment_status":"closed","ping_status":"open","sticky":false,"template":"","format":"standard","meta":{"ngg_post_thumbnail":0,"footnotes":""},"categories":[90],"tags":[],"class_list":["post-6540","post","type-post","status-publish","format-standard","has-post-thumbnail","hentry","category-tablon-informativo-desarrollo-local"],"yoast_head":"<!-- This site is optimized with the Yoast SEO plugin v27.4 - https:\/\/yoast.com\/product\/yoast-seo-wordpress\/ -->\n<title>CURSO DE ACCIONES PARA EL FOMENTO DE LA CAZA MENOR. Cofinanciado por el Fondo Europeo Feader. Con la colaboraci\u00f3n de Aproca - MI Ayuntamiento de Caudete<\/title>\n<meta name=\"description\" content=\"P\u00e1gina Oficial del Ayuntamiento de Caudete (Albacete)\" \/>\n<meta name=\"robots\" content=\"index, follow, max-snippet:-1, max-image-preview:large, max-video-preview:-1\" \/>\n<link rel=\"canonical\" href=\"https:\/\/www.caudete.org\/ayuntamiento\/curso-de-acciones-para-el-fomento-de-la-caza-menor-cofinanciado-por-el-fondo-europeo-feader-con-la-colaboracion-de-aproca\/\" \/>\n<meta property=\"og:locale\" content=\"es_ES\" \/>\n<meta property=\"og:type\" content=\"article\" \/>\n<meta property=\"og:title\" content=\"CURSO DE ACCIONES PARA EL FOMENTO DE LA CAZA MENOR. Cofinanciado por el Fondo Europeo Feader. Con la colaboraci\u00f3n de Aproca - MI Ayuntamiento de Caudete\" \/>\n<meta property=\"og:description\" content=\"P\u00e1gina Oficial del Ayuntamiento de Caudete (Albacete)\" \/>\n<meta property=\"og:url\" content=\"https:\/\/www.caudete.org\/ayuntamiento\/curso-de-acciones-para-el-fomento-de-la-caza-menor-cofinanciado-por-el-fondo-europeo-feader-con-la-colaboracion-de-aproca\/\" \/>\n<meta property=\"og:site_name\" content=\"MI Ayuntamiento de Caudete\" \/>\n<meta property=\"article:publisher\" content=\"https:\/\/www.facebook.com\/ayuntamientocaudete\/\" \/>\n<meta property=\"article:published_time\" content=\"2018-11-23T19:41:26+00:00\" \/>\n<meta property=\"article:modified_time\" content=\"2020-12-15T13:10:27+00:00\" \/>\n<meta property=\"og:image\" content=\"https:\/\/www.caudete.org\/ayuntamiento\/wp-content\/uploads\/2020\/12\/cazamenor1.jpg\" \/>\n\t<meta property=\"og:image:width\" content=\"800\" \/>\n\t<meta property=\"og:image:height\" content=\"565\" \/>\n\t<meta property=\"og:image:type\" content=\"image\/jpeg\" \/>\n<meta name=\"author\" content=\"ayun\" \/>\n<meta name=\"twitter:card\" content=\"summary_large_image\" \/>\n<meta name=\"twitter:label1\" content=\"Escrito por\" \/>\n\t<meta name=\"twitter:data1\" content=\"ayun\" \/>\n\t<meta name=\"twitter:label2\" content=\"Tiempo de lectura\" \/>\n\t<meta name=\"twitter:data2\" content=\"2 minutos\" \/>\n<script type=\"application\/ld+json\" class=\"yoast-schema-graph\">{\"@context\":\"https:\\\/\\\/schema.org\",\"@graph\":[{\"@type\":\"Article\",\"@id\":\"https:\\\/\\\/www.caudete.org\\\/ayuntamiento\\\/curso-de-acciones-para-el-fomento-de-la-caza-menor-cofinanciado-por-el-fondo-europeo-feader-con-la-colaboracion-de-aproca\\\/#article\",\"isPartOf\":{\"@id\":\"https:\\\/\\\/www.caudete.org\\\/ayuntamiento\\\/curso-de-acciones-para-el-fomento-de-la-caza-menor-cofinanciado-por-el-fondo-europeo-feader-con-la-colaboracion-de-aproca\\\/\"},\"author\":{\"name\":\"ayun\",\"@id\":\"https:\\\/\\\/www.caudete.org\\\/ayuntamiento\\\/#\\\/schema\\\/person\\\/79f7e19fdd176fc2bc7a289013dc2056\"},\"headline\":\"CURSO DE ACCIONES PARA EL FOMENTO DE LA CAZA MENOR. Cofinanciado por el Fondo Europeo Feader. Con la colaboraci\u00f3n de Aproca\",\"datePublished\":\"2018-11-23T19:41:26+00:00\",\"dateModified\":\"2020-12-15T13:10:27+00:00\",\"mainEntityOfPage\":{\"@id\":\"https:\\\/\\\/www.caudete.org\\\/ayuntamiento\\\/curso-de-acciones-para-el-fomento-de-la-caza-menor-cofinanciado-por-el-fondo-europeo-feader-con-la-colaboracion-de-aproca\\\/\"},\"wordCount\":513,\"publisher\":{\"@id\":\"https:\\\/\\\/www.caudete.org\\\/ayuntamiento\\\/#organization\"},\"image\":{\"@id\":\"https:\\\/\\\/www.caudete.org\\\/ayuntamiento\\\/curso-de-acciones-para-el-fomento-de-la-caza-menor-cofinanciado-por-el-fondo-europeo-feader-con-la-colaboracion-de-aproca\\\/#primaryimage\"},\"thumbnailUrl\":\"https:\\\/\\\/www.caudete.org\\\/ayuntamiento\\\/wp-content\\\/uploads\\\/2020\\\/12\\\/cazamenor1.jpg\",\"articleSection\":[\"Tabl\u00f3n informativo (Desarrollo local)\"],\"inLanguage\":\"es\"},{\"@type\":\"WebPage\",\"@id\":\"https:\\\/\\\/www.caudete.org\\\/ayuntamiento\\\/curso-de-acciones-para-el-fomento-de-la-caza-menor-cofinanciado-por-el-fondo-europeo-feader-con-la-colaboracion-de-aproca\\\/\",\"url\":\"https:\\\/\\\/www.caudete.org\\\/ayuntamiento\\\/curso-de-acciones-para-el-fomento-de-la-caza-menor-cofinanciado-por-el-fondo-europeo-feader-con-la-colaboracion-de-aproca\\\/\",\"name\":\"CURSO DE ACCIONES PARA EL FOMENTO DE LA CAZA MENOR. Cofinanciado por el Fondo Europeo Feader. Con la colaboraci\u00f3n de Aproca - MI Ayuntamiento de Caudete\",\"isPartOf\":{\"@id\":\"https:\\\/\\\/www.caudete.org\\\/ayuntamiento\\\/#website\"},\"primaryImageOfPage\":{\"@id\":\"https:\\\/\\\/www.caudete.org\\\/ayuntamiento\\\/curso-de-acciones-para-el-fomento-de-la-caza-menor-cofinanciado-por-el-fondo-europeo-feader-con-la-colaboracion-de-aproca\\\/#primaryimage\"},\"image\":{\"@id\":\"https:\\\/\\\/www.caudete.org\\\/ayuntamiento\\\/curso-de-acciones-para-el-fomento-de-la-caza-menor-cofinanciado-por-el-fondo-europeo-feader-con-la-colaboracion-de-aproca\\\/#primaryimage\"},\"thumbnailUrl\":\"https:\\\/\\\/www.caudete.org\\\/ayuntamiento\\\/wp-content\\\/uploads\\\/2020\\\/12\\\/cazamenor1.jpg\",\"datePublished\":\"2018-11-23T19:41:26+00:00\",\"dateModified\":\"2020-12-15T13:10:27+00:00\",\"description\":\"P\u00e1gina Oficial del Ayuntamiento de Caudete (Albacete)\",\"breadcrumb\":{\"@id\":\"https:\\\/\\\/www.caudete.org\\\/ayuntamiento\\\/curso-de-acciones-para-el-fomento-de-la-caza-menor-cofinanciado-por-el-fondo-europeo-feader-con-la-colaboracion-de-aproca\\\/#breadcrumb\"},\"inLanguage\":\"es\",\"potentialAction\":[{\"@type\":\"ReadAction\",\"target\":[\"https:\\\/\\\/www.caudete.org\\\/ayuntamiento\\\/curso-de-acciones-para-el-fomento-de-la-caza-menor-cofinanciado-por-el-fondo-europeo-feader-con-la-colaboracion-de-aproca\\\/\"]}]},{\"@type\":\"ImageObject\",\"inLanguage\":\"es\",\"@id\":\"https:\\\/\\\/www.caudete.org\\\/ayuntamiento\\\/curso-de-acciones-para-el-fomento-de-la-caza-menor-cofinanciado-por-el-fondo-europeo-feader-con-la-colaboracion-de-aproca\\\/#primaryimage\",\"url\":\"https:\\\/\\\/www.caudete.org\\\/ayuntamiento\\\/wp-content\\\/uploads\\\/2020\\\/12\\\/cazamenor1.jpg\",\"contentUrl\":\"https:\\\/\\\/www.caudete.org\\\/ayuntamiento\\\/wp-content\\\/uploads\\\/2020\\\/12\\\/cazamenor1.jpg\",\"width\":800,\"height\":565},{\"@type\":\"BreadcrumbList\",\"@id\":\"https:\\\/\\\/www.caudete.org\\\/ayuntamiento\\\/curso-de-acciones-para-el-fomento-de-la-caza-menor-cofinanciado-por-el-fondo-europeo-feader-con-la-colaboracion-de-aproca\\\/#breadcrumb\",\"itemListElement\":[{\"@type\":\"ListItem\",\"position\":1,\"name\":\"Inicio\",\"item\":\"https:\\\/\\\/www.caudete.org\\\/ayuntamiento\\\/\"},{\"@type\":\"ListItem\",\"position\":2,\"name\":\"CURSO DE ACCIONES PARA EL FOMENTO DE LA CAZA MENOR. Cofinanciado por el Fondo Europeo Feader. Con la colaboraci\u00f3n de Aproca\"}]},{\"@type\":\"WebSite\",\"@id\":\"https:\\\/\\\/www.caudete.org\\\/ayuntamiento\\\/#website\",\"url\":\"https:\\\/\\\/www.caudete.org\\\/ayuntamiento\\\/\",\"name\":\"MI Ayuntamiento de Caudete\",\"description\":\"P\u00e1gina Oficial del MI Ayuntamiento de Caudete\",\"publisher\":{\"@id\":\"https:\\\/\\\/www.caudete.org\\\/ayuntamiento\\\/#organization\"},\"potentialAction\":[{\"@type\":\"SearchAction\",\"target\":{\"@type\":\"EntryPoint\",\"urlTemplate\":\"https:\\\/\\\/www.caudete.org\\\/ayuntamiento\\\/?s={search_term_string}\"},\"query-input\":{\"@type\":\"PropertyValueSpecification\",\"valueRequired\":true,\"valueName\":\"search_term_string\"}}],\"inLanguage\":\"es\"},{\"@type\":\"Organization\",\"@id\":\"https:\\\/\\\/www.caudete.org\\\/ayuntamiento\\\/#organization\",\"name\":\"Ayuntamiento de Caudete\",\"url\":\"https:\\\/\\\/www.caudete.org\\\/ayuntamiento\\\/\",\"logo\":{\"@type\":\"ImageObject\",\"inLanguage\":\"es\",\"@id\":\"https:\\\/\\\/www.caudete.org\\\/ayuntamiento\\\/#\\\/schema\\\/logo\\\/image\\\/\",\"url\":\"https:\\\/\\\/www.caudete.org\\\/ayuntamiento\\\/wp-content\\\/uploads\\\/2020\\\/11\\\/logo_ayuntamiento_caudete.jpg\",\"contentUrl\":\"https:\\\/\\\/www.caudete.org\\\/ayuntamiento\\\/wp-content\\\/uploads\\\/2020\\\/11\\\/logo_ayuntamiento_caudete.jpg\",\"width\":600,\"height\":150,\"caption\":\"Ayuntamiento de Caudete\"},\"image\":{\"@id\":\"https:\\\/\\\/www.caudete.org\\\/ayuntamiento\\\/#\\\/schema\\\/logo\\\/image\\\/\"},\"sameAs\":[\"https:\\\/\\\/www.facebook.com\\\/ayuntamientocaudete\\\/\",\"https:\\\/\\\/www.youtube.com\\\/channel\\\/UC6VztHaooNsGpw-tNoBEFnQ\"]},{\"@type\":\"Person\",\"@id\":\"https:\\\/\\\/www.caudete.org\\\/ayuntamiento\\\/#\\\/schema\\\/person\\\/79f7e19fdd176fc2bc7a289013dc2056\",\"name\":\"ayun\",\"image\":{\"@type\":\"ImageObject\",\"inLanguage\":\"es\",\"@id\":\"https:\\\/\\\/secure.gravatar.com\\\/avatar\\\/4ce797ee07c943e7e592f8cd648e503e6cd571387558ed07135799c2bd2847df?s=96&d=mm&r=g\",\"url\":\"https:\\\/\\\/secure.gravatar.com\\\/avatar\\\/4ce797ee07c943e7e592f8cd648e503e6cd571387558ed07135799c2bd2847df?s=96&d=mm&r=g\",\"contentUrl\":\"https:\\\/\\\/secure.gravatar.com\\\/avatar\\\/4ce797ee07c943e7e592f8cd648e503e6cd571387558ed07135799c2bd2847df?s=96&d=mm&r=g\",\"caption\":\"ayun\"},\"sameAs\":[\"http:\\\/\\\/www.caudete.org\\\/ayuntamiento\"],\"url\":\"https:\\\/\\\/www.caudete.org\\\/ayuntamiento\\\/author\\\/ayun\\\/\"}]}<\/script>\n<!-- \/ Yoast SEO plugin. -->","yoast_head_json":{"title":"CURSO DE ACCIONES PARA EL FOMENTO DE LA CAZA MENOR. Cofinanciado por el Fondo Europeo Feader. Con la colaboraci\u00f3n de Aproca - MI Ayuntamiento de Caudete","description":"P\u00e1gina Oficial del Ayuntamiento de Caudete (Albacete)","robots":{"index":"index","follow":"follow","max-snippet":"max-snippet:-1","max-image-preview":"max-image-preview:large","max-video-preview":"max-video-preview:-1"},"canonical":"https:\/\/www.caudete.org\/ayuntamiento\/curso-de-acciones-para-el-fomento-de-la-caza-menor-cofinanciado-por-el-fondo-europeo-feader-con-la-colaboracion-de-aproca\/","og_locale":"es_ES","og_type":"article","og_title":"CURSO DE ACCIONES PARA EL FOMENTO DE LA CAZA MENOR. Cofinanciado por el Fondo Europeo Feader. Con la colaboraci\u00f3n de Aproca - MI Ayuntamiento de Caudete","og_description":"P\u00e1gina Oficial del Ayuntamiento de Caudete (Albacete)","og_url":"https:\/\/www.caudete.org\/ayuntamiento\/curso-de-acciones-para-el-fomento-de-la-caza-menor-cofinanciado-por-el-fondo-europeo-feader-con-la-colaboracion-de-aproca\/","og_site_name":"MI Ayuntamiento de Caudete","article_publisher":"https:\/\/www.facebook.com\/ayuntamientocaudete\/","article_published_time":"2018-11-23T19:41:26+00:00","article_modified_time":"2020-12-15T13:10:27+00:00","og_image":[{"width":800,"height":565,"url":"https:\/\/www.caudete.org\/ayuntamiento\/wp-content\/uploads\/2020\/12\/cazamenor1.jpg","type":"image\/jpeg"}],"author":"ayun","twitter_card":"summary_large_image","twitter_misc":{"Escrito por":"ayun","Tiempo de lectura":"2 minutos"},"schema":{"@context":"https:\/\/schema.org","@graph":[{"@type":"Article","@id":"https:\/\/www.caudete.org\/ayuntamiento\/curso-de-acciones-para-el-fomento-de-la-caza-menor-cofinanciado-por-el-fondo-europeo-feader-con-la-colaboracion-de-aproca\/#article","isPartOf":{"@id":"https:\/\/www.caudete.org\/ayuntamiento\/curso-de-acciones-para-el-fomento-de-la-caza-menor-cofinanciado-por-el-fondo-europeo-feader-con-la-colaboracion-de-aproca\/"},"author":{"name":"ayun","@id":"https:\/\/www.caudete.org\/ayuntamiento\/#\/schema\/person\/79f7e19fdd176fc2bc7a289013dc2056"},"headline":"CURSO DE ACCIONES PARA EL FOMENTO DE LA CAZA MENOR. Cofinanciado por el Fondo Europeo Feader. Con la colaboraci\u00f3n de Aproca","datePublished":"2018-11-23T19:41:26+00:00","dateModified":"2020-12-15T13:10:27+00:00","mainEntityOfPage":{"@id":"https:\/\/www.caudete.org\/ayuntamiento\/curso-de-acciones-para-el-fomento-de-la-caza-menor-cofinanciado-por-el-fondo-europeo-feader-con-la-colaboracion-de-aproca\/"},"wordCount":513,"publisher":{"@id":"https:\/\/www.caudete.org\/ayuntamiento\/#organization"},"image":{"@id":"https:\/\/www.caudete.org\/ayuntamiento\/curso-de-acciones-para-el-fomento-de-la-caza-menor-cofinanciado-por-el-fondo-europeo-feader-con-la-colaboracion-de-aproca\/#primaryimage"},"thumbnailUrl":"https:\/\/www.caudete.org\/ayuntamiento\/wp-content\/uploads\/2020\/12\/cazamenor1.jpg","articleSection":["Tabl\u00f3n informativo (Desarrollo local)"],"inLanguage":"es"},{"@type":"WebPage","@id":"https:\/\/www.caudete.org\/ayuntamiento\/curso-de-acciones-para-el-fomento-de-la-caza-menor-cofinanciado-por-el-fondo-europeo-feader-con-la-colaboracion-de-aproca\/","url":"https:\/\/www.caudete.org\/ayuntamiento\/curso-de-acciones-para-el-fomento-de-la-caza-menor-cofinanciado-por-el-fondo-europeo-feader-con-la-colaboracion-de-aproca\/","name":"CURSO DE ACCIONES PARA EL FOMENTO DE LA CAZA MENOR. Cofinanciado por el Fondo Europeo Feader. Con la colaboraci\u00f3n de Aproca - MI Ayuntamiento de Caudete","isPartOf":{"@id":"https:\/\/www.caudete.org\/ayuntamiento\/#website"},"primaryImageOfPage":{"@id":"https:\/\/www.caudete.org\/ayuntamiento\/curso-de-acciones-para-el-fomento-de-la-caza-menor-cofinanciado-por-el-fondo-europeo-feader-con-la-colaboracion-de-aproca\/#primaryimage"},"image":{"@id":"https:\/\/www.caudete.org\/ayuntamiento\/curso-de-acciones-para-el-fomento-de-la-caza-menor-cofinanciado-por-el-fondo-europeo-feader-con-la-colaboracion-de-aproca\/#primaryimage"},"thumbnailUrl":"https:\/\/www.caudete.org\/ayuntamiento\/wp-content\/uploads\/2020\/12\/cazamenor1.jpg","datePublished":"2018-11-23T19:41:26+00:00","dateModified":"2020-12-15T13:10:27+00:00","description":"P\u00e1gina Oficial del Ayuntamiento de Caudete (Albacete)","breadcrumb":{"@id":"https:\/\/www.caudete.org\/ayuntamiento\/curso-de-acciones-para-el-fomento-de-la-caza-menor-cofinanciado-por-el-fondo-europeo-feader-con-la-colaboracion-de-aproca\/#breadcrumb"},"inLanguage":"es","potentialAction":[{"@type":"ReadAction","target":["https:\/\/www.caudete.org\/ayuntamiento\/curso-de-acciones-para-el-fomento-de-la-caza-menor-cofinanciado-por-el-fondo-europeo-feader-con-la-colaboracion-de-aproca\/"]}]},{"@type":"ImageObject","inLanguage":"es","@id":"https:\/\/www.caudete.org\/ayuntamiento\/curso-de-acciones-para-el-fomento-de-la-caza-menor-cofinanciado-por-el-fondo-europeo-feader-con-la-colaboracion-de-aproca\/#primaryimage","url":"https:\/\/www.caudete.org\/ayuntamiento\/wp-content\/uploads\/2020\/12\/cazamenor1.jpg","contentUrl":"https:\/\/www.caudete.org\/ayuntamiento\/wp-content\/uploads\/2020\/12\/cazamenor1.jpg","width":800,"height":565},{"@type":"BreadcrumbList","@id":"https:\/\/www.caudete.org\/ayuntamiento\/curso-de-acciones-para-el-fomento-de-la-caza-menor-cofinanciado-por-el-fondo-europeo-feader-con-la-colaboracion-de-aproca\/#breadcrumb","itemListElement":[{"@type":"ListItem","position":1,"name":"Inicio","item":"https:\/\/www.caudete.org\/ayuntamiento\/"},{"@type":"ListItem","position":2,"name":"CURSO DE ACCIONES PARA EL FOMENTO DE LA CAZA MENOR. Cofinanciado por el Fondo Europeo Feader. Con la colaboraci\u00f3n de Aproca"}]},{"@type":"WebSite","@id":"https:\/\/www.caudete.org\/ayuntamiento\/#website","url":"https:\/\/www.caudete.org\/ayuntamiento\/","name":"MI Ayuntamiento de Caudete","description":"P\u00e1gina Oficial del MI Ayuntamiento de Caudete","publisher":{"@id":"https:\/\/www.caudete.org\/ayuntamiento\/#organization"},"potentialAction":[{"@type":"SearchAction","target":{"@type":"EntryPoint","urlTemplate":"https:\/\/www.caudete.org\/ayuntamiento\/?s={search_term_string}"},"query-input":{"@type":"PropertyValueSpecification","valueRequired":true,"valueName":"search_term_string"}}],"inLanguage":"es"},{"@type":"Organization","@id":"https:\/\/www.caudete.org\/ayuntamiento\/#organization","name":"Ayuntamiento de Caudete","url":"https:\/\/www.caudete.org\/ayuntamiento\/","logo":{"@type":"ImageObject","inLanguage":"es","@id":"https:\/\/www.caudete.org\/ayuntamiento\/#\/schema\/logo\/image\/","url":"https:\/\/www.caudete.org\/ayuntamiento\/wp-content\/uploads\/2020\/11\/logo_ayuntamiento_caudete.jpg","contentUrl":"https:\/\/www.caudete.org\/ayuntamiento\/wp-content\/uploads\/2020\/11\/logo_ayuntamiento_caudete.jpg","width":600,"height":150,"caption":"Ayuntamiento de Caudete"},"image":{"@id":"https:\/\/www.caudete.org\/ayuntamiento\/#\/schema\/logo\/image\/"},"sameAs":["https:\/\/www.facebook.com\/ayuntamientocaudete\/","https:\/\/www.youtube.com\/channel\/UC6VztHaooNsGpw-tNoBEFnQ"]},{"@type":"Person","@id":"https:\/\/www.caudete.org\/ayuntamiento\/#\/schema\/person\/79f7e19fdd176fc2bc7a289013dc2056","name":"ayun","image":{"@type":"ImageObject","inLanguage":"es","@id":"https:\/\/secure.gravatar.com\/avatar\/4ce797ee07c943e7e592f8cd648e503e6cd571387558ed07135799c2bd2847df?s=96&d=mm&r=g","url":"https:\/\/secure.gravatar.com\/avatar\/4ce797ee07c943e7e592f8cd648e503e6cd571387558ed07135799c2bd2847df?s=96&d=mm&r=g","contentUrl":"https:\/\/secure.gravatar.com\/avatar\/4ce797ee07c943e7e592f8cd648e503e6cd571387558ed07135799c2bd2847df?s=96&d=mm&r=g","caption":"ayun"},"sameAs":["http:\/\/www.caudete.org\/ayuntamiento"],"url":"https:\/\/www.caudete.org\/ayuntamiento\/author\/ayun\/"}]}},"_links":{"self":[{"href":"https:\/\/www.caudete.org\/ayuntamiento\/wp-json\/wp\/v2\/posts\/6540","targetHints":{"allow":["GET"]}}],"collection":[{"href":"https:\/\/www.caudete.org\/ayuntamiento\/wp-json\/wp\/v2\/posts"}],"about":[{"href":"https:\/\/www.caudete.org\/ayuntamiento\/wp-json\/wp\/v2\/types\/post"}],"author":[{"embeddable":true,"href":"https:\/\/www.caudete.org\/ayuntamiento\/wp-json\/wp\/v2\/users\/1"}],"replies":[{"embeddable":true,"href":"https:\/\/www.caudete.org\/ayuntamiento\/wp-json\/wp\/v2\/comments?post=6540"}],"version-history":[{"count":4,"href":"https:\/\/www.caudete.org\/ayuntamiento\/wp-json\/wp\/v2\/posts\/6540\/revisions"}],"predecessor-version":[{"id":9781,"href":"https:\/\/www.caudete.org\/ayuntamiento\/wp-json\/wp\/v2\/posts\/6540\/revisions\/9781"}],"wp:featuredmedia":[{"embeddable":true,"href":"https:\/\/www.caudete.org\/ayuntamiento\/wp-json\/wp\/v2\/media\/6541"}],"wp:attachment":[{"href":"https:\/\/www.caudete.org\/ayuntamiento\/wp-json\/wp\/v2\/media?parent=6540"}],"wp:term":[{"taxonomy":"category","embeddable":true,"href":"https:\/\/www.caudete.org\/ayuntamiento\/wp-json\/wp\/v2\/categories?post=6540"},{"taxonomy":"post_tag","embeddable":true,"href":"https:\/\/www.caudete.org\/ayuntamiento\/wp-json\/wp\/v2\/tags?post=6540"}],"curies":[{"name":"wp","href":"https:\/\/api.w.org\/{rel}","templated":true}]}}