{"id":6554,"date":"2018-11-23T20:56:57","date_gmt":"2018-11-23T19:56:57","guid":{"rendered":"http:\/\/www.caudete.org\/ayuntamiento\/?p=6554"},"modified":"2020-12-15T14:08:40","modified_gmt":"2020-12-15T13:08:40","slug":"curso-de-apicultura-en-hellin-cofinanciado-por-el-fondo-europeo-feader","status":"publish","type":"post","link":"https:\/\/www.caudete.org\/ayuntamiento\/curso-de-apicultura-en-hellin-cofinanciado-por-el-fondo-europeo-feader\/","title":{"rendered":"CURSO DE APICULTURA EN HELLIN. Cofinanciado por el Fondo Europeo Feader"},"content":{"rendered":"<p><span style=\"text-align: justify;\">DESTINATARIOS: Profesionales del sector agrario y forestal y personas del medio rural que trabajen o vayan a trabajar en estas actividades especialmente los j\u00f3venes y las mujeres. Cualquier persona del medio rural interesada en adquirir estos conocimientos<\/span><\/p>\n<div id=\"cen_sec_not\">\n<div id=\"noticia\">\n<div id=\"recuadro_not\">\n<p style=\"text-align: justify;\"><b>OBJETIVOS:<\/b><br \/>\nTransmitir a los apicultores los conocimientos b\u00e1sicos sobre la biolog\u00eda de las colonias de Apis mellifera que puedan aplicar para una explotaci\u00f3n racional de las mismas, potenciando aquellos aspectos que mejoren su vigor y resistencia frente a las enfermedades ap\u00edcolas.<br \/>\nSensibilizar a los productores ap\u00edcolas del importante papel que sus abejas desempe\u00f1an en el mantenimiento de la Biodiversidad en Zonas Naturales, en virtud de su potencial polinizador, as\u00ed como de la necesidad de introducir en sus explotaciones pr\u00e1cticas de manejo que contribuyan a obtener rendimientos productivos de una forma sostenible y compatible con la conservaci\u00f3n medioambiental.<\/p>\n<p><b>DIAS :<\/b><br \/>\nD\u00edas: del 8 al 11 de OCTUBRE de 2018<br \/>\nHorario: de 16:00 a 21:00 horas<br \/>\nTotal: 20 horas<br \/>\nAULA DE LA LAGUNA DE LOS PATOS HELL\u00cdN ( ALBACETE)<\/p>\n<p><b>INSCRIPCI\u00d3N:<\/b><br \/>\nPara asistir a este curso hay que contactar con:<br \/>\nOCA de Hell\u00edn<br \/>\nTel\u00e9fono: 967 19 57 70<br \/>\nemail: <a href=\"mailto:ohellin@jccm.es\" target=\"_blank\" rel=\"nofollow\">ohellin@jccm.es<\/a><br \/>\naportando sus datos personales (nombre completo, tel\u00e9fono, localidad, DNI, correo electr\u00f3nico)<\/p>\n<p>Direcci\u00f3n Provincial de Agricultura Medio Ambiente y Desarrollo Rural de Albacete<br \/>\nTfno: 967 55 85 50<br \/>\ne-mail: <a href=\"mailto:jcvilchesd@jccm.es\" target=\"_blank\" rel=\"nofollow\">jcvilchesd@jccm.es<\/a><\/p>\n<p><b>PROGRAMA:<\/b><\/p>\n<p><b>PONENTES: <\/b><br \/>\n-Andres Valero Valera. Veterinario Jefe de Comarca Ganadera de Hell\u00edn. Apicultor<br \/>\n-Claudio Villar Martinez. Veterinario Oficial de Ganader\u00eda de la OCA de Villarrobledo. Apicultor<\/p>\n<p><b>D\u00eda: Lunes 8 de Octubre de 2018 <\/b><br \/>\nHorario: de 16:00 a 21:00 horas<br \/>\n\u2022\u00bfQu\u00e9 es la apicultura?<br \/>\n\u2022 La colmena: Individuos de la colonia: Anatom\u00eda y Fisiolog\u00eda. Ciclo<br \/>\nBiol\u00f3gico. Organizaci\u00f3n Social.<br \/>\n\u2022 Apicultura fijista y movilista: Tipos de colmenas y Accesorios.<br \/>\n\u2022 Material del apicultor.<br \/>\n\u2022Concepto de colmenar: Elecci\u00f3n de emplazamiento e instalaci\u00f3n.<br \/>\n\u2022 Alimentaci\u00f3n: capricho o necesidad.<br \/>\n\u2022Multiplicaci\u00f3n del colmenar.<br \/>\n\u2022Productos de la colmena.<br \/>\n\u2022Legislaci\u00f3n ap\u00edcola.<\/p>\n<p><b>D\u00eda: Martes 9 de Octubre de 2018 <\/b><br \/>\nHorario: de 16:00 a 21:00 horas<\/p>\n<p>\u2022 Enfermedades de las abejas.<br \/>\n\u2022 Diagn\u00f3stico y tratamiento<br \/>\n\u2022Lucha qu\u00edmica, biol\u00f3gica o integrada..<\/p>\n<p><b>D\u00eda: Mi\u00e9rcoles 10 de Octubre de 2018 <\/b><br \/>\nHorario: de 16:00 a 21:00 horas<\/p>\n<p>\u2022 Biodiversidad floral en Espa\u00f1a. Vegetaci\u00f3n entom\u00f3fila. Flora ap\u00edcola. Calendario Floral.<br \/>\n\u2022 Trashumancia: Importancia pol\u00ednica y econ\u00f3mica<br \/>\n\u2022Calendario del apicultor.<br \/>\n\u2022 Zonas de Producci\u00f3n y tipos de miel en Espa\u00f1a.<br \/>\n\u2022 Cata de miel<\/p>\n<p><b>D\u00eda: Jueves 11 de Octubre de 2018 <\/b><br \/>\n\u2022Horario: de 16:00 a 21:00 horas<\/p>\n<p>VISITA A EXPLOTACION APICOLA<\/p>\n<\/div>\n<\/div>\n<\/div>\n<div id=\"inf\">\n<p class=\"left\" style=\"text-align: justify;\"><b>MI Ayuntamiento de Caudete &#8211; <\/b> c\/. Mayor , 2 &#8211; Tel\u00e9fono 965 827 000 &#8211; Fax 96 582 71 52<\/p>\n<p><a href=\"http:\/\/caudete.org\/ayuntamiento\/eniusimg\/enius146\/2018\/09\/adjuntos_fichero_2fb1b565194fc52b.pdf\" class=\"mtli_attachment mtli_pdf\" target=\"_blank\" rel=\"noopener noreferrer nofollow\">CURSO DE APICULTURA EN HELLIN <\/a><\/p>\n<p><img fetchpriority=\"high\" decoding=\"async\" class=\"aligncenter size-full wp-image-6555\" src=\"http:\/\/www.caudete.org\/ayuntamiento\/wp-content\/uploads\/2020\/12\/apicultura1he.jpg\" alt=\"\" width=\"800\" height=\"565\" srcset=\"https:\/\/www.caudete.org\/ayuntamiento\/wp-content\/uploads\/2020\/12\/apicultura1he.jpg 800w, https:\/\/www.caudete.org\/ayuntamiento\/wp-content\/uploads\/2020\/12\/apicultura1he-300x212.jpg 300w, https:\/\/www.caudete.org\/ayuntamiento\/wp-content\/uploads\/2020\/12\/apicultura1he-768x542.jpg 768w\" sizes=\"(max-width: 800px) 100vw, 800px\" \/><\/p>\n<p><img decoding=\"async\" class=\"aligncenter size-full wp-image-6556\" src=\"http:\/\/www.caudete.org\/ayuntamiento\/wp-content\/uploads\/2020\/12\/apicultura2he.jpg\" alt=\"\" width=\"800\" height=\"565\" srcset=\"https:\/\/www.caudete.org\/ayuntamiento\/wp-content\/uploads\/2020\/12\/apicultura2he.jpg 800w, https:\/\/www.caudete.org\/ayuntamiento\/wp-content\/uploads\/2020\/12\/apicultura2he-300x212.jpg 300w, https:\/\/www.caudete.org\/ayuntamiento\/wp-content\/uploads\/2020\/12\/apicultura2he-768x542.jpg 768w\" sizes=\"(max-width: 800px) 100vw, 800px\" \/><\/p>\n<\/div>\n","protected":false},"excerpt":{"rendered":"<p>DESTINATARIOS: Profesionales del sector agrario y forestal y personas del medio rural que trabajen o vayan a trabajar en estas actividades especialmente los j\u00f3venes y las mujeres. Cualquier persona del medio rural interesada en adquirir estos conocimientos OBJETIVOS: Transmitir a los apicultores los conocimientos b\u00e1sicos sobre la biolog\u00eda de las colonias de Apis mellifera que &hellip;<\/p>\n","protected":false},"author":1,"featured_media":6555,"comment_status":"closed","ping_status":"open","sticky":false,"template":"","format":"standard","meta":{"ngg_post_thumbnail":0,"footnotes":""},"categories":[90],"tags":[],"class_list":["post-6554","post","type-post","status-publish","format-standard","has-post-thumbnail","hentry","category-tablon-informativo-desarrollo-local"],"yoast_head":"<!-- This site is optimized with the Yoast SEO plugin v27.4 - https:\/\/yoast.com\/product\/yoast-seo-wordpress\/ -->\n<title>CURSO DE APICULTURA EN HELLIN. Cofinanciado por el Fondo Europeo Feader - MI Ayuntamiento de Caudete<\/title>\n<meta name=\"description\" content=\"P\u00e1gina Oficial del Ayuntamiento de Caudete (Albacete)\" \/>\n<meta name=\"robots\" content=\"index, follow, max-snippet:-1, max-image-preview:large, max-video-preview:-1\" \/>\n<link rel=\"canonical\" href=\"https:\/\/www.caudete.org\/ayuntamiento\/curso-de-apicultura-en-hellin-cofinanciado-por-el-fondo-europeo-feader\/\" \/>\n<meta property=\"og:locale\" content=\"es_ES\" \/>\n<meta property=\"og:type\" content=\"article\" \/>\n<meta property=\"og:title\" content=\"CURSO DE APICULTURA EN HELLIN. Cofinanciado por el Fondo Europeo Feader - MI Ayuntamiento de Caudete\" \/>\n<meta property=\"og:description\" content=\"P\u00e1gina Oficial del Ayuntamiento de Caudete (Albacete)\" \/>\n<meta property=\"og:url\" content=\"https:\/\/www.caudete.org\/ayuntamiento\/curso-de-apicultura-en-hellin-cofinanciado-por-el-fondo-europeo-feader\/\" \/>\n<meta property=\"og:site_name\" content=\"MI Ayuntamiento de Caudete\" \/>\n<meta property=\"article:publisher\" content=\"https:\/\/www.facebook.com\/ayuntamientocaudete\/\" \/>\n<meta property=\"article:published_time\" content=\"2018-11-23T19:56:57+00:00\" \/>\n<meta property=\"article:modified_time\" content=\"2020-12-15T13:08:40+00:00\" \/>\n<meta property=\"og:image\" content=\"https:\/\/www.caudete.org\/ayuntamiento\/wp-content\/uploads\/2020\/12\/apicultura1he.jpg\" \/>\n\t<meta property=\"og:image:width\" content=\"800\" \/>\n\t<meta property=\"og:image:height\" content=\"565\" \/>\n\t<meta property=\"og:image:type\" content=\"image\/jpeg\" \/>\n<meta name=\"author\" content=\"ayun\" \/>\n<meta name=\"twitter:card\" content=\"summary_large_image\" \/>\n<meta name=\"twitter:label1\" content=\"Escrito por\" \/>\n\t<meta name=\"twitter:data1\" content=\"ayun\" \/>\n\t<meta name=\"twitter:label2\" content=\"Tiempo de lectura\" \/>\n\t<meta name=\"twitter:data2\" content=\"2 minutos\" \/>\n<script type=\"application\/ld+json\" class=\"yoast-schema-graph\">{\"@context\":\"https:\\\/\\\/schema.org\",\"@graph\":[{\"@type\":\"Article\",\"@id\":\"https:\\\/\\\/www.caudete.org\\\/ayuntamiento\\\/curso-de-apicultura-en-hellin-cofinanciado-por-el-fondo-europeo-feader\\\/#article\",\"isPartOf\":{\"@id\":\"https:\\\/\\\/www.caudete.org\\\/ayuntamiento\\\/curso-de-apicultura-en-hellin-cofinanciado-por-el-fondo-europeo-feader\\\/\"},\"author\":{\"name\":\"ayun\",\"@id\":\"https:\\\/\\\/www.caudete.org\\\/ayuntamiento\\\/#\\\/schema\\\/person\\\/79f7e19fdd176fc2bc7a289013dc2056\"},\"headline\":\"CURSO DE APICULTURA EN HELLIN. Cofinanciado por el Fondo Europeo Feader\",\"datePublished\":\"2018-11-23T19:56:57+00:00\",\"dateModified\":\"2020-12-15T13:08:40+00:00\",\"mainEntityOfPage\":{\"@id\":\"https:\\\/\\\/www.caudete.org\\\/ayuntamiento\\\/curso-de-apicultura-en-hellin-cofinanciado-por-el-fondo-europeo-feader\\\/\"},\"wordCount\":432,\"publisher\":{\"@id\":\"https:\\\/\\\/www.caudete.org\\\/ayuntamiento\\\/#organization\"},\"image\":{\"@id\":\"https:\\\/\\\/www.caudete.org\\\/ayuntamiento\\\/curso-de-apicultura-en-hellin-cofinanciado-por-el-fondo-europeo-feader\\\/#primaryimage\"},\"thumbnailUrl\":\"https:\\\/\\\/www.caudete.org\\\/ayuntamiento\\\/wp-content\\\/uploads\\\/2020\\\/12\\\/apicultura1he.jpg\",\"articleSection\":[\"Tabl\u00f3n informativo (Desarrollo local)\"],\"inLanguage\":\"es\"},{\"@type\":\"WebPage\",\"@id\":\"https:\\\/\\\/www.caudete.org\\\/ayuntamiento\\\/curso-de-apicultura-en-hellin-cofinanciado-por-el-fondo-europeo-feader\\\/\",\"url\":\"https:\\\/\\\/www.caudete.org\\\/ayuntamiento\\\/curso-de-apicultura-en-hellin-cofinanciado-por-el-fondo-europeo-feader\\\/\",\"name\":\"CURSO DE APICULTURA EN HELLIN. Cofinanciado por el Fondo Europeo Feader - MI Ayuntamiento de Caudete\",\"isPartOf\":{\"@id\":\"https:\\\/\\\/www.caudete.org\\\/ayuntamiento\\\/#website\"},\"primaryImageOfPage\":{\"@id\":\"https:\\\/\\\/www.caudete.org\\\/ayuntamiento\\\/curso-de-apicultura-en-hellin-cofinanciado-por-el-fondo-europeo-feader\\\/#primaryimage\"},\"image\":{\"@id\":\"https:\\\/\\\/www.caudete.org\\\/ayuntamiento\\\/curso-de-apicultura-en-hellin-cofinanciado-por-el-fondo-europeo-feader\\\/#primaryimage\"},\"thumbnailUrl\":\"https:\\\/\\\/www.caudete.org\\\/ayuntamiento\\\/wp-content\\\/uploads\\\/2020\\\/12\\\/apicultura1he.jpg\",\"datePublished\":\"2018-11-23T19:56:57+00:00\",\"dateModified\":\"2020-12-15T13:08:40+00:00\",\"description\":\"P\u00e1gina Oficial del Ayuntamiento de Caudete (Albacete)\",\"breadcrumb\":{\"@id\":\"https:\\\/\\\/www.caudete.org\\\/ayuntamiento\\\/curso-de-apicultura-en-hellin-cofinanciado-por-el-fondo-europeo-feader\\\/#breadcrumb\"},\"inLanguage\":\"es\",\"potentialAction\":[{\"@type\":\"ReadAction\",\"target\":[\"https:\\\/\\\/www.caudete.org\\\/ayuntamiento\\\/curso-de-apicultura-en-hellin-cofinanciado-por-el-fondo-europeo-feader\\\/\"]}]},{\"@type\":\"ImageObject\",\"inLanguage\":\"es\",\"@id\":\"https:\\\/\\\/www.caudete.org\\\/ayuntamiento\\\/curso-de-apicultura-en-hellin-cofinanciado-por-el-fondo-europeo-feader\\\/#primaryimage\",\"url\":\"https:\\\/\\\/www.caudete.org\\\/ayuntamiento\\\/wp-content\\\/uploads\\\/2020\\\/12\\\/apicultura1he.jpg\",\"contentUrl\":\"https:\\\/\\\/www.caudete.org\\\/ayuntamiento\\\/wp-content\\\/uploads\\\/2020\\\/12\\\/apicultura1he.jpg\",\"width\":800,\"height\":565},{\"@type\":\"BreadcrumbList\",\"@id\":\"https:\\\/\\\/www.caudete.org\\\/ayuntamiento\\\/curso-de-apicultura-en-hellin-cofinanciado-por-el-fondo-europeo-feader\\\/#breadcrumb\",\"itemListElement\":[{\"@type\":\"ListItem\",\"position\":1,\"name\":\"Inicio\",\"item\":\"https:\\\/\\\/www.caudete.org\\\/ayuntamiento\\\/\"},{\"@type\":\"ListItem\",\"position\":2,\"name\":\"CURSO DE APICULTURA EN HELLIN. Cofinanciado por el Fondo Europeo Feader\"}]},{\"@type\":\"WebSite\",\"@id\":\"https:\\\/\\\/www.caudete.org\\\/ayuntamiento\\\/#website\",\"url\":\"https:\\\/\\\/www.caudete.org\\\/ayuntamiento\\\/\",\"name\":\"MI Ayuntamiento de Caudete\",\"description\":\"P\u00e1gina Oficial del MI Ayuntamiento de Caudete\",\"publisher\":{\"@id\":\"https:\\\/\\\/www.caudete.org\\\/ayuntamiento\\\/#organization\"},\"potentialAction\":[{\"@type\":\"SearchAction\",\"target\":{\"@type\":\"EntryPoint\",\"urlTemplate\":\"https:\\\/\\\/www.caudete.org\\\/ayuntamiento\\\/?s={search_term_string}\"},\"query-input\":{\"@type\":\"PropertyValueSpecification\",\"valueRequired\":true,\"valueName\":\"search_term_string\"}}],\"inLanguage\":\"es\"},{\"@type\":\"Organization\",\"@id\":\"https:\\\/\\\/www.caudete.org\\\/ayuntamiento\\\/#organization\",\"name\":\"Ayuntamiento de Caudete\",\"url\":\"https:\\\/\\\/www.caudete.org\\\/ayuntamiento\\\/\",\"logo\":{\"@type\":\"ImageObject\",\"inLanguage\":\"es\",\"@id\":\"https:\\\/\\\/www.caudete.org\\\/ayuntamiento\\\/#\\\/schema\\\/logo\\\/image\\\/\",\"url\":\"https:\\\/\\\/www.caudete.org\\\/ayuntamiento\\\/wp-content\\\/uploads\\\/2020\\\/11\\\/logo_ayuntamiento_caudete.jpg\",\"contentUrl\":\"https:\\\/\\\/www.caudete.org\\\/ayuntamiento\\\/wp-content\\\/uploads\\\/2020\\\/11\\\/logo_ayuntamiento_caudete.jpg\",\"width\":600,\"height\":150,\"caption\":\"Ayuntamiento de Caudete\"},\"image\":{\"@id\":\"https:\\\/\\\/www.caudete.org\\\/ayuntamiento\\\/#\\\/schema\\\/logo\\\/image\\\/\"},\"sameAs\":[\"https:\\\/\\\/www.facebook.com\\\/ayuntamientocaudete\\\/\",\"https:\\\/\\\/www.youtube.com\\\/channel\\\/UC6VztHaooNsGpw-tNoBEFnQ\"]},{\"@type\":\"Person\",\"@id\":\"https:\\\/\\\/www.caudete.org\\\/ayuntamiento\\\/#\\\/schema\\\/person\\\/79f7e19fdd176fc2bc7a289013dc2056\",\"name\":\"ayun\",\"image\":{\"@type\":\"ImageObject\",\"inLanguage\":\"es\",\"@id\":\"https:\\\/\\\/secure.gravatar.com\\\/avatar\\\/4ce797ee07c943e7e592f8cd648e503e6cd571387558ed07135799c2bd2847df?s=96&d=mm&r=g\",\"url\":\"https:\\\/\\\/secure.gravatar.com\\\/avatar\\\/4ce797ee07c943e7e592f8cd648e503e6cd571387558ed07135799c2bd2847df?s=96&d=mm&r=g\",\"contentUrl\":\"https:\\\/\\\/secure.gravatar.com\\\/avatar\\\/4ce797ee07c943e7e592f8cd648e503e6cd571387558ed07135799c2bd2847df?s=96&d=mm&r=g\",\"caption\":\"ayun\"},\"sameAs\":[\"http:\\\/\\\/www.caudete.org\\\/ayuntamiento\"],\"url\":\"https:\\\/\\\/www.caudete.org\\\/ayuntamiento\\\/author\\\/ayun\\\/\"}]}<\/script>\n<!-- \/ Yoast SEO plugin. -->","yoast_head_json":{"title":"CURSO DE APICULTURA EN HELLIN. Cofinanciado por el Fondo Europeo Feader - MI Ayuntamiento de Caudete","description":"P\u00e1gina Oficial del Ayuntamiento de Caudete (Albacete)","robots":{"index":"index","follow":"follow","max-snippet":"max-snippet:-1","max-image-preview":"max-image-preview:large","max-video-preview":"max-video-preview:-1"},"canonical":"https:\/\/www.caudete.org\/ayuntamiento\/curso-de-apicultura-en-hellin-cofinanciado-por-el-fondo-europeo-feader\/","og_locale":"es_ES","og_type":"article","og_title":"CURSO DE APICULTURA EN HELLIN. Cofinanciado por el Fondo Europeo Feader - MI Ayuntamiento de Caudete","og_description":"P\u00e1gina Oficial del Ayuntamiento de Caudete (Albacete)","og_url":"https:\/\/www.caudete.org\/ayuntamiento\/curso-de-apicultura-en-hellin-cofinanciado-por-el-fondo-europeo-feader\/","og_site_name":"MI Ayuntamiento de Caudete","article_publisher":"https:\/\/www.facebook.com\/ayuntamientocaudete\/","article_published_time":"2018-11-23T19:56:57+00:00","article_modified_time":"2020-12-15T13:08:40+00:00","og_image":[{"width":800,"height":565,"url":"https:\/\/www.caudete.org\/ayuntamiento\/wp-content\/uploads\/2020\/12\/apicultura1he.jpg","type":"image\/jpeg"}],"author":"ayun","twitter_card":"summary_large_image","twitter_misc":{"Escrito por":"ayun","Tiempo de lectura":"2 minutos"},"schema":{"@context":"https:\/\/schema.org","@graph":[{"@type":"Article","@id":"https:\/\/www.caudete.org\/ayuntamiento\/curso-de-apicultura-en-hellin-cofinanciado-por-el-fondo-europeo-feader\/#article","isPartOf":{"@id":"https:\/\/www.caudete.org\/ayuntamiento\/curso-de-apicultura-en-hellin-cofinanciado-por-el-fondo-europeo-feader\/"},"author":{"name":"ayun","@id":"https:\/\/www.caudete.org\/ayuntamiento\/#\/schema\/person\/79f7e19fdd176fc2bc7a289013dc2056"},"headline":"CURSO DE APICULTURA EN HELLIN. Cofinanciado por el Fondo Europeo Feader","datePublished":"2018-11-23T19:56:57+00:00","dateModified":"2020-12-15T13:08:40+00:00","mainEntityOfPage":{"@id":"https:\/\/www.caudete.org\/ayuntamiento\/curso-de-apicultura-en-hellin-cofinanciado-por-el-fondo-europeo-feader\/"},"wordCount":432,"publisher":{"@id":"https:\/\/www.caudete.org\/ayuntamiento\/#organization"},"image":{"@id":"https:\/\/www.caudete.org\/ayuntamiento\/curso-de-apicultura-en-hellin-cofinanciado-por-el-fondo-europeo-feader\/#primaryimage"},"thumbnailUrl":"https:\/\/www.caudete.org\/ayuntamiento\/wp-content\/uploads\/2020\/12\/apicultura1he.jpg","articleSection":["Tabl\u00f3n informativo (Desarrollo local)"],"inLanguage":"es"},{"@type":"WebPage","@id":"https:\/\/www.caudete.org\/ayuntamiento\/curso-de-apicultura-en-hellin-cofinanciado-por-el-fondo-europeo-feader\/","url":"https:\/\/www.caudete.org\/ayuntamiento\/curso-de-apicultura-en-hellin-cofinanciado-por-el-fondo-europeo-feader\/","name":"CURSO DE APICULTURA EN HELLIN. Cofinanciado por el Fondo Europeo Feader - MI Ayuntamiento de Caudete","isPartOf":{"@id":"https:\/\/www.caudete.org\/ayuntamiento\/#website"},"primaryImageOfPage":{"@id":"https:\/\/www.caudete.org\/ayuntamiento\/curso-de-apicultura-en-hellin-cofinanciado-por-el-fondo-europeo-feader\/#primaryimage"},"image":{"@id":"https:\/\/www.caudete.org\/ayuntamiento\/curso-de-apicultura-en-hellin-cofinanciado-por-el-fondo-europeo-feader\/#primaryimage"},"thumbnailUrl":"https:\/\/www.caudete.org\/ayuntamiento\/wp-content\/uploads\/2020\/12\/apicultura1he.jpg","datePublished":"2018-11-23T19:56:57+00:00","dateModified":"2020-12-15T13:08:40+00:00","description":"P\u00e1gina Oficial del Ayuntamiento de Caudete (Albacete)","breadcrumb":{"@id":"https:\/\/www.caudete.org\/ayuntamiento\/curso-de-apicultura-en-hellin-cofinanciado-por-el-fondo-europeo-feader\/#breadcrumb"},"inLanguage":"es","potentialAction":[{"@type":"ReadAction","target":["https:\/\/www.caudete.org\/ayuntamiento\/curso-de-apicultura-en-hellin-cofinanciado-por-el-fondo-europeo-feader\/"]}]},{"@type":"ImageObject","inLanguage":"es","@id":"https:\/\/www.caudete.org\/ayuntamiento\/curso-de-apicultura-en-hellin-cofinanciado-por-el-fondo-europeo-feader\/#primaryimage","url":"https:\/\/www.caudete.org\/ayuntamiento\/wp-content\/uploads\/2020\/12\/apicultura1he.jpg","contentUrl":"https:\/\/www.caudete.org\/ayuntamiento\/wp-content\/uploads\/2020\/12\/apicultura1he.jpg","width":800,"height":565},{"@type":"BreadcrumbList","@id":"https:\/\/www.caudete.org\/ayuntamiento\/curso-de-apicultura-en-hellin-cofinanciado-por-el-fondo-europeo-feader\/#breadcrumb","itemListElement":[{"@type":"ListItem","position":1,"name":"Inicio","item":"https:\/\/www.caudete.org\/ayuntamiento\/"},{"@type":"ListItem","position":2,"name":"CURSO DE APICULTURA EN HELLIN. Cofinanciado por el Fondo Europeo Feader"}]},{"@type":"WebSite","@id":"https:\/\/www.caudete.org\/ayuntamiento\/#website","url":"https:\/\/www.caudete.org\/ayuntamiento\/","name":"MI Ayuntamiento de Caudete","description":"P\u00e1gina Oficial del MI Ayuntamiento de Caudete","publisher":{"@id":"https:\/\/www.caudete.org\/ayuntamiento\/#organization"},"potentialAction":[{"@type":"SearchAction","target":{"@type":"EntryPoint","urlTemplate":"https:\/\/www.caudete.org\/ayuntamiento\/?s={search_term_string}"},"query-input":{"@type":"PropertyValueSpecification","valueRequired":true,"valueName":"search_term_string"}}],"inLanguage":"es"},{"@type":"Organization","@id":"https:\/\/www.caudete.org\/ayuntamiento\/#organization","name":"Ayuntamiento de Caudete","url":"https:\/\/www.caudete.org\/ayuntamiento\/","logo":{"@type":"ImageObject","inLanguage":"es","@id":"https:\/\/www.caudete.org\/ayuntamiento\/#\/schema\/logo\/image\/","url":"https:\/\/www.caudete.org\/ayuntamiento\/wp-content\/uploads\/2020\/11\/logo_ayuntamiento_caudete.jpg","contentUrl":"https:\/\/www.caudete.org\/ayuntamiento\/wp-content\/uploads\/2020\/11\/logo_ayuntamiento_caudete.jpg","width":600,"height":150,"caption":"Ayuntamiento de Caudete"},"image":{"@id":"https:\/\/www.caudete.org\/ayuntamiento\/#\/schema\/logo\/image\/"},"sameAs":["https:\/\/www.facebook.com\/ayuntamientocaudete\/","https:\/\/www.youtube.com\/channel\/UC6VztHaooNsGpw-tNoBEFnQ"]},{"@type":"Person","@id":"https:\/\/www.caudete.org\/ayuntamiento\/#\/schema\/person\/79f7e19fdd176fc2bc7a289013dc2056","name":"ayun","image":{"@type":"ImageObject","inLanguage":"es","@id":"https:\/\/secure.gravatar.com\/avatar\/4ce797ee07c943e7e592f8cd648e503e6cd571387558ed07135799c2bd2847df?s=96&d=mm&r=g","url":"https:\/\/secure.gravatar.com\/avatar\/4ce797ee07c943e7e592f8cd648e503e6cd571387558ed07135799c2bd2847df?s=96&d=mm&r=g","contentUrl":"https:\/\/secure.gravatar.com\/avatar\/4ce797ee07c943e7e592f8cd648e503e6cd571387558ed07135799c2bd2847df?s=96&d=mm&r=g","caption":"ayun"},"sameAs":["http:\/\/www.caudete.org\/ayuntamiento"],"url":"https:\/\/www.caudete.org\/ayuntamiento\/author\/ayun\/"}]}},"_links":{"self":[{"href":"https:\/\/www.caudete.org\/ayuntamiento\/wp-json\/wp\/v2\/posts\/6554","targetHints":{"allow":["GET"]}}],"collection":[{"href":"https:\/\/www.caudete.org\/ayuntamiento\/wp-json\/wp\/v2\/posts"}],"about":[{"href":"https:\/\/www.caudete.org\/ayuntamiento\/wp-json\/wp\/v2\/types\/post"}],"author":[{"embeddable":true,"href":"https:\/\/www.caudete.org\/ayuntamiento\/wp-json\/wp\/v2\/users\/1"}],"replies":[{"embeddable":true,"href":"https:\/\/www.caudete.org\/ayuntamiento\/wp-json\/wp\/v2\/comments?post=6554"}],"version-history":[{"count":3,"href":"https:\/\/www.caudete.org\/ayuntamiento\/wp-json\/wp\/v2\/posts\/6554\/revisions"}],"predecessor-version":[{"id":9777,"href":"https:\/\/www.caudete.org\/ayuntamiento\/wp-json\/wp\/v2\/posts\/6554\/revisions\/9777"}],"wp:featuredmedia":[{"embeddable":true,"href":"https:\/\/www.caudete.org\/ayuntamiento\/wp-json\/wp\/v2\/media\/6555"}],"wp:attachment":[{"href":"https:\/\/www.caudete.org\/ayuntamiento\/wp-json\/wp\/v2\/media?parent=6554"}],"wp:term":[{"taxonomy":"category","embeddable":true,"href":"https:\/\/www.caudete.org\/ayuntamiento\/wp-json\/wp\/v2\/categories?post=6554"},{"taxonomy":"post_tag","embeddable":true,"href":"https:\/\/www.caudete.org\/ayuntamiento\/wp-json\/wp\/v2\/tags?post=6554"}],"curies":[{"name":"wp","href":"https:\/\/api.w.org\/{rel}","templated":true}]}}