{"id":6577,"date":"2018-11-23T21:27:42","date_gmt":"2018-11-23T20:27:42","guid":{"rendered":"http:\/\/www.caudete.org\/ayuntamiento\/?p=6577"},"modified":"2020-12-15T14:04:28","modified_gmt":"2020-12-15T13:04:28","slug":"curso-de-guia-interprete-de-espacios-naturales-una-oportunidad-para-el-empleo-6a-edicion","status":"publish","type":"post","link":"https:\/\/www.caudete.org\/ayuntamiento\/curso-de-guia-interprete-de-espacios-naturales-una-oportunidad-para-el-empleo-6a-edicion\/","title":{"rendered":"CURSO DE GU\u00cdA-INT\u00c9RPRETE DE ESPACIOS NATURALES; UNA OPORTUNIDAD PARA EL EMPLEO. 6\u00aa EDICI\u00d3N"},"content":{"rendered":"<p><span style=\"text-align: justify;\">PERIODO DE INSCRIPCI\u00d3N: Desde el 19 de octubre 2018. FECHA PREVISTA DE REALIZACI\u00d3N: A partir del 29 de octubre 2018.<\/span><\/p>\n<div id=\"cen_sec_not\">\n<div id=\"noticia\">\n<div id=\"recuadro_not\">\n<p style=\"text-align: justify;\">CURSO DE GU\u00cdA-INT\u00c9RPRETE DE ESPACIOS NATURALES; UNA OPORTUNIDAD PARA EL EMPLEO. 6\u00aa EDICI\u00d3N<\/p>\n<p>PERIODO DE INSCRIPCI\u00d3N: Desde el 19 de octubre 2018.<br \/>\nFECHA PREVISTA DE REALIZACI\u00d3N: A partir del 29 de octubre 2018.<\/p>\n<p>Aula Virtual de APRODEL ( Asociaci\u00f3n de Profesionales para el desarrollo local y la promoci\u00f3n econ\u00f3mica de Castilla La Mancha).<\/p>\n<p><b>Introducci\u00f3n <\/b><br \/>\nCon alrededor del 30 % de su territorio bajo alguna figura de protecci\u00f3n, Espa\u00f1a es uno de los pa\u00edses de la Uni\u00f3n Europea con mayor diversidad de ambientes y paisajes. Una diversidad que constituye un importante recurso para el ecoturismo. El ecoturismo o turismo de naturaleza es una de las actividades ligadas al desarrollo local con un importante auge tanto<br \/>\ninterno como externo en los \u00faltimos a\u00f1os. Constituyendo una oportunidad para el desarrollo econ\u00f3mico de nuestros municipios y sus poblaciones. Adem\u00e1s de constituir una herramienta para la conservaci\u00f3n de estos espacios siempre y cuando se practique bajo criterios sostenibles.<\/p>\n<p><b>Objetivos <\/b><br \/>\nBajo la m\u00e1xima de que para conservar es necesario conocer, mediante el presente curso se pretende formar al alumno dot\u00e1ndole de los recursos y herramientas necesarios para conocer el \u00e1mbito territorial de los Espacios Naturales Protegidos, introduci\u00e9ndolo en la interpretaci\u00f3n de los recursos que estos ofrecen y facilit\u00e1ndole los conocimientos b\u00e1sicos para iniciar una actividad econ\u00f3mica en el marco del turismo sostenible en los Espacios Naturales Protegidos, como es la de gu\u00eda interprete.<\/p>\n<p>Potenciar las oportunidades de empleo y desarrollo local de los Espacios Naturales Protegidos.<\/p>\n<p><b>Destinatarios <\/b><br \/>\nEstudiantes y titulados universitarios o de ense\u00f1anzas medias, t\u00e9cnicos de desarrollo local \/rural. Emprendedores, profesionales y empresas de ecoturismo.<\/p>\n<p>Cualquier persona interesada en el desarrollo local de los territorios ligados a Espacios Naturales Protegidos en particular o al medio natural en general<\/p>\n<p><b>Requisitos t\u00e9cnicos <\/b><br \/>\nPC conectado a internet, con navegador o Windows XP m\u00ednimo.<\/p>\n<p><b>Metodolog\u00eda <\/b><\/p>\n<p>La metodolog\u00eda a emplear ser\u00e1 de formaci\u00f3n on line a trav\u00e9s de la plataforma virtual de APRODEL. Cada m\u00f3dulo constar\u00e1 de un cuestionario de evaluaci\u00f3n que deber\u00e1 contestar el alumno en base a los contenidos impartidos. El alumno contar\u00e1 con tutor\u00edas personalizadas y discusiones en grupo a trav\u00e9s de la plataforma on line.<\/p>\n<p><b>Periodo de inscripci\u00f3n <\/b><br \/>\nDesde el 19 de octubre 2018<\/p>\n<p><b>Fecha prevista de realizaci\u00f3n <\/b><br \/>\nA partir del 29 de octubre 2018<\/p>\n<p><b>Matricula e inscripciones <\/b><br \/>\nMediante la ficha de inscripci\u00f3n adjunta a la direcci\u00f3n de correo:<br \/>\n<a href=\"mailto:cursos@aprodel.org\" target=\"_blank\" rel=\"nofollow\">cursos@aprodel.org<\/a><br \/>\n<a href=\"mailto:cvillanf@gmail.com\" target=\"_blank\" rel=\"nofollow\">cvillanf@gmail.com<\/a><\/p>\n<p>El coste de la matr\u00edcula es de 130 \u20ac. 110 \u20ac para desempleados. (Coste para socios de Aprodel 90 \u20ac ). La inscripci\u00f3n en el curso da derecho de acceso a la plataforma y a los contenidos del mismo.<\/p>\n<p>A Los alumnos que realicen la totalidad del curso y superen las pruebas de evaluaci\u00f3n se les emitir\u00e1 un certificado de aprovechamiento por parte de APRODEL.<\/p>\n<p>El desplazamiento a la jornada pr\u00e1ctica optativa correr\u00e1 a cargo del alumno.<br \/>\nPlazas limitadas. Inscripci\u00f3n por orden de recepci\u00f3n de solicitudes.<\/p>\n<p><b>M\u00e1s informaci\u00f3n en: <\/b><br \/>\n<a href=\"https:\/\/cursos.aprodel.org\/\" target=\"_blank\" rel=\"nofollow\">cursos.aprodel.org<\/a><\/p>\n<p>Asociaci\u00f3n de Profesionales para el desarrollo local y la promoci\u00f3n econ\u00f3mica de Castilla La Mancha.<br \/>\nVivero de Empresas &#8221; la Ballesta.&#8221;<br \/>\nC\/ Arroyo n 15<br \/>\nBallesteros de Calatrava ( Ciudad Real)<br \/>\nTfno 636 84 49 80 \/ 696 37 40 75<br \/>\nEmail: <a href=\"mailto:aprodel@aprodel.org\" target=\"_blank\" rel=\"nofollow\">aprodel@aprodel.org<\/a><br \/>\nAula Virtual de Aprodel<\/p>\n<p>Curso: Gu\u00eda Int\u00e9rprete de Espacios Naturales; una oportunidad para el empleo.<br \/>\n60 horas. Formaci\u00f3n on line.<br \/>\nJornada presencial optativa en el Parque Nacional de Las Tablas de Daimiel.<\/p>\n<p><b>Modulo I. <\/b>(duraci\u00f3n: 20 horas)<br \/>\nEl medio Natural<br \/>\nEcolog\u00eda y paisaje<br \/>\nIntroducci\u00f3n a la Educaci\u00f3n Ambiental<br \/>\nLa interpretaci\u00f3n del Patrimonio<\/p>\n<p><b>Modulo II. <\/b>(duraci\u00f3n: 20 horas)<br \/>\nLos Recursos Naturales para la interpretaci\u00f3n<br \/>\nLos Espacios Naturales Protegidos. Marco conceptual y legislativo<br \/>\nLa Red de Espacios Naturales de Espa\u00f1a<br \/>\nEl turismo ligado a los Espacios Naturales Protegidos<br \/>\nTurismo Sostenible y Ecoturismo.<\/p>\n<p><b>Modulo III. <\/b>(duraci\u00f3n: 20 horas)<br \/>\nOportunidades para el empleo y el desarrollo Local de los Espacios<br \/>\nNaturales Protegidos<br \/>\nLa figura del gu\u00eda interprete de espacios naturales<br \/>\nEstrategias de interpretaci\u00f3n.<br \/>\nDise\u00f1o de itinerarios y rutas interpretativas<br \/>\nInventario de recursos para la interpretaci\u00f3n. Qu\u00e9 y c\u00f3mo interpretar.<br \/>\nJornada presencial optativa en el Parque Nacional de Las Tablas de Daimiel.<\/p>\n<p>Los alumnos que lo deseen podr\u00e1n realizar una jornada pr\u00e1ctica, previa inscripci\u00f3n, en el Parque Nacional de Las Tablas de Daimiel. Coste adicional de 20 \u20ac (18 \u20ac para desempleados). Incluye comida a base de productos locales. Durante la misma se debatir\u00e1 sobre los contenidos del curso.<\/p>\n<\/div>\n<\/div>\n<\/div>\n<div id=\"inf\">\n<p class=\"left\" style=\"text-align: justify;\"><b>MI Ayuntamiento de Caudete &#8211; <\/b> c\/. Mayor , 2 &#8211; Tel\u00e9fono 965 827 000 &#8211; Fax 96 582 71 52<\/p>\n<h5>Ficheros adjuntos.<\/h5>\n<p><a href=\"http:\/\/caudete.org\/ayuntamiento\/eniusimg\/enius146\/2018\/10\/adjuntos_fichero_5828374d961e9861.pdf\" class=\"mtli_attachment mtli_pdf\" target=\"_blank\" rel=\"noopener noreferrer nofollow\"><img decoding=\"async\" class=\"ico_adjuntos\" title=\"CURSO INTERPRETES ESPACIOS NATURALES.pdf\" src=\"http:\/\/caudete.org\/ayuntamiento\/iconos\/pdf.gif\" rel='prettyPhoto'><\/a><\/p>\n<p><img fetchpriority=\"high\" decoding=\"async\" class=\"aligncenter size-full wp-image-6578\" src=\"http:\/\/www.caudete.org\/ayuntamiento\/wp-content\/uploads\/2020\/12\/espacna.jpg\" alt=\"\" width=\"433\" height=\"600\" srcset=\"https:\/\/www.caudete.org\/ayuntamiento\/wp-content\/uploads\/2020\/12\/espacna.jpg 433w, https:\/\/www.caudete.org\/ayuntamiento\/wp-content\/uploads\/2020\/12\/espacna-217x300.jpg 217w\" sizes=\"(max-width: 433px) 100vw, 433px\" \/><\/p>\n<\/div>\n","protected":false},"excerpt":{"rendered":"<p>PERIODO DE INSCRIPCI\u00d3N: Desde el 19 de octubre 2018. FECHA PREVISTA DE REALIZACI\u00d3N: A partir del 29 de octubre 2018. CURSO DE GU\u00cdA-INT\u00c9RPRETE DE ESPACIOS NATURALES; UNA OPORTUNIDAD PARA EL EMPLEO. 6\u00aa EDICI\u00d3N PERIODO DE INSCRIPCI\u00d3N: Desde el 19 de octubre 2018. FECHA PREVISTA DE REALIZACI\u00d3N: A partir del 29 de octubre 2018. Aula Virtual &hellip;<\/p>\n","protected":false},"author":1,"featured_media":6578,"comment_status":"closed","ping_status":"open","sticky":false,"template":"","format":"standard","meta":{"ngg_post_thumbnail":0,"footnotes":""},"categories":[90],"tags":[],"class_list":["post-6577","post","type-post","status-publish","format-standard","has-post-thumbnail","hentry","category-tablon-informativo-desarrollo-local"],"yoast_head":"<!-- This site is optimized with the Yoast SEO plugin v27.4 - https:\/\/yoast.com\/product\/yoast-seo-wordpress\/ -->\n<title>CURSO DE GU\u00cdA-INT\u00c9RPRETE DE ESPACIOS NATURALES; UNA OPORTUNIDAD PARA EL EMPLEO. 6\u00aa EDICI\u00d3N - MI Ayuntamiento de Caudete<\/title>\n<meta name=\"description\" content=\"P\u00e1gina Oficial del Ayuntamiento de Caudete (Albacete)\" \/>\n<meta name=\"robots\" content=\"index, follow, max-snippet:-1, max-image-preview:large, max-video-preview:-1\" \/>\n<link rel=\"canonical\" href=\"https:\/\/www.caudete.org\/ayuntamiento\/curso-de-guia-interprete-de-espacios-naturales-una-oportunidad-para-el-empleo-6a-edicion\/\" \/>\n<meta property=\"og:locale\" content=\"es_ES\" \/>\n<meta property=\"og:type\" content=\"article\" \/>\n<meta property=\"og:title\" content=\"CURSO DE GU\u00cdA-INT\u00c9RPRETE DE ESPACIOS NATURALES; UNA OPORTUNIDAD PARA EL EMPLEO. 6\u00aa EDICI\u00d3N - MI Ayuntamiento de Caudete\" \/>\n<meta property=\"og:description\" content=\"P\u00e1gina Oficial del Ayuntamiento de Caudete (Albacete)\" \/>\n<meta property=\"og:url\" content=\"https:\/\/www.caudete.org\/ayuntamiento\/curso-de-guia-interprete-de-espacios-naturales-una-oportunidad-para-el-empleo-6a-edicion\/\" \/>\n<meta property=\"og:site_name\" content=\"MI Ayuntamiento de Caudete\" \/>\n<meta property=\"article:publisher\" content=\"https:\/\/www.facebook.com\/ayuntamientocaudete\/\" \/>\n<meta property=\"article:published_time\" content=\"2018-11-23T20:27:42+00:00\" \/>\n<meta property=\"article:modified_time\" content=\"2020-12-15T13:04:28+00:00\" \/>\n<meta property=\"og:image\" content=\"https:\/\/www.caudete.org\/ayuntamiento\/wp-content\/uploads\/2020\/12\/espacna.jpg\" \/>\n\t<meta property=\"og:image:width\" content=\"433\" \/>\n\t<meta property=\"og:image:height\" content=\"600\" \/>\n\t<meta property=\"og:image:type\" content=\"image\/jpeg\" \/>\n<meta name=\"author\" content=\"ayun\" \/>\n<meta name=\"twitter:card\" content=\"summary_large_image\" \/>\n<meta name=\"twitter:label1\" content=\"Escrito por\" \/>\n\t<meta name=\"twitter:data1\" content=\"ayun\" \/>\n\t<meta name=\"twitter:label2\" content=\"Tiempo de lectura\" \/>\n\t<meta name=\"twitter:data2\" content=\"4 minutos\" \/>\n<script type=\"application\/ld+json\" class=\"yoast-schema-graph\">{\"@context\":\"https:\\\/\\\/schema.org\",\"@graph\":[{\"@type\":\"Article\",\"@id\":\"https:\\\/\\\/www.caudete.org\\\/ayuntamiento\\\/curso-de-guia-interprete-de-espacios-naturales-una-oportunidad-para-el-empleo-6a-edicion\\\/#article\",\"isPartOf\":{\"@id\":\"https:\\\/\\\/www.caudete.org\\\/ayuntamiento\\\/curso-de-guia-interprete-de-espacios-naturales-una-oportunidad-para-el-empleo-6a-edicion\\\/\"},\"author\":{\"name\":\"ayun\",\"@id\":\"https:\\\/\\\/www.caudete.org\\\/ayuntamiento\\\/#\\\/schema\\\/person\\\/79f7e19fdd176fc2bc7a289013dc2056\"},\"headline\":\"CURSO DE GU\u00cdA-INT\u00c9RPRETE DE ESPACIOS NATURALES; UNA OPORTUNIDAD PARA EL EMPLEO. 6\u00aa EDICI\u00d3N\",\"datePublished\":\"2018-11-23T20:27:42+00:00\",\"dateModified\":\"2020-12-15T13:04:28+00:00\",\"mainEntityOfPage\":{\"@id\":\"https:\\\/\\\/www.caudete.org\\\/ayuntamiento\\\/curso-de-guia-interprete-de-espacios-naturales-una-oportunidad-para-el-empleo-6a-edicion\\\/\"},\"wordCount\":800,\"publisher\":{\"@id\":\"https:\\\/\\\/www.caudete.org\\\/ayuntamiento\\\/#organization\"},\"image\":{\"@id\":\"https:\\\/\\\/www.caudete.org\\\/ayuntamiento\\\/curso-de-guia-interprete-de-espacios-naturales-una-oportunidad-para-el-empleo-6a-edicion\\\/#primaryimage\"},\"thumbnailUrl\":\"https:\\\/\\\/www.caudete.org\\\/ayuntamiento\\\/wp-content\\\/uploads\\\/2020\\\/12\\\/espacna.jpg\",\"articleSection\":[\"Tabl\u00f3n informativo (Desarrollo local)\"],\"inLanguage\":\"es\"},{\"@type\":\"WebPage\",\"@id\":\"https:\\\/\\\/www.caudete.org\\\/ayuntamiento\\\/curso-de-guia-interprete-de-espacios-naturales-una-oportunidad-para-el-empleo-6a-edicion\\\/\",\"url\":\"https:\\\/\\\/www.caudete.org\\\/ayuntamiento\\\/curso-de-guia-interprete-de-espacios-naturales-una-oportunidad-para-el-empleo-6a-edicion\\\/\",\"name\":\"CURSO DE GU\u00cdA-INT\u00c9RPRETE DE ESPACIOS NATURALES; UNA OPORTUNIDAD PARA EL EMPLEO. 6\u00aa EDICI\u00d3N - MI Ayuntamiento de Caudete\",\"isPartOf\":{\"@id\":\"https:\\\/\\\/www.caudete.org\\\/ayuntamiento\\\/#website\"},\"primaryImageOfPage\":{\"@id\":\"https:\\\/\\\/www.caudete.org\\\/ayuntamiento\\\/curso-de-guia-interprete-de-espacios-naturales-una-oportunidad-para-el-empleo-6a-edicion\\\/#primaryimage\"},\"image\":{\"@id\":\"https:\\\/\\\/www.caudete.org\\\/ayuntamiento\\\/curso-de-guia-interprete-de-espacios-naturales-una-oportunidad-para-el-empleo-6a-edicion\\\/#primaryimage\"},\"thumbnailUrl\":\"https:\\\/\\\/www.caudete.org\\\/ayuntamiento\\\/wp-content\\\/uploads\\\/2020\\\/12\\\/espacna.jpg\",\"datePublished\":\"2018-11-23T20:27:42+00:00\",\"dateModified\":\"2020-12-15T13:04:28+00:00\",\"description\":\"P\u00e1gina Oficial del Ayuntamiento de Caudete (Albacete)\",\"breadcrumb\":{\"@id\":\"https:\\\/\\\/www.caudete.org\\\/ayuntamiento\\\/curso-de-guia-interprete-de-espacios-naturales-una-oportunidad-para-el-empleo-6a-edicion\\\/#breadcrumb\"},\"inLanguage\":\"es\",\"potentialAction\":[{\"@type\":\"ReadAction\",\"target\":[\"https:\\\/\\\/www.caudete.org\\\/ayuntamiento\\\/curso-de-guia-interprete-de-espacios-naturales-una-oportunidad-para-el-empleo-6a-edicion\\\/\"]}]},{\"@type\":\"ImageObject\",\"inLanguage\":\"es\",\"@id\":\"https:\\\/\\\/www.caudete.org\\\/ayuntamiento\\\/curso-de-guia-interprete-de-espacios-naturales-una-oportunidad-para-el-empleo-6a-edicion\\\/#primaryimage\",\"url\":\"https:\\\/\\\/www.caudete.org\\\/ayuntamiento\\\/wp-content\\\/uploads\\\/2020\\\/12\\\/espacna.jpg\",\"contentUrl\":\"https:\\\/\\\/www.caudete.org\\\/ayuntamiento\\\/wp-content\\\/uploads\\\/2020\\\/12\\\/espacna.jpg\",\"width\":433,\"height\":600},{\"@type\":\"BreadcrumbList\",\"@id\":\"https:\\\/\\\/www.caudete.org\\\/ayuntamiento\\\/curso-de-guia-interprete-de-espacios-naturales-una-oportunidad-para-el-empleo-6a-edicion\\\/#breadcrumb\",\"itemListElement\":[{\"@type\":\"ListItem\",\"position\":1,\"name\":\"Inicio\",\"item\":\"https:\\\/\\\/www.caudete.org\\\/ayuntamiento\\\/\"},{\"@type\":\"ListItem\",\"position\":2,\"name\":\"CURSO DE GU\u00cdA-INT\u00c9RPRETE DE ESPACIOS NATURALES; UNA OPORTUNIDAD PARA EL EMPLEO. 6\u00aa EDICI\u00d3N\"}]},{\"@type\":\"WebSite\",\"@id\":\"https:\\\/\\\/www.caudete.org\\\/ayuntamiento\\\/#website\",\"url\":\"https:\\\/\\\/www.caudete.org\\\/ayuntamiento\\\/\",\"name\":\"MI Ayuntamiento de Caudete\",\"description\":\"P\u00e1gina Oficial del MI Ayuntamiento de Caudete\",\"publisher\":{\"@id\":\"https:\\\/\\\/www.caudete.org\\\/ayuntamiento\\\/#organization\"},\"potentialAction\":[{\"@type\":\"SearchAction\",\"target\":{\"@type\":\"EntryPoint\",\"urlTemplate\":\"https:\\\/\\\/www.caudete.org\\\/ayuntamiento\\\/?s={search_term_string}\"},\"query-input\":{\"@type\":\"PropertyValueSpecification\",\"valueRequired\":true,\"valueName\":\"search_term_string\"}}],\"inLanguage\":\"es\"},{\"@type\":\"Organization\",\"@id\":\"https:\\\/\\\/www.caudete.org\\\/ayuntamiento\\\/#organization\",\"name\":\"Ayuntamiento de Caudete\",\"url\":\"https:\\\/\\\/www.caudete.org\\\/ayuntamiento\\\/\",\"logo\":{\"@type\":\"ImageObject\",\"inLanguage\":\"es\",\"@id\":\"https:\\\/\\\/www.caudete.org\\\/ayuntamiento\\\/#\\\/schema\\\/logo\\\/image\\\/\",\"url\":\"https:\\\/\\\/www.caudete.org\\\/ayuntamiento\\\/wp-content\\\/uploads\\\/2020\\\/11\\\/logo_ayuntamiento_caudete.jpg\",\"contentUrl\":\"https:\\\/\\\/www.caudete.org\\\/ayuntamiento\\\/wp-content\\\/uploads\\\/2020\\\/11\\\/logo_ayuntamiento_caudete.jpg\",\"width\":600,\"height\":150,\"caption\":\"Ayuntamiento de Caudete\"},\"image\":{\"@id\":\"https:\\\/\\\/www.caudete.org\\\/ayuntamiento\\\/#\\\/schema\\\/logo\\\/image\\\/\"},\"sameAs\":[\"https:\\\/\\\/www.facebook.com\\\/ayuntamientocaudete\\\/\",\"https:\\\/\\\/www.youtube.com\\\/channel\\\/UC6VztHaooNsGpw-tNoBEFnQ\"]},{\"@type\":\"Person\",\"@id\":\"https:\\\/\\\/www.caudete.org\\\/ayuntamiento\\\/#\\\/schema\\\/person\\\/79f7e19fdd176fc2bc7a289013dc2056\",\"name\":\"ayun\",\"image\":{\"@type\":\"ImageObject\",\"inLanguage\":\"es\",\"@id\":\"https:\\\/\\\/secure.gravatar.com\\\/avatar\\\/4ce797ee07c943e7e592f8cd648e503e6cd571387558ed07135799c2bd2847df?s=96&d=mm&r=g\",\"url\":\"https:\\\/\\\/secure.gravatar.com\\\/avatar\\\/4ce797ee07c943e7e592f8cd648e503e6cd571387558ed07135799c2bd2847df?s=96&d=mm&r=g\",\"contentUrl\":\"https:\\\/\\\/secure.gravatar.com\\\/avatar\\\/4ce797ee07c943e7e592f8cd648e503e6cd571387558ed07135799c2bd2847df?s=96&d=mm&r=g\",\"caption\":\"ayun\"},\"sameAs\":[\"http:\\\/\\\/www.caudete.org\\\/ayuntamiento\"],\"url\":\"https:\\\/\\\/www.caudete.org\\\/ayuntamiento\\\/author\\\/ayun\\\/\"}]}<\/script>\n<!-- \/ Yoast SEO plugin. -->","yoast_head_json":{"title":"CURSO DE GU\u00cdA-INT\u00c9RPRETE DE ESPACIOS NATURALES; UNA OPORTUNIDAD PARA EL EMPLEO. 6\u00aa EDICI\u00d3N - MI Ayuntamiento de Caudete","description":"P\u00e1gina Oficial del Ayuntamiento de Caudete (Albacete)","robots":{"index":"index","follow":"follow","max-snippet":"max-snippet:-1","max-image-preview":"max-image-preview:large","max-video-preview":"max-video-preview:-1"},"canonical":"https:\/\/www.caudete.org\/ayuntamiento\/curso-de-guia-interprete-de-espacios-naturales-una-oportunidad-para-el-empleo-6a-edicion\/","og_locale":"es_ES","og_type":"article","og_title":"CURSO DE GU\u00cdA-INT\u00c9RPRETE DE ESPACIOS NATURALES; UNA OPORTUNIDAD PARA EL EMPLEO. 6\u00aa EDICI\u00d3N - MI Ayuntamiento de Caudete","og_description":"P\u00e1gina Oficial del Ayuntamiento de Caudete (Albacete)","og_url":"https:\/\/www.caudete.org\/ayuntamiento\/curso-de-guia-interprete-de-espacios-naturales-una-oportunidad-para-el-empleo-6a-edicion\/","og_site_name":"MI Ayuntamiento de Caudete","article_publisher":"https:\/\/www.facebook.com\/ayuntamientocaudete\/","article_published_time":"2018-11-23T20:27:42+00:00","article_modified_time":"2020-12-15T13:04:28+00:00","og_image":[{"width":433,"height":600,"url":"https:\/\/www.caudete.org\/ayuntamiento\/wp-content\/uploads\/2020\/12\/espacna.jpg","type":"image\/jpeg"}],"author":"ayun","twitter_card":"summary_large_image","twitter_misc":{"Escrito por":"ayun","Tiempo de lectura":"4 minutos"},"schema":{"@context":"https:\/\/schema.org","@graph":[{"@type":"Article","@id":"https:\/\/www.caudete.org\/ayuntamiento\/curso-de-guia-interprete-de-espacios-naturales-una-oportunidad-para-el-empleo-6a-edicion\/#article","isPartOf":{"@id":"https:\/\/www.caudete.org\/ayuntamiento\/curso-de-guia-interprete-de-espacios-naturales-una-oportunidad-para-el-empleo-6a-edicion\/"},"author":{"name":"ayun","@id":"https:\/\/www.caudete.org\/ayuntamiento\/#\/schema\/person\/79f7e19fdd176fc2bc7a289013dc2056"},"headline":"CURSO DE GU\u00cdA-INT\u00c9RPRETE DE ESPACIOS NATURALES; UNA OPORTUNIDAD PARA EL EMPLEO. 6\u00aa EDICI\u00d3N","datePublished":"2018-11-23T20:27:42+00:00","dateModified":"2020-12-15T13:04:28+00:00","mainEntityOfPage":{"@id":"https:\/\/www.caudete.org\/ayuntamiento\/curso-de-guia-interprete-de-espacios-naturales-una-oportunidad-para-el-empleo-6a-edicion\/"},"wordCount":800,"publisher":{"@id":"https:\/\/www.caudete.org\/ayuntamiento\/#organization"},"image":{"@id":"https:\/\/www.caudete.org\/ayuntamiento\/curso-de-guia-interprete-de-espacios-naturales-una-oportunidad-para-el-empleo-6a-edicion\/#primaryimage"},"thumbnailUrl":"https:\/\/www.caudete.org\/ayuntamiento\/wp-content\/uploads\/2020\/12\/espacna.jpg","articleSection":["Tabl\u00f3n informativo (Desarrollo local)"],"inLanguage":"es"},{"@type":"WebPage","@id":"https:\/\/www.caudete.org\/ayuntamiento\/curso-de-guia-interprete-de-espacios-naturales-una-oportunidad-para-el-empleo-6a-edicion\/","url":"https:\/\/www.caudete.org\/ayuntamiento\/curso-de-guia-interprete-de-espacios-naturales-una-oportunidad-para-el-empleo-6a-edicion\/","name":"CURSO DE GU\u00cdA-INT\u00c9RPRETE DE ESPACIOS NATURALES; UNA OPORTUNIDAD PARA EL EMPLEO. 6\u00aa EDICI\u00d3N - MI Ayuntamiento de Caudete","isPartOf":{"@id":"https:\/\/www.caudete.org\/ayuntamiento\/#website"},"primaryImageOfPage":{"@id":"https:\/\/www.caudete.org\/ayuntamiento\/curso-de-guia-interprete-de-espacios-naturales-una-oportunidad-para-el-empleo-6a-edicion\/#primaryimage"},"image":{"@id":"https:\/\/www.caudete.org\/ayuntamiento\/curso-de-guia-interprete-de-espacios-naturales-una-oportunidad-para-el-empleo-6a-edicion\/#primaryimage"},"thumbnailUrl":"https:\/\/www.caudete.org\/ayuntamiento\/wp-content\/uploads\/2020\/12\/espacna.jpg","datePublished":"2018-11-23T20:27:42+00:00","dateModified":"2020-12-15T13:04:28+00:00","description":"P\u00e1gina Oficial del Ayuntamiento de Caudete (Albacete)","breadcrumb":{"@id":"https:\/\/www.caudete.org\/ayuntamiento\/curso-de-guia-interprete-de-espacios-naturales-una-oportunidad-para-el-empleo-6a-edicion\/#breadcrumb"},"inLanguage":"es","potentialAction":[{"@type":"ReadAction","target":["https:\/\/www.caudete.org\/ayuntamiento\/curso-de-guia-interprete-de-espacios-naturales-una-oportunidad-para-el-empleo-6a-edicion\/"]}]},{"@type":"ImageObject","inLanguage":"es","@id":"https:\/\/www.caudete.org\/ayuntamiento\/curso-de-guia-interprete-de-espacios-naturales-una-oportunidad-para-el-empleo-6a-edicion\/#primaryimage","url":"https:\/\/www.caudete.org\/ayuntamiento\/wp-content\/uploads\/2020\/12\/espacna.jpg","contentUrl":"https:\/\/www.caudete.org\/ayuntamiento\/wp-content\/uploads\/2020\/12\/espacna.jpg","width":433,"height":600},{"@type":"BreadcrumbList","@id":"https:\/\/www.caudete.org\/ayuntamiento\/curso-de-guia-interprete-de-espacios-naturales-una-oportunidad-para-el-empleo-6a-edicion\/#breadcrumb","itemListElement":[{"@type":"ListItem","position":1,"name":"Inicio","item":"https:\/\/www.caudete.org\/ayuntamiento\/"},{"@type":"ListItem","position":2,"name":"CURSO DE GU\u00cdA-INT\u00c9RPRETE DE ESPACIOS NATURALES; UNA OPORTUNIDAD PARA EL EMPLEO. 6\u00aa EDICI\u00d3N"}]},{"@type":"WebSite","@id":"https:\/\/www.caudete.org\/ayuntamiento\/#website","url":"https:\/\/www.caudete.org\/ayuntamiento\/","name":"MI Ayuntamiento de Caudete","description":"P\u00e1gina Oficial del MI Ayuntamiento de Caudete","publisher":{"@id":"https:\/\/www.caudete.org\/ayuntamiento\/#organization"},"potentialAction":[{"@type":"SearchAction","target":{"@type":"EntryPoint","urlTemplate":"https:\/\/www.caudete.org\/ayuntamiento\/?s={search_term_string}"},"query-input":{"@type":"PropertyValueSpecification","valueRequired":true,"valueName":"search_term_string"}}],"inLanguage":"es"},{"@type":"Organization","@id":"https:\/\/www.caudete.org\/ayuntamiento\/#organization","name":"Ayuntamiento de Caudete","url":"https:\/\/www.caudete.org\/ayuntamiento\/","logo":{"@type":"ImageObject","inLanguage":"es","@id":"https:\/\/www.caudete.org\/ayuntamiento\/#\/schema\/logo\/image\/","url":"https:\/\/www.caudete.org\/ayuntamiento\/wp-content\/uploads\/2020\/11\/logo_ayuntamiento_caudete.jpg","contentUrl":"https:\/\/www.caudete.org\/ayuntamiento\/wp-content\/uploads\/2020\/11\/logo_ayuntamiento_caudete.jpg","width":600,"height":150,"caption":"Ayuntamiento de Caudete"},"image":{"@id":"https:\/\/www.caudete.org\/ayuntamiento\/#\/schema\/logo\/image\/"},"sameAs":["https:\/\/www.facebook.com\/ayuntamientocaudete\/","https:\/\/www.youtube.com\/channel\/UC6VztHaooNsGpw-tNoBEFnQ"]},{"@type":"Person","@id":"https:\/\/www.caudete.org\/ayuntamiento\/#\/schema\/person\/79f7e19fdd176fc2bc7a289013dc2056","name":"ayun","image":{"@type":"ImageObject","inLanguage":"es","@id":"https:\/\/secure.gravatar.com\/avatar\/4ce797ee07c943e7e592f8cd648e503e6cd571387558ed07135799c2bd2847df?s=96&d=mm&r=g","url":"https:\/\/secure.gravatar.com\/avatar\/4ce797ee07c943e7e592f8cd648e503e6cd571387558ed07135799c2bd2847df?s=96&d=mm&r=g","contentUrl":"https:\/\/secure.gravatar.com\/avatar\/4ce797ee07c943e7e592f8cd648e503e6cd571387558ed07135799c2bd2847df?s=96&d=mm&r=g","caption":"ayun"},"sameAs":["http:\/\/www.caudete.org\/ayuntamiento"],"url":"https:\/\/www.caudete.org\/ayuntamiento\/author\/ayun\/"}]}},"_links":{"self":[{"href":"https:\/\/www.caudete.org\/ayuntamiento\/wp-json\/wp\/v2\/posts\/6577","targetHints":{"allow":["GET"]}}],"collection":[{"href":"https:\/\/www.caudete.org\/ayuntamiento\/wp-json\/wp\/v2\/posts"}],"about":[{"href":"https:\/\/www.caudete.org\/ayuntamiento\/wp-json\/wp\/v2\/types\/post"}],"author":[{"embeddable":true,"href":"https:\/\/www.caudete.org\/ayuntamiento\/wp-json\/wp\/v2\/users\/1"}],"replies":[{"embeddable":true,"href":"https:\/\/www.caudete.org\/ayuntamiento\/wp-json\/wp\/v2\/comments?post=6577"}],"version-history":[{"count":4,"href":"https:\/\/www.caudete.org\/ayuntamiento\/wp-json\/wp\/v2\/posts\/6577\/revisions"}],"predecessor-version":[{"id":9768,"href":"https:\/\/www.caudete.org\/ayuntamiento\/wp-json\/wp\/v2\/posts\/6577\/revisions\/9768"}],"wp:featuredmedia":[{"embeddable":true,"href":"https:\/\/www.caudete.org\/ayuntamiento\/wp-json\/wp\/v2\/media\/6578"}],"wp:attachment":[{"href":"https:\/\/www.caudete.org\/ayuntamiento\/wp-json\/wp\/v2\/media?parent=6577"}],"wp:term":[{"taxonomy":"category","embeddable":true,"href":"https:\/\/www.caudete.org\/ayuntamiento\/wp-json\/wp\/v2\/categories?post=6577"},{"taxonomy":"post_tag","embeddable":true,"href":"https:\/\/www.caudete.org\/ayuntamiento\/wp-json\/wp\/v2\/tags?post=6577"}],"curies":[{"name":"wp","href":"https:\/\/api.w.org\/{rel}","templated":true}]}}