{"id":6582,"date":"2018-11-23T21:33:41","date_gmt":"2018-11-23T20:33:41","guid":{"rendered":"http:\/\/www.caudete.org\/ayuntamiento\/?p=6582"},"modified":"2020-12-15T14:03:54","modified_gmt":"2020-12-15T13:03:54","slug":"curso-de-el-toro-bravo-cofinanciado-por-el-fondo-europeo-feader-con-la-colaboracion-de-gonta-de-viveros-s-l","status":"publish","type":"post","link":"https:\/\/www.caudete.org\/ayuntamiento\/curso-de-el-toro-bravo-cofinanciado-por-el-fondo-europeo-feader-con-la-colaboracion-de-gonta-de-viveros-s-l\/","title":{"rendered":"CURSO DE EL TORO BRAVO. Cofinanciado por el Fondo Europeo Feader. Con la colaboraci\u00f3n de Gonta de Viveros S.L."},"content":{"rendered":"<h5 style=\"text-align: justify;\">DESTINATARIOS: Profesionales del sector agrario y forestal y personas del medio rural que trabajen o vayan a trabajar en estas actividades especialmente los j\u00f3venes y las mujeres.<\/h5>\n<p style=\"text-align: justify;\"><b>OBJETIVOS:<\/b><br \/>\nEl Toro bravo nace y se cr\u00eda en el campo, en la dehesa entre pasto, encinas y robles. Una ganader\u00eda brava posee vacas de vientre, sementales, cabestros, etc.<br \/>\nPersonal a cargo del ganado que realizan operaciones de tienta, retienta, identificaci\u00f3n, herradero, etc en la explotaci\u00f3n.<br \/>\nLa ganader\u00eda brava es la gran desconocida fuera de la plaza de toros. Es una empresa ganadera con una alta especializaci\u00f3n.<br \/>\nEl Objetivo de este curso es acercar el conocimiento de la ganader\u00eda brava, como complemento a la Fiesta Nacional, para todas aquellas personas interesadas.<\/p>\n<p><b>DIAS :<\/b><br \/>\nD\u00edas: del 5 al 9 de NOVIEMBRE de 2018<br \/>\nHorario: 16:00 a 21:00 horas<br \/>\nTotal: 25 horas<br \/>\nCentro de Formaci\u00f3n Agroambiental, Ctra de Ayora Km: 1,5<br \/>\nCURSO GRATUITO<\/p>\n<p><b>INSCRIPCI\u00d3N:<\/b><br \/>\nPara asistir a este curso hay que contactar con:<br \/>\nJuan Carlos Vilches de Frutos<br \/>\nTel\u00e9fono: 967 55 85 50<br \/>\nemail: <a href=\"mailto:jcvilchesd@jccm.es\" target=\"_blank\" rel=\"nofollow\">jcvilchesd@jccm.es<\/a><br \/>\naportando sus datos personales (nombre completo, tel\u00e9fono, correo electr\u00f3nico)<\/p>\n<p>Direcci\u00f3n Provincial de Agricultura Medio Ambiente y Desarrollo Rural de Albacete<br \/>\nTfno: 967 55 85 50<br \/>\ne-mail: <a href=\"mailto:jcvilchesd@jccm.es\" target=\"_blank\" rel=\"nofollow\">jcvilchesd@jccm.es<\/a><\/p>\n<p><b>PROGRAMA:<\/b><br \/>\n<b>D\u00eda: Mi\u00e9rcoles 7 de Noviembre de 2018 <\/b><br \/>\nHorario: De 16:00 a 21:00 horas<\/p>\n<p><b>PONENTES: <\/b><br \/>\nC\u00e9sar Fern\u00e1ndez-Cabrera Guti\u00e9rrez . Veterinario Jefe de Comarca<br \/>\nGanadera de la Roda. Albacete<br \/>\nVeterinario de la plaza de toros de Albacete<br \/>\nEncastes actuales del Toro de Lidia<\/p>\n<p>M\u00aa Jos\u00e9 Guardiola Flores. T\u00e9cnica Superior de Ganader\u00eda. Veterinaria de la Plaza de Toros de Albacete<\/p>\n<p>Estudio de las capas y sus particularidades complementarias desde el exterior animal.<\/p>\n<p><b>D\u00eda: Jueves 8 de Noviembre de 2018 <\/b><br \/>\nHorario: De 16:00 a 21:00 horas<\/p>\n<p><b>PONENTES: <\/b><br \/>\nAbel Palacios Garc\u00eda. Veterinario de ADS. Veterinario de la Plaza de<br \/>\nToros de Albacete<br \/>\nManuel Sanes Vargas<br \/>\nDoctor en Veterinaria. Profesor colaborador de investigaci\u00f3n de Anatom\u00eda y Anatom\u00eda Patol\u00f3gica Especifica. Universidad de Murcia Veterinario Cl\u00ednico Bovino<\/p>\n<p><b>D\u00eda: Lunes 5 de Noviembre de 2018 <\/b><br \/>\nHorario: De 16:00 a 21:00 horas<\/p>\n<p><b>PONENTE: <\/b><br \/>\nC\u00e9sar Fern\u00e1ndez-Cabrera Guti\u00e9rrez . Veterinario Jefe de Comarca Ganadera de la Roda. Albacete<br \/>\nVeterinario de la plaza de toros de Albacete Aspectos ecol\u00f3gicos del ganado bravo. Trashumancia.<br \/>\nReconocimientos previos a la lidia.<br \/>\nJuan Seva Alcaraz<br \/>\nProfesor Titular de la c\u00e1tedra de Anatom\u00eda Patol\u00f3gica de la facultad de veterinaria de la Universidad de Murcia.<br \/>\nVeterinario de la plaza de toros de Murcia.<\/p>\n<p>Instalaciones de la ganader\u00eda de lidia<br \/>\nT\u00e9cnicas de enfundado<br \/>\nProcesos infecciosos y parasitarios<br \/>\nGesti\u00f3n sanitaria de una explotaci\u00f3n de lidia.<br \/>\nAspectos sanitarios de la Tuberculosis y Paratuberculosis Bovina<\/p>\n<p><b>D\u00eda: Martes 6 de Noviembre de 2018 <\/b><br \/>\nHorario: De 16:00 a 21:00 horas<\/p>\n<p><b>PONENTE: <\/b><br \/>\nM\u00aa Jos\u00e9 Guardiola Flores. T\u00e9cnica Superior de Ganader\u00eda. Veterinaria de la Plaza de Toros de Albacete<\/p>\n<p>La cr\u00eda del toro de lidia: producci\u00f3n bravura Manejo, identificaci\u00f3n y reproducci\u00f3n T\u00e9cnicas de selecci\u00f3n.<\/p>\n<p><b>D\u00eda : Viernes 9 de Noviembre de 2018 <\/b><br \/>\nHorario: De 09:00 a 14:00 horas<\/p>\n<p>Visita a la explotaci\u00f3n de ganado de Lidia: GONTA DE VIVEROS SL<\/p>\n<p><a href=\"http:\/\/caudete.org\/ayuntamiento\/eniusimg\/enius146\/2018\/10\/adjuntos_fichero_98aa8b9242f73a54.pdf\" class=\"mtli_attachment mtli_pdf\" target=\"_blank\" rel=\"noopener noreferrer nofollow\">CURSO EL TORO BRAVO <\/a><\/p>\n<p><img fetchpriority=\"high\" decoding=\"async\" class=\"aligncenter size-full wp-image-6583\" src=\"http:\/\/www.caudete.org\/ayuntamiento\/wp-content\/uploads\/2020\/12\/toro1.jpg\" alt=\"\" width=\"800\" height=\"565\" srcset=\"https:\/\/www.caudete.org\/ayuntamiento\/wp-content\/uploads\/2020\/12\/toro1.jpg 800w, https:\/\/www.caudete.org\/ayuntamiento\/wp-content\/uploads\/2020\/12\/toro1-300x212.jpg 300w, https:\/\/www.caudete.org\/ayuntamiento\/wp-content\/uploads\/2020\/12\/toro1-768x542.jpg 768w\" sizes=\"(max-width: 800px) 100vw, 800px\" \/><\/p>\n<p><img decoding=\"async\" class=\"aligncenter size-full wp-image-6584\" src=\"http:\/\/www.caudete.org\/ayuntamiento\/wp-content\/uploads\/2020\/12\/toro2.jpg\" alt=\"\" width=\"800\" height=\"565\" srcset=\"https:\/\/www.caudete.org\/ayuntamiento\/wp-content\/uploads\/2020\/12\/toro2.jpg 800w, https:\/\/www.caudete.org\/ayuntamiento\/wp-content\/uploads\/2020\/12\/toro2-300x212.jpg 300w, https:\/\/www.caudete.org\/ayuntamiento\/wp-content\/uploads\/2020\/12\/toro2-768x542.jpg 768w\" sizes=\"(max-width: 800px) 100vw, 800px\" \/><\/p>\n","protected":false},"excerpt":{"rendered":"<p>DESTINATARIOS: Profesionales del sector agrario y forestal y personas del medio rural que trabajen o vayan a trabajar en estas actividades especialmente los j\u00f3venes y las mujeres. OBJETIVOS: El Toro bravo nace y se cr\u00eda en el campo, en la dehesa entre pasto, encinas y robles. Una ganader\u00eda brava posee vacas de vientre, sementales, cabestros, &hellip;<\/p>\n","protected":false},"author":1,"featured_media":6583,"comment_status":"closed","ping_status":"open","sticky":false,"template":"","format":"standard","meta":{"ngg_post_thumbnail":0,"footnotes":""},"categories":[90],"tags":[],"class_list":["post-6582","post","type-post","status-publish","format-standard","has-post-thumbnail","hentry","category-tablon-informativo-desarrollo-local"],"yoast_head":"<!-- This site is optimized with the Yoast SEO plugin v27.4 - https:\/\/yoast.com\/product\/yoast-seo-wordpress\/ -->\n<title>CURSO DE EL TORO BRAVO. Cofinanciado por el Fondo Europeo Feader. Con la colaboraci\u00f3n de Gonta de Viveros S.L. - MI Ayuntamiento de Caudete<\/title>\n<meta name=\"description\" content=\"P\u00e1gina Oficial del Ayuntamiento de Caudete (Albacete)\" \/>\n<meta name=\"robots\" content=\"index, follow, max-snippet:-1, max-image-preview:large, max-video-preview:-1\" \/>\n<link rel=\"canonical\" href=\"https:\/\/www.caudete.org\/ayuntamiento\/curso-de-el-toro-bravo-cofinanciado-por-el-fondo-europeo-feader-con-la-colaboracion-de-gonta-de-viveros-s-l\/\" \/>\n<meta property=\"og:locale\" content=\"es_ES\" \/>\n<meta property=\"og:type\" content=\"article\" \/>\n<meta property=\"og:title\" content=\"CURSO DE EL TORO BRAVO. Cofinanciado por el Fondo Europeo Feader. Con la colaboraci\u00f3n de Gonta de Viveros S.L. - MI Ayuntamiento de Caudete\" \/>\n<meta property=\"og:description\" content=\"P\u00e1gina Oficial del Ayuntamiento de Caudete (Albacete)\" \/>\n<meta property=\"og:url\" content=\"https:\/\/www.caudete.org\/ayuntamiento\/curso-de-el-toro-bravo-cofinanciado-por-el-fondo-europeo-feader-con-la-colaboracion-de-gonta-de-viveros-s-l\/\" \/>\n<meta property=\"og:site_name\" content=\"MI Ayuntamiento de Caudete\" \/>\n<meta property=\"article:publisher\" content=\"https:\/\/www.facebook.com\/ayuntamientocaudete\/\" \/>\n<meta property=\"article:published_time\" content=\"2018-11-23T20:33:41+00:00\" \/>\n<meta property=\"article:modified_time\" content=\"2020-12-15T13:03:54+00:00\" \/>\n<meta property=\"og:image\" content=\"https:\/\/www.caudete.org\/ayuntamiento\/wp-content\/uploads\/2020\/12\/toro1.jpg\" \/>\n\t<meta property=\"og:image:width\" content=\"800\" \/>\n\t<meta property=\"og:image:height\" content=\"565\" \/>\n\t<meta property=\"og:image:type\" content=\"image\/jpeg\" \/>\n<meta name=\"author\" content=\"ayun\" \/>\n<meta name=\"twitter:card\" content=\"summary_large_image\" \/>\n<meta name=\"twitter:label1\" content=\"Escrito por\" \/>\n\t<meta name=\"twitter:data1\" content=\"ayun\" \/>\n\t<meta name=\"twitter:label2\" content=\"Tiempo de lectura\" \/>\n\t<meta name=\"twitter:data2\" content=\"3 minutos\" \/>\n<script type=\"application\/ld+json\" class=\"yoast-schema-graph\">{\"@context\":\"https:\\\/\\\/schema.org\",\"@graph\":[{\"@type\":\"Article\",\"@id\":\"https:\\\/\\\/www.caudete.org\\\/ayuntamiento\\\/curso-de-el-toro-bravo-cofinanciado-por-el-fondo-europeo-feader-con-la-colaboracion-de-gonta-de-viveros-s-l\\\/#article\",\"isPartOf\":{\"@id\":\"https:\\\/\\\/www.caudete.org\\\/ayuntamiento\\\/curso-de-el-toro-bravo-cofinanciado-por-el-fondo-europeo-feader-con-la-colaboracion-de-gonta-de-viveros-s-l\\\/\"},\"author\":{\"name\":\"ayun\",\"@id\":\"https:\\\/\\\/www.caudete.org\\\/ayuntamiento\\\/#\\\/schema\\\/person\\\/79f7e19fdd176fc2bc7a289013dc2056\"},\"headline\":\"CURSO DE EL TORO BRAVO. Cofinanciado por el Fondo Europeo Feader. Con la colaboraci\u00f3n de Gonta de Viveros S.L.\",\"datePublished\":\"2018-11-23T20:33:41+00:00\",\"dateModified\":\"2020-12-15T13:03:54+00:00\",\"mainEntityOfPage\":{\"@id\":\"https:\\\/\\\/www.caudete.org\\\/ayuntamiento\\\/curso-de-el-toro-bravo-cofinanciado-por-el-fondo-europeo-feader-con-la-colaboracion-de-gonta-de-viveros-s-l\\\/\"},\"wordCount\":533,\"publisher\":{\"@id\":\"https:\\\/\\\/www.caudete.org\\\/ayuntamiento\\\/#organization\"},\"image\":{\"@id\":\"https:\\\/\\\/www.caudete.org\\\/ayuntamiento\\\/curso-de-el-toro-bravo-cofinanciado-por-el-fondo-europeo-feader-con-la-colaboracion-de-gonta-de-viveros-s-l\\\/#primaryimage\"},\"thumbnailUrl\":\"https:\\\/\\\/www.caudete.org\\\/ayuntamiento\\\/wp-content\\\/uploads\\\/2020\\\/12\\\/toro1.jpg\",\"articleSection\":[\"Tabl\u00f3n informativo (Desarrollo local)\"],\"inLanguage\":\"es\"},{\"@type\":\"WebPage\",\"@id\":\"https:\\\/\\\/www.caudete.org\\\/ayuntamiento\\\/curso-de-el-toro-bravo-cofinanciado-por-el-fondo-europeo-feader-con-la-colaboracion-de-gonta-de-viveros-s-l\\\/\",\"url\":\"https:\\\/\\\/www.caudete.org\\\/ayuntamiento\\\/curso-de-el-toro-bravo-cofinanciado-por-el-fondo-europeo-feader-con-la-colaboracion-de-gonta-de-viveros-s-l\\\/\",\"name\":\"CURSO DE EL TORO BRAVO. Cofinanciado por el Fondo Europeo Feader. Con la colaboraci\u00f3n de Gonta de Viveros S.L. - MI Ayuntamiento de Caudete\",\"isPartOf\":{\"@id\":\"https:\\\/\\\/www.caudete.org\\\/ayuntamiento\\\/#website\"},\"primaryImageOfPage\":{\"@id\":\"https:\\\/\\\/www.caudete.org\\\/ayuntamiento\\\/curso-de-el-toro-bravo-cofinanciado-por-el-fondo-europeo-feader-con-la-colaboracion-de-gonta-de-viveros-s-l\\\/#primaryimage\"},\"image\":{\"@id\":\"https:\\\/\\\/www.caudete.org\\\/ayuntamiento\\\/curso-de-el-toro-bravo-cofinanciado-por-el-fondo-europeo-feader-con-la-colaboracion-de-gonta-de-viveros-s-l\\\/#primaryimage\"},\"thumbnailUrl\":\"https:\\\/\\\/www.caudete.org\\\/ayuntamiento\\\/wp-content\\\/uploads\\\/2020\\\/12\\\/toro1.jpg\",\"datePublished\":\"2018-11-23T20:33:41+00:00\",\"dateModified\":\"2020-12-15T13:03:54+00:00\",\"description\":\"P\u00e1gina Oficial del Ayuntamiento de Caudete (Albacete)\",\"breadcrumb\":{\"@id\":\"https:\\\/\\\/www.caudete.org\\\/ayuntamiento\\\/curso-de-el-toro-bravo-cofinanciado-por-el-fondo-europeo-feader-con-la-colaboracion-de-gonta-de-viveros-s-l\\\/#breadcrumb\"},\"inLanguage\":\"es\",\"potentialAction\":[{\"@type\":\"ReadAction\",\"target\":[\"https:\\\/\\\/www.caudete.org\\\/ayuntamiento\\\/curso-de-el-toro-bravo-cofinanciado-por-el-fondo-europeo-feader-con-la-colaboracion-de-gonta-de-viveros-s-l\\\/\"]}]},{\"@type\":\"ImageObject\",\"inLanguage\":\"es\",\"@id\":\"https:\\\/\\\/www.caudete.org\\\/ayuntamiento\\\/curso-de-el-toro-bravo-cofinanciado-por-el-fondo-europeo-feader-con-la-colaboracion-de-gonta-de-viveros-s-l\\\/#primaryimage\",\"url\":\"https:\\\/\\\/www.caudete.org\\\/ayuntamiento\\\/wp-content\\\/uploads\\\/2020\\\/12\\\/toro1.jpg\",\"contentUrl\":\"https:\\\/\\\/www.caudete.org\\\/ayuntamiento\\\/wp-content\\\/uploads\\\/2020\\\/12\\\/toro1.jpg\",\"width\":800,\"height\":565},{\"@type\":\"BreadcrumbList\",\"@id\":\"https:\\\/\\\/www.caudete.org\\\/ayuntamiento\\\/curso-de-el-toro-bravo-cofinanciado-por-el-fondo-europeo-feader-con-la-colaboracion-de-gonta-de-viveros-s-l\\\/#breadcrumb\",\"itemListElement\":[{\"@type\":\"ListItem\",\"position\":1,\"name\":\"Inicio\",\"item\":\"https:\\\/\\\/www.caudete.org\\\/ayuntamiento\\\/\"},{\"@type\":\"ListItem\",\"position\":2,\"name\":\"CURSO DE EL TORO BRAVO. Cofinanciado por el Fondo Europeo Feader. Con la colaboraci\u00f3n de Gonta de Viveros S.L.\"}]},{\"@type\":\"WebSite\",\"@id\":\"https:\\\/\\\/www.caudete.org\\\/ayuntamiento\\\/#website\",\"url\":\"https:\\\/\\\/www.caudete.org\\\/ayuntamiento\\\/\",\"name\":\"MI Ayuntamiento de Caudete\",\"description\":\"P\u00e1gina Oficial del MI Ayuntamiento de Caudete\",\"publisher\":{\"@id\":\"https:\\\/\\\/www.caudete.org\\\/ayuntamiento\\\/#organization\"},\"potentialAction\":[{\"@type\":\"SearchAction\",\"target\":{\"@type\":\"EntryPoint\",\"urlTemplate\":\"https:\\\/\\\/www.caudete.org\\\/ayuntamiento\\\/?s={search_term_string}\"},\"query-input\":{\"@type\":\"PropertyValueSpecification\",\"valueRequired\":true,\"valueName\":\"search_term_string\"}}],\"inLanguage\":\"es\"},{\"@type\":\"Organization\",\"@id\":\"https:\\\/\\\/www.caudete.org\\\/ayuntamiento\\\/#organization\",\"name\":\"Ayuntamiento de Caudete\",\"url\":\"https:\\\/\\\/www.caudete.org\\\/ayuntamiento\\\/\",\"logo\":{\"@type\":\"ImageObject\",\"inLanguage\":\"es\",\"@id\":\"https:\\\/\\\/www.caudete.org\\\/ayuntamiento\\\/#\\\/schema\\\/logo\\\/image\\\/\",\"url\":\"https:\\\/\\\/www.caudete.org\\\/ayuntamiento\\\/wp-content\\\/uploads\\\/2020\\\/11\\\/logo_ayuntamiento_caudete.jpg\",\"contentUrl\":\"https:\\\/\\\/www.caudete.org\\\/ayuntamiento\\\/wp-content\\\/uploads\\\/2020\\\/11\\\/logo_ayuntamiento_caudete.jpg\",\"width\":600,\"height\":150,\"caption\":\"Ayuntamiento de Caudete\"},\"image\":{\"@id\":\"https:\\\/\\\/www.caudete.org\\\/ayuntamiento\\\/#\\\/schema\\\/logo\\\/image\\\/\"},\"sameAs\":[\"https:\\\/\\\/www.facebook.com\\\/ayuntamientocaudete\\\/\",\"https:\\\/\\\/www.youtube.com\\\/channel\\\/UC6VztHaooNsGpw-tNoBEFnQ\"]},{\"@type\":\"Person\",\"@id\":\"https:\\\/\\\/www.caudete.org\\\/ayuntamiento\\\/#\\\/schema\\\/person\\\/79f7e19fdd176fc2bc7a289013dc2056\",\"name\":\"ayun\",\"image\":{\"@type\":\"ImageObject\",\"inLanguage\":\"es\",\"@id\":\"https:\\\/\\\/secure.gravatar.com\\\/avatar\\\/4ce797ee07c943e7e592f8cd648e503e6cd571387558ed07135799c2bd2847df?s=96&d=mm&r=g\",\"url\":\"https:\\\/\\\/secure.gravatar.com\\\/avatar\\\/4ce797ee07c943e7e592f8cd648e503e6cd571387558ed07135799c2bd2847df?s=96&d=mm&r=g\",\"contentUrl\":\"https:\\\/\\\/secure.gravatar.com\\\/avatar\\\/4ce797ee07c943e7e592f8cd648e503e6cd571387558ed07135799c2bd2847df?s=96&d=mm&r=g\",\"caption\":\"ayun\"},\"sameAs\":[\"http:\\\/\\\/www.caudete.org\\\/ayuntamiento\"],\"url\":\"https:\\\/\\\/www.caudete.org\\\/ayuntamiento\\\/author\\\/ayun\\\/\"}]}<\/script>\n<!-- \/ Yoast SEO plugin. -->","yoast_head_json":{"title":"CURSO DE EL TORO BRAVO. Cofinanciado por el Fondo Europeo Feader. Con la colaboraci\u00f3n de Gonta de Viveros S.L. - MI Ayuntamiento de Caudete","description":"P\u00e1gina Oficial del Ayuntamiento de Caudete (Albacete)","robots":{"index":"index","follow":"follow","max-snippet":"max-snippet:-1","max-image-preview":"max-image-preview:large","max-video-preview":"max-video-preview:-1"},"canonical":"https:\/\/www.caudete.org\/ayuntamiento\/curso-de-el-toro-bravo-cofinanciado-por-el-fondo-europeo-feader-con-la-colaboracion-de-gonta-de-viveros-s-l\/","og_locale":"es_ES","og_type":"article","og_title":"CURSO DE EL TORO BRAVO. Cofinanciado por el Fondo Europeo Feader. Con la colaboraci\u00f3n de Gonta de Viveros S.L. - MI Ayuntamiento de Caudete","og_description":"P\u00e1gina Oficial del Ayuntamiento de Caudete (Albacete)","og_url":"https:\/\/www.caudete.org\/ayuntamiento\/curso-de-el-toro-bravo-cofinanciado-por-el-fondo-europeo-feader-con-la-colaboracion-de-gonta-de-viveros-s-l\/","og_site_name":"MI Ayuntamiento de Caudete","article_publisher":"https:\/\/www.facebook.com\/ayuntamientocaudete\/","article_published_time":"2018-11-23T20:33:41+00:00","article_modified_time":"2020-12-15T13:03:54+00:00","og_image":[{"width":800,"height":565,"url":"https:\/\/www.caudete.org\/ayuntamiento\/wp-content\/uploads\/2020\/12\/toro1.jpg","type":"image\/jpeg"}],"author":"ayun","twitter_card":"summary_large_image","twitter_misc":{"Escrito por":"ayun","Tiempo de lectura":"3 minutos"},"schema":{"@context":"https:\/\/schema.org","@graph":[{"@type":"Article","@id":"https:\/\/www.caudete.org\/ayuntamiento\/curso-de-el-toro-bravo-cofinanciado-por-el-fondo-europeo-feader-con-la-colaboracion-de-gonta-de-viveros-s-l\/#article","isPartOf":{"@id":"https:\/\/www.caudete.org\/ayuntamiento\/curso-de-el-toro-bravo-cofinanciado-por-el-fondo-europeo-feader-con-la-colaboracion-de-gonta-de-viveros-s-l\/"},"author":{"name":"ayun","@id":"https:\/\/www.caudete.org\/ayuntamiento\/#\/schema\/person\/79f7e19fdd176fc2bc7a289013dc2056"},"headline":"CURSO DE EL TORO BRAVO. Cofinanciado por el Fondo Europeo Feader. Con la colaboraci\u00f3n de Gonta de Viveros S.L.","datePublished":"2018-11-23T20:33:41+00:00","dateModified":"2020-12-15T13:03:54+00:00","mainEntityOfPage":{"@id":"https:\/\/www.caudete.org\/ayuntamiento\/curso-de-el-toro-bravo-cofinanciado-por-el-fondo-europeo-feader-con-la-colaboracion-de-gonta-de-viveros-s-l\/"},"wordCount":533,"publisher":{"@id":"https:\/\/www.caudete.org\/ayuntamiento\/#organization"},"image":{"@id":"https:\/\/www.caudete.org\/ayuntamiento\/curso-de-el-toro-bravo-cofinanciado-por-el-fondo-europeo-feader-con-la-colaboracion-de-gonta-de-viveros-s-l\/#primaryimage"},"thumbnailUrl":"https:\/\/www.caudete.org\/ayuntamiento\/wp-content\/uploads\/2020\/12\/toro1.jpg","articleSection":["Tabl\u00f3n informativo (Desarrollo local)"],"inLanguage":"es"},{"@type":"WebPage","@id":"https:\/\/www.caudete.org\/ayuntamiento\/curso-de-el-toro-bravo-cofinanciado-por-el-fondo-europeo-feader-con-la-colaboracion-de-gonta-de-viveros-s-l\/","url":"https:\/\/www.caudete.org\/ayuntamiento\/curso-de-el-toro-bravo-cofinanciado-por-el-fondo-europeo-feader-con-la-colaboracion-de-gonta-de-viveros-s-l\/","name":"CURSO DE EL TORO BRAVO. Cofinanciado por el Fondo Europeo Feader. Con la colaboraci\u00f3n de Gonta de Viveros S.L. - MI Ayuntamiento de Caudete","isPartOf":{"@id":"https:\/\/www.caudete.org\/ayuntamiento\/#website"},"primaryImageOfPage":{"@id":"https:\/\/www.caudete.org\/ayuntamiento\/curso-de-el-toro-bravo-cofinanciado-por-el-fondo-europeo-feader-con-la-colaboracion-de-gonta-de-viveros-s-l\/#primaryimage"},"image":{"@id":"https:\/\/www.caudete.org\/ayuntamiento\/curso-de-el-toro-bravo-cofinanciado-por-el-fondo-europeo-feader-con-la-colaboracion-de-gonta-de-viveros-s-l\/#primaryimage"},"thumbnailUrl":"https:\/\/www.caudete.org\/ayuntamiento\/wp-content\/uploads\/2020\/12\/toro1.jpg","datePublished":"2018-11-23T20:33:41+00:00","dateModified":"2020-12-15T13:03:54+00:00","description":"P\u00e1gina Oficial del Ayuntamiento de Caudete (Albacete)","breadcrumb":{"@id":"https:\/\/www.caudete.org\/ayuntamiento\/curso-de-el-toro-bravo-cofinanciado-por-el-fondo-europeo-feader-con-la-colaboracion-de-gonta-de-viveros-s-l\/#breadcrumb"},"inLanguage":"es","potentialAction":[{"@type":"ReadAction","target":["https:\/\/www.caudete.org\/ayuntamiento\/curso-de-el-toro-bravo-cofinanciado-por-el-fondo-europeo-feader-con-la-colaboracion-de-gonta-de-viveros-s-l\/"]}]},{"@type":"ImageObject","inLanguage":"es","@id":"https:\/\/www.caudete.org\/ayuntamiento\/curso-de-el-toro-bravo-cofinanciado-por-el-fondo-europeo-feader-con-la-colaboracion-de-gonta-de-viveros-s-l\/#primaryimage","url":"https:\/\/www.caudete.org\/ayuntamiento\/wp-content\/uploads\/2020\/12\/toro1.jpg","contentUrl":"https:\/\/www.caudete.org\/ayuntamiento\/wp-content\/uploads\/2020\/12\/toro1.jpg","width":800,"height":565},{"@type":"BreadcrumbList","@id":"https:\/\/www.caudete.org\/ayuntamiento\/curso-de-el-toro-bravo-cofinanciado-por-el-fondo-europeo-feader-con-la-colaboracion-de-gonta-de-viveros-s-l\/#breadcrumb","itemListElement":[{"@type":"ListItem","position":1,"name":"Inicio","item":"https:\/\/www.caudete.org\/ayuntamiento\/"},{"@type":"ListItem","position":2,"name":"CURSO DE EL TORO BRAVO. Cofinanciado por el Fondo Europeo Feader. Con la colaboraci\u00f3n de Gonta de Viveros S.L."}]},{"@type":"WebSite","@id":"https:\/\/www.caudete.org\/ayuntamiento\/#website","url":"https:\/\/www.caudete.org\/ayuntamiento\/","name":"MI Ayuntamiento de Caudete","description":"P\u00e1gina Oficial del MI Ayuntamiento de Caudete","publisher":{"@id":"https:\/\/www.caudete.org\/ayuntamiento\/#organization"},"potentialAction":[{"@type":"SearchAction","target":{"@type":"EntryPoint","urlTemplate":"https:\/\/www.caudete.org\/ayuntamiento\/?s={search_term_string}"},"query-input":{"@type":"PropertyValueSpecification","valueRequired":true,"valueName":"search_term_string"}}],"inLanguage":"es"},{"@type":"Organization","@id":"https:\/\/www.caudete.org\/ayuntamiento\/#organization","name":"Ayuntamiento de Caudete","url":"https:\/\/www.caudete.org\/ayuntamiento\/","logo":{"@type":"ImageObject","inLanguage":"es","@id":"https:\/\/www.caudete.org\/ayuntamiento\/#\/schema\/logo\/image\/","url":"https:\/\/www.caudete.org\/ayuntamiento\/wp-content\/uploads\/2020\/11\/logo_ayuntamiento_caudete.jpg","contentUrl":"https:\/\/www.caudete.org\/ayuntamiento\/wp-content\/uploads\/2020\/11\/logo_ayuntamiento_caudete.jpg","width":600,"height":150,"caption":"Ayuntamiento de Caudete"},"image":{"@id":"https:\/\/www.caudete.org\/ayuntamiento\/#\/schema\/logo\/image\/"},"sameAs":["https:\/\/www.facebook.com\/ayuntamientocaudete\/","https:\/\/www.youtube.com\/channel\/UC6VztHaooNsGpw-tNoBEFnQ"]},{"@type":"Person","@id":"https:\/\/www.caudete.org\/ayuntamiento\/#\/schema\/person\/79f7e19fdd176fc2bc7a289013dc2056","name":"ayun","image":{"@type":"ImageObject","inLanguage":"es","@id":"https:\/\/secure.gravatar.com\/avatar\/4ce797ee07c943e7e592f8cd648e503e6cd571387558ed07135799c2bd2847df?s=96&d=mm&r=g","url":"https:\/\/secure.gravatar.com\/avatar\/4ce797ee07c943e7e592f8cd648e503e6cd571387558ed07135799c2bd2847df?s=96&d=mm&r=g","contentUrl":"https:\/\/secure.gravatar.com\/avatar\/4ce797ee07c943e7e592f8cd648e503e6cd571387558ed07135799c2bd2847df?s=96&d=mm&r=g","caption":"ayun"},"sameAs":["http:\/\/www.caudete.org\/ayuntamiento"],"url":"https:\/\/www.caudete.org\/ayuntamiento\/author\/ayun\/"}]}},"_links":{"self":[{"href":"https:\/\/www.caudete.org\/ayuntamiento\/wp-json\/wp\/v2\/posts\/6582","targetHints":{"allow":["GET"]}}],"collection":[{"href":"https:\/\/www.caudete.org\/ayuntamiento\/wp-json\/wp\/v2\/posts"}],"about":[{"href":"https:\/\/www.caudete.org\/ayuntamiento\/wp-json\/wp\/v2\/types\/post"}],"author":[{"embeddable":true,"href":"https:\/\/www.caudete.org\/ayuntamiento\/wp-json\/wp\/v2\/users\/1"}],"replies":[{"embeddable":true,"href":"https:\/\/www.caudete.org\/ayuntamiento\/wp-json\/wp\/v2\/comments?post=6582"}],"version-history":[{"count":2,"href":"https:\/\/www.caudete.org\/ayuntamiento\/wp-json\/wp\/v2\/posts\/6582\/revisions"}],"predecessor-version":[{"id":9767,"href":"https:\/\/www.caudete.org\/ayuntamiento\/wp-json\/wp\/v2\/posts\/6582\/revisions\/9767"}],"wp:featuredmedia":[{"embeddable":true,"href":"https:\/\/www.caudete.org\/ayuntamiento\/wp-json\/wp\/v2\/media\/6583"}],"wp:attachment":[{"href":"https:\/\/www.caudete.org\/ayuntamiento\/wp-json\/wp\/v2\/media?parent=6582"}],"wp:term":[{"taxonomy":"category","embeddable":true,"href":"https:\/\/www.caudete.org\/ayuntamiento\/wp-json\/wp\/v2\/categories?post=6582"},{"taxonomy":"post_tag","embeddable":true,"href":"https:\/\/www.caudete.org\/ayuntamiento\/wp-json\/wp\/v2\/tags?post=6582"}],"curies":[{"name":"wp","href":"https:\/\/api.w.org\/{rel}","templated":true}]}}